{"id":13580,"date":"2014-01-13T09:00:00","date_gmt":"2014-01-13T08:00:00","guid":{"rendered":"https:\/\/www.gold.fr\/news\/?p=13580"},"modified":"2017-11-02T11:32:29","modified_gmt":"2017-11-02T10:32:29","slug":"des-investisseurs-mefiants-en-depit-de-la-conjoncture","status":"publish","type":"post","link":"https:\/\/www.gold.fr\/news\/2014\/01\/13\/des-investisseurs-mefiants-en-depit-de-la-conjoncture\/","title":{"rendered":"Des investisseurs m\u00e9fiants, en d\u00e9pit de la conjoncture"},"content":{"rendered":"<p><img loading=\"lazy\" decoding=\"async\" class=\"alignleft size-thumbnail wp-image-7585\" title=\"Des investisseurs m\u00e9fiants, en d\u00e9pit de la conjoncture\" src=\"https:\/\/www.gold.fr\/news\/wp-content\/uploads\/2012\/05\/or-monnaie-150x150.jpg\" alt=\"\" width=\"150\" height=\"150\" \/><span style=\"font-size: small;\">La conjoncture \u00e9conomique est largement favorable \u00e0 une envol\u00e9e des march\u00e9s financiers internationaux, et les derniers chiffres confirment bien une flamb\u00e9e relative. Pourtant, la hausse en question est loin de correspondre \u00e0 l\u2019euphorie escompt\u00e9e par les experts. Pourquoi\u00a0? Plusieurs explications sont \u00e0 consid\u00e9rer.<\/span>    <span style=\"font-size: small;\"> Pour <a title=\"L\u2019\u00e9conomie euro au beau fixe\u2026en attendant la BCE\" href=\"https:\/\/www.gold.fr\/news\/2014\/01\/09\/leconomie-euro-au-beau-fixeen-attendant-la-bce\/13570\/\" target=\"_blank\">le bloc euro<\/a>, il s\u2019agirait, selon les analystes, d\u2019une prudence justifi\u00e9e de la part des op\u00e9rateurs, en attendant d\u2019\u00e9valuer les cons\u00e9quences et impacts des \u00e9v\u00e8nements et rendez-vous \u00e9conomiques d\u2019une semaine excessivement charg\u00e9e.\u00a0 <strong>Michael Gayed<\/strong> du groupe <strong>Pension Partners<\/strong> rappelle, \u00e0 ce sujet, que \u00ab\u00a0<em>les derniers jours de d\u00e9cembre (2013) sont historiquement plut\u00f4t bons sur le march\u00e9 am\u00e9ricain des actions<\/em>\u00a0\u00bb. Le sc\u00e9nario de \u00ab<em>\u00a0l&rsquo;histoire qui se r\u00e9p\u00e8te\u00a0<\/em>\u00bb justifie, selon lui, la prudence des investisseurs.<\/span>    <span style=\"font-size: small;\"> Il est contredit, dans cette analyse, par son homologue du groupe <strong>Wedbush Securities<\/strong>, Michael James, qui estime que, \u00ab\u00a0<em>dans la mesure o\u00f9 on a d\u00e9j\u00e0 eu une tr\u00e8s bonne ann\u00e9e, avec un march\u00e9 en hausse de plus de <strong>25%<\/strong>, et que deux \u00e9l\u00e9ments potentiellement sources d&rsquo;incertitudes ont \u00e9t\u00e9 r\u00e9gl\u00e9s, \u00e0 savoir l&rsquo;annonce par la <strong>Fed<\/strong> du d\u00e9but du ralentissement de son soutien \u00e0 l&rsquo;\u00e9conomie et l&rsquo;accord sur le budget atteint il y a deux semaines, pourquoi ne pas continuer \u00e0 monter ?<\/em>\u00a0\u00bb.<\/span>    <span style=\"font-size: small;\"><strong> Gayed<\/strong> souligne n\u00e9anmoins que les op\u00e9rateurs se m\u00e9fient justement de cette \u00ab\u00a0<em>remont\u00e9e trop rapide<\/em>\u00a0\u00bb, rappelant que seule une hausse\u00a0graduelle traduirait une r\u00e9elle reprise des \u00e9conomies majeures.<\/span><\/p>\n<!-- AddThis Advanced Settings generic via filter on the_content --><!-- AddThis Share Buttons generic via filter on the_content -->","protected":false},"excerpt":{"rendered":"<p>La conjoncture \u00e9conomique est largement favorable \u00e0 une envol\u00e9e des march\u00e9s financiers internationaux, et les derniers chiffres confirment bien une flamb\u00e9e relative. Pourtant, la hausse en question est loin de correspondre \u00e0 l\u2019euphorie escompt\u00e9e par les [&hellip;]<\/p>\n","protected":false},"author":18,"featured_media":7585,"comment_status":"open","ping_status":"open","sticky":false,"template":"","format":"standard","meta":{"_mbp_gutenberg_autopost":false,"_pgmb_is_evergreen":false,"_pgmb_ap_template_id":0,"footnotes":""},"categories":[6],"tags":[144,1729,1728,1410],"ppma_author":[2565],"class_list":["post-13580","post","type-post","status-publish","format-standard","has-post-thumbnail","hentry","category-articles-de-presse","tag-fed","tag-investisseurs","tag-marche-americain","tag-marches-financiers"],"yoast_head":"<!-- This site is optimized with the Yoast SEO plugin v27.5 - https:\/\/yoast.com\/product\/yoast-seo-wordpress\/ -->\n<title>Des investisseurs m\u00e9fiants, en d\u00e9pit de la conjoncture - Gold.fr<\/title>\n<meta name=\"robots\" content=\"index, follow, max-snippet:-1, max-image-preview:large, max-video-preview:-1\" \/>\n<link rel=\"canonical\" href=\"https:\/\/www.gold.fr\/news\/2014\/01\/13\/des-investisseurs-mefiants-en-depit-de-la-conjoncture\/\" \/>\n<meta property=\"og:locale\" content=\"fr_FR\" \/>\n<meta property=\"og:type\" content=\"article\" \/>\n<meta property=\"og:title\" content=\"Des investisseurs m\u00e9fiants, en d\u00e9pit de la conjoncture - Gold.fr\" \/>\n<meta property=\"og:description\" content=\"La conjoncture \u00e9conomique est largement favorable \u00e0 une envol\u00e9e des march\u00e9s financiers internationaux, et les derniers chiffres confirment bien une flamb\u00e9e relative. Pourtant, la hausse en question est loin de correspondre \u00e0 l\u2019euphorie escompt\u00e9e par les [&hellip;]\" \/>\n<meta property=\"og:url\" content=\"https:\/\/www.gold.fr\/news\/2014\/01\/13\/des-investisseurs-mefiants-en-depit-de-la-conjoncture\/\" \/>\n<meta property=\"og:site_name\" content=\"Gold.fr\" \/>\n<meta property=\"article:publisher\" content=\"https:\/\/www.facebook.com\/Goldfr\/\" \/>\n<meta property=\"article:published_time\" content=\"2014-01-13T08:00:00+00:00\" \/>\n<meta property=\"article:modified_time\" content=\"2017-11-02T10:32:29+00:00\" \/>\n<meta property=\"og:image\" content=\"https:\/\/www.gold.fr\/news\/wp-content\/uploads\/2012\/05\/or-monnaie.jpg\" \/>\n\t<meta property=\"og:image:width\" content=\"733\" \/>\n\t<meta property=\"og:image:height\" content=\"400\" \/>\n\t<meta property=\"og:image:type\" content=\"image\/jpeg\" \/>\n<meta name=\"author\" content=\"Comptoir National de l&#039;Or\" \/>\n<meta name=\"twitter:card\" content=\"summary_large_image\" \/>\n<meta name=\"twitter:label1\" content=\"\u00c9crit par\" \/>\n\t<meta name=\"twitter:data1\" content=\"Comptoir National de l&#039;Or\" \/>\n\t<meta name=\"twitter:label2\" content=\"Dur\u00e9e de lecture estim\u00e9e\" \/>\n\t<meta name=\"twitter:data2\" content=\"1 minute\" \/>\n<script type=\"application\/ld+json\" class=\"yoast-schema-graph\">{\"@context\":\"https:\\\/\\\/schema.org\",\"@graph\":[{\"@type\":\"Article\",\"@id\":\"https:\\\/\\\/www.gold.fr\\\/news\\\/2014\\\/01\\\/13\\\/des-investisseurs-mefiants-en-depit-de-la-conjoncture\\\/#article\",\"isPartOf\":{\"@id\":\"https:\\\/\\\/www.gold.fr\\\/news\\\/2014\\\/01\\\/13\\\/des-investisseurs-mefiants-en-depit-de-la-conjoncture\\\/\"},\"author\":{\"name\":\"Comptoir National de l'Or\",\"@id\":\"https:\\\/\\\/www.gold.fr\\\/news\\\/#\\\/schema\\\/person\\\/070491b4b4fb7671bf59b3be20302ce9\"},\"headline\":\"Des investisseurs m\u00e9fiants, en d\u00e9pit de la conjoncture\",\"datePublished\":\"2014-01-13T08:00:00+00:00\",\"dateModified\":\"2017-11-02T10:32:29+00:00\",\"mainEntityOfPage\":{\"@id\":\"https:\\\/\\\/www.gold.fr\\\/news\\\/2014\\\/01\\\/13\\\/des-investisseurs-mefiants-en-depit-de-la-conjoncture\\\/\"},\"wordCount\":264,\"commentCount\":0,\"image\":{\"@id\":\"https:\\\/\\\/www.gold.fr\\\/news\\\/2014\\\/01\\\/13\\\/des-investisseurs-mefiants-en-depit-de-la-conjoncture\\\/#primaryimage\"},\"thumbnailUrl\":\"https:\\\/\\\/www.gold.fr\\\/news\\\/wp-content\\\/uploads\\\/2012\\\/05\\\/or-monnaie.jpg\",\"keywords\":[\"fed\",\"investisseurs\",\"march\u00e9 am\u00e9ricain\",\"march\u00e9s financiers\"],\"articleSection\":[\"Articles de presse\"],\"inLanguage\":\"fr-FR\"},{\"@type\":\"WebPage\",\"@id\":\"https:\\\/\\\/www.gold.fr\\\/news\\\/2014\\\/01\\\/13\\\/des-investisseurs-mefiants-en-depit-de-la-conjoncture\\\/\",\"url\":\"https:\\\/\\\/www.gold.fr\\\/news\\\/2014\\\/01\\\/13\\\/des-investisseurs-mefiants-en-depit-de-la-conjoncture\\\/\",\"name\":\"Des investisseurs m\u00e9fiants, en d\u00e9pit de la conjoncture - Gold.fr\",\"isPartOf\":{\"@id\":\"https:\\\/\\\/www.gold.fr\\\/news\\\/#website\"},\"primaryImageOfPage\":{\"@id\":\"https:\\\/\\\/www.gold.fr\\\/news\\\/2014\\\/01\\\/13\\\/des-investisseurs-mefiants-en-depit-de-la-conjoncture\\\/#primaryimage\"},\"image\":{\"@id\":\"https:\\\/\\\/www.gold.fr\\\/news\\\/2014\\\/01\\\/13\\\/des-investisseurs-mefiants-en-depit-de-la-conjoncture\\\/#primaryimage\"},\"thumbnailUrl\":\"https:\\\/\\\/www.gold.fr\\\/news\\\/wp-content\\\/uploads\\\/2012\\\/05\\\/or-monnaie.jpg\",\"datePublished\":\"2014-01-13T08:00:00+00:00\",\"dateModified\":\"2017-11-02T10:32:29+00:00\",\"author\":{\"@id\":\"https:\\\/\\\/www.gold.fr\\\/news\\\/#\\\/schema\\\/person\\\/070491b4b4fb7671bf59b3be20302ce9\"},\"breadcrumb\":{\"@id\":\"https:\\\/\\\/www.gold.fr\\\/news\\\/2014\\\/01\\\/13\\\/des-investisseurs-mefiants-en-depit-de-la-conjoncture\\\/#breadcrumb\"},\"inLanguage\":\"fr-FR\",\"potentialAction\":[{\"@type\":\"ReadAction\",\"target\":[\"https:\\\/\\\/www.gold.fr\\\/news\\\/2014\\\/01\\\/13\\\/des-investisseurs-mefiants-en-depit-de-la-conjoncture\\\/\"]}]},{\"@type\":\"ImageObject\",\"inLanguage\":\"fr-FR\",\"@id\":\"https:\\\/\\\/www.gold.fr\\\/news\\\/2014\\\/01\\\/13\\\/des-investisseurs-mefiants-en-depit-de-la-conjoncture\\\/#primaryimage\",\"url\":\"https:\\\/\\\/www.gold.fr\\\/news\\\/wp-content\\\/uploads\\\/2012\\\/05\\\/or-monnaie.jpg\",\"contentUrl\":\"https:\\\/\\\/www.gold.fr\\\/news\\\/wp-content\\\/uploads\\\/2012\\\/05\\\/or-monnaie.jpg\",\"width\":\"733\",\"height\":\"400\",\"caption\":\"March\u00e9s : En mode \u2018gestion de secousses\u2019\"},{\"@type\":\"BreadcrumbList\",\"@id\":\"https:\\\/\\\/www.gold.fr\\\/news\\\/2014\\\/01\\\/13\\\/des-investisseurs-mefiants-en-depit-de-la-conjoncture\\\/#breadcrumb\",\"itemListElement\":[{\"@type\":\"ListItem\",\"position\":1,\"name\":\"Accueil\",\"item\":\"https:\\\/\\\/www.gold.fr\\\/\"},{\"@type\":\"ListItem\",\"position\":2,\"name\":\"Actualit\u00e9s\",\"item\":\"https:\\\/\\\/www.gold.fr\\\/news\\\/\"},{\"@type\":\"ListItem\",\"position\":3,\"name\":\"Des investisseurs m\u00e9fiants, en d\u00e9pit de la conjoncture\"}]},{\"@type\":\"WebSite\",\"@id\":\"https:\\\/\\\/www.gold.fr\\\/news\\\/#website\",\"url\":\"https:\\\/\\\/www.gold.fr\\\/news\\\/\",\"name\":\"Gold.fr\",\"description\":\"Actualit\u00e9s de l&#039;Or et des m\u00e9taux pr\u00e9cieux\",\"potentialAction\":[{\"@type\":\"SearchAction\",\"target\":{\"@type\":\"EntryPoint\",\"urlTemplate\":\"https:\\\/\\\/www.gold.fr\\\/news\\\/?s={search_term_string}\"},\"query-input\":{\"@type\":\"PropertyValueSpecification\",\"valueRequired\":true,\"valueName\":\"search_term_string\"}}],\"inLanguage\":\"fr-FR\"},{\"@type\":\"Person\",\"@id\":\"https:\\\/\\\/www.gold.fr\\\/news\\\/#\\\/schema\\\/person\\\/070491b4b4fb7671bf59b3be20302ce9\",\"name\":\"Comptoir National de l'Or\",\"image\":{\"@type\":\"ImageObject\",\"inLanguage\":\"fr-FR\",\"@id\":\"https:\\\/\\\/secure.gravatar.com\\\/avatar\\\/0a2867fd5abe37bed95d5a65e9d58f01756e11efc68af9888dfc50cfa7f65948?s=96&d=mm&r=gb490554db0a38188709de567aa58480d\",\"url\":\"https:\\\/\\\/secure.gravatar.com\\\/avatar\\\/0a2867fd5abe37bed95d5a65e9d58f01756e11efc68af9888dfc50cfa7f65948?s=96&d=mm&r=g\",\"contentUrl\":\"https:\\\/\\\/secure.gravatar.com\\\/avatar\\\/0a2867fd5abe37bed95d5a65e9d58f01756e11efc68af9888dfc50cfa7f65948?s=96&d=mm&r=g\",\"caption\":\"Comptoir National de l'Or\"},\"description\":\"Notre r\u00e9daction est constitu\u00e9e de membres experts dans les m\u00e9tiers de l'\u00e9conomie et la gestion, des Responsables d'agence Comptoir National de l'Or, des analystes financiers qui publient r\u00e9guli\u00e8rement des \u00e9tudes sur les politiques des banques centrales, le cours de l'or, prix de l'or, cours de l'argent, prix de l'argent, cours du platine, cours du palladium,... la situation en zone euro et l'impact de la strat\u00e9gie mon\u00e9taire de la FED. Notre \u00e9quipe scrute \u00e9galement une information plus g\u00e9n\u00e9raliste \u00e0 la recherche d'actualit\u00e9 \\\"p\u00e9pite\\\" \u00e0 vous partager. Depuis 5 ans, nous avons publi\u00e9 un peu plus de 4000 articles qui s'adressent \u00e0 un public large et vari\u00e9 ayant pour objectif de satisfaire votre curiosit\u00e9 et de partager avec vous une certaine fascination pour le m\u00e9tal jaune, le rachat d'or, et pour ceux qui veulent investir dans l'or, vendre leur or tout simplement en savoir plus... Pour tous vos achat or et argent, n'h\u00e9sitez pas \u00e0 prendre rendez-vous dans l'un de nos nombreux comptoirs.\",\"sameAs\":[\"https:\\\/\\\/www.gold.fr\"]}]}<\/script>\n<!-- \/ Yoast SEO plugin. -->","yoast_head_json":{"title":"Des investisseurs m\u00e9fiants, en d\u00e9pit de la conjoncture - Gold.fr","robots":{"index":"index","follow":"follow","max-snippet":"max-snippet:-1","max-image-preview":"max-image-preview:large","max-video-preview":"max-video-preview:-1"},"canonical":"https:\/\/www.gold.fr\/news\/2014\/01\/13\/des-investisseurs-mefiants-en-depit-de-la-conjoncture\/","og_locale":"fr_FR","og_type":"article","og_title":"Des investisseurs m\u00e9fiants, en d\u00e9pit de la conjoncture - Gold.fr","og_description":"La conjoncture \u00e9conomique est largement favorable \u00e0 une envol\u00e9e des march\u00e9s financiers internationaux, et les derniers chiffres confirment bien une flamb\u00e9e relative. Pourtant, la hausse en question est loin de correspondre \u00e0 l\u2019euphorie escompt\u00e9e par les [&hellip;]","og_url":"https:\/\/www.gold.fr\/news\/2014\/01\/13\/des-investisseurs-mefiants-en-depit-de-la-conjoncture\/","og_site_name":"Gold.fr","article_publisher":"https:\/\/www.facebook.com\/Goldfr\/","article_published_time":"2014-01-13T08:00:00+00:00","article_modified_time":"2017-11-02T10:32:29+00:00","og_image":[{"width":733,"height":400,"url":"https:\/\/www.gold.fr\/news\/wp-content\/uploads\/2012\/05\/or-monnaie.jpg","type":"image\/jpeg"}],"author":"Comptoir National de l'Or","twitter_card":"summary_large_image","twitter_misc":{"\u00c9crit par":"Comptoir National de l'Or","Dur\u00e9e de lecture estim\u00e9e":"1 minute"},"schema":{"@context":"https:\/\/schema.org","@graph":[{"@type":"Article","@id":"https:\/\/www.gold.fr\/news\/2014\/01\/13\/des-investisseurs-mefiants-en-depit-de-la-conjoncture\/#article","isPartOf":{"@id":"https:\/\/www.gold.fr\/news\/2014\/01\/13\/des-investisseurs-mefiants-en-depit-de-la-conjoncture\/"},"author":{"name":"Comptoir National de l'Or","@id":"https:\/\/www.gold.fr\/news\/#\/schema\/person\/070491b4b4fb7671bf59b3be20302ce9"},"headline":"Des investisseurs m\u00e9fiants, en d\u00e9pit de la conjoncture","datePublished":"2014-01-13T08:00:00+00:00","dateModified":"2017-11-02T10:32:29+00:00","mainEntityOfPage":{"@id":"https:\/\/www.gold.fr\/news\/2014\/01\/13\/des-investisseurs-mefiants-en-depit-de-la-conjoncture\/"},"wordCount":264,"commentCount":0,"image":{"@id":"https:\/\/www.gold.fr\/news\/2014\/01\/13\/des-investisseurs-mefiants-en-depit-de-la-conjoncture\/#primaryimage"},"thumbnailUrl":"https:\/\/www.gold.fr\/news\/wp-content\/uploads\/2012\/05\/or-monnaie.jpg","keywords":["fed","investisseurs","march\u00e9 am\u00e9ricain","march\u00e9s financiers"],"articleSection":["Articles de presse"],"inLanguage":"fr-FR"},{"@type":"WebPage","@id":"https:\/\/www.gold.fr\/news\/2014\/01\/13\/des-investisseurs-mefiants-en-depit-de-la-conjoncture\/","url":"https:\/\/www.gold.fr\/news\/2014\/01\/13\/des-investisseurs-mefiants-en-depit-de-la-conjoncture\/","name":"Des investisseurs m\u00e9fiants, en d\u00e9pit de la conjoncture - Gold.fr","isPartOf":{"@id":"https:\/\/www.gold.fr\/news\/#website"},"primaryImageOfPage":{"@id":"https:\/\/www.gold.fr\/news\/2014\/01\/13\/des-investisseurs-mefiants-en-depit-de-la-conjoncture\/#primaryimage"},"image":{"@id":"https:\/\/www.gold.fr\/news\/2014\/01\/13\/des-investisseurs-mefiants-en-depit-de-la-conjoncture\/#primaryimage"},"thumbnailUrl":"https:\/\/www.gold.fr\/news\/wp-content\/uploads\/2012\/05\/or-monnaie.jpg","datePublished":"2014-01-13T08:00:00+00:00","dateModified":"2017-11-02T10:32:29+00:00","author":{"@id":"https:\/\/www.gold.fr\/news\/#\/schema\/person\/070491b4b4fb7671bf59b3be20302ce9"},"breadcrumb":{"@id":"https:\/\/www.gold.fr\/news\/2014\/01\/13\/des-investisseurs-mefiants-en-depit-de-la-conjoncture\/#breadcrumb"},"inLanguage":"fr-FR","potentialAction":[{"@type":"ReadAction","target":["https:\/\/www.gold.fr\/news\/2014\/01\/13\/des-investisseurs-mefiants-en-depit-de-la-conjoncture\/"]}]},{"@type":"ImageObject","inLanguage":"fr-FR","@id":"https:\/\/www.gold.fr\/news\/2014\/01\/13\/des-investisseurs-mefiants-en-depit-de-la-conjoncture\/#primaryimage","url":"https:\/\/www.gold.fr\/news\/wp-content\/uploads\/2012\/05\/or-monnaie.jpg","contentUrl":"https:\/\/www.gold.fr\/news\/wp-content\/uploads\/2012\/05\/or-monnaie.jpg","width":"733","height":"400","caption":"March\u00e9s : En mode \u2018gestion de secousses\u2019"},{"@type":"BreadcrumbList","@id":"https:\/\/www.gold.fr\/news\/2014\/01\/13\/des-investisseurs-mefiants-en-depit-de-la-conjoncture\/#breadcrumb","itemListElement":[{"@type":"ListItem","position":1,"name":"Accueil","item":"https:\/\/www.gold.fr\/"},{"@type":"ListItem","position":2,"name":"Actualit\u00e9s","item":"https:\/\/www.gold.fr\/news\/"},{"@type":"ListItem","position":3,"name":"Des investisseurs m\u00e9fiants, en d\u00e9pit de la conjoncture"}]},{"@type":"WebSite","@id":"https:\/\/www.gold.fr\/news\/#website","url":"https:\/\/www.gold.fr\/news\/","name":"Gold.fr","description":"Actualit\u00e9s de l&#039;Or et des m\u00e9taux pr\u00e9cieux","potentialAction":[{"@type":"SearchAction","target":{"@type":"EntryPoint","urlTemplate":"https:\/\/www.gold.fr\/news\/?s={search_term_string}"},"query-input":{"@type":"PropertyValueSpecification","valueRequired":true,"valueName":"search_term_string"}}],"inLanguage":"fr-FR"},{"@type":"Person","@id":"https:\/\/www.gold.fr\/news\/#\/schema\/person\/070491b4b4fb7671bf59b3be20302ce9","name":"Comptoir National de l'Or","image":{"@type":"ImageObject","inLanguage":"fr-FR","@id":"https:\/\/secure.gravatar.com\/avatar\/0a2867fd5abe37bed95d5a65e9d58f01756e11efc68af9888dfc50cfa7f65948?s=96&d=mm&r=gb490554db0a38188709de567aa58480d","url":"https:\/\/secure.gravatar.com\/avatar\/0a2867fd5abe37bed95d5a65e9d58f01756e11efc68af9888dfc50cfa7f65948?s=96&d=mm&r=g","contentUrl":"https:\/\/secure.gravatar.com\/avatar\/0a2867fd5abe37bed95d5a65e9d58f01756e11efc68af9888dfc50cfa7f65948?s=96&d=mm&r=g","caption":"Comptoir National de l'Or"},"description":"Notre r\u00e9daction est constitu\u00e9e de membres experts dans les m\u00e9tiers de l'\u00e9conomie et la gestion, des Responsables d'agence Comptoir National de l'Or, des analystes financiers qui publient r\u00e9guli\u00e8rement des \u00e9tudes sur les politiques des banques centrales, le cours de l'or, prix de l'or, cours de l'argent, prix de l'argent, cours du platine, cours du palladium,... la situation en zone euro et l'impact de la strat\u00e9gie mon\u00e9taire de la FED. Notre \u00e9quipe scrute \u00e9galement une information plus g\u00e9n\u00e9raliste \u00e0 la recherche d'actualit\u00e9 \"p\u00e9pite\" \u00e0 vous partager. Depuis 5 ans, nous avons publi\u00e9 un peu plus de 4000 articles qui s'adressent \u00e0 un public large et vari\u00e9 ayant pour objectif de satisfaire votre curiosit\u00e9 et de partager avec vous une certaine fascination pour le m\u00e9tal jaune, le rachat d'or, et pour ceux qui veulent investir dans l'or, vendre leur or tout simplement en savoir plus... Pour tous vos achat or et argent, n'h\u00e9sitez pas \u00e0 prendre rendez-vous dans l'un de nos nombreux comptoirs.","sameAs":["https:\/\/www.gold.fr"]}]}},"authors":[{"term_id":2565,"user_id":18,"is_guest":0,"slug":"julie","display_name":"Comptoir National de l'Or","avatar_url":"https:\/\/secure.gravatar.com\/avatar\/713f289e398d35ead876c4a4cc08607f0d6d266058cfc25683fffb6092d0e572?s=96&d=mm&r=g","0":null,"1":"","2":"","3":"","4":"","5":"","6":"","7":"","8":""}],"_links":{"self":[{"href":"https:\/\/www.gold.fr\/news\/wp-json\/wp\/v2\/posts\/13580","targetHints":{"allow":["GET"]}}],"collection":[{"href":"https:\/\/www.gold.fr\/news\/wp-json\/wp\/v2\/posts"}],"about":[{"href":"https:\/\/www.gold.fr\/news\/wp-json\/wp\/v2\/types\/post"}],"author":[{"embeddable":true,"href":"https:\/\/www.gold.fr\/news\/wp-json\/wp\/v2\/users\/18"}],"replies":[{"embeddable":true,"href":"https:\/\/www.gold.fr\/news\/wp-json\/wp\/v2\/comments?post=13580"}],"version-history":[{"count":0,"href":"https:\/\/www.gold.fr\/news\/wp-json\/wp\/v2\/posts\/13580\/revisions"}],"wp:featuredmedia":[{"embeddable":true,"href":"https:\/\/www.gold.fr\/news\/wp-json\/wp\/v2\/media\/7585"}],"wp:attachment":[{"href":"https:\/\/www.gold.fr\/news\/wp-json\/wp\/v2\/media?parent=13580"}],"wp:term":[{"taxonomy":"category","embeddable":true,"href":"https:\/\/www.gold.fr\/news\/wp-json\/wp\/v2\/categories?post=13580"},{"taxonomy":"post_tag","embeddable":true,"href":"https:\/\/www.gold.fr\/news\/wp-json\/wp\/v2\/tags?post=13580"},{"taxonomy":"author","embeddable":true,"href":"https:\/\/www.gold.fr\/news\/wp-json\/wp\/v2\/ppma_author?post=13580"}],"curies":[{"name":"wp","href":"https:\/\/api.w.org\/{rel}","templated":true}]}}