{"id":13576,"date":"2014-01-10T09:00:15","date_gmt":"2014-01-10T08:00:15","guid":{"rendered":"https:\/\/www.gold.fr\/news\/?p=13576"},"modified":"2017-10-26T18:58:27","modified_gmt":"2017-10-26T16:58:27","slug":"lor-tente-de-se-remettre-du-flash-crash","status":"publish","type":"post","link":"https:\/\/www.gold.fr\/news\/2014\/01\/10\/lor-tente-de-se-remettre-du-flash-crash\/","title":{"rendered":"L\u2019or tente de se remettre du \u00ab\u00a0flash crash\u00a0\u00bb"},"content":{"rendered":"<p><img loading=\"lazy\" decoding=\"async\" class=\"alignleft size-thumbnail wp-image-3399\" title=\"L\u2019or tente de se remettre du &quot;flash crash&quot;\" src=\"https:\/\/www.gold.fr\/news\/wp-content\/uploads\/2011\/11\/75461408-150x150.jpg\" alt=\"\" width=\"150\" height=\"150\" \/><span style=\"font-size: small;\">Semaine assez confondante pour le <a href='https:\/\/www.gold.fr\/news\/tags\/or' class='esk-seo-plu-link'>m\u00e9tal jaune<\/a>, qui passe de sa meilleure performance hebdomadaire en quatre semaines, \u00e0 <a title=\"L\u2019or en baisse, sur fond de bonne conjoncture euro\" href=\"https:\/\/www.gold.fr\/news\/2014\/01\/08\/lor-en-baisse-sur-fond-de-bonne-conjoncture-euro\/13565\/\" target=\"_blank\">un crash inattendu<\/a>, avant de revenir vers une stabilit\u00e9 relativement pr\u00e9caire. Le tout n&rsquo;aura pris que quelques heures \u00e0 peine.<\/span>  <span style=\"font-size: small;\"> Apr\u00e8s avoir fr\u00f4l\u00e9 le pic technique et psychologique des <strong>1 250 dollars<\/strong> <a title=\"Prix de l'Once d'Or\" href=\"https:\/\/www.gold.fr\/once-en\/\" target=\"_blank\">l\u2019once<\/a> des doigts, lundi matin, le <a href='https:\/\/www.gold.fr\/news\/tags\/or' class='esk-seo-plu-link'>m\u00e9tal jaune<\/a> a cl\u00f4tur\u00e9 la s\u00e9ance en question par un \u00ab <em>crash \u00e9clair<\/em> \u00bb, passant de <strong>1 245 dollars<\/strong> \u00e0 <strong>1 212 dollars<\/strong>, en l&rsquo;espace de quelques secondes. L&rsquo;once d&rsquo;<a href='https:\/\/www.gold.fr\/news\/tags\/or' class='esk-seo-plu-link'>or<\/a> s&rsquo;est bien repris, depuis, se stabilisant quelque part entre les <strong>1 220<\/strong> et les <strong>1 225 dollars<\/strong>, mais le crash en lui-m\u00eame demeure un myst\u00e8re que les analystes et observateurs du march\u00e9 peinent \u00e0 expliquer clairement.<\/span>    <span style=\"font-size: small;\"> Les experts \u00e9voquent toutes sortes de sp\u00e9culations \u00e0 ce sujet, lan\u00e7ant des th\u00e9ories plus ou moins plausibles telles que le \u00ab <em>gros doigt<\/em> \u00bb (d\u00e9signant un probl\u00e8me de manipulation d&rsquo;un op\u00e9rateur majeur de march\u00e9), ou encore carr\u00e9ment la th\u00e9orie du complot selon laquelle la chute soudaine serait l&rsquo;\u0153uvre manipulatrice d&rsquo;une sombre partie \u00e0 int\u00e9r\u00eat.<\/span>    <span style=\"font-size: small;\"> Seuls les faits restent certains et ils indiquent, selon <strong>Nanex Research<\/strong>, \u00ab <em>qu&rsquo;environ 4.200 contrats \u00e0 terme ont \u00e9t\u00e9 vendus d&rsquo;un coup \u00e0 10 heures 14, heure am\u00e9ricaine<\/em> \u00bb, lundi apr\u00e8s-midi.<\/span>  <span style=\"font-size: small;\"> Faut-il pour autant s&rsquo;alarmer ? Pas vraiment. Les experts de <strong>Nanex<\/strong> rappellent bien que \u00ab <em>la demande physique en provenance d&rsquo;Asie reste solide<\/em> \u00bb.<\/span><\/p>\n<!-- AddThis Advanced Settings generic via filter on the_content --><!-- AddThis Share Buttons generic via filter on the_content -->","protected":false},"excerpt":{"rendered":"<p>Semaine assez confondante pour le m\u00e9tal jaune, qui passe de sa meilleure performance hebdomadaire en quatre semaines, \u00e0 un crash inattendu, avant de revenir vers une stabilit\u00e9 relativement pr\u00e9caire. Le tout n&rsquo;aura pris que quelques heures [&hellip;]<\/p>\n","protected":false},"author":18,"featured_media":3399,"comment_status":"open","ping_status":"open","sticky":false,"template":"","format":"standard","meta":{"_mbp_gutenberg_autopost":false,"_pgmb_is_evergreen":false,"_pgmb_ap_template_id":0,"footnotes":""},"categories":[6],"tags":[961,1726,900],"ppma_author":[2565],"class_list":["post-13576","post","type-post","status-publish","format-standard","has-post-thumbnail","hentry","category-articles-de-presse","tag-cours-or","tag-flash-crash","tag-once-or"],"yoast_head":"<!-- This site is optimized with the Yoast SEO plugin v27.5 - https:\/\/yoast.com\/product\/yoast-seo-wordpress\/ -->\n<title>L\u2019or tente de se remettre du &quot;flash crash&quot; - Gold.fr<\/title>\n<meta name=\"robots\" content=\"index, follow, max-snippet:-1, max-image-preview:large, max-video-preview:-1\" \/>\n<link rel=\"canonical\" href=\"https:\/\/www.gold.fr\/news\/2014\/01\/10\/lor-tente-de-se-remettre-du-flash-crash\/\" \/>\n<meta property=\"og:locale\" content=\"fr_FR\" \/>\n<meta property=\"og:type\" content=\"article\" \/>\n<meta property=\"og:title\" content=\"L\u2019or tente de se remettre du &quot;flash crash&quot; - Gold.fr\" \/>\n<meta property=\"og:description\" content=\"Semaine assez confondante pour le m\u00e9tal jaune, qui passe de sa meilleure performance hebdomadaire en quatre semaines, \u00e0 un crash inattendu, avant de revenir vers une stabilit\u00e9 relativement pr\u00e9caire. Le tout n&rsquo;aura pris que quelques heures [&hellip;]\" \/>\n<meta property=\"og:url\" content=\"https:\/\/www.gold.fr\/news\/2014\/01\/10\/lor-tente-de-se-remettre-du-flash-crash\/\" \/>\n<meta property=\"og:site_name\" content=\"Gold.fr\" \/>\n<meta property=\"article:publisher\" content=\"https:\/\/www.facebook.com\/Goldfr\/\" \/>\n<meta property=\"article:published_time\" content=\"2014-01-10T08:00:15+00:00\" \/>\n<meta property=\"article:modified_time\" content=\"2017-10-26T16:58:27+00:00\" \/>\n<meta property=\"og:image\" content=\"https:\/\/www.gold.fr\/news\/wp-content\/uploads\/2011\/11\/75461408.jpg\" \/>\n\t<meta property=\"og:image:width\" content=\"600\" \/>\n\t<meta property=\"og:image:height\" content=\"449\" \/>\n\t<meta property=\"og:image:type\" content=\"image\/jpeg\" \/>\n<meta name=\"author\" content=\"Comptoir National de l&#039;Or\" \/>\n<meta name=\"twitter:card\" content=\"summary_large_image\" \/>\n<meta name=\"twitter:label1\" content=\"\u00c9crit par\" \/>\n\t<meta name=\"twitter:data1\" content=\"Comptoir National de l&#039;Or\" \/>\n\t<meta name=\"twitter:label2\" content=\"Dur\u00e9e de lecture estim\u00e9e\" \/>\n\t<meta name=\"twitter:data2\" content=\"1 minute\" \/>\n<script type=\"application\/ld+json\" class=\"yoast-schema-graph\">{\"@context\":\"https:\\\/\\\/schema.org\",\"@graph\":[{\"@type\":\"Article\",\"@id\":\"https:\\\/\\\/www.gold.fr\\\/news\\\/2014\\\/01\\\/10\\\/lor-tente-de-se-remettre-du-flash-crash\\\/#article\",\"isPartOf\":{\"@id\":\"https:\\\/\\\/www.gold.fr\\\/news\\\/2014\\\/01\\\/10\\\/lor-tente-de-se-remettre-du-flash-crash\\\/\"},\"author\":{\"name\":\"Comptoir National de l'Or\",\"@id\":\"https:\\\/\\\/www.gold.fr\\\/news\\\/#\\\/schema\\\/person\\\/070491b4b4fb7671bf59b3be20302ce9\"},\"headline\":\"L\u2019or tente de se remettre du \u00ab\u00a0flash crash\u00a0\u00bb\",\"datePublished\":\"2014-01-10T08:00:15+00:00\",\"dateModified\":\"2017-10-26T16:58:27+00:00\",\"mainEntityOfPage\":{\"@id\":\"https:\\\/\\\/www.gold.fr\\\/news\\\/2014\\\/01\\\/10\\\/lor-tente-de-se-remettre-du-flash-crash\\\/\"},\"wordCount\":244,\"commentCount\":0,\"image\":{\"@id\":\"https:\\\/\\\/www.gold.fr\\\/news\\\/2014\\\/01\\\/10\\\/lor-tente-de-se-remettre-du-flash-crash\\\/#primaryimage\"},\"thumbnailUrl\":\"https:\\\/\\\/www.gold.fr\\\/news\\\/wp-content\\\/uploads\\\/2011\\\/11\\\/75461408.jpg\",\"keywords\":[\"cours or\",\"flash crash\",\"Once or\"],\"articleSection\":[\"Articles de presse\"],\"inLanguage\":\"fr-FR\"},{\"@type\":\"WebPage\",\"@id\":\"https:\\\/\\\/www.gold.fr\\\/news\\\/2014\\\/01\\\/10\\\/lor-tente-de-se-remettre-du-flash-crash\\\/\",\"url\":\"https:\\\/\\\/www.gold.fr\\\/news\\\/2014\\\/01\\\/10\\\/lor-tente-de-se-remettre-du-flash-crash\\\/\",\"name\":\"L\u2019or tente de se remettre du \\\"flash crash\\\" - Gold.fr\",\"isPartOf\":{\"@id\":\"https:\\\/\\\/www.gold.fr\\\/news\\\/#website\"},\"primaryImageOfPage\":{\"@id\":\"https:\\\/\\\/www.gold.fr\\\/news\\\/2014\\\/01\\\/10\\\/lor-tente-de-se-remettre-du-flash-crash\\\/#primaryimage\"},\"image\":{\"@id\":\"https:\\\/\\\/www.gold.fr\\\/news\\\/2014\\\/01\\\/10\\\/lor-tente-de-se-remettre-du-flash-crash\\\/#primaryimage\"},\"thumbnailUrl\":\"https:\\\/\\\/www.gold.fr\\\/news\\\/wp-content\\\/uploads\\\/2011\\\/11\\\/75461408.jpg\",\"datePublished\":\"2014-01-10T08:00:15+00:00\",\"dateModified\":\"2017-10-26T16:58:27+00:00\",\"author\":{\"@id\":\"https:\\\/\\\/www.gold.fr\\\/news\\\/#\\\/schema\\\/person\\\/070491b4b4fb7671bf59b3be20302ce9\"},\"breadcrumb\":{\"@id\":\"https:\\\/\\\/www.gold.fr\\\/news\\\/2014\\\/01\\\/10\\\/lor-tente-de-se-remettre-du-flash-crash\\\/#breadcrumb\"},\"inLanguage\":\"fr-FR\",\"potentialAction\":[{\"@type\":\"ReadAction\",\"target\":[\"https:\\\/\\\/www.gold.fr\\\/news\\\/2014\\\/01\\\/10\\\/lor-tente-de-se-remettre-du-flash-crash\\\/\"]}]},{\"@type\":\"ImageObject\",\"inLanguage\":\"fr-FR\",\"@id\":\"https:\\\/\\\/www.gold.fr\\\/news\\\/2014\\\/01\\\/10\\\/lor-tente-de-se-remettre-du-flash-crash\\\/#primaryimage\",\"url\":\"https:\\\/\\\/www.gold.fr\\\/news\\\/wp-content\\\/uploads\\\/2011\\\/11\\\/75461408.jpg\",\"contentUrl\":\"https:\\\/\\\/www.gold.fr\\\/news\\\/wp-content\\\/uploads\\\/2011\\\/11\\\/75461408.jpg\",\"width\":\"600\",\"height\":\"449\",\"caption\":\"L\u2019or tente de se remettre du \\\"flash crash\\\"\"},{\"@type\":\"BreadcrumbList\",\"@id\":\"https:\\\/\\\/www.gold.fr\\\/news\\\/2014\\\/01\\\/10\\\/lor-tente-de-se-remettre-du-flash-crash\\\/#breadcrumb\",\"itemListElement\":[{\"@type\":\"ListItem\",\"position\":1,\"name\":\"Accueil\",\"item\":\"https:\\\/\\\/www.gold.fr\\\/\"},{\"@type\":\"ListItem\",\"position\":2,\"name\":\"Actualit\u00e9s\",\"item\":\"https:\\\/\\\/www.gold.fr\\\/news\\\/\"},{\"@type\":\"ListItem\",\"position\":3,\"name\":\"L\u2019or tente de se remettre du \u00ab\u00a0flash crash\u00a0\u00bb\"}]},{\"@type\":\"WebSite\",\"@id\":\"https:\\\/\\\/www.gold.fr\\\/news\\\/#website\",\"url\":\"https:\\\/\\\/www.gold.fr\\\/news\\\/\",\"name\":\"Gold.fr\",\"description\":\"Actualit\u00e9s de l&#039;Or et des m\u00e9taux pr\u00e9cieux\",\"potentialAction\":[{\"@type\":\"SearchAction\",\"target\":{\"@type\":\"EntryPoint\",\"urlTemplate\":\"https:\\\/\\\/www.gold.fr\\\/news\\\/?s={search_term_string}\"},\"query-input\":{\"@type\":\"PropertyValueSpecification\",\"valueRequired\":true,\"valueName\":\"search_term_string\"}}],\"inLanguage\":\"fr-FR\"},{\"@type\":\"Person\",\"@id\":\"https:\\\/\\\/www.gold.fr\\\/news\\\/#\\\/schema\\\/person\\\/070491b4b4fb7671bf59b3be20302ce9\",\"name\":\"Comptoir National de l'Or\",\"image\":{\"@type\":\"ImageObject\",\"inLanguage\":\"fr-FR\",\"@id\":\"https:\\\/\\\/secure.gravatar.com\\\/avatar\\\/0a2867fd5abe37bed95d5a65e9d58f01756e11efc68af9888dfc50cfa7f65948?s=96&d=mm&r=gb490554db0a38188709de567aa58480d\",\"url\":\"https:\\\/\\\/secure.gravatar.com\\\/avatar\\\/0a2867fd5abe37bed95d5a65e9d58f01756e11efc68af9888dfc50cfa7f65948?s=96&d=mm&r=g\",\"contentUrl\":\"https:\\\/\\\/secure.gravatar.com\\\/avatar\\\/0a2867fd5abe37bed95d5a65e9d58f01756e11efc68af9888dfc50cfa7f65948?s=96&d=mm&r=g\",\"caption\":\"Comptoir National de l'Or\"},\"description\":\"Notre r\u00e9daction est constitu\u00e9e de membres experts dans les m\u00e9tiers de l'\u00e9conomie et la gestion, des Responsables d'agence Comptoir National de l'Or, des analystes financiers qui publient r\u00e9guli\u00e8rement des \u00e9tudes sur les politiques des banques centrales, le cours de l'or, prix de l'or, cours de l'argent, prix de l'argent, cours du platine, cours du palladium,... la situation en zone euro et l'impact de la strat\u00e9gie mon\u00e9taire de la FED. Notre \u00e9quipe scrute \u00e9galement une information plus g\u00e9n\u00e9raliste \u00e0 la recherche d'actualit\u00e9 \\\"p\u00e9pite\\\" \u00e0 vous partager. Depuis 5 ans, nous avons publi\u00e9 un peu plus de 4000 articles qui s'adressent \u00e0 un public large et vari\u00e9 ayant pour objectif de satisfaire votre curiosit\u00e9 et de partager avec vous une certaine fascination pour le m\u00e9tal jaune, le rachat d'or, et pour ceux qui veulent investir dans l'or, vendre leur or tout simplement en savoir plus... Pour tous vos achat or et argent, n'h\u00e9sitez pas \u00e0 prendre rendez-vous dans l'un de nos nombreux comptoirs.\",\"sameAs\":[\"https:\\\/\\\/www.gold.fr\"]}]}<\/script>\n<!-- \/ Yoast SEO plugin. -->","yoast_head_json":{"title":"L\u2019or tente de se remettre du \"flash crash\" - Gold.fr","robots":{"index":"index","follow":"follow","max-snippet":"max-snippet:-1","max-image-preview":"max-image-preview:large","max-video-preview":"max-video-preview:-1"},"canonical":"https:\/\/www.gold.fr\/news\/2014\/01\/10\/lor-tente-de-se-remettre-du-flash-crash\/","og_locale":"fr_FR","og_type":"article","og_title":"L\u2019or tente de se remettre du \"flash crash\" - Gold.fr","og_description":"Semaine assez confondante pour le m\u00e9tal jaune, qui passe de sa meilleure performance hebdomadaire en quatre semaines, \u00e0 un crash inattendu, avant de revenir vers une stabilit\u00e9 relativement pr\u00e9caire. Le tout n&rsquo;aura pris que quelques heures [&hellip;]","og_url":"https:\/\/www.gold.fr\/news\/2014\/01\/10\/lor-tente-de-se-remettre-du-flash-crash\/","og_site_name":"Gold.fr","article_publisher":"https:\/\/www.facebook.com\/Goldfr\/","article_published_time":"2014-01-10T08:00:15+00:00","article_modified_time":"2017-10-26T16:58:27+00:00","og_image":[{"width":600,"height":449,"url":"https:\/\/www.gold.fr\/news\/wp-content\/uploads\/2011\/11\/75461408.jpg","type":"image\/jpeg"}],"author":"Comptoir National de l'Or","twitter_card":"summary_large_image","twitter_misc":{"\u00c9crit par":"Comptoir National de l'Or","Dur\u00e9e de lecture estim\u00e9e":"1 minute"},"schema":{"@context":"https:\/\/schema.org","@graph":[{"@type":"Article","@id":"https:\/\/www.gold.fr\/news\/2014\/01\/10\/lor-tente-de-se-remettre-du-flash-crash\/#article","isPartOf":{"@id":"https:\/\/www.gold.fr\/news\/2014\/01\/10\/lor-tente-de-se-remettre-du-flash-crash\/"},"author":{"name":"Comptoir National de l'Or","@id":"https:\/\/www.gold.fr\/news\/#\/schema\/person\/070491b4b4fb7671bf59b3be20302ce9"},"headline":"L\u2019or tente de se remettre du \u00ab\u00a0flash crash\u00a0\u00bb","datePublished":"2014-01-10T08:00:15+00:00","dateModified":"2017-10-26T16:58:27+00:00","mainEntityOfPage":{"@id":"https:\/\/www.gold.fr\/news\/2014\/01\/10\/lor-tente-de-se-remettre-du-flash-crash\/"},"wordCount":244,"commentCount":0,"image":{"@id":"https:\/\/www.gold.fr\/news\/2014\/01\/10\/lor-tente-de-se-remettre-du-flash-crash\/#primaryimage"},"thumbnailUrl":"https:\/\/www.gold.fr\/news\/wp-content\/uploads\/2011\/11\/75461408.jpg","keywords":["cours or","flash crash","Once or"],"articleSection":["Articles de presse"],"inLanguage":"fr-FR"},{"@type":"WebPage","@id":"https:\/\/www.gold.fr\/news\/2014\/01\/10\/lor-tente-de-se-remettre-du-flash-crash\/","url":"https:\/\/www.gold.fr\/news\/2014\/01\/10\/lor-tente-de-se-remettre-du-flash-crash\/","name":"L\u2019or tente de se remettre du \"flash crash\" - Gold.fr","isPartOf":{"@id":"https:\/\/www.gold.fr\/news\/#website"},"primaryImageOfPage":{"@id":"https:\/\/www.gold.fr\/news\/2014\/01\/10\/lor-tente-de-se-remettre-du-flash-crash\/#primaryimage"},"image":{"@id":"https:\/\/www.gold.fr\/news\/2014\/01\/10\/lor-tente-de-se-remettre-du-flash-crash\/#primaryimage"},"thumbnailUrl":"https:\/\/www.gold.fr\/news\/wp-content\/uploads\/2011\/11\/75461408.jpg","datePublished":"2014-01-10T08:00:15+00:00","dateModified":"2017-10-26T16:58:27+00:00","author":{"@id":"https:\/\/www.gold.fr\/news\/#\/schema\/person\/070491b4b4fb7671bf59b3be20302ce9"},"breadcrumb":{"@id":"https:\/\/www.gold.fr\/news\/2014\/01\/10\/lor-tente-de-se-remettre-du-flash-crash\/#breadcrumb"},"inLanguage":"fr-FR","potentialAction":[{"@type":"ReadAction","target":["https:\/\/www.gold.fr\/news\/2014\/01\/10\/lor-tente-de-se-remettre-du-flash-crash\/"]}]},{"@type":"ImageObject","inLanguage":"fr-FR","@id":"https:\/\/www.gold.fr\/news\/2014\/01\/10\/lor-tente-de-se-remettre-du-flash-crash\/#primaryimage","url":"https:\/\/www.gold.fr\/news\/wp-content\/uploads\/2011\/11\/75461408.jpg","contentUrl":"https:\/\/www.gold.fr\/news\/wp-content\/uploads\/2011\/11\/75461408.jpg","width":"600","height":"449","caption":"L\u2019or tente de se remettre du \"flash crash\""},{"@type":"BreadcrumbList","@id":"https:\/\/www.gold.fr\/news\/2014\/01\/10\/lor-tente-de-se-remettre-du-flash-crash\/#breadcrumb","itemListElement":[{"@type":"ListItem","position":1,"name":"Accueil","item":"https:\/\/www.gold.fr\/"},{"@type":"ListItem","position":2,"name":"Actualit\u00e9s","item":"https:\/\/www.gold.fr\/news\/"},{"@type":"ListItem","position":3,"name":"L\u2019or tente de se remettre du \u00ab\u00a0flash crash\u00a0\u00bb"}]},{"@type":"WebSite","@id":"https:\/\/www.gold.fr\/news\/#website","url":"https:\/\/www.gold.fr\/news\/","name":"Gold.fr","description":"Actualit\u00e9s de l&#039;Or et des m\u00e9taux pr\u00e9cieux","potentialAction":[{"@type":"SearchAction","target":{"@type":"EntryPoint","urlTemplate":"https:\/\/www.gold.fr\/news\/?s={search_term_string}"},"query-input":{"@type":"PropertyValueSpecification","valueRequired":true,"valueName":"search_term_string"}}],"inLanguage":"fr-FR"},{"@type":"Person","@id":"https:\/\/www.gold.fr\/news\/#\/schema\/person\/070491b4b4fb7671bf59b3be20302ce9","name":"Comptoir National de l'Or","image":{"@type":"ImageObject","inLanguage":"fr-FR","@id":"https:\/\/secure.gravatar.com\/avatar\/0a2867fd5abe37bed95d5a65e9d58f01756e11efc68af9888dfc50cfa7f65948?s=96&d=mm&r=gb490554db0a38188709de567aa58480d","url":"https:\/\/secure.gravatar.com\/avatar\/0a2867fd5abe37bed95d5a65e9d58f01756e11efc68af9888dfc50cfa7f65948?s=96&d=mm&r=g","contentUrl":"https:\/\/secure.gravatar.com\/avatar\/0a2867fd5abe37bed95d5a65e9d58f01756e11efc68af9888dfc50cfa7f65948?s=96&d=mm&r=g","caption":"Comptoir National de l'Or"},"description":"Notre r\u00e9daction est constitu\u00e9e de membres experts dans les m\u00e9tiers de l'\u00e9conomie et la gestion, des Responsables d'agence Comptoir National de l'Or, des analystes financiers qui publient r\u00e9guli\u00e8rement des \u00e9tudes sur les politiques des banques centrales, le cours de l'or, prix de l'or, cours de l'argent, prix de l'argent, cours du platine, cours du palladium,... la situation en zone euro et l'impact de la strat\u00e9gie mon\u00e9taire de la FED. Notre \u00e9quipe scrute \u00e9galement une information plus g\u00e9n\u00e9raliste \u00e0 la recherche d'actualit\u00e9 \"p\u00e9pite\" \u00e0 vous partager. Depuis 5 ans, nous avons publi\u00e9 un peu plus de 4000 articles qui s'adressent \u00e0 un public large et vari\u00e9 ayant pour objectif de satisfaire votre curiosit\u00e9 et de partager avec vous une certaine fascination pour le m\u00e9tal jaune, le rachat d'or, et pour ceux qui veulent investir dans l'or, vendre leur or tout simplement en savoir plus... Pour tous vos achat or et argent, n'h\u00e9sitez pas \u00e0 prendre rendez-vous dans l'un de nos nombreux comptoirs.","sameAs":["https:\/\/www.gold.fr"]}]}},"authors":[{"term_id":2565,"user_id":18,"is_guest":0,"slug":"julie","display_name":"Comptoir National de l'Or","avatar_url":"https:\/\/secure.gravatar.com\/avatar\/713f289e398d35ead876c4a4cc08607f0d6d266058cfc25683fffb6092d0e572?s=96&d=mm&r=g","0":null,"1":"","2":"","3":"","4":"","5":"","6":"","7":"","8":""}],"_links":{"self":[{"href":"https:\/\/www.gold.fr\/news\/wp-json\/wp\/v2\/posts\/13576","targetHints":{"allow":["GET"]}}],"collection":[{"href":"https:\/\/www.gold.fr\/news\/wp-json\/wp\/v2\/posts"}],"about":[{"href":"https:\/\/www.gold.fr\/news\/wp-json\/wp\/v2\/types\/post"}],"author":[{"embeddable":true,"href":"https:\/\/www.gold.fr\/news\/wp-json\/wp\/v2\/users\/18"}],"replies":[{"embeddable":true,"href":"https:\/\/www.gold.fr\/news\/wp-json\/wp\/v2\/comments?post=13576"}],"version-history":[{"count":0,"href":"https:\/\/www.gold.fr\/news\/wp-json\/wp\/v2\/posts\/13576\/revisions"}],"wp:featuredmedia":[{"embeddable":true,"href":"https:\/\/www.gold.fr\/news\/wp-json\/wp\/v2\/media\/3399"}],"wp:attachment":[{"href":"https:\/\/www.gold.fr\/news\/wp-json\/wp\/v2\/media?parent=13576"}],"wp:term":[{"taxonomy":"category","embeddable":true,"href":"https:\/\/www.gold.fr\/news\/wp-json\/wp\/v2\/categories?post=13576"},{"taxonomy":"post_tag","embeddable":true,"href":"https:\/\/www.gold.fr\/news\/wp-json\/wp\/v2\/tags?post=13576"},{"taxonomy":"author","embeddable":true,"href":"https:\/\/www.gold.fr\/news\/wp-json\/wp\/v2\/ppma_author?post=13576"}],"curies":[{"name":"wp","href":"https:\/\/api.w.org\/{rel}","templated":true}]}}