{"id":13574,"date":"2014-01-09T17:00:00","date_gmt":"2014-01-09T16:00:00","guid":{"rendered":"https:\/\/www.gold.fr\/news\/?p=13574"},"modified":"2017-11-02T11:39:41","modified_gmt":"2017-11-02T10:39:41","slug":"compte-rendu-bce-previsible-et-rassurant-selon-natixis","status":"publish","type":"post","link":"https:\/\/www.gold.fr\/news\/2014\/01\/09\/compte-rendu-bce-previsible-et-rassurant-selon-natixis\/","title":{"rendered":"Compte-rendu BCE : Pr\u00e9visible et rassurant, selon Natixis"},"content":{"rendered":"<p><img loading=\"lazy\" decoding=\"async\" class=\"alignleft size-thumbnail wp-image-5011\" title=\"Compte-rendu BCE : Pr\u00e9visible et rassurant, selon Natixis\" src=\"https:\/\/www.gold.fr\/news\/wp-content\/uploads\/2012\/01\/Europe-150x150.jpg\" alt=\"\" width=\"150\" height=\"150\" \/><span style=\"font-size: small;\">Quelques heures \u00e0 peine nous s\u00e9parent de la publication du compte rendu de la derni\u00e8re r\u00e9union du conseil des gouverneurs de la banque centrale europ\u00e9enne, et les sp\u00e9culations vont bon train concernant les changements (peu) probables que la premi\u00e8re institution financi\u00e8re du bloc euro serait susceptible d\u2019apporter \u00e0 sa politique mon\u00e9taire.<\/span>    <span style=\"font-size: small;\"> Les experts de <strong>Natixis<\/strong> pr\u00e9voient que le conseil \u00ab\u00a0<em>devrait maintenir un biais accommodant, conform\u00e9ment \u00e0 une inflation basse et \u00e0 des risques baissiers qui pr\u00e9valent sur la croissance du PIB<\/em>\u00a0\u00bb. Selon le fameux groupe banquier fran\u00e7ais, les conclusions de cette r\u00e9union ne devraient apporter aucune modification au syst\u00e8me d\u00e9j\u00e0 install\u00e9, et <strong>Mario Draghi<\/strong> se contenterait simplement de r\u00e9it\u00e9rer la d\u00e9termination de la <strong>BCE<\/strong> \u00e0 passer \u00e0 l\u2019action (si n\u00e9cessaire), sans pour autant annoncer le moindre plan \u00e0 court ou moyen terme.<\/span>    <span style=\"font-size: small;\"> Les analystes de <strong>Natixis<\/strong> estiment toutefois que \u00ab\u00a0<em>une baisse suppl\u00e9mentaire du taux \u00ab\u00a0repo\u00a0\u00bb et ou des mesures plus h\u00e9t\u00e9rodoxes (taux de facilit\u00e9 de d\u00e9p\u00f4t n\u00e9gatif, rachats d&rsquo;actifs) ne deviendraient probables que si les risques d\u00e9flationnistes s&rsquo;accroissent substantiellement, ce qui ne repr\u00e9sente pas notre sc\u00e9nario central<\/em>\u00a0\u00bb.<\/span>    <span style=\"font-size: small;\"> A quoi doit-on s\u2019attendre donc, \u00e0 l\u2019annonce du compte-rendu du conseil des gouverneurs euro\u00a0? Selon <strong>Natixis<\/strong>, simplement \u00ab\u00a0<em>un nouveau m\u00e9canisme d&rsquo;approvisionnement de liquidit\u00e9s et un abaissement du ratio de r\u00e9serve\u00a0<\/em>\u00bb. Raison pour laquelle les march\u00e9s financiers ne semblent pas retenir leur souffle \u00e0 la veille de la fameuse annonce.<\/span><\/p>\n<!-- AddThis Advanced Settings generic via filter on the_content --><!-- AddThis Share Buttons generic via filter on the_content -->","protected":false},"excerpt":{"rendered":"<p>Quelques heures \u00e0 peine nous s\u00e9parent de la publication du compte rendu de la derni\u00e8re r\u00e9union du conseil des gouverneurs de la banque centrale europ\u00e9enne, et les sp\u00e9culations vont bon train concernant les changements (peu) probables [&hellip;]<\/p>\n","protected":false},"author":18,"featured_media":5011,"comment_status":"open","ping_status":"open","sticky":false,"template":"","format":"standard","meta":{"_mbp_gutenberg_autopost":false,"_pgmb_is_evergreen":false,"_pgmb_ap_template_id":0,"footnotes":""},"categories":[6],"tags":[143,103,242,1410,1701],"ppma_author":[2565],"class_list":["post-13574","post","type-post","status-publish","format-standard","has-post-thumbnail","hentry","category-articles-de-presse","tag-bce","tag-euro","tag-europe","tag-marches-financiers","tag-natixis"],"yoast_head":"<!-- This site is optimized with the Yoast SEO plugin v27.5 - https:\/\/yoast.com\/product\/yoast-seo-wordpress\/ -->\n<title>Compte-rendu BCE : Pr\u00e9visible et rassurant, selon Natixis - Gold.fr<\/title>\n<meta name=\"robots\" content=\"index, follow, max-snippet:-1, max-image-preview:large, max-video-preview:-1\" \/>\n<link rel=\"canonical\" href=\"https:\/\/www.gold.fr\/news\/2014\/01\/09\/compte-rendu-bce-previsible-et-rassurant-selon-natixis\/\" \/>\n<meta property=\"og:locale\" content=\"fr_FR\" \/>\n<meta property=\"og:type\" content=\"article\" \/>\n<meta property=\"og:title\" content=\"Compte-rendu BCE : Pr\u00e9visible et rassurant, selon Natixis - Gold.fr\" \/>\n<meta property=\"og:description\" content=\"Quelques heures \u00e0 peine nous s\u00e9parent de la publication du compte rendu de la derni\u00e8re r\u00e9union du conseil des gouverneurs de la banque centrale europ\u00e9enne, et les sp\u00e9culations vont bon train concernant les changements (peu) probables [&hellip;]\" \/>\n<meta property=\"og:url\" content=\"https:\/\/www.gold.fr\/news\/2014\/01\/09\/compte-rendu-bce-previsible-et-rassurant-selon-natixis\/\" \/>\n<meta property=\"og:site_name\" content=\"Gold.fr\" \/>\n<meta property=\"article:publisher\" content=\"https:\/\/www.facebook.com\/Goldfr\/\" \/>\n<meta property=\"article:published_time\" content=\"2014-01-09T16:00:00+00:00\" \/>\n<meta property=\"article:modified_time\" content=\"2017-11-02T10:39:41+00:00\" \/>\n<meta property=\"og:image\" content=\"https:\/\/www.gold.fr\/news\/wp-content\/uploads\/2012\/01\/Europe.jpg\" \/>\n\t<meta property=\"og:image:width\" content=\"600\" \/>\n\t<meta property=\"og:image:height\" content=\"417\" \/>\n\t<meta property=\"og:image:type\" content=\"image\/jpeg\" \/>\n<meta name=\"author\" content=\"Comptoir National de l&#039;Or\" \/>\n<meta name=\"twitter:card\" content=\"summary_large_image\" \/>\n<meta name=\"twitter:label1\" content=\"\u00c9crit par\" \/>\n\t<meta name=\"twitter:data1\" content=\"Comptoir National de l&#039;Or\" \/>\n\t<meta name=\"twitter:label2\" content=\"Dur\u00e9e de lecture estim\u00e9e\" \/>\n\t<meta name=\"twitter:data2\" content=\"1 minute\" \/>\n<script type=\"application\/ld+json\" class=\"yoast-schema-graph\">{\"@context\":\"https:\\\/\\\/schema.org\",\"@graph\":[{\"@type\":\"Article\",\"@id\":\"https:\\\/\\\/www.gold.fr\\\/news\\\/2014\\\/01\\\/09\\\/compte-rendu-bce-previsible-et-rassurant-selon-natixis\\\/#article\",\"isPartOf\":{\"@id\":\"https:\\\/\\\/www.gold.fr\\\/news\\\/2014\\\/01\\\/09\\\/compte-rendu-bce-previsible-et-rassurant-selon-natixis\\\/\"},\"author\":{\"name\":\"Comptoir National de l'Or\",\"@id\":\"https:\\\/\\\/www.gold.fr\\\/news\\\/#\\\/schema\\\/person\\\/070491b4b4fb7671bf59b3be20302ce9\"},\"headline\":\"Compte-rendu BCE : Pr\u00e9visible et rassurant, selon Natixis\",\"datePublished\":\"2014-01-09T16:00:00+00:00\",\"dateModified\":\"2017-11-02T10:39:41+00:00\",\"mainEntityOfPage\":{\"@id\":\"https:\\\/\\\/www.gold.fr\\\/news\\\/2014\\\/01\\\/09\\\/compte-rendu-bce-previsible-et-rassurant-selon-natixis\\\/\"},\"wordCount\":264,\"commentCount\":0,\"image\":{\"@id\":\"https:\\\/\\\/www.gold.fr\\\/news\\\/2014\\\/01\\\/09\\\/compte-rendu-bce-previsible-et-rassurant-selon-natixis\\\/#primaryimage\"},\"thumbnailUrl\":\"https:\\\/\\\/www.gold.fr\\\/news\\\/wp-content\\\/uploads\\\/2012\\\/01\\\/Europe.jpg\",\"keywords\":[\"bce\",\"euro\",\"europe\",\"march\u00e9s financiers\",\"Natixis\"],\"articleSection\":[\"Articles de presse\"],\"inLanguage\":\"fr-FR\"},{\"@type\":\"WebPage\",\"@id\":\"https:\\\/\\\/www.gold.fr\\\/news\\\/2014\\\/01\\\/09\\\/compte-rendu-bce-previsible-et-rassurant-selon-natixis\\\/\",\"url\":\"https:\\\/\\\/www.gold.fr\\\/news\\\/2014\\\/01\\\/09\\\/compte-rendu-bce-previsible-et-rassurant-selon-natixis\\\/\",\"name\":\"Compte-rendu BCE : Pr\u00e9visible et rassurant, selon Natixis - Gold.fr\",\"isPartOf\":{\"@id\":\"https:\\\/\\\/www.gold.fr\\\/news\\\/#website\"},\"primaryImageOfPage\":{\"@id\":\"https:\\\/\\\/www.gold.fr\\\/news\\\/2014\\\/01\\\/09\\\/compte-rendu-bce-previsible-et-rassurant-selon-natixis\\\/#primaryimage\"},\"image\":{\"@id\":\"https:\\\/\\\/www.gold.fr\\\/news\\\/2014\\\/01\\\/09\\\/compte-rendu-bce-previsible-et-rassurant-selon-natixis\\\/#primaryimage\"},\"thumbnailUrl\":\"https:\\\/\\\/www.gold.fr\\\/news\\\/wp-content\\\/uploads\\\/2012\\\/01\\\/Europe.jpg\",\"datePublished\":\"2014-01-09T16:00:00+00:00\",\"dateModified\":\"2017-11-02T10:39:41+00:00\",\"author\":{\"@id\":\"https:\\\/\\\/www.gold.fr\\\/news\\\/#\\\/schema\\\/person\\\/070491b4b4fb7671bf59b3be20302ce9\"},\"breadcrumb\":{\"@id\":\"https:\\\/\\\/www.gold.fr\\\/news\\\/2014\\\/01\\\/09\\\/compte-rendu-bce-previsible-et-rassurant-selon-natixis\\\/#breadcrumb\"},\"inLanguage\":\"fr-FR\",\"potentialAction\":[{\"@type\":\"ReadAction\",\"target\":[\"https:\\\/\\\/www.gold.fr\\\/news\\\/2014\\\/01\\\/09\\\/compte-rendu-bce-previsible-et-rassurant-selon-natixis\\\/\"]}]},{\"@type\":\"ImageObject\",\"inLanguage\":\"fr-FR\",\"@id\":\"https:\\\/\\\/www.gold.fr\\\/news\\\/2014\\\/01\\\/09\\\/compte-rendu-bce-previsible-et-rassurant-selon-natixis\\\/#primaryimage\",\"url\":\"https:\\\/\\\/www.gold.fr\\\/news\\\/wp-content\\\/uploads\\\/2012\\\/01\\\/Europe.jpg\",\"contentUrl\":\"https:\\\/\\\/www.gold.fr\\\/news\\\/wp-content\\\/uploads\\\/2012\\\/01\\\/Europe.jpg\",\"width\":\"600\",\"height\":\"417\"},{\"@type\":\"BreadcrumbList\",\"@id\":\"https:\\\/\\\/www.gold.fr\\\/news\\\/2014\\\/01\\\/09\\\/compte-rendu-bce-previsible-et-rassurant-selon-natixis\\\/#breadcrumb\",\"itemListElement\":[{\"@type\":\"ListItem\",\"position\":1,\"name\":\"Accueil\",\"item\":\"https:\\\/\\\/www.gold.fr\\\/\"},{\"@type\":\"ListItem\",\"position\":2,\"name\":\"Actualit\u00e9s\",\"item\":\"https:\\\/\\\/www.gold.fr\\\/news\\\/\"},{\"@type\":\"ListItem\",\"position\":3,\"name\":\"Compte-rendu BCE : Pr\u00e9visible et rassurant, selon Natixis\"}]},{\"@type\":\"WebSite\",\"@id\":\"https:\\\/\\\/www.gold.fr\\\/news\\\/#website\",\"url\":\"https:\\\/\\\/www.gold.fr\\\/news\\\/\",\"name\":\"Gold.fr\",\"description\":\"Actualit\u00e9s de l&#039;Or et des m\u00e9taux pr\u00e9cieux\",\"potentialAction\":[{\"@type\":\"SearchAction\",\"target\":{\"@type\":\"EntryPoint\",\"urlTemplate\":\"https:\\\/\\\/www.gold.fr\\\/news\\\/?s={search_term_string}\"},\"query-input\":{\"@type\":\"PropertyValueSpecification\",\"valueRequired\":true,\"valueName\":\"search_term_string\"}}],\"inLanguage\":\"fr-FR\"},{\"@type\":\"Person\",\"@id\":\"https:\\\/\\\/www.gold.fr\\\/news\\\/#\\\/schema\\\/person\\\/070491b4b4fb7671bf59b3be20302ce9\",\"name\":\"Comptoir National de l'Or\",\"image\":{\"@type\":\"ImageObject\",\"inLanguage\":\"fr-FR\",\"@id\":\"https:\\\/\\\/secure.gravatar.com\\\/avatar\\\/0a2867fd5abe37bed95d5a65e9d58f01756e11efc68af9888dfc50cfa7f65948?s=96&d=mm&r=gb490554db0a38188709de567aa58480d\",\"url\":\"https:\\\/\\\/secure.gravatar.com\\\/avatar\\\/0a2867fd5abe37bed95d5a65e9d58f01756e11efc68af9888dfc50cfa7f65948?s=96&d=mm&r=g\",\"contentUrl\":\"https:\\\/\\\/secure.gravatar.com\\\/avatar\\\/0a2867fd5abe37bed95d5a65e9d58f01756e11efc68af9888dfc50cfa7f65948?s=96&d=mm&r=g\",\"caption\":\"Comptoir National de l'Or\"},\"description\":\"Notre r\u00e9daction est constitu\u00e9e de membres experts dans les m\u00e9tiers de l'\u00e9conomie et la gestion, des Responsables d'agence Comptoir National de l'Or, des analystes financiers qui publient r\u00e9guli\u00e8rement des \u00e9tudes sur les politiques des banques centrales, le cours de l'or, prix de l'or, cours de l'argent, prix de l'argent, cours du platine, cours du palladium,... la situation en zone euro et l'impact de la strat\u00e9gie mon\u00e9taire de la FED. Notre \u00e9quipe scrute \u00e9galement une information plus g\u00e9n\u00e9raliste \u00e0 la recherche d'actualit\u00e9 \\\"p\u00e9pite\\\" \u00e0 vous partager. Depuis 5 ans, nous avons publi\u00e9 un peu plus de 4000 articles qui s'adressent \u00e0 un public large et vari\u00e9 ayant pour objectif de satisfaire votre curiosit\u00e9 et de partager avec vous une certaine fascination pour le m\u00e9tal jaune, le rachat d'or, et pour ceux qui veulent investir dans l'or, vendre leur or tout simplement en savoir plus... Pour tous vos achat or et argent, n'h\u00e9sitez pas \u00e0 prendre rendez-vous dans l'un de nos nombreux comptoirs.\",\"sameAs\":[\"https:\\\/\\\/www.gold.fr\"]}]}<\/script>\n<!-- \/ Yoast SEO plugin. -->","yoast_head_json":{"title":"Compte-rendu BCE : Pr\u00e9visible et rassurant, selon Natixis - Gold.fr","robots":{"index":"index","follow":"follow","max-snippet":"max-snippet:-1","max-image-preview":"max-image-preview:large","max-video-preview":"max-video-preview:-1"},"canonical":"https:\/\/www.gold.fr\/news\/2014\/01\/09\/compte-rendu-bce-previsible-et-rassurant-selon-natixis\/","og_locale":"fr_FR","og_type":"article","og_title":"Compte-rendu BCE : Pr\u00e9visible et rassurant, selon Natixis - Gold.fr","og_description":"Quelques heures \u00e0 peine nous s\u00e9parent de la publication du compte rendu de la derni\u00e8re r\u00e9union du conseil des gouverneurs de la banque centrale europ\u00e9enne, et les sp\u00e9culations vont bon train concernant les changements (peu) probables [&hellip;]","og_url":"https:\/\/www.gold.fr\/news\/2014\/01\/09\/compte-rendu-bce-previsible-et-rassurant-selon-natixis\/","og_site_name":"Gold.fr","article_publisher":"https:\/\/www.facebook.com\/Goldfr\/","article_published_time":"2014-01-09T16:00:00+00:00","article_modified_time":"2017-11-02T10:39:41+00:00","og_image":[{"width":600,"height":417,"url":"https:\/\/www.gold.fr\/news\/wp-content\/uploads\/2012\/01\/Europe.jpg","type":"image\/jpeg"}],"author":"Comptoir National de l'Or","twitter_card":"summary_large_image","twitter_misc":{"\u00c9crit par":"Comptoir National de l'Or","Dur\u00e9e de lecture estim\u00e9e":"1 minute"},"schema":{"@context":"https:\/\/schema.org","@graph":[{"@type":"Article","@id":"https:\/\/www.gold.fr\/news\/2014\/01\/09\/compte-rendu-bce-previsible-et-rassurant-selon-natixis\/#article","isPartOf":{"@id":"https:\/\/www.gold.fr\/news\/2014\/01\/09\/compte-rendu-bce-previsible-et-rassurant-selon-natixis\/"},"author":{"name":"Comptoir National de l'Or","@id":"https:\/\/www.gold.fr\/news\/#\/schema\/person\/070491b4b4fb7671bf59b3be20302ce9"},"headline":"Compte-rendu BCE : Pr\u00e9visible et rassurant, selon Natixis","datePublished":"2014-01-09T16:00:00+00:00","dateModified":"2017-11-02T10:39:41+00:00","mainEntityOfPage":{"@id":"https:\/\/www.gold.fr\/news\/2014\/01\/09\/compte-rendu-bce-previsible-et-rassurant-selon-natixis\/"},"wordCount":264,"commentCount":0,"image":{"@id":"https:\/\/www.gold.fr\/news\/2014\/01\/09\/compte-rendu-bce-previsible-et-rassurant-selon-natixis\/#primaryimage"},"thumbnailUrl":"https:\/\/www.gold.fr\/news\/wp-content\/uploads\/2012\/01\/Europe.jpg","keywords":["bce","euro","europe","march\u00e9s financiers","Natixis"],"articleSection":["Articles de presse"],"inLanguage":"fr-FR"},{"@type":"WebPage","@id":"https:\/\/www.gold.fr\/news\/2014\/01\/09\/compte-rendu-bce-previsible-et-rassurant-selon-natixis\/","url":"https:\/\/www.gold.fr\/news\/2014\/01\/09\/compte-rendu-bce-previsible-et-rassurant-selon-natixis\/","name":"Compte-rendu BCE : Pr\u00e9visible et rassurant, selon Natixis - Gold.fr","isPartOf":{"@id":"https:\/\/www.gold.fr\/news\/#website"},"primaryImageOfPage":{"@id":"https:\/\/www.gold.fr\/news\/2014\/01\/09\/compte-rendu-bce-previsible-et-rassurant-selon-natixis\/#primaryimage"},"image":{"@id":"https:\/\/www.gold.fr\/news\/2014\/01\/09\/compte-rendu-bce-previsible-et-rassurant-selon-natixis\/#primaryimage"},"thumbnailUrl":"https:\/\/www.gold.fr\/news\/wp-content\/uploads\/2012\/01\/Europe.jpg","datePublished":"2014-01-09T16:00:00+00:00","dateModified":"2017-11-02T10:39:41+00:00","author":{"@id":"https:\/\/www.gold.fr\/news\/#\/schema\/person\/070491b4b4fb7671bf59b3be20302ce9"},"breadcrumb":{"@id":"https:\/\/www.gold.fr\/news\/2014\/01\/09\/compte-rendu-bce-previsible-et-rassurant-selon-natixis\/#breadcrumb"},"inLanguage":"fr-FR","potentialAction":[{"@type":"ReadAction","target":["https:\/\/www.gold.fr\/news\/2014\/01\/09\/compte-rendu-bce-previsible-et-rassurant-selon-natixis\/"]}]},{"@type":"ImageObject","inLanguage":"fr-FR","@id":"https:\/\/www.gold.fr\/news\/2014\/01\/09\/compte-rendu-bce-previsible-et-rassurant-selon-natixis\/#primaryimage","url":"https:\/\/www.gold.fr\/news\/wp-content\/uploads\/2012\/01\/Europe.jpg","contentUrl":"https:\/\/www.gold.fr\/news\/wp-content\/uploads\/2012\/01\/Europe.jpg","width":"600","height":"417"},{"@type":"BreadcrumbList","@id":"https:\/\/www.gold.fr\/news\/2014\/01\/09\/compte-rendu-bce-previsible-et-rassurant-selon-natixis\/#breadcrumb","itemListElement":[{"@type":"ListItem","position":1,"name":"Accueil","item":"https:\/\/www.gold.fr\/"},{"@type":"ListItem","position":2,"name":"Actualit\u00e9s","item":"https:\/\/www.gold.fr\/news\/"},{"@type":"ListItem","position":3,"name":"Compte-rendu BCE : Pr\u00e9visible et rassurant, selon Natixis"}]},{"@type":"WebSite","@id":"https:\/\/www.gold.fr\/news\/#website","url":"https:\/\/www.gold.fr\/news\/","name":"Gold.fr","description":"Actualit\u00e9s de l&#039;Or et des m\u00e9taux pr\u00e9cieux","potentialAction":[{"@type":"SearchAction","target":{"@type":"EntryPoint","urlTemplate":"https:\/\/www.gold.fr\/news\/?s={search_term_string}"},"query-input":{"@type":"PropertyValueSpecification","valueRequired":true,"valueName":"search_term_string"}}],"inLanguage":"fr-FR"},{"@type":"Person","@id":"https:\/\/www.gold.fr\/news\/#\/schema\/person\/070491b4b4fb7671bf59b3be20302ce9","name":"Comptoir National de l'Or","image":{"@type":"ImageObject","inLanguage":"fr-FR","@id":"https:\/\/secure.gravatar.com\/avatar\/0a2867fd5abe37bed95d5a65e9d58f01756e11efc68af9888dfc50cfa7f65948?s=96&d=mm&r=gb490554db0a38188709de567aa58480d","url":"https:\/\/secure.gravatar.com\/avatar\/0a2867fd5abe37bed95d5a65e9d58f01756e11efc68af9888dfc50cfa7f65948?s=96&d=mm&r=g","contentUrl":"https:\/\/secure.gravatar.com\/avatar\/0a2867fd5abe37bed95d5a65e9d58f01756e11efc68af9888dfc50cfa7f65948?s=96&d=mm&r=g","caption":"Comptoir National de l'Or"},"description":"Notre r\u00e9daction est constitu\u00e9e de membres experts dans les m\u00e9tiers de l'\u00e9conomie et la gestion, des Responsables d'agence Comptoir National de l'Or, des analystes financiers qui publient r\u00e9guli\u00e8rement des \u00e9tudes sur les politiques des banques centrales, le cours de l'or, prix de l'or, cours de l'argent, prix de l'argent, cours du platine, cours du palladium,... la situation en zone euro et l'impact de la strat\u00e9gie mon\u00e9taire de la FED. Notre \u00e9quipe scrute \u00e9galement une information plus g\u00e9n\u00e9raliste \u00e0 la recherche d'actualit\u00e9 \"p\u00e9pite\" \u00e0 vous partager. Depuis 5 ans, nous avons publi\u00e9 un peu plus de 4000 articles qui s'adressent \u00e0 un public large et vari\u00e9 ayant pour objectif de satisfaire votre curiosit\u00e9 et de partager avec vous une certaine fascination pour le m\u00e9tal jaune, le rachat d'or, et pour ceux qui veulent investir dans l'or, vendre leur or tout simplement en savoir plus... Pour tous vos achat or et argent, n'h\u00e9sitez pas \u00e0 prendre rendez-vous dans l'un de nos nombreux comptoirs.","sameAs":["https:\/\/www.gold.fr"]}]}},"authors":[{"term_id":2565,"user_id":18,"is_guest":0,"slug":"julie","display_name":"Comptoir National de l'Or","avatar_url":"https:\/\/secure.gravatar.com\/avatar\/713f289e398d35ead876c4a4cc08607f0d6d266058cfc25683fffb6092d0e572?s=96&d=mm&r=g","0":null,"1":"","2":"","3":"","4":"","5":"","6":"","7":"","8":""}],"_links":{"self":[{"href":"https:\/\/www.gold.fr\/news\/wp-json\/wp\/v2\/posts\/13574","targetHints":{"allow":["GET"]}}],"collection":[{"href":"https:\/\/www.gold.fr\/news\/wp-json\/wp\/v2\/posts"}],"about":[{"href":"https:\/\/www.gold.fr\/news\/wp-json\/wp\/v2\/types\/post"}],"author":[{"embeddable":true,"href":"https:\/\/www.gold.fr\/news\/wp-json\/wp\/v2\/users\/18"}],"replies":[{"embeddable":true,"href":"https:\/\/www.gold.fr\/news\/wp-json\/wp\/v2\/comments?post=13574"}],"version-history":[{"count":0,"href":"https:\/\/www.gold.fr\/news\/wp-json\/wp\/v2\/posts\/13574\/revisions"}],"wp:featuredmedia":[{"embeddable":true,"href":"https:\/\/www.gold.fr\/news\/wp-json\/wp\/v2\/media\/5011"}],"wp:attachment":[{"href":"https:\/\/www.gold.fr\/news\/wp-json\/wp\/v2\/media?parent=13574"}],"wp:term":[{"taxonomy":"category","embeddable":true,"href":"https:\/\/www.gold.fr\/news\/wp-json\/wp\/v2\/categories?post=13574"},{"taxonomy":"post_tag","embeddable":true,"href":"https:\/\/www.gold.fr\/news\/wp-json\/wp\/v2\/tags?post=13574"},{"taxonomy":"author","embeddable":true,"href":"https:\/\/www.gold.fr\/news\/wp-json\/wp\/v2\/ppma_author?post=13574"}],"curies":[{"name":"wp","href":"https:\/\/api.w.org\/{rel}","templated":true}]}}