{"id":13366,"date":"2013-12-03T17:00:58","date_gmt":"2013-12-03T16:00:58","guid":{"rendered":"https:\/\/www.gold.fr\/news\/?p=13366"},"modified":"2017-11-02T11:32:39","modified_gmt":"2017-11-02T10:32:39","slug":"linde-maintient-sa-demande-en-attendant-la-fed","status":"publish","type":"post","link":"https:\/\/www.gold.fr\/news\/2013\/12\/03\/linde-maintient-sa-demande-en-attendant-la-fed\/","title":{"rendered":"L\u2019Inde maintient sa demande, en attendant la FED"},"content":{"rendered":"<p><span style=\"font-size: small;\"><img loading=\"lazy\" decoding=\"async\" class=\"alignleft size-thumbnail wp-image-5130\" title=\"L\u2019Inde maintient sa demande, en attendant la FED\" src=\"https:\/\/www.gold.fr\/news\/wp-content\/uploads\/2012\/01\/Inde1-150x150.jpg\" alt=\"\" width=\"150\" height=\"150\" \/>En d\u00e9pit d&rsquo;une ann\u00e9e <strong>2013<\/strong> en dents de scie et d&rsquo;une \u00e9volution globale relativement stagnante pour le march\u00e9 aurif\u00e8re, les indiens ne semblent pas pr\u00e8s de retirer leur confiance et leur l\u00e9gendaire engouement pour la brillance du <a href='https:\/\/www.gold.fr\/news\/tags\/or' class='esk-seo-plu-link'>m\u00e9tal jaune<\/a>.<\/span>    <span style=\"font-size: small;\"> Rappelons que, \u00e0 l&rsquo;heure o\u00f9 l&rsquo;on parle, sur le march\u00e9 indien des m\u00e9taux pr\u00e9cieux, l&rsquo;<a href='https:\/\/www.gold.fr\/news\/tags\/or' class='esk-seo-plu-link'>or<\/a> se n\u00e9gocie \u00e0 une prime traduisant essentiellement \u00ab <em>une offre r\u00e9duite et une demande toujours soutenue<\/em> \u00bb (en comparaison de la prime n\u00e9goci\u00e9e sur les march\u00e9s internationaux). D&rsquo;apr\u00e8s <strong>Commerzbank<\/strong>, la prime indienne de l&rsquo;<a href='https:\/\/www.gold.fr\/news\/tags\/or' class='esk-seo-plu-link'>or<\/a> se situe quelque part entre <strong>120<\/strong> et <strong>130 dollars<\/strong>, avec une forte possibilit\u00e9 de briser le palier des <strong>150<\/strong> \u00e0<strong> 200 dollars<\/strong>, dans les quelques semaines \u00e0 venir, dans la mesure o\u00f9 d&rsquo;importantes acquisitions de <a href='https:\/\/www.gold.fr\/news\/tags\/or' class='esk-seo-plu-link'>m\u00e9tal jaune<\/a> seront effectu\u00e9es, sur cette p\u00e9riode, en pr\u00e9vision de la saison des mariages (premier trimestre <strong>2014<\/strong>).<\/span>    <span style=\"font-size: small;\"> Mais cette passion pour l&rsquo;<a href='https:\/\/www.gold.fr\/news\/tags\/or' class='esk-seo-plu-link'>or<\/a> (qui demeure, jusque l\u00e0, inaffect\u00e9e par les fluctuations externes des march\u00e9s \u00e9conomiques et financiers internationaux) sera toutefois mise \u00e0 rude \u00e9preuve, dans le cas o\u00f9 la r\u00e9serve f\u00e9d\u00e9rale am\u00e9ricaine d\u00e9cide de r\u00e9duire son fameux programme de voilure <strong>QE3<\/strong>. Selon les experts de <strong>Saxo Banque<\/strong>, les op\u00e9rateurs (indiens et internationaux) guetteront certainement tr\u00e8s attentivement \u00ab <em>les d\u00e9cisions de la politique mon\u00e9taire am\u00e9ricaine pour se positionner et ce rebond ressemble plus \u00e0 une opportunit\u00e9 \u00e0 court terme qu&rsquo;\u00e0 un retournement de tendance au vue des derniers chiffres am\u00e9ricains publi\u00e9s<\/em> \u00bb.<\/span><\/p>\n<!-- AddThis Advanced Settings generic via filter on the_content --><!-- AddThis Share Buttons generic via filter on the_content -->","protected":false},"excerpt":{"rendered":"<p>En d\u00e9pit d&rsquo;une ann\u00e9e 2013 en dents de scie et d&rsquo;une \u00e9volution globale relativement stagnante pour le march\u00e9 aurif\u00e8re, les indiens ne semblent pas pr\u00e8s de retirer leur confiance et leur l\u00e9gendaire engouement pour la brillance [&hellip;]<\/p>\n","protected":false},"author":18,"featured_media":5130,"comment_status":"open","ping_status":"open","sticky":false,"template":"","format":"standard","meta":{"_mbp_gutenberg_autopost":false,"_pgmb_is_evergreen":false,"_pgmb_ap_template_id":0,"footnotes":""},"categories":[6],"tags":[341,144,263,1035,1681,1682],"ppma_author":[2565],"class_list":["post-13366","post","type-post","status-publish","format-standard","has-post-thumbnail","hentry","category-articles-de-presse","tag-demande-or","tag-fed","tag-inde","tag-politique-monetaire","tag-prime-indienne","tag-qe3"],"yoast_head":"<!-- This site is optimized with the Yoast SEO plugin v27.5 - https:\/\/yoast.com\/product\/yoast-seo-wordpress\/ -->\n<title>L\u2019Inde maintient sa demande, en attendant la FED - Gold.fr<\/title>\n<meta name=\"robots\" content=\"index, follow, max-snippet:-1, max-image-preview:large, max-video-preview:-1\" \/>\n<link rel=\"canonical\" href=\"https:\/\/www.gold.fr\/news\/2013\/12\/03\/linde-maintient-sa-demande-en-attendant-la-fed\/\" \/>\n<meta property=\"og:locale\" content=\"fr_FR\" \/>\n<meta property=\"og:type\" content=\"article\" \/>\n<meta property=\"og:title\" content=\"L\u2019Inde maintient sa demande, en attendant la FED - Gold.fr\" \/>\n<meta property=\"og:description\" content=\"En d\u00e9pit d&rsquo;une ann\u00e9e 2013 en dents de scie et d&rsquo;une \u00e9volution globale relativement stagnante pour le march\u00e9 aurif\u00e8re, les indiens ne semblent pas pr\u00e8s de retirer leur confiance et leur l\u00e9gendaire engouement pour la brillance [&hellip;]\" \/>\n<meta property=\"og:url\" content=\"https:\/\/www.gold.fr\/news\/2013\/12\/03\/linde-maintient-sa-demande-en-attendant-la-fed\/\" \/>\n<meta property=\"og:site_name\" content=\"Gold.fr\" \/>\n<meta property=\"article:publisher\" content=\"https:\/\/www.facebook.com\/Goldfr\/\" \/>\n<meta property=\"article:published_time\" content=\"2013-12-03T16:00:58+00:00\" \/>\n<meta property=\"article:modified_time\" content=\"2017-11-02T10:32:39+00:00\" \/>\n<meta property=\"og:image\" content=\"https:\/\/www.gold.fr\/news\/wp-content\/uploads\/2012\/01\/Inde1.jpg\" \/>\n\t<meta property=\"og:image:width\" content=\"600\" \/>\n\t<meta property=\"og:image:height\" content=\"450\" \/>\n\t<meta property=\"og:image:type\" content=\"image\/jpeg\" \/>\n<meta name=\"author\" content=\"Comptoir National de l&#039;Or\" \/>\n<meta name=\"twitter:card\" content=\"summary_large_image\" \/>\n<meta name=\"twitter:label1\" content=\"\u00c9crit par\" \/>\n\t<meta name=\"twitter:data1\" content=\"Comptoir National de l&#039;Or\" \/>\n\t<meta name=\"twitter:label2\" content=\"Dur\u00e9e de lecture estim\u00e9e\" \/>\n\t<meta name=\"twitter:data2\" content=\"1 minute\" \/>\n<script type=\"application\/ld+json\" class=\"yoast-schema-graph\">{\"@context\":\"https:\\\/\\\/schema.org\",\"@graph\":[{\"@type\":\"Article\",\"@id\":\"https:\\\/\\\/www.gold.fr\\\/news\\\/2013\\\/12\\\/03\\\/linde-maintient-sa-demande-en-attendant-la-fed\\\/#article\",\"isPartOf\":{\"@id\":\"https:\\\/\\\/www.gold.fr\\\/news\\\/2013\\\/12\\\/03\\\/linde-maintient-sa-demande-en-attendant-la-fed\\\/\"},\"author\":{\"name\":\"Comptoir National de l'Or\",\"@id\":\"https:\\\/\\\/www.gold.fr\\\/news\\\/#\\\/schema\\\/person\\\/070491b4b4fb7671bf59b3be20302ce9\"},\"headline\":\"L\u2019Inde maintient sa demande, en attendant la FED\",\"datePublished\":\"2013-12-03T16:00:58+00:00\",\"dateModified\":\"2017-11-02T10:32:39+00:00\",\"mainEntityOfPage\":{\"@id\":\"https:\\\/\\\/www.gold.fr\\\/news\\\/2013\\\/12\\\/03\\\/linde-maintient-sa-demande-en-attendant-la-fed\\\/\"},\"wordCount\":267,\"commentCount\":0,\"image\":{\"@id\":\"https:\\\/\\\/www.gold.fr\\\/news\\\/2013\\\/12\\\/03\\\/linde-maintient-sa-demande-en-attendant-la-fed\\\/#primaryimage\"},\"thumbnailUrl\":\"https:\\\/\\\/www.gold.fr\\\/news\\\/wp-content\\\/uploads\\\/2012\\\/01\\\/Inde1.jpg\",\"keywords\":[\"Demande Or\",\"fed\",\"Inde\",\"politique mon\u00e9taire\",\"prime indienne\",\"QE3\"],\"articleSection\":[\"Articles de presse\"],\"inLanguage\":\"fr-FR\"},{\"@type\":\"WebPage\",\"@id\":\"https:\\\/\\\/www.gold.fr\\\/news\\\/2013\\\/12\\\/03\\\/linde-maintient-sa-demande-en-attendant-la-fed\\\/\",\"url\":\"https:\\\/\\\/www.gold.fr\\\/news\\\/2013\\\/12\\\/03\\\/linde-maintient-sa-demande-en-attendant-la-fed\\\/\",\"name\":\"L\u2019Inde maintient sa demande, en attendant la FED - Gold.fr\",\"isPartOf\":{\"@id\":\"https:\\\/\\\/www.gold.fr\\\/news\\\/#website\"},\"primaryImageOfPage\":{\"@id\":\"https:\\\/\\\/www.gold.fr\\\/news\\\/2013\\\/12\\\/03\\\/linde-maintient-sa-demande-en-attendant-la-fed\\\/#primaryimage\"},\"image\":{\"@id\":\"https:\\\/\\\/www.gold.fr\\\/news\\\/2013\\\/12\\\/03\\\/linde-maintient-sa-demande-en-attendant-la-fed\\\/#primaryimage\"},\"thumbnailUrl\":\"https:\\\/\\\/www.gold.fr\\\/news\\\/wp-content\\\/uploads\\\/2012\\\/01\\\/Inde1.jpg\",\"datePublished\":\"2013-12-03T16:00:58+00:00\",\"dateModified\":\"2017-11-02T10:32:39+00:00\",\"author\":{\"@id\":\"https:\\\/\\\/www.gold.fr\\\/news\\\/#\\\/schema\\\/person\\\/070491b4b4fb7671bf59b3be20302ce9\"},\"breadcrumb\":{\"@id\":\"https:\\\/\\\/www.gold.fr\\\/news\\\/2013\\\/12\\\/03\\\/linde-maintient-sa-demande-en-attendant-la-fed\\\/#breadcrumb\"},\"inLanguage\":\"fr-FR\",\"potentialAction\":[{\"@type\":\"ReadAction\",\"target\":[\"https:\\\/\\\/www.gold.fr\\\/news\\\/2013\\\/12\\\/03\\\/linde-maintient-sa-demande-en-attendant-la-fed\\\/\"]}]},{\"@type\":\"ImageObject\",\"inLanguage\":\"fr-FR\",\"@id\":\"https:\\\/\\\/www.gold.fr\\\/news\\\/2013\\\/12\\\/03\\\/linde-maintient-sa-demande-en-attendant-la-fed\\\/#primaryimage\",\"url\":\"https:\\\/\\\/www.gold.fr\\\/news\\\/wp-content\\\/uploads\\\/2012\\\/01\\\/Inde1.jpg\",\"contentUrl\":\"https:\\\/\\\/www.gold.fr\\\/news\\\/wp-content\\\/uploads\\\/2012\\\/01\\\/Inde1.jpg\",\"width\":\"600\",\"height\":\"450\",\"caption\":\"marche-or-inde\"},{\"@type\":\"BreadcrumbList\",\"@id\":\"https:\\\/\\\/www.gold.fr\\\/news\\\/2013\\\/12\\\/03\\\/linde-maintient-sa-demande-en-attendant-la-fed\\\/#breadcrumb\",\"itemListElement\":[{\"@type\":\"ListItem\",\"position\":1,\"name\":\"Accueil\",\"item\":\"https:\\\/\\\/www.gold.fr\\\/\"},{\"@type\":\"ListItem\",\"position\":2,\"name\":\"Actualit\u00e9s\",\"item\":\"https:\\\/\\\/www.gold.fr\\\/news\\\/\"},{\"@type\":\"ListItem\",\"position\":3,\"name\":\"L\u2019Inde maintient sa demande, en attendant la FED\"}]},{\"@type\":\"WebSite\",\"@id\":\"https:\\\/\\\/www.gold.fr\\\/news\\\/#website\",\"url\":\"https:\\\/\\\/www.gold.fr\\\/news\\\/\",\"name\":\"Gold.fr\",\"description\":\"Actualit\u00e9s de l&#039;Or et des m\u00e9taux pr\u00e9cieux\",\"potentialAction\":[{\"@type\":\"SearchAction\",\"target\":{\"@type\":\"EntryPoint\",\"urlTemplate\":\"https:\\\/\\\/www.gold.fr\\\/news\\\/?s={search_term_string}\"},\"query-input\":{\"@type\":\"PropertyValueSpecification\",\"valueRequired\":true,\"valueName\":\"search_term_string\"}}],\"inLanguage\":\"fr-FR\"},{\"@type\":\"Person\",\"@id\":\"https:\\\/\\\/www.gold.fr\\\/news\\\/#\\\/schema\\\/person\\\/070491b4b4fb7671bf59b3be20302ce9\",\"name\":\"Comptoir National de l'Or\",\"image\":{\"@type\":\"ImageObject\",\"inLanguage\":\"fr-FR\",\"@id\":\"https:\\\/\\\/secure.gravatar.com\\\/avatar\\\/0a2867fd5abe37bed95d5a65e9d58f01756e11efc68af9888dfc50cfa7f65948?s=96&d=mm&r=gb490554db0a38188709de567aa58480d\",\"url\":\"https:\\\/\\\/secure.gravatar.com\\\/avatar\\\/0a2867fd5abe37bed95d5a65e9d58f01756e11efc68af9888dfc50cfa7f65948?s=96&d=mm&r=g\",\"contentUrl\":\"https:\\\/\\\/secure.gravatar.com\\\/avatar\\\/0a2867fd5abe37bed95d5a65e9d58f01756e11efc68af9888dfc50cfa7f65948?s=96&d=mm&r=g\",\"caption\":\"Comptoir National de l'Or\"},\"description\":\"Notre r\u00e9daction est constitu\u00e9e de membres experts dans les m\u00e9tiers de l'\u00e9conomie et la gestion, des Responsables d'agence Comptoir National de l'Or, des analystes financiers qui publient r\u00e9guli\u00e8rement des \u00e9tudes sur les politiques des banques centrales, le cours de l'or, prix de l'or, cours de l'argent, prix de l'argent, cours du platine, cours du palladium,... la situation en zone euro et l'impact de la strat\u00e9gie mon\u00e9taire de la FED. Notre \u00e9quipe scrute \u00e9galement une information plus g\u00e9n\u00e9raliste \u00e0 la recherche d'actualit\u00e9 \\\"p\u00e9pite\\\" \u00e0 vous partager. Depuis 5 ans, nous avons publi\u00e9 un peu plus de 4000 articles qui s'adressent \u00e0 un public large et vari\u00e9 ayant pour objectif de satisfaire votre curiosit\u00e9 et de partager avec vous une certaine fascination pour le m\u00e9tal jaune, le rachat d'or, et pour ceux qui veulent investir dans l'or, vendre leur or tout simplement en savoir plus... Pour tous vos achat or et argent, n'h\u00e9sitez pas \u00e0 prendre rendez-vous dans l'un de nos nombreux comptoirs.\",\"sameAs\":[\"https:\\\/\\\/www.gold.fr\"]}]}<\/script>\n<!-- \/ Yoast SEO plugin. -->","yoast_head_json":{"title":"L\u2019Inde maintient sa demande, en attendant la FED - Gold.fr","robots":{"index":"index","follow":"follow","max-snippet":"max-snippet:-1","max-image-preview":"max-image-preview:large","max-video-preview":"max-video-preview:-1"},"canonical":"https:\/\/www.gold.fr\/news\/2013\/12\/03\/linde-maintient-sa-demande-en-attendant-la-fed\/","og_locale":"fr_FR","og_type":"article","og_title":"L\u2019Inde maintient sa demande, en attendant la FED - Gold.fr","og_description":"En d\u00e9pit d&rsquo;une ann\u00e9e 2013 en dents de scie et d&rsquo;une \u00e9volution globale relativement stagnante pour le march\u00e9 aurif\u00e8re, les indiens ne semblent pas pr\u00e8s de retirer leur confiance et leur l\u00e9gendaire engouement pour la brillance [&hellip;]","og_url":"https:\/\/www.gold.fr\/news\/2013\/12\/03\/linde-maintient-sa-demande-en-attendant-la-fed\/","og_site_name":"Gold.fr","article_publisher":"https:\/\/www.facebook.com\/Goldfr\/","article_published_time":"2013-12-03T16:00:58+00:00","article_modified_time":"2017-11-02T10:32:39+00:00","og_image":[{"width":600,"height":450,"url":"https:\/\/www.gold.fr\/news\/wp-content\/uploads\/2012\/01\/Inde1.jpg","type":"image\/jpeg"}],"author":"Comptoir National de l'Or","twitter_card":"summary_large_image","twitter_misc":{"\u00c9crit par":"Comptoir National de l'Or","Dur\u00e9e de lecture estim\u00e9e":"1 minute"},"schema":{"@context":"https:\/\/schema.org","@graph":[{"@type":"Article","@id":"https:\/\/www.gold.fr\/news\/2013\/12\/03\/linde-maintient-sa-demande-en-attendant-la-fed\/#article","isPartOf":{"@id":"https:\/\/www.gold.fr\/news\/2013\/12\/03\/linde-maintient-sa-demande-en-attendant-la-fed\/"},"author":{"name":"Comptoir National de l'Or","@id":"https:\/\/www.gold.fr\/news\/#\/schema\/person\/070491b4b4fb7671bf59b3be20302ce9"},"headline":"L\u2019Inde maintient sa demande, en attendant la FED","datePublished":"2013-12-03T16:00:58+00:00","dateModified":"2017-11-02T10:32:39+00:00","mainEntityOfPage":{"@id":"https:\/\/www.gold.fr\/news\/2013\/12\/03\/linde-maintient-sa-demande-en-attendant-la-fed\/"},"wordCount":267,"commentCount":0,"image":{"@id":"https:\/\/www.gold.fr\/news\/2013\/12\/03\/linde-maintient-sa-demande-en-attendant-la-fed\/#primaryimage"},"thumbnailUrl":"https:\/\/www.gold.fr\/news\/wp-content\/uploads\/2012\/01\/Inde1.jpg","keywords":["Demande Or","fed","Inde","politique mon\u00e9taire","prime indienne","QE3"],"articleSection":["Articles de presse"],"inLanguage":"fr-FR"},{"@type":"WebPage","@id":"https:\/\/www.gold.fr\/news\/2013\/12\/03\/linde-maintient-sa-demande-en-attendant-la-fed\/","url":"https:\/\/www.gold.fr\/news\/2013\/12\/03\/linde-maintient-sa-demande-en-attendant-la-fed\/","name":"L\u2019Inde maintient sa demande, en attendant la FED - Gold.fr","isPartOf":{"@id":"https:\/\/www.gold.fr\/news\/#website"},"primaryImageOfPage":{"@id":"https:\/\/www.gold.fr\/news\/2013\/12\/03\/linde-maintient-sa-demande-en-attendant-la-fed\/#primaryimage"},"image":{"@id":"https:\/\/www.gold.fr\/news\/2013\/12\/03\/linde-maintient-sa-demande-en-attendant-la-fed\/#primaryimage"},"thumbnailUrl":"https:\/\/www.gold.fr\/news\/wp-content\/uploads\/2012\/01\/Inde1.jpg","datePublished":"2013-12-03T16:00:58+00:00","dateModified":"2017-11-02T10:32:39+00:00","author":{"@id":"https:\/\/www.gold.fr\/news\/#\/schema\/person\/070491b4b4fb7671bf59b3be20302ce9"},"breadcrumb":{"@id":"https:\/\/www.gold.fr\/news\/2013\/12\/03\/linde-maintient-sa-demande-en-attendant-la-fed\/#breadcrumb"},"inLanguage":"fr-FR","potentialAction":[{"@type":"ReadAction","target":["https:\/\/www.gold.fr\/news\/2013\/12\/03\/linde-maintient-sa-demande-en-attendant-la-fed\/"]}]},{"@type":"ImageObject","inLanguage":"fr-FR","@id":"https:\/\/www.gold.fr\/news\/2013\/12\/03\/linde-maintient-sa-demande-en-attendant-la-fed\/#primaryimage","url":"https:\/\/www.gold.fr\/news\/wp-content\/uploads\/2012\/01\/Inde1.jpg","contentUrl":"https:\/\/www.gold.fr\/news\/wp-content\/uploads\/2012\/01\/Inde1.jpg","width":"600","height":"450","caption":"marche-or-inde"},{"@type":"BreadcrumbList","@id":"https:\/\/www.gold.fr\/news\/2013\/12\/03\/linde-maintient-sa-demande-en-attendant-la-fed\/#breadcrumb","itemListElement":[{"@type":"ListItem","position":1,"name":"Accueil","item":"https:\/\/www.gold.fr\/"},{"@type":"ListItem","position":2,"name":"Actualit\u00e9s","item":"https:\/\/www.gold.fr\/news\/"},{"@type":"ListItem","position":3,"name":"L\u2019Inde maintient sa demande, en attendant la FED"}]},{"@type":"WebSite","@id":"https:\/\/www.gold.fr\/news\/#website","url":"https:\/\/www.gold.fr\/news\/","name":"Gold.fr","description":"Actualit\u00e9s de l&#039;Or et des m\u00e9taux pr\u00e9cieux","potentialAction":[{"@type":"SearchAction","target":{"@type":"EntryPoint","urlTemplate":"https:\/\/www.gold.fr\/news\/?s={search_term_string}"},"query-input":{"@type":"PropertyValueSpecification","valueRequired":true,"valueName":"search_term_string"}}],"inLanguage":"fr-FR"},{"@type":"Person","@id":"https:\/\/www.gold.fr\/news\/#\/schema\/person\/070491b4b4fb7671bf59b3be20302ce9","name":"Comptoir National de l'Or","image":{"@type":"ImageObject","inLanguage":"fr-FR","@id":"https:\/\/secure.gravatar.com\/avatar\/0a2867fd5abe37bed95d5a65e9d58f01756e11efc68af9888dfc50cfa7f65948?s=96&d=mm&r=gb490554db0a38188709de567aa58480d","url":"https:\/\/secure.gravatar.com\/avatar\/0a2867fd5abe37bed95d5a65e9d58f01756e11efc68af9888dfc50cfa7f65948?s=96&d=mm&r=g","contentUrl":"https:\/\/secure.gravatar.com\/avatar\/0a2867fd5abe37bed95d5a65e9d58f01756e11efc68af9888dfc50cfa7f65948?s=96&d=mm&r=g","caption":"Comptoir National de l'Or"},"description":"Notre r\u00e9daction est constitu\u00e9e de membres experts dans les m\u00e9tiers de l'\u00e9conomie et la gestion, des Responsables d'agence Comptoir National de l'Or, des analystes financiers qui publient r\u00e9guli\u00e8rement des \u00e9tudes sur les politiques des banques centrales, le cours de l'or, prix de l'or, cours de l'argent, prix de l'argent, cours du platine, cours du palladium,... la situation en zone euro et l'impact de la strat\u00e9gie mon\u00e9taire de la FED. Notre \u00e9quipe scrute \u00e9galement une information plus g\u00e9n\u00e9raliste \u00e0 la recherche d'actualit\u00e9 \"p\u00e9pite\" \u00e0 vous partager. Depuis 5 ans, nous avons publi\u00e9 un peu plus de 4000 articles qui s'adressent \u00e0 un public large et vari\u00e9 ayant pour objectif de satisfaire votre curiosit\u00e9 et de partager avec vous une certaine fascination pour le m\u00e9tal jaune, le rachat d'or, et pour ceux qui veulent investir dans l'or, vendre leur or tout simplement en savoir plus... Pour tous vos achat or et argent, n'h\u00e9sitez pas \u00e0 prendre rendez-vous dans l'un de nos nombreux comptoirs.","sameAs":["https:\/\/www.gold.fr"]}]}},"authors":[{"term_id":2565,"user_id":18,"is_guest":0,"slug":"julie","display_name":"Comptoir National de l'Or","avatar_url":"https:\/\/secure.gravatar.com\/avatar\/713f289e398d35ead876c4a4cc08607f0d6d266058cfc25683fffb6092d0e572?s=96&d=mm&r=g","0":null,"1":"","2":"","3":"","4":"","5":"","6":"","7":"","8":""}],"_links":{"self":[{"href":"https:\/\/www.gold.fr\/news\/wp-json\/wp\/v2\/posts\/13366","targetHints":{"allow":["GET"]}}],"collection":[{"href":"https:\/\/www.gold.fr\/news\/wp-json\/wp\/v2\/posts"}],"about":[{"href":"https:\/\/www.gold.fr\/news\/wp-json\/wp\/v2\/types\/post"}],"author":[{"embeddable":true,"href":"https:\/\/www.gold.fr\/news\/wp-json\/wp\/v2\/users\/18"}],"replies":[{"embeddable":true,"href":"https:\/\/www.gold.fr\/news\/wp-json\/wp\/v2\/comments?post=13366"}],"version-history":[{"count":0,"href":"https:\/\/www.gold.fr\/news\/wp-json\/wp\/v2\/posts\/13366\/revisions"}],"wp:featuredmedia":[{"embeddable":true,"href":"https:\/\/www.gold.fr\/news\/wp-json\/wp\/v2\/media\/5130"}],"wp:attachment":[{"href":"https:\/\/www.gold.fr\/news\/wp-json\/wp\/v2\/media?parent=13366"}],"wp:term":[{"taxonomy":"category","embeddable":true,"href":"https:\/\/www.gold.fr\/news\/wp-json\/wp\/v2\/categories?post=13366"},{"taxonomy":"post_tag","embeddable":true,"href":"https:\/\/www.gold.fr\/news\/wp-json\/wp\/v2\/tags?post=13366"},{"taxonomy":"author","embeddable":true,"href":"https:\/\/www.gold.fr\/news\/wp-json\/wp\/v2\/ppma_author?post=13366"}],"curies":[{"name":"wp","href":"https:\/\/api.w.org\/{rel}","templated":true}]}}