{"id":13359,"date":"2013-12-03T09:45:38","date_gmt":"2013-12-03T08:45:38","guid":{"rendered":"https:\/\/www.gold.fr\/news\/?p=13359"},"modified":"2021-01-13T16:44:27","modified_gmt":"2021-01-13T15:44:27","slug":"cours-de-lor-le-calme-avant-la-tempete","status":"publish","type":"post","link":"https:\/\/www.gold.fr\/news\/2013\/12\/03\/cours-de-lor-le-calme-avant-la-tempete\/","title":{"rendered":"Cours de l&rsquo;Or, le calme avant la temp\u00eate&#8230;?"},"content":{"rendered":"<p dir=\"ltr\"><img loading=\"lazy\" decoding=\"async\" class=\"alignleft size-thumbnail wp-image-12360\" title=\"Evolution de l\u2019or \u2013 Une baisse qui ne saurait durer\" src=\"https:\/\/www.gold.fr\/news\/wp-content\/uploads\/2013\/07\/dollar-or-150x150.jpg\" alt=\"\" width=\"150\" height=\"150\" \/>Interview\u00e9 r\u00e9cemment \u00e0 Kitco sur la tendance de l&rsquo;<a class=\"esk-seo-plu-link\" href=\"https:\/\/www.gold.fr\/news\/tags\/or\">or<\/a>, David Bensimon Pr\u00e9sident et fondateur de Polar Pacific, s&rsquo;est exprim\u00e9 en faveur d&rsquo;un mouvement tr\u00e8s haussier \u00e0 moyen et long terme mais tr\u00e8s baissier \u00e0 tr\u00e8s court terme. En fait, il ne con\u00e7oit pas de nouvelle hausse des <a class=\"esk-seo-plu-link\" href=\"https:\/\/www.gold.fr\/news\/tags\/cours-de-lor\">cours de l&rsquo;or<\/a> sans une chute de 12% par rapport \u00e0 leurs niveaux actuels.<\/p>\n<p dir=\"ltr\"><strong>Bensimon<\/strong> a notamment attir\u00e9 l&rsquo;attention sur les mouvements du march\u00e9 de l&rsquo;<a class=\"esk-seo-plu-link\" href=\"https:\/\/www.gold.fr\/news\/tags\/or\">or<\/a>. Avec un plus bas de 1,182.60 dollars au mois de juin, un pic de 1434 dollars au mois d&rsquo;ao\u00fbt et un seuil de r\u00e9sistance de 1,361.8 dollars au mois d&rsquo;octobre, il y a l\u00e0 un mod\u00e8le de correction typique favorisant la poursuite de la baisse des cours. Pour lui, le march\u00e9 de l&rsquo;<a class=\"esk-seo-plu-link\" href=\"https:\/\/www.gold.fr\/news\/tags\/or\">or<\/a> a besoin que le cours atteigne 1090 dollars l&rsquo;once, soit le niveau de support r\u00e9el (comme celui de 2001), avant d&rsquo;entamer son mouvement haussier. En cela, Bensimon diverge des autres analystes lesquels consid\u00e8rent que le support r\u00e9el est celui enregistr\u00e9 au moins de juin dernier.<\/p>\n<p dir=\"ltr\">Il explique par ailleurs, que m\u00eame si la demande physique a contribu\u00e9 \u00e0 la stabilisation des prix \u00e0 la suite des chutes des cours de l&rsquo;once en avril et juin derniers, son impact sur l&rsquo;\u00e9volution des prix actuellement demeure faible. De plus, il estime que les acheteurs recommenceront \u00e0 acheter d\u00e8s que les prix remonteront. Il affirme que ces derniers se sentent quelque peu \u00ab\u00a0d\u00e9boussol\u00e9s\u00a0\u00bb pour le moment \u00e0 cause de l&rsquo;\u00e9volution actuelle du march\u00e9 de l&rsquo;<a class=\"esk-seo-plu-link\" href=\"https:\/\/www.gold.fr\/news\/tags\/or\">or<\/a>.<\/p>\n<p><strong>Bensimon<\/strong> a soulign\u00e9 que les investisseurs devraient \u00e9galement se replier sur l&rsquo;<a class=\"esk-seo-plu-link\" href=\"https:\/\/www.gold.fr\/news\/tags\/or\">or<\/a> et accro\u00eetre leur demande pour se pr\u00e9munir contre l&rsquo;inflation, puisque d\u00e9sormais les politiques mon\u00e9taires accommodantes et les faibles taux d&rsquo;int\u00e9r\u00eat sont cens\u00e9s l&rsquo;acc\u00e9l\u00e9rer rapidement. La situation pourrait bien ressembler \u00e0 celle des ann\u00e9es 70 sachant qu&rsquo;\u00e0 cette \u00e9poque, le cours de l&rsquo;once d&rsquo;<a class=\"esk-seo-plu-link\" href=\"https:\/\/www.gold.fr\/news\/tags\/or\">or<\/a> est pass\u00e9 de 35 dollars \u00e0 850 dollars. Bensimon reste donc tr\u00e8s haussier sur l&rsquo;<a class=\"esk-seo-plu-link\" href=\"https:\/\/www.gold.fr\/news\/tags\/or\">or<\/a> \u00e0 long terme consid\u00e9rant qu&rsquo;au cours des 20 prochaines ann\u00e9es, nous assisterons \u00e0 une augmentation des taux d&rsquo;int\u00e9r\u00eat et \u00e0 une explosion de l&rsquo;inflation !<\/p>\n<!-- AddThis Advanced Settings generic via filter on the_content --><!-- AddThis Share Buttons generic via filter on the_content -->","protected":false},"excerpt":{"rendered":"<p>Interview\u00e9 r\u00e9cemment \u00e0 Kitco sur la tendance de l&rsquo;or, David Bensimon Pr\u00e9sident et fondateur de Polar Pacific, s&rsquo;est exprim\u00e9 en faveur d&rsquo;un mouvement tr\u00e8s haussier \u00e0 moyen et long terme mais tr\u00e8s baissier \u00e0 tr\u00e8s court [&hellip;]<\/p>\n","protected":false},"author":11,"featured_media":12360,"comment_status":"closed","ping_status":"closed","sticky":false,"template":"","format":"standard","meta":{"_mbp_gutenberg_autopost":false,"_pgmb_is_evergreen":false,"_pgmb_ap_template_id":0,"footnotes":""},"categories":[6,5],"tags":[76,80,84],"ppma_author":[2562],"class_list":["post-13359","post","type-post","status-publish","format-standard","has-post-thumbnail","hentry","category-articles-de-presse","category-flash-infos","tag-or","tag-tendance-or","tag-cours-de-lor"],"yoast_head":"<!-- This site is optimized with the Yoast SEO plugin v27.5 - https:\/\/yoast.com\/product\/yoast-seo-wordpress\/ -->\n<title>Cours de l&#039;Or, le calme avant la temp\u00eate...? - Gold.fr<\/title>\n<meta name=\"description\" content=\"Cours de l\u2019Or, le calme avant la temp\u00eate\u2026? Suivez l&#039;\u00e9volution du cours de l&#039;or, de l&#039;argent et d&#039;autres m\u00e9taux pr\u00e9cieux sur Gold.fr, le site d&#039;experts du Comptoir National de l&#039;Or.\" \/>\n<meta name=\"robots\" content=\"index, follow, max-snippet:-1, max-image-preview:large, max-video-preview:-1\" \/>\n<link rel=\"canonical\" href=\"https:\/\/www.gold.fr\/news\/2013\/12\/03\/cours-de-lor-le-calme-avant-la-tempete\/\" \/>\n<meta property=\"og:locale\" content=\"fr_FR\" \/>\n<meta property=\"og:type\" content=\"article\" \/>\n<meta property=\"og:title\" content=\"Cours de l&#039;Or, le calme avant la temp\u00eate...? - Gold.fr\" \/>\n<meta property=\"og:description\" content=\"Cours de l\u2019Or, le calme avant la temp\u00eate\u2026? Suivez l&#039;\u00e9volution du cours de l&#039;or, de l&#039;argent et d&#039;autres m\u00e9taux pr\u00e9cieux sur Gold.fr, le site d&#039;experts du Comptoir National de l&#039;Or.\" \/>\n<meta property=\"og:url\" content=\"https:\/\/www.gold.fr\/news\/2013\/12\/03\/cours-de-lor-le-calme-avant-la-tempete\/\" \/>\n<meta property=\"og:site_name\" content=\"Gold.fr\" \/>\n<meta property=\"article:publisher\" content=\"https:\/\/www.facebook.com\/Goldfr\/\" \/>\n<meta property=\"article:published_time\" content=\"2013-12-03T08:45:38+00:00\" \/>\n<meta property=\"article:modified_time\" content=\"2021-01-13T15:44:27+00:00\" \/>\n<meta property=\"og:image\" content=\"https:\/\/www.gold.fr\/news\/wp-content\/uploads\/2013\/07\/dollar-or.jpg\" \/>\n\t<meta property=\"og:image:width\" content=\"605\" \/>\n\t<meta property=\"og:image:height\" content=\"403\" \/>\n\t<meta property=\"og:image:type\" content=\"image\/jpeg\" \/>\n<meta name=\"author\" content=\"Anthony\" \/>\n<meta name=\"twitter:card\" content=\"summary_large_image\" \/>\n<meta name=\"twitter:label1\" content=\"\u00c9crit par\" \/>\n\t<meta name=\"twitter:data1\" content=\"Anthony\" \/>\n\t<meta name=\"twitter:label2\" content=\"Dur\u00e9e de lecture estim\u00e9e\" \/>\n\t<meta name=\"twitter:data2\" content=\"2 minutes\" \/>\n<script type=\"application\/ld+json\" class=\"yoast-schema-graph\">{\"@context\":\"https:\\\/\\\/schema.org\",\"@graph\":[{\"@type\":\"Article\",\"@id\":\"https:\\\/\\\/www.gold.fr\\\/news\\\/2013\\\/12\\\/03\\\/cours-de-lor-le-calme-avant-la-tempete\\\/#article\",\"isPartOf\":{\"@id\":\"https:\\\/\\\/www.gold.fr\\\/news\\\/2013\\\/12\\\/03\\\/cours-de-lor-le-calme-avant-la-tempete\\\/\"},\"author\":{\"name\":\"Anthony\",\"@id\":\"https:\\\/\\\/www.gold.fr\\\/news\\\/#\\\/schema\\\/person\\\/feb6458ffd7bceeeb4e228398c34fbe5\"},\"headline\":\"Cours de l&rsquo;Or, le calme avant la temp\u00eate&#8230;?\",\"datePublished\":\"2013-12-03T08:45:38+00:00\",\"dateModified\":\"2021-01-13T15:44:27+00:00\",\"mainEntityOfPage\":{\"@id\":\"https:\\\/\\\/www.gold.fr\\\/news\\\/2013\\\/12\\\/03\\\/cours-de-lor-le-calme-avant-la-tempete\\\/\"},\"wordCount\":385,\"image\":{\"@id\":\"https:\\\/\\\/www.gold.fr\\\/news\\\/2013\\\/12\\\/03\\\/cours-de-lor-le-calme-avant-la-tempete\\\/#primaryimage\"},\"thumbnailUrl\":\"https:\\\/\\\/www.gold.fr\\\/news\\\/wp-content\\\/uploads\\\/2013\\\/07\\\/dollar-or.jpg\",\"keywords\":[\"Or\",\"tendance or\",\"Tout Cours de l'Or\"],\"articleSection\":[\"Articles de presse\",\"Flash infos\"],\"inLanguage\":\"fr-FR\"},{\"@type\":\"WebPage\",\"@id\":\"https:\\\/\\\/www.gold.fr\\\/news\\\/2013\\\/12\\\/03\\\/cours-de-lor-le-calme-avant-la-tempete\\\/\",\"url\":\"https:\\\/\\\/www.gold.fr\\\/news\\\/2013\\\/12\\\/03\\\/cours-de-lor-le-calme-avant-la-tempete\\\/\",\"name\":\"Cours de l'Or, le calme avant la temp\u00eate...? - Gold.fr\",\"isPartOf\":{\"@id\":\"https:\\\/\\\/www.gold.fr\\\/news\\\/#website\"},\"primaryImageOfPage\":{\"@id\":\"https:\\\/\\\/www.gold.fr\\\/news\\\/2013\\\/12\\\/03\\\/cours-de-lor-le-calme-avant-la-tempete\\\/#primaryimage\"},\"image\":{\"@id\":\"https:\\\/\\\/www.gold.fr\\\/news\\\/2013\\\/12\\\/03\\\/cours-de-lor-le-calme-avant-la-tempete\\\/#primaryimage\"},\"thumbnailUrl\":\"https:\\\/\\\/www.gold.fr\\\/news\\\/wp-content\\\/uploads\\\/2013\\\/07\\\/dollar-or.jpg\",\"datePublished\":\"2013-12-03T08:45:38+00:00\",\"dateModified\":\"2021-01-13T15:44:27+00:00\",\"author\":{\"@id\":\"https:\\\/\\\/www.gold.fr\\\/news\\\/#\\\/schema\\\/person\\\/feb6458ffd7bceeeb4e228398c34fbe5\"},\"description\":\"Cours de l\u2019Or, le calme avant la temp\u00eate\u2026? Suivez l'\u00e9volution du cours de l'or, de l'argent et d'autres m\u00e9taux pr\u00e9cieux sur Gold.fr, le site d'experts du Comptoir National de l'Or.\",\"breadcrumb\":{\"@id\":\"https:\\\/\\\/www.gold.fr\\\/news\\\/2013\\\/12\\\/03\\\/cours-de-lor-le-calme-avant-la-tempete\\\/#breadcrumb\"},\"inLanguage\":\"fr-FR\",\"potentialAction\":[{\"@type\":\"ReadAction\",\"target\":[\"https:\\\/\\\/www.gold.fr\\\/news\\\/2013\\\/12\\\/03\\\/cours-de-lor-le-calme-avant-la-tempete\\\/\"]}]},{\"@type\":\"ImageObject\",\"inLanguage\":\"fr-FR\",\"@id\":\"https:\\\/\\\/www.gold.fr\\\/news\\\/2013\\\/12\\\/03\\\/cours-de-lor-le-calme-avant-la-tempete\\\/#primaryimage\",\"url\":\"https:\\\/\\\/www.gold.fr\\\/news\\\/wp-content\\\/uploads\\\/2013\\\/07\\\/dollar-or.jpg\",\"contentUrl\":\"https:\\\/\\\/www.gold.fr\\\/news\\\/wp-content\\\/uploads\\\/2013\\\/07\\\/dollar-or.jpg\",\"width\":\"605\",\"height\":\"403\",\"caption\":\"L\u2019or enregistre un pic de deux mois\"},{\"@type\":\"BreadcrumbList\",\"@id\":\"https:\\\/\\\/www.gold.fr\\\/news\\\/2013\\\/12\\\/03\\\/cours-de-lor-le-calme-avant-la-tempete\\\/#breadcrumb\",\"itemListElement\":[{\"@type\":\"ListItem\",\"position\":1,\"name\":\"Accueil\",\"item\":\"https:\\\/\\\/www.gold.fr\\\/\"},{\"@type\":\"ListItem\",\"position\":2,\"name\":\"Actualit\u00e9s\",\"item\":\"https:\\\/\\\/www.gold.fr\\\/news\\\/\"},{\"@type\":\"ListItem\",\"position\":3,\"name\":\"Cours de l&rsquo;Or, le calme avant la temp\u00eate&#8230;?\"}]},{\"@type\":\"WebSite\",\"@id\":\"https:\\\/\\\/www.gold.fr\\\/news\\\/#website\",\"url\":\"https:\\\/\\\/www.gold.fr\\\/news\\\/\",\"name\":\"Gold.fr\",\"description\":\"Actualit\u00e9s de l&#039;Or et des m\u00e9taux pr\u00e9cieux\",\"potentialAction\":[{\"@type\":\"SearchAction\",\"target\":{\"@type\":\"EntryPoint\",\"urlTemplate\":\"https:\\\/\\\/www.gold.fr\\\/news\\\/?s={search_term_string}\"},\"query-input\":{\"@type\":\"PropertyValueSpecification\",\"valueRequired\":true,\"valueName\":\"search_term_string\"}}],\"inLanguage\":\"fr-FR\"},{\"@type\":\"Person\",\"@id\":\"https:\\\/\\\/www.gold.fr\\\/news\\\/#\\\/schema\\\/person\\\/feb6458ffd7bceeeb4e228398c34fbe5\",\"name\":\"Anthony\",\"image\":{\"@type\":\"ImageObject\",\"inLanguage\":\"fr-FR\",\"@id\":\"https:\\\/\\\/secure.gravatar.com\\\/avatar\\\/19974f7c75da5f0b217374f3a37eb05031e41aaad4ceb3fe17ada2ab3daf6b95?s=96&d=mm&r=gbc5324aff3d366843e00df00c899c1a8\",\"url\":\"https:\\\/\\\/secure.gravatar.com\\\/avatar\\\/19974f7c75da5f0b217374f3a37eb05031e41aaad4ceb3fe17ada2ab3daf6b95?s=96&d=mm&r=g\",\"contentUrl\":\"https:\\\/\\\/secure.gravatar.com\\\/avatar\\\/19974f7c75da5f0b217374f3a37eb05031e41aaad4ceb3fe17ada2ab3daf6b95?s=96&d=mm&r=g\",\"caption\":\"Anthony\"},\"description\":\"Notre r\u00e9daction est constitu\u00e9e de membres experts dans les m\u00e9tiers de l'\u00e9conomie et la gestion, des Responsables d'agence Comptoir National de l'Or, des analystes financiers qui publient r\u00e9guli\u00e8rement des \u00e9tudes sur les politiques des banques centrales, le cours de l'or, le cours de l'argent, cours du platine, cours du palladium... la situation en zone euro et l'impact de la strat\u00e9gie mon\u00e9taire de la FED. Notre \u00e9quipe scrute \u00e9galement une information plus g\u00e9n\u00e9raliste \u00e0 la recherche d'actualit\u00e9 \\\"p\u00e9pite\\\" \u00e0 vous partager. Depuis 5 ans, nous avons publi\u00e9 un peu plus de 4000 articles qui s'adressent \u00e0 un public large et vari\u00e9 ayant pour objectif de satisfaire votre curiosit\u00e9 et de partager avec vous une certaine fascination pour le m\u00e9tal jaune, pour ceux qui veulent investir dans l'or, vendre leur or tout simplement en savoir plus...\",\"sameAs\":[\"https:\\\/\\\/www.gold.fr\\\/news\"]}]}<\/script>\n<!-- \/ Yoast SEO plugin. -->","yoast_head_json":{"title":"Cours de l'Or, le calme avant la temp\u00eate...? - Gold.fr","description":"Cours de l\u2019Or, le calme avant la temp\u00eate\u2026? Suivez l'\u00e9volution du cours de l'or, de l'argent et d'autres m\u00e9taux pr\u00e9cieux sur Gold.fr, le site d'experts du Comptoir National de l'Or.","robots":{"index":"index","follow":"follow","max-snippet":"max-snippet:-1","max-image-preview":"max-image-preview:large","max-video-preview":"max-video-preview:-1"},"canonical":"https:\/\/www.gold.fr\/news\/2013\/12\/03\/cours-de-lor-le-calme-avant-la-tempete\/","og_locale":"fr_FR","og_type":"article","og_title":"Cours de l'Or, le calme avant la temp\u00eate...? - Gold.fr","og_description":"Cours de l\u2019Or, le calme avant la temp\u00eate\u2026? Suivez l'\u00e9volution du cours de l'or, de l'argent et d'autres m\u00e9taux pr\u00e9cieux sur Gold.fr, le site d'experts du Comptoir National de l'Or.","og_url":"https:\/\/www.gold.fr\/news\/2013\/12\/03\/cours-de-lor-le-calme-avant-la-tempete\/","og_site_name":"Gold.fr","article_publisher":"https:\/\/www.facebook.com\/Goldfr\/","article_published_time":"2013-12-03T08:45:38+00:00","article_modified_time":"2021-01-13T15:44:27+00:00","og_image":[{"width":605,"height":403,"url":"https:\/\/www.gold.fr\/news\/wp-content\/uploads\/2013\/07\/dollar-or.jpg","type":"image\/jpeg"}],"author":"Anthony","twitter_card":"summary_large_image","twitter_misc":{"\u00c9crit par":"Anthony","Dur\u00e9e de lecture estim\u00e9e":"2 minutes"},"schema":{"@context":"https:\/\/schema.org","@graph":[{"@type":"Article","@id":"https:\/\/www.gold.fr\/news\/2013\/12\/03\/cours-de-lor-le-calme-avant-la-tempete\/#article","isPartOf":{"@id":"https:\/\/www.gold.fr\/news\/2013\/12\/03\/cours-de-lor-le-calme-avant-la-tempete\/"},"author":{"name":"Anthony","@id":"https:\/\/www.gold.fr\/news\/#\/schema\/person\/feb6458ffd7bceeeb4e228398c34fbe5"},"headline":"Cours de l&rsquo;Or, le calme avant la temp\u00eate&#8230;?","datePublished":"2013-12-03T08:45:38+00:00","dateModified":"2021-01-13T15:44:27+00:00","mainEntityOfPage":{"@id":"https:\/\/www.gold.fr\/news\/2013\/12\/03\/cours-de-lor-le-calme-avant-la-tempete\/"},"wordCount":385,"image":{"@id":"https:\/\/www.gold.fr\/news\/2013\/12\/03\/cours-de-lor-le-calme-avant-la-tempete\/#primaryimage"},"thumbnailUrl":"https:\/\/www.gold.fr\/news\/wp-content\/uploads\/2013\/07\/dollar-or.jpg","keywords":["Or","tendance or","Tout Cours de l'Or"],"articleSection":["Articles de presse","Flash infos"],"inLanguage":"fr-FR"},{"@type":"WebPage","@id":"https:\/\/www.gold.fr\/news\/2013\/12\/03\/cours-de-lor-le-calme-avant-la-tempete\/","url":"https:\/\/www.gold.fr\/news\/2013\/12\/03\/cours-de-lor-le-calme-avant-la-tempete\/","name":"Cours de l'Or, le calme avant la temp\u00eate...? - Gold.fr","isPartOf":{"@id":"https:\/\/www.gold.fr\/news\/#website"},"primaryImageOfPage":{"@id":"https:\/\/www.gold.fr\/news\/2013\/12\/03\/cours-de-lor-le-calme-avant-la-tempete\/#primaryimage"},"image":{"@id":"https:\/\/www.gold.fr\/news\/2013\/12\/03\/cours-de-lor-le-calme-avant-la-tempete\/#primaryimage"},"thumbnailUrl":"https:\/\/www.gold.fr\/news\/wp-content\/uploads\/2013\/07\/dollar-or.jpg","datePublished":"2013-12-03T08:45:38+00:00","dateModified":"2021-01-13T15:44:27+00:00","author":{"@id":"https:\/\/www.gold.fr\/news\/#\/schema\/person\/feb6458ffd7bceeeb4e228398c34fbe5"},"description":"Cours de l\u2019Or, le calme avant la temp\u00eate\u2026? Suivez l'\u00e9volution du cours de l'or, de l'argent et d'autres m\u00e9taux pr\u00e9cieux sur Gold.fr, le site d'experts du Comptoir National de l'Or.","breadcrumb":{"@id":"https:\/\/www.gold.fr\/news\/2013\/12\/03\/cours-de-lor-le-calme-avant-la-tempete\/#breadcrumb"},"inLanguage":"fr-FR","potentialAction":[{"@type":"ReadAction","target":["https:\/\/www.gold.fr\/news\/2013\/12\/03\/cours-de-lor-le-calme-avant-la-tempete\/"]}]},{"@type":"ImageObject","inLanguage":"fr-FR","@id":"https:\/\/www.gold.fr\/news\/2013\/12\/03\/cours-de-lor-le-calme-avant-la-tempete\/#primaryimage","url":"https:\/\/www.gold.fr\/news\/wp-content\/uploads\/2013\/07\/dollar-or.jpg","contentUrl":"https:\/\/www.gold.fr\/news\/wp-content\/uploads\/2013\/07\/dollar-or.jpg","width":"605","height":"403","caption":"L\u2019or enregistre un pic de deux mois"},{"@type":"BreadcrumbList","@id":"https:\/\/www.gold.fr\/news\/2013\/12\/03\/cours-de-lor-le-calme-avant-la-tempete\/#breadcrumb","itemListElement":[{"@type":"ListItem","position":1,"name":"Accueil","item":"https:\/\/www.gold.fr\/"},{"@type":"ListItem","position":2,"name":"Actualit\u00e9s","item":"https:\/\/www.gold.fr\/news\/"},{"@type":"ListItem","position":3,"name":"Cours de l&rsquo;Or, le calme avant la temp\u00eate&#8230;?"}]},{"@type":"WebSite","@id":"https:\/\/www.gold.fr\/news\/#website","url":"https:\/\/www.gold.fr\/news\/","name":"Gold.fr","description":"Actualit\u00e9s de l&#039;Or et des m\u00e9taux pr\u00e9cieux","potentialAction":[{"@type":"SearchAction","target":{"@type":"EntryPoint","urlTemplate":"https:\/\/www.gold.fr\/news\/?s={search_term_string}"},"query-input":{"@type":"PropertyValueSpecification","valueRequired":true,"valueName":"search_term_string"}}],"inLanguage":"fr-FR"},{"@type":"Person","@id":"https:\/\/www.gold.fr\/news\/#\/schema\/person\/feb6458ffd7bceeeb4e228398c34fbe5","name":"Anthony","image":{"@type":"ImageObject","inLanguage":"fr-FR","@id":"https:\/\/secure.gravatar.com\/avatar\/19974f7c75da5f0b217374f3a37eb05031e41aaad4ceb3fe17ada2ab3daf6b95?s=96&d=mm&r=gbc5324aff3d366843e00df00c899c1a8","url":"https:\/\/secure.gravatar.com\/avatar\/19974f7c75da5f0b217374f3a37eb05031e41aaad4ceb3fe17ada2ab3daf6b95?s=96&d=mm&r=g","contentUrl":"https:\/\/secure.gravatar.com\/avatar\/19974f7c75da5f0b217374f3a37eb05031e41aaad4ceb3fe17ada2ab3daf6b95?s=96&d=mm&r=g","caption":"Anthony"},"description":"Notre r\u00e9daction est constitu\u00e9e de membres experts dans les m\u00e9tiers de l'\u00e9conomie et la gestion, des Responsables d'agence Comptoir National de l'Or, des analystes financiers qui publient r\u00e9guli\u00e8rement des \u00e9tudes sur les politiques des banques centrales, le cours de l'or, le cours de l'argent, cours du platine, cours du palladium... la situation en zone euro et l'impact de la strat\u00e9gie mon\u00e9taire de la FED. Notre \u00e9quipe scrute \u00e9galement une information plus g\u00e9n\u00e9raliste \u00e0 la recherche d'actualit\u00e9 \"p\u00e9pite\" \u00e0 vous partager. Depuis 5 ans, nous avons publi\u00e9 un peu plus de 4000 articles qui s'adressent \u00e0 un public large et vari\u00e9 ayant pour objectif de satisfaire votre curiosit\u00e9 et de partager avec vous une certaine fascination pour le m\u00e9tal jaune, pour ceux qui veulent investir dans l'or, vendre leur or tout simplement en savoir plus...","sameAs":["https:\/\/www.gold.fr\/news"]}]}},"authors":[{"term_id":2562,"user_id":11,"is_guest":0,"slug":"anthony","display_name":"Anthony","avatar_url":"https:\/\/secure.gravatar.com\/avatar\/19974f7c75da5f0b217374f3a37eb05031e41aaad4ceb3fe17ada2ab3daf6b95?s=96&d=mm&r=g","0":null,"1":"","2":"","3":"","4":"","5":"","6":"","7":"","8":""}],"_links":{"self":[{"href":"https:\/\/www.gold.fr\/news\/wp-json\/wp\/v2\/posts\/13359","targetHints":{"allow":["GET"]}}],"collection":[{"href":"https:\/\/www.gold.fr\/news\/wp-json\/wp\/v2\/posts"}],"about":[{"href":"https:\/\/www.gold.fr\/news\/wp-json\/wp\/v2\/types\/post"}],"author":[{"embeddable":true,"href":"https:\/\/www.gold.fr\/news\/wp-json\/wp\/v2\/users\/11"}],"replies":[{"embeddable":true,"href":"https:\/\/www.gold.fr\/news\/wp-json\/wp\/v2\/comments?post=13359"}],"version-history":[{"count":0,"href":"https:\/\/www.gold.fr\/news\/wp-json\/wp\/v2\/posts\/13359\/revisions"}],"wp:featuredmedia":[{"embeddable":true,"href":"https:\/\/www.gold.fr\/news\/wp-json\/wp\/v2\/media\/12360"}],"wp:attachment":[{"href":"https:\/\/www.gold.fr\/news\/wp-json\/wp\/v2\/media?parent=13359"}],"wp:term":[{"taxonomy":"category","embeddable":true,"href":"https:\/\/www.gold.fr\/news\/wp-json\/wp\/v2\/categories?post=13359"},{"taxonomy":"post_tag","embeddable":true,"href":"https:\/\/www.gold.fr\/news\/wp-json\/wp\/v2\/tags?post=13359"},{"taxonomy":"author","embeddable":true,"href":"https:\/\/www.gold.fr\/news\/wp-json\/wp\/v2\/ppma_author?post=13359"}],"curies":[{"name":"wp","href":"https:\/\/api.w.org\/{rel}","templated":true}]}}