{"id":13352,"date":"2013-12-02T17:00:49","date_gmt":"2013-12-02T16:00:49","guid":{"rendered":"https:\/\/www.gold.fr\/news\/?p=13352"},"modified":"2017-11-02T11:32:40","modified_gmt":"2017-11-02T10:32:40","slug":"leuro-profite-du-black-friday-pour-rebondir","status":"publish","type":"post","link":"https:\/\/www.gold.fr\/news\/2013\/12\/02\/leuro-profite-du-black-friday-pour-rebondir\/","title":{"rendered":"L\u2019euro profite du Black Friday pour rebondir"},"content":{"rendered":"<p><img loading=\"lazy\" decoding=\"async\" class=\"alignleft size-thumbnail wp-image-4633\" title=\"L\u2019euro profite du Black Friday pour rebondir\" src=\"https:\/\/www.gold.fr\/news\/wp-content\/uploads\/2011\/12\/Or-Crise-europ\u00e9enne-150x150.jpg\" alt=\"\" width=\"150\" height=\"150\" \/><span style=\"font-size: small;\">Au terme d\u2019un week-end exceptionnellement calme, \u00e0 la suite du <a title=\"Les march\u00e9s en ralentissement, apr\u00e8s le week-end du Black Friday\" href=\"https:\/\/www.gold.fr\/news\/2013\/12\/02\/les-marches-en-ralentissement-apres-le-week-end-du-black-friday\/13348\/\" target=\"_blank\"><strong>Black Friday am\u00e9ricain<\/strong><\/a>, les march\u00e9s financiers europ\u00e9ens reprennent du service et profitent de la paralysie partielle des bourses US pour redonner de la vitesse \u00e0 l\u2019euro, dans sa course contre le dollar.<\/span>    <span style=\"font-size: small;\"> Et c\u2019est une reprise qui est essentiellement soutenue et consid\u00e9rablement boost\u00e9e par la r\u00e9cente annonce de l&rsquo;agence de notation cr\u00e9dit am\u00e9ricaine <strong>Standard &amp; Poor&rsquo;s<\/strong>. Le c\u00e9l\u00e8bre cabinet a en effet publi\u00e9, \u00e0 la fin de la semaine derni\u00e8re, un nouveau bilan qui s\u2019est av\u00e9r\u00e9 globalement encourageant pour les perspectives d\u2019avenir de l\u2019\u00e9conomie europ\u00e9enne. En effet, si les Pays-Bas ne d\u00e9tiennent plus d\u00e9sormais la pr\u00e9cieuse notation du triple A (\u00ab\u00a0<em>AAA<\/em>\u00ab\u00a0), les pays d&rsquo;Europe du Sud ont, quant \u00e0 eux cr\u00e9\u00e9 la (bonne) surprise, apr\u00e8s avoir \u00e9t\u00e9 source d\u2019angoisse durant la vague de crises d\u2019endettement du bloc euro. <strong>Standard &amp; Poor&rsquo;s<\/strong> hisse actuellement la perspective de la note de l&rsquo;Espagne de \u00ab\u00a0<strong><em>n\u00e9gative\u00a0<\/em><\/strong>\u00bb \u00e0 \u00ab\u00a0<em><strong>stable\u00a0<\/strong><\/em>\u00bb, dans le sillage de la note de Chypre (\u00e9galement hiss\u00e9e d\u2019un palier).<\/span>    <span style=\"font-size: small;\"> D\u2019apr\u00e8s le fameux bilan, \u00ab\u00a0<em>la position ext\u00e9rieure de l&rsquo;Espagne s&rsquo;am\u00e9liore gr\u00e2ce \u00e0 la reprise graduelle de la croissance<\/em>\u00a0\u00bb, soulignant \u00e9galement que, dans le cas chypriote, \u00ab\u00a0<em>le risque imm\u00e9diat pesant sur les programmes d&rsquo;ajustement budg\u00e9taires et, de ce fait, sur la capacit\u00e9 de l&rsquo;Etat \u00e0 assurer le service de sa dette, semble avoir recul\u00e9<\/em>\u00a0\u00bb.<\/span>    <span style=\"font-size: small;\"> Reste aujourd\u2019hui \u00e0 guetter\u00a0 de tr\u00e8s pr\u00e8s la prochaine r\u00e9union de la banque centrale europ\u00e9enne qui aura lieu le <strong>5 d\u00e9cembre 2013<\/strong>.<\/span><\/p>\n<!-- AddThis Advanced Settings generic via filter on the_content --><!-- AddThis Share Buttons generic via filter on the_content -->","protected":false},"excerpt":{"rendered":"<p>Au terme d\u2019un week-end exceptionnellement calme, \u00e0 la suite du Black Friday am\u00e9ricain, les march\u00e9s financiers europ\u00e9ens reprennent du service et profitent de la paralysie partielle des bourses US pour redonner de la vitesse \u00e0 l\u2019euro, [&hellip;]<\/p>\n","protected":false},"author":18,"featured_media":4633,"comment_status":"open","ping_status":"open","sticky":false,"template":"","format":"standard","meta":{"_mbp_gutenberg_autopost":false,"_pgmb_is_evergreen":false,"_pgmb_ap_template_id":0,"footnotes":""},"categories":[6],"tags":[1671,102,1197,1245,103],"ppma_author":[2565],"class_list":["post-13352","post","type-post","status-publish","format-standard","has-post-thumbnail","hentry","category-articles-de-presse","tag-black-friday","tag-dollar","tag-economie-europe","tag-economie-usa","tag-euro"],"yoast_head":"<!-- This site is optimized with the Yoast SEO plugin v27.5 - https:\/\/yoast.com\/product\/yoast-seo-wordpress\/ -->\n<title>L\u2019euro profite du Black Friday pour rebondir - Gold.fr<\/title>\n<meta name=\"robots\" content=\"index, follow, max-snippet:-1, max-image-preview:large, max-video-preview:-1\" \/>\n<link rel=\"canonical\" href=\"https:\/\/www.gold.fr\/news\/2013\/12\/02\/leuro-profite-du-black-friday-pour-rebondir\/\" \/>\n<meta property=\"og:locale\" content=\"fr_FR\" \/>\n<meta property=\"og:type\" content=\"article\" \/>\n<meta property=\"og:title\" content=\"L\u2019euro profite du Black Friday pour rebondir - Gold.fr\" \/>\n<meta property=\"og:description\" content=\"Au terme d\u2019un week-end exceptionnellement calme, \u00e0 la suite du Black Friday am\u00e9ricain, les march\u00e9s financiers europ\u00e9ens reprennent du service et profitent de la paralysie partielle des bourses US pour redonner de la vitesse \u00e0 l\u2019euro, [&hellip;]\" \/>\n<meta property=\"og:url\" content=\"https:\/\/www.gold.fr\/news\/2013\/12\/02\/leuro-profite-du-black-friday-pour-rebondir\/\" \/>\n<meta property=\"og:site_name\" content=\"Gold.fr\" \/>\n<meta property=\"article:publisher\" content=\"https:\/\/www.facebook.com\/Goldfr\/\" \/>\n<meta property=\"article:published_time\" content=\"2013-12-02T16:00:49+00:00\" \/>\n<meta property=\"article:modified_time\" content=\"2017-11-02T10:32:40+00:00\" \/>\n<meta property=\"og:image\" content=\"https:\/\/www.gold.fr\/news\/wp-content\/uploads\/2011\/12\/Or-Crise-europ\u00e9enne.jpg\" \/>\n\t<meta property=\"og:image:width\" content=\"600\" \/>\n\t<meta property=\"og:image:height\" content=\"389\" \/>\n\t<meta property=\"og:image:type\" content=\"image\/jpeg\" \/>\n<meta name=\"author\" content=\"Comptoir National de l&#039;Or\" \/>\n<meta name=\"twitter:card\" content=\"summary_large_image\" \/>\n<meta name=\"twitter:label1\" content=\"\u00c9crit par\" \/>\n\t<meta name=\"twitter:data1\" content=\"Comptoir National de l&#039;Or\" \/>\n\t<meta name=\"twitter:label2\" content=\"Dur\u00e9e de lecture estim\u00e9e\" \/>\n\t<meta name=\"twitter:data2\" content=\"1 minute\" \/>\n<script type=\"application\/ld+json\" class=\"yoast-schema-graph\">{\"@context\":\"https:\\\/\\\/schema.org\",\"@graph\":[{\"@type\":\"Article\",\"@id\":\"https:\\\/\\\/www.gold.fr\\\/news\\\/2013\\\/12\\\/02\\\/leuro-profite-du-black-friday-pour-rebondir\\\/#article\",\"isPartOf\":{\"@id\":\"https:\\\/\\\/www.gold.fr\\\/news\\\/2013\\\/12\\\/02\\\/leuro-profite-du-black-friday-pour-rebondir\\\/\"},\"author\":{\"name\":\"Comptoir National de l'Or\",\"@id\":\"https:\\\/\\\/www.gold.fr\\\/news\\\/#\\\/schema\\\/person\\\/070491b4b4fb7671bf59b3be20302ce9\"},\"headline\":\"L\u2019euro profite du Black Friday pour rebondir\",\"datePublished\":\"2013-12-02T16:00:49+00:00\",\"dateModified\":\"2017-11-02T10:32:40+00:00\",\"mainEntityOfPage\":{\"@id\":\"https:\\\/\\\/www.gold.fr\\\/news\\\/2013\\\/12\\\/02\\\/leuro-profite-du-black-friday-pour-rebondir\\\/\"},\"wordCount\":289,\"commentCount\":0,\"image\":{\"@id\":\"https:\\\/\\\/www.gold.fr\\\/news\\\/2013\\\/12\\\/02\\\/leuro-profite-du-black-friday-pour-rebondir\\\/#primaryimage\"},\"thumbnailUrl\":\"https:\\\/\\\/www.gold.fr\\\/news\\\/wp-content\\\/uploads\\\/2011\\\/12\\\/Or-Crise-europ\u00e9enne.jpg\",\"keywords\":[\"Black Friday\",\"dollar\",\"Economie europe\",\"\u00e9conomie USA\",\"euro\"],\"articleSection\":[\"Articles de presse\"],\"inLanguage\":\"fr-FR\"},{\"@type\":\"WebPage\",\"@id\":\"https:\\\/\\\/www.gold.fr\\\/news\\\/2013\\\/12\\\/02\\\/leuro-profite-du-black-friday-pour-rebondir\\\/\",\"url\":\"https:\\\/\\\/www.gold.fr\\\/news\\\/2013\\\/12\\\/02\\\/leuro-profite-du-black-friday-pour-rebondir\\\/\",\"name\":\"L\u2019euro profite du Black Friday pour rebondir - Gold.fr\",\"isPartOf\":{\"@id\":\"https:\\\/\\\/www.gold.fr\\\/news\\\/#website\"},\"primaryImageOfPage\":{\"@id\":\"https:\\\/\\\/www.gold.fr\\\/news\\\/2013\\\/12\\\/02\\\/leuro-profite-du-black-friday-pour-rebondir\\\/#primaryimage\"},\"image\":{\"@id\":\"https:\\\/\\\/www.gold.fr\\\/news\\\/2013\\\/12\\\/02\\\/leuro-profite-du-black-friday-pour-rebondir\\\/#primaryimage\"},\"thumbnailUrl\":\"https:\\\/\\\/www.gold.fr\\\/news\\\/wp-content\\\/uploads\\\/2011\\\/12\\\/Or-Crise-europ\u00e9enne.jpg\",\"datePublished\":\"2013-12-02T16:00:49+00:00\",\"dateModified\":\"2017-11-02T10:32:40+00:00\",\"author\":{\"@id\":\"https:\\\/\\\/www.gold.fr\\\/news\\\/#\\\/schema\\\/person\\\/070491b4b4fb7671bf59b3be20302ce9\"},\"breadcrumb\":{\"@id\":\"https:\\\/\\\/www.gold.fr\\\/news\\\/2013\\\/12\\\/02\\\/leuro-profite-du-black-friday-pour-rebondir\\\/#breadcrumb\"},\"inLanguage\":\"fr-FR\",\"potentialAction\":[{\"@type\":\"ReadAction\",\"target\":[\"https:\\\/\\\/www.gold.fr\\\/news\\\/2013\\\/12\\\/02\\\/leuro-profite-du-black-friday-pour-rebondir\\\/\"]}]},{\"@type\":\"ImageObject\",\"inLanguage\":\"fr-FR\",\"@id\":\"https:\\\/\\\/www.gold.fr\\\/news\\\/2013\\\/12\\\/02\\\/leuro-profite-du-black-friday-pour-rebondir\\\/#primaryimage\",\"url\":\"https:\\\/\\\/www.gold.fr\\\/news\\\/wp-content\\\/uploads\\\/2011\\\/12\\\/Or-Crise-europ\u00e9enne.jpg\",\"contentUrl\":\"https:\\\/\\\/www.gold.fr\\\/news\\\/wp-content\\\/uploads\\\/2011\\\/12\\\/Or-Crise-europ\u00e9enne.jpg\",\"width\":\"600\",\"height\":\"389\",\"caption\":\"Le suspense grec p\u00e8se sur les march\u00e9s financiers\"},{\"@type\":\"BreadcrumbList\",\"@id\":\"https:\\\/\\\/www.gold.fr\\\/news\\\/2013\\\/12\\\/02\\\/leuro-profite-du-black-friday-pour-rebondir\\\/#breadcrumb\",\"itemListElement\":[{\"@type\":\"ListItem\",\"position\":1,\"name\":\"Accueil\",\"item\":\"https:\\\/\\\/www.gold.fr\\\/\"},{\"@type\":\"ListItem\",\"position\":2,\"name\":\"Actualit\u00e9s\",\"item\":\"https:\\\/\\\/www.gold.fr\\\/news\\\/\"},{\"@type\":\"ListItem\",\"position\":3,\"name\":\"L\u2019euro profite du Black Friday pour rebondir\"}]},{\"@type\":\"WebSite\",\"@id\":\"https:\\\/\\\/www.gold.fr\\\/news\\\/#website\",\"url\":\"https:\\\/\\\/www.gold.fr\\\/news\\\/\",\"name\":\"Gold.fr\",\"description\":\"Actualit\u00e9s de l&#039;Or et des m\u00e9taux pr\u00e9cieux\",\"potentialAction\":[{\"@type\":\"SearchAction\",\"target\":{\"@type\":\"EntryPoint\",\"urlTemplate\":\"https:\\\/\\\/www.gold.fr\\\/news\\\/?s={search_term_string}\"},\"query-input\":{\"@type\":\"PropertyValueSpecification\",\"valueRequired\":true,\"valueName\":\"search_term_string\"}}],\"inLanguage\":\"fr-FR\"},{\"@type\":\"Person\",\"@id\":\"https:\\\/\\\/www.gold.fr\\\/news\\\/#\\\/schema\\\/person\\\/070491b4b4fb7671bf59b3be20302ce9\",\"name\":\"Comptoir National de l'Or\",\"image\":{\"@type\":\"ImageObject\",\"inLanguage\":\"fr-FR\",\"@id\":\"https:\\\/\\\/secure.gravatar.com\\\/avatar\\\/0a2867fd5abe37bed95d5a65e9d58f01756e11efc68af9888dfc50cfa7f65948?s=96&d=mm&r=gb490554db0a38188709de567aa58480d\",\"url\":\"https:\\\/\\\/secure.gravatar.com\\\/avatar\\\/0a2867fd5abe37bed95d5a65e9d58f01756e11efc68af9888dfc50cfa7f65948?s=96&d=mm&r=g\",\"contentUrl\":\"https:\\\/\\\/secure.gravatar.com\\\/avatar\\\/0a2867fd5abe37bed95d5a65e9d58f01756e11efc68af9888dfc50cfa7f65948?s=96&d=mm&r=g\",\"caption\":\"Comptoir National de l'Or\"},\"description\":\"Notre r\u00e9daction est constitu\u00e9e de membres experts dans les m\u00e9tiers de l'\u00e9conomie et la gestion, des Responsables d'agence Comptoir National de l'Or, des analystes financiers qui publient r\u00e9guli\u00e8rement des \u00e9tudes sur les politiques des banques centrales, le cours de l'or, prix de l'or, cours de l'argent, prix de l'argent, cours du platine, cours du palladium,... la situation en zone euro et l'impact de la strat\u00e9gie mon\u00e9taire de la FED. Notre \u00e9quipe scrute \u00e9galement une information plus g\u00e9n\u00e9raliste \u00e0 la recherche d'actualit\u00e9 \\\"p\u00e9pite\\\" \u00e0 vous partager. Depuis 5 ans, nous avons publi\u00e9 un peu plus de 4000 articles qui s'adressent \u00e0 un public large et vari\u00e9 ayant pour objectif de satisfaire votre curiosit\u00e9 et de partager avec vous une certaine fascination pour le m\u00e9tal jaune, le rachat d'or, et pour ceux qui veulent investir dans l'or, vendre leur or tout simplement en savoir plus... Pour tous vos achat or et argent, n'h\u00e9sitez pas \u00e0 prendre rendez-vous dans l'un de nos nombreux comptoirs.\",\"sameAs\":[\"https:\\\/\\\/www.gold.fr\"]}]}<\/script>\n<!-- \/ Yoast SEO plugin. -->","yoast_head_json":{"title":"L\u2019euro profite du Black Friday pour rebondir - Gold.fr","robots":{"index":"index","follow":"follow","max-snippet":"max-snippet:-1","max-image-preview":"max-image-preview:large","max-video-preview":"max-video-preview:-1"},"canonical":"https:\/\/www.gold.fr\/news\/2013\/12\/02\/leuro-profite-du-black-friday-pour-rebondir\/","og_locale":"fr_FR","og_type":"article","og_title":"L\u2019euro profite du Black Friday pour rebondir - Gold.fr","og_description":"Au terme d\u2019un week-end exceptionnellement calme, \u00e0 la suite du Black Friday am\u00e9ricain, les march\u00e9s financiers europ\u00e9ens reprennent du service et profitent de la paralysie partielle des bourses US pour redonner de la vitesse \u00e0 l\u2019euro, [&hellip;]","og_url":"https:\/\/www.gold.fr\/news\/2013\/12\/02\/leuro-profite-du-black-friday-pour-rebondir\/","og_site_name":"Gold.fr","article_publisher":"https:\/\/www.facebook.com\/Goldfr\/","article_published_time":"2013-12-02T16:00:49+00:00","article_modified_time":"2017-11-02T10:32:40+00:00","og_image":[{"width":600,"height":389,"url":"https:\/\/www.gold.fr\/news\/wp-content\/uploads\/2011\/12\/Or-Crise-europ\u00e9enne.jpg","type":"image\/jpeg"}],"author":"Comptoir National de l'Or","twitter_card":"summary_large_image","twitter_misc":{"\u00c9crit par":"Comptoir National de l'Or","Dur\u00e9e de lecture estim\u00e9e":"1 minute"},"schema":{"@context":"https:\/\/schema.org","@graph":[{"@type":"Article","@id":"https:\/\/www.gold.fr\/news\/2013\/12\/02\/leuro-profite-du-black-friday-pour-rebondir\/#article","isPartOf":{"@id":"https:\/\/www.gold.fr\/news\/2013\/12\/02\/leuro-profite-du-black-friday-pour-rebondir\/"},"author":{"name":"Comptoir National de l'Or","@id":"https:\/\/www.gold.fr\/news\/#\/schema\/person\/070491b4b4fb7671bf59b3be20302ce9"},"headline":"L\u2019euro profite du Black Friday pour rebondir","datePublished":"2013-12-02T16:00:49+00:00","dateModified":"2017-11-02T10:32:40+00:00","mainEntityOfPage":{"@id":"https:\/\/www.gold.fr\/news\/2013\/12\/02\/leuro-profite-du-black-friday-pour-rebondir\/"},"wordCount":289,"commentCount":0,"image":{"@id":"https:\/\/www.gold.fr\/news\/2013\/12\/02\/leuro-profite-du-black-friday-pour-rebondir\/#primaryimage"},"thumbnailUrl":"https:\/\/www.gold.fr\/news\/wp-content\/uploads\/2011\/12\/Or-Crise-europ\u00e9enne.jpg","keywords":["Black Friday","dollar","Economie europe","\u00e9conomie USA","euro"],"articleSection":["Articles de presse"],"inLanguage":"fr-FR"},{"@type":"WebPage","@id":"https:\/\/www.gold.fr\/news\/2013\/12\/02\/leuro-profite-du-black-friday-pour-rebondir\/","url":"https:\/\/www.gold.fr\/news\/2013\/12\/02\/leuro-profite-du-black-friday-pour-rebondir\/","name":"L\u2019euro profite du Black Friday pour rebondir - Gold.fr","isPartOf":{"@id":"https:\/\/www.gold.fr\/news\/#website"},"primaryImageOfPage":{"@id":"https:\/\/www.gold.fr\/news\/2013\/12\/02\/leuro-profite-du-black-friday-pour-rebondir\/#primaryimage"},"image":{"@id":"https:\/\/www.gold.fr\/news\/2013\/12\/02\/leuro-profite-du-black-friday-pour-rebondir\/#primaryimage"},"thumbnailUrl":"https:\/\/www.gold.fr\/news\/wp-content\/uploads\/2011\/12\/Or-Crise-europ\u00e9enne.jpg","datePublished":"2013-12-02T16:00:49+00:00","dateModified":"2017-11-02T10:32:40+00:00","author":{"@id":"https:\/\/www.gold.fr\/news\/#\/schema\/person\/070491b4b4fb7671bf59b3be20302ce9"},"breadcrumb":{"@id":"https:\/\/www.gold.fr\/news\/2013\/12\/02\/leuro-profite-du-black-friday-pour-rebondir\/#breadcrumb"},"inLanguage":"fr-FR","potentialAction":[{"@type":"ReadAction","target":["https:\/\/www.gold.fr\/news\/2013\/12\/02\/leuro-profite-du-black-friday-pour-rebondir\/"]}]},{"@type":"ImageObject","inLanguage":"fr-FR","@id":"https:\/\/www.gold.fr\/news\/2013\/12\/02\/leuro-profite-du-black-friday-pour-rebondir\/#primaryimage","url":"https:\/\/www.gold.fr\/news\/wp-content\/uploads\/2011\/12\/Or-Crise-europ\u00e9enne.jpg","contentUrl":"https:\/\/www.gold.fr\/news\/wp-content\/uploads\/2011\/12\/Or-Crise-europ\u00e9enne.jpg","width":"600","height":"389","caption":"Le suspense grec p\u00e8se sur les march\u00e9s financiers"},{"@type":"BreadcrumbList","@id":"https:\/\/www.gold.fr\/news\/2013\/12\/02\/leuro-profite-du-black-friday-pour-rebondir\/#breadcrumb","itemListElement":[{"@type":"ListItem","position":1,"name":"Accueil","item":"https:\/\/www.gold.fr\/"},{"@type":"ListItem","position":2,"name":"Actualit\u00e9s","item":"https:\/\/www.gold.fr\/news\/"},{"@type":"ListItem","position":3,"name":"L\u2019euro profite du Black Friday pour rebondir"}]},{"@type":"WebSite","@id":"https:\/\/www.gold.fr\/news\/#website","url":"https:\/\/www.gold.fr\/news\/","name":"Gold.fr","description":"Actualit\u00e9s de l&#039;Or et des m\u00e9taux pr\u00e9cieux","potentialAction":[{"@type":"SearchAction","target":{"@type":"EntryPoint","urlTemplate":"https:\/\/www.gold.fr\/news\/?s={search_term_string}"},"query-input":{"@type":"PropertyValueSpecification","valueRequired":true,"valueName":"search_term_string"}}],"inLanguage":"fr-FR"},{"@type":"Person","@id":"https:\/\/www.gold.fr\/news\/#\/schema\/person\/070491b4b4fb7671bf59b3be20302ce9","name":"Comptoir National de l'Or","image":{"@type":"ImageObject","inLanguage":"fr-FR","@id":"https:\/\/secure.gravatar.com\/avatar\/0a2867fd5abe37bed95d5a65e9d58f01756e11efc68af9888dfc50cfa7f65948?s=96&d=mm&r=gb490554db0a38188709de567aa58480d","url":"https:\/\/secure.gravatar.com\/avatar\/0a2867fd5abe37bed95d5a65e9d58f01756e11efc68af9888dfc50cfa7f65948?s=96&d=mm&r=g","contentUrl":"https:\/\/secure.gravatar.com\/avatar\/0a2867fd5abe37bed95d5a65e9d58f01756e11efc68af9888dfc50cfa7f65948?s=96&d=mm&r=g","caption":"Comptoir National de l'Or"},"description":"Notre r\u00e9daction est constitu\u00e9e de membres experts dans les m\u00e9tiers de l'\u00e9conomie et la gestion, des Responsables d'agence Comptoir National de l'Or, des analystes financiers qui publient r\u00e9guli\u00e8rement des \u00e9tudes sur les politiques des banques centrales, le cours de l'or, prix de l'or, cours de l'argent, prix de l'argent, cours du platine, cours du palladium,... la situation en zone euro et l'impact de la strat\u00e9gie mon\u00e9taire de la FED. Notre \u00e9quipe scrute \u00e9galement une information plus g\u00e9n\u00e9raliste \u00e0 la recherche d'actualit\u00e9 \"p\u00e9pite\" \u00e0 vous partager. Depuis 5 ans, nous avons publi\u00e9 un peu plus de 4000 articles qui s'adressent \u00e0 un public large et vari\u00e9 ayant pour objectif de satisfaire votre curiosit\u00e9 et de partager avec vous une certaine fascination pour le m\u00e9tal jaune, le rachat d'or, et pour ceux qui veulent investir dans l'or, vendre leur or tout simplement en savoir plus... Pour tous vos achat or et argent, n'h\u00e9sitez pas \u00e0 prendre rendez-vous dans l'un de nos nombreux comptoirs.","sameAs":["https:\/\/www.gold.fr"]}]}},"authors":[{"term_id":2565,"user_id":18,"is_guest":0,"slug":"julie","display_name":"Comptoir National de l'Or","avatar_url":"https:\/\/secure.gravatar.com\/avatar\/713f289e398d35ead876c4a4cc08607f0d6d266058cfc25683fffb6092d0e572?s=96&d=mm&r=g","0":null,"1":"","2":"","3":"","4":"","5":"","6":"","7":"","8":""}],"_links":{"self":[{"href":"https:\/\/www.gold.fr\/news\/wp-json\/wp\/v2\/posts\/13352","targetHints":{"allow":["GET"]}}],"collection":[{"href":"https:\/\/www.gold.fr\/news\/wp-json\/wp\/v2\/posts"}],"about":[{"href":"https:\/\/www.gold.fr\/news\/wp-json\/wp\/v2\/types\/post"}],"author":[{"embeddable":true,"href":"https:\/\/www.gold.fr\/news\/wp-json\/wp\/v2\/users\/18"}],"replies":[{"embeddable":true,"href":"https:\/\/www.gold.fr\/news\/wp-json\/wp\/v2\/comments?post=13352"}],"version-history":[{"count":0,"href":"https:\/\/www.gold.fr\/news\/wp-json\/wp\/v2\/posts\/13352\/revisions"}],"wp:featuredmedia":[{"embeddable":true,"href":"https:\/\/www.gold.fr\/news\/wp-json\/wp\/v2\/media\/4633"}],"wp:attachment":[{"href":"https:\/\/www.gold.fr\/news\/wp-json\/wp\/v2\/media?parent=13352"}],"wp:term":[{"taxonomy":"category","embeddable":true,"href":"https:\/\/www.gold.fr\/news\/wp-json\/wp\/v2\/categories?post=13352"},{"taxonomy":"post_tag","embeddable":true,"href":"https:\/\/www.gold.fr\/news\/wp-json\/wp\/v2\/tags?post=13352"},{"taxonomy":"author","embeddable":true,"href":"https:\/\/www.gold.fr\/news\/wp-json\/wp\/v2\/ppma_author?post=13352"}],"curies":[{"name":"wp","href":"https:\/\/api.w.org\/{rel}","templated":true}]}}