{"id":13338,"date":"2013-11-29T09:00:44","date_gmt":"2013-11-29T08:00:44","guid":{"rendered":"https:\/\/www.gold.fr\/news\/?p=13338"},"modified":"2017-11-02T11:32:41","modified_gmt":"2017-11-02T10:32:41","slug":"les-marches-face-a-une-saison-festive-difficile","status":"publish","type":"post","link":"https:\/\/www.gold.fr\/news\/2013\/11\/29\/les-marches-face-a-une-saison-festive-difficile\/","title":{"rendered":"Les march\u00e9s face \u00e0 une saison festive difficile"},"content":{"rendered":"<p><span style=\"font-size: small;\"><img loading=\"lazy\" decoding=\"async\" class=\"alignleft size-thumbnail wp-image-4696\" title=\"Les march\u00e9s face \u00e0 une saison festive difficile\" src=\"https:\/\/www.gold.fr\/news\/wp-content\/uploads\/2011\/12\/Achat-or-150x150.jpg\" alt=\"\" width=\"150\" height=\"150\" \/>Le <strong>Conference Board<\/strong> (organisation professionnelle mondialement reconnue, \u00e0 l\u2019origine de divers rapports mensuels relatifs aux diff\u00e9rents indicateurs \u00e9conomiques am\u00e9ricains et mondiaux) <a title=\"Les experts surpris par le retrait de la confiance US\" href=\"https:\/\/www.gold.fr\/news\/2013\/11\/28\/les-experts-surpris-par-le-retrait-de-la-confiance-us\/13336\/\" target=\"_blank\">vient de publier son dernier rapport officiel<\/a>, et les nouvelles sont aussi d\u00e9cevantes que surprenantes.<\/span>    <span style=\"font-size: small;\"> Le rapport en question porte sur l\u2019indice de confiance des consommateurs am\u00e9ricains, et l\u2019indicateur marque un repli consid\u00e9rable, pour le mois de novembre, apr\u00e8s un recul d\u00e9j\u00e0 notable, durant le mois d\u2019octobre. L&rsquo;indice (qui s\u2019appuie sur des donn\u00e9es relatives au march\u00e9 boursier, au prix de l&rsquo;essence, au ch\u00f4mage\u2026) a chut\u00e9 vers les <strong>70,4<\/strong> apr\u00e8s les <strong>72,4<\/strong> (\u00e9galement baissiers) du mois dernier, au moment m\u00eame o\u00f9 l\u2019ensemble des observateurs pr\u00e9voyaient une hausse relative \u00e0 notable, en cette p\u00e9riode de fin d\u2019ann\u00e9e.<\/span>    <span style=\"font-size: small;\"><strong> Lynn Franco<\/strong> ne s\u2019\u00e9tonne pas, quant \u00e0 elle, de ce r\u00e9sultat, l\u2019expliquant par la confusion grandissante qui r\u00e8gne sur les march\u00e9s financiers internationaux, depuis quelques semaines. La directrice des indicateurs \u00e9conomiques au <strong>Conference Board<\/strong> souligne en effet que \u00ab\u00a0<em>le sentiment sur la situation actuelle est mitig\u00e9, avec la perception d&rsquo;un march\u00e9 du travail en am\u00e9lioration chez les consommateurs, mais \u00e9galement d&rsquo;un ralentissement des conditions \u00e9conomiques<\/em>\u00a0\u00bb. <strong>Mme Franco<\/strong> pr\u00e9voit donc de voir les distributeurs traverser une phase exceptionnellement stagnante, en cette saison de f\u00eates, jugeant que \u00ab\u00a0<em>dans un tel contexte d&rsquo;incertitude, cette saison des achats de fin d&rsquo;ann\u00e9e pourrait s&rsquo;av\u00e9rer difficile pour les distributeurs<\/em>\u00a0\u00bb.<\/span><\/p>\n<!-- AddThis Advanced Settings generic via filter on the_content --><!-- AddThis Share Buttons generic via filter on the_content -->","protected":false},"excerpt":{"rendered":"<p>Le Conference Board (organisation professionnelle mondialement reconnue, \u00e0 l\u2019origine de divers rapports mensuels relatifs aux diff\u00e9rents indicateurs \u00e9conomiques am\u00e9ricains et mondiaux) vient de publier son dernier rapport officiel, et les nouvelles sont aussi d\u00e9cevantes que surprenantes. [&hellip;]<\/p>\n","protected":false},"author":18,"featured_media":4696,"comment_status":"open","ping_status":"open","sticky":false,"template":"","format":"standard","meta":{"_mbp_gutenberg_autopost":false,"_pgmb_is_evergreen":false,"_pgmb_ap_template_id":0,"footnotes":""},"categories":[6],"tags":[1674,1100,1676,1675,1649],"ppma_author":[2565],"class_list":["post-13338","post","type-post","status-publish","format-standard","has-post-thumbnail","hentry","category-articles-de-presse","tag-conference-board","tag-economie-us","tag-indicateurs-economiques","tag-lynn-franco","tag-marches"],"yoast_head":"<!-- This site is optimized with the Yoast SEO plugin v27.5 - https:\/\/yoast.com\/product\/yoast-seo-wordpress\/ -->\n<title>Les march\u00e9s face \u00e0 une saison festive difficile - Gold.fr<\/title>\n<meta name=\"robots\" content=\"index, follow, max-snippet:-1, max-image-preview:large, max-video-preview:-1\" \/>\n<link rel=\"canonical\" href=\"https:\/\/www.gold.fr\/news\/2013\/11\/29\/les-marches-face-a-une-saison-festive-difficile\/\" \/>\n<meta property=\"og:locale\" content=\"fr_FR\" \/>\n<meta property=\"og:type\" content=\"article\" \/>\n<meta property=\"og:title\" content=\"Les march\u00e9s face \u00e0 une saison festive difficile - Gold.fr\" \/>\n<meta property=\"og:description\" content=\"Le Conference Board (organisation professionnelle mondialement reconnue, \u00e0 l\u2019origine de divers rapports mensuels relatifs aux diff\u00e9rents indicateurs \u00e9conomiques am\u00e9ricains et mondiaux) vient de publier son dernier rapport officiel, et les nouvelles sont aussi d\u00e9cevantes que surprenantes. [&hellip;]\" \/>\n<meta property=\"og:url\" content=\"https:\/\/www.gold.fr\/news\/2013\/11\/29\/les-marches-face-a-une-saison-festive-difficile\/\" \/>\n<meta property=\"og:site_name\" content=\"Gold.fr\" \/>\n<meta property=\"article:publisher\" content=\"https:\/\/www.facebook.com\/Goldfr\/\" \/>\n<meta property=\"article:published_time\" content=\"2013-11-29T08:00:44+00:00\" \/>\n<meta property=\"article:modified_time\" content=\"2017-11-02T10:32:41+00:00\" \/>\n<meta property=\"og:image\" content=\"https:\/\/www.gold.fr\/news\/wp-content\/uploads\/2011\/12\/Achat-or.jpg\" \/>\n\t<meta property=\"og:image:width\" content=\"600\" \/>\n\t<meta property=\"og:image:height\" content=\"401\" \/>\n\t<meta property=\"og:image:type\" content=\"image\/jpeg\" \/>\n<meta name=\"author\" content=\"Comptoir National de l&#039;Or\" \/>\n<meta name=\"twitter:card\" content=\"summary_large_image\" \/>\n<meta name=\"twitter:label1\" content=\"\u00c9crit par\" \/>\n\t<meta name=\"twitter:data1\" content=\"Comptoir National de l&#039;Or\" \/>\n\t<meta name=\"twitter:label2\" content=\"Dur\u00e9e de lecture estim\u00e9e\" \/>\n\t<meta name=\"twitter:data2\" content=\"1 minute\" \/>\n<script type=\"application\/ld+json\" class=\"yoast-schema-graph\">{\"@context\":\"https:\\\/\\\/schema.org\",\"@graph\":[{\"@type\":\"Article\",\"@id\":\"https:\\\/\\\/www.gold.fr\\\/news\\\/2013\\\/11\\\/29\\\/les-marches-face-a-une-saison-festive-difficile\\\/#article\",\"isPartOf\":{\"@id\":\"https:\\\/\\\/www.gold.fr\\\/news\\\/2013\\\/11\\\/29\\\/les-marches-face-a-une-saison-festive-difficile\\\/\"},\"author\":{\"name\":\"Comptoir National de l'Or\",\"@id\":\"https:\\\/\\\/www.gold.fr\\\/news\\\/#\\\/schema\\\/person\\\/070491b4b4fb7671bf59b3be20302ce9\"},\"headline\":\"Les march\u00e9s face \u00e0 une saison festive difficile\",\"datePublished\":\"2013-11-29T08:00:44+00:00\",\"dateModified\":\"2017-11-02T10:32:41+00:00\",\"mainEntityOfPage\":{\"@id\":\"https:\\\/\\\/www.gold.fr\\\/news\\\/2013\\\/11\\\/29\\\/les-marches-face-a-une-saison-festive-difficile\\\/\"},\"wordCount\":260,\"commentCount\":0,\"image\":{\"@id\":\"https:\\\/\\\/www.gold.fr\\\/news\\\/2013\\\/11\\\/29\\\/les-marches-face-a-une-saison-festive-difficile\\\/#primaryimage\"},\"thumbnailUrl\":\"https:\\\/\\\/www.gold.fr\\\/news\\\/wp-content\\\/uploads\\\/2011\\\/12\\\/Achat-or.jpg\",\"keywords\":[\"Conference Board\",\"\u00e9conomie US\",\"indicateurs \u00e9conomiques\",\"Lynn Franco\",\"march\u00e9s\"],\"articleSection\":[\"Articles de presse\"],\"inLanguage\":\"fr-FR\"},{\"@type\":\"WebPage\",\"@id\":\"https:\\\/\\\/www.gold.fr\\\/news\\\/2013\\\/11\\\/29\\\/les-marches-face-a-une-saison-festive-difficile\\\/\",\"url\":\"https:\\\/\\\/www.gold.fr\\\/news\\\/2013\\\/11\\\/29\\\/les-marches-face-a-une-saison-festive-difficile\\\/\",\"name\":\"Les march\u00e9s face \u00e0 une saison festive difficile - Gold.fr\",\"isPartOf\":{\"@id\":\"https:\\\/\\\/www.gold.fr\\\/news\\\/#website\"},\"primaryImageOfPage\":{\"@id\":\"https:\\\/\\\/www.gold.fr\\\/news\\\/2013\\\/11\\\/29\\\/les-marches-face-a-une-saison-festive-difficile\\\/#primaryimage\"},\"image\":{\"@id\":\"https:\\\/\\\/www.gold.fr\\\/news\\\/2013\\\/11\\\/29\\\/les-marches-face-a-une-saison-festive-difficile\\\/#primaryimage\"},\"thumbnailUrl\":\"https:\\\/\\\/www.gold.fr\\\/news\\\/wp-content\\\/uploads\\\/2011\\\/12\\\/Achat-or.jpg\",\"datePublished\":\"2013-11-29T08:00:44+00:00\",\"dateModified\":\"2017-11-02T10:32:41+00:00\",\"author\":{\"@id\":\"https:\\\/\\\/www.gold.fr\\\/news\\\/#\\\/schema\\\/person\\\/070491b4b4fb7671bf59b3be20302ce9\"},\"breadcrumb\":{\"@id\":\"https:\\\/\\\/www.gold.fr\\\/news\\\/2013\\\/11\\\/29\\\/les-marches-face-a-une-saison-festive-difficile\\\/#breadcrumb\"},\"inLanguage\":\"fr-FR\",\"potentialAction\":[{\"@type\":\"ReadAction\",\"target\":[\"https:\\\/\\\/www.gold.fr\\\/news\\\/2013\\\/11\\\/29\\\/les-marches-face-a-une-saison-festive-difficile\\\/\"]}]},{\"@type\":\"ImageObject\",\"inLanguage\":\"fr-FR\",\"@id\":\"https:\\\/\\\/www.gold.fr\\\/news\\\/2013\\\/11\\\/29\\\/les-marches-face-a-une-saison-festive-difficile\\\/#primaryimage\",\"url\":\"https:\\\/\\\/www.gold.fr\\\/news\\\/wp-content\\\/uploads\\\/2011\\\/12\\\/Achat-or.jpg\",\"contentUrl\":\"https:\\\/\\\/www.gold.fr\\\/news\\\/wp-content\\\/uploads\\\/2011\\\/12\\\/Achat-or.jpg\",\"width\":\"600\",\"height\":\"401\",\"caption\":\"Le rapport NFP de juillet : pourquoi est-ce important pour l\u2019or ?\"},{\"@type\":\"BreadcrumbList\",\"@id\":\"https:\\\/\\\/www.gold.fr\\\/news\\\/2013\\\/11\\\/29\\\/les-marches-face-a-une-saison-festive-difficile\\\/#breadcrumb\",\"itemListElement\":[{\"@type\":\"ListItem\",\"position\":1,\"name\":\"Accueil\",\"item\":\"https:\\\/\\\/www.gold.fr\\\/\"},{\"@type\":\"ListItem\",\"position\":2,\"name\":\"Actualit\u00e9s\",\"item\":\"https:\\\/\\\/www.gold.fr\\\/news\\\/\"},{\"@type\":\"ListItem\",\"position\":3,\"name\":\"Les march\u00e9s face \u00e0 une saison festive difficile\"}]},{\"@type\":\"WebSite\",\"@id\":\"https:\\\/\\\/www.gold.fr\\\/news\\\/#website\",\"url\":\"https:\\\/\\\/www.gold.fr\\\/news\\\/\",\"name\":\"Gold.fr\",\"description\":\"Actualit\u00e9s de l&#039;Or et des m\u00e9taux pr\u00e9cieux\",\"potentialAction\":[{\"@type\":\"SearchAction\",\"target\":{\"@type\":\"EntryPoint\",\"urlTemplate\":\"https:\\\/\\\/www.gold.fr\\\/news\\\/?s={search_term_string}\"},\"query-input\":{\"@type\":\"PropertyValueSpecification\",\"valueRequired\":true,\"valueName\":\"search_term_string\"}}],\"inLanguage\":\"fr-FR\"},{\"@type\":\"Person\",\"@id\":\"https:\\\/\\\/www.gold.fr\\\/news\\\/#\\\/schema\\\/person\\\/070491b4b4fb7671bf59b3be20302ce9\",\"name\":\"Comptoir National de l'Or\",\"image\":{\"@type\":\"ImageObject\",\"inLanguage\":\"fr-FR\",\"@id\":\"https:\\\/\\\/secure.gravatar.com\\\/avatar\\\/0a2867fd5abe37bed95d5a65e9d58f01756e11efc68af9888dfc50cfa7f65948?s=96&d=mm&r=gb490554db0a38188709de567aa58480d\",\"url\":\"https:\\\/\\\/secure.gravatar.com\\\/avatar\\\/0a2867fd5abe37bed95d5a65e9d58f01756e11efc68af9888dfc50cfa7f65948?s=96&d=mm&r=g\",\"contentUrl\":\"https:\\\/\\\/secure.gravatar.com\\\/avatar\\\/0a2867fd5abe37bed95d5a65e9d58f01756e11efc68af9888dfc50cfa7f65948?s=96&d=mm&r=g\",\"caption\":\"Comptoir National de l'Or\"},\"description\":\"Notre r\u00e9daction est constitu\u00e9e de membres experts dans les m\u00e9tiers de l'\u00e9conomie et la gestion, des Responsables d'agence Comptoir National de l'Or, des analystes financiers qui publient r\u00e9guli\u00e8rement des \u00e9tudes sur les politiques des banques centrales, le cours de l'or, prix de l'or, cours de l'argent, prix de l'argent, cours du platine, cours du palladium,... la situation en zone euro et l'impact de la strat\u00e9gie mon\u00e9taire de la FED. Notre \u00e9quipe scrute \u00e9galement une information plus g\u00e9n\u00e9raliste \u00e0 la recherche d'actualit\u00e9 \\\"p\u00e9pite\\\" \u00e0 vous partager. Depuis 5 ans, nous avons publi\u00e9 un peu plus de 4000 articles qui s'adressent \u00e0 un public large et vari\u00e9 ayant pour objectif de satisfaire votre curiosit\u00e9 et de partager avec vous une certaine fascination pour le m\u00e9tal jaune, le rachat d'or, et pour ceux qui veulent investir dans l'or, vendre leur or tout simplement en savoir plus... Pour tous vos achat or et argent, n'h\u00e9sitez pas \u00e0 prendre rendez-vous dans l'un de nos nombreux comptoirs.\",\"sameAs\":[\"https:\\\/\\\/www.gold.fr\"]}]}<\/script>\n<!-- \/ Yoast SEO plugin. -->","yoast_head_json":{"title":"Les march\u00e9s face \u00e0 une saison festive difficile - Gold.fr","robots":{"index":"index","follow":"follow","max-snippet":"max-snippet:-1","max-image-preview":"max-image-preview:large","max-video-preview":"max-video-preview:-1"},"canonical":"https:\/\/www.gold.fr\/news\/2013\/11\/29\/les-marches-face-a-une-saison-festive-difficile\/","og_locale":"fr_FR","og_type":"article","og_title":"Les march\u00e9s face \u00e0 une saison festive difficile - Gold.fr","og_description":"Le Conference Board (organisation professionnelle mondialement reconnue, \u00e0 l\u2019origine de divers rapports mensuels relatifs aux diff\u00e9rents indicateurs \u00e9conomiques am\u00e9ricains et mondiaux) vient de publier son dernier rapport officiel, et les nouvelles sont aussi d\u00e9cevantes que surprenantes. [&hellip;]","og_url":"https:\/\/www.gold.fr\/news\/2013\/11\/29\/les-marches-face-a-une-saison-festive-difficile\/","og_site_name":"Gold.fr","article_publisher":"https:\/\/www.facebook.com\/Goldfr\/","article_published_time":"2013-11-29T08:00:44+00:00","article_modified_time":"2017-11-02T10:32:41+00:00","og_image":[{"width":600,"height":401,"url":"https:\/\/www.gold.fr\/news\/wp-content\/uploads\/2011\/12\/Achat-or.jpg","type":"image\/jpeg"}],"author":"Comptoir National de l'Or","twitter_card":"summary_large_image","twitter_misc":{"\u00c9crit par":"Comptoir National de l'Or","Dur\u00e9e de lecture estim\u00e9e":"1 minute"},"schema":{"@context":"https:\/\/schema.org","@graph":[{"@type":"Article","@id":"https:\/\/www.gold.fr\/news\/2013\/11\/29\/les-marches-face-a-une-saison-festive-difficile\/#article","isPartOf":{"@id":"https:\/\/www.gold.fr\/news\/2013\/11\/29\/les-marches-face-a-une-saison-festive-difficile\/"},"author":{"name":"Comptoir National de l'Or","@id":"https:\/\/www.gold.fr\/news\/#\/schema\/person\/070491b4b4fb7671bf59b3be20302ce9"},"headline":"Les march\u00e9s face \u00e0 une saison festive difficile","datePublished":"2013-11-29T08:00:44+00:00","dateModified":"2017-11-02T10:32:41+00:00","mainEntityOfPage":{"@id":"https:\/\/www.gold.fr\/news\/2013\/11\/29\/les-marches-face-a-une-saison-festive-difficile\/"},"wordCount":260,"commentCount":0,"image":{"@id":"https:\/\/www.gold.fr\/news\/2013\/11\/29\/les-marches-face-a-une-saison-festive-difficile\/#primaryimage"},"thumbnailUrl":"https:\/\/www.gold.fr\/news\/wp-content\/uploads\/2011\/12\/Achat-or.jpg","keywords":["Conference Board","\u00e9conomie US","indicateurs \u00e9conomiques","Lynn Franco","march\u00e9s"],"articleSection":["Articles de presse"],"inLanguage":"fr-FR"},{"@type":"WebPage","@id":"https:\/\/www.gold.fr\/news\/2013\/11\/29\/les-marches-face-a-une-saison-festive-difficile\/","url":"https:\/\/www.gold.fr\/news\/2013\/11\/29\/les-marches-face-a-une-saison-festive-difficile\/","name":"Les march\u00e9s face \u00e0 une saison festive difficile - Gold.fr","isPartOf":{"@id":"https:\/\/www.gold.fr\/news\/#website"},"primaryImageOfPage":{"@id":"https:\/\/www.gold.fr\/news\/2013\/11\/29\/les-marches-face-a-une-saison-festive-difficile\/#primaryimage"},"image":{"@id":"https:\/\/www.gold.fr\/news\/2013\/11\/29\/les-marches-face-a-une-saison-festive-difficile\/#primaryimage"},"thumbnailUrl":"https:\/\/www.gold.fr\/news\/wp-content\/uploads\/2011\/12\/Achat-or.jpg","datePublished":"2013-11-29T08:00:44+00:00","dateModified":"2017-11-02T10:32:41+00:00","author":{"@id":"https:\/\/www.gold.fr\/news\/#\/schema\/person\/070491b4b4fb7671bf59b3be20302ce9"},"breadcrumb":{"@id":"https:\/\/www.gold.fr\/news\/2013\/11\/29\/les-marches-face-a-une-saison-festive-difficile\/#breadcrumb"},"inLanguage":"fr-FR","potentialAction":[{"@type":"ReadAction","target":["https:\/\/www.gold.fr\/news\/2013\/11\/29\/les-marches-face-a-une-saison-festive-difficile\/"]}]},{"@type":"ImageObject","inLanguage":"fr-FR","@id":"https:\/\/www.gold.fr\/news\/2013\/11\/29\/les-marches-face-a-une-saison-festive-difficile\/#primaryimage","url":"https:\/\/www.gold.fr\/news\/wp-content\/uploads\/2011\/12\/Achat-or.jpg","contentUrl":"https:\/\/www.gold.fr\/news\/wp-content\/uploads\/2011\/12\/Achat-or.jpg","width":"600","height":"401","caption":"Le rapport NFP de juillet : pourquoi est-ce important pour l\u2019or ?"},{"@type":"BreadcrumbList","@id":"https:\/\/www.gold.fr\/news\/2013\/11\/29\/les-marches-face-a-une-saison-festive-difficile\/#breadcrumb","itemListElement":[{"@type":"ListItem","position":1,"name":"Accueil","item":"https:\/\/www.gold.fr\/"},{"@type":"ListItem","position":2,"name":"Actualit\u00e9s","item":"https:\/\/www.gold.fr\/news\/"},{"@type":"ListItem","position":3,"name":"Les march\u00e9s face \u00e0 une saison festive difficile"}]},{"@type":"WebSite","@id":"https:\/\/www.gold.fr\/news\/#website","url":"https:\/\/www.gold.fr\/news\/","name":"Gold.fr","description":"Actualit\u00e9s de l&#039;Or et des m\u00e9taux pr\u00e9cieux","potentialAction":[{"@type":"SearchAction","target":{"@type":"EntryPoint","urlTemplate":"https:\/\/www.gold.fr\/news\/?s={search_term_string}"},"query-input":{"@type":"PropertyValueSpecification","valueRequired":true,"valueName":"search_term_string"}}],"inLanguage":"fr-FR"},{"@type":"Person","@id":"https:\/\/www.gold.fr\/news\/#\/schema\/person\/070491b4b4fb7671bf59b3be20302ce9","name":"Comptoir National de l'Or","image":{"@type":"ImageObject","inLanguage":"fr-FR","@id":"https:\/\/secure.gravatar.com\/avatar\/0a2867fd5abe37bed95d5a65e9d58f01756e11efc68af9888dfc50cfa7f65948?s=96&d=mm&r=gb490554db0a38188709de567aa58480d","url":"https:\/\/secure.gravatar.com\/avatar\/0a2867fd5abe37bed95d5a65e9d58f01756e11efc68af9888dfc50cfa7f65948?s=96&d=mm&r=g","contentUrl":"https:\/\/secure.gravatar.com\/avatar\/0a2867fd5abe37bed95d5a65e9d58f01756e11efc68af9888dfc50cfa7f65948?s=96&d=mm&r=g","caption":"Comptoir National de l'Or"},"description":"Notre r\u00e9daction est constitu\u00e9e de membres experts dans les m\u00e9tiers de l'\u00e9conomie et la gestion, des Responsables d'agence Comptoir National de l'Or, des analystes financiers qui publient r\u00e9guli\u00e8rement des \u00e9tudes sur les politiques des banques centrales, le cours de l'or, prix de l'or, cours de l'argent, prix de l'argent, cours du platine, cours du palladium,... la situation en zone euro et l'impact de la strat\u00e9gie mon\u00e9taire de la FED. Notre \u00e9quipe scrute \u00e9galement une information plus g\u00e9n\u00e9raliste \u00e0 la recherche d'actualit\u00e9 \"p\u00e9pite\" \u00e0 vous partager. Depuis 5 ans, nous avons publi\u00e9 un peu plus de 4000 articles qui s'adressent \u00e0 un public large et vari\u00e9 ayant pour objectif de satisfaire votre curiosit\u00e9 et de partager avec vous une certaine fascination pour le m\u00e9tal jaune, le rachat d'or, et pour ceux qui veulent investir dans l'or, vendre leur or tout simplement en savoir plus... Pour tous vos achat or et argent, n'h\u00e9sitez pas \u00e0 prendre rendez-vous dans l'un de nos nombreux comptoirs.","sameAs":["https:\/\/www.gold.fr"]}]}},"authors":[{"term_id":2565,"user_id":18,"is_guest":0,"slug":"julie","display_name":"Comptoir National de l'Or","avatar_url":"https:\/\/secure.gravatar.com\/avatar\/713f289e398d35ead876c4a4cc08607f0d6d266058cfc25683fffb6092d0e572?s=96&d=mm&r=g","0":null,"1":"","2":"","3":"","4":"","5":"","6":"","7":"","8":""}],"_links":{"self":[{"href":"https:\/\/www.gold.fr\/news\/wp-json\/wp\/v2\/posts\/13338","targetHints":{"allow":["GET"]}}],"collection":[{"href":"https:\/\/www.gold.fr\/news\/wp-json\/wp\/v2\/posts"}],"about":[{"href":"https:\/\/www.gold.fr\/news\/wp-json\/wp\/v2\/types\/post"}],"author":[{"embeddable":true,"href":"https:\/\/www.gold.fr\/news\/wp-json\/wp\/v2\/users\/18"}],"replies":[{"embeddable":true,"href":"https:\/\/www.gold.fr\/news\/wp-json\/wp\/v2\/comments?post=13338"}],"version-history":[{"count":0,"href":"https:\/\/www.gold.fr\/news\/wp-json\/wp\/v2\/posts\/13338\/revisions"}],"wp:featuredmedia":[{"embeddable":true,"href":"https:\/\/www.gold.fr\/news\/wp-json\/wp\/v2\/media\/4696"}],"wp:attachment":[{"href":"https:\/\/www.gold.fr\/news\/wp-json\/wp\/v2\/media?parent=13338"}],"wp:term":[{"taxonomy":"category","embeddable":true,"href":"https:\/\/www.gold.fr\/news\/wp-json\/wp\/v2\/categories?post=13338"},{"taxonomy":"post_tag","embeddable":true,"href":"https:\/\/www.gold.fr\/news\/wp-json\/wp\/v2\/tags?post=13338"},{"taxonomy":"author","embeddable":true,"href":"https:\/\/www.gold.fr\/news\/wp-json\/wp\/v2\/ppma_author?post=13338"}],"curies":[{"name":"wp","href":"https:\/\/api.w.org\/{rel}","templated":true}]}}