{"id":13332,"date":"2013-11-27T17:00:41","date_gmt":"2013-11-27T16:00:41","guid":{"rendered":"https:\/\/www.gold.fr\/news\/?p=13332"},"modified":"2017-11-02T11:32:41","modified_gmt":"2017-11-02T10:32:41","slug":"une-semaine-decisive-des-deux-cotes-de-latlantique","status":"publish","type":"post","link":"https:\/\/www.gold.fr\/news\/2013\/11\/27\/une-semaine-decisive-des-deux-cotes-de-latlantique\/","title":{"rendered":"Une semaine d\u00e9cisive des deux c\u00f4t\u00e9s de l\u2019Atlantique"},"content":{"rendered":"<p><span style=\"font-size: small;\"><img loading=\"lazy\" decoding=\"async\" class=\"alignleft size-thumbnail wp-image-6651\" title=\"Une semaine d\u00e9cisive des deux c\u00f4t\u00e9s de l\u2019Atlantique\" src=\"https:\/\/www.gold.fr\/news\/wp-content\/uploads\/2012\/04\/dollar-or-150x150.jpg\" alt=\"\" width=\"150\" height=\"150\" \/>C\u2019est une semaine assez d\u00e9cisive qui s\u2019annonce pour les march\u00e9s d\u2019investissement, en g\u00e9n\u00e9ral, et pour l\u2019\u00e9conomie europ\u00e9enne, en particulier. <a title=\"Les march\u00e9s f\u00eatent pleinement l\u2019accord de Gen\u00e8ve\" href=\"https:\/\/www.gold.fr\/news\/2013\/11\/27\/les-marches-fetent-pleinement-laccord-de-geneve\/13325\/\" target=\"_blank\">Apr\u00e8s l\u2019accord historique sur le nucl\u00e9aire iranien<\/a>, samedi dernier, c\u2019est une s\u00e9rie de rapports chiffr\u00e9s (pr\u00e9vue au courant de cette semaine) qui devrait avoir une influence directe et palpable sur l\u2019\u00e9volution des march\u00e9s financiers internationaux.<\/span>    <span style=\"font-size: small;\"> D\u2019apr\u00e8s les experts d\u2019<strong>IG<\/strong>, \u00ab\u00a0<em>il est possible que le fait qu&rsquo;un accord ait \u00e9t\u00e9 conclu sur le nucl\u00e9aire iranien, imposant de vraies limites au pays, ajoute \u00e0 l&rsquo;optimisme, sachant qu&rsquo;il s&rsquo;agit du seul \u00e9v\u00e9nement survenu depuis vendredi dernier<\/em>\u00a0\u00bb.<\/span>    <span style=\"font-size: small;\"> Une chose est sure, l\u2019euro devrait profiter de cette occasion dor\u00e9e pour regagner un peu de terrain, face au billet vert. En effet, si les bourses am\u00e9ricaines ne cessent d\u2019encha\u00eener les records historiques, les places europ\u00e9ennes peinent quant \u00e0 elles \u00e0 sortir de la charni\u00e8re qui n\u2019a pas encore perc\u00e9 le plafond des <strong>4300 points<\/strong>.<\/span>    <span style=\"font-size: small;\"> C\u00f4t\u00e9 agenda \u00e9conomique europ\u00e9en, on guettera surtout, cette semaine, les plus r\u00e9cents rapports relatifs \u00e0 l&rsquo;inflation (au sein du bloc euro), offrant ainsi des indicateurs assez clairs sur l\u2019impact de<a title=\"D\u00e9cision BCE : Les experts sont sceptiques\" href=\"https:\/\/www.gold.fr\/news\/2013\/11\/15\/decision-bce-les-experts-sont-sceptiques\/13228\/\" target=\"_blank\"> la r\u00e9cente et surprenante baisse de taux directeur de la <strong>BCE<\/strong><\/a>. C\u00f4t\u00e9 agenda politique, les regards se tournent vers le vote du S\u00e9nat italien sur \u00ab\u00a0<em>la destitution de <strong>Silvio Berlusconi<\/strong>, sur fond de morcellement du parti du Peuple de Libert\u00e9<\/em>\u00a0\u00bb.<\/span>    <span style=\"font-size: small;\"> De l\u2019autre c\u00f4t\u00e9 de l\u2019Atlantique, la f\u00eate de <strong>Thanksgiving<\/strong>, suivie du fameux \u00ab\u00a0<em><strong>Black Friday<\/strong><\/em>\u00a0\u00bb (lendemain de Thanksgiving qui donne le coup d\u2019envoi de la saison de No\u00ebl) seront sur le devant de la sc\u00e8ne pour probablement booster les diff\u00e9rents secteurs \u00e9conomiques.<\/span><\/p>\n<!-- AddThis Advanced Settings generic via filter on the_content --><!-- AddThis Share Buttons generic via filter on the_content -->","protected":false},"excerpt":{"rendered":"<p>C\u2019est une semaine assez d\u00e9cisive qui s\u2019annonce pour les march\u00e9s d\u2019investissement, en g\u00e9n\u00e9ral, et pour l\u2019\u00e9conomie europ\u00e9enne, en particulier. Apr\u00e8s l\u2019accord historique sur le nucl\u00e9aire iranien, samedi dernier, c\u2019est une s\u00e9rie de rapports chiffr\u00e9s (pr\u00e9vue au [&hellip;]<\/p>\n","protected":false},"author":18,"featured_media":6651,"comment_status":"open","ping_status":"open","sticky":false,"template":"","format":"standard","meta":{"_mbp_gutenberg_autopost":false,"_pgmb_is_evergreen":false,"_pgmb_ap_template_id":0,"footnotes":""},"categories":[6],"tags":[1667,143,1671,1519,1410,1315,1670],"ppma_author":[2565],"class_list":["post-13332","post","type-post","status-publish","format-standard","has-post-thumbnail","hentry","category-articles-de-presse","tag-accord-geneve","tag-bce","tag-black-friday","tag-euro-et-dollar","tag-marches-financiers","tag-taux-directeur","tag-thanksgiving"],"yoast_head":"<!-- This site is optimized with the Yoast SEO plugin v27.5 - https:\/\/yoast.com\/product\/yoast-seo-wordpress\/ -->\n<title>Une semaine d\u00e9cisive des deux c\u00f4t\u00e9s de l\u2019Atlantique - Gold.fr<\/title>\n<meta name=\"robots\" content=\"index, follow, max-snippet:-1, max-image-preview:large, max-video-preview:-1\" \/>\n<link rel=\"canonical\" href=\"https:\/\/www.gold.fr\/news\/2013\/11\/27\/une-semaine-decisive-des-deux-cotes-de-latlantique\/\" \/>\n<meta property=\"og:locale\" content=\"fr_FR\" \/>\n<meta property=\"og:type\" content=\"article\" \/>\n<meta property=\"og:title\" content=\"Une semaine d\u00e9cisive des deux c\u00f4t\u00e9s de l\u2019Atlantique - Gold.fr\" \/>\n<meta property=\"og:description\" content=\"C\u2019est une semaine assez d\u00e9cisive qui s\u2019annonce pour les march\u00e9s d\u2019investissement, en g\u00e9n\u00e9ral, et pour l\u2019\u00e9conomie europ\u00e9enne, en particulier. Apr\u00e8s l\u2019accord historique sur le nucl\u00e9aire iranien, samedi dernier, c\u2019est une s\u00e9rie de rapports chiffr\u00e9s (pr\u00e9vue au [&hellip;]\" \/>\n<meta property=\"og:url\" content=\"https:\/\/www.gold.fr\/news\/2013\/11\/27\/une-semaine-decisive-des-deux-cotes-de-latlantique\/\" \/>\n<meta property=\"og:site_name\" content=\"Gold.fr\" \/>\n<meta property=\"article:publisher\" content=\"https:\/\/www.facebook.com\/Goldfr\/\" \/>\n<meta property=\"article:published_time\" content=\"2013-11-27T16:00:41+00:00\" \/>\n<meta property=\"article:modified_time\" content=\"2017-11-02T10:32:41+00:00\" \/>\n<meta property=\"og:image\" content=\"https:\/\/www.gold.fr\/news\/wp-content\/uploads\/2012\/04\/dollar-or.jpg\" \/>\n\t<meta property=\"og:image:width\" content=\"600\" \/>\n\t<meta property=\"og:image:height\" content=\"400\" \/>\n\t<meta property=\"og:image:type\" content=\"image\/jpeg\" \/>\n<meta name=\"author\" content=\"Comptoir National de l&#039;Or\" \/>\n<meta name=\"twitter:card\" content=\"summary_large_image\" \/>\n<meta name=\"twitter:label1\" content=\"\u00c9crit par\" \/>\n\t<meta name=\"twitter:data1\" content=\"Comptoir National de l&#039;Or\" \/>\n\t<meta name=\"twitter:label2\" content=\"Dur\u00e9e de lecture estim\u00e9e\" \/>\n\t<meta name=\"twitter:data2\" content=\"1 minute\" \/>\n<script type=\"application\/ld+json\" class=\"yoast-schema-graph\">{\"@context\":\"https:\\\/\\\/schema.org\",\"@graph\":[{\"@type\":\"Article\",\"@id\":\"https:\\\/\\\/www.gold.fr\\\/news\\\/2013\\\/11\\\/27\\\/une-semaine-decisive-des-deux-cotes-de-latlantique\\\/#article\",\"isPartOf\":{\"@id\":\"https:\\\/\\\/www.gold.fr\\\/news\\\/2013\\\/11\\\/27\\\/une-semaine-decisive-des-deux-cotes-de-latlantique\\\/\"},\"author\":{\"name\":\"Comptoir National de l'Or\",\"@id\":\"https:\\\/\\\/www.gold.fr\\\/news\\\/#\\\/schema\\\/person\\\/070491b4b4fb7671bf59b3be20302ce9\"},\"headline\":\"Une semaine d\u00e9cisive des deux c\u00f4t\u00e9s de l\u2019Atlantique\",\"datePublished\":\"2013-11-27T16:00:41+00:00\",\"dateModified\":\"2017-11-02T10:32:41+00:00\",\"mainEntityOfPage\":{\"@id\":\"https:\\\/\\\/www.gold.fr\\\/news\\\/2013\\\/11\\\/27\\\/une-semaine-decisive-des-deux-cotes-de-latlantique\\\/\"},\"wordCount\":316,\"commentCount\":0,\"image\":{\"@id\":\"https:\\\/\\\/www.gold.fr\\\/news\\\/2013\\\/11\\\/27\\\/une-semaine-decisive-des-deux-cotes-de-latlantique\\\/#primaryimage\"},\"thumbnailUrl\":\"https:\\\/\\\/www.gold.fr\\\/news\\\/wp-content\\\/uploads\\\/2012\\\/04\\\/dollar-or.jpg\",\"keywords\":[\"accord Gen\u00e8ve\",\"bce\",\"Black Friday\",\"euro et dollar\",\"march\u00e9s financiers\",\"taux directeur\",\"Thanksgiving\"],\"articleSection\":[\"Articles de presse\"],\"inLanguage\":\"fr-FR\"},{\"@type\":\"WebPage\",\"@id\":\"https:\\\/\\\/www.gold.fr\\\/news\\\/2013\\\/11\\\/27\\\/une-semaine-decisive-des-deux-cotes-de-latlantique\\\/\",\"url\":\"https:\\\/\\\/www.gold.fr\\\/news\\\/2013\\\/11\\\/27\\\/une-semaine-decisive-des-deux-cotes-de-latlantique\\\/\",\"name\":\"Une semaine d\u00e9cisive des deux c\u00f4t\u00e9s de l\u2019Atlantique - Gold.fr\",\"isPartOf\":{\"@id\":\"https:\\\/\\\/www.gold.fr\\\/news\\\/#website\"},\"primaryImageOfPage\":{\"@id\":\"https:\\\/\\\/www.gold.fr\\\/news\\\/2013\\\/11\\\/27\\\/une-semaine-decisive-des-deux-cotes-de-latlantique\\\/#primaryimage\"},\"image\":{\"@id\":\"https:\\\/\\\/www.gold.fr\\\/news\\\/2013\\\/11\\\/27\\\/une-semaine-decisive-des-deux-cotes-de-latlantique\\\/#primaryimage\"},\"thumbnailUrl\":\"https:\\\/\\\/www.gold.fr\\\/news\\\/wp-content\\\/uploads\\\/2012\\\/04\\\/dollar-or.jpg\",\"datePublished\":\"2013-11-27T16:00:41+00:00\",\"dateModified\":\"2017-11-02T10:32:41+00:00\",\"author\":{\"@id\":\"https:\\\/\\\/www.gold.fr\\\/news\\\/#\\\/schema\\\/person\\\/070491b4b4fb7671bf59b3be20302ce9\"},\"breadcrumb\":{\"@id\":\"https:\\\/\\\/www.gold.fr\\\/news\\\/2013\\\/11\\\/27\\\/une-semaine-decisive-des-deux-cotes-de-latlantique\\\/#breadcrumb\"},\"inLanguage\":\"fr-FR\",\"potentialAction\":[{\"@type\":\"ReadAction\",\"target\":[\"https:\\\/\\\/www.gold.fr\\\/news\\\/2013\\\/11\\\/27\\\/une-semaine-decisive-des-deux-cotes-de-latlantique\\\/\"]}]},{\"@type\":\"ImageObject\",\"inLanguage\":\"fr-FR\",\"@id\":\"https:\\\/\\\/www.gold.fr\\\/news\\\/2013\\\/11\\\/27\\\/une-semaine-decisive-des-deux-cotes-de-latlantique\\\/#primaryimage\",\"url\":\"https:\\\/\\\/www.gold.fr\\\/news\\\/wp-content\\\/uploads\\\/2012\\\/04\\\/dollar-or.jpg\",\"contentUrl\":\"https:\\\/\\\/www.gold.fr\\\/news\\\/wp-content\\\/uploads\\\/2012\\\/04\\\/dollar-or.jpg\",\"width\":\"600\",\"height\":\"400\",\"caption\":\"Un calendrier charg\u00e9 pour une semaine d\u00e9cisive\"},{\"@type\":\"BreadcrumbList\",\"@id\":\"https:\\\/\\\/www.gold.fr\\\/news\\\/2013\\\/11\\\/27\\\/une-semaine-decisive-des-deux-cotes-de-latlantique\\\/#breadcrumb\",\"itemListElement\":[{\"@type\":\"ListItem\",\"position\":1,\"name\":\"Accueil\",\"item\":\"https:\\\/\\\/www.gold.fr\\\/\"},{\"@type\":\"ListItem\",\"position\":2,\"name\":\"Actualit\u00e9s\",\"item\":\"https:\\\/\\\/www.gold.fr\\\/news\\\/\"},{\"@type\":\"ListItem\",\"position\":3,\"name\":\"Une semaine d\u00e9cisive des deux c\u00f4t\u00e9s de l\u2019Atlantique\"}]},{\"@type\":\"WebSite\",\"@id\":\"https:\\\/\\\/www.gold.fr\\\/news\\\/#website\",\"url\":\"https:\\\/\\\/www.gold.fr\\\/news\\\/\",\"name\":\"Gold.fr\",\"description\":\"Actualit\u00e9s de l&#039;Or et des m\u00e9taux pr\u00e9cieux\",\"potentialAction\":[{\"@type\":\"SearchAction\",\"target\":{\"@type\":\"EntryPoint\",\"urlTemplate\":\"https:\\\/\\\/www.gold.fr\\\/news\\\/?s={search_term_string}\"},\"query-input\":{\"@type\":\"PropertyValueSpecification\",\"valueRequired\":true,\"valueName\":\"search_term_string\"}}],\"inLanguage\":\"fr-FR\"},{\"@type\":\"Person\",\"@id\":\"https:\\\/\\\/www.gold.fr\\\/news\\\/#\\\/schema\\\/person\\\/070491b4b4fb7671bf59b3be20302ce9\",\"name\":\"Comptoir National de l'Or\",\"image\":{\"@type\":\"ImageObject\",\"inLanguage\":\"fr-FR\",\"@id\":\"https:\\\/\\\/secure.gravatar.com\\\/avatar\\\/0a2867fd5abe37bed95d5a65e9d58f01756e11efc68af9888dfc50cfa7f65948?s=96&d=mm&r=gb490554db0a38188709de567aa58480d\",\"url\":\"https:\\\/\\\/secure.gravatar.com\\\/avatar\\\/0a2867fd5abe37bed95d5a65e9d58f01756e11efc68af9888dfc50cfa7f65948?s=96&d=mm&r=g\",\"contentUrl\":\"https:\\\/\\\/secure.gravatar.com\\\/avatar\\\/0a2867fd5abe37bed95d5a65e9d58f01756e11efc68af9888dfc50cfa7f65948?s=96&d=mm&r=g\",\"caption\":\"Comptoir National de l'Or\"},\"description\":\"Notre r\u00e9daction est constitu\u00e9e de membres experts dans les m\u00e9tiers de l'\u00e9conomie et la gestion, des Responsables d'agence Comptoir National de l'Or, des analystes financiers qui publient r\u00e9guli\u00e8rement des \u00e9tudes sur les politiques des banques centrales, le cours de l'or, prix de l'or, cours de l'argent, prix de l'argent, cours du platine, cours du palladium,... la situation en zone euro et l'impact de la strat\u00e9gie mon\u00e9taire de la FED. Notre \u00e9quipe scrute \u00e9galement une information plus g\u00e9n\u00e9raliste \u00e0 la recherche d'actualit\u00e9 \\\"p\u00e9pite\\\" \u00e0 vous partager. Depuis 5 ans, nous avons publi\u00e9 un peu plus de 4000 articles qui s'adressent \u00e0 un public large et vari\u00e9 ayant pour objectif de satisfaire votre curiosit\u00e9 et de partager avec vous une certaine fascination pour le m\u00e9tal jaune, le rachat d'or, et pour ceux qui veulent investir dans l'or, vendre leur or tout simplement en savoir plus... Pour tous vos achat or et argent, n'h\u00e9sitez pas \u00e0 prendre rendez-vous dans l'un de nos nombreux comptoirs.\",\"sameAs\":[\"https:\\\/\\\/www.gold.fr\"]}]}<\/script>\n<!-- \/ Yoast SEO plugin. -->","yoast_head_json":{"title":"Une semaine d\u00e9cisive des deux c\u00f4t\u00e9s de l\u2019Atlantique - Gold.fr","robots":{"index":"index","follow":"follow","max-snippet":"max-snippet:-1","max-image-preview":"max-image-preview:large","max-video-preview":"max-video-preview:-1"},"canonical":"https:\/\/www.gold.fr\/news\/2013\/11\/27\/une-semaine-decisive-des-deux-cotes-de-latlantique\/","og_locale":"fr_FR","og_type":"article","og_title":"Une semaine d\u00e9cisive des deux c\u00f4t\u00e9s de l\u2019Atlantique - Gold.fr","og_description":"C\u2019est une semaine assez d\u00e9cisive qui s\u2019annonce pour les march\u00e9s d\u2019investissement, en g\u00e9n\u00e9ral, et pour l\u2019\u00e9conomie europ\u00e9enne, en particulier. Apr\u00e8s l\u2019accord historique sur le nucl\u00e9aire iranien, samedi dernier, c\u2019est une s\u00e9rie de rapports chiffr\u00e9s (pr\u00e9vue au [&hellip;]","og_url":"https:\/\/www.gold.fr\/news\/2013\/11\/27\/une-semaine-decisive-des-deux-cotes-de-latlantique\/","og_site_name":"Gold.fr","article_publisher":"https:\/\/www.facebook.com\/Goldfr\/","article_published_time":"2013-11-27T16:00:41+00:00","article_modified_time":"2017-11-02T10:32:41+00:00","og_image":[{"width":600,"height":400,"url":"https:\/\/www.gold.fr\/news\/wp-content\/uploads\/2012\/04\/dollar-or.jpg","type":"image\/jpeg"}],"author":"Comptoir National de l'Or","twitter_card":"summary_large_image","twitter_misc":{"\u00c9crit par":"Comptoir National de l'Or","Dur\u00e9e de lecture estim\u00e9e":"1 minute"},"schema":{"@context":"https:\/\/schema.org","@graph":[{"@type":"Article","@id":"https:\/\/www.gold.fr\/news\/2013\/11\/27\/une-semaine-decisive-des-deux-cotes-de-latlantique\/#article","isPartOf":{"@id":"https:\/\/www.gold.fr\/news\/2013\/11\/27\/une-semaine-decisive-des-deux-cotes-de-latlantique\/"},"author":{"name":"Comptoir National de l'Or","@id":"https:\/\/www.gold.fr\/news\/#\/schema\/person\/070491b4b4fb7671bf59b3be20302ce9"},"headline":"Une semaine d\u00e9cisive des deux c\u00f4t\u00e9s de l\u2019Atlantique","datePublished":"2013-11-27T16:00:41+00:00","dateModified":"2017-11-02T10:32:41+00:00","mainEntityOfPage":{"@id":"https:\/\/www.gold.fr\/news\/2013\/11\/27\/une-semaine-decisive-des-deux-cotes-de-latlantique\/"},"wordCount":316,"commentCount":0,"image":{"@id":"https:\/\/www.gold.fr\/news\/2013\/11\/27\/une-semaine-decisive-des-deux-cotes-de-latlantique\/#primaryimage"},"thumbnailUrl":"https:\/\/www.gold.fr\/news\/wp-content\/uploads\/2012\/04\/dollar-or.jpg","keywords":["accord Gen\u00e8ve","bce","Black Friday","euro et dollar","march\u00e9s financiers","taux directeur","Thanksgiving"],"articleSection":["Articles de presse"],"inLanguage":"fr-FR"},{"@type":"WebPage","@id":"https:\/\/www.gold.fr\/news\/2013\/11\/27\/une-semaine-decisive-des-deux-cotes-de-latlantique\/","url":"https:\/\/www.gold.fr\/news\/2013\/11\/27\/une-semaine-decisive-des-deux-cotes-de-latlantique\/","name":"Une semaine d\u00e9cisive des deux c\u00f4t\u00e9s de l\u2019Atlantique - Gold.fr","isPartOf":{"@id":"https:\/\/www.gold.fr\/news\/#website"},"primaryImageOfPage":{"@id":"https:\/\/www.gold.fr\/news\/2013\/11\/27\/une-semaine-decisive-des-deux-cotes-de-latlantique\/#primaryimage"},"image":{"@id":"https:\/\/www.gold.fr\/news\/2013\/11\/27\/une-semaine-decisive-des-deux-cotes-de-latlantique\/#primaryimage"},"thumbnailUrl":"https:\/\/www.gold.fr\/news\/wp-content\/uploads\/2012\/04\/dollar-or.jpg","datePublished":"2013-11-27T16:00:41+00:00","dateModified":"2017-11-02T10:32:41+00:00","author":{"@id":"https:\/\/www.gold.fr\/news\/#\/schema\/person\/070491b4b4fb7671bf59b3be20302ce9"},"breadcrumb":{"@id":"https:\/\/www.gold.fr\/news\/2013\/11\/27\/une-semaine-decisive-des-deux-cotes-de-latlantique\/#breadcrumb"},"inLanguage":"fr-FR","potentialAction":[{"@type":"ReadAction","target":["https:\/\/www.gold.fr\/news\/2013\/11\/27\/une-semaine-decisive-des-deux-cotes-de-latlantique\/"]}]},{"@type":"ImageObject","inLanguage":"fr-FR","@id":"https:\/\/www.gold.fr\/news\/2013\/11\/27\/une-semaine-decisive-des-deux-cotes-de-latlantique\/#primaryimage","url":"https:\/\/www.gold.fr\/news\/wp-content\/uploads\/2012\/04\/dollar-or.jpg","contentUrl":"https:\/\/www.gold.fr\/news\/wp-content\/uploads\/2012\/04\/dollar-or.jpg","width":"600","height":"400","caption":"Un calendrier charg\u00e9 pour une semaine d\u00e9cisive"},{"@type":"BreadcrumbList","@id":"https:\/\/www.gold.fr\/news\/2013\/11\/27\/une-semaine-decisive-des-deux-cotes-de-latlantique\/#breadcrumb","itemListElement":[{"@type":"ListItem","position":1,"name":"Accueil","item":"https:\/\/www.gold.fr\/"},{"@type":"ListItem","position":2,"name":"Actualit\u00e9s","item":"https:\/\/www.gold.fr\/news\/"},{"@type":"ListItem","position":3,"name":"Une semaine d\u00e9cisive des deux c\u00f4t\u00e9s de l\u2019Atlantique"}]},{"@type":"WebSite","@id":"https:\/\/www.gold.fr\/news\/#website","url":"https:\/\/www.gold.fr\/news\/","name":"Gold.fr","description":"Actualit\u00e9s de l&#039;Or et des m\u00e9taux pr\u00e9cieux","potentialAction":[{"@type":"SearchAction","target":{"@type":"EntryPoint","urlTemplate":"https:\/\/www.gold.fr\/news\/?s={search_term_string}"},"query-input":{"@type":"PropertyValueSpecification","valueRequired":true,"valueName":"search_term_string"}}],"inLanguage":"fr-FR"},{"@type":"Person","@id":"https:\/\/www.gold.fr\/news\/#\/schema\/person\/070491b4b4fb7671bf59b3be20302ce9","name":"Comptoir National de l'Or","image":{"@type":"ImageObject","inLanguage":"fr-FR","@id":"https:\/\/secure.gravatar.com\/avatar\/0a2867fd5abe37bed95d5a65e9d58f01756e11efc68af9888dfc50cfa7f65948?s=96&d=mm&r=gb490554db0a38188709de567aa58480d","url":"https:\/\/secure.gravatar.com\/avatar\/0a2867fd5abe37bed95d5a65e9d58f01756e11efc68af9888dfc50cfa7f65948?s=96&d=mm&r=g","contentUrl":"https:\/\/secure.gravatar.com\/avatar\/0a2867fd5abe37bed95d5a65e9d58f01756e11efc68af9888dfc50cfa7f65948?s=96&d=mm&r=g","caption":"Comptoir National de l'Or"},"description":"Notre r\u00e9daction est constitu\u00e9e de membres experts dans les m\u00e9tiers de l'\u00e9conomie et la gestion, des Responsables d'agence Comptoir National de l'Or, des analystes financiers qui publient r\u00e9guli\u00e8rement des \u00e9tudes sur les politiques des banques centrales, le cours de l'or, prix de l'or, cours de l'argent, prix de l'argent, cours du platine, cours du palladium,... la situation en zone euro et l'impact de la strat\u00e9gie mon\u00e9taire de la FED. Notre \u00e9quipe scrute \u00e9galement une information plus g\u00e9n\u00e9raliste \u00e0 la recherche d'actualit\u00e9 \"p\u00e9pite\" \u00e0 vous partager. Depuis 5 ans, nous avons publi\u00e9 un peu plus de 4000 articles qui s'adressent \u00e0 un public large et vari\u00e9 ayant pour objectif de satisfaire votre curiosit\u00e9 et de partager avec vous une certaine fascination pour le m\u00e9tal jaune, le rachat d'or, et pour ceux qui veulent investir dans l'or, vendre leur or tout simplement en savoir plus... Pour tous vos achat or et argent, n'h\u00e9sitez pas \u00e0 prendre rendez-vous dans l'un de nos nombreux comptoirs.","sameAs":["https:\/\/www.gold.fr"]}]}},"authors":[{"term_id":2565,"user_id":18,"is_guest":0,"slug":"julie","display_name":"Comptoir National de l'Or","avatar_url":"https:\/\/secure.gravatar.com\/avatar\/713f289e398d35ead876c4a4cc08607f0d6d266058cfc25683fffb6092d0e572?s=96&d=mm&r=g","0":null,"1":"","2":"","3":"","4":"","5":"","6":"","7":"","8":""}],"_links":{"self":[{"href":"https:\/\/www.gold.fr\/news\/wp-json\/wp\/v2\/posts\/13332","targetHints":{"allow":["GET"]}}],"collection":[{"href":"https:\/\/www.gold.fr\/news\/wp-json\/wp\/v2\/posts"}],"about":[{"href":"https:\/\/www.gold.fr\/news\/wp-json\/wp\/v2\/types\/post"}],"author":[{"embeddable":true,"href":"https:\/\/www.gold.fr\/news\/wp-json\/wp\/v2\/users\/18"}],"replies":[{"embeddable":true,"href":"https:\/\/www.gold.fr\/news\/wp-json\/wp\/v2\/comments?post=13332"}],"version-history":[{"count":0,"href":"https:\/\/www.gold.fr\/news\/wp-json\/wp\/v2\/posts\/13332\/revisions"}],"wp:featuredmedia":[{"embeddable":true,"href":"https:\/\/www.gold.fr\/news\/wp-json\/wp\/v2\/media\/6651"}],"wp:attachment":[{"href":"https:\/\/www.gold.fr\/news\/wp-json\/wp\/v2\/media?parent=13332"}],"wp:term":[{"taxonomy":"category","embeddable":true,"href":"https:\/\/www.gold.fr\/news\/wp-json\/wp\/v2\/categories?post=13332"},{"taxonomy":"post_tag","embeddable":true,"href":"https:\/\/www.gold.fr\/news\/wp-json\/wp\/v2\/tags?post=13332"},{"taxonomy":"author","embeddable":true,"href":"https:\/\/www.gold.fr\/news\/wp-json\/wp\/v2\/ppma_author?post=13332"}],"curies":[{"name":"wp","href":"https:\/\/api.w.org\/{rel}","templated":true}]}}