{"id":13323,"date":"2013-11-26T17:00:44","date_gmt":"2013-11-26T16:00:44","guid":{"rendered":"https:\/\/www.gold.fr\/news\/?p=13323"},"modified":"2017-11-02T11:32:42","modified_gmt":"2017-11-02T10:32:42","slug":"le-professeur-fekete-prevoit-un-retour-au-standard-or","status":"publish","type":"post","link":"https:\/\/www.gold.fr\/news\/2013\/11\/26\/le-professeur-fekete-prevoit-un-retour-au-standard-or\/","title":{"rendered":"Le professeur Fekete pr\u00e9voit un retour au \u00ab standard-or \u00bb"},"content":{"rendered":"<p><span style=\"font-size: small;\"><img loading=\"lazy\" decoding=\"async\" class=\"alignleft size-thumbnail wp-image-2404\" title=\"Le professeur Fekete pr\u00e9voit un retour au \u00ab standard-or \u00bb\" src=\"https:\/\/www.gold.fr\/news\/wp-content\/uploads\/2011\/09\/harga-emas1-150x150.jpg\" alt=\"\" width=\"150\" height=\"150\" \/>Professeur universitaire de math\u00e9matiques et de statistiques \u00e0 la <strong>Memorial University<\/strong>, <strong>Antal Fekete<\/strong> est \u00e9galement un th\u00e9oricien d&rsquo;<a href='https:\/\/www.gold.fr\/news\/tags\/or' class='esk-seo-plu-link'>or<\/a> mondialement connu et reconnu. En octobre <strong>2011<\/strong>, il publiait un livre intitul\u00e9 \u00ab <em>Le retour au standard <a href='https:\/\/www.gold.fr\/news\/tags\/or' class='esk-seo-plu-link'>or<\/a> <\/em>\u00bb dans lequel il d\u00e9taillait l&rsquo;une de ses th\u00e9ories majeures selon laquelle le standard-or remplacerait, sur le moyen ou long terme l&rsquo;argent-papier. R\u00e9cemment, cette th\u00e9orie est fr\u00e9quemment \u00e9voqu\u00e9e par bon nombre d&rsquo;\u00e9conomistes, en d\u00e9pit d&rsquo;un march\u00e9 aurif\u00e8re assez stagnant, durant l&rsquo;ann\u00e9e <strong>2013<\/strong>.<\/span>    <span style=\"font-size: small;\"> Dans son livre, <strong>Fekete<\/strong> critique tr\u00e8s s\u00e9v\u00e8rement la communaut\u00e9 \u00e9conomiste moderne, \u00e0 laquelle il reproche son manque de discernement quant \u00e0 r\u00e9alit\u00e9 de la crise \u00e9conomique mondiale en pr\u00e9paration. L&rsquo;\u00e9minent professeur reproche aux experts modernes d&rsquo;\u00eatre \u00ab <em>totalement incapables de pr\u00e9voir un effondrement financier, m\u00eame quand ils le regardent fixement dans les yeux, comme l&rsquo;a montr\u00e9 leur mis\u00e9rable performance de <strong>2007<\/strong><\/em> \u00bb. Il va m\u00eame jusqu&rsquo;\u00e0 affirmer : \u00ab <em>Ils conduisent le monde vers un d\u00e9sastre mon\u00e9taire et \u00e9conomique sans pr\u00e9c\u00e9dent \u00e0 la minute o\u00f9 je vous parle<\/em> \u00bb.<\/span>    <span style=\"font-size: small;\"> D&rsquo;apr\u00e8s <strong>Fekete<\/strong>, donc, le retour au standard <a href='https:\/\/www.gold.fr\/news\/tags\/or' class='esk-seo-plu-link'>Or<\/a> serait une fatalit\u00e9 in\u00e9luctable, dans la mesure o\u00f9 l&rsquo;ensemble du syst\u00e8me \u00e9conomique, financier et banquier mondial est \u00ab<em> condamn\u00e9 \u00e0 exploser <\/em>\u00bb.<\/span>    <span style=\"font-size: small;\"> D&rsquo;ailleurs, l&rsquo;auteur qualifie la d\u00e9cision des autorit\u00e9s fran\u00e7aises de vendre l&rsquo;<a href='https:\/\/www.gold.fr\/news\/tags\/or' class='esk-seo-plu-link'>or<\/a> national, en <strong>2002<\/strong> (au moment o\u00f9 <a title=\"Prix de l'Or\" href=\"https:\/\/www.gold.fr\/cours-prix-de-l-or\/\" target=\"_blank\">le prix de l\u2019or<\/a> \u00e9tait au plus bas) d&rsquo; \u00ab <em>acte irresponsable<\/em> \u00bb.<\/span><\/p>\n<!-- AddThis Advanced Settings generic via filter on the_content --><!-- AddThis Share Buttons generic via filter on the_content -->","protected":false},"excerpt":{"rendered":"<p>Professeur universitaire de math\u00e9matiques et de statistiques \u00e0 la Memorial University, Antal Fekete est \u00e9galement un th\u00e9oricien d&rsquo;or mondialement connu et reconnu. En octobre 2011, il publiait un livre intitul\u00e9 \u00ab Le retour au standard or [&hellip;]<\/p>\n","protected":false},"author":18,"featured_media":2404,"comment_status":"open","ping_status":"open","sticky":false,"template":"","format":"standard","meta":{"_mbp_gutenberg_autopost":false,"_pgmb_is_evergreen":false,"_pgmb_ap_template_id":0,"footnotes":""},"categories":[6],"tags":[1664,1666,1663,1665],"ppma_author":[2565],"class_list":["post-13323","post","type-post","status-publish","format-standard","has-post-thumbnail","hentry","category-articles-de-presse","tag-antal-fekete","tag-argent-papier","tag-professeur-fekete","tag-standard-or"],"yoast_head":"<!-- This site is optimized with the Yoast SEO plugin v27.5 - https:\/\/yoast.com\/product\/yoast-seo-wordpress\/ -->\n<title>Le professeur Fekete pr\u00e9voit un retour au \u00ab standard-or \u00bb - Gold.fr<\/title>\n<meta name=\"robots\" content=\"index, follow, max-snippet:-1, max-image-preview:large, max-video-preview:-1\" \/>\n<link rel=\"canonical\" href=\"https:\/\/www.gold.fr\/news\/2013\/11\/26\/le-professeur-fekete-prevoit-un-retour-au-standard-or\/\" \/>\n<meta property=\"og:locale\" content=\"fr_FR\" \/>\n<meta property=\"og:type\" content=\"article\" \/>\n<meta property=\"og:title\" content=\"Le professeur Fekete pr\u00e9voit un retour au \u00ab standard-or \u00bb - Gold.fr\" \/>\n<meta property=\"og:description\" content=\"Professeur universitaire de math\u00e9matiques et de statistiques \u00e0 la Memorial University, Antal Fekete est \u00e9galement un th\u00e9oricien d&rsquo;or mondialement connu et reconnu. En octobre 2011, il publiait un livre intitul\u00e9 \u00ab Le retour au standard or [&hellip;]\" \/>\n<meta property=\"og:url\" content=\"https:\/\/www.gold.fr\/news\/2013\/11\/26\/le-professeur-fekete-prevoit-un-retour-au-standard-or\/\" \/>\n<meta property=\"og:site_name\" content=\"Gold.fr\" \/>\n<meta property=\"article:publisher\" content=\"https:\/\/www.facebook.com\/Goldfr\/\" \/>\n<meta property=\"article:published_time\" content=\"2013-11-26T16:00:44+00:00\" \/>\n<meta property=\"article:modified_time\" content=\"2017-11-02T10:32:42+00:00\" \/>\n<meta property=\"og:image\" content=\"https:\/\/www.gold.fr\/news\/wp-content\/uploads\/2011\/09\/harga-emas1.jpg\" \/>\n\t<meta property=\"og:image:width\" content=\"636\" \/>\n\t<meta property=\"og:image:height\" content=\"477\" \/>\n\t<meta property=\"og:image:type\" content=\"image\/jpeg\" \/>\n<meta name=\"author\" content=\"Comptoir National de l&#039;Or\" \/>\n<meta name=\"twitter:card\" content=\"summary_large_image\" \/>\n<meta name=\"twitter:label1\" content=\"\u00c9crit par\" \/>\n\t<meta name=\"twitter:data1\" content=\"Comptoir National de l&#039;Or\" \/>\n\t<meta name=\"twitter:label2\" content=\"Dur\u00e9e de lecture estim\u00e9e\" \/>\n\t<meta name=\"twitter:data2\" content=\"1 minute\" \/>\n<script type=\"application\/ld+json\" class=\"yoast-schema-graph\">{\"@context\":\"https:\\\/\\\/schema.org\",\"@graph\":[{\"@type\":\"Article\",\"@id\":\"https:\\\/\\\/www.gold.fr\\\/news\\\/2013\\\/11\\\/26\\\/le-professeur-fekete-prevoit-un-retour-au-standard-or\\\/#article\",\"isPartOf\":{\"@id\":\"https:\\\/\\\/www.gold.fr\\\/news\\\/2013\\\/11\\\/26\\\/le-professeur-fekete-prevoit-un-retour-au-standard-or\\\/\"},\"author\":{\"name\":\"Comptoir National de l'Or\",\"@id\":\"https:\\\/\\\/www.gold.fr\\\/news\\\/#\\\/schema\\\/person\\\/070491b4b4fb7671bf59b3be20302ce9\"},\"headline\":\"Le professeur Fekete pr\u00e9voit un retour au \u00ab standard-or \u00bb\",\"datePublished\":\"2013-11-26T16:00:44+00:00\",\"dateModified\":\"2017-11-02T10:32:42+00:00\",\"mainEntityOfPage\":{\"@id\":\"https:\\\/\\\/www.gold.fr\\\/news\\\/2013\\\/11\\\/26\\\/le-professeur-fekete-prevoit-un-retour-au-standard-or\\\/\"},\"wordCount\":261,\"commentCount\":0,\"image\":{\"@id\":\"https:\\\/\\\/www.gold.fr\\\/news\\\/2013\\\/11\\\/26\\\/le-professeur-fekete-prevoit-un-retour-au-standard-or\\\/#primaryimage\"},\"thumbnailUrl\":\"https:\\\/\\\/www.gold.fr\\\/news\\\/wp-content\\\/uploads\\\/2011\\\/09\\\/harga-emas1.jpg\",\"keywords\":[\"Antal Fekete\",\"argent-papier\",\"professeur Fekete\",\"standard-or\"],\"articleSection\":[\"Articles de presse\"],\"inLanguage\":\"fr-FR\"},{\"@type\":\"WebPage\",\"@id\":\"https:\\\/\\\/www.gold.fr\\\/news\\\/2013\\\/11\\\/26\\\/le-professeur-fekete-prevoit-un-retour-au-standard-or\\\/\",\"url\":\"https:\\\/\\\/www.gold.fr\\\/news\\\/2013\\\/11\\\/26\\\/le-professeur-fekete-prevoit-un-retour-au-standard-or\\\/\",\"name\":\"Le professeur Fekete pr\u00e9voit un retour au \u00ab standard-or \u00bb - Gold.fr\",\"isPartOf\":{\"@id\":\"https:\\\/\\\/www.gold.fr\\\/news\\\/#website\"},\"primaryImageOfPage\":{\"@id\":\"https:\\\/\\\/www.gold.fr\\\/news\\\/2013\\\/11\\\/26\\\/le-professeur-fekete-prevoit-un-retour-au-standard-or\\\/#primaryimage\"},\"image\":{\"@id\":\"https:\\\/\\\/www.gold.fr\\\/news\\\/2013\\\/11\\\/26\\\/le-professeur-fekete-prevoit-un-retour-au-standard-or\\\/#primaryimage\"},\"thumbnailUrl\":\"https:\\\/\\\/www.gold.fr\\\/news\\\/wp-content\\\/uploads\\\/2011\\\/09\\\/harga-emas1.jpg\",\"datePublished\":\"2013-11-26T16:00:44+00:00\",\"dateModified\":\"2017-11-02T10:32:42+00:00\",\"author\":{\"@id\":\"https:\\\/\\\/www.gold.fr\\\/news\\\/#\\\/schema\\\/person\\\/070491b4b4fb7671bf59b3be20302ce9\"},\"breadcrumb\":{\"@id\":\"https:\\\/\\\/www.gold.fr\\\/news\\\/2013\\\/11\\\/26\\\/le-professeur-fekete-prevoit-un-retour-au-standard-or\\\/#breadcrumb\"},\"inLanguage\":\"fr-FR\",\"potentialAction\":[{\"@type\":\"ReadAction\",\"target\":[\"https:\\\/\\\/www.gold.fr\\\/news\\\/2013\\\/11\\\/26\\\/le-professeur-fekete-prevoit-un-retour-au-standard-or\\\/\"]}]},{\"@type\":\"ImageObject\",\"inLanguage\":\"fr-FR\",\"@id\":\"https:\\\/\\\/www.gold.fr\\\/news\\\/2013\\\/11\\\/26\\\/le-professeur-fekete-prevoit-un-retour-au-standard-or\\\/#primaryimage\",\"url\":\"https:\\\/\\\/www.gold.fr\\\/news\\\/wp-content\\\/uploads\\\/2011\\\/09\\\/harga-emas1.jpg\",\"contentUrl\":\"https:\\\/\\\/www.gold.fr\\\/news\\\/wp-content\\\/uploads\\\/2011\\\/09\\\/harga-emas1.jpg\",\"width\":\"636\",\"height\":\"477\",\"caption\":\"L\u2019once en hausse en d\u00e9pit de l\u2019instabilit\u00e9 politique\"},{\"@type\":\"BreadcrumbList\",\"@id\":\"https:\\\/\\\/www.gold.fr\\\/news\\\/2013\\\/11\\\/26\\\/le-professeur-fekete-prevoit-un-retour-au-standard-or\\\/#breadcrumb\",\"itemListElement\":[{\"@type\":\"ListItem\",\"position\":1,\"name\":\"Accueil\",\"item\":\"https:\\\/\\\/www.gold.fr\\\/\"},{\"@type\":\"ListItem\",\"position\":2,\"name\":\"Actualit\u00e9s\",\"item\":\"https:\\\/\\\/www.gold.fr\\\/news\\\/\"},{\"@type\":\"ListItem\",\"position\":3,\"name\":\"Le professeur Fekete pr\u00e9voit un retour au \u00ab standard-or \u00bb\"}]},{\"@type\":\"WebSite\",\"@id\":\"https:\\\/\\\/www.gold.fr\\\/news\\\/#website\",\"url\":\"https:\\\/\\\/www.gold.fr\\\/news\\\/\",\"name\":\"Gold.fr\",\"description\":\"Actualit\u00e9s de l&#039;Or et des m\u00e9taux pr\u00e9cieux\",\"potentialAction\":[{\"@type\":\"SearchAction\",\"target\":{\"@type\":\"EntryPoint\",\"urlTemplate\":\"https:\\\/\\\/www.gold.fr\\\/news\\\/?s={search_term_string}\"},\"query-input\":{\"@type\":\"PropertyValueSpecification\",\"valueRequired\":true,\"valueName\":\"search_term_string\"}}],\"inLanguage\":\"fr-FR\"},{\"@type\":\"Person\",\"@id\":\"https:\\\/\\\/www.gold.fr\\\/news\\\/#\\\/schema\\\/person\\\/070491b4b4fb7671bf59b3be20302ce9\",\"name\":\"Comptoir National de l'Or\",\"image\":{\"@type\":\"ImageObject\",\"inLanguage\":\"fr-FR\",\"@id\":\"https:\\\/\\\/secure.gravatar.com\\\/avatar\\\/0a2867fd5abe37bed95d5a65e9d58f01756e11efc68af9888dfc50cfa7f65948?s=96&d=mm&r=gb490554db0a38188709de567aa58480d\",\"url\":\"https:\\\/\\\/secure.gravatar.com\\\/avatar\\\/0a2867fd5abe37bed95d5a65e9d58f01756e11efc68af9888dfc50cfa7f65948?s=96&d=mm&r=g\",\"contentUrl\":\"https:\\\/\\\/secure.gravatar.com\\\/avatar\\\/0a2867fd5abe37bed95d5a65e9d58f01756e11efc68af9888dfc50cfa7f65948?s=96&d=mm&r=g\",\"caption\":\"Comptoir National de l'Or\"},\"description\":\"Notre r\u00e9daction est constitu\u00e9e de membres experts dans les m\u00e9tiers de l'\u00e9conomie et la gestion, des Responsables d'agence Comptoir National de l'Or, des analystes financiers qui publient r\u00e9guli\u00e8rement des \u00e9tudes sur les politiques des banques centrales, le cours de l'or, prix de l'or, cours de l'argent, prix de l'argent, cours du platine, cours du palladium,... la situation en zone euro et l'impact de la strat\u00e9gie mon\u00e9taire de la FED. Notre \u00e9quipe scrute \u00e9galement une information plus g\u00e9n\u00e9raliste \u00e0 la recherche d'actualit\u00e9 \\\"p\u00e9pite\\\" \u00e0 vous partager. Depuis 5 ans, nous avons publi\u00e9 un peu plus de 4000 articles qui s'adressent \u00e0 un public large et vari\u00e9 ayant pour objectif de satisfaire votre curiosit\u00e9 et de partager avec vous une certaine fascination pour le m\u00e9tal jaune, le rachat d'or, et pour ceux qui veulent investir dans l'or, vendre leur or tout simplement en savoir plus... Pour tous vos achat or et argent, n'h\u00e9sitez pas \u00e0 prendre rendez-vous dans l'un de nos nombreux comptoirs.\",\"sameAs\":[\"https:\\\/\\\/www.gold.fr\"]}]}<\/script>\n<!-- \/ Yoast SEO plugin. -->","yoast_head_json":{"title":"Le professeur Fekete pr\u00e9voit un retour au \u00ab standard-or \u00bb - Gold.fr","robots":{"index":"index","follow":"follow","max-snippet":"max-snippet:-1","max-image-preview":"max-image-preview:large","max-video-preview":"max-video-preview:-1"},"canonical":"https:\/\/www.gold.fr\/news\/2013\/11\/26\/le-professeur-fekete-prevoit-un-retour-au-standard-or\/","og_locale":"fr_FR","og_type":"article","og_title":"Le professeur Fekete pr\u00e9voit un retour au \u00ab standard-or \u00bb - Gold.fr","og_description":"Professeur universitaire de math\u00e9matiques et de statistiques \u00e0 la Memorial University, Antal Fekete est \u00e9galement un th\u00e9oricien d&rsquo;or mondialement connu et reconnu. En octobre 2011, il publiait un livre intitul\u00e9 \u00ab Le retour au standard or [&hellip;]","og_url":"https:\/\/www.gold.fr\/news\/2013\/11\/26\/le-professeur-fekete-prevoit-un-retour-au-standard-or\/","og_site_name":"Gold.fr","article_publisher":"https:\/\/www.facebook.com\/Goldfr\/","article_published_time":"2013-11-26T16:00:44+00:00","article_modified_time":"2017-11-02T10:32:42+00:00","og_image":[{"width":636,"height":477,"url":"https:\/\/www.gold.fr\/news\/wp-content\/uploads\/2011\/09\/harga-emas1.jpg","type":"image\/jpeg"}],"author":"Comptoir National de l'Or","twitter_card":"summary_large_image","twitter_misc":{"\u00c9crit par":"Comptoir National de l'Or","Dur\u00e9e de lecture estim\u00e9e":"1 minute"},"schema":{"@context":"https:\/\/schema.org","@graph":[{"@type":"Article","@id":"https:\/\/www.gold.fr\/news\/2013\/11\/26\/le-professeur-fekete-prevoit-un-retour-au-standard-or\/#article","isPartOf":{"@id":"https:\/\/www.gold.fr\/news\/2013\/11\/26\/le-professeur-fekete-prevoit-un-retour-au-standard-or\/"},"author":{"name":"Comptoir National de l'Or","@id":"https:\/\/www.gold.fr\/news\/#\/schema\/person\/070491b4b4fb7671bf59b3be20302ce9"},"headline":"Le professeur Fekete pr\u00e9voit un retour au \u00ab standard-or \u00bb","datePublished":"2013-11-26T16:00:44+00:00","dateModified":"2017-11-02T10:32:42+00:00","mainEntityOfPage":{"@id":"https:\/\/www.gold.fr\/news\/2013\/11\/26\/le-professeur-fekete-prevoit-un-retour-au-standard-or\/"},"wordCount":261,"commentCount":0,"image":{"@id":"https:\/\/www.gold.fr\/news\/2013\/11\/26\/le-professeur-fekete-prevoit-un-retour-au-standard-or\/#primaryimage"},"thumbnailUrl":"https:\/\/www.gold.fr\/news\/wp-content\/uploads\/2011\/09\/harga-emas1.jpg","keywords":["Antal Fekete","argent-papier","professeur Fekete","standard-or"],"articleSection":["Articles de presse"],"inLanguage":"fr-FR"},{"@type":"WebPage","@id":"https:\/\/www.gold.fr\/news\/2013\/11\/26\/le-professeur-fekete-prevoit-un-retour-au-standard-or\/","url":"https:\/\/www.gold.fr\/news\/2013\/11\/26\/le-professeur-fekete-prevoit-un-retour-au-standard-or\/","name":"Le professeur Fekete pr\u00e9voit un retour au \u00ab standard-or \u00bb - Gold.fr","isPartOf":{"@id":"https:\/\/www.gold.fr\/news\/#website"},"primaryImageOfPage":{"@id":"https:\/\/www.gold.fr\/news\/2013\/11\/26\/le-professeur-fekete-prevoit-un-retour-au-standard-or\/#primaryimage"},"image":{"@id":"https:\/\/www.gold.fr\/news\/2013\/11\/26\/le-professeur-fekete-prevoit-un-retour-au-standard-or\/#primaryimage"},"thumbnailUrl":"https:\/\/www.gold.fr\/news\/wp-content\/uploads\/2011\/09\/harga-emas1.jpg","datePublished":"2013-11-26T16:00:44+00:00","dateModified":"2017-11-02T10:32:42+00:00","author":{"@id":"https:\/\/www.gold.fr\/news\/#\/schema\/person\/070491b4b4fb7671bf59b3be20302ce9"},"breadcrumb":{"@id":"https:\/\/www.gold.fr\/news\/2013\/11\/26\/le-professeur-fekete-prevoit-un-retour-au-standard-or\/#breadcrumb"},"inLanguage":"fr-FR","potentialAction":[{"@type":"ReadAction","target":["https:\/\/www.gold.fr\/news\/2013\/11\/26\/le-professeur-fekete-prevoit-un-retour-au-standard-or\/"]}]},{"@type":"ImageObject","inLanguage":"fr-FR","@id":"https:\/\/www.gold.fr\/news\/2013\/11\/26\/le-professeur-fekete-prevoit-un-retour-au-standard-or\/#primaryimage","url":"https:\/\/www.gold.fr\/news\/wp-content\/uploads\/2011\/09\/harga-emas1.jpg","contentUrl":"https:\/\/www.gold.fr\/news\/wp-content\/uploads\/2011\/09\/harga-emas1.jpg","width":"636","height":"477","caption":"L\u2019once en hausse en d\u00e9pit de l\u2019instabilit\u00e9 politique"},{"@type":"BreadcrumbList","@id":"https:\/\/www.gold.fr\/news\/2013\/11\/26\/le-professeur-fekete-prevoit-un-retour-au-standard-or\/#breadcrumb","itemListElement":[{"@type":"ListItem","position":1,"name":"Accueil","item":"https:\/\/www.gold.fr\/"},{"@type":"ListItem","position":2,"name":"Actualit\u00e9s","item":"https:\/\/www.gold.fr\/news\/"},{"@type":"ListItem","position":3,"name":"Le professeur Fekete pr\u00e9voit un retour au \u00ab standard-or \u00bb"}]},{"@type":"WebSite","@id":"https:\/\/www.gold.fr\/news\/#website","url":"https:\/\/www.gold.fr\/news\/","name":"Gold.fr","description":"Actualit\u00e9s de l&#039;Or et des m\u00e9taux pr\u00e9cieux","potentialAction":[{"@type":"SearchAction","target":{"@type":"EntryPoint","urlTemplate":"https:\/\/www.gold.fr\/news\/?s={search_term_string}"},"query-input":{"@type":"PropertyValueSpecification","valueRequired":true,"valueName":"search_term_string"}}],"inLanguage":"fr-FR"},{"@type":"Person","@id":"https:\/\/www.gold.fr\/news\/#\/schema\/person\/070491b4b4fb7671bf59b3be20302ce9","name":"Comptoir National de l'Or","image":{"@type":"ImageObject","inLanguage":"fr-FR","@id":"https:\/\/secure.gravatar.com\/avatar\/0a2867fd5abe37bed95d5a65e9d58f01756e11efc68af9888dfc50cfa7f65948?s=96&d=mm&r=gb490554db0a38188709de567aa58480d","url":"https:\/\/secure.gravatar.com\/avatar\/0a2867fd5abe37bed95d5a65e9d58f01756e11efc68af9888dfc50cfa7f65948?s=96&d=mm&r=g","contentUrl":"https:\/\/secure.gravatar.com\/avatar\/0a2867fd5abe37bed95d5a65e9d58f01756e11efc68af9888dfc50cfa7f65948?s=96&d=mm&r=g","caption":"Comptoir National de l'Or"},"description":"Notre r\u00e9daction est constitu\u00e9e de membres experts dans les m\u00e9tiers de l'\u00e9conomie et la gestion, des Responsables d'agence Comptoir National de l'Or, des analystes financiers qui publient r\u00e9guli\u00e8rement des \u00e9tudes sur les politiques des banques centrales, le cours de l'or, prix de l'or, cours de l'argent, prix de l'argent, cours du platine, cours du palladium,... la situation en zone euro et l'impact de la strat\u00e9gie mon\u00e9taire de la FED. Notre \u00e9quipe scrute \u00e9galement une information plus g\u00e9n\u00e9raliste \u00e0 la recherche d'actualit\u00e9 \"p\u00e9pite\" \u00e0 vous partager. Depuis 5 ans, nous avons publi\u00e9 un peu plus de 4000 articles qui s'adressent \u00e0 un public large et vari\u00e9 ayant pour objectif de satisfaire votre curiosit\u00e9 et de partager avec vous une certaine fascination pour le m\u00e9tal jaune, le rachat d'or, et pour ceux qui veulent investir dans l'or, vendre leur or tout simplement en savoir plus... Pour tous vos achat or et argent, n'h\u00e9sitez pas \u00e0 prendre rendez-vous dans l'un de nos nombreux comptoirs.","sameAs":["https:\/\/www.gold.fr"]}]}},"authors":[{"term_id":2565,"user_id":18,"is_guest":0,"slug":"julie","display_name":"Comptoir National de l'Or","avatar_url":"https:\/\/secure.gravatar.com\/avatar\/713f289e398d35ead876c4a4cc08607f0d6d266058cfc25683fffb6092d0e572?s=96&d=mm&r=g","0":null,"1":"","2":"","3":"","4":"","5":"","6":"","7":"","8":""}],"_links":{"self":[{"href":"https:\/\/www.gold.fr\/news\/wp-json\/wp\/v2\/posts\/13323","targetHints":{"allow":["GET"]}}],"collection":[{"href":"https:\/\/www.gold.fr\/news\/wp-json\/wp\/v2\/posts"}],"about":[{"href":"https:\/\/www.gold.fr\/news\/wp-json\/wp\/v2\/types\/post"}],"author":[{"embeddable":true,"href":"https:\/\/www.gold.fr\/news\/wp-json\/wp\/v2\/users\/18"}],"replies":[{"embeddable":true,"href":"https:\/\/www.gold.fr\/news\/wp-json\/wp\/v2\/comments?post=13323"}],"version-history":[{"count":0,"href":"https:\/\/www.gold.fr\/news\/wp-json\/wp\/v2\/posts\/13323\/revisions"}],"wp:featuredmedia":[{"embeddable":true,"href":"https:\/\/www.gold.fr\/news\/wp-json\/wp\/v2\/media\/2404"}],"wp:attachment":[{"href":"https:\/\/www.gold.fr\/news\/wp-json\/wp\/v2\/media?parent=13323"}],"wp:term":[{"taxonomy":"category","embeddable":true,"href":"https:\/\/www.gold.fr\/news\/wp-json\/wp\/v2\/categories?post=13323"},{"taxonomy":"post_tag","embeddable":true,"href":"https:\/\/www.gold.fr\/news\/wp-json\/wp\/v2\/tags?post=13323"},{"taxonomy":"author","embeddable":true,"href":"https:\/\/www.gold.fr\/news\/wp-json\/wp\/v2\/ppma_author?post=13323"}],"curies":[{"name":"wp","href":"https:\/\/api.w.org\/{rel}","templated":true}]}}