{"id":13249,"date":"2013-11-15T16:08:23","date_gmt":"2013-11-15T15:08:23","guid":{"rendered":"https:\/\/www.gold.fr\/news\/?p=13249"},"modified":"2019-08-19T16:15:25","modified_gmt":"2019-08-19T14:15:25","slug":"lor-dans-la-reprise-virtuelle","status":"publish","type":"post","link":"https:\/\/www.gold.fr\/news\/2013\/11\/15\/lor-dans-la-reprise-virtuelle\/","title":{"rendered":"L&rsquo;or dans la reprise virtuelle.."},"content":{"rendered":"<p dir=\"ltr\" style=\"text-align: justify;\"><a href=\"https:\/\/www.gold.fr\/news\/wp-content\/uploads\/2013\/07\/dollar-or.jpg\"><img loading=\"lazy\" decoding=\"async\" class=\"alignleft size-thumbnail wp-image-12360\" title=\"Cours de l'Or de Bourse\" src=\"https:\/\/www.gold.fr\/news\/wp-content\/uploads\/2013\/07\/dollar-or-150x150.jpg\" alt=\"\" width=\"150\" height=\"150\" \/><\/a>La Fed ce sponsor officiel de la sc\u00e8ne \u00e9conomico financi\u00e8re des Etats-Unis, fid\u00e8le au poste depuis plus de 4 ann\u00e9es voit son bilan se chiffrer \u00e0 plus de 3500 milliards de dollars. Ce montant repr\u00e9sente cinq fois plus que celui de 2007, les march\u00e9s financiers planent et Wall Street est euphorique !<\/p>\n<p dir=\"ltr\" style=\"text-align: justify;\">Seuls les \u00e9pargnants se retrouvent \u00ab\u00a0punis\u00a0\u00bb puisqu&rsquo;ils n&rsquo;ont pas d&rsquo;acc\u00e8s direct \u00e0 la nouvelle masse mon\u00e9taire. Dans ce contexte, Bernanke reconnait lui-m\u00eame qu&rsquo;il y a trop de bulles et m\u00eame une simple diminution du programme d&rsquo;assouplissement mon\u00e9taire conduirait \u00e0 une s\u00e9rie de krachs, donc \u00e0 une catastrophe ! Seulement, la catastrophe, nous y sommes d\u00e9j\u00e0 !<\/p>\n<p dir=\"ltr\" style=\"text-align: justify;\">En fait les chiffres du troisi\u00e8me trimestre, r\u00e9cemment publi\u00e9s, sont bien loin de refl\u00e9ter la r\u00e9alit\u00e9 et doivent \u00eatre trait\u00e9s avec prudence.<\/p>\n<p style=\"text-align: justify;\">Il est vrai que la d\u00e9pense de consommation des m\u00e9nages a progress\u00e9 de 1.5% mais il est vrai \u00e9galement qu&rsquo;il s&rsquo;agit du niveau le plus faible depuis deux ans. Le PIB a lui aussi progress\u00e9, enregistrant 2.8%, mais pour de nombreux analystes, tel que Jim O&rsquo;Sullivan, \u00e9conomiste en chef pour High Frequency Economics, la croissance a principalement \u00e9t\u00e9 tir\u00e9e par l&rsquo;accumulation des stocks des entreprises.<\/p>\n<p style=\"text-align: justify;\">Le taux de ch\u00f4mage de son c\u00f4t\u00e9 a marqu\u00e9 une tr\u00e8s l\u00e9g\u00e8re remont\u00e9e \u00e0 7.3% toutefois ce serait un tort de se r\u00e9jouir trop vite \u00e9tant donn\u00e9 que ce chiffre est d\u00fb \u00e0 la baisse du taux de participation au march\u00e9 du travail \u00e0 cause de la fermeture des services f\u00e9d\u00e9raux en octobre. Donc dire que l&rsquo;\u00e9conomie am\u00e9ricaine va mieux est abusif, vu que la Fed n&rsquo;a nullement l&rsquo;intention de r\u00e9duire son quantitative easing et que le syst\u00e8me financier est \u00e0 l&rsquo;aube d&rsquo;un r\u00e9el effondrement ! D&rsquo;ailleurs Ron Rosen, de KINGWORLNEWS, le souligne parfaitement en expliquant : \u00ab\u00a0Ceux qui ne poss\u00e8dent pas de l`<a class=\"esk-seo-plu-link\" href=\"https:\/\/www.gold.fr\/news\/tags\/or\">or<\/a> et de l`<a class=\"esk-seo-plu-link\" href=\"https:\/\/www.gold.fr\/news\/tags\/argent\">argent<\/a> physique se feront rincer de fa\u00e7on bien pire que dans les seventies\u00a0\u00bb.<\/p>\n<!-- AddThis Advanced Settings generic via filter on the_content --><!-- AddThis Share Buttons generic via filter on the_content -->","protected":false},"excerpt":{"rendered":"<p>La Fed ce sponsor officiel de la sc\u00e8ne \u00e9conomico financi\u00e8re des Etats-Unis, fid\u00e8le au poste depuis plus de 4 ann\u00e9es voit son bilan se chiffrer \u00e0 plus de 3500 milliards de dollars. Ce montant repr\u00e9sente cinq [&hellip;]<\/p>\n","protected":false},"author":43,"featured_media":12360,"comment_status":"open","ping_status":"open","sticky":false,"template":"","format":"standard","meta":{"_mbp_gutenberg_autopost":false,"_pgmb_is_evergreen":false,"_pgmb_ap_template_id":0,"footnotes":""},"categories":[6],"tags":[17],"ppma_author":[2562],"class_list":["post-13249","post","type-post","status-publish","format-standard","has-post-thumbnail","hentry","category-articles-de-presse","tag-achat-dor"],"yoast_head":"<!-- This site is optimized with the Yoast SEO plugin v27.5 - https:\/\/yoast.com\/product\/yoast-seo-wordpress\/ -->\n<title>L&#039;or dans la reprise virtuelle.. - Gold.fr<\/title>\n<meta name=\"description\" content=\"D\u00e9couvrez l&#039;article &quot;L\u2019or dans la reprise virtuelle..&quot;. Suivez l&#039;actualit\u00e9 de l&#039;or et l&#039;\u00e9volution du cours de l&#039;or, l&#039;argent et d&#039;autres m\u00e9taux pr\u00e9cieux sur Gold.fr.\" \/>\n<meta name=\"robots\" content=\"index, follow, max-snippet:-1, max-image-preview:large, max-video-preview:-1\" \/>\n<link rel=\"canonical\" href=\"https:\/\/www.gold.fr\/news\/2013\/11\/15\/lor-dans-la-reprise-virtuelle\/\" \/>\n<meta property=\"og:locale\" content=\"fr_FR\" \/>\n<meta property=\"og:type\" content=\"article\" \/>\n<meta property=\"og:title\" content=\"L&#039;or dans la reprise virtuelle.. - Gold.fr\" \/>\n<meta property=\"og:description\" content=\"D\u00e9couvrez l&#039;article &quot;L\u2019or dans la reprise virtuelle..&quot;. Suivez l&#039;actualit\u00e9 de l&#039;or et l&#039;\u00e9volution du cours de l&#039;or, l&#039;argent et d&#039;autres m\u00e9taux pr\u00e9cieux sur Gold.fr.\" \/>\n<meta property=\"og:url\" content=\"https:\/\/www.gold.fr\/news\/2013\/11\/15\/lor-dans-la-reprise-virtuelle\/\" \/>\n<meta property=\"og:site_name\" content=\"Gold.fr\" \/>\n<meta property=\"article:publisher\" content=\"https:\/\/www.facebook.com\/Goldfr\/\" \/>\n<meta property=\"article:published_time\" content=\"2013-11-15T15:08:23+00:00\" \/>\n<meta property=\"article:modified_time\" content=\"2019-08-19T14:15:25+00:00\" \/>\n<meta property=\"og:image\" content=\"https:\/\/www.gold.fr\/news\/wp-content\/uploads\/2013\/07\/dollar-or.jpg\" \/>\n\t<meta property=\"og:image:width\" content=\"605\" \/>\n\t<meta property=\"og:image:height\" content=\"403\" \/>\n\t<meta property=\"og:image:type\" content=\"image\/jpeg\" \/>\n<meta name=\"author\" content=\"Anthony\" \/>\n<meta name=\"twitter:card\" content=\"summary_large_image\" \/>\n<meta name=\"twitter:label1\" content=\"\u00c9crit par\" \/>\n\t<meta name=\"twitter:data1\" content=\"Samy\" \/>\n\t<meta name=\"twitter:label2\" content=\"Dur\u00e9e de lecture estim\u00e9e\" \/>\n\t<meta name=\"twitter:data2\" content=\"2 minutes\" \/>\n<script type=\"application\/ld+json\" class=\"yoast-schema-graph\">{\"@context\":\"https:\\\/\\\/schema.org\",\"@graph\":[{\"@type\":\"Article\",\"@id\":\"https:\\\/\\\/www.gold.fr\\\/news\\\/2013\\\/11\\\/15\\\/lor-dans-la-reprise-virtuelle\\\/#article\",\"isPartOf\":{\"@id\":\"https:\\\/\\\/www.gold.fr\\\/news\\\/2013\\\/11\\\/15\\\/lor-dans-la-reprise-virtuelle\\\/\"},\"author\":{\"name\":\"Samy\",\"@id\":\"https:\\\/\\\/www.gold.fr\\\/news\\\/#\\\/schema\\\/person\\\/6a977448ae6ba85f43a46d35fc66f82b\"},\"headline\":\"L&rsquo;or dans la reprise virtuelle..\",\"datePublished\":\"2013-11-15T15:08:23+00:00\",\"dateModified\":\"2019-08-19T14:15:25+00:00\",\"mainEntityOfPage\":{\"@id\":\"https:\\\/\\\/www.gold.fr\\\/news\\\/2013\\\/11\\\/15\\\/lor-dans-la-reprise-virtuelle\\\/\"},\"wordCount\":355,\"commentCount\":0,\"image\":{\"@id\":\"https:\\\/\\\/www.gold.fr\\\/news\\\/2013\\\/11\\\/15\\\/lor-dans-la-reprise-virtuelle\\\/#primaryimage\"},\"thumbnailUrl\":\"https:\\\/\\\/www.gold.fr\\\/news\\\/wp-content\\\/uploads\\\/2013\\\/07\\\/dollar-or.jpg\",\"keywords\":[\"Achat d'Or\"],\"articleSection\":[\"Articles de presse\"],\"inLanguage\":\"fr-FR\"},{\"@type\":\"WebPage\",\"@id\":\"https:\\\/\\\/www.gold.fr\\\/news\\\/2013\\\/11\\\/15\\\/lor-dans-la-reprise-virtuelle\\\/\",\"url\":\"https:\\\/\\\/www.gold.fr\\\/news\\\/2013\\\/11\\\/15\\\/lor-dans-la-reprise-virtuelle\\\/\",\"name\":\"L'or dans la reprise virtuelle.. - Gold.fr\",\"isPartOf\":{\"@id\":\"https:\\\/\\\/www.gold.fr\\\/news\\\/#website\"},\"primaryImageOfPage\":{\"@id\":\"https:\\\/\\\/www.gold.fr\\\/news\\\/2013\\\/11\\\/15\\\/lor-dans-la-reprise-virtuelle\\\/#primaryimage\"},\"image\":{\"@id\":\"https:\\\/\\\/www.gold.fr\\\/news\\\/2013\\\/11\\\/15\\\/lor-dans-la-reprise-virtuelle\\\/#primaryimage\"},\"thumbnailUrl\":\"https:\\\/\\\/www.gold.fr\\\/news\\\/wp-content\\\/uploads\\\/2013\\\/07\\\/dollar-or.jpg\",\"datePublished\":\"2013-11-15T15:08:23+00:00\",\"dateModified\":\"2019-08-19T14:15:25+00:00\",\"author\":{\"@id\":\"https:\\\/\\\/www.gold.fr\\\/news\\\/#\\\/schema\\\/person\\\/6a977448ae6ba85f43a46d35fc66f82b\"},\"description\":\"D\u00e9couvrez l'article \\\"L\u2019or dans la reprise virtuelle..\\\". Suivez l'actualit\u00e9 de l'or et l'\u00e9volution du cours de l'or, l'argent et d'autres m\u00e9taux pr\u00e9cieux sur Gold.fr.\",\"breadcrumb\":{\"@id\":\"https:\\\/\\\/www.gold.fr\\\/news\\\/2013\\\/11\\\/15\\\/lor-dans-la-reprise-virtuelle\\\/#breadcrumb\"},\"inLanguage\":\"fr-FR\",\"potentialAction\":[{\"@type\":\"ReadAction\",\"target\":[\"https:\\\/\\\/www.gold.fr\\\/news\\\/2013\\\/11\\\/15\\\/lor-dans-la-reprise-virtuelle\\\/\"]}]},{\"@type\":\"ImageObject\",\"inLanguage\":\"fr-FR\",\"@id\":\"https:\\\/\\\/www.gold.fr\\\/news\\\/2013\\\/11\\\/15\\\/lor-dans-la-reprise-virtuelle\\\/#primaryimage\",\"url\":\"https:\\\/\\\/www.gold.fr\\\/news\\\/wp-content\\\/uploads\\\/2013\\\/07\\\/dollar-or.jpg\",\"contentUrl\":\"https:\\\/\\\/www.gold.fr\\\/news\\\/wp-content\\\/uploads\\\/2013\\\/07\\\/dollar-or.jpg\",\"width\":\"605\",\"height\":\"403\",\"caption\":\"L\u2019or enregistre un pic de deux mois\"},{\"@type\":\"BreadcrumbList\",\"@id\":\"https:\\\/\\\/www.gold.fr\\\/news\\\/2013\\\/11\\\/15\\\/lor-dans-la-reprise-virtuelle\\\/#breadcrumb\",\"itemListElement\":[{\"@type\":\"ListItem\",\"position\":1,\"name\":\"Accueil\",\"item\":\"https:\\\/\\\/www.gold.fr\\\/\"},{\"@type\":\"ListItem\",\"position\":2,\"name\":\"Actualit\u00e9s\",\"item\":\"https:\\\/\\\/www.gold.fr\\\/news\\\/\"},{\"@type\":\"ListItem\",\"position\":3,\"name\":\"L&rsquo;or dans la reprise virtuelle..\"}]},{\"@type\":\"WebSite\",\"@id\":\"https:\\\/\\\/www.gold.fr\\\/news\\\/#website\",\"url\":\"https:\\\/\\\/www.gold.fr\\\/news\\\/\",\"name\":\"Gold.fr\",\"description\":\"Actualit\u00e9s de l&#039;Or et des m\u00e9taux pr\u00e9cieux\",\"potentialAction\":[{\"@type\":\"SearchAction\",\"target\":{\"@type\":\"EntryPoint\",\"urlTemplate\":\"https:\\\/\\\/www.gold.fr\\\/news\\\/?s={search_term_string}\"},\"query-input\":{\"@type\":\"PropertyValueSpecification\",\"valueRequired\":true,\"valueName\":\"search_term_string\"}}],\"inLanguage\":\"fr-FR\"},{\"@type\":\"Person\",\"@id\":\"https:\\\/\\\/www.gold.fr\\\/news\\\/#\\\/schema\\\/person\\\/6a977448ae6ba85f43a46d35fc66f82b\",\"name\":\"Samy\",\"image\":{\"@type\":\"ImageObject\",\"inLanguage\":\"fr-FR\",\"@id\":\"https:\\\/\\\/secure.gravatar.com\\\/avatar\\\/ec3b1ee8da06b98b0d3b7da383393987ae73756a23e0f3ec4c1ea09e0e65804d?s=96&d=mm&r=g9bbe2ee6067d4fa1a1e531a356169f97\",\"url\":\"https:\\\/\\\/secure.gravatar.com\\\/avatar\\\/ec3b1ee8da06b98b0d3b7da383393987ae73756a23e0f3ec4c1ea09e0e65804d?s=96&d=mm&r=g\",\"contentUrl\":\"https:\\\/\\\/secure.gravatar.com\\\/avatar\\\/ec3b1ee8da06b98b0d3b7da383393987ae73756a23e0f3ec4c1ea09e0e65804d?s=96&d=mm&r=g\",\"caption\":\"Samy\"},\"description\":\"Notre r\u00e9daction est constitu\u00e9e de membres experts dans les m\u00e9tiers de l'\u00e9conomie et la gestion, des Responsables d'agence Comptoir National de l'Or, des analystes financiers qui publient r\u00e9guli\u00e8rement des \u00e9tudes sur les politiques des banques centrales, le cours de l'or, le cours de l'argent, cours du platine, cours du palladium... la situation en zone euro et l'impact de la strat\u00e9gie mon\u00e9taire de la FED. Notre \u00e9quipe scrute \u00e9galement une information plus g\u00e9n\u00e9raliste \u00e0 la recherche d'actualit\u00e9 \\\"p\u00e9pite\\\" \u00e0 vous partager. Depuis 5 ans, nous avons publi\u00e9 un peu plus de 4000 articles qui s'adressent \u00e0 un public large et vari\u00e9 ayant pour objectif de satisfaire votre curiosit\u00e9 et de partager avec vous une certaine fascination pour le m\u00e9tal jaune, pour ceux qui veulent investir dans l'or, vendre leur or tout simplement en savoir plus...\"}]}<\/script>\n<!-- \/ Yoast SEO plugin. -->","yoast_head_json":{"title":"L'or dans la reprise virtuelle.. - Gold.fr","description":"D\u00e9couvrez l'article \"L\u2019or dans la reprise virtuelle..\". Suivez l'actualit\u00e9 de l'or et l'\u00e9volution du cours de l'or, l'argent et d'autres m\u00e9taux pr\u00e9cieux sur Gold.fr.","robots":{"index":"index","follow":"follow","max-snippet":"max-snippet:-1","max-image-preview":"max-image-preview:large","max-video-preview":"max-video-preview:-1"},"canonical":"https:\/\/www.gold.fr\/news\/2013\/11\/15\/lor-dans-la-reprise-virtuelle\/","og_locale":"fr_FR","og_type":"article","og_title":"L'or dans la reprise virtuelle.. - Gold.fr","og_description":"D\u00e9couvrez l'article \"L\u2019or dans la reprise virtuelle..\". Suivez l'actualit\u00e9 de l'or et l'\u00e9volution du cours de l'or, l'argent et d'autres m\u00e9taux pr\u00e9cieux sur Gold.fr.","og_url":"https:\/\/www.gold.fr\/news\/2013\/11\/15\/lor-dans-la-reprise-virtuelle\/","og_site_name":"Gold.fr","article_publisher":"https:\/\/www.facebook.com\/Goldfr\/","article_published_time":"2013-11-15T15:08:23+00:00","article_modified_time":"2019-08-19T14:15:25+00:00","og_image":[{"width":605,"height":403,"url":"https:\/\/www.gold.fr\/news\/wp-content\/uploads\/2013\/07\/dollar-or.jpg","type":"image\/jpeg"}],"author":"Anthony","twitter_card":"summary_large_image","twitter_misc":{"\u00c9crit par":"Samy","Dur\u00e9e de lecture estim\u00e9e":"2 minutes"},"schema":{"@context":"https:\/\/schema.org","@graph":[{"@type":"Article","@id":"https:\/\/www.gold.fr\/news\/2013\/11\/15\/lor-dans-la-reprise-virtuelle\/#article","isPartOf":{"@id":"https:\/\/www.gold.fr\/news\/2013\/11\/15\/lor-dans-la-reprise-virtuelle\/"},"author":{"name":"Samy","@id":"https:\/\/www.gold.fr\/news\/#\/schema\/person\/6a977448ae6ba85f43a46d35fc66f82b"},"headline":"L&rsquo;or dans la reprise virtuelle..","datePublished":"2013-11-15T15:08:23+00:00","dateModified":"2019-08-19T14:15:25+00:00","mainEntityOfPage":{"@id":"https:\/\/www.gold.fr\/news\/2013\/11\/15\/lor-dans-la-reprise-virtuelle\/"},"wordCount":355,"commentCount":0,"image":{"@id":"https:\/\/www.gold.fr\/news\/2013\/11\/15\/lor-dans-la-reprise-virtuelle\/#primaryimage"},"thumbnailUrl":"https:\/\/www.gold.fr\/news\/wp-content\/uploads\/2013\/07\/dollar-or.jpg","keywords":["Achat d'Or"],"articleSection":["Articles de presse"],"inLanguage":"fr-FR"},{"@type":"WebPage","@id":"https:\/\/www.gold.fr\/news\/2013\/11\/15\/lor-dans-la-reprise-virtuelle\/","url":"https:\/\/www.gold.fr\/news\/2013\/11\/15\/lor-dans-la-reprise-virtuelle\/","name":"L'or dans la reprise virtuelle.. - Gold.fr","isPartOf":{"@id":"https:\/\/www.gold.fr\/news\/#website"},"primaryImageOfPage":{"@id":"https:\/\/www.gold.fr\/news\/2013\/11\/15\/lor-dans-la-reprise-virtuelle\/#primaryimage"},"image":{"@id":"https:\/\/www.gold.fr\/news\/2013\/11\/15\/lor-dans-la-reprise-virtuelle\/#primaryimage"},"thumbnailUrl":"https:\/\/www.gold.fr\/news\/wp-content\/uploads\/2013\/07\/dollar-or.jpg","datePublished":"2013-11-15T15:08:23+00:00","dateModified":"2019-08-19T14:15:25+00:00","author":{"@id":"https:\/\/www.gold.fr\/news\/#\/schema\/person\/6a977448ae6ba85f43a46d35fc66f82b"},"description":"D\u00e9couvrez l'article \"L\u2019or dans la reprise virtuelle..\". Suivez l'actualit\u00e9 de l'or et l'\u00e9volution du cours de l'or, l'argent et d'autres m\u00e9taux pr\u00e9cieux sur Gold.fr.","breadcrumb":{"@id":"https:\/\/www.gold.fr\/news\/2013\/11\/15\/lor-dans-la-reprise-virtuelle\/#breadcrumb"},"inLanguage":"fr-FR","potentialAction":[{"@type":"ReadAction","target":["https:\/\/www.gold.fr\/news\/2013\/11\/15\/lor-dans-la-reprise-virtuelle\/"]}]},{"@type":"ImageObject","inLanguage":"fr-FR","@id":"https:\/\/www.gold.fr\/news\/2013\/11\/15\/lor-dans-la-reprise-virtuelle\/#primaryimage","url":"https:\/\/www.gold.fr\/news\/wp-content\/uploads\/2013\/07\/dollar-or.jpg","contentUrl":"https:\/\/www.gold.fr\/news\/wp-content\/uploads\/2013\/07\/dollar-or.jpg","width":"605","height":"403","caption":"L\u2019or enregistre un pic de deux mois"},{"@type":"BreadcrumbList","@id":"https:\/\/www.gold.fr\/news\/2013\/11\/15\/lor-dans-la-reprise-virtuelle\/#breadcrumb","itemListElement":[{"@type":"ListItem","position":1,"name":"Accueil","item":"https:\/\/www.gold.fr\/"},{"@type":"ListItem","position":2,"name":"Actualit\u00e9s","item":"https:\/\/www.gold.fr\/news\/"},{"@type":"ListItem","position":3,"name":"L&rsquo;or dans la reprise virtuelle.."}]},{"@type":"WebSite","@id":"https:\/\/www.gold.fr\/news\/#website","url":"https:\/\/www.gold.fr\/news\/","name":"Gold.fr","description":"Actualit\u00e9s de l&#039;Or et des m\u00e9taux pr\u00e9cieux","potentialAction":[{"@type":"SearchAction","target":{"@type":"EntryPoint","urlTemplate":"https:\/\/www.gold.fr\/news\/?s={search_term_string}"},"query-input":{"@type":"PropertyValueSpecification","valueRequired":true,"valueName":"search_term_string"}}],"inLanguage":"fr-FR"},{"@type":"Person","@id":"https:\/\/www.gold.fr\/news\/#\/schema\/person\/6a977448ae6ba85f43a46d35fc66f82b","name":"Samy","image":{"@type":"ImageObject","inLanguage":"fr-FR","@id":"https:\/\/secure.gravatar.com\/avatar\/ec3b1ee8da06b98b0d3b7da383393987ae73756a23e0f3ec4c1ea09e0e65804d?s=96&d=mm&r=g9bbe2ee6067d4fa1a1e531a356169f97","url":"https:\/\/secure.gravatar.com\/avatar\/ec3b1ee8da06b98b0d3b7da383393987ae73756a23e0f3ec4c1ea09e0e65804d?s=96&d=mm&r=g","contentUrl":"https:\/\/secure.gravatar.com\/avatar\/ec3b1ee8da06b98b0d3b7da383393987ae73756a23e0f3ec4c1ea09e0e65804d?s=96&d=mm&r=g","caption":"Samy"},"description":"Notre r\u00e9daction est constitu\u00e9e de membres experts dans les m\u00e9tiers de l'\u00e9conomie et la gestion, des Responsables d'agence Comptoir National de l'Or, des analystes financiers qui publient r\u00e9guli\u00e8rement des \u00e9tudes sur les politiques des banques centrales, le cours de l'or, le cours de l'argent, cours du platine, cours du palladium... la situation en zone euro et l'impact de la strat\u00e9gie mon\u00e9taire de la FED. Notre \u00e9quipe scrute \u00e9galement une information plus g\u00e9n\u00e9raliste \u00e0 la recherche d'actualit\u00e9 \"p\u00e9pite\" \u00e0 vous partager. Depuis 5 ans, nous avons publi\u00e9 un peu plus de 4000 articles qui s'adressent \u00e0 un public large et vari\u00e9 ayant pour objectif de satisfaire votre curiosit\u00e9 et de partager avec vous une certaine fascination pour le m\u00e9tal jaune, pour ceux qui veulent investir dans l'or, vendre leur or tout simplement en savoir plus..."}]}},"authors":[{"term_id":2562,"user_id":11,"is_guest":0,"slug":null,"display_name":"Anthony","avatar_url":"https:\/\/secure.gravatar.com\/avatar\/19974f7c75da5f0b217374f3a37eb05031e41aaad4ceb3fe17ada2ab3daf6b95?s=96&d=mm&r=g","0":null,"1":"","2":"","3":"","4":"","5":"","6":"","7":"","8":""}],"_links":{"self":[{"href":"https:\/\/www.gold.fr\/news\/wp-json\/wp\/v2\/posts\/13249","targetHints":{"allow":["GET"]}}],"collection":[{"href":"https:\/\/www.gold.fr\/news\/wp-json\/wp\/v2\/posts"}],"about":[{"href":"https:\/\/www.gold.fr\/news\/wp-json\/wp\/v2\/types\/post"}],"author":[{"embeddable":true,"href":"https:\/\/www.gold.fr\/news\/wp-json\/wp\/v2\/users\/43"}],"replies":[{"embeddable":true,"href":"https:\/\/www.gold.fr\/news\/wp-json\/wp\/v2\/comments?post=13249"}],"version-history":[{"count":0,"href":"https:\/\/www.gold.fr\/news\/wp-json\/wp\/v2\/posts\/13249\/revisions"}],"wp:featuredmedia":[{"embeddable":true,"href":"https:\/\/www.gold.fr\/news\/wp-json\/wp\/v2\/media\/12360"}],"wp:attachment":[{"href":"https:\/\/www.gold.fr\/news\/wp-json\/wp\/v2\/media?parent=13249"}],"wp:term":[{"taxonomy":"category","embeddable":true,"href":"https:\/\/www.gold.fr\/news\/wp-json\/wp\/v2\/categories?post=13249"},{"taxonomy":"post_tag","embeddable":true,"href":"https:\/\/www.gold.fr\/news\/wp-json\/wp\/v2\/tags?post=13249"},{"taxonomy":"author","embeddable":true,"href":"https:\/\/www.gold.fr\/news\/wp-json\/wp\/v2\/ppma_author?post=13249"}],"curies":[{"name":"wp","href":"https:\/\/api.w.org\/{rel}","templated":true}]}}