{"id":13234,"date":"2013-11-14T17:00:44","date_gmt":"2013-11-14T16:00:44","guid":{"rendered":"https:\/\/www.gold.fr\/news\/?p=13234"},"modified":"2017-11-02T11:32:46","modified_gmt":"2017-11-02T10:32:46","slug":"janet-yellen-confirme-son-soutien-au-programme-qe","status":"publish","type":"post","link":"https:\/\/www.gold.fr\/news\/2013\/11\/14\/janet-yellen-confirme-son-soutien-au-programme-qe\/","title":{"rendered":"Janet Yellen confirme son soutien au programme QE"},"content":{"rendered":"<p><img loading=\"lazy\" decoding=\"async\" class=\"alignleft size-thumbnail wp-image-5283\" title=\"Janet Yellen confirme son soutien au programme QE\" src=\"https:\/\/www.gold.fr\/news\/wp-content\/uploads\/2011\/08\/monde-or-150x150.jpg\" alt=\"\" width=\"150\" height=\"150\" \/><span style=\"font-size: small;\"><a title=\"Yellen \u00e0 la t\u00eate de la FED : un alli\u00e9 de taille pour Obama\" href=\"https:\/\/www.gold.fr\/news\/2013\/10\/10\/yellen-a-la-tete-de-la-fed-un-allie-de-taille-pour-obama\/13025\/\" target=\"_blank\">S\u00e9lectionn\u00e9e par le pr\u00e9sident am\u00e9ricain Barack Obama<\/a>, <strong>Janet Yellen<\/strong> semble d\u2019ores et d\u00e9j\u00e0 confirmer son attachement l\u00e9gendaire \u00e0 la politique mon\u00e9taire ultra accommodante de la r\u00e9serve f\u00e9d\u00e9rale am\u00e9ricaine dont elle devrait d\u2019ailleurs prendre officiellement les r\u00eanes, d\u00e8s le mois de f\u00e9vrier de l\u2019ann\u00e9e prochaine.<\/span>    <span style=\"font-size: small;\"> Selon l\u2019actuelle vice-pr\u00e9sidente de l\u2019institution, la <strong>FED<\/strong> est loin d\u2019avoir accompli sa mission dans le soutien qu\u2019elle a le devoir d\u2019apporter \u00e0 l\u2019\u00e9conomie nationale et au tumultueux volet de l\u2019emploi. Elle juge d\u2019ailleurs les performances de la <strong>FED<\/strong>, \u00e0 ce niveau, \u00ab\u00a0<em>insatisfaisantes\u00a0<\/em>\u00bb, rappelant que \u00ab\u00a0<em>le soutien \u00e0 la reprise aujourd&rsquo;hui est le chemin le plus s\u00fbr pour revenir \u00e0 une approche plus normale de la politique mon\u00e9taire<\/em>\u00a0\u00bb. Ces propos ont \u00e9t\u00e9 r\u00e9v\u00e9l\u00e9s, dans le cadre des premi\u00e8res notes (publi\u00e9es mercredi <strong>13 novembre<\/strong>) de l\u2019allocution pr\u00e9par\u00e9e par <strong><em>Yellen<\/em><\/strong> pour son imminente audition devant la Commission bancaire du S\u00e9nat.<\/span>    <span style=\"font-size: small;\"> La blanche colombe de la <strong>FED<\/strong> souligne \u00e9galement que ces deux volets majeurs (\u00e9conomie et emploi) montrent, depuis des mois, des r\u00e9sultats \u00ab\u00a0<em>tr\u00e8s loin<\/em>\u00a0\u00bb de ceux escompt\u00e9s, \u00e0 cause notamment d\u2019une menace inflationniste qui demeure clairement pesante\u00a0: \u00ab<em>\u00a0L&rsquo;inflation \u00e9volue en dessous de l&rsquo;objectif de 2% de la R\u00e9serve f\u00e9d\u00e9rale et elle devrait continuer de le faire pendant un certain temps<\/em>\u00a0\u00bb.<\/span>    <span style=\"font-size: small;\"> Apr\u00e8s l\u2019euphorie passag\u00e8re insuffl\u00e9e par l\u2019annonce de la <strong>BCE<\/strong>, la semaine prochaine, les march\u00e9s financiers ont re\u00e7u ces propos avec un regain marqu\u00e9 d\u2019inqui\u00e9tudes relatives \u00e0 une reprise \u00e9conomique US que ses propres autorit\u00e9s semblent remettre en question.<\/span><\/p>\n<!-- AddThis Advanced Settings generic via filter on the_content --><!-- AddThis Share Buttons generic via filter on the_content -->","protected":false},"excerpt":{"rendered":"<p>S\u00e9lectionn\u00e9e par le pr\u00e9sident am\u00e9ricain Barack Obama, Janet Yellen semble d\u2019ores et d\u00e9j\u00e0 confirmer son attachement l\u00e9gendaire \u00e0 la politique mon\u00e9taire ultra accommodante de la r\u00e9serve f\u00e9d\u00e9rale am\u00e9ricaine dont elle devrait d\u2019ailleurs prendre officiellement les r\u00eanes, [&hellip;]<\/p>\n","protected":false},"author":18,"featured_media":5283,"comment_status":"open","ping_status":"open","sticky":false,"template":"","format":"standard","meta":{"_mbp_gutenberg_autopost":false,"_pgmb_is_evergreen":false,"_pgmb_ap_template_id":0,"footnotes":""},"categories":[6],"tags":[1100,144,1504,1035,494],"ppma_author":[2565],"class_list":["post-13234","post","type-post","status-publish","format-standard","has-post-thumbnail","hentry","category-articles-de-presse","tag-economie-us","tag-fed","tag-janet-yellen","tag-politique-monetaire","tag-qe"],"yoast_head":"<!-- This site is optimized with the Yoast SEO plugin v27.5 - https:\/\/yoast.com\/product\/yoast-seo-wordpress\/ -->\n<title>Janet Yellen confirme son soutien au programme QE - Gold.fr<\/title>\n<meta name=\"robots\" content=\"index, follow, max-snippet:-1, max-image-preview:large, max-video-preview:-1\" \/>\n<link rel=\"canonical\" href=\"https:\/\/www.gold.fr\/news\/2013\/11\/14\/janet-yellen-confirme-son-soutien-au-programme-qe\/\" \/>\n<meta property=\"og:locale\" content=\"fr_FR\" \/>\n<meta property=\"og:type\" content=\"article\" \/>\n<meta property=\"og:title\" content=\"Janet Yellen confirme son soutien au programme QE - Gold.fr\" \/>\n<meta property=\"og:description\" content=\"S\u00e9lectionn\u00e9e par le pr\u00e9sident am\u00e9ricain Barack Obama, Janet Yellen semble d\u2019ores et d\u00e9j\u00e0 confirmer son attachement l\u00e9gendaire \u00e0 la politique mon\u00e9taire ultra accommodante de la r\u00e9serve f\u00e9d\u00e9rale am\u00e9ricaine dont elle devrait d\u2019ailleurs prendre officiellement les r\u00eanes, [&hellip;]\" \/>\n<meta property=\"og:url\" content=\"https:\/\/www.gold.fr\/news\/2013\/11\/14\/janet-yellen-confirme-son-soutien-au-programme-qe\/\" \/>\n<meta property=\"og:site_name\" content=\"Gold.fr\" \/>\n<meta property=\"article:publisher\" content=\"https:\/\/www.facebook.com\/Goldfr\/\" \/>\n<meta property=\"article:published_time\" content=\"2013-11-14T16:00:44+00:00\" \/>\n<meta property=\"article:modified_time\" content=\"2017-11-02T10:32:46+00:00\" \/>\n<meta property=\"og:image\" content=\"https:\/\/www.gold.fr\/news\/wp-content\/uploads\/2011\/08\/monde-or.jpg\" \/>\n\t<meta property=\"og:image:width\" content=\"600\" \/>\n\t<meta property=\"og:image:height\" content=\"400\" \/>\n\t<meta property=\"og:image:type\" content=\"image\/jpeg\" \/>\n<meta name=\"author\" content=\"Comptoir National de l&#039;Or\" \/>\n<meta name=\"twitter:card\" content=\"summary_large_image\" \/>\n<meta name=\"twitter:label1\" content=\"\u00c9crit par\" \/>\n\t<meta name=\"twitter:data1\" content=\"Comptoir National de l&#039;Or\" \/>\n\t<meta name=\"twitter:label2\" content=\"Dur\u00e9e de lecture estim\u00e9e\" \/>\n\t<meta name=\"twitter:data2\" content=\"1 minute\" \/>\n<script type=\"application\/ld+json\" class=\"yoast-schema-graph\">{\"@context\":\"https:\\\/\\\/schema.org\",\"@graph\":[{\"@type\":\"Article\",\"@id\":\"https:\\\/\\\/www.gold.fr\\\/news\\\/2013\\\/11\\\/14\\\/janet-yellen-confirme-son-soutien-au-programme-qe\\\/#article\",\"isPartOf\":{\"@id\":\"https:\\\/\\\/www.gold.fr\\\/news\\\/2013\\\/11\\\/14\\\/janet-yellen-confirme-son-soutien-au-programme-qe\\\/\"},\"author\":{\"name\":\"Comptoir National de l'Or\",\"@id\":\"https:\\\/\\\/www.gold.fr\\\/news\\\/#\\\/schema\\\/person\\\/070491b4b4fb7671bf59b3be20302ce9\"},\"headline\":\"Janet Yellen confirme son soutien au programme QE\",\"datePublished\":\"2013-11-14T16:00:44+00:00\",\"dateModified\":\"2017-11-02T10:32:46+00:00\",\"mainEntityOfPage\":{\"@id\":\"https:\\\/\\\/www.gold.fr\\\/news\\\/2013\\\/11\\\/14\\\/janet-yellen-confirme-son-soutien-au-programme-qe\\\/\"},\"wordCount\":296,\"commentCount\":0,\"image\":{\"@id\":\"https:\\\/\\\/www.gold.fr\\\/news\\\/2013\\\/11\\\/14\\\/janet-yellen-confirme-son-soutien-au-programme-qe\\\/#primaryimage\"},\"thumbnailUrl\":\"https:\\\/\\\/www.gold.fr\\\/news\\\/wp-content\\\/uploads\\\/2011\\\/08\\\/monde-or.jpg\",\"keywords\":[\"\u00e9conomie US\",\"fed\",\"Janet Yellen\",\"politique mon\u00e9taire\",\"QE\"],\"articleSection\":[\"Articles de presse\"],\"inLanguage\":\"fr-FR\"},{\"@type\":\"WebPage\",\"@id\":\"https:\\\/\\\/www.gold.fr\\\/news\\\/2013\\\/11\\\/14\\\/janet-yellen-confirme-son-soutien-au-programme-qe\\\/\",\"url\":\"https:\\\/\\\/www.gold.fr\\\/news\\\/2013\\\/11\\\/14\\\/janet-yellen-confirme-son-soutien-au-programme-qe\\\/\",\"name\":\"Janet Yellen confirme son soutien au programme QE - Gold.fr\",\"isPartOf\":{\"@id\":\"https:\\\/\\\/www.gold.fr\\\/news\\\/#website\"},\"primaryImageOfPage\":{\"@id\":\"https:\\\/\\\/www.gold.fr\\\/news\\\/2013\\\/11\\\/14\\\/janet-yellen-confirme-son-soutien-au-programme-qe\\\/#primaryimage\"},\"image\":{\"@id\":\"https:\\\/\\\/www.gold.fr\\\/news\\\/2013\\\/11\\\/14\\\/janet-yellen-confirme-son-soutien-au-programme-qe\\\/#primaryimage\"},\"thumbnailUrl\":\"https:\\\/\\\/www.gold.fr\\\/news\\\/wp-content\\\/uploads\\\/2011\\\/08\\\/monde-or.jpg\",\"datePublished\":\"2013-11-14T16:00:44+00:00\",\"dateModified\":\"2017-11-02T10:32:46+00:00\",\"author\":{\"@id\":\"https:\\\/\\\/www.gold.fr\\\/news\\\/#\\\/schema\\\/person\\\/070491b4b4fb7671bf59b3be20302ce9\"},\"breadcrumb\":{\"@id\":\"https:\\\/\\\/www.gold.fr\\\/news\\\/2013\\\/11\\\/14\\\/janet-yellen-confirme-son-soutien-au-programme-qe\\\/#breadcrumb\"},\"inLanguage\":\"fr-FR\",\"potentialAction\":[{\"@type\":\"ReadAction\",\"target\":[\"https:\\\/\\\/www.gold.fr\\\/news\\\/2013\\\/11\\\/14\\\/janet-yellen-confirme-son-soutien-au-programme-qe\\\/\"]}]},{\"@type\":\"ImageObject\",\"inLanguage\":\"fr-FR\",\"@id\":\"https:\\\/\\\/www.gold.fr\\\/news\\\/2013\\\/11\\\/14\\\/janet-yellen-confirme-son-soutien-au-programme-qe\\\/#primaryimage\",\"url\":\"https:\\\/\\\/www.gold.fr\\\/news\\\/wp-content\\\/uploads\\\/2011\\\/08\\\/monde-or.jpg\",\"contentUrl\":\"https:\\\/\\\/www.gold.fr\\\/news\\\/wp-content\\\/uploads\\\/2011\\\/08\\\/monde-or.jpg\",\"width\":\"600\",\"height\":\"400\",\"caption\":\"Retour sur les fluctuations de l\u2019once\"},{\"@type\":\"BreadcrumbList\",\"@id\":\"https:\\\/\\\/www.gold.fr\\\/news\\\/2013\\\/11\\\/14\\\/janet-yellen-confirme-son-soutien-au-programme-qe\\\/#breadcrumb\",\"itemListElement\":[{\"@type\":\"ListItem\",\"position\":1,\"name\":\"Accueil\",\"item\":\"https:\\\/\\\/www.gold.fr\\\/\"},{\"@type\":\"ListItem\",\"position\":2,\"name\":\"Actualit\u00e9s\",\"item\":\"https:\\\/\\\/www.gold.fr\\\/news\\\/\"},{\"@type\":\"ListItem\",\"position\":3,\"name\":\"Janet Yellen confirme son soutien au programme QE\"}]},{\"@type\":\"WebSite\",\"@id\":\"https:\\\/\\\/www.gold.fr\\\/news\\\/#website\",\"url\":\"https:\\\/\\\/www.gold.fr\\\/news\\\/\",\"name\":\"Gold.fr\",\"description\":\"Actualit\u00e9s de l&#039;Or et des m\u00e9taux pr\u00e9cieux\",\"potentialAction\":[{\"@type\":\"SearchAction\",\"target\":{\"@type\":\"EntryPoint\",\"urlTemplate\":\"https:\\\/\\\/www.gold.fr\\\/news\\\/?s={search_term_string}\"},\"query-input\":{\"@type\":\"PropertyValueSpecification\",\"valueRequired\":true,\"valueName\":\"search_term_string\"}}],\"inLanguage\":\"fr-FR\"},{\"@type\":\"Person\",\"@id\":\"https:\\\/\\\/www.gold.fr\\\/news\\\/#\\\/schema\\\/person\\\/070491b4b4fb7671bf59b3be20302ce9\",\"name\":\"Comptoir National de l'Or\",\"image\":{\"@type\":\"ImageObject\",\"inLanguage\":\"fr-FR\",\"@id\":\"https:\\\/\\\/secure.gravatar.com\\\/avatar\\\/0a2867fd5abe37bed95d5a65e9d58f01756e11efc68af9888dfc50cfa7f65948?s=96&d=mm&r=gb490554db0a38188709de567aa58480d\",\"url\":\"https:\\\/\\\/secure.gravatar.com\\\/avatar\\\/0a2867fd5abe37bed95d5a65e9d58f01756e11efc68af9888dfc50cfa7f65948?s=96&d=mm&r=g\",\"contentUrl\":\"https:\\\/\\\/secure.gravatar.com\\\/avatar\\\/0a2867fd5abe37bed95d5a65e9d58f01756e11efc68af9888dfc50cfa7f65948?s=96&d=mm&r=g\",\"caption\":\"Comptoir National de l'Or\"},\"description\":\"Notre r\u00e9daction est constitu\u00e9e de membres experts dans les m\u00e9tiers de l'\u00e9conomie et la gestion, des Responsables d'agence Comptoir National de l'Or, des analystes financiers qui publient r\u00e9guli\u00e8rement des \u00e9tudes sur les politiques des banques centrales, le cours de l'or, prix de l'or, cours de l'argent, prix de l'argent, cours du platine, cours du palladium,... la situation en zone euro et l'impact de la strat\u00e9gie mon\u00e9taire de la FED. Notre \u00e9quipe scrute \u00e9galement une information plus g\u00e9n\u00e9raliste \u00e0 la recherche d'actualit\u00e9 \\\"p\u00e9pite\\\" \u00e0 vous partager. Depuis 5 ans, nous avons publi\u00e9 un peu plus de 4000 articles qui s'adressent \u00e0 un public large et vari\u00e9 ayant pour objectif de satisfaire votre curiosit\u00e9 et de partager avec vous une certaine fascination pour le m\u00e9tal jaune, le rachat d'or, et pour ceux qui veulent investir dans l'or, vendre leur or tout simplement en savoir plus... Pour tous vos achat or et argent, n'h\u00e9sitez pas \u00e0 prendre rendez-vous dans l'un de nos nombreux comptoirs.\",\"sameAs\":[\"https:\\\/\\\/www.gold.fr\"]}]}<\/script>\n<!-- \/ Yoast SEO plugin. -->","yoast_head_json":{"title":"Janet Yellen confirme son soutien au programme QE - Gold.fr","robots":{"index":"index","follow":"follow","max-snippet":"max-snippet:-1","max-image-preview":"max-image-preview:large","max-video-preview":"max-video-preview:-1"},"canonical":"https:\/\/www.gold.fr\/news\/2013\/11\/14\/janet-yellen-confirme-son-soutien-au-programme-qe\/","og_locale":"fr_FR","og_type":"article","og_title":"Janet Yellen confirme son soutien au programme QE - Gold.fr","og_description":"S\u00e9lectionn\u00e9e par le pr\u00e9sident am\u00e9ricain Barack Obama, Janet Yellen semble d\u2019ores et d\u00e9j\u00e0 confirmer son attachement l\u00e9gendaire \u00e0 la politique mon\u00e9taire ultra accommodante de la r\u00e9serve f\u00e9d\u00e9rale am\u00e9ricaine dont elle devrait d\u2019ailleurs prendre officiellement les r\u00eanes, [&hellip;]","og_url":"https:\/\/www.gold.fr\/news\/2013\/11\/14\/janet-yellen-confirme-son-soutien-au-programme-qe\/","og_site_name":"Gold.fr","article_publisher":"https:\/\/www.facebook.com\/Goldfr\/","article_published_time":"2013-11-14T16:00:44+00:00","article_modified_time":"2017-11-02T10:32:46+00:00","og_image":[{"width":600,"height":400,"url":"https:\/\/www.gold.fr\/news\/wp-content\/uploads\/2011\/08\/monde-or.jpg","type":"image\/jpeg"}],"author":"Comptoir National de l'Or","twitter_card":"summary_large_image","twitter_misc":{"\u00c9crit par":"Comptoir National de l'Or","Dur\u00e9e de lecture estim\u00e9e":"1 minute"},"schema":{"@context":"https:\/\/schema.org","@graph":[{"@type":"Article","@id":"https:\/\/www.gold.fr\/news\/2013\/11\/14\/janet-yellen-confirme-son-soutien-au-programme-qe\/#article","isPartOf":{"@id":"https:\/\/www.gold.fr\/news\/2013\/11\/14\/janet-yellen-confirme-son-soutien-au-programme-qe\/"},"author":{"name":"Comptoir National de l'Or","@id":"https:\/\/www.gold.fr\/news\/#\/schema\/person\/070491b4b4fb7671bf59b3be20302ce9"},"headline":"Janet Yellen confirme son soutien au programme QE","datePublished":"2013-11-14T16:00:44+00:00","dateModified":"2017-11-02T10:32:46+00:00","mainEntityOfPage":{"@id":"https:\/\/www.gold.fr\/news\/2013\/11\/14\/janet-yellen-confirme-son-soutien-au-programme-qe\/"},"wordCount":296,"commentCount":0,"image":{"@id":"https:\/\/www.gold.fr\/news\/2013\/11\/14\/janet-yellen-confirme-son-soutien-au-programme-qe\/#primaryimage"},"thumbnailUrl":"https:\/\/www.gold.fr\/news\/wp-content\/uploads\/2011\/08\/monde-or.jpg","keywords":["\u00e9conomie US","fed","Janet Yellen","politique mon\u00e9taire","QE"],"articleSection":["Articles de presse"],"inLanguage":"fr-FR"},{"@type":"WebPage","@id":"https:\/\/www.gold.fr\/news\/2013\/11\/14\/janet-yellen-confirme-son-soutien-au-programme-qe\/","url":"https:\/\/www.gold.fr\/news\/2013\/11\/14\/janet-yellen-confirme-son-soutien-au-programme-qe\/","name":"Janet Yellen confirme son soutien au programme QE - Gold.fr","isPartOf":{"@id":"https:\/\/www.gold.fr\/news\/#website"},"primaryImageOfPage":{"@id":"https:\/\/www.gold.fr\/news\/2013\/11\/14\/janet-yellen-confirme-son-soutien-au-programme-qe\/#primaryimage"},"image":{"@id":"https:\/\/www.gold.fr\/news\/2013\/11\/14\/janet-yellen-confirme-son-soutien-au-programme-qe\/#primaryimage"},"thumbnailUrl":"https:\/\/www.gold.fr\/news\/wp-content\/uploads\/2011\/08\/monde-or.jpg","datePublished":"2013-11-14T16:00:44+00:00","dateModified":"2017-11-02T10:32:46+00:00","author":{"@id":"https:\/\/www.gold.fr\/news\/#\/schema\/person\/070491b4b4fb7671bf59b3be20302ce9"},"breadcrumb":{"@id":"https:\/\/www.gold.fr\/news\/2013\/11\/14\/janet-yellen-confirme-son-soutien-au-programme-qe\/#breadcrumb"},"inLanguage":"fr-FR","potentialAction":[{"@type":"ReadAction","target":["https:\/\/www.gold.fr\/news\/2013\/11\/14\/janet-yellen-confirme-son-soutien-au-programme-qe\/"]}]},{"@type":"ImageObject","inLanguage":"fr-FR","@id":"https:\/\/www.gold.fr\/news\/2013\/11\/14\/janet-yellen-confirme-son-soutien-au-programme-qe\/#primaryimage","url":"https:\/\/www.gold.fr\/news\/wp-content\/uploads\/2011\/08\/monde-or.jpg","contentUrl":"https:\/\/www.gold.fr\/news\/wp-content\/uploads\/2011\/08\/monde-or.jpg","width":"600","height":"400","caption":"Retour sur les fluctuations de l\u2019once"},{"@type":"BreadcrumbList","@id":"https:\/\/www.gold.fr\/news\/2013\/11\/14\/janet-yellen-confirme-son-soutien-au-programme-qe\/#breadcrumb","itemListElement":[{"@type":"ListItem","position":1,"name":"Accueil","item":"https:\/\/www.gold.fr\/"},{"@type":"ListItem","position":2,"name":"Actualit\u00e9s","item":"https:\/\/www.gold.fr\/news\/"},{"@type":"ListItem","position":3,"name":"Janet Yellen confirme son soutien au programme QE"}]},{"@type":"WebSite","@id":"https:\/\/www.gold.fr\/news\/#website","url":"https:\/\/www.gold.fr\/news\/","name":"Gold.fr","description":"Actualit\u00e9s de l&#039;Or et des m\u00e9taux pr\u00e9cieux","potentialAction":[{"@type":"SearchAction","target":{"@type":"EntryPoint","urlTemplate":"https:\/\/www.gold.fr\/news\/?s={search_term_string}"},"query-input":{"@type":"PropertyValueSpecification","valueRequired":true,"valueName":"search_term_string"}}],"inLanguage":"fr-FR"},{"@type":"Person","@id":"https:\/\/www.gold.fr\/news\/#\/schema\/person\/070491b4b4fb7671bf59b3be20302ce9","name":"Comptoir National de l'Or","image":{"@type":"ImageObject","inLanguage":"fr-FR","@id":"https:\/\/secure.gravatar.com\/avatar\/0a2867fd5abe37bed95d5a65e9d58f01756e11efc68af9888dfc50cfa7f65948?s=96&d=mm&r=gb490554db0a38188709de567aa58480d","url":"https:\/\/secure.gravatar.com\/avatar\/0a2867fd5abe37bed95d5a65e9d58f01756e11efc68af9888dfc50cfa7f65948?s=96&d=mm&r=g","contentUrl":"https:\/\/secure.gravatar.com\/avatar\/0a2867fd5abe37bed95d5a65e9d58f01756e11efc68af9888dfc50cfa7f65948?s=96&d=mm&r=g","caption":"Comptoir National de l'Or"},"description":"Notre r\u00e9daction est constitu\u00e9e de membres experts dans les m\u00e9tiers de l'\u00e9conomie et la gestion, des Responsables d'agence Comptoir National de l'Or, des analystes financiers qui publient r\u00e9guli\u00e8rement des \u00e9tudes sur les politiques des banques centrales, le cours de l'or, prix de l'or, cours de l'argent, prix de l'argent, cours du platine, cours du palladium,... la situation en zone euro et l'impact de la strat\u00e9gie mon\u00e9taire de la FED. Notre \u00e9quipe scrute \u00e9galement une information plus g\u00e9n\u00e9raliste \u00e0 la recherche d'actualit\u00e9 \"p\u00e9pite\" \u00e0 vous partager. Depuis 5 ans, nous avons publi\u00e9 un peu plus de 4000 articles qui s'adressent \u00e0 un public large et vari\u00e9 ayant pour objectif de satisfaire votre curiosit\u00e9 et de partager avec vous une certaine fascination pour le m\u00e9tal jaune, le rachat d'or, et pour ceux qui veulent investir dans l'or, vendre leur or tout simplement en savoir plus... Pour tous vos achat or et argent, n'h\u00e9sitez pas \u00e0 prendre rendez-vous dans l'un de nos nombreux comptoirs.","sameAs":["https:\/\/www.gold.fr"]}]}},"authors":[{"term_id":2565,"user_id":18,"is_guest":0,"slug":"julie","display_name":"Comptoir National de l'Or","avatar_url":"https:\/\/secure.gravatar.com\/avatar\/713f289e398d35ead876c4a4cc08607f0d6d266058cfc25683fffb6092d0e572?s=96&d=mm&r=g","0":null,"1":"","2":"","3":"","4":"","5":"","6":"","7":"","8":""}],"_links":{"self":[{"href":"https:\/\/www.gold.fr\/news\/wp-json\/wp\/v2\/posts\/13234","targetHints":{"allow":["GET"]}}],"collection":[{"href":"https:\/\/www.gold.fr\/news\/wp-json\/wp\/v2\/posts"}],"about":[{"href":"https:\/\/www.gold.fr\/news\/wp-json\/wp\/v2\/types\/post"}],"author":[{"embeddable":true,"href":"https:\/\/www.gold.fr\/news\/wp-json\/wp\/v2\/users\/18"}],"replies":[{"embeddable":true,"href":"https:\/\/www.gold.fr\/news\/wp-json\/wp\/v2\/comments?post=13234"}],"version-history":[{"count":0,"href":"https:\/\/www.gold.fr\/news\/wp-json\/wp\/v2\/posts\/13234\/revisions"}],"wp:featuredmedia":[{"embeddable":true,"href":"https:\/\/www.gold.fr\/news\/wp-json\/wp\/v2\/media\/5283"}],"wp:attachment":[{"href":"https:\/\/www.gold.fr\/news\/wp-json\/wp\/v2\/media?parent=13234"}],"wp:term":[{"taxonomy":"category","embeddable":true,"href":"https:\/\/www.gold.fr\/news\/wp-json\/wp\/v2\/categories?post=13234"},{"taxonomy":"post_tag","embeddable":true,"href":"https:\/\/www.gold.fr\/news\/wp-json\/wp\/v2\/tags?post=13234"},{"taxonomy":"author","embeddable":true,"href":"https:\/\/www.gold.fr\/news\/wp-json\/wp\/v2\/ppma_author?post=13234"}],"curies":[{"name":"wp","href":"https:\/\/api.w.org\/{rel}","templated":true}]}}