{"id":13228,"date":"2013-11-15T09:00:03","date_gmt":"2013-11-15T08:00:03","guid":{"rendered":"https:\/\/www.gold.fr\/news\/?p=13228"},"modified":"2017-11-02T11:32:47","modified_gmt":"2017-11-02T10:32:47","slug":"decision-bce-les-experts-sont-sceptiques","status":"publish","type":"post","link":"https:\/\/www.gold.fr\/news\/2013\/11\/15\/decision-bce-les-experts-sont-sceptiques\/","title":{"rendered":"D\u00e9cision BCE : Les experts sont sceptiques"},"content":{"rendered":"<p><img loading=\"lazy\" decoding=\"async\" class=\"alignleft size-thumbnail wp-image-4027\" title=\"D\u00e9cision BCE : Les experts sont sceptiques\" src=\"https:\/\/www.gold.fr\/news\/wp-content\/uploads\/2011\/11\/BA5623-001-150x150.jpg\" alt=\"\" width=\"150\" height=\"150\" \/><span style=\"font-size: small;\">Certes\u00a0; les membres du conseil des gouverneurs europ\u00e9ens avaient \u00e9t\u00e9 unanimes sur l\u2019urgence d\u2019une prise de position claire et efficace, mais <strong>Mario Draghi<\/strong> avait bien soulign\u00e9, lors de la conf\u00e9rence de presse de vendredi dernier, que la d\u00e9cision elle-m\u00eame n\u2019avait pas \u00e9t\u00e9 unanime. Mais c\u2019est surtout le moment choisi pour <a title=\"La BCE baisse son taux directeur : Un choix raisonnable\" href=\"https:\/\/www.gold.fr\/news\/2013\/11\/08\/la-bce-baisse-son-taux-directeur-un-choix-raisonnable\/13203\/\" target=\"_blank\">baisser ce fameux taux d\u2019int\u00e9r\u00eat<\/a> qui suscite une vague de scepticisme chez les professionnels et les observateurs des march\u00e9s financiers.<\/span>    <span style=\"font-size: small;\"><strong> Holger Schmieding<\/strong>, de <strong>Berenberg Bank<\/strong>, estime que \u00ab\u00a0<em>pour la <strong>BCE<\/strong>, le co\u00fbt d\u2019une non-r\u00e9action au taux d\u2019inflation de<strong> 0,7%<\/strong> en <strong>octobre<\/strong> et le risque d\u2019\u00eatre accus\u00e9e de ne pas en faire assez en face d\u2019un ch\u00f4mage record, ont apparemment outrepass\u00e9 le risque de r\u00e9agir d\u2019une mani\u00e8re quelque peu pr\u00e9cipit\u00e9e face \u00e0 des fluctuations de donn\u00e9es \u00e9conomiques<\/em> \u00bb. En d\u2019autres termes, l\u2019expert remet en question la pertinence de la d\u00e9cision dans son ensemble, dans la mesure o\u00f9 les donn\u00e9es \u00e9conomiques qui semblent l\u2019avoir provoqu\u00e9e sont loin d\u2019\u00eatre permanentes.<\/span>    <span style=\"font-size: small;\"> \u00c9conomiste chez <strong>Goldman Sachs<\/strong>, <strong>Dirk Schumacher<\/strong>, qualifie cette nouvelle d\u00e9cision <strong>BCE<\/strong> d\u2019\u00ab <em>opportuniste<\/em> \u00bb. Traduction\u00a0; il ne s\u2019agit pas d\u2019une mesure destin\u00e9e \u00e0 contrer les r\u00e9centes d\u00e9ceptions de l\u2019inflation, mais plut\u00f4t d\u2019une pr\u00e9paration de terrain pour d\u2019autres annonces \u00e0 venir. <strong>Schumacher<\/strong> se demande\u00a0: \u00ab\u00a0<em>si la <strong>BCE<\/strong> a chang\u00e9 sa mani\u00e8re d\u2019anticiper l\u2019inflation, alors la baisse du jour de son taux directeur suffira-t-elle \u00e0 provoquer le coup de pouce souhait\u00e9 sur les prix ?<\/em>\u00a0\u00bb. L\u2019expert est cat\u00e9gorique\u00a0: \u00ab\u2009<em>D\u2019autres initiatives pourraient suivre<\/em> \u00bb.<\/span><\/p>\n<!-- AddThis Advanced Settings generic via filter on the_content --><!-- AddThis Share Buttons generic via filter on the_content -->","protected":false},"excerpt":{"rendered":"<p>Certes\u00a0; les membres du conseil des gouverneurs europ\u00e9ens avaient \u00e9t\u00e9 unanimes sur l\u2019urgence d\u2019une prise de position claire et efficace, mais Mario Draghi avait bien soulign\u00e9, lors de la conf\u00e9rence de presse de vendredi dernier, que [&hellip;]<\/p>\n","protected":false},"author":18,"featured_media":4027,"comment_status":"open","ping_status":"open","sticky":false,"template":"","format":"standard","meta":{"_mbp_gutenberg_autopost":false,"_pgmb_is_evergreen":false,"_pgmb_ap_template_id":0,"footnotes":""},"categories":[6],"tags":[1641,143,1358,495,1315],"ppma_author":[2565],"class_list":["post-13228","post","type-post","status-publish","format-standard","has-post-thumbnail","hentry","category-articles-de-presse","tag-avis-experts","tag-bce","tag-decision-bce","tag-mario-draghi","tag-taux-directeur"],"yoast_head":"<!-- This site is optimized with the Yoast SEO plugin v27.5 - https:\/\/yoast.com\/product\/yoast-seo-wordpress\/ -->\n<title>D\u00e9cision BCE : Les experts sont sceptiques - Gold.fr<\/title>\n<meta name=\"robots\" content=\"index, follow, max-snippet:-1, max-image-preview:large, max-video-preview:-1\" \/>\n<link rel=\"canonical\" href=\"https:\/\/www.gold.fr\/news\/2013\/11\/15\/decision-bce-les-experts-sont-sceptiques\/\" \/>\n<meta property=\"og:locale\" content=\"fr_FR\" \/>\n<meta property=\"og:type\" content=\"article\" \/>\n<meta property=\"og:title\" content=\"D\u00e9cision BCE : Les experts sont sceptiques - Gold.fr\" \/>\n<meta property=\"og:description\" content=\"Certes\u00a0; les membres du conseil des gouverneurs europ\u00e9ens avaient \u00e9t\u00e9 unanimes sur l\u2019urgence d\u2019une prise de position claire et efficace, mais Mario Draghi avait bien soulign\u00e9, lors de la conf\u00e9rence de presse de vendredi dernier, que [&hellip;]\" \/>\n<meta property=\"og:url\" content=\"https:\/\/www.gold.fr\/news\/2013\/11\/15\/decision-bce-les-experts-sont-sceptiques\/\" \/>\n<meta property=\"og:site_name\" content=\"Gold.fr\" \/>\n<meta property=\"article:publisher\" content=\"https:\/\/www.facebook.com\/Goldfr\/\" \/>\n<meta property=\"article:published_time\" content=\"2013-11-15T08:00:03+00:00\" \/>\n<meta property=\"article:modified_time\" content=\"2017-11-02T10:32:47+00:00\" \/>\n<meta property=\"og:image\" content=\"https:\/\/www.gold.fr\/news\/wp-content\/uploads\/2011\/11\/BA5623-001.jpg\" \/>\n\t<meta property=\"og:image:width\" content=\"600\" \/>\n\t<meta property=\"og:image:height\" content=\"384\" \/>\n\t<meta property=\"og:image:type\" content=\"image\/jpeg\" \/>\n<meta name=\"author\" content=\"Comptoir National de l&#039;Or\" \/>\n<meta name=\"twitter:card\" content=\"summary_large_image\" \/>\n<meta name=\"twitter:label1\" content=\"\u00c9crit par\" \/>\n\t<meta name=\"twitter:data1\" content=\"Comptoir National de l&#039;Or\" \/>\n\t<meta name=\"twitter:label2\" content=\"Dur\u00e9e de lecture estim\u00e9e\" \/>\n\t<meta name=\"twitter:data2\" content=\"1 minute\" \/>\n<script type=\"application\/ld+json\" class=\"yoast-schema-graph\">{\"@context\":\"https:\\\/\\\/schema.org\",\"@graph\":[{\"@type\":\"Article\",\"@id\":\"https:\\\/\\\/www.gold.fr\\\/news\\\/2013\\\/11\\\/15\\\/decision-bce-les-experts-sont-sceptiques\\\/#article\",\"isPartOf\":{\"@id\":\"https:\\\/\\\/www.gold.fr\\\/news\\\/2013\\\/11\\\/15\\\/decision-bce-les-experts-sont-sceptiques\\\/\"},\"author\":{\"name\":\"Comptoir National de l'Or\",\"@id\":\"https:\\\/\\\/www.gold.fr\\\/news\\\/#\\\/schema\\\/person\\\/070491b4b4fb7671bf59b3be20302ce9\"},\"headline\":\"D\u00e9cision BCE : Les experts sont sceptiques\",\"datePublished\":\"2013-11-15T08:00:03+00:00\",\"dateModified\":\"2017-11-02T10:32:47+00:00\",\"mainEntityOfPage\":{\"@id\":\"https:\\\/\\\/www.gold.fr\\\/news\\\/2013\\\/11\\\/15\\\/decision-bce-les-experts-sont-sceptiques\\\/\"},\"wordCount\":286,\"commentCount\":0,\"image\":{\"@id\":\"https:\\\/\\\/www.gold.fr\\\/news\\\/2013\\\/11\\\/15\\\/decision-bce-les-experts-sont-sceptiques\\\/#primaryimage\"},\"thumbnailUrl\":\"https:\\\/\\\/www.gold.fr\\\/news\\\/wp-content\\\/uploads\\\/2011\\\/11\\\/BA5623-001.jpg\",\"keywords\":[\"avis experts\",\"bce\",\"d\u00e9cision BCE\",\"mario draghi\",\"taux directeur\"],\"articleSection\":[\"Articles de presse\"],\"inLanguage\":\"fr-FR\"},{\"@type\":\"WebPage\",\"@id\":\"https:\\\/\\\/www.gold.fr\\\/news\\\/2013\\\/11\\\/15\\\/decision-bce-les-experts-sont-sceptiques\\\/\",\"url\":\"https:\\\/\\\/www.gold.fr\\\/news\\\/2013\\\/11\\\/15\\\/decision-bce-les-experts-sont-sceptiques\\\/\",\"name\":\"D\u00e9cision BCE : Les experts sont sceptiques - Gold.fr\",\"isPartOf\":{\"@id\":\"https:\\\/\\\/www.gold.fr\\\/news\\\/#website\"},\"primaryImageOfPage\":{\"@id\":\"https:\\\/\\\/www.gold.fr\\\/news\\\/2013\\\/11\\\/15\\\/decision-bce-les-experts-sont-sceptiques\\\/#primaryimage\"},\"image\":{\"@id\":\"https:\\\/\\\/www.gold.fr\\\/news\\\/2013\\\/11\\\/15\\\/decision-bce-les-experts-sont-sceptiques\\\/#primaryimage\"},\"thumbnailUrl\":\"https:\\\/\\\/www.gold.fr\\\/news\\\/wp-content\\\/uploads\\\/2011\\\/11\\\/BA5623-001.jpg\",\"datePublished\":\"2013-11-15T08:00:03+00:00\",\"dateModified\":\"2017-11-02T10:32:47+00:00\",\"author\":{\"@id\":\"https:\\\/\\\/www.gold.fr\\\/news\\\/#\\\/schema\\\/person\\\/070491b4b4fb7671bf59b3be20302ce9\"},\"breadcrumb\":{\"@id\":\"https:\\\/\\\/www.gold.fr\\\/news\\\/2013\\\/11\\\/15\\\/decision-bce-les-experts-sont-sceptiques\\\/#breadcrumb\"},\"inLanguage\":\"fr-FR\",\"potentialAction\":[{\"@type\":\"ReadAction\",\"target\":[\"https:\\\/\\\/www.gold.fr\\\/news\\\/2013\\\/11\\\/15\\\/decision-bce-les-experts-sont-sceptiques\\\/\"]}]},{\"@type\":\"ImageObject\",\"inLanguage\":\"fr-FR\",\"@id\":\"https:\\\/\\\/www.gold.fr\\\/news\\\/2013\\\/11\\\/15\\\/decision-bce-les-experts-sont-sceptiques\\\/#primaryimage\",\"url\":\"https:\\\/\\\/www.gold.fr\\\/news\\\/wp-content\\\/uploads\\\/2011\\\/11\\\/BA5623-001.jpg\",\"contentUrl\":\"https:\\\/\\\/www.gold.fr\\\/news\\\/wp-content\\\/uploads\\\/2011\\\/11\\\/BA5623-001.jpg\",\"width\":\"600\",\"height\":\"384\",\"caption\":\"March\u00e9s euro : Entre espoir et scepticisme\"},{\"@type\":\"BreadcrumbList\",\"@id\":\"https:\\\/\\\/www.gold.fr\\\/news\\\/2013\\\/11\\\/15\\\/decision-bce-les-experts-sont-sceptiques\\\/#breadcrumb\",\"itemListElement\":[{\"@type\":\"ListItem\",\"position\":1,\"name\":\"Accueil\",\"item\":\"https:\\\/\\\/www.gold.fr\\\/\"},{\"@type\":\"ListItem\",\"position\":2,\"name\":\"Actualit\u00e9s\",\"item\":\"https:\\\/\\\/www.gold.fr\\\/news\\\/\"},{\"@type\":\"ListItem\",\"position\":3,\"name\":\"D\u00e9cision BCE : Les experts sont sceptiques\"}]},{\"@type\":\"WebSite\",\"@id\":\"https:\\\/\\\/www.gold.fr\\\/news\\\/#website\",\"url\":\"https:\\\/\\\/www.gold.fr\\\/news\\\/\",\"name\":\"Gold.fr\",\"description\":\"Actualit\u00e9s de l&#039;Or et des m\u00e9taux pr\u00e9cieux\",\"potentialAction\":[{\"@type\":\"SearchAction\",\"target\":{\"@type\":\"EntryPoint\",\"urlTemplate\":\"https:\\\/\\\/www.gold.fr\\\/news\\\/?s={search_term_string}\"},\"query-input\":{\"@type\":\"PropertyValueSpecification\",\"valueRequired\":true,\"valueName\":\"search_term_string\"}}],\"inLanguage\":\"fr-FR\"},{\"@type\":\"Person\",\"@id\":\"https:\\\/\\\/www.gold.fr\\\/news\\\/#\\\/schema\\\/person\\\/070491b4b4fb7671bf59b3be20302ce9\",\"name\":\"Comptoir National de l'Or\",\"image\":{\"@type\":\"ImageObject\",\"inLanguage\":\"fr-FR\",\"@id\":\"https:\\\/\\\/secure.gravatar.com\\\/avatar\\\/0a2867fd5abe37bed95d5a65e9d58f01756e11efc68af9888dfc50cfa7f65948?s=96&d=mm&r=gb490554db0a38188709de567aa58480d\",\"url\":\"https:\\\/\\\/secure.gravatar.com\\\/avatar\\\/0a2867fd5abe37bed95d5a65e9d58f01756e11efc68af9888dfc50cfa7f65948?s=96&d=mm&r=g\",\"contentUrl\":\"https:\\\/\\\/secure.gravatar.com\\\/avatar\\\/0a2867fd5abe37bed95d5a65e9d58f01756e11efc68af9888dfc50cfa7f65948?s=96&d=mm&r=g\",\"caption\":\"Comptoir National de l'Or\"},\"description\":\"Notre r\u00e9daction est constitu\u00e9e de membres experts dans les m\u00e9tiers de l'\u00e9conomie et la gestion, des Responsables d'agence Comptoir National de l'Or, des analystes financiers qui publient r\u00e9guli\u00e8rement des \u00e9tudes sur les politiques des banques centrales, le cours de l'or, prix de l'or, cours de l'argent, prix de l'argent, cours du platine, cours du palladium,... la situation en zone euro et l'impact de la strat\u00e9gie mon\u00e9taire de la FED. Notre \u00e9quipe scrute \u00e9galement une information plus g\u00e9n\u00e9raliste \u00e0 la recherche d'actualit\u00e9 \\\"p\u00e9pite\\\" \u00e0 vous partager. Depuis 5 ans, nous avons publi\u00e9 un peu plus de 4000 articles qui s'adressent \u00e0 un public large et vari\u00e9 ayant pour objectif de satisfaire votre curiosit\u00e9 et de partager avec vous une certaine fascination pour le m\u00e9tal jaune, le rachat d'or, et pour ceux qui veulent investir dans l'or, vendre leur or tout simplement en savoir plus... Pour tous vos achat or et argent, n'h\u00e9sitez pas \u00e0 prendre rendez-vous dans l'un de nos nombreux comptoirs.\",\"sameAs\":[\"https:\\\/\\\/www.gold.fr\"]}]}<\/script>\n<!-- \/ Yoast SEO plugin. -->","yoast_head_json":{"title":"D\u00e9cision BCE : Les experts sont sceptiques - Gold.fr","robots":{"index":"index","follow":"follow","max-snippet":"max-snippet:-1","max-image-preview":"max-image-preview:large","max-video-preview":"max-video-preview:-1"},"canonical":"https:\/\/www.gold.fr\/news\/2013\/11\/15\/decision-bce-les-experts-sont-sceptiques\/","og_locale":"fr_FR","og_type":"article","og_title":"D\u00e9cision BCE : Les experts sont sceptiques - Gold.fr","og_description":"Certes\u00a0; les membres du conseil des gouverneurs europ\u00e9ens avaient \u00e9t\u00e9 unanimes sur l\u2019urgence d\u2019une prise de position claire et efficace, mais Mario Draghi avait bien soulign\u00e9, lors de la conf\u00e9rence de presse de vendredi dernier, que [&hellip;]","og_url":"https:\/\/www.gold.fr\/news\/2013\/11\/15\/decision-bce-les-experts-sont-sceptiques\/","og_site_name":"Gold.fr","article_publisher":"https:\/\/www.facebook.com\/Goldfr\/","article_published_time":"2013-11-15T08:00:03+00:00","article_modified_time":"2017-11-02T10:32:47+00:00","og_image":[{"width":600,"height":384,"url":"https:\/\/www.gold.fr\/news\/wp-content\/uploads\/2011\/11\/BA5623-001.jpg","type":"image\/jpeg"}],"author":"Comptoir National de l'Or","twitter_card":"summary_large_image","twitter_misc":{"\u00c9crit par":"Comptoir National de l'Or","Dur\u00e9e de lecture estim\u00e9e":"1 minute"},"schema":{"@context":"https:\/\/schema.org","@graph":[{"@type":"Article","@id":"https:\/\/www.gold.fr\/news\/2013\/11\/15\/decision-bce-les-experts-sont-sceptiques\/#article","isPartOf":{"@id":"https:\/\/www.gold.fr\/news\/2013\/11\/15\/decision-bce-les-experts-sont-sceptiques\/"},"author":{"name":"Comptoir National de l'Or","@id":"https:\/\/www.gold.fr\/news\/#\/schema\/person\/070491b4b4fb7671bf59b3be20302ce9"},"headline":"D\u00e9cision BCE : Les experts sont sceptiques","datePublished":"2013-11-15T08:00:03+00:00","dateModified":"2017-11-02T10:32:47+00:00","mainEntityOfPage":{"@id":"https:\/\/www.gold.fr\/news\/2013\/11\/15\/decision-bce-les-experts-sont-sceptiques\/"},"wordCount":286,"commentCount":0,"image":{"@id":"https:\/\/www.gold.fr\/news\/2013\/11\/15\/decision-bce-les-experts-sont-sceptiques\/#primaryimage"},"thumbnailUrl":"https:\/\/www.gold.fr\/news\/wp-content\/uploads\/2011\/11\/BA5623-001.jpg","keywords":["avis experts","bce","d\u00e9cision BCE","mario draghi","taux directeur"],"articleSection":["Articles de presse"],"inLanguage":"fr-FR"},{"@type":"WebPage","@id":"https:\/\/www.gold.fr\/news\/2013\/11\/15\/decision-bce-les-experts-sont-sceptiques\/","url":"https:\/\/www.gold.fr\/news\/2013\/11\/15\/decision-bce-les-experts-sont-sceptiques\/","name":"D\u00e9cision BCE : Les experts sont sceptiques - Gold.fr","isPartOf":{"@id":"https:\/\/www.gold.fr\/news\/#website"},"primaryImageOfPage":{"@id":"https:\/\/www.gold.fr\/news\/2013\/11\/15\/decision-bce-les-experts-sont-sceptiques\/#primaryimage"},"image":{"@id":"https:\/\/www.gold.fr\/news\/2013\/11\/15\/decision-bce-les-experts-sont-sceptiques\/#primaryimage"},"thumbnailUrl":"https:\/\/www.gold.fr\/news\/wp-content\/uploads\/2011\/11\/BA5623-001.jpg","datePublished":"2013-11-15T08:00:03+00:00","dateModified":"2017-11-02T10:32:47+00:00","author":{"@id":"https:\/\/www.gold.fr\/news\/#\/schema\/person\/070491b4b4fb7671bf59b3be20302ce9"},"breadcrumb":{"@id":"https:\/\/www.gold.fr\/news\/2013\/11\/15\/decision-bce-les-experts-sont-sceptiques\/#breadcrumb"},"inLanguage":"fr-FR","potentialAction":[{"@type":"ReadAction","target":["https:\/\/www.gold.fr\/news\/2013\/11\/15\/decision-bce-les-experts-sont-sceptiques\/"]}]},{"@type":"ImageObject","inLanguage":"fr-FR","@id":"https:\/\/www.gold.fr\/news\/2013\/11\/15\/decision-bce-les-experts-sont-sceptiques\/#primaryimage","url":"https:\/\/www.gold.fr\/news\/wp-content\/uploads\/2011\/11\/BA5623-001.jpg","contentUrl":"https:\/\/www.gold.fr\/news\/wp-content\/uploads\/2011\/11\/BA5623-001.jpg","width":"600","height":"384","caption":"March\u00e9s euro : Entre espoir et scepticisme"},{"@type":"BreadcrumbList","@id":"https:\/\/www.gold.fr\/news\/2013\/11\/15\/decision-bce-les-experts-sont-sceptiques\/#breadcrumb","itemListElement":[{"@type":"ListItem","position":1,"name":"Accueil","item":"https:\/\/www.gold.fr\/"},{"@type":"ListItem","position":2,"name":"Actualit\u00e9s","item":"https:\/\/www.gold.fr\/news\/"},{"@type":"ListItem","position":3,"name":"D\u00e9cision BCE : Les experts sont sceptiques"}]},{"@type":"WebSite","@id":"https:\/\/www.gold.fr\/news\/#website","url":"https:\/\/www.gold.fr\/news\/","name":"Gold.fr","description":"Actualit\u00e9s de l&#039;Or et des m\u00e9taux pr\u00e9cieux","potentialAction":[{"@type":"SearchAction","target":{"@type":"EntryPoint","urlTemplate":"https:\/\/www.gold.fr\/news\/?s={search_term_string}"},"query-input":{"@type":"PropertyValueSpecification","valueRequired":true,"valueName":"search_term_string"}}],"inLanguage":"fr-FR"},{"@type":"Person","@id":"https:\/\/www.gold.fr\/news\/#\/schema\/person\/070491b4b4fb7671bf59b3be20302ce9","name":"Comptoir National de l'Or","image":{"@type":"ImageObject","inLanguage":"fr-FR","@id":"https:\/\/secure.gravatar.com\/avatar\/0a2867fd5abe37bed95d5a65e9d58f01756e11efc68af9888dfc50cfa7f65948?s=96&d=mm&r=gb490554db0a38188709de567aa58480d","url":"https:\/\/secure.gravatar.com\/avatar\/0a2867fd5abe37bed95d5a65e9d58f01756e11efc68af9888dfc50cfa7f65948?s=96&d=mm&r=g","contentUrl":"https:\/\/secure.gravatar.com\/avatar\/0a2867fd5abe37bed95d5a65e9d58f01756e11efc68af9888dfc50cfa7f65948?s=96&d=mm&r=g","caption":"Comptoir National de l'Or"},"description":"Notre r\u00e9daction est constitu\u00e9e de membres experts dans les m\u00e9tiers de l'\u00e9conomie et la gestion, des Responsables d'agence Comptoir National de l'Or, des analystes financiers qui publient r\u00e9guli\u00e8rement des \u00e9tudes sur les politiques des banques centrales, le cours de l'or, prix de l'or, cours de l'argent, prix de l'argent, cours du platine, cours du palladium,... la situation en zone euro et l'impact de la strat\u00e9gie mon\u00e9taire de la FED. Notre \u00e9quipe scrute \u00e9galement une information plus g\u00e9n\u00e9raliste \u00e0 la recherche d'actualit\u00e9 \"p\u00e9pite\" \u00e0 vous partager. Depuis 5 ans, nous avons publi\u00e9 un peu plus de 4000 articles qui s'adressent \u00e0 un public large et vari\u00e9 ayant pour objectif de satisfaire votre curiosit\u00e9 et de partager avec vous une certaine fascination pour le m\u00e9tal jaune, le rachat d'or, et pour ceux qui veulent investir dans l'or, vendre leur or tout simplement en savoir plus... Pour tous vos achat or et argent, n'h\u00e9sitez pas \u00e0 prendre rendez-vous dans l'un de nos nombreux comptoirs.","sameAs":["https:\/\/www.gold.fr"]}]}},"authors":[{"term_id":2565,"user_id":18,"is_guest":0,"slug":"julie","display_name":"Comptoir National de l'Or","avatar_url":"https:\/\/secure.gravatar.com\/avatar\/713f289e398d35ead876c4a4cc08607f0d6d266058cfc25683fffb6092d0e572?s=96&d=mm&r=g","0":null,"1":"","2":"","3":"","4":"","5":"","6":"","7":"","8":""}],"_links":{"self":[{"href":"https:\/\/www.gold.fr\/news\/wp-json\/wp\/v2\/posts\/13228","targetHints":{"allow":["GET"]}}],"collection":[{"href":"https:\/\/www.gold.fr\/news\/wp-json\/wp\/v2\/posts"}],"about":[{"href":"https:\/\/www.gold.fr\/news\/wp-json\/wp\/v2\/types\/post"}],"author":[{"embeddable":true,"href":"https:\/\/www.gold.fr\/news\/wp-json\/wp\/v2\/users\/18"}],"replies":[{"embeddable":true,"href":"https:\/\/www.gold.fr\/news\/wp-json\/wp\/v2\/comments?post=13228"}],"version-history":[{"count":0,"href":"https:\/\/www.gold.fr\/news\/wp-json\/wp\/v2\/posts\/13228\/revisions"}],"wp:featuredmedia":[{"embeddable":true,"href":"https:\/\/www.gold.fr\/news\/wp-json\/wp\/v2\/media\/4027"}],"wp:attachment":[{"href":"https:\/\/www.gold.fr\/news\/wp-json\/wp\/v2\/media?parent=13228"}],"wp:term":[{"taxonomy":"category","embeddable":true,"href":"https:\/\/www.gold.fr\/news\/wp-json\/wp\/v2\/categories?post=13228"},{"taxonomy":"post_tag","embeddable":true,"href":"https:\/\/www.gold.fr\/news\/wp-json\/wp\/v2\/tags?post=13228"},{"taxonomy":"author","embeddable":true,"href":"https:\/\/www.gold.fr\/news\/wp-json\/wp\/v2\/ppma_author?post=13228"}],"curies":[{"name":"wp","href":"https:\/\/api.w.org\/{rel}","templated":true}]}}