{"id":13226,"date":"2013-11-14T09:00:34","date_gmt":"2013-11-14T08:00:34","guid":{"rendered":"https:\/\/www.gold.fr\/news\/?p=13226"},"modified":"2017-10-26T18:58:54","modified_gmt":"2017-10-26T16:58:54","slug":"linflation-est-a-lorigine-de-la-decision-bce","status":"publish","type":"post","link":"https:\/\/www.gold.fr\/news\/2013\/11\/14\/linflation-est-a-lorigine-de-la-decision-bce\/","title":{"rendered":"L\u2019inflation est \u00e0 l\u2019origine de la d\u00e9cision BCE"},"content":{"rendered":"<p><span style=\"font-size: small;\"><img loading=\"lazy\" decoding=\"async\" class=\"alignleft size-thumbnail wp-image-5011\" title=\"L\u2019inflation est \u00e0 l\u2019origine de la d\u00e9cision BCE\" src=\"https:\/\/www.gold.fr\/news\/wp-content\/uploads\/2012\/01\/Europe-150x150.jpg\" alt=\"\" width=\"150\" height=\"150\" \/><a title=\"La BCE baisse son taux directeur : Un choix raisonnable\" href=\"https:\/\/www.gold.fr\/news\/2013\/11\/08\/la-bce-baisse-son-taux-directeur-un-choix-raisonnable\/13203\/\" target=\"_blank\">La d\u00e9cision de la banque centrale europ\u00e9enne avait cr\u00e9\u00e9 la surprise g\u00e9n\u00e9rale<\/a>, au moment de son annonce. Une semaine plus tard, la nouvelle continue \u00e0 faire couler beaucoup d\u2019encre, tant pour la justifier que pour en pr\u00e9voir les cons\u00e9quences.<\/span>    <span style=\"font-size: small;\"> Le <strong>jeudi 7 novembre<\/strong>, <strong>Mario Draghi<\/strong>, pr\u00e9sident de la <strong>BCE<\/strong>, avait annonc\u00e9, dans le cadre d\u2019une conf\u00e9rence de presse tr\u00e8s attendue, que son institution baisserait son taux d\u2019int\u00e9r\u00eat directeur, le ramenant de<strong> 0,50%<\/strong> \u00e0 <strong>0,25%<\/strong>. Rappelons d\u2019ailleurs que <strong>Mr. Draghi<\/strong> est connu pour cr\u00e9er ce type de surprise, avec des politiques introduites de mani\u00e8re et \u00e0 des timings g\u00e9n\u00e9ralement inattendus, mais qui s\u2019av\u00e8rent efficaces. Cette nouvelle annonce ne d\u00e9rogera donc pas \u00e0 la r\u00e8gle.<\/span>    <span style=\"font-size: small;\"> C\u00f4t\u00e9 justifications d\u2019experts, tous s\u2019accordent \u00e0 expliquer cette baisse du taux par la menace pesante et persistante de d\u00e9flation qui hante le bloc euro, depuis le d\u00e9but de l\u2019ann\u00e9e <strong>2013<\/strong>. Pour le mois d\u2019<strong>octobre<\/strong>, le taux d\u2019inflation avait l\u00e9g\u00e8rement fr\u00e9mi, se hissant p\u00e9niblement de <strong>0,7%<\/strong>, en lieu et place des <strong>2%<\/strong> esp\u00e9r\u00e9s. Le constat est d\u00e9plorable\u00a0; la marge consid\u00e9rable, entre l\u2019objectif de la banque centrale europ\u00e9enne et la r\u00e9alit\u00e9 des march\u00e9s financiers et \u00e9conomiques de la zone, refl\u00e8te surtout l\u2019urgence de certaines mesures radicales. Et le couperet n\u2019a pas tard\u00e9 \u00e0 tomber.<\/span>    <span style=\"font-size: small;\"> D\u2019apr\u00e8s <strong>Mario Draghi<\/strong>, les membres du comit\u00e9 directoire de la <strong>BCE<\/strong> s\u2019attendent \u00e0 une \u00ab\u00a0<em>p\u00e9riode longue de basse inflation en zone euro<\/em> \u00bb, qui fait suite \u00e0 des \u00ab\u00a0<em>changements significatifs<\/em>\u00a0\u00bb sur les march\u00e9s europ\u00e9ens. Il admet toutefois que la d\u00e9cision de baisser le taux directeur de l\u2019institution n\u2019\u00e9tait pas un choix \u00ab\u00a0<em>unanime\u00a0<\/em>\u00bb.<\/span><\/p>\n<!-- AddThis Advanced Settings generic via filter on the_content --><!-- AddThis Share Buttons generic via filter on the_content -->","protected":false},"excerpt":{"rendered":"<p>La d\u00e9cision de la banque centrale europ\u00e9enne avait cr\u00e9\u00e9 la surprise g\u00e9n\u00e9rale, au moment de son annonce. Une semaine plus tard, la nouvelle continue \u00e0 faire couler beaucoup d\u2019encre, tant pour la justifier que pour en [&hellip;]<\/p>\n","protected":false},"author":18,"featured_media":5011,"comment_status":"open","ping_status":"open","sticky":false,"template":"","format":"standard","meta":{"_mbp_gutenberg_autopost":false,"_pgmb_is_evergreen":false,"_pgmb_ap_template_id":0,"footnotes":""},"categories":[6],"tags":[143,116,495,1315],"ppma_author":[2565],"class_list":["post-13226","post","type-post","status-publish","format-standard","has-post-thumbnail","hentry","category-articles-de-presse","tag-bce","tag-inflation","tag-mario-draghi","tag-taux-directeur"],"yoast_head":"<!-- This site is optimized with the Yoast SEO plugin v27.5 - https:\/\/yoast.com\/product\/yoast-seo-wordpress\/ -->\n<title>L\u2019inflation est \u00e0 l\u2019origine de la d\u00e9cision BCE - Gold.fr<\/title>\n<meta name=\"robots\" content=\"index, follow, max-snippet:-1, max-image-preview:large, max-video-preview:-1\" \/>\n<link rel=\"canonical\" href=\"https:\/\/www.gold.fr\/news\/2013\/11\/14\/linflation-est-a-lorigine-de-la-decision-bce\/\" \/>\n<meta property=\"og:locale\" content=\"fr_FR\" \/>\n<meta property=\"og:type\" content=\"article\" \/>\n<meta property=\"og:title\" content=\"L\u2019inflation est \u00e0 l\u2019origine de la d\u00e9cision BCE - Gold.fr\" \/>\n<meta property=\"og:description\" content=\"La d\u00e9cision de la banque centrale europ\u00e9enne avait cr\u00e9\u00e9 la surprise g\u00e9n\u00e9rale, au moment de son annonce. Une semaine plus tard, la nouvelle continue \u00e0 faire couler beaucoup d\u2019encre, tant pour la justifier que pour en [&hellip;]\" \/>\n<meta property=\"og:url\" content=\"https:\/\/www.gold.fr\/news\/2013\/11\/14\/linflation-est-a-lorigine-de-la-decision-bce\/\" \/>\n<meta property=\"og:site_name\" content=\"Gold.fr\" \/>\n<meta property=\"article:publisher\" content=\"https:\/\/www.facebook.com\/Goldfr\/\" \/>\n<meta property=\"article:published_time\" content=\"2013-11-14T08:00:34+00:00\" \/>\n<meta property=\"article:modified_time\" content=\"2017-10-26T16:58:54+00:00\" \/>\n<meta property=\"og:image\" content=\"https:\/\/www.gold.fr\/news\/wp-content\/uploads\/2012\/01\/Europe.jpg\" \/>\n\t<meta property=\"og:image:width\" content=\"600\" \/>\n\t<meta property=\"og:image:height\" content=\"417\" \/>\n\t<meta property=\"og:image:type\" content=\"image\/jpeg\" \/>\n<meta name=\"author\" content=\"Comptoir National de l&#039;Or\" \/>\n<meta name=\"twitter:card\" content=\"summary_large_image\" \/>\n<meta name=\"twitter:label1\" content=\"\u00c9crit par\" \/>\n\t<meta name=\"twitter:data1\" content=\"Comptoir National de l&#039;Or\" \/>\n\t<meta name=\"twitter:label2\" content=\"Dur\u00e9e de lecture estim\u00e9e\" \/>\n\t<meta name=\"twitter:data2\" content=\"1 minute\" \/>\n<script type=\"application\/ld+json\" class=\"yoast-schema-graph\">{\"@context\":\"https:\\\/\\\/schema.org\",\"@graph\":[{\"@type\":\"Article\",\"@id\":\"https:\\\/\\\/www.gold.fr\\\/news\\\/2013\\\/11\\\/14\\\/linflation-est-a-lorigine-de-la-decision-bce\\\/#article\",\"isPartOf\":{\"@id\":\"https:\\\/\\\/www.gold.fr\\\/news\\\/2013\\\/11\\\/14\\\/linflation-est-a-lorigine-de-la-decision-bce\\\/\"},\"author\":{\"name\":\"Comptoir National de l'Or\",\"@id\":\"https:\\\/\\\/www.gold.fr\\\/news\\\/#\\\/schema\\\/person\\\/070491b4b4fb7671bf59b3be20302ce9\"},\"headline\":\"L\u2019inflation est \u00e0 l\u2019origine de la d\u00e9cision BCE\",\"datePublished\":\"2013-11-14T08:00:34+00:00\",\"dateModified\":\"2017-10-26T16:58:54+00:00\",\"mainEntityOfPage\":{\"@id\":\"https:\\\/\\\/www.gold.fr\\\/news\\\/2013\\\/11\\\/14\\\/linflation-est-a-lorigine-de-la-decision-bce\\\/\"},\"wordCount\":308,\"commentCount\":0,\"image\":{\"@id\":\"https:\\\/\\\/www.gold.fr\\\/news\\\/2013\\\/11\\\/14\\\/linflation-est-a-lorigine-de-la-decision-bce\\\/#primaryimage\"},\"thumbnailUrl\":\"https:\\\/\\\/www.gold.fr\\\/news\\\/wp-content\\\/uploads\\\/2012\\\/01\\\/Europe.jpg\",\"keywords\":[\"bce\",\"inflation\",\"mario draghi\",\"taux directeur\"],\"articleSection\":[\"Articles de presse\"],\"inLanguage\":\"fr-FR\"},{\"@type\":\"WebPage\",\"@id\":\"https:\\\/\\\/www.gold.fr\\\/news\\\/2013\\\/11\\\/14\\\/linflation-est-a-lorigine-de-la-decision-bce\\\/\",\"url\":\"https:\\\/\\\/www.gold.fr\\\/news\\\/2013\\\/11\\\/14\\\/linflation-est-a-lorigine-de-la-decision-bce\\\/\",\"name\":\"L\u2019inflation est \u00e0 l\u2019origine de la d\u00e9cision BCE - Gold.fr\",\"isPartOf\":{\"@id\":\"https:\\\/\\\/www.gold.fr\\\/news\\\/#website\"},\"primaryImageOfPage\":{\"@id\":\"https:\\\/\\\/www.gold.fr\\\/news\\\/2013\\\/11\\\/14\\\/linflation-est-a-lorigine-de-la-decision-bce\\\/#primaryimage\"},\"image\":{\"@id\":\"https:\\\/\\\/www.gold.fr\\\/news\\\/2013\\\/11\\\/14\\\/linflation-est-a-lorigine-de-la-decision-bce\\\/#primaryimage\"},\"thumbnailUrl\":\"https:\\\/\\\/www.gold.fr\\\/news\\\/wp-content\\\/uploads\\\/2012\\\/01\\\/Europe.jpg\",\"datePublished\":\"2013-11-14T08:00:34+00:00\",\"dateModified\":\"2017-10-26T16:58:54+00:00\",\"author\":{\"@id\":\"https:\\\/\\\/www.gold.fr\\\/news\\\/#\\\/schema\\\/person\\\/070491b4b4fb7671bf59b3be20302ce9\"},\"breadcrumb\":{\"@id\":\"https:\\\/\\\/www.gold.fr\\\/news\\\/2013\\\/11\\\/14\\\/linflation-est-a-lorigine-de-la-decision-bce\\\/#breadcrumb\"},\"inLanguage\":\"fr-FR\",\"potentialAction\":[{\"@type\":\"ReadAction\",\"target\":[\"https:\\\/\\\/www.gold.fr\\\/news\\\/2013\\\/11\\\/14\\\/linflation-est-a-lorigine-de-la-decision-bce\\\/\"]}]},{\"@type\":\"ImageObject\",\"inLanguage\":\"fr-FR\",\"@id\":\"https:\\\/\\\/www.gold.fr\\\/news\\\/2013\\\/11\\\/14\\\/linflation-est-a-lorigine-de-la-decision-bce\\\/#primaryimage\",\"url\":\"https:\\\/\\\/www.gold.fr\\\/news\\\/wp-content\\\/uploads\\\/2012\\\/01\\\/Europe.jpg\",\"contentUrl\":\"https:\\\/\\\/www.gold.fr\\\/news\\\/wp-content\\\/uploads\\\/2012\\\/01\\\/Europe.jpg\",\"width\":\"600\",\"height\":\"417\"},{\"@type\":\"BreadcrumbList\",\"@id\":\"https:\\\/\\\/www.gold.fr\\\/news\\\/2013\\\/11\\\/14\\\/linflation-est-a-lorigine-de-la-decision-bce\\\/#breadcrumb\",\"itemListElement\":[{\"@type\":\"ListItem\",\"position\":1,\"name\":\"Accueil\",\"item\":\"https:\\\/\\\/www.gold.fr\\\/\"},{\"@type\":\"ListItem\",\"position\":2,\"name\":\"Actualit\u00e9s\",\"item\":\"https:\\\/\\\/www.gold.fr\\\/news\\\/\"},{\"@type\":\"ListItem\",\"position\":3,\"name\":\"L\u2019inflation est \u00e0 l\u2019origine de la d\u00e9cision BCE\"}]},{\"@type\":\"WebSite\",\"@id\":\"https:\\\/\\\/www.gold.fr\\\/news\\\/#website\",\"url\":\"https:\\\/\\\/www.gold.fr\\\/news\\\/\",\"name\":\"Gold.fr\",\"description\":\"Actualit\u00e9s de l&#039;Or et des m\u00e9taux pr\u00e9cieux\",\"potentialAction\":[{\"@type\":\"SearchAction\",\"target\":{\"@type\":\"EntryPoint\",\"urlTemplate\":\"https:\\\/\\\/www.gold.fr\\\/news\\\/?s={search_term_string}\"},\"query-input\":{\"@type\":\"PropertyValueSpecification\",\"valueRequired\":true,\"valueName\":\"search_term_string\"}}],\"inLanguage\":\"fr-FR\"},{\"@type\":\"Person\",\"@id\":\"https:\\\/\\\/www.gold.fr\\\/news\\\/#\\\/schema\\\/person\\\/070491b4b4fb7671bf59b3be20302ce9\",\"name\":\"Comptoir National de l'Or\",\"image\":{\"@type\":\"ImageObject\",\"inLanguage\":\"fr-FR\",\"@id\":\"https:\\\/\\\/secure.gravatar.com\\\/avatar\\\/0a2867fd5abe37bed95d5a65e9d58f01756e11efc68af9888dfc50cfa7f65948?s=96&d=mm&r=gb490554db0a38188709de567aa58480d\",\"url\":\"https:\\\/\\\/secure.gravatar.com\\\/avatar\\\/0a2867fd5abe37bed95d5a65e9d58f01756e11efc68af9888dfc50cfa7f65948?s=96&d=mm&r=g\",\"contentUrl\":\"https:\\\/\\\/secure.gravatar.com\\\/avatar\\\/0a2867fd5abe37bed95d5a65e9d58f01756e11efc68af9888dfc50cfa7f65948?s=96&d=mm&r=g\",\"caption\":\"Comptoir National de l'Or\"},\"description\":\"Notre r\u00e9daction est constitu\u00e9e de membres experts dans les m\u00e9tiers de l'\u00e9conomie et la gestion, des Responsables d'agence Comptoir National de l'Or, des analystes financiers qui publient r\u00e9guli\u00e8rement des \u00e9tudes sur les politiques des banques centrales, le cours de l'or, prix de l'or, cours de l'argent, prix de l'argent, cours du platine, cours du palladium,... la situation en zone euro et l'impact de la strat\u00e9gie mon\u00e9taire de la FED. Notre \u00e9quipe scrute \u00e9galement une information plus g\u00e9n\u00e9raliste \u00e0 la recherche d'actualit\u00e9 \\\"p\u00e9pite\\\" \u00e0 vous partager. Depuis 5 ans, nous avons publi\u00e9 un peu plus de 4000 articles qui s'adressent \u00e0 un public large et vari\u00e9 ayant pour objectif de satisfaire votre curiosit\u00e9 et de partager avec vous une certaine fascination pour le m\u00e9tal jaune, le rachat d'or, et pour ceux qui veulent investir dans l'or, vendre leur or tout simplement en savoir plus... Pour tous vos achat or et argent, n'h\u00e9sitez pas \u00e0 prendre rendez-vous dans l'un de nos nombreux comptoirs.\",\"sameAs\":[\"https:\\\/\\\/www.gold.fr\"]}]}<\/script>\n<!-- \/ Yoast SEO plugin. -->","yoast_head_json":{"title":"L\u2019inflation est \u00e0 l\u2019origine de la d\u00e9cision BCE - Gold.fr","robots":{"index":"index","follow":"follow","max-snippet":"max-snippet:-1","max-image-preview":"max-image-preview:large","max-video-preview":"max-video-preview:-1"},"canonical":"https:\/\/www.gold.fr\/news\/2013\/11\/14\/linflation-est-a-lorigine-de-la-decision-bce\/","og_locale":"fr_FR","og_type":"article","og_title":"L\u2019inflation est \u00e0 l\u2019origine de la d\u00e9cision BCE - Gold.fr","og_description":"La d\u00e9cision de la banque centrale europ\u00e9enne avait cr\u00e9\u00e9 la surprise g\u00e9n\u00e9rale, au moment de son annonce. Une semaine plus tard, la nouvelle continue \u00e0 faire couler beaucoup d\u2019encre, tant pour la justifier que pour en [&hellip;]","og_url":"https:\/\/www.gold.fr\/news\/2013\/11\/14\/linflation-est-a-lorigine-de-la-decision-bce\/","og_site_name":"Gold.fr","article_publisher":"https:\/\/www.facebook.com\/Goldfr\/","article_published_time":"2013-11-14T08:00:34+00:00","article_modified_time":"2017-10-26T16:58:54+00:00","og_image":[{"width":600,"height":417,"url":"https:\/\/www.gold.fr\/news\/wp-content\/uploads\/2012\/01\/Europe.jpg","type":"image\/jpeg"}],"author":"Comptoir National de l'Or","twitter_card":"summary_large_image","twitter_misc":{"\u00c9crit par":"Comptoir National de l'Or","Dur\u00e9e de lecture estim\u00e9e":"1 minute"},"schema":{"@context":"https:\/\/schema.org","@graph":[{"@type":"Article","@id":"https:\/\/www.gold.fr\/news\/2013\/11\/14\/linflation-est-a-lorigine-de-la-decision-bce\/#article","isPartOf":{"@id":"https:\/\/www.gold.fr\/news\/2013\/11\/14\/linflation-est-a-lorigine-de-la-decision-bce\/"},"author":{"name":"Comptoir National de l'Or","@id":"https:\/\/www.gold.fr\/news\/#\/schema\/person\/070491b4b4fb7671bf59b3be20302ce9"},"headline":"L\u2019inflation est \u00e0 l\u2019origine de la d\u00e9cision BCE","datePublished":"2013-11-14T08:00:34+00:00","dateModified":"2017-10-26T16:58:54+00:00","mainEntityOfPage":{"@id":"https:\/\/www.gold.fr\/news\/2013\/11\/14\/linflation-est-a-lorigine-de-la-decision-bce\/"},"wordCount":308,"commentCount":0,"image":{"@id":"https:\/\/www.gold.fr\/news\/2013\/11\/14\/linflation-est-a-lorigine-de-la-decision-bce\/#primaryimage"},"thumbnailUrl":"https:\/\/www.gold.fr\/news\/wp-content\/uploads\/2012\/01\/Europe.jpg","keywords":["bce","inflation","mario draghi","taux directeur"],"articleSection":["Articles de presse"],"inLanguage":"fr-FR"},{"@type":"WebPage","@id":"https:\/\/www.gold.fr\/news\/2013\/11\/14\/linflation-est-a-lorigine-de-la-decision-bce\/","url":"https:\/\/www.gold.fr\/news\/2013\/11\/14\/linflation-est-a-lorigine-de-la-decision-bce\/","name":"L\u2019inflation est \u00e0 l\u2019origine de la d\u00e9cision BCE - Gold.fr","isPartOf":{"@id":"https:\/\/www.gold.fr\/news\/#website"},"primaryImageOfPage":{"@id":"https:\/\/www.gold.fr\/news\/2013\/11\/14\/linflation-est-a-lorigine-de-la-decision-bce\/#primaryimage"},"image":{"@id":"https:\/\/www.gold.fr\/news\/2013\/11\/14\/linflation-est-a-lorigine-de-la-decision-bce\/#primaryimage"},"thumbnailUrl":"https:\/\/www.gold.fr\/news\/wp-content\/uploads\/2012\/01\/Europe.jpg","datePublished":"2013-11-14T08:00:34+00:00","dateModified":"2017-10-26T16:58:54+00:00","author":{"@id":"https:\/\/www.gold.fr\/news\/#\/schema\/person\/070491b4b4fb7671bf59b3be20302ce9"},"breadcrumb":{"@id":"https:\/\/www.gold.fr\/news\/2013\/11\/14\/linflation-est-a-lorigine-de-la-decision-bce\/#breadcrumb"},"inLanguage":"fr-FR","potentialAction":[{"@type":"ReadAction","target":["https:\/\/www.gold.fr\/news\/2013\/11\/14\/linflation-est-a-lorigine-de-la-decision-bce\/"]}]},{"@type":"ImageObject","inLanguage":"fr-FR","@id":"https:\/\/www.gold.fr\/news\/2013\/11\/14\/linflation-est-a-lorigine-de-la-decision-bce\/#primaryimage","url":"https:\/\/www.gold.fr\/news\/wp-content\/uploads\/2012\/01\/Europe.jpg","contentUrl":"https:\/\/www.gold.fr\/news\/wp-content\/uploads\/2012\/01\/Europe.jpg","width":"600","height":"417"},{"@type":"BreadcrumbList","@id":"https:\/\/www.gold.fr\/news\/2013\/11\/14\/linflation-est-a-lorigine-de-la-decision-bce\/#breadcrumb","itemListElement":[{"@type":"ListItem","position":1,"name":"Accueil","item":"https:\/\/www.gold.fr\/"},{"@type":"ListItem","position":2,"name":"Actualit\u00e9s","item":"https:\/\/www.gold.fr\/news\/"},{"@type":"ListItem","position":3,"name":"L\u2019inflation est \u00e0 l\u2019origine de la d\u00e9cision BCE"}]},{"@type":"WebSite","@id":"https:\/\/www.gold.fr\/news\/#website","url":"https:\/\/www.gold.fr\/news\/","name":"Gold.fr","description":"Actualit\u00e9s de l&#039;Or et des m\u00e9taux pr\u00e9cieux","potentialAction":[{"@type":"SearchAction","target":{"@type":"EntryPoint","urlTemplate":"https:\/\/www.gold.fr\/news\/?s={search_term_string}"},"query-input":{"@type":"PropertyValueSpecification","valueRequired":true,"valueName":"search_term_string"}}],"inLanguage":"fr-FR"},{"@type":"Person","@id":"https:\/\/www.gold.fr\/news\/#\/schema\/person\/070491b4b4fb7671bf59b3be20302ce9","name":"Comptoir National de l'Or","image":{"@type":"ImageObject","inLanguage":"fr-FR","@id":"https:\/\/secure.gravatar.com\/avatar\/0a2867fd5abe37bed95d5a65e9d58f01756e11efc68af9888dfc50cfa7f65948?s=96&d=mm&r=gb490554db0a38188709de567aa58480d","url":"https:\/\/secure.gravatar.com\/avatar\/0a2867fd5abe37bed95d5a65e9d58f01756e11efc68af9888dfc50cfa7f65948?s=96&d=mm&r=g","contentUrl":"https:\/\/secure.gravatar.com\/avatar\/0a2867fd5abe37bed95d5a65e9d58f01756e11efc68af9888dfc50cfa7f65948?s=96&d=mm&r=g","caption":"Comptoir National de l'Or"},"description":"Notre r\u00e9daction est constitu\u00e9e de membres experts dans les m\u00e9tiers de l'\u00e9conomie et la gestion, des Responsables d'agence Comptoir National de l'Or, des analystes financiers qui publient r\u00e9guli\u00e8rement des \u00e9tudes sur les politiques des banques centrales, le cours de l'or, prix de l'or, cours de l'argent, prix de l'argent, cours du platine, cours du palladium,... la situation en zone euro et l'impact de la strat\u00e9gie mon\u00e9taire de la FED. Notre \u00e9quipe scrute \u00e9galement une information plus g\u00e9n\u00e9raliste \u00e0 la recherche d'actualit\u00e9 \"p\u00e9pite\" \u00e0 vous partager. Depuis 5 ans, nous avons publi\u00e9 un peu plus de 4000 articles qui s'adressent \u00e0 un public large et vari\u00e9 ayant pour objectif de satisfaire votre curiosit\u00e9 et de partager avec vous une certaine fascination pour le m\u00e9tal jaune, le rachat d'or, et pour ceux qui veulent investir dans l'or, vendre leur or tout simplement en savoir plus... Pour tous vos achat or et argent, n'h\u00e9sitez pas \u00e0 prendre rendez-vous dans l'un de nos nombreux comptoirs.","sameAs":["https:\/\/www.gold.fr"]}]}},"authors":[{"term_id":2565,"user_id":18,"is_guest":0,"slug":"julie","display_name":"Comptoir National de l'Or","avatar_url":"https:\/\/secure.gravatar.com\/avatar\/713f289e398d35ead876c4a4cc08607f0d6d266058cfc25683fffb6092d0e572?s=96&d=mm&r=g","0":null,"1":"","2":"","3":"","4":"","5":"","6":"","7":"","8":""}],"_links":{"self":[{"href":"https:\/\/www.gold.fr\/news\/wp-json\/wp\/v2\/posts\/13226","targetHints":{"allow":["GET"]}}],"collection":[{"href":"https:\/\/www.gold.fr\/news\/wp-json\/wp\/v2\/posts"}],"about":[{"href":"https:\/\/www.gold.fr\/news\/wp-json\/wp\/v2\/types\/post"}],"author":[{"embeddable":true,"href":"https:\/\/www.gold.fr\/news\/wp-json\/wp\/v2\/users\/18"}],"replies":[{"embeddable":true,"href":"https:\/\/www.gold.fr\/news\/wp-json\/wp\/v2\/comments?post=13226"}],"version-history":[{"count":0,"href":"https:\/\/www.gold.fr\/news\/wp-json\/wp\/v2\/posts\/13226\/revisions"}],"wp:featuredmedia":[{"embeddable":true,"href":"https:\/\/www.gold.fr\/news\/wp-json\/wp\/v2\/media\/5011"}],"wp:attachment":[{"href":"https:\/\/www.gold.fr\/news\/wp-json\/wp\/v2\/media?parent=13226"}],"wp:term":[{"taxonomy":"category","embeddable":true,"href":"https:\/\/www.gold.fr\/news\/wp-json\/wp\/v2\/categories?post=13226"},{"taxonomy":"post_tag","embeddable":true,"href":"https:\/\/www.gold.fr\/news\/wp-json\/wp\/v2\/tags?post=13226"},{"taxonomy":"author","embeddable":true,"href":"https:\/\/www.gold.fr\/news\/wp-json\/wp\/v2\/ppma_author?post=13226"}],"curies":[{"name":"wp","href":"https:\/\/api.w.org\/{rel}","templated":true}]}}