{"id":13223,"date":"2013-11-13T17:00:17","date_gmt":"2013-11-13T16:00:17","guid":{"rendered":"https:\/\/www.gold.fr\/news\/?p=13223"},"modified":"2019-08-19T16:12:52","modified_gmt":"2019-08-19T14:12:52","slug":"lor-plombe-par-une-conjoncture-euphorique","status":"publish","type":"post","link":"https:\/\/www.gold.fr\/news\/2013\/11\/13\/lor-plombe-par-une-conjoncture-euphorique\/","title":{"rendered":"L\u2019or plomb\u00e9 par une conjoncture euphorique"},"content":{"rendered":"<p><img loading=\"lazy\" decoding=\"async\" class=\"alignleft size-thumbnail wp-image-2404\" title=\"L\u2019or plomb\u00e9 par une conjoncture euphorique\" src=\"https:\/\/www.gold.fr\/news\/wp-content\/uploads\/2011\/09\/harga-emas1-150x150.jpg\" alt=\"\" width=\"150\" height=\"150\" \/><span style=\"font-size: small;\"><a title=\"Evolution de l\u2019or \u2013 Les facteurs de la r\u00e9cente baisse\" href=\"https:\/\/www.gold.fr\/news\/2013\/11\/12\/evolution-de-lor-les-facteurs-de-la-recente-baisse\/13211\/\" target=\"_blank\" rel=\"noopener noreferrer\">C\u2019est clairement une semaine de baisse pour le march\u00e9 aurif\u00e8re<\/a>. Le <a class=\"esk-seo-plu-link\" href=\"https:\/\/www.gold.fr\/news\/tags\/or\">m\u00e9tal jaune<\/a> continue dans sa tendance baissi\u00e8re, pour la troisi\u00e8me s\u00e9ance cons\u00e9cutive, tir\u00e9 vers le bas par une conjoncture \u00e9conomique g\u00e9n\u00e9rale qui est loin de redorer le blason de sa valeur refuge.<\/span> <span style=\"font-size: small;\"> Tout d&rsquo;abord, il y a la banque centrale europ\u00e9enne. <a title=\"D\u00e9cision BCE : Les experts r\u00e9agissent\" href=\"https:\/\/www.gold.fr\/news\/2013\/11\/11\/decision-bce-les-experts-reagissent\/13205\/\" target=\"_blank\" rel=\"noopener noreferrer\">L\u2019institution vient de baisser son taux d\u2019int\u00e9r\u00eat directeur<\/a>, non seulement pour contrecarrer les effets d&rsquo;une inflation assez d\u00e9cevante, mais \u00e9galement pour consolider son soutien \u00e0 une \u00e9conomie europ\u00e9enne en pleine reprise. Le but \u00e9tant, \u00e0 l&rsquo;\u00e9vidence, de maintenir cette tendance, voire de la booster. <strong>Mario Draghi<\/strong>, pr\u00e9sident de la <strong>BCE<\/strong>, demeure ainsi fid\u00e8le \u00e0 son engagement (pris en juillet dernier) de \u00ab<em> laisser les taux bas ou encore de les baisser<\/em> \u00bb, sur le long terme. C&rsquo;est d\u00e9sormais chose faite ! La banque centrale europ\u00e9enne a \u00e9galement annonc\u00e9 que les institutions bancaires \u00ab <em>pourront compter sur la fourniture de liquidit\u00e9s sans limite jusqu&rsquo;\u00e0 juillet 2015<\/em> \u00bb. Un choix \u00e0 double tranchant, qui risque de se transformer en cauchemar \u00e9conomique pour toute la zone. Seul le temps le dira.<\/span> <span style=\"font-size: small;\"> De l&rsquo;autre c\u00f4t\u00e9 de l&rsquo;Atlantique, c&rsquo;est l&rsquo;euphorie g\u00e9n\u00e9rale. Les derniers rapports chiffr\u00e9s am\u00e9ricains (publi\u00e9s vendredi dernier), relatifs notamment \u00e0 l&#8217;emploi et \u00e0 d&rsquo;autres donn\u00e9es macro-\u00e9conomiques, montrent une am\u00e9lioration notable, inattendue et surtout tr\u00e8s encourageante. Du coup, le dollar est boost\u00e9, cette semaine, gagnant un terrain consid\u00e9rable par rapport \u00e0 son rival, l&rsquo;euro.<\/span> <span style=\"font-size: small;\"> C\u00f4t\u00e9 asiatique, <strong>la Chine<\/strong> a publi\u00e9 ses propres rapports officiels, relatifs \u00e0 une production industrielle en pleine hausse.<\/span> <span style=\"font-size: small;\"> Bref, la conjoncture, dans son ensemble pr\u00eate peu \u00e0 la m\u00e9fiance, et exceptionnellement \u00e0 la prise de risque. Du coup, le march\u00e9 aurif\u00e8re s&rsquo;en ressent et le <a class=\"esk-seo-plu-link\" href=\"https:\/\/www.gold.fr\/news\/tags\/or\">m\u00e9tal jaune<\/a> subit une vague de baisse qui devrait, selon les experts, \u00eatre invers\u00e9e par la p\u00e9riode des f\u00eates de fin d&rsquo;ann\u00e9e.<\/span><\/p>\n<!-- AddThis Advanced Settings generic via filter on the_content --><!-- AddThis Share Buttons generic via filter on the_content -->","protected":false},"excerpt":{"rendered":"<p>C\u2019est clairement une semaine de baisse pour le march\u00e9 aurif\u00e8re. Le m\u00e9tal jaune continue dans sa tendance baissi\u00e8re, pour la troisi\u00e8me s\u00e9ance cons\u00e9cutive, tir\u00e9 vers le bas par une conjoncture \u00e9conomique g\u00e9n\u00e9rale qui est loin de [&hellip;]<\/p>\n","protected":false},"author":18,"featured_media":2404,"comment_status":"open","ping_status":"open","sticky":false,"template":"","format":"standard","meta":{"_mbp_gutenberg_autopost":false,"_pgmb_is_evergreen":false,"_pgmb_ap_template_id":0,"footnotes":""},"categories":[5],"tags":[1269,143,146,1121,1100,144,1315],"ppma_author":[2565],"class_list":["post-13223","post","type-post","status-publish","format-standard","has-post-thumbnail","hentry","category-flash-infos","tag-baisse-or","tag-bce","tag-chine","tag-dollar-et-euro","tag-economie-us","tag-fed","tag-taux-directeur"],"yoast_head":"<!-- This site is optimized with the Yoast SEO plugin v27.5 - https:\/\/yoast.com\/product\/yoast-seo-wordpress\/ -->\n<title>L\u2019or plomb\u00e9 par une conjoncture euphorique - Gold.fr<\/title>\n<meta name=\"description\" content=\"L\u2019or plomb\u00e9 par une conjoncture euphorique. Retrouvez plus d&#039;informations ainsi que toute l&#039;actualit\u00e9 sur l&#039;or sur Gold.fr, le site d&#039;experts du Comptoir National de l&#039;Or.\" \/>\n<meta name=\"robots\" content=\"index, follow, max-snippet:-1, max-image-preview:large, max-video-preview:-1\" \/>\n<link rel=\"canonical\" href=\"https:\/\/www.gold.fr\/news\/2013\/11\/13\/lor-plombe-par-une-conjoncture-euphorique\/\" \/>\n<meta property=\"og:locale\" content=\"fr_FR\" \/>\n<meta property=\"og:type\" content=\"article\" \/>\n<meta property=\"og:title\" content=\"L\u2019or plomb\u00e9 par une conjoncture euphorique - Gold.fr\" \/>\n<meta property=\"og:description\" content=\"L\u2019or plomb\u00e9 par une conjoncture euphorique. Retrouvez plus d&#039;informations ainsi que toute l&#039;actualit\u00e9 sur l&#039;or sur Gold.fr, le site d&#039;experts du Comptoir National de l&#039;Or.\" \/>\n<meta property=\"og:url\" content=\"https:\/\/www.gold.fr\/news\/2013\/11\/13\/lor-plombe-par-une-conjoncture-euphorique\/\" \/>\n<meta property=\"og:site_name\" content=\"Gold.fr\" \/>\n<meta property=\"article:publisher\" content=\"https:\/\/www.facebook.com\/Goldfr\/\" \/>\n<meta property=\"article:published_time\" content=\"2013-11-13T16:00:17+00:00\" \/>\n<meta property=\"article:modified_time\" content=\"2019-08-19T14:12:52+00:00\" \/>\n<meta property=\"og:image\" content=\"https:\/\/www.gold.fr\/news\/wp-content\/uploads\/2011\/09\/harga-emas1.jpg\" \/>\n\t<meta property=\"og:image:width\" content=\"636\" \/>\n\t<meta property=\"og:image:height\" content=\"477\" \/>\n\t<meta property=\"og:image:type\" content=\"image\/jpeg\" \/>\n<meta name=\"author\" content=\"Comptoir National de l&#039;Or\" \/>\n<meta name=\"twitter:card\" content=\"summary_large_image\" \/>\n<meta name=\"twitter:label1\" content=\"\u00c9crit par\" \/>\n\t<meta name=\"twitter:data1\" content=\"Comptoir National de l&#039;Or\" \/>\n\t<meta name=\"twitter:label2\" content=\"Dur\u00e9e de lecture estim\u00e9e\" \/>\n\t<meta name=\"twitter:data2\" content=\"2 minutes\" \/>\n<script type=\"application\/ld+json\" class=\"yoast-schema-graph\">{\"@context\":\"https:\\\/\\\/schema.org\",\"@graph\":[{\"@type\":\"Article\",\"@id\":\"https:\\\/\\\/www.gold.fr\\\/news\\\/2013\\\/11\\\/13\\\/lor-plombe-par-une-conjoncture-euphorique\\\/#article\",\"isPartOf\":{\"@id\":\"https:\\\/\\\/www.gold.fr\\\/news\\\/2013\\\/11\\\/13\\\/lor-plombe-par-une-conjoncture-euphorique\\\/\"},\"author\":{\"name\":\"Comptoir National de l'Or\",\"@id\":\"https:\\\/\\\/www.gold.fr\\\/news\\\/#\\\/schema\\\/person\\\/070491b4b4fb7671bf59b3be20302ce9\"},\"headline\":\"L\u2019or plomb\u00e9 par une conjoncture euphorique\",\"datePublished\":\"2013-11-13T16:00:17+00:00\",\"dateModified\":\"2019-08-19T14:12:52+00:00\",\"mainEntityOfPage\":{\"@id\":\"https:\\\/\\\/www.gold.fr\\\/news\\\/2013\\\/11\\\/13\\\/lor-plombe-par-une-conjoncture-euphorique\\\/\"},\"wordCount\":344,\"commentCount\":0,\"image\":{\"@id\":\"https:\\\/\\\/www.gold.fr\\\/news\\\/2013\\\/11\\\/13\\\/lor-plombe-par-une-conjoncture-euphorique\\\/#primaryimage\"},\"thumbnailUrl\":\"https:\\\/\\\/www.gold.fr\\\/news\\\/wp-content\\\/uploads\\\/2011\\\/09\\\/harga-emas1.jpg\",\"keywords\":[\"baisse or\",\"bce\",\"chine\",\"dollar et euro\",\"\u00e9conomie US\",\"fed\",\"taux directeur\"],\"articleSection\":[\"Flash infos\"],\"inLanguage\":\"fr-FR\"},{\"@type\":\"WebPage\",\"@id\":\"https:\\\/\\\/www.gold.fr\\\/news\\\/2013\\\/11\\\/13\\\/lor-plombe-par-une-conjoncture-euphorique\\\/\",\"url\":\"https:\\\/\\\/www.gold.fr\\\/news\\\/2013\\\/11\\\/13\\\/lor-plombe-par-une-conjoncture-euphorique\\\/\",\"name\":\"L\u2019or plomb\u00e9 par une conjoncture euphorique - Gold.fr\",\"isPartOf\":{\"@id\":\"https:\\\/\\\/www.gold.fr\\\/news\\\/#website\"},\"primaryImageOfPage\":{\"@id\":\"https:\\\/\\\/www.gold.fr\\\/news\\\/2013\\\/11\\\/13\\\/lor-plombe-par-une-conjoncture-euphorique\\\/#primaryimage\"},\"image\":{\"@id\":\"https:\\\/\\\/www.gold.fr\\\/news\\\/2013\\\/11\\\/13\\\/lor-plombe-par-une-conjoncture-euphorique\\\/#primaryimage\"},\"thumbnailUrl\":\"https:\\\/\\\/www.gold.fr\\\/news\\\/wp-content\\\/uploads\\\/2011\\\/09\\\/harga-emas1.jpg\",\"datePublished\":\"2013-11-13T16:00:17+00:00\",\"dateModified\":\"2019-08-19T14:12:52+00:00\",\"author\":{\"@id\":\"https:\\\/\\\/www.gold.fr\\\/news\\\/#\\\/schema\\\/person\\\/070491b4b4fb7671bf59b3be20302ce9\"},\"description\":\"L\u2019or plomb\u00e9 par une conjoncture euphorique. Retrouvez plus d'informations ainsi que toute l'actualit\u00e9 sur l'or sur Gold.fr, le site d'experts du Comptoir National de l'Or.\",\"breadcrumb\":{\"@id\":\"https:\\\/\\\/www.gold.fr\\\/news\\\/2013\\\/11\\\/13\\\/lor-plombe-par-une-conjoncture-euphorique\\\/#breadcrumb\"},\"inLanguage\":\"fr-FR\",\"potentialAction\":[{\"@type\":\"ReadAction\",\"target\":[\"https:\\\/\\\/www.gold.fr\\\/news\\\/2013\\\/11\\\/13\\\/lor-plombe-par-une-conjoncture-euphorique\\\/\"]}]},{\"@type\":\"ImageObject\",\"inLanguage\":\"fr-FR\",\"@id\":\"https:\\\/\\\/www.gold.fr\\\/news\\\/2013\\\/11\\\/13\\\/lor-plombe-par-une-conjoncture-euphorique\\\/#primaryimage\",\"url\":\"https:\\\/\\\/www.gold.fr\\\/news\\\/wp-content\\\/uploads\\\/2011\\\/09\\\/harga-emas1.jpg\",\"contentUrl\":\"https:\\\/\\\/www.gold.fr\\\/news\\\/wp-content\\\/uploads\\\/2011\\\/09\\\/harga-emas1.jpg\",\"width\":\"636\",\"height\":\"477\",\"caption\":\"L\u2019once en hausse en d\u00e9pit de l\u2019instabilit\u00e9 politique\"},{\"@type\":\"BreadcrumbList\",\"@id\":\"https:\\\/\\\/www.gold.fr\\\/news\\\/2013\\\/11\\\/13\\\/lor-plombe-par-une-conjoncture-euphorique\\\/#breadcrumb\",\"itemListElement\":[{\"@type\":\"ListItem\",\"position\":1,\"name\":\"Accueil\",\"item\":\"https:\\\/\\\/www.gold.fr\\\/\"},{\"@type\":\"ListItem\",\"position\":2,\"name\":\"Actualit\u00e9s\",\"item\":\"https:\\\/\\\/www.gold.fr\\\/news\\\/\"},{\"@type\":\"ListItem\",\"position\":3,\"name\":\"L\u2019or plomb\u00e9 par une conjoncture euphorique\"}]},{\"@type\":\"WebSite\",\"@id\":\"https:\\\/\\\/www.gold.fr\\\/news\\\/#website\",\"url\":\"https:\\\/\\\/www.gold.fr\\\/news\\\/\",\"name\":\"Gold.fr\",\"description\":\"Actualit\u00e9s de l&#039;Or et des m\u00e9taux pr\u00e9cieux\",\"potentialAction\":[{\"@type\":\"SearchAction\",\"target\":{\"@type\":\"EntryPoint\",\"urlTemplate\":\"https:\\\/\\\/www.gold.fr\\\/news\\\/?s={search_term_string}\"},\"query-input\":{\"@type\":\"PropertyValueSpecification\",\"valueRequired\":true,\"valueName\":\"search_term_string\"}}],\"inLanguage\":\"fr-FR\"},{\"@type\":\"Person\",\"@id\":\"https:\\\/\\\/www.gold.fr\\\/news\\\/#\\\/schema\\\/person\\\/070491b4b4fb7671bf59b3be20302ce9\",\"name\":\"Comptoir National de l'Or\",\"image\":{\"@type\":\"ImageObject\",\"inLanguage\":\"fr-FR\",\"@id\":\"https:\\\/\\\/secure.gravatar.com\\\/avatar\\\/0a2867fd5abe37bed95d5a65e9d58f01756e11efc68af9888dfc50cfa7f65948?s=96&d=mm&r=gb490554db0a38188709de567aa58480d\",\"url\":\"https:\\\/\\\/secure.gravatar.com\\\/avatar\\\/0a2867fd5abe37bed95d5a65e9d58f01756e11efc68af9888dfc50cfa7f65948?s=96&d=mm&r=g\",\"contentUrl\":\"https:\\\/\\\/secure.gravatar.com\\\/avatar\\\/0a2867fd5abe37bed95d5a65e9d58f01756e11efc68af9888dfc50cfa7f65948?s=96&d=mm&r=g\",\"caption\":\"Comptoir National de l'Or\"},\"description\":\"Notre r\u00e9daction est constitu\u00e9e de membres experts dans les m\u00e9tiers de l'\u00e9conomie et la gestion, des Responsables d'agence Comptoir National de l'Or, des analystes financiers qui publient r\u00e9guli\u00e8rement des \u00e9tudes sur les politiques des banques centrales, le cours de l'or, prix de l'or, cours de l'argent, prix de l'argent, cours du platine, cours du palladium,... la situation en zone euro et l'impact de la strat\u00e9gie mon\u00e9taire de la FED. Notre \u00e9quipe scrute \u00e9galement une information plus g\u00e9n\u00e9raliste \u00e0 la recherche d'actualit\u00e9 \\\"p\u00e9pite\\\" \u00e0 vous partager. Depuis 5 ans, nous avons publi\u00e9 un peu plus de 4000 articles qui s'adressent \u00e0 un public large et vari\u00e9 ayant pour objectif de satisfaire votre curiosit\u00e9 et de partager avec vous une certaine fascination pour le m\u00e9tal jaune, le rachat d'or, et pour ceux qui veulent investir dans l'or, vendre leur or tout simplement en savoir plus... Pour tous vos achat or et argent, n'h\u00e9sitez pas \u00e0 prendre rendez-vous dans l'un de nos nombreux comptoirs.\",\"sameAs\":[\"https:\\\/\\\/www.gold.fr\"]}]}<\/script>\n<!-- \/ Yoast SEO plugin. -->","yoast_head_json":{"title":"L\u2019or plomb\u00e9 par une conjoncture euphorique - Gold.fr","description":"L\u2019or plomb\u00e9 par une conjoncture euphorique. Retrouvez plus d'informations ainsi que toute l'actualit\u00e9 sur l'or sur Gold.fr, le site d'experts du Comptoir National de l'Or.","robots":{"index":"index","follow":"follow","max-snippet":"max-snippet:-1","max-image-preview":"max-image-preview:large","max-video-preview":"max-video-preview:-1"},"canonical":"https:\/\/www.gold.fr\/news\/2013\/11\/13\/lor-plombe-par-une-conjoncture-euphorique\/","og_locale":"fr_FR","og_type":"article","og_title":"L\u2019or plomb\u00e9 par une conjoncture euphorique - Gold.fr","og_description":"L\u2019or plomb\u00e9 par une conjoncture euphorique. Retrouvez plus d'informations ainsi que toute l'actualit\u00e9 sur l'or sur Gold.fr, le site d'experts du Comptoir National de l'Or.","og_url":"https:\/\/www.gold.fr\/news\/2013\/11\/13\/lor-plombe-par-une-conjoncture-euphorique\/","og_site_name":"Gold.fr","article_publisher":"https:\/\/www.facebook.com\/Goldfr\/","article_published_time":"2013-11-13T16:00:17+00:00","article_modified_time":"2019-08-19T14:12:52+00:00","og_image":[{"width":636,"height":477,"url":"https:\/\/www.gold.fr\/news\/wp-content\/uploads\/2011\/09\/harga-emas1.jpg","type":"image\/jpeg"}],"author":"Comptoir National de l'Or","twitter_card":"summary_large_image","twitter_misc":{"\u00c9crit par":"Comptoir National de l'Or","Dur\u00e9e de lecture estim\u00e9e":"2 minutes"},"schema":{"@context":"https:\/\/schema.org","@graph":[{"@type":"Article","@id":"https:\/\/www.gold.fr\/news\/2013\/11\/13\/lor-plombe-par-une-conjoncture-euphorique\/#article","isPartOf":{"@id":"https:\/\/www.gold.fr\/news\/2013\/11\/13\/lor-plombe-par-une-conjoncture-euphorique\/"},"author":{"name":"Comptoir National de l'Or","@id":"https:\/\/www.gold.fr\/news\/#\/schema\/person\/070491b4b4fb7671bf59b3be20302ce9"},"headline":"L\u2019or plomb\u00e9 par une conjoncture euphorique","datePublished":"2013-11-13T16:00:17+00:00","dateModified":"2019-08-19T14:12:52+00:00","mainEntityOfPage":{"@id":"https:\/\/www.gold.fr\/news\/2013\/11\/13\/lor-plombe-par-une-conjoncture-euphorique\/"},"wordCount":344,"commentCount":0,"image":{"@id":"https:\/\/www.gold.fr\/news\/2013\/11\/13\/lor-plombe-par-une-conjoncture-euphorique\/#primaryimage"},"thumbnailUrl":"https:\/\/www.gold.fr\/news\/wp-content\/uploads\/2011\/09\/harga-emas1.jpg","keywords":["baisse or","bce","chine","dollar et euro","\u00e9conomie US","fed","taux directeur"],"articleSection":["Flash infos"],"inLanguage":"fr-FR"},{"@type":"WebPage","@id":"https:\/\/www.gold.fr\/news\/2013\/11\/13\/lor-plombe-par-une-conjoncture-euphorique\/","url":"https:\/\/www.gold.fr\/news\/2013\/11\/13\/lor-plombe-par-une-conjoncture-euphorique\/","name":"L\u2019or plomb\u00e9 par une conjoncture euphorique - Gold.fr","isPartOf":{"@id":"https:\/\/www.gold.fr\/news\/#website"},"primaryImageOfPage":{"@id":"https:\/\/www.gold.fr\/news\/2013\/11\/13\/lor-plombe-par-une-conjoncture-euphorique\/#primaryimage"},"image":{"@id":"https:\/\/www.gold.fr\/news\/2013\/11\/13\/lor-plombe-par-une-conjoncture-euphorique\/#primaryimage"},"thumbnailUrl":"https:\/\/www.gold.fr\/news\/wp-content\/uploads\/2011\/09\/harga-emas1.jpg","datePublished":"2013-11-13T16:00:17+00:00","dateModified":"2019-08-19T14:12:52+00:00","author":{"@id":"https:\/\/www.gold.fr\/news\/#\/schema\/person\/070491b4b4fb7671bf59b3be20302ce9"},"description":"L\u2019or plomb\u00e9 par une conjoncture euphorique. Retrouvez plus d'informations ainsi que toute l'actualit\u00e9 sur l'or sur Gold.fr, le site d'experts du Comptoir National de l'Or.","breadcrumb":{"@id":"https:\/\/www.gold.fr\/news\/2013\/11\/13\/lor-plombe-par-une-conjoncture-euphorique\/#breadcrumb"},"inLanguage":"fr-FR","potentialAction":[{"@type":"ReadAction","target":["https:\/\/www.gold.fr\/news\/2013\/11\/13\/lor-plombe-par-une-conjoncture-euphorique\/"]}]},{"@type":"ImageObject","inLanguage":"fr-FR","@id":"https:\/\/www.gold.fr\/news\/2013\/11\/13\/lor-plombe-par-une-conjoncture-euphorique\/#primaryimage","url":"https:\/\/www.gold.fr\/news\/wp-content\/uploads\/2011\/09\/harga-emas1.jpg","contentUrl":"https:\/\/www.gold.fr\/news\/wp-content\/uploads\/2011\/09\/harga-emas1.jpg","width":"636","height":"477","caption":"L\u2019once en hausse en d\u00e9pit de l\u2019instabilit\u00e9 politique"},{"@type":"BreadcrumbList","@id":"https:\/\/www.gold.fr\/news\/2013\/11\/13\/lor-plombe-par-une-conjoncture-euphorique\/#breadcrumb","itemListElement":[{"@type":"ListItem","position":1,"name":"Accueil","item":"https:\/\/www.gold.fr\/"},{"@type":"ListItem","position":2,"name":"Actualit\u00e9s","item":"https:\/\/www.gold.fr\/news\/"},{"@type":"ListItem","position":3,"name":"L\u2019or plomb\u00e9 par une conjoncture euphorique"}]},{"@type":"WebSite","@id":"https:\/\/www.gold.fr\/news\/#website","url":"https:\/\/www.gold.fr\/news\/","name":"Gold.fr","description":"Actualit\u00e9s de l&#039;Or et des m\u00e9taux pr\u00e9cieux","potentialAction":[{"@type":"SearchAction","target":{"@type":"EntryPoint","urlTemplate":"https:\/\/www.gold.fr\/news\/?s={search_term_string}"},"query-input":{"@type":"PropertyValueSpecification","valueRequired":true,"valueName":"search_term_string"}}],"inLanguage":"fr-FR"},{"@type":"Person","@id":"https:\/\/www.gold.fr\/news\/#\/schema\/person\/070491b4b4fb7671bf59b3be20302ce9","name":"Comptoir National de l'Or","image":{"@type":"ImageObject","inLanguage":"fr-FR","@id":"https:\/\/secure.gravatar.com\/avatar\/0a2867fd5abe37bed95d5a65e9d58f01756e11efc68af9888dfc50cfa7f65948?s=96&d=mm&r=gb490554db0a38188709de567aa58480d","url":"https:\/\/secure.gravatar.com\/avatar\/0a2867fd5abe37bed95d5a65e9d58f01756e11efc68af9888dfc50cfa7f65948?s=96&d=mm&r=g","contentUrl":"https:\/\/secure.gravatar.com\/avatar\/0a2867fd5abe37bed95d5a65e9d58f01756e11efc68af9888dfc50cfa7f65948?s=96&d=mm&r=g","caption":"Comptoir National de l'Or"},"description":"Notre r\u00e9daction est constitu\u00e9e de membres experts dans les m\u00e9tiers de l'\u00e9conomie et la gestion, des Responsables d'agence Comptoir National de l'Or, des analystes financiers qui publient r\u00e9guli\u00e8rement des \u00e9tudes sur les politiques des banques centrales, le cours de l'or, prix de l'or, cours de l'argent, prix de l'argent, cours du platine, cours du palladium,... la situation en zone euro et l'impact de la strat\u00e9gie mon\u00e9taire de la FED. Notre \u00e9quipe scrute \u00e9galement une information plus g\u00e9n\u00e9raliste \u00e0 la recherche d'actualit\u00e9 \"p\u00e9pite\" \u00e0 vous partager. Depuis 5 ans, nous avons publi\u00e9 un peu plus de 4000 articles qui s'adressent \u00e0 un public large et vari\u00e9 ayant pour objectif de satisfaire votre curiosit\u00e9 et de partager avec vous une certaine fascination pour le m\u00e9tal jaune, le rachat d'or, et pour ceux qui veulent investir dans l'or, vendre leur or tout simplement en savoir plus... Pour tous vos achat or et argent, n'h\u00e9sitez pas \u00e0 prendre rendez-vous dans l'un de nos nombreux comptoirs.","sameAs":["https:\/\/www.gold.fr"]}]}},"authors":[{"term_id":2565,"user_id":18,"is_guest":0,"slug":"julie","display_name":"Comptoir National de l'Or","avatar_url":"https:\/\/secure.gravatar.com\/avatar\/713f289e398d35ead876c4a4cc08607f0d6d266058cfc25683fffb6092d0e572?s=96&d=mm&r=g","0":null,"1":"","2":"","3":"","4":"","5":"","6":"","7":"","8":""}],"_links":{"self":[{"href":"https:\/\/www.gold.fr\/news\/wp-json\/wp\/v2\/posts\/13223","targetHints":{"allow":["GET"]}}],"collection":[{"href":"https:\/\/www.gold.fr\/news\/wp-json\/wp\/v2\/posts"}],"about":[{"href":"https:\/\/www.gold.fr\/news\/wp-json\/wp\/v2\/types\/post"}],"author":[{"embeddable":true,"href":"https:\/\/www.gold.fr\/news\/wp-json\/wp\/v2\/users\/18"}],"replies":[{"embeddable":true,"href":"https:\/\/www.gold.fr\/news\/wp-json\/wp\/v2\/comments?post=13223"}],"version-history":[{"count":0,"href":"https:\/\/www.gold.fr\/news\/wp-json\/wp\/v2\/posts\/13223\/revisions"}],"wp:featuredmedia":[{"embeddable":true,"href":"https:\/\/www.gold.fr\/news\/wp-json\/wp\/v2\/media\/2404"}],"wp:attachment":[{"href":"https:\/\/www.gold.fr\/news\/wp-json\/wp\/v2\/media?parent=13223"}],"wp:term":[{"taxonomy":"category","embeddable":true,"href":"https:\/\/www.gold.fr\/news\/wp-json\/wp\/v2\/categories?post=13223"},{"taxonomy":"post_tag","embeddable":true,"href":"https:\/\/www.gold.fr\/news\/wp-json\/wp\/v2\/tags?post=13223"},{"taxonomy":"author","embeddable":true,"href":"https:\/\/www.gold.fr\/news\/wp-json\/wp\/v2\/ppma_author?post=13223"}],"curies":[{"name":"wp","href":"https:\/\/api.w.org\/{rel}","templated":true}]}}