{"id":13205,"date":"2013-11-11T09:00:15","date_gmt":"2013-11-11T08:00:15","guid":{"rendered":"https:\/\/www.gold.fr\/news\/?p=13205"},"modified":"2017-11-02T11:32:48","modified_gmt":"2017-11-02T10:32:48","slug":"decision-bce-les-experts-reagissent","status":"publish","type":"post","link":"https:\/\/www.gold.fr\/news\/2013\/11\/11\/decision-bce-les-experts-reagissent\/","title":{"rendered":"D\u00e9cision BCE : Les experts r\u00e9agissent"},"content":{"rendered":"<p><span style=\"font-size: small;\"><img loading=\"lazy\" decoding=\"async\" class=\"alignleft size-thumbnail wp-image-12360\" title=\"D\u00e9cision BCE : Les experts r\u00e9agissent\" src=\"https:\/\/www.gold.fr\/news\/wp-content\/uploads\/2013\/07\/dollar-or-150x150.jpg\" alt=\"\" width=\"150\" height=\"150\" \/><a title=\"La BCE baisse son taux directeur : Un choix raisonnable\" href=\"https:\/\/www.gold.fr\/news\/2013\/11\/08\/la-bce-baisse-son-taux-directeur-un-choix-raisonnable\/13203\/\" target=\"_blank\">La majeure partie des analystes et observateurs avaient, certes, pr\u00e9dit cette nouvelle orientation<\/a>, mais tous, sans exception, avaient fermement affirm\u00e9 qu\u2019elle n\u2019interviendrait pas avant le mois de <strong>d\u00e9cembre<\/strong>, au plus t\u00f4t. D\u2019o\u00f9 la surprise g\u00e9n\u00e9rale, \u00e0 pr\u00e9sent.<\/span>  <span style=\"font-size: small;\"> La banque centrale europ\u00e9enne vient de c\u00e9der, face \u00e0 ses march\u00e9s financiers aux abois et la d\u00e9cevante baisse de son inflation, annon\u00e7ant d\u00e9j\u00e0 la baisse pr\u00e9matur\u00e9e de son taux d\u2019int\u00e9r\u00eat directeur (de <strong>0,50%<\/strong> \u00e0 <strong>0,25%<\/strong>). D\u2019apr\u00e8s les toutes premi\u00e8res explications de<strong> Mario Draghi<\/strong> lui-m\u00eame, la zone euro est actuellement en train d\u2019avancer une \u00ab <em>p\u00e9riode prolong\u00e9e d\u2019inflation basse<\/em> \u00bb. Il rassure toutefois en promettant que son institution d\u00e9tient toujours des \u00ab\u00a0<em>instruments en r\u00e9serve pour agir<\/em>\u00a0\u00bb.<\/span>    <span style=\"font-size: small;\"><em> Carsten Brzeski<\/em>, \u00e9conomiste chez le bancassureur <strong>ING<\/strong>, r\u00e9sume la situation et voit le tableau dans son ensemble, en d\u00e9clarant que \u00ab <em>il est \u00e9vident que la <strong>BCE<\/strong> sous la pr\u00e9sidence de <strong>Draghi<\/strong> est devenue beaucoup plus pro-active que sous ses pr\u00e9d\u00e9cesseurs<\/em> \u00bb. Il est rejoint, dans cette perspective, par les experts de <strong>Kempen Capital Management<\/strong> qui estiment \u00e9galement que \u00ab <em>la <strong>BCE<\/strong> a montr\u00e9 une nouvelle fois qu\u2019elle peut devenir tr\u00e8s cr\u00e9ative dans le but de soutenir la fragile reprise en zone euro<\/em> \u00bb.<\/span>    <span style=\"font-size: small;\"> Jaugeant l\u2019effet redynamisant de cette nouvelle sur l\u2019ensemble des march\u00e9s financiers mondiaux,<strong> Yves Mar\u00e7ais<\/strong>, vendeur d\u2019actions chez <strong>Global Equities<\/strong>, affirme quant \u00e0 lui que \u00ab <em>la r\u00e9action des march\u00e9s est coh\u00e9rente, puisqu\u2019ils appr\u00e9cient les politiques mon\u00e9taires accommodantes quelle que soit la logique \u00e0 l\u2019\u0153uvre<\/em> \u00bb.<\/span><\/p>\n<!-- AddThis Advanced Settings generic via filter on the_content --><!-- AddThis Share Buttons generic via filter on the_content -->","protected":false},"excerpt":{"rendered":"<p>La majeure partie des analystes et observateurs avaient, certes, pr\u00e9dit cette nouvelle orientation, mais tous, sans exception, avaient fermement affirm\u00e9 qu\u2019elle n\u2019interviendrait pas avant le mois de d\u00e9cembre, au plus t\u00f4t. D\u2019o\u00f9 la surprise g\u00e9n\u00e9rale, \u00e0 [&hellip;]<\/p>\n","protected":false},"author":18,"featured_media":12360,"comment_status":"open","ping_status":"open","sticky":false,"template":"","format":"standard","meta":{"_mbp_gutenberg_autopost":false,"_pgmb_is_evergreen":false,"_pgmb_ap_template_id":0,"footnotes":""},"categories":[6],"tags":[143,116,495,1315],"ppma_author":[2565],"class_list":["post-13205","post","type-post","status-publish","format-standard","has-post-thumbnail","hentry","category-articles-de-presse","tag-bce","tag-inflation","tag-mario-draghi","tag-taux-directeur"],"yoast_head":"<!-- This site is optimized with the Yoast SEO plugin v27.5 - https:\/\/yoast.com\/product\/yoast-seo-wordpress\/ -->\n<title>D\u00e9cision BCE : Les experts r\u00e9agissent - Gold.fr<\/title>\n<meta name=\"robots\" content=\"index, follow, max-snippet:-1, max-image-preview:large, max-video-preview:-1\" \/>\n<link rel=\"canonical\" href=\"https:\/\/www.gold.fr\/news\/2013\/11\/11\/decision-bce-les-experts-reagissent\/\" \/>\n<meta property=\"og:locale\" content=\"fr_FR\" \/>\n<meta property=\"og:type\" content=\"article\" \/>\n<meta property=\"og:title\" content=\"D\u00e9cision BCE : Les experts r\u00e9agissent - Gold.fr\" \/>\n<meta property=\"og:description\" content=\"La majeure partie des analystes et observateurs avaient, certes, pr\u00e9dit cette nouvelle orientation, mais tous, sans exception, avaient fermement affirm\u00e9 qu\u2019elle n\u2019interviendrait pas avant le mois de d\u00e9cembre, au plus t\u00f4t. D\u2019o\u00f9 la surprise g\u00e9n\u00e9rale, \u00e0 [&hellip;]\" \/>\n<meta property=\"og:url\" content=\"https:\/\/www.gold.fr\/news\/2013\/11\/11\/decision-bce-les-experts-reagissent\/\" \/>\n<meta property=\"og:site_name\" content=\"Gold.fr\" \/>\n<meta property=\"article:publisher\" content=\"https:\/\/www.facebook.com\/Goldfr\/\" \/>\n<meta property=\"article:published_time\" content=\"2013-11-11T08:00:15+00:00\" \/>\n<meta property=\"article:modified_time\" content=\"2017-11-02T10:32:48+00:00\" \/>\n<meta property=\"og:image\" content=\"https:\/\/www.gold.fr\/news\/wp-content\/uploads\/2013\/07\/dollar-or.jpg\" \/>\n\t<meta property=\"og:image:width\" content=\"605\" \/>\n\t<meta property=\"og:image:height\" content=\"403\" \/>\n\t<meta property=\"og:image:type\" content=\"image\/jpeg\" \/>\n<meta name=\"author\" content=\"Comptoir National de l&#039;Or\" \/>\n<meta name=\"twitter:card\" content=\"summary_large_image\" \/>\n<meta name=\"twitter:label1\" content=\"\u00c9crit par\" \/>\n\t<meta name=\"twitter:data1\" content=\"Comptoir National de l&#039;Or\" \/>\n\t<meta name=\"twitter:label2\" content=\"Dur\u00e9e de lecture estim\u00e9e\" \/>\n\t<meta name=\"twitter:data2\" content=\"1 minute\" \/>\n<script type=\"application\/ld+json\" class=\"yoast-schema-graph\">{\"@context\":\"https:\\\/\\\/schema.org\",\"@graph\":[{\"@type\":\"Article\",\"@id\":\"https:\\\/\\\/www.gold.fr\\\/news\\\/2013\\\/11\\\/11\\\/decision-bce-les-experts-reagissent\\\/#article\",\"isPartOf\":{\"@id\":\"https:\\\/\\\/www.gold.fr\\\/news\\\/2013\\\/11\\\/11\\\/decision-bce-les-experts-reagissent\\\/\"},\"author\":{\"name\":\"Comptoir National de l'Or\",\"@id\":\"https:\\\/\\\/www.gold.fr\\\/news\\\/#\\\/schema\\\/person\\\/070491b4b4fb7671bf59b3be20302ce9\"},\"headline\":\"D\u00e9cision BCE : Les experts r\u00e9agissent\",\"datePublished\":\"2013-11-11T08:00:15+00:00\",\"dateModified\":\"2017-11-02T10:32:48+00:00\",\"mainEntityOfPage\":{\"@id\":\"https:\\\/\\\/www.gold.fr\\\/news\\\/2013\\\/11\\\/11\\\/decision-bce-les-experts-reagissent\\\/\"},\"wordCount\":283,\"commentCount\":0,\"image\":{\"@id\":\"https:\\\/\\\/www.gold.fr\\\/news\\\/2013\\\/11\\\/11\\\/decision-bce-les-experts-reagissent\\\/#primaryimage\"},\"thumbnailUrl\":\"https:\\\/\\\/www.gold.fr\\\/news\\\/wp-content\\\/uploads\\\/2013\\\/07\\\/dollar-or.jpg\",\"keywords\":[\"bce\",\"inflation\",\"mario draghi\",\"taux directeur\"],\"articleSection\":[\"Articles de presse\"],\"inLanguage\":\"fr-FR\"},{\"@type\":\"WebPage\",\"@id\":\"https:\\\/\\\/www.gold.fr\\\/news\\\/2013\\\/11\\\/11\\\/decision-bce-les-experts-reagissent\\\/\",\"url\":\"https:\\\/\\\/www.gold.fr\\\/news\\\/2013\\\/11\\\/11\\\/decision-bce-les-experts-reagissent\\\/\",\"name\":\"D\u00e9cision BCE : Les experts r\u00e9agissent - Gold.fr\",\"isPartOf\":{\"@id\":\"https:\\\/\\\/www.gold.fr\\\/news\\\/#website\"},\"primaryImageOfPage\":{\"@id\":\"https:\\\/\\\/www.gold.fr\\\/news\\\/2013\\\/11\\\/11\\\/decision-bce-les-experts-reagissent\\\/#primaryimage\"},\"image\":{\"@id\":\"https:\\\/\\\/www.gold.fr\\\/news\\\/2013\\\/11\\\/11\\\/decision-bce-les-experts-reagissent\\\/#primaryimage\"},\"thumbnailUrl\":\"https:\\\/\\\/www.gold.fr\\\/news\\\/wp-content\\\/uploads\\\/2013\\\/07\\\/dollar-or.jpg\",\"datePublished\":\"2013-11-11T08:00:15+00:00\",\"dateModified\":\"2017-11-02T10:32:48+00:00\",\"author\":{\"@id\":\"https:\\\/\\\/www.gold.fr\\\/news\\\/#\\\/schema\\\/person\\\/070491b4b4fb7671bf59b3be20302ce9\"},\"breadcrumb\":{\"@id\":\"https:\\\/\\\/www.gold.fr\\\/news\\\/2013\\\/11\\\/11\\\/decision-bce-les-experts-reagissent\\\/#breadcrumb\"},\"inLanguage\":\"fr-FR\",\"potentialAction\":[{\"@type\":\"ReadAction\",\"target\":[\"https:\\\/\\\/www.gold.fr\\\/news\\\/2013\\\/11\\\/11\\\/decision-bce-les-experts-reagissent\\\/\"]}]},{\"@type\":\"ImageObject\",\"inLanguage\":\"fr-FR\",\"@id\":\"https:\\\/\\\/www.gold.fr\\\/news\\\/2013\\\/11\\\/11\\\/decision-bce-les-experts-reagissent\\\/#primaryimage\",\"url\":\"https:\\\/\\\/www.gold.fr\\\/news\\\/wp-content\\\/uploads\\\/2013\\\/07\\\/dollar-or.jpg\",\"contentUrl\":\"https:\\\/\\\/www.gold.fr\\\/news\\\/wp-content\\\/uploads\\\/2013\\\/07\\\/dollar-or.jpg\",\"width\":\"605\",\"height\":\"403\",\"caption\":\"L\u2019or enregistre un pic de deux mois\"},{\"@type\":\"BreadcrumbList\",\"@id\":\"https:\\\/\\\/www.gold.fr\\\/news\\\/2013\\\/11\\\/11\\\/decision-bce-les-experts-reagissent\\\/#breadcrumb\",\"itemListElement\":[{\"@type\":\"ListItem\",\"position\":1,\"name\":\"Accueil\",\"item\":\"https:\\\/\\\/www.gold.fr\\\/\"},{\"@type\":\"ListItem\",\"position\":2,\"name\":\"Actualit\u00e9s\",\"item\":\"https:\\\/\\\/www.gold.fr\\\/news\\\/\"},{\"@type\":\"ListItem\",\"position\":3,\"name\":\"D\u00e9cision BCE : Les experts r\u00e9agissent\"}]},{\"@type\":\"WebSite\",\"@id\":\"https:\\\/\\\/www.gold.fr\\\/news\\\/#website\",\"url\":\"https:\\\/\\\/www.gold.fr\\\/news\\\/\",\"name\":\"Gold.fr\",\"description\":\"Actualit\u00e9s de l&#039;Or et des m\u00e9taux pr\u00e9cieux\",\"potentialAction\":[{\"@type\":\"SearchAction\",\"target\":{\"@type\":\"EntryPoint\",\"urlTemplate\":\"https:\\\/\\\/www.gold.fr\\\/news\\\/?s={search_term_string}\"},\"query-input\":{\"@type\":\"PropertyValueSpecification\",\"valueRequired\":true,\"valueName\":\"search_term_string\"}}],\"inLanguage\":\"fr-FR\"},{\"@type\":\"Person\",\"@id\":\"https:\\\/\\\/www.gold.fr\\\/news\\\/#\\\/schema\\\/person\\\/070491b4b4fb7671bf59b3be20302ce9\",\"name\":\"Comptoir National de l'Or\",\"image\":{\"@type\":\"ImageObject\",\"inLanguage\":\"fr-FR\",\"@id\":\"https:\\\/\\\/secure.gravatar.com\\\/avatar\\\/0a2867fd5abe37bed95d5a65e9d58f01756e11efc68af9888dfc50cfa7f65948?s=96&d=mm&r=gb490554db0a38188709de567aa58480d\",\"url\":\"https:\\\/\\\/secure.gravatar.com\\\/avatar\\\/0a2867fd5abe37bed95d5a65e9d58f01756e11efc68af9888dfc50cfa7f65948?s=96&d=mm&r=g\",\"contentUrl\":\"https:\\\/\\\/secure.gravatar.com\\\/avatar\\\/0a2867fd5abe37bed95d5a65e9d58f01756e11efc68af9888dfc50cfa7f65948?s=96&d=mm&r=g\",\"caption\":\"Comptoir National de l'Or\"},\"description\":\"Notre r\u00e9daction est constitu\u00e9e de membres experts dans les m\u00e9tiers de l'\u00e9conomie et la gestion, des Responsables d'agence Comptoir National de l'Or, des analystes financiers qui publient r\u00e9guli\u00e8rement des \u00e9tudes sur les politiques des banques centrales, le cours de l'or, prix de l'or, cours de l'argent, prix de l'argent, cours du platine, cours du palladium,... la situation en zone euro et l'impact de la strat\u00e9gie mon\u00e9taire de la FED. Notre \u00e9quipe scrute \u00e9galement une information plus g\u00e9n\u00e9raliste \u00e0 la recherche d'actualit\u00e9 \\\"p\u00e9pite\\\" \u00e0 vous partager. Depuis 5 ans, nous avons publi\u00e9 un peu plus de 4000 articles qui s'adressent \u00e0 un public large et vari\u00e9 ayant pour objectif de satisfaire votre curiosit\u00e9 et de partager avec vous une certaine fascination pour le m\u00e9tal jaune, le rachat d'or, et pour ceux qui veulent investir dans l'or, vendre leur or tout simplement en savoir plus... Pour tous vos achat or et argent, n'h\u00e9sitez pas \u00e0 prendre rendez-vous dans l'un de nos nombreux comptoirs.\",\"sameAs\":[\"https:\\\/\\\/www.gold.fr\"]}]}<\/script>\n<!-- \/ Yoast SEO plugin. -->","yoast_head_json":{"title":"D\u00e9cision BCE : Les experts r\u00e9agissent - Gold.fr","robots":{"index":"index","follow":"follow","max-snippet":"max-snippet:-1","max-image-preview":"max-image-preview:large","max-video-preview":"max-video-preview:-1"},"canonical":"https:\/\/www.gold.fr\/news\/2013\/11\/11\/decision-bce-les-experts-reagissent\/","og_locale":"fr_FR","og_type":"article","og_title":"D\u00e9cision BCE : Les experts r\u00e9agissent - Gold.fr","og_description":"La majeure partie des analystes et observateurs avaient, certes, pr\u00e9dit cette nouvelle orientation, mais tous, sans exception, avaient fermement affirm\u00e9 qu\u2019elle n\u2019interviendrait pas avant le mois de d\u00e9cembre, au plus t\u00f4t. D\u2019o\u00f9 la surprise g\u00e9n\u00e9rale, \u00e0 [&hellip;]","og_url":"https:\/\/www.gold.fr\/news\/2013\/11\/11\/decision-bce-les-experts-reagissent\/","og_site_name":"Gold.fr","article_publisher":"https:\/\/www.facebook.com\/Goldfr\/","article_published_time":"2013-11-11T08:00:15+00:00","article_modified_time":"2017-11-02T10:32:48+00:00","og_image":[{"width":605,"height":403,"url":"https:\/\/www.gold.fr\/news\/wp-content\/uploads\/2013\/07\/dollar-or.jpg","type":"image\/jpeg"}],"author":"Comptoir National de l'Or","twitter_card":"summary_large_image","twitter_misc":{"\u00c9crit par":"Comptoir National de l'Or","Dur\u00e9e de lecture estim\u00e9e":"1 minute"},"schema":{"@context":"https:\/\/schema.org","@graph":[{"@type":"Article","@id":"https:\/\/www.gold.fr\/news\/2013\/11\/11\/decision-bce-les-experts-reagissent\/#article","isPartOf":{"@id":"https:\/\/www.gold.fr\/news\/2013\/11\/11\/decision-bce-les-experts-reagissent\/"},"author":{"name":"Comptoir National de l'Or","@id":"https:\/\/www.gold.fr\/news\/#\/schema\/person\/070491b4b4fb7671bf59b3be20302ce9"},"headline":"D\u00e9cision BCE : Les experts r\u00e9agissent","datePublished":"2013-11-11T08:00:15+00:00","dateModified":"2017-11-02T10:32:48+00:00","mainEntityOfPage":{"@id":"https:\/\/www.gold.fr\/news\/2013\/11\/11\/decision-bce-les-experts-reagissent\/"},"wordCount":283,"commentCount":0,"image":{"@id":"https:\/\/www.gold.fr\/news\/2013\/11\/11\/decision-bce-les-experts-reagissent\/#primaryimage"},"thumbnailUrl":"https:\/\/www.gold.fr\/news\/wp-content\/uploads\/2013\/07\/dollar-or.jpg","keywords":["bce","inflation","mario draghi","taux directeur"],"articleSection":["Articles de presse"],"inLanguage":"fr-FR"},{"@type":"WebPage","@id":"https:\/\/www.gold.fr\/news\/2013\/11\/11\/decision-bce-les-experts-reagissent\/","url":"https:\/\/www.gold.fr\/news\/2013\/11\/11\/decision-bce-les-experts-reagissent\/","name":"D\u00e9cision BCE : Les experts r\u00e9agissent - Gold.fr","isPartOf":{"@id":"https:\/\/www.gold.fr\/news\/#website"},"primaryImageOfPage":{"@id":"https:\/\/www.gold.fr\/news\/2013\/11\/11\/decision-bce-les-experts-reagissent\/#primaryimage"},"image":{"@id":"https:\/\/www.gold.fr\/news\/2013\/11\/11\/decision-bce-les-experts-reagissent\/#primaryimage"},"thumbnailUrl":"https:\/\/www.gold.fr\/news\/wp-content\/uploads\/2013\/07\/dollar-or.jpg","datePublished":"2013-11-11T08:00:15+00:00","dateModified":"2017-11-02T10:32:48+00:00","author":{"@id":"https:\/\/www.gold.fr\/news\/#\/schema\/person\/070491b4b4fb7671bf59b3be20302ce9"},"breadcrumb":{"@id":"https:\/\/www.gold.fr\/news\/2013\/11\/11\/decision-bce-les-experts-reagissent\/#breadcrumb"},"inLanguage":"fr-FR","potentialAction":[{"@type":"ReadAction","target":["https:\/\/www.gold.fr\/news\/2013\/11\/11\/decision-bce-les-experts-reagissent\/"]}]},{"@type":"ImageObject","inLanguage":"fr-FR","@id":"https:\/\/www.gold.fr\/news\/2013\/11\/11\/decision-bce-les-experts-reagissent\/#primaryimage","url":"https:\/\/www.gold.fr\/news\/wp-content\/uploads\/2013\/07\/dollar-or.jpg","contentUrl":"https:\/\/www.gold.fr\/news\/wp-content\/uploads\/2013\/07\/dollar-or.jpg","width":"605","height":"403","caption":"L\u2019or enregistre un pic de deux mois"},{"@type":"BreadcrumbList","@id":"https:\/\/www.gold.fr\/news\/2013\/11\/11\/decision-bce-les-experts-reagissent\/#breadcrumb","itemListElement":[{"@type":"ListItem","position":1,"name":"Accueil","item":"https:\/\/www.gold.fr\/"},{"@type":"ListItem","position":2,"name":"Actualit\u00e9s","item":"https:\/\/www.gold.fr\/news\/"},{"@type":"ListItem","position":3,"name":"D\u00e9cision BCE : Les experts r\u00e9agissent"}]},{"@type":"WebSite","@id":"https:\/\/www.gold.fr\/news\/#website","url":"https:\/\/www.gold.fr\/news\/","name":"Gold.fr","description":"Actualit\u00e9s de l&#039;Or et des m\u00e9taux pr\u00e9cieux","potentialAction":[{"@type":"SearchAction","target":{"@type":"EntryPoint","urlTemplate":"https:\/\/www.gold.fr\/news\/?s={search_term_string}"},"query-input":{"@type":"PropertyValueSpecification","valueRequired":true,"valueName":"search_term_string"}}],"inLanguage":"fr-FR"},{"@type":"Person","@id":"https:\/\/www.gold.fr\/news\/#\/schema\/person\/070491b4b4fb7671bf59b3be20302ce9","name":"Comptoir National de l'Or","image":{"@type":"ImageObject","inLanguage":"fr-FR","@id":"https:\/\/secure.gravatar.com\/avatar\/0a2867fd5abe37bed95d5a65e9d58f01756e11efc68af9888dfc50cfa7f65948?s=96&d=mm&r=gb490554db0a38188709de567aa58480d","url":"https:\/\/secure.gravatar.com\/avatar\/0a2867fd5abe37bed95d5a65e9d58f01756e11efc68af9888dfc50cfa7f65948?s=96&d=mm&r=g","contentUrl":"https:\/\/secure.gravatar.com\/avatar\/0a2867fd5abe37bed95d5a65e9d58f01756e11efc68af9888dfc50cfa7f65948?s=96&d=mm&r=g","caption":"Comptoir National de l'Or"},"description":"Notre r\u00e9daction est constitu\u00e9e de membres experts dans les m\u00e9tiers de l'\u00e9conomie et la gestion, des Responsables d'agence Comptoir National de l'Or, des analystes financiers qui publient r\u00e9guli\u00e8rement des \u00e9tudes sur les politiques des banques centrales, le cours de l'or, prix de l'or, cours de l'argent, prix de l'argent, cours du platine, cours du palladium,... la situation en zone euro et l'impact de la strat\u00e9gie mon\u00e9taire de la FED. Notre \u00e9quipe scrute \u00e9galement une information plus g\u00e9n\u00e9raliste \u00e0 la recherche d'actualit\u00e9 \"p\u00e9pite\" \u00e0 vous partager. Depuis 5 ans, nous avons publi\u00e9 un peu plus de 4000 articles qui s'adressent \u00e0 un public large et vari\u00e9 ayant pour objectif de satisfaire votre curiosit\u00e9 et de partager avec vous une certaine fascination pour le m\u00e9tal jaune, le rachat d'or, et pour ceux qui veulent investir dans l'or, vendre leur or tout simplement en savoir plus... Pour tous vos achat or et argent, n'h\u00e9sitez pas \u00e0 prendre rendez-vous dans l'un de nos nombreux comptoirs.","sameAs":["https:\/\/www.gold.fr"]}]}},"authors":[{"term_id":2565,"user_id":18,"is_guest":0,"slug":"julie","display_name":"Comptoir National de l'Or","avatar_url":"https:\/\/secure.gravatar.com\/avatar\/713f289e398d35ead876c4a4cc08607f0d6d266058cfc25683fffb6092d0e572?s=96&d=mm&r=g","0":null,"1":"","2":"","3":"","4":"","5":"","6":"","7":"","8":""}],"_links":{"self":[{"href":"https:\/\/www.gold.fr\/news\/wp-json\/wp\/v2\/posts\/13205","targetHints":{"allow":["GET"]}}],"collection":[{"href":"https:\/\/www.gold.fr\/news\/wp-json\/wp\/v2\/posts"}],"about":[{"href":"https:\/\/www.gold.fr\/news\/wp-json\/wp\/v2\/types\/post"}],"author":[{"embeddable":true,"href":"https:\/\/www.gold.fr\/news\/wp-json\/wp\/v2\/users\/18"}],"replies":[{"embeddable":true,"href":"https:\/\/www.gold.fr\/news\/wp-json\/wp\/v2\/comments?post=13205"}],"version-history":[{"count":0,"href":"https:\/\/www.gold.fr\/news\/wp-json\/wp\/v2\/posts\/13205\/revisions"}],"wp:featuredmedia":[{"embeddable":true,"href":"https:\/\/www.gold.fr\/news\/wp-json\/wp\/v2\/media\/12360"}],"wp:attachment":[{"href":"https:\/\/www.gold.fr\/news\/wp-json\/wp\/v2\/media?parent=13205"}],"wp:term":[{"taxonomy":"category","embeddable":true,"href":"https:\/\/www.gold.fr\/news\/wp-json\/wp\/v2\/categories?post=13205"},{"taxonomy":"post_tag","embeddable":true,"href":"https:\/\/www.gold.fr\/news\/wp-json\/wp\/v2\/tags?post=13205"},{"taxonomy":"author","embeddable":true,"href":"https:\/\/www.gold.fr\/news\/wp-json\/wp\/v2\/ppma_author?post=13205"}],"curies":[{"name":"wp","href":"https:\/\/api.w.org\/{rel}","templated":true}]}}