{"id":13134,"date":"2013-10-29T13:00:19","date_gmt":"2013-10-29T12:00:19","guid":{"rendered":"https:\/\/www.gold.fr\/news\/?p=13134"},"modified":"2020-12-07T17:49:55","modified_gmt":"2020-12-07T16:49:55","slug":"lor-en-equilibre-en-attendant-les-nouvelles-de-la-fed","status":"publish","type":"post","link":"https:\/\/www.gold.fr\/news\/2013\/10\/29\/lor-en-equilibre-en-attendant-les-nouvelles-de-la-fed\/","title":{"rendered":"L&rsquo;or en \u00e9quilibre, en attendant les nouvelles de la FED"},"content":{"rendered":"<p><img loading=\"lazy\" decoding=\"async\" class=\"alignleft size-thumbnail wp-image-9054\" title=\"Cours de l'Or de Bourse\" src=\"https:\/\/www.gold.fr\/news\/wp-content\/uploads\/2012\/08\/evolution-cours-de-lor-150x150.jpg\" alt=\"\" width=\"150\" height=\"150\" srcset=\"https:\/\/www.gold.fr\/news\/wp-content\/uploads\/2012\/08\/evolution-cours-de-lor-150x150.jpg 150w, https:\/\/www.gold.fr\/news\/wp-content\/uploads\/2012\/08\/evolution-cours-de-lor-80x80.jpg 80w, https:\/\/www.gold.fr\/news\/wp-content\/uploads\/2012\/08\/evolution-cours-de-lor-1x1.jpg 1w\" sizes=\"auto, (max-width: 150px) 100vw, 150px\" \/><span style=\"font-size: small;\">Rien \u00e0 signaler, ce matin, sur le march\u00e9 de l&rsquo;<a class=\"esk-seo-plu-link\" href=\"https:\/\/www.gold.fr\/news\/tags\/or\">or<\/a>. Le <a class=\"esk-seo-plu-link\" href=\"https:\/\/www.gold.fr\/news\/tags\/or\">m\u00e9tal jaune<\/a> persiste et signe, gardant le cap de la hausse, mais fr\u00e9missant \u00e0 peine, au-dessus de son niveau de la veille. <\/span> <span style=\"font-size: small;\"> Et c&rsquo;est un \u00e9tat d&rsquo;attentisme qui risque de perdurer, du moins jusqu&rsquo;\u00e0 ce que les minutes de la prochaine prise de cap <strong>FED<\/strong> soient publi\u00e9es. La r\u00e9union du comit\u00e9 directoire de la r\u00e9serve f\u00e9d\u00e9rale am\u00e9ricaine est pr\u00e9vue pour la fin de ce mois, et son anticipation seule provoque d\u00e9j\u00e0 une \u00e9norme vague de sp\u00e9culations en tous genres. <a title=\"Bilan du \u00abshutdown\u00bb US : Une addition tr\u00e8s sal\u00e9e\" href=\"https:\/\/www.gold.fr\/news\/2013\/10\/25\/bilan-du-shutdown-us-une-addition-tres-salee\/13122\/\" target=\"_blank\" rel=\"noopener noreferrer\">La r\u00e9cente crise budg\u00e9taire US<\/a> va en effet avoir un impact direct et \u00e9vident sur les d\u00e9cisions prises (si prises) durant cette prise de cap. Les membres du comit\u00e9 devraient, selon la quasi totalit\u00e9 des pr\u00e9visions, maintenir la politique actuelle de la maison. Une strat\u00e9gie ultra accommodante qui est essentiellement destin\u00e9e \u00e0 soutenir l&rsquo;\u00e9conomie fortement fragilis\u00e9e des Etats-Unis.<\/span> <span style=\"font-size: small;\"> Du coup, c&rsquo;est encore sur un prix haussier, bien que stabilis\u00e9, que l&rsquo;<a class=\"esk-seo-plu-link\" href=\"https:\/\/www.gold.fr\/news\/tags\/or\">or<\/a> ouvre la s\u00e9ance de ce <strong>mardi 29 octobre 2013<\/strong>, affichant <a title=\"Prix de l'Or\" href=\"https:\/\/www.gold.fr\/cours-prix-de-l-or\/\" target=\"_blank\" rel=\"noopener noreferrer\">un cours<\/a> de <strong>1.352,50 dollars<\/strong> <a title=\"Prix de l'Once d'Or\" href=\"https:\/\/www.gold.fr\/once-en\/\" target=\"_blank\" rel=\"noopener noreferrer\">l&rsquo;once<\/a>.<\/span><\/p>\n<!-- AddThis Advanced Settings generic via filter on the_content --><!-- AddThis Share Buttons generic via filter on the_content -->","protected":false},"excerpt":{"rendered":"<p>Rien \u00e0 signaler, ce matin, sur le march\u00e9 de l&rsquo;or. Le m\u00e9tal jaune persiste et signe, gardant le cap de la hausse, mais fr\u00e9missant \u00e0 peine, au-dessus de son niveau de la veille. Et c&rsquo;est un [&hellip;]<\/p>\n","protected":false},"author":18,"featured_media":32483,"comment_status":"closed","ping_status":"closed","sticky":false,"template":"","format":"standard","meta":{"_mbp_gutenberg_autopost":false,"_pgmb_is_evergreen":false,"_pgmb_ap_template_id":0,"footnotes":""},"categories":[5],"tags":[385,84,210,74],"ppma_author":[2565],"class_list":["post-13134","post","type-post","status-publish","format-standard","has-post-thumbnail","hentry","category-flash-infos","tag-cours-de-lor-de-bourse","tag-cours-de-lor","tag-_cours-de-lor_footer_","tag-_home-page_footer_"],"yoast_head":"<!-- This site is optimized with the Yoast SEO plugin v26.9 - https:\/\/yoast.com\/product\/yoast-seo-wordpress\/ -->\n<title>L&#039;or en \u00e9quilibre, en attendant les nouvelles de la FED - Gold.fr<\/title>\n<meta name=\"robots\" content=\"index, follow, max-snippet:-1, max-image-preview:large, max-video-preview:-1\" \/>\n<link rel=\"canonical\" href=\"https:\/\/www.gold.fr\/news\/2013\/10\/29\/lor-en-equilibre-en-attendant-les-nouvelles-de-la-fed\/\" \/>\n<meta property=\"og:locale\" content=\"fr_FR\" \/>\n<meta property=\"og:type\" content=\"article\" \/>\n<meta property=\"og:title\" content=\"L&#039;or en \u00e9quilibre, en attendant les nouvelles de la FED - Gold.fr\" \/>\n<meta property=\"og:description\" content=\"Rien \u00e0 signaler, ce matin, sur le march\u00e9 de l&rsquo;or. Le m\u00e9tal jaune persiste et signe, gardant le cap de la hausse, mais fr\u00e9missant \u00e0 peine, au-dessus de son niveau de la veille. Et c&rsquo;est un [&hellip;]\" \/>\n<meta property=\"og:url\" content=\"https:\/\/www.gold.fr\/news\/2013\/10\/29\/lor-en-equilibre-en-attendant-les-nouvelles-de-la-fed\/\" \/>\n<meta property=\"og:site_name\" content=\"Gold.fr\" \/>\n<meta property=\"article:publisher\" content=\"https:\/\/www.facebook.com\/Goldfr\/\" \/>\n<meta property=\"article:published_time\" content=\"2013-10-29T12:00:19+00:00\" \/>\n<meta property=\"article:modified_time\" content=\"2020-12-07T16:49:55+00:00\" \/>\n<meta property=\"og:image\" content=\"https:\/\/www.gold.fr\/news\/wp-content\/uploads\/2016\/07\/Balance-gold.jpg\" \/>\n\t<meta property=\"og:image:width\" content=\"372\" \/>\n\t<meta property=\"og:image:height\" content=\"457\" \/>\n\t<meta property=\"og:image:type\" content=\"image\/jpeg\" \/>\n<meta name=\"author\" content=\"Comptoir National de l&#039;Or\" \/>\n<meta name=\"twitter:card\" content=\"summary_large_image\" \/>\n<meta name=\"twitter:label1\" content=\"\u00c9crit par\" \/>\n\t<meta name=\"twitter:data1\" content=\"Comptoir National de l&#039;Or\" \/>\n\t<meta name=\"twitter:label2\" content=\"Dur\u00e9e de lecture estim\u00e9e\" \/>\n\t<meta name=\"twitter:data2\" content=\"1 minute\" \/>\n<script type=\"application\/ld+json\" class=\"yoast-schema-graph\">{\"@context\":\"https:\/\/schema.org\",\"@graph\":[{\"@type\":\"Article\",\"@id\":\"https:\/\/www.gold.fr\/news\/2013\/10\/29\/lor-en-equilibre-en-attendant-les-nouvelles-de-la-fed\/#article\",\"isPartOf\":{\"@id\":\"https:\/\/www.gold.fr\/news\/2013\/10\/29\/lor-en-equilibre-en-attendant-les-nouvelles-de-la-fed\/\"},\"author\":{\"name\":\"Comptoir National de l'Or\",\"@id\":\"https:\/\/www.gold.fr\/news\/#\/schema\/person\/760ee7cec237915eebf2be78df0404c4\"},\"headline\":\"L&rsquo;or en \u00e9quilibre, en attendant les nouvelles de la FED\",\"datePublished\":\"2013-10-29T12:00:19+00:00\",\"dateModified\":\"2020-12-07T16:49:55+00:00\",\"mainEntityOfPage\":{\"@id\":\"https:\/\/www.gold.fr\/news\/2013\/10\/29\/lor-en-equilibre-en-attendant-les-nouvelles-de-la-fed\/\"},\"wordCount\":208,\"image\":{\"@id\":\"https:\/\/www.gold.fr\/news\/2013\/10\/29\/lor-en-equilibre-en-attendant-les-nouvelles-de-la-fed\/#primaryimage\"},\"thumbnailUrl\":\"https:\/\/www.gold.fr\/news\/wp-content\/uploads\/2016\/07\/Balance-gold.jpg\",\"keywords\":[\"cours de l'or de bourse\",\"Tout Cours de l'Or\",\"_Cours de l\u2019Or_Footer_\",\"_Home page Footer_\"],\"articleSection\":[\"Flash infos\"],\"inLanguage\":\"fr-FR\"},{\"@type\":\"WebPage\",\"@id\":\"https:\/\/www.gold.fr\/news\/2013\/10\/29\/lor-en-equilibre-en-attendant-les-nouvelles-de-la-fed\/\",\"url\":\"https:\/\/www.gold.fr\/news\/2013\/10\/29\/lor-en-equilibre-en-attendant-les-nouvelles-de-la-fed\/\",\"name\":\"L'or en \u00e9quilibre, en attendant les nouvelles de la FED - Gold.fr\",\"isPartOf\":{\"@id\":\"https:\/\/www.gold.fr\/news\/#website\"},\"primaryImageOfPage\":{\"@id\":\"https:\/\/www.gold.fr\/news\/2013\/10\/29\/lor-en-equilibre-en-attendant-les-nouvelles-de-la-fed\/#primaryimage\"},\"image\":{\"@id\":\"https:\/\/www.gold.fr\/news\/2013\/10\/29\/lor-en-equilibre-en-attendant-les-nouvelles-de-la-fed\/#primaryimage\"},\"thumbnailUrl\":\"https:\/\/www.gold.fr\/news\/wp-content\/uploads\/2016\/07\/Balance-gold.jpg\",\"datePublished\":\"2013-10-29T12:00:19+00:00\",\"dateModified\":\"2020-12-07T16:49:55+00:00\",\"author\":{\"@id\":\"https:\/\/www.gold.fr\/news\/#\/schema\/person\/760ee7cec237915eebf2be78df0404c4\"},\"breadcrumb\":{\"@id\":\"https:\/\/www.gold.fr\/news\/2013\/10\/29\/lor-en-equilibre-en-attendant-les-nouvelles-de-la-fed\/#breadcrumb\"},\"inLanguage\":\"fr-FR\",\"potentialAction\":[{\"@type\":\"ReadAction\",\"target\":[\"https:\/\/www.gold.fr\/news\/2013\/10\/29\/lor-en-equilibre-en-attendant-les-nouvelles-de-la-fed\/\"]}]},{\"@type\":\"ImageObject\",\"inLanguage\":\"fr-FR\",\"@id\":\"https:\/\/www.gold.fr\/news\/2013\/10\/29\/lor-en-equilibre-en-attendant-les-nouvelles-de-la-fed\/#primaryimage\",\"url\":\"https:\/\/www.gold.fr\/news\/wp-content\/uploads\/2016\/07\/Balance-gold.jpg\",\"contentUrl\":\"https:\/\/www.gold.fr\/news\/wp-content\/uploads\/2016\/07\/Balance-gold.jpg\",\"width\":372,\"height\":457,\"caption\":\"L'once en \u00e9quilibre solide\"},{\"@type\":\"BreadcrumbList\",\"@id\":\"https:\/\/www.gold.fr\/news\/2013\/10\/29\/lor-en-equilibre-en-attendant-les-nouvelles-de-la-fed\/#breadcrumb\",\"itemListElement\":[{\"@type\":\"ListItem\",\"position\":1,\"name\":\"Accueil\",\"item\":\"https:\/\/www.gold.fr\/\"},{\"@type\":\"ListItem\",\"position\":2,\"name\":\"Actualit\u00e9s\",\"item\":\"https:\/\/www.gold.fr\/news\/\"},{\"@type\":\"ListItem\",\"position\":3,\"name\":\"L&rsquo;or en \u00e9quilibre, en attendant les nouvelles de la FED\"}]},{\"@type\":\"WebSite\",\"@id\":\"https:\/\/www.gold.fr\/news\/#website\",\"url\":\"https:\/\/www.gold.fr\/news\/\",\"name\":\"Gold.fr\",\"description\":\"Actualit\u00e9s de l&#039;Or et des m\u00e9taux pr\u00e9cieux\",\"potentialAction\":[{\"@type\":\"SearchAction\",\"target\":{\"@type\":\"EntryPoint\",\"urlTemplate\":\"https:\/\/www.gold.fr\/news\/?s={search_term_string}\"},\"query-input\":{\"@type\":\"PropertyValueSpecification\",\"valueRequired\":true,\"valueName\":\"search_term_string\"}}],\"inLanguage\":\"fr-FR\"},{\"@type\":\"Person\",\"@id\":\"https:\/\/www.gold.fr\/news\/#\/schema\/person\/760ee7cec237915eebf2be78df0404c4\",\"name\":\"Comptoir National de l'Or\",\"image\":{\"@type\":\"ImageObject\",\"inLanguage\":\"fr-FR\",\"@id\":\"https:\/\/www.gold.fr\/news\/#\/schema\/person\/image\/c36675942654553a86039d2dfa93c740\",\"url\":\"https:\/\/secure.gravatar.com\/avatar\/713f289e398d35ead876c4a4cc08607f0d6d266058cfc25683fffb6092d0e572?s=96&d=mm&r=g\",\"contentUrl\":\"https:\/\/secure.gravatar.com\/avatar\/713f289e398d35ead876c4a4cc08607f0d6d266058cfc25683fffb6092d0e572?s=96&d=mm&r=g\",\"caption\":\"Comptoir National de l'Or\"},\"description\":\"Notre r\u00e9daction est constitu\u00e9e de membres experts dans les m\u00e9tiers de l'\u00e9conomie et la gestion, des Responsables d'agence Comptoir National de l'Or, des analystes financiers qui publient r\u00e9guli\u00e8rement des \u00e9tudes sur les politiques des banques centrales, le cours de l'or, prix de l'or, cours de l'argent, prix de l'argent, cours du platine, cours du palladium,... la situation en zone euro et l'impact de la strat\u00e9gie mon\u00e9taire de la FED. Notre \u00e9quipe scrute \u00e9galement une information plus g\u00e9n\u00e9raliste \u00e0 la recherche d'actualit\u00e9 \\\"p\u00e9pite\\\" \u00e0 vous partager. Depuis 5 ans, nous avons publi\u00e9 un peu plus de 4000 articles qui s'adressent \u00e0 un public large et vari\u00e9 ayant pour objectif de satisfaire votre curiosit\u00e9 et de partager avec vous une certaine fascination pour le m\u00e9tal jaune, le rachat d'or, et pour ceux qui veulent investir dans l'or, vendre leur or tout simplement en savoir plus... Pour tous vos achat or et argent, n'h\u00e9sitez pas \u00e0 prendre rendez-vous dans l'un de nos nombreux comptoirs.\",\"sameAs\":[\"https:\/\/www.gold.fr\"]}]}<\/script>\n<!-- \/ Yoast SEO plugin. -->","yoast_head_json":{"title":"L'or en \u00e9quilibre, en attendant les nouvelles de la FED - Gold.fr","robots":{"index":"index","follow":"follow","max-snippet":"max-snippet:-1","max-image-preview":"max-image-preview:large","max-video-preview":"max-video-preview:-1"},"canonical":"https:\/\/www.gold.fr\/news\/2013\/10\/29\/lor-en-equilibre-en-attendant-les-nouvelles-de-la-fed\/","og_locale":"fr_FR","og_type":"article","og_title":"L'or en \u00e9quilibre, en attendant les nouvelles de la FED - Gold.fr","og_description":"Rien \u00e0 signaler, ce matin, sur le march\u00e9 de l&rsquo;or. Le m\u00e9tal jaune persiste et signe, gardant le cap de la hausse, mais fr\u00e9missant \u00e0 peine, au-dessus de son niveau de la veille. Et c&rsquo;est un [&hellip;]","og_url":"https:\/\/www.gold.fr\/news\/2013\/10\/29\/lor-en-equilibre-en-attendant-les-nouvelles-de-la-fed\/","og_site_name":"Gold.fr","article_publisher":"https:\/\/www.facebook.com\/Goldfr\/","article_published_time":"2013-10-29T12:00:19+00:00","article_modified_time":"2020-12-07T16:49:55+00:00","og_image":[{"width":372,"height":457,"url":"https:\/\/www.gold.fr\/news\/wp-content\/uploads\/2016\/07\/Balance-gold.jpg","type":"image\/jpeg"}],"author":"Comptoir National de l'Or","twitter_card":"summary_large_image","twitter_misc":{"\u00c9crit par":"Comptoir National de l'Or","Dur\u00e9e de lecture estim\u00e9e":"1 minute"},"schema":{"@context":"https:\/\/schema.org","@graph":[{"@type":"Article","@id":"https:\/\/www.gold.fr\/news\/2013\/10\/29\/lor-en-equilibre-en-attendant-les-nouvelles-de-la-fed\/#article","isPartOf":{"@id":"https:\/\/www.gold.fr\/news\/2013\/10\/29\/lor-en-equilibre-en-attendant-les-nouvelles-de-la-fed\/"},"author":{"name":"Comptoir National de l'Or","@id":"https:\/\/www.gold.fr\/news\/#\/schema\/person\/760ee7cec237915eebf2be78df0404c4"},"headline":"L&rsquo;or en \u00e9quilibre, en attendant les nouvelles de la FED","datePublished":"2013-10-29T12:00:19+00:00","dateModified":"2020-12-07T16:49:55+00:00","mainEntityOfPage":{"@id":"https:\/\/www.gold.fr\/news\/2013\/10\/29\/lor-en-equilibre-en-attendant-les-nouvelles-de-la-fed\/"},"wordCount":208,"image":{"@id":"https:\/\/www.gold.fr\/news\/2013\/10\/29\/lor-en-equilibre-en-attendant-les-nouvelles-de-la-fed\/#primaryimage"},"thumbnailUrl":"https:\/\/www.gold.fr\/news\/wp-content\/uploads\/2016\/07\/Balance-gold.jpg","keywords":["cours de l'or de bourse","Tout Cours de l'Or","_Cours de l\u2019Or_Footer_","_Home page Footer_"],"articleSection":["Flash infos"],"inLanguage":"fr-FR"},{"@type":"WebPage","@id":"https:\/\/www.gold.fr\/news\/2013\/10\/29\/lor-en-equilibre-en-attendant-les-nouvelles-de-la-fed\/","url":"https:\/\/www.gold.fr\/news\/2013\/10\/29\/lor-en-equilibre-en-attendant-les-nouvelles-de-la-fed\/","name":"L'or en \u00e9quilibre, en attendant les nouvelles de la FED - Gold.fr","isPartOf":{"@id":"https:\/\/www.gold.fr\/news\/#website"},"primaryImageOfPage":{"@id":"https:\/\/www.gold.fr\/news\/2013\/10\/29\/lor-en-equilibre-en-attendant-les-nouvelles-de-la-fed\/#primaryimage"},"image":{"@id":"https:\/\/www.gold.fr\/news\/2013\/10\/29\/lor-en-equilibre-en-attendant-les-nouvelles-de-la-fed\/#primaryimage"},"thumbnailUrl":"https:\/\/www.gold.fr\/news\/wp-content\/uploads\/2016\/07\/Balance-gold.jpg","datePublished":"2013-10-29T12:00:19+00:00","dateModified":"2020-12-07T16:49:55+00:00","author":{"@id":"https:\/\/www.gold.fr\/news\/#\/schema\/person\/760ee7cec237915eebf2be78df0404c4"},"breadcrumb":{"@id":"https:\/\/www.gold.fr\/news\/2013\/10\/29\/lor-en-equilibre-en-attendant-les-nouvelles-de-la-fed\/#breadcrumb"},"inLanguage":"fr-FR","potentialAction":[{"@type":"ReadAction","target":["https:\/\/www.gold.fr\/news\/2013\/10\/29\/lor-en-equilibre-en-attendant-les-nouvelles-de-la-fed\/"]}]},{"@type":"ImageObject","inLanguage":"fr-FR","@id":"https:\/\/www.gold.fr\/news\/2013\/10\/29\/lor-en-equilibre-en-attendant-les-nouvelles-de-la-fed\/#primaryimage","url":"https:\/\/www.gold.fr\/news\/wp-content\/uploads\/2016\/07\/Balance-gold.jpg","contentUrl":"https:\/\/www.gold.fr\/news\/wp-content\/uploads\/2016\/07\/Balance-gold.jpg","width":372,"height":457,"caption":"L'once en \u00e9quilibre solide"},{"@type":"BreadcrumbList","@id":"https:\/\/www.gold.fr\/news\/2013\/10\/29\/lor-en-equilibre-en-attendant-les-nouvelles-de-la-fed\/#breadcrumb","itemListElement":[{"@type":"ListItem","position":1,"name":"Accueil","item":"https:\/\/www.gold.fr\/"},{"@type":"ListItem","position":2,"name":"Actualit\u00e9s","item":"https:\/\/www.gold.fr\/news\/"},{"@type":"ListItem","position":3,"name":"L&rsquo;or en \u00e9quilibre, en attendant les nouvelles de la FED"}]},{"@type":"WebSite","@id":"https:\/\/www.gold.fr\/news\/#website","url":"https:\/\/www.gold.fr\/news\/","name":"Gold.fr","description":"Actualit\u00e9s de l&#039;Or et des m\u00e9taux pr\u00e9cieux","potentialAction":[{"@type":"SearchAction","target":{"@type":"EntryPoint","urlTemplate":"https:\/\/www.gold.fr\/news\/?s={search_term_string}"},"query-input":{"@type":"PropertyValueSpecification","valueRequired":true,"valueName":"search_term_string"}}],"inLanguage":"fr-FR"},{"@type":"Person","@id":"https:\/\/www.gold.fr\/news\/#\/schema\/person\/760ee7cec237915eebf2be78df0404c4","name":"Comptoir National de l'Or","image":{"@type":"ImageObject","inLanguage":"fr-FR","@id":"https:\/\/www.gold.fr\/news\/#\/schema\/person\/image\/c36675942654553a86039d2dfa93c740","url":"https:\/\/secure.gravatar.com\/avatar\/713f289e398d35ead876c4a4cc08607f0d6d266058cfc25683fffb6092d0e572?s=96&d=mm&r=g","contentUrl":"https:\/\/secure.gravatar.com\/avatar\/713f289e398d35ead876c4a4cc08607f0d6d266058cfc25683fffb6092d0e572?s=96&d=mm&r=g","caption":"Comptoir National de l'Or"},"description":"Notre r\u00e9daction est constitu\u00e9e de membres experts dans les m\u00e9tiers de l'\u00e9conomie et la gestion, des Responsables d'agence Comptoir National de l'Or, des analystes financiers qui publient r\u00e9guli\u00e8rement des \u00e9tudes sur les politiques des banques centrales, le cours de l'or, prix de l'or, cours de l'argent, prix de l'argent, cours du platine, cours du palladium,... la situation en zone euro et l'impact de la strat\u00e9gie mon\u00e9taire de la FED. Notre \u00e9quipe scrute \u00e9galement une information plus g\u00e9n\u00e9raliste \u00e0 la recherche d'actualit\u00e9 \"p\u00e9pite\" \u00e0 vous partager. Depuis 5 ans, nous avons publi\u00e9 un peu plus de 4000 articles qui s'adressent \u00e0 un public large et vari\u00e9 ayant pour objectif de satisfaire votre curiosit\u00e9 et de partager avec vous une certaine fascination pour le m\u00e9tal jaune, le rachat d'or, et pour ceux qui veulent investir dans l'or, vendre leur or tout simplement en savoir plus... Pour tous vos achat or et argent, n'h\u00e9sitez pas \u00e0 prendre rendez-vous dans l'un de nos nombreux comptoirs.","sameAs":["https:\/\/www.gold.fr"]}]}},"authors":[{"term_id":2565,"user_id":18,"is_guest":0,"slug":"julie","display_name":"Comptoir National de l'Or","avatar_url":"https:\/\/secure.gravatar.com\/avatar\/713f289e398d35ead876c4a4cc08607f0d6d266058cfc25683fffb6092d0e572?s=96&d=mm&r=g","0":null,"1":"","2":"","3":"","4":"","5":"","6":"","7":"","8":""}],"_links":{"self":[{"href":"https:\/\/www.gold.fr\/news\/wp-json\/wp\/v2\/posts\/13134","targetHints":{"allow":["GET"]}}],"collection":[{"href":"https:\/\/www.gold.fr\/news\/wp-json\/wp\/v2\/posts"}],"about":[{"href":"https:\/\/www.gold.fr\/news\/wp-json\/wp\/v2\/types\/post"}],"author":[{"embeddable":true,"href":"https:\/\/www.gold.fr\/news\/wp-json\/wp\/v2\/users\/18"}],"replies":[{"embeddable":true,"href":"https:\/\/www.gold.fr\/news\/wp-json\/wp\/v2\/comments?post=13134"}],"version-history":[{"count":0,"href":"https:\/\/www.gold.fr\/news\/wp-json\/wp\/v2\/posts\/13134\/revisions"}],"wp:featuredmedia":[{"embeddable":true,"href":"https:\/\/www.gold.fr\/news\/wp-json\/wp\/v2\/media\/32483"}],"wp:attachment":[{"href":"https:\/\/www.gold.fr\/news\/wp-json\/wp\/v2\/media?parent=13134"}],"wp:term":[{"taxonomy":"category","embeddable":true,"href":"https:\/\/www.gold.fr\/news\/wp-json\/wp\/v2\/categories?post=13134"},{"taxonomy":"post_tag","embeddable":true,"href":"https:\/\/www.gold.fr\/news\/wp-json\/wp\/v2\/tags?post=13134"},{"taxonomy":"author","embeddable":true,"href":"https:\/\/www.gold.fr\/news\/wp-json\/wp\/v2\/ppma_author?post=13134"}],"curies":[{"name":"wp","href":"https:\/\/api.w.org\/{rel}","templated":true}]}}