{"id":13070,"date":"2013-10-18T13:00:24","date_gmt":"2013-10-18T11:00:24","guid":{"rendered":"https:\/\/www.gold.fr\/news\/?p=13070"},"modified":"2020-12-07T17:41:31","modified_gmt":"2020-12-07T16:41:31","slug":"la-fin-du-shutdown-booste-lor","status":"publish","type":"post","link":"https:\/\/www.gold.fr\/news\/2013\/10\/18\/la-fin-du-shutdown-booste-lor\/","title":{"rendered":"La fin du shutdown booste l&rsquo;or"},"content":{"rendered":"<p><span style=\"font-size: small;\"><img loading=\"lazy\" decoding=\"async\" class=\"alignleft size-thumbnail wp-image-9054\" title=\"Cours de l'Or de Bourse\" src=\"https:\/\/www.gold.fr\/news\/wp-content\/uploads\/2012\/08\/evolution-cours-de-lor-150x150.jpg\" alt=\"\" width=\"150\" height=\"150\" srcset=\"https:\/\/www.gold.fr\/news\/wp-content\/uploads\/2012\/08\/evolution-cours-de-lor-150x150.jpg 150w, https:\/\/www.gold.fr\/news\/wp-content\/uploads\/2012\/08\/evolution-cours-de-lor-80x80.jpg 80w, https:\/\/www.gold.fr\/news\/wp-content\/uploads\/2012\/08\/evolution-cours-de-lor-1x1.jpg 1w\" sizes=\"auto, (max-width: 150px) 100vw, 150px\" \/><a title=\"Crise budg\u00e9taire US : L\u2019accord in extremis\" href=\"https:\/\/www.gold.fr\/news\/2013\/10\/17\/crise-budgetaire-us-laccord-in-extremis\/13066\/\" target=\"_blank\" rel=\"noopener noreferrer\">L&rsquo;accord propos\u00e9, mercredi soir<\/a>, par le S\u00e9nat vient d&rsquo;\u00eatre act\u00e9 par le Congr\u00e8s US. C&rsquo;est donc officiel ; <a title=\"Obama arrache un accord au S\u00e9nat\" href=\"https:\/\/www.gold.fr\/news\/2013\/10\/18\/obama-arrache-un-accord-au-senat\/13068\/\" target=\"_blank\" rel=\"noopener noreferrer\">l&rsquo;\u00e9tat de shutdown f\u00e9d\u00e9ral est termin\u00e9<\/a>, mettant un terme tardif \u00e0 deux semaines de sp\u00e9culations pessimistes et d&rsquo;angoisses l\u00e9gitimes.<\/span> <span style=\"font-size: small;\"> Le premier r\u00e9sultat direct de cette nouvelle est bien \u00e9videmment le retour du quotidien professionnel f\u00e9d\u00e9ral \u00e0 la normale ; les plus de <strong>800 000 salari\u00e9s f\u00e9d\u00e9raux<\/strong> reprennent, d\u00e8s ce matin leurs postes respectifs avec un soulagement naturel.<\/span> <span style=\"font-size: small;\"> Deuxi\u00e8me cons\u00e9quence moins pr\u00e9visible ; le rebond fulgurant du march\u00e9 aurif\u00e8re qui aura, \u00e9tonnamment, beaucoup moins profit\u00e9 de la crise que de son d\u00e9nouement.<\/span> <span style=\"font-size: small;\"> A l&rsquo;ouverture de la s\u00e9ance de ce <strong>vendredi 18 octobre 2013<\/strong>, l&rsquo;<a class=\"esk-seo-plu-link\" href=\"https:\/\/www.gold.fr\/news\/tags\/or\">or<\/a> affiche <a title=\"Prix de l'Or\" href=\"https:\/\/www.gold.fr\/cours-prix-de-l-or\/\" target=\"_blank\" rel=\"noopener noreferrer\">un cours<\/a> consid\u00e9rablement haussier de <strong>1 318,10 dollars<\/strong> <a title=\"Prix de l'Once d'Or\" href=\"https:\/\/www.gold.fr\/once-en\/\" target=\"_blank\" rel=\"noopener noreferrer\">l&rsquo;once<\/a>.<\/span><\/p>\n<!-- AddThis Advanced Settings generic via filter on the_content --><!-- AddThis Share Buttons generic via filter on the_content -->","protected":false},"excerpt":{"rendered":"<p>L&rsquo;accord propos\u00e9, mercredi soir, par le S\u00e9nat vient d&rsquo;\u00eatre act\u00e9 par le Congr\u00e8s US. C&rsquo;est donc officiel ; l&rsquo;\u00e9tat de shutdown f\u00e9d\u00e9ral est termin\u00e9, mettant un terme tardif \u00e0 deux semaines de sp\u00e9culations pessimistes et d&rsquo;angoisses [&hellip;]<\/p>\n","protected":false},"author":18,"featured_media":5006,"comment_status":"closed","ping_status":"closed","sticky":false,"template":"","format":"standard","meta":{"_mbp_gutenberg_autopost":false,"_pgmb_is_evergreen":false,"_pgmb_ap_template_id":0,"footnotes":""},"categories":[5],"tags":[385,84,210,74],"ppma_author":[2565],"class_list":["post-13070","post","type-post","status-publish","format-standard","has-post-thumbnail","hentry","category-flash-infos","tag-cours-de-lor-de-bourse","tag-cours-de-lor","tag-_cours-de-lor_footer_","tag-_home-page_footer_"],"yoast_head":"<!-- This site is optimized with the Yoast SEO plugin v27.5 - https:\/\/yoast.com\/product\/yoast-seo-wordpress\/ -->\n<title>La fin du shutdown booste l&#039;or - Gold.fr<\/title>\n<meta name=\"robots\" content=\"index, follow, max-snippet:-1, max-image-preview:large, max-video-preview:-1\" \/>\n<link rel=\"canonical\" href=\"https:\/\/www.gold.fr\/news\/2013\/10\/18\/la-fin-du-shutdown-booste-lor\/\" \/>\n<meta property=\"og:locale\" content=\"fr_FR\" \/>\n<meta property=\"og:type\" content=\"article\" \/>\n<meta property=\"og:title\" content=\"La fin du shutdown booste l&#039;or - Gold.fr\" \/>\n<meta property=\"og:description\" content=\"L&rsquo;accord propos\u00e9, mercredi soir, par le S\u00e9nat vient d&rsquo;\u00eatre act\u00e9 par le Congr\u00e8s US. C&rsquo;est donc officiel ; l&rsquo;\u00e9tat de shutdown f\u00e9d\u00e9ral est termin\u00e9, mettant un terme tardif \u00e0 deux semaines de sp\u00e9culations pessimistes et d&rsquo;angoisses [&hellip;]\" \/>\n<meta property=\"og:url\" content=\"https:\/\/www.gold.fr\/news\/2013\/10\/18\/la-fin-du-shutdown-booste-lor\/\" \/>\n<meta property=\"og:site_name\" content=\"Gold.fr\" \/>\n<meta property=\"article:publisher\" content=\"https:\/\/www.facebook.com\/Goldfr\/\" \/>\n<meta property=\"article:published_time\" content=\"2013-10-18T11:00:24+00:00\" \/>\n<meta property=\"article:modified_time\" content=\"2020-12-07T16:41:31+00:00\" \/>\n<meta property=\"og:image\" content=\"https:\/\/www.gold.fr\/news\/wp-content\/uploads\/2010\/09\/gold-or.jpg\" \/>\n\t<meta property=\"og:image:width\" content=\"600\" \/>\n\t<meta property=\"og:image:height\" content=\"499\" \/>\n\t<meta property=\"og:image:type\" content=\"image\/jpeg\" \/>\n<meta name=\"author\" content=\"Comptoir National de l&#039;Or\" \/>\n<meta name=\"twitter:card\" content=\"summary_large_image\" \/>\n<meta name=\"twitter:label1\" content=\"\u00c9crit par\" \/>\n\t<meta name=\"twitter:data1\" content=\"Comptoir National de l&#039;Or\" \/>\n\t<meta name=\"twitter:label2\" content=\"Dur\u00e9e de lecture estim\u00e9e\" \/>\n\t<meta name=\"twitter:data2\" content=\"1 minute\" \/>\n<script type=\"application\/ld+json\" class=\"yoast-schema-graph\">{\"@context\":\"https:\\\/\\\/schema.org\",\"@graph\":[{\"@type\":\"Article\",\"@id\":\"https:\\\/\\\/www.gold.fr\\\/news\\\/2013\\\/10\\\/18\\\/la-fin-du-shutdown-booste-lor\\\/#article\",\"isPartOf\":{\"@id\":\"https:\\\/\\\/www.gold.fr\\\/news\\\/2013\\\/10\\\/18\\\/la-fin-du-shutdown-booste-lor\\\/\"},\"author\":{\"name\":\"Comptoir National de l'Or\",\"@id\":\"https:\\\/\\\/www.gold.fr\\\/news\\\/#\\\/schema\\\/person\\\/070491b4b4fb7671bf59b3be20302ce9\"},\"headline\":\"La fin du shutdown booste l&rsquo;or\",\"datePublished\":\"2013-10-18T11:00:24+00:00\",\"dateModified\":\"2020-12-07T16:41:31+00:00\",\"mainEntityOfPage\":{\"@id\":\"https:\\\/\\\/www.gold.fr\\\/news\\\/2013\\\/10\\\/18\\\/la-fin-du-shutdown-booste-lor\\\/\"},\"wordCount\":145,\"image\":{\"@id\":\"https:\\\/\\\/www.gold.fr\\\/news\\\/2013\\\/10\\\/18\\\/la-fin-du-shutdown-booste-lor\\\/#primaryimage\"},\"thumbnailUrl\":\"https:\\\/\\\/www.gold.fr\\\/news\\\/wp-content\\\/uploads\\\/2010\\\/09\\\/gold-or.jpg\",\"keywords\":[\"cours de l'or de bourse\",\"Tout Cours de l'Or\",\"_Cours de l\u2019Or_Footer_\",\"_Home page Footer_\"],\"articleSection\":[\"Flash infos\"],\"inLanguage\":\"fr-FR\"},{\"@type\":\"WebPage\",\"@id\":\"https:\\\/\\\/www.gold.fr\\\/news\\\/2013\\\/10\\\/18\\\/la-fin-du-shutdown-booste-lor\\\/\",\"url\":\"https:\\\/\\\/www.gold.fr\\\/news\\\/2013\\\/10\\\/18\\\/la-fin-du-shutdown-booste-lor\\\/\",\"name\":\"La fin du shutdown booste l'or - Gold.fr\",\"isPartOf\":{\"@id\":\"https:\\\/\\\/www.gold.fr\\\/news\\\/#website\"},\"primaryImageOfPage\":{\"@id\":\"https:\\\/\\\/www.gold.fr\\\/news\\\/2013\\\/10\\\/18\\\/la-fin-du-shutdown-booste-lor\\\/#primaryimage\"},\"image\":{\"@id\":\"https:\\\/\\\/www.gold.fr\\\/news\\\/2013\\\/10\\\/18\\\/la-fin-du-shutdown-booste-lor\\\/#primaryimage\"},\"thumbnailUrl\":\"https:\\\/\\\/www.gold.fr\\\/news\\\/wp-content\\\/uploads\\\/2010\\\/09\\\/gold-or.jpg\",\"datePublished\":\"2013-10-18T11:00:24+00:00\",\"dateModified\":\"2020-12-07T16:41:31+00:00\",\"author\":{\"@id\":\"https:\\\/\\\/www.gold.fr\\\/news\\\/#\\\/schema\\\/person\\\/070491b4b4fb7671bf59b3be20302ce9\"},\"breadcrumb\":{\"@id\":\"https:\\\/\\\/www.gold.fr\\\/news\\\/2013\\\/10\\\/18\\\/la-fin-du-shutdown-booste-lor\\\/#breadcrumb\"},\"inLanguage\":\"fr-FR\",\"potentialAction\":[{\"@type\":\"ReadAction\",\"target\":[\"https:\\\/\\\/www.gold.fr\\\/news\\\/2013\\\/10\\\/18\\\/la-fin-du-shutdown-booste-lor\\\/\"]}]},{\"@type\":\"ImageObject\",\"inLanguage\":\"fr-FR\",\"@id\":\"https:\\\/\\\/www.gold.fr\\\/news\\\/2013\\\/10\\\/18\\\/la-fin-du-shutdown-booste-lor\\\/#primaryimage\",\"url\":\"https:\\\/\\\/www.gold.fr\\\/news\\\/wp-content\\\/uploads\\\/2010\\\/09\\\/gold-or.jpg\",\"contentUrl\":\"https:\\\/\\\/www.gold.fr\\\/news\\\/wp-content\\\/uploads\\\/2010\\\/09\\\/gold-or.jpg\",\"width\":\"600\",\"height\":\"499\",\"caption\":\"L'once rebondit, boost\u00e9e par l'aversion au risque\"},{\"@type\":\"BreadcrumbList\",\"@id\":\"https:\\\/\\\/www.gold.fr\\\/news\\\/2013\\\/10\\\/18\\\/la-fin-du-shutdown-booste-lor\\\/#breadcrumb\",\"itemListElement\":[{\"@type\":\"ListItem\",\"position\":1,\"name\":\"Accueil\",\"item\":\"https:\\\/\\\/www.gold.fr\\\/\"},{\"@type\":\"ListItem\",\"position\":2,\"name\":\"Actualit\u00e9s\",\"item\":\"https:\\\/\\\/www.gold.fr\\\/news\\\/\"},{\"@type\":\"ListItem\",\"position\":3,\"name\":\"La fin du shutdown booste l&rsquo;or\"}]},{\"@type\":\"WebSite\",\"@id\":\"https:\\\/\\\/www.gold.fr\\\/news\\\/#website\",\"url\":\"https:\\\/\\\/www.gold.fr\\\/news\\\/\",\"name\":\"Gold.fr\",\"description\":\"Actualit\u00e9s de l&#039;Or et des m\u00e9taux pr\u00e9cieux\",\"potentialAction\":[{\"@type\":\"SearchAction\",\"target\":{\"@type\":\"EntryPoint\",\"urlTemplate\":\"https:\\\/\\\/www.gold.fr\\\/news\\\/?s={search_term_string}\"},\"query-input\":{\"@type\":\"PropertyValueSpecification\",\"valueRequired\":true,\"valueName\":\"search_term_string\"}}],\"inLanguage\":\"fr-FR\"},{\"@type\":\"Person\",\"@id\":\"https:\\\/\\\/www.gold.fr\\\/news\\\/#\\\/schema\\\/person\\\/070491b4b4fb7671bf59b3be20302ce9\",\"name\":\"Comptoir National de l'Or\",\"image\":{\"@type\":\"ImageObject\",\"inLanguage\":\"fr-FR\",\"@id\":\"https:\\\/\\\/secure.gravatar.com\\\/avatar\\\/0a2867fd5abe37bed95d5a65e9d58f01756e11efc68af9888dfc50cfa7f65948?s=96&d=mm&r=gb490554db0a38188709de567aa58480d\",\"url\":\"https:\\\/\\\/secure.gravatar.com\\\/avatar\\\/0a2867fd5abe37bed95d5a65e9d58f01756e11efc68af9888dfc50cfa7f65948?s=96&d=mm&r=g\",\"contentUrl\":\"https:\\\/\\\/secure.gravatar.com\\\/avatar\\\/0a2867fd5abe37bed95d5a65e9d58f01756e11efc68af9888dfc50cfa7f65948?s=96&d=mm&r=g\",\"caption\":\"Comptoir National de l'Or\"},\"description\":\"Notre r\u00e9daction est constitu\u00e9e de membres experts dans les m\u00e9tiers de l'\u00e9conomie et la gestion, des Responsables d'agence Comptoir National de l'Or, des analystes financiers qui publient r\u00e9guli\u00e8rement des \u00e9tudes sur les politiques des banques centrales, le cours de l'or, prix de l'or, cours de l'argent, prix de l'argent, cours du platine, cours du palladium,... la situation en zone euro et l'impact de la strat\u00e9gie mon\u00e9taire de la FED. Notre \u00e9quipe scrute \u00e9galement une information plus g\u00e9n\u00e9raliste \u00e0 la recherche d'actualit\u00e9 \\\"p\u00e9pite\\\" \u00e0 vous partager. Depuis 5 ans, nous avons publi\u00e9 un peu plus de 4000 articles qui s'adressent \u00e0 un public large et vari\u00e9 ayant pour objectif de satisfaire votre curiosit\u00e9 et de partager avec vous une certaine fascination pour le m\u00e9tal jaune, le rachat d'or, et pour ceux qui veulent investir dans l'or, vendre leur or tout simplement en savoir plus... Pour tous vos achat or et argent, n'h\u00e9sitez pas \u00e0 prendre rendez-vous dans l'un de nos nombreux comptoirs.\",\"sameAs\":[\"https:\\\/\\\/www.gold.fr\"]}]}<\/script>\n<!-- \/ Yoast SEO plugin. -->","yoast_head_json":{"title":"La fin du shutdown booste l'or - Gold.fr","robots":{"index":"index","follow":"follow","max-snippet":"max-snippet:-1","max-image-preview":"max-image-preview:large","max-video-preview":"max-video-preview:-1"},"canonical":"https:\/\/www.gold.fr\/news\/2013\/10\/18\/la-fin-du-shutdown-booste-lor\/","og_locale":"fr_FR","og_type":"article","og_title":"La fin du shutdown booste l'or - Gold.fr","og_description":"L&rsquo;accord propos\u00e9, mercredi soir, par le S\u00e9nat vient d&rsquo;\u00eatre act\u00e9 par le Congr\u00e8s US. C&rsquo;est donc officiel ; l&rsquo;\u00e9tat de shutdown f\u00e9d\u00e9ral est termin\u00e9, mettant un terme tardif \u00e0 deux semaines de sp\u00e9culations pessimistes et d&rsquo;angoisses [&hellip;]","og_url":"https:\/\/www.gold.fr\/news\/2013\/10\/18\/la-fin-du-shutdown-booste-lor\/","og_site_name":"Gold.fr","article_publisher":"https:\/\/www.facebook.com\/Goldfr\/","article_published_time":"2013-10-18T11:00:24+00:00","article_modified_time":"2020-12-07T16:41:31+00:00","og_image":[{"width":600,"height":499,"url":"https:\/\/www.gold.fr\/news\/wp-content\/uploads\/2010\/09\/gold-or.jpg","type":"image\/jpeg"}],"author":"Comptoir National de l'Or","twitter_card":"summary_large_image","twitter_misc":{"\u00c9crit par":"Comptoir National de l'Or","Dur\u00e9e de lecture estim\u00e9e":"1 minute"},"schema":{"@context":"https:\/\/schema.org","@graph":[{"@type":"Article","@id":"https:\/\/www.gold.fr\/news\/2013\/10\/18\/la-fin-du-shutdown-booste-lor\/#article","isPartOf":{"@id":"https:\/\/www.gold.fr\/news\/2013\/10\/18\/la-fin-du-shutdown-booste-lor\/"},"author":{"name":"Comptoir National de l'Or","@id":"https:\/\/www.gold.fr\/news\/#\/schema\/person\/070491b4b4fb7671bf59b3be20302ce9"},"headline":"La fin du shutdown booste l&rsquo;or","datePublished":"2013-10-18T11:00:24+00:00","dateModified":"2020-12-07T16:41:31+00:00","mainEntityOfPage":{"@id":"https:\/\/www.gold.fr\/news\/2013\/10\/18\/la-fin-du-shutdown-booste-lor\/"},"wordCount":145,"image":{"@id":"https:\/\/www.gold.fr\/news\/2013\/10\/18\/la-fin-du-shutdown-booste-lor\/#primaryimage"},"thumbnailUrl":"https:\/\/www.gold.fr\/news\/wp-content\/uploads\/2010\/09\/gold-or.jpg","keywords":["cours de l'or de bourse","Tout Cours de l'Or","_Cours de l\u2019Or_Footer_","_Home page Footer_"],"articleSection":["Flash infos"],"inLanguage":"fr-FR"},{"@type":"WebPage","@id":"https:\/\/www.gold.fr\/news\/2013\/10\/18\/la-fin-du-shutdown-booste-lor\/","url":"https:\/\/www.gold.fr\/news\/2013\/10\/18\/la-fin-du-shutdown-booste-lor\/","name":"La fin du shutdown booste l'or - Gold.fr","isPartOf":{"@id":"https:\/\/www.gold.fr\/news\/#website"},"primaryImageOfPage":{"@id":"https:\/\/www.gold.fr\/news\/2013\/10\/18\/la-fin-du-shutdown-booste-lor\/#primaryimage"},"image":{"@id":"https:\/\/www.gold.fr\/news\/2013\/10\/18\/la-fin-du-shutdown-booste-lor\/#primaryimage"},"thumbnailUrl":"https:\/\/www.gold.fr\/news\/wp-content\/uploads\/2010\/09\/gold-or.jpg","datePublished":"2013-10-18T11:00:24+00:00","dateModified":"2020-12-07T16:41:31+00:00","author":{"@id":"https:\/\/www.gold.fr\/news\/#\/schema\/person\/070491b4b4fb7671bf59b3be20302ce9"},"breadcrumb":{"@id":"https:\/\/www.gold.fr\/news\/2013\/10\/18\/la-fin-du-shutdown-booste-lor\/#breadcrumb"},"inLanguage":"fr-FR","potentialAction":[{"@type":"ReadAction","target":["https:\/\/www.gold.fr\/news\/2013\/10\/18\/la-fin-du-shutdown-booste-lor\/"]}]},{"@type":"ImageObject","inLanguage":"fr-FR","@id":"https:\/\/www.gold.fr\/news\/2013\/10\/18\/la-fin-du-shutdown-booste-lor\/#primaryimage","url":"https:\/\/www.gold.fr\/news\/wp-content\/uploads\/2010\/09\/gold-or.jpg","contentUrl":"https:\/\/www.gold.fr\/news\/wp-content\/uploads\/2010\/09\/gold-or.jpg","width":"600","height":"499","caption":"L'once rebondit, boost\u00e9e par l'aversion au risque"},{"@type":"BreadcrumbList","@id":"https:\/\/www.gold.fr\/news\/2013\/10\/18\/la-fin-du-shutdown-booste-lor\/#breadcrumb","itemListElement":[{"@type":"ListItem","position":1,"name":"Accueil","item":"https:\/\/www.gold.fr\/"},{"@type":"ListItem","position":2,"name":"Actualit\u00e9s","item":"https:\/\/www.gold.fr\/news\/"},{"@type":"ListItem","position":3,"name":"La fin du shutdown booste l&rsquo;or"}]},{"@type":"WebSite","@id":"https:\/\/www.gold.fr\/news\/#website","url":"https:\/\/www.gold.fr\/news\/","name":"Gold.fr","description":"Actualit\u00e9s de l&#039;Or et des m\u00e9taux pr\u00e9cieux","potentialAction":[{"@type":"SearchAction","target":{"@type":"EntryPoint","urlTemplate":"https:\/\/www.gold.fr\/news\/?s={search_term_string}"},"query-input":{"@type":"PropertyValueSpecification","valueRequired":true,"valueName":"search_term_string"}}],"inLanguage":"fr-FR"},{"@type":"Person","@id":"https:\/\/www.gold.fr\/news\/#\/schema\/person\/070491b4b4fb7671bf59b3be20302ce9","name":"Comptoir National de l'Or","image":{"@type":"ImageObject","inLanguage":"fr-FR","@id":"https:\/\/secure.gravatar.com\/avatar\/0a2867fd5abe37bed95d5a65e9d58f01756e11efc68af9888dfc50cfa7f65948?s=96&d=mm&r=gb490554db0a38188709de567aa58480d","url":"https:\/\/secure.gravatar.com\/avatar\/0a2867fd5abe37bed95d5a65e9d58f01756e11efc68af9888dfc50cfa7f65948?s=96&d=mm&r=g","contentUrl":"https:\/\/secure.gravatar.com\/avatar\/0a2867fd5abe37bed95d5a65e9d58f01756e11efc68af9888dfc50cfa7f65948?s=96&d=mm&r=g","caption":"Comptoir National de l'Or"},"description":"Notre r\u00e9daction est constitu\u00e9e de membres experts dans les m\u00e9tiers de l'\u00e9conomie et la gestion, des Responsables d'agence Comptoir National de l'Or, des analystes financiers qui publient r\u00e9guli\u00e8rement des \u00e9tudes sur les politiques des banques centrales, le cours de l'or, prix de l'or, cours de l'argent, prix de l'argent, cours du platine, cours du palladium,... la situation en zone euro et l'impact de la strat\u00e9gie mon\u00e9taire de la FED. Notre \u00e9quipe scrute \u00e9galement une information plus g\u00e9n\u00e9raliste \u00e0 la recherche d'actualit\u00e9 \"p\u00e9pite\" \u00e0 vous partager. Depuis 5 ans, nous avons publi\u00e9 un peu plus de 4000 articles qui s'adressent \u00e0 un public large et vari\u00e9 ayant pour objectif de satisfaire votre curiosit\u00e9 et de partager avec vous une certaine fascination pour le m\u00e9tal jaune, le rachat d'or, et pour ceux qui veulent investir dans l'or, vendre leur or tout simplement en savoir plus... Pour tous vos achat or et argent, n'h\u00e9sitez pas \u00e0 prendre rendez-vous dans l'un de nos nombreux comptoirs.","sameAs":["https:\/\/www.gold.fr"]}]}},"authors":[{"term_id":2565,"user_id":18,"is_guest":0,"slug":"julie","display_name":"Comptoir National de l'Or","avatar_url":"https:\/\/secure.gravatar.com\/avatar\/713f289e398d35ead876c4a4cc08607f0d6d266058cfc25683fffb6092d0e572?s=96&d=mm&r=g","0":null,"1":"","2":"","3":"","4":"","5":"","6":"","7":"","8":""}],"_links":{"self":[{"href":"https:\/\/www.gold.fr\/news\/wp-json\/wp\/v2\/posts\/13070","targetHints":{"allow":["GET"]}}],"collection":[{"href":"https:\/\/www.gold.fr\/news\/wp-json\/wp\/v2\/posts"}],"about":[{"href":"https:\/\/www.gold.fr\/news\/wp-json\/wp\/v2\/types\/post"}],"author":[{"embeddable":true,"href":"https:\/\/www.gold.fr\/news\/wp-json\/wp\/v2\/users\/18"}],"replies":[{"embeddable":true,"href":"https:\/\/www.gold.fr\/news\/wp-json\/wp\/v2\/comments?post=13070"}],"version-history":[{"count":0,"href":"https:\/\/www.gold.fr\/news\/wp-json\/wp\/v2\/posts\/13070\/revisions"}],"wp:featuredmedia":[{"embeddable":true,"href":"https:\/\/www.gold.fr\/news\/wp-json\/wp\/v2\/media\/5006"}],"wp:attachment":[{"href":"https:\/\/www.gold.fr\/news\/wp-json\/wp\/v2\/media?parent=13070"}],"wp:term":[{"taxonomy":"category","embeddable":true,"href":"https:\/\/www.gold.fr\/news\/wp-json\/wp\/v2\/categories?post=13070"},{"taxonomy":"post_tag","embeddable":true,"href":"https:\/\/www.gold.fr\/news\/wp-json\/wp\/v2\/tags?post=13070"},{"taxonomy":"author","embeddable":true,"href":"https:\/\/www.gold.fr\/news\/wp-json\/wp\/v2\/ppma_author?post=13070"}],"curies":[{"name":"wp","href":"https:\/\/api.w.org\/{rel}","templated":true}]}}