{"id":13035,"date":"2013-10-14T09:00:30","date_gmt":"2013-10-14T07:00:30","guid":{"rendered":"https:\/\/www.gold.fr\/news\/?p=13035"},"modified":"2020-07-02T17:12:51","modified_gmt":"2020-07-02T15:12:51","slug":"leconomie-des-etats-unis-menaceeet-sa-securite-aussi","status":"publish","type":"post","link":"https:\/\/www.gold.fr\/news\/2013\/10\/14\/leconomie-des-etats-unis-menaceeet-sa-securite-aussi\/","title":{"rendered":"L\u2019\u00e9conomie des Etats-Unis menac\u00e9e\u2026et sa s\u00e9curit\u00e9 aussi !"},"content":{"rendered":"<p><span style=\"font-size: small;\"><img loading=\"lazy\" decoding=\"async\" class=\"alignleft wp-image-2965 size-thumbnail\" title=\"L\u2019\u00e9conomie des Etats-Unis menac\u00e9e\u2026et sa s\u00e9curit\u00e9 aussi !\" src=\"https:\/\/www.gold.fr\/news\/wp-content\/uploads\/2011\/10\/78327213-298x298.jpg\" alt=\"L\u2019\u00e9conomie des Etats-Unis menac\u00e9e\u2026et sa s\u00e9curit\u00e9 aussi !\" width=\"298\" height=\"298\" srcset=\"https:\/\/www.gold.fr\/news\/wp-content\/uploads\/2011\/10\/78327213-298x298.jpg 298w, https:\/\/www.gold.fr\/news\/wp-content\/uploads\/2011\/10\/78327213-1x1.jpg 1w\" sizes=\"auto, (max-width: 298px) 100vw, 298px\" \/>\u00c9conomistes, experts, observateurs, soci\u00e9t\u00e9s d\u2019investissement, entreprises cot\u00e9es en bourse, et jusqu\u2019aux bourses mondiales elles-m\u00eames\u2026Tous, sans exception, tournent les yeux, cette semaine, vers l\u2019\u00e9conomie la plus puissante au monde, et le paroxysme imminent de sa choquante crise.<\/span> <span style=\"font-size: small;\"> Sur place, aux <strong>Etats-Unis<\/strong>, les r\u00e9gulateurs financiers nationaux se sont r\u00e9unis, en urgence et en catastrophe, afin de dresser une \u00e9valuation d\u00e9taill\u00e9e des enjeux de la situation actuelle, et des implications r\u00e9elles d\u2019un \u00e9ventuel non-rel\u00e8vement du plafond de l\u2019endettement. Le bilan de la r\u00e9union n\u2019a pas \u00e9t\u00e9 publi\u00e9, hissant les angoisses des march\u00e9s vers un nouveau sommet.<\/span> <span style=\"font-size: small;\"> Et le spectre de la menace ne plane pas uniquement au-dessus de l\u2019\u00e9conomie du pays, mais aussi et surtout sur sa s\u00e9curit\u00e9. Avec <a title=\"Panique aux USA : L\u2019\u00e9tat f\u00e9d\u00e9ral est en \u00ab shutdown \u00bb\" href=\"https:\/\/www.gold.fr\/news\/2013\/10\/02\/panique-aux-usa-letat-federal-est-en-shutdown\/12969\/\" target=\"_blank\" rel=\"noopener noreferrer\">un tiers des fonctionnaires f\u00e9d\u00e9raux en ch\u00f4mage technique depuis pr\u00e8s de deux semaines<\/a>, l\u2019ensemble des organisations nationales sp\u00e9cialis\u00e9es fonctionnent au ralenti. La prolongation de la crise a donc pouss\u00e9 la <strong>CIA<\/strong> \u00e0 annoncer qu\u2019elle proc\u00e8derait d\u00e8s le milieu de cette semaine (mercredi) au rappel de certains de ses postes cl\u00e9s, afin de parer \u00e0 toute attaque mena\u00e7ant la s\u00e9curit\u00e9 du pays. C\u2019est dire\u00a0!<\/span> <span style=\"font-size: small;\"> En attendant, entre un S\u00e9nat majoritairement d\u00e9mocrate et une Chambre des repr\u00e9sentants majoritairement r\u00e9publicaine, la guerre des nerfs bat encore son plein, et ne semble pas pr\u00e8s d\u2019atteindre un quelconque d\u00e9nouement. En tout cas, pas cette semaine.<\/span><\/p>\n<!-- AddThis Advanced Settings generic via filter on the_content --><!-- AddThis Share Buttons generic via filter on the_content -->","protected":false},"excerpt":{"rendered":"<p>\u00c9conomistes, experts, observateurs, soci\u00e9t\u00e9s d\u2019investissement, entreprises cot\u00e9es en bourse, et jusqu\u2019aux bourses mondiales elles-m\u00eames\u2026Tous, sans exception, tournent les yeux, cette semaine, vers l\u2019\u00e9conomie la plus puissante au monde, et le paroxysme imminent de sa choquante crise. [&hellip;]<\/p>\n","protected":false},"author":18,"featured_media":2965,"comment_status":"closed","ping_status":"closed","sticky":false,"template":"","format":"standard","meta":{"_mbp_gutenberg_autopost":false,"_pgmb_is_evergreen":false,"_pgmb_ap_template_id":0,"footnotes":""},"categories":[6],"tags":[1561,1574,993,1100,443],"ppma_author":[2565],"class_list":["post-13035","post","type-post","status-publish","format-standard","has-post-thumbnail","hentry","category-articles-de-presse","tag-chomage-technique","tag-cia","tag-crise-usa","tag-economie-us","tag-etats-unis"],"yoast_head":"<!-- This site is optimized with the Yoast SEO plugin v27.5 - https:\/\/yoast.com\/product\/yoast-seo-wordpress\/ -->\n<title>L\u2019\u00e9conomie des Etats-Unis menac\u00e9e\u2026et sa s\u00e9curit\u00e9 aussi ! - Gold.fr<\/title>\n<meta name=\"description\" content=\"L\u2019\u00e9conomie des Etats-Unis menac\u00e9e\u2026et sa s\u00e9curit\u00e9 aussi, un \u00e9ventuel non-rel\u00e8vement du plafond de l\u2019endettement Situation \u00e9conomique, Crise\" \/>\n<meta name=\"robots\" content=\"index, follow, max-snippet:-1, max-image-preview:large, max-video-preview:-1\" \/>\n<link rel=\"canonical\" href=\"https:\/\/www.gold.fr\/news\/2013\/10\/14\/leconomie-des-etats-unis-menaceeet-sa-securite-aussi\/\" \/>\n<meta property=\"og:locale\" content=\"fr_FR\" \/>\n<meta property=\"og:type\" content=\"article\" \/>\n<meta property=\"og:title\" content=\"L\u2019\u00e9conomie des Etats-Unis menac\u00e9e\u2026et sa s\u00e9curit\u00e9 aussi ! - Gold.fr\" \/>\n<meta property=\"og:description\" content=\"L\u2019\u00e9conomie des Etats-Unis menac\u00e9e\u2026et sa s\u00e9curit\u00e9 aussi, un \u00e9ventuel non-rel\u00e8vement du plafond de l\u2019endettement Situation \u00e9conomique, Crise\" \/>\n<meta property=\"og:url\" content=\"https:\/\/www.gold.fr\/news\/2013\/10\/14\/leconomie-des-etats-unis-menaceeet-sa-securite-aussi\/\" \/>\n<meta property=\"og:site_name\" content=\"Gold.fr\" \/>\n<meta property=\"article:publisher\" content=\"https:\/\/www.facebook.com\/Goldfr\/\" \/>\n<meta property=\"article:published_time\" content=\"2013-10-14T07:00:30+00:00\" \/>\n<meta property=\"article:modified_time\" content=\"2020-07-02T15:12:51+00:00\" \/>\n<meta property=\"og:image\" content=\"https:\/\/www.gold.fr\/news\/wp-content\/uploads\/2011\/10\/78327213.jpg\" \/>\n\t<meta property=\"og:image:width\" content=\"600\" \/>\n\t<meta property=\"og:image:height\" content=\"429\" \/>\n\t<meta property=\"og:image:type\" content=\"image\/jpeg\" \/>\n<meta name=\"author\" content=\"Comptoir National de l&#039;Or\" \/>\n<meta name=\"twitter:card\" content=\"summary_large_image\" \/>\n<meta name=\"twitter:label1\" content=\"\u00c9crit par\" \/>\n\t<meta name=\"twitter:data1\" content=\"Comptoir National de l&#039;Or\" \/>\n\t<meta name=\"twitter:label2\" content=\"Dur\u00e9e de lecture estim\u00e9e\" \/>\n\t<meta name=\"twitter:data2\" content=\"1 minute\" \/>\n<script type=\"application\/ld+json\" class=\"yoast-schema-graph\">{\"@context\":\"https:\\\/\\\/schema.org\",\"@graph\":[{\"@type\":\"Article\",\"@id\":\"https:\\\/\\\/www.gold.fr\\\/news\\\/2013\\\/10\\\/14\\\/leconomie-des-etats-unis-menaceeet-sa-securite-aussi\\\/#article\",\"isPartOf\":{\"@id\":\"https:\\\/\\\/www.gold.fr\\\/news\\\/2013\\\/10\\\/14\\\/leconomie-des-etats-unis-menaceeet-sa-securite-aussi\\\/\"},\"author\":{\"name\":\"Comptoir National de l'Or\",\"@id\":\"https:\\\/\\\/www.gold.fr\\\/news\\\/#\\\/schema\\\/person\\\/070491b4b4fb7671bf59b3be20302ce9\"},\"headline\":\"L\u2019\u00e9conomie des Etats-Unis menac\u00e9e\u2026et sa s\u00e9curit\u00e9 aussi !\",\"datePublished\":\"2013-10-14T07:00:30+00:00\",\"dateModified\":\"2020-07-02T15:12:51+00:00\",\"mainEntityOfPage\":{\"@id\":\"https:\\\/\\\/www.gold.fr\\\/news\\\/2013\\\/10\\\/14\\\/leconomie-des-etats-unis-menaceeet-sa-securite-aussi\\\/\"},\"wordCount\":267,\"image\":{\"@id\":\"https:\\\/\\\/www.gold.fr\\\/news\\\/2013\\\/10\\\/14\\\/leconomie-des-etats-unis-menaceeet-sa-securite-aussi\\\/#primaryimage\"},\"thumbnailUrl\":\"https:\\\/\\\/www.gold.fr\\\/news\\\/wp-content\\\/uploads\\\/2011\\\/10\\\/78327213.jpg\",\"keywords\":[\"ch\u00f4mage technique\",\"CIA\",\"Crise USA\",\"\u00e9conomie US\",\"etats-unis\"],\"articleSection\":[\"Articles de presse\"],\"inLanguage\":\"fr-FR\"},{\"@type\":\"WebPage\",\"@id\":\"https:\\\/\\\/www.gold.fr\\\/news\\\/2013\\\/10\\\/14\\\/leconomie-des-etats-unis-menaceeet-sa-securite-aussi\\\/\",\"url\":\"https:\\\/\\\/www.gold.fr\\\/news\\\/2013\\\/10\\\/14\\\/leconomie-des-etats-unis-menaceeet-sa-securite-aussi\\\/\",\"name\":\"L\u2019\u00e9conomie des Etats-Unis menac\u00e9e\u2026et sa s\u00e9curit\u00e9 aussi ! - Gold.fr\",\"isPartOf\":{\"@id\":\"https:\\\/\\\/www.gold.fr\\\/news\\\/#website\"},\"primaryImageOfPage\":{\"@id\":\"https:\\\/\\\/www.gold.fr\\\/news\\\/2013\\\/10\\\/14\\\/leconomie-des-etats-unis-menaceeet-sa-securite-aussi\\\/#primaryimage\"},\"image\":{\"@id\":\"https:\\\/\\\/www.gold.fr\\\/news\\\/2013\\\/10\\\/14\\\/leconomie-des-etats-unis-menaceeet-sa-securite-aussi\\\/#primaryimage\"},\"thumbnailUrl\":\"https:\\\/\\\/www.gold.fr\\\/news\\\/wp-content\\\/uploads\\\/2011\\\/10\\\/78327213.jpg\",\"datePublished\":\"2013-10-14T07:00:30+00:00\",\"dateModified\":\"2020-07-02T15:12:51+00:00\",\"author\":{\"@id\":\"https:\\\/\\\/www.gold.fr\\\/news\\\/#\\\/schema\\\/person\\\/070491b4b4fb7671bf59b3be20302ce9\"},\"description\":\"L\u2019\u00e9conomie des Etats-Unis menac\u00e9e\u2026et sa s\u00e9curit\u00e9 aussi, un \u00e9ventuel non-rel\u00e8vement du plafond de l\u2019endettement Situation \u00e9conomique, Crise\",\"breadcrumb\":{\"@id\":\"https:\\\/\\\/www.gold.fr\\\/news\\\/2013\\\/10\\\/14\\\/leconomie-des-etats-unis-menaceeet-sa-securite-aussi\\\/#breadcrumb\"},\"inLanguage\":\"fr-FR\",\"potentialAction\":[{\"@type\":\"ReadAction\",\"target\":[\"https:\\\/\\\/www.gold.fr\\\/news\\\/2013\\\/10\\\/14\\\/leconomie-des-etats-unis-menaceeet-sa-securite-aussi\\\/\"]}]},{\"@type\":\"ImageObject\",\"inLanguage\":\"fr-FR\",\"@id\":\"https:\\\/\\\/www.gold.fr\\\/news\\\/2013\\\/10\\\/14\\\/leconomie-des-etats-unis-menaceeet-sa-securite-aussi\\\/#primaryimage\",\"url\":\"https:\\\/\\\/www.gold.fr\\\/news\\\/wp-content\\\/uploads\\\/2011\\\/10\\\/78327213.jpg\",\"contentUrl\":\"https:\\\/\\\/www.gold.fr\\\/news\\\/wp-content\\\/uploads\\\/2011\\\/10\\\/78327213.jpg\",\"width\":\"600\",\"height\":\"429\",\"caption\":\"Un calendrier hebdomadaire tr\u00e8s charg\u00e9\"},{\"@type\":\"BreadcrumbList\",\"@id\":\"https:\\\/\\\/www.gold.fr\\\/news\\\/2013\\\/10\\\/14\\\/leconomie-des-etats-unis-menaceeet-sa-securite-aussi\\\/#breadcrumb\",\"itemListElement\":[{\"@type\":\"ListItem\",\"position\":1,\"name\":\"Accueil\",\"item\":\"https:\\\/\\\/www.gold.fr\\\/\"},{\"@type\":\"ListItem\",\"position\":2,\"name\":\"Actualit\u00e9s\",\"item\":\"https:\\\/\\\/www.gold.fr\\\/news\\\/\"},{\"@type\":\"ListItem\",\"position\":3,\"name\":\"L\u2019\u00e9conomie des Etats-Unis menac\u00e9e\u2026et sa s\u00e9curit\u00e9 aussi !\"}]},{\"@type\":\"WebSite\",\"@id\":\"https:\\\/\\\/www.gold.fr\\\/news\\\/#website\",\"url\":\"https:\\\/\\\/www.gold.fr\\\/news\\\/\",\"name\":\"Gold.fr\",\"description\":\"Actualit\u00e9s de l&#039;Or et des m\u00e9taux pr\u00e9cieux\",\"potentialAction\":[{\"@type\":\"SearchAction\",\"target\":{\"@type\":\"EntryPoint\",\"urlTemplate\":\"https:\\\/\\\/www.gold.fr\\\/news\\\/?s={search_term_string}\"},\"query-input\":{\"@type\":\"PropertyValueSpecification\",\"valueRequired\":true,\"valueName\":\"search_term_string\"}}],\"inLanguage\":\"fr-FR\"},{\"@type\":\"Person\",\"@id\":\"https:\\\/\\\/www.gold.fr\\\/news\\\/#\\\/schema\\\/person\\\/070491b4b4fb7671bf59b3be20302ce9\",\"name\":\"Comptoir National de l'Or\",\"image\":{\"@type\":\"ImageObject\",\"inLanguage\":\"fr-FR\",\"@id\":\"https:\\\/\\\/secure.gravatar.com\\\/avatar\\\/0a2867fd5abe37bed95d5a65e9d58f01756e11efc68af9888dfc50cfa7f65948?s=96&d=mm&r=gb490554db0a38188709de567aa58480d\",\"url\":\"https:\\\/\\\/secure.gravatar.com\\\/avatar\\\/0a2867fd5abe37bed95d5a65e9d58f01756e11efc68af9888dfc50cfa7f65948?s=96&d=mm&r=g\",\"contentUrl\":\"https:\\\/\\\/secure.gravatar.com\\\/avatar\\\/0a2867fd5abe37bed95d5a65e9d58f01756e11efc68af9888dfc50cfa7f65948?s=96&d=mm&r=g\",\"caption\":\"Comptoir National de l'Or\"},\"description\":\"Notre r\u00e9daction est constitu\u00e9e de membres experts dans les m\u00e9tiers de l'\u00e9conomie et la gestion, des Responsables d'agence Comptoir National de l'Or, des analystes financiers qui publient r\u00e9guli\u00e8rement des \u00e9tudes sur les politiques des banques centrales, le cours de l'or, prix de l'or, cours de l'argent, prix de l'argent, cours du platine, cours du palladium,... la situation en zone euro et l'impact de la strat\u00e9gie mon\u00e9taire de la FED. Notre \u00e9quipe scrute \u00e9galement une information plus g\u00e9n\u00e9raliste \u00e0 la recherche d'actualit\u00e9 \\\"p\u00e9pite\\\" \u00e0 vous partager. Depuis 5 ans, nous avons publi\u00e9 un peu plus de 4000 articles qui s'adressent \u00e0 un public large et vari\u00e9 ayant pour objectif de satisfaire votre curiosit\u00e9 et de partager avec vous une certaine fascination pour le m\u00e9tal jaune, le rachat d'or, et pour ceux qui veulent investir dans l'or, vendre leur or tout simplement en savoir plus... Pour tous vos achat or et argent, n'h\u00e9sitez pas \u00e0 prendre rendez-vous dans l'un de nos nombreux comptoirs.\",\"sameAs\":[\"https:\\\/\\\/www.gold.fr\"]}]}<\/script>\n<!-- \/ Yoast SEO plugin. -->","yoast_head_json":{"title":"L\u2019\u00e9conomie des Etats-Unis menac\u00e9e\u2026et sa s\u00e9curit\u00e9 aussi ! - Gold.fr","description":"L\u2019\u00e9conomie des Etats-Unis menac\u00e9e\u2026et sa s\u00e9curit\u00e9 aussi, un \u00e9ventuel non-rel\u00e8vement du plafond de l\u2019endettement Situation \u00e9conomique, Crise","robots":{"index":"index","follow":"follow","max-snippet":"max-snippet:-1","max-image-preview":"max-image-preview:large","max-video-preview":"max-video-preview:-1"},"canonical":"https:\/\/www.gold.fr\/news\/2013\/10\/14\/leconomie-des-etats-unis-menaceeet-sa-securite-aussi\/","og_locale":"fr_FR","og_type":"article","og_title":"L\u2019\u00e9conomie des Etats-Unis menac\u00e9e\u2026et sa s\u00e9curit\u00e9 aussi ! - Gold.fr","og_description":"L\u2019\u00e9conomie des Etats-Unis menac\u00e9e\u2026et sa s\u00e9curit\u00e9 aussi, un \u00e9ventuel non-rel\u00e8vement du plafond de l\u2019endettement Situation \u00e9conomique, Crise","og_url":"https:\/\/www.gold.fr\/news\/2013\/10\/14\/leconomie-des-etats-unis-menaceeet-sa-securite-aussi\/","og_site_name":"Gold.fr","article_publisher":"https:\/\/www.facebook.com\/Goldfr\/","article_published_time":"2013-10-14T07:00:30+00:00","article_modified_time":"2020-07-02T15:12:51+00:00","og_image":[{"width":600,"height":429,"url":"https:\/\/www.gold.fr\/news\/wp-content\/uploads\/2011\/10\/78327213.jpg","type":"image\/jpeg"}],"author":"Comptoir National de l'Or","twitter_card":"summary_large_image","twitter_misc":{"\u00c9crit par":"Comptoir National de l'Or","Dur\u00e9e de lecture estim\u00e9e":"1 minute"},"schema":{"@context":"https:\/\/schema.org","@graph":[{"@type":"Article","@id":"https:\/\/www.gold.fr\/news\/2013\/10\/14\/leconomie-des-etats-unis-menaceeet-sa-securite-aussi\/#article","isPartOf":{"@id":"https:\/\/www.gold.fr\/news\/2013\/10\/14\/leconomie-des-etats-unis-menaceeet-sa-securite-aussi\/"},"author":{"name":"Comptoir National de l'Or","@id":"https:\/\/www.gold.fr\/news\/#\/schema\/person\/070491b4b4fb7671bf59b3be20302ce9"},"headline":"L\u2019\u00e9conomie des Etats-Unis menac\u00e9e\u2026et sa s\u00e9curit\u00e9 aussi !","datePublished":"2013-10-14T07:00:30+00:00","dateModified":"2020-07-02T15:12:51+00:00","mainEntityOfPage":{"@id":"https:\/\/www.gold.fr\/news\/2013\/10\/14\/leconomie-des-etats-unis-menaceeet-sa-securite-aussi\/"},"wordCount":267,"image":{"@id":"https:\/\/www.gold.fr\/news\/2013\/10\/14\/leconomie-des-etats-unis-menaceeet-sa-securite-aussi\/#primaryimage"},"thumbnailUrl":"https:\/\/www.gold.fr\/news\/wp-content\/uploads\/2011\/10\/78327213.jpg","keywords":["ch\u00f4mage technique","CIA","Crise USA","\u00e9conomie US","etats-unis"],"articleSection":["Articles de presse"],"inLanguage":"fr-FR"},{"@type":"WebPage","@id":"https:\/\/www.gold.fr\/news\/2013\/10\/14\/leconomie-des-etats-unis-menaceeet-sa-securite-aussi\/","url":"https:\/\/www.gold.fr\/news\/2013\/10\/14\/leconomie-des-etats-unis-menaceeet-sa-securite-aussi\/","name":"L\u2019\u00e9conomie des Etats-Unis menac\u00e9e\u2026et sa s\u00e9curit\u00e9 aussi ! - Gold.fr","isPartOf":{"@id":"https:\/\/www.gold.fr\/news\/#website"},"primaryImageOfPage":{"@id":"https:\/\/www.gold.fr\/news\/2013\/10\/14\/leconomie-des-etats-unis-menaceeet-sa-securite-aussi\/#primaryimage"},"image":{"@id":"https:\/\/www.gold.fr\/news\/2013\/10\/14\/leconomie-des-etats-unis-menaceeet-sa-securite-aussi\/#primaryimage"},"thumbnailUrl":"https:\/\/www.gold.fr\/news\/wp-content\/uploads\/2011\/10\/78327213.jpg","datePublished":"2013-10-14T07:00:30+00:00","dateModified":"2020-07-02T15:12:51+00:00","author":{"@id":"https:\/\/www.gold.fr\/news\/#\/schema\/person\/070491b4b4fb7671bf59b3be20302ce9"},"description":"L\u2019\u00e9conomie des Etats-Unis menac\u00e9e\u2026et sa s\u00e9curit\u00e9 aussi, un \u00e9ventuel non-rel\u00e8vement du plafond de l\u2019endettement Situation \u00e9conomique, Crise","breadcrumb":{"@id":"https:\/\/www.gold.fr\/news\/2013\/10\/14\/leconomie-des-etats-unis-menaceeet-sa-securite-aussi\/#breadcrumb"},"inLanguage":"fr-FR","potentialAction":[{"@type":"ReadAction","target":["https:\/\/www.gold.fr\/news\/2013\/10\/14\/leconomie-des-etats-unis-menaceeet-sa-securite-aussi\/"]}]},{"@type":"ImageObject","inLanguage":"fr-FR","@id":"https:\/\/www.gold.fr\/news\/2013\/10\/14\/leconomie-des-etats-unis-menaceeet-sa-securite-aussi\/#primaryimage","url":"https:\/\/www.gold.fr\/news\/wp-content\/uploads\/2011\/10\/78327213.jpg","contentUrl":"https:\/\/www.gold.fr\/news\/wp-content\/uploads\/2011\/10\/78327213.jpg","width":"600","height":"429","caption":"Un calendrier hebdomadaire tr\u00e8s charg\u00e9"},{"@type":"BreadcrumbList","@id":"https:\/\/www.gold.fr\/news\/2013\/10\/14\/leconomie-des-etats-unis-menaceeet-sa-securite-aussi\/#breadcrumb","itemListElement":[{"@type":"ListItem","position":1,"name":"Accueil","item":"https:\/\/www.gold.fr\/"},{"@type":"ListItem","position":2,"name":"Actualit\u00e9s","item":"https:\/\/www.gold.fr\/news\/"},{"@type":"ListItem","position":3,"name":"L\u2019\u00e9conomie des Etats-Unis menac\u00e9e\u2026et sa s\u00e9curit\u00e9 aussi !"}]},{"@type":"WebSite","@id":"https:\/\/www.gold.fr\/news\/#website","url":"https:\/\/www.gold.fr\/news\/","name":"Gold.fr","description":"Actualit\u00e9s de l&#039;Or et des m\u00e9taux pr\u00e9cieux","potentialAction":[{"@type":"SearchAction","target":{"@type":"EntryPoint","urlTemplate":"https:\/\/www.gold.fr\/news\/?s={search_term_string}"},"query-input":{"@type":"PropertyValueSpecification","valueRequired":true,"valueName":"search_term_string"}}],"inLanguage":"fr-FR"},{"@type":"Person","@id":"https:\/\/www.gold.fr\/news\/#\/schema\/person\/070491b4b4fb7671bf59b3be20302ce9","name":"Comptoir National de l'Or","image":{"@type":"ImageObject","inLanguage":"fr-FR","@id":"https:\/\/secure.gravatar.com\/avatar\/0a2867fd5abe37bed95d5a65e9d58f01756e11efc68af9888dfc50cfa7f65948?s=96&d=mm&r=gb490554db0a38188709de567aa58480d","url":"https:\/\/secure.gravatar.com\/avatar\/0a2867fd5abe37bed95d5a65e9d58f01756e11efc68af9888dfc50cfa7f65948?s=96&d=mm&r=g","contentUrl":"https:\/\/secure.gravatar.com\/avatar\/0a2867fd5abe37bed95d5a65e9d58f01756e11efc68af9888dfc50cfa7f65948?s=96&d=mm&r=g","caption":"Comptoir National de l'Or"},"description":"Notre r\u00e9daction est constitu\u00e9e de membres experts dans les m\u00e9tiers de l'\u00e9conomie et la gestion, des Responsables d'agence Comptoir National de l'Or, des analystes financiers qui publient r\u00e9guli\u00e8rement des \u00e9tudes sur les politiques des banques centrales, le cours de l'or, prix de l'or, cours de l'argent, prix de l'argent, cours du platine, cours du palladium,... la situation en zone euro et l'impact de la strat\u00e9gie mon\u00e9taire de la FED. Notre \u00e9quipe scrute \u00e9galement une information plus g\u00e9n\u00e9raliste \u00e0 la recherche d'actualit\u00e9 \"p\u00e9pite\" \u00e0 vous partager. Depuis 5 ans, nous avons publi\u00e9 un peu plus de 4000 articles qui s'adressent \u00e0 un public large et vari\u00e9 ayant pour objectif de satisfaire votre curiosit\u00e9 et de partager avec vous une certaine fascination pour le m\u00e9tal jaune, le rachat d'or, et pour ceux qui veulent investir dans l'or, vendre leur or tout simplement en savoir plus... Pour tous vos achat or et argent, n'h\u00e9sitez pas \u00e0 prendre rendez-vous dans l'un de nos nombreux comptoirs.","sameAs":["https:\/\/www.gold.fr"]}]}},"authors":[{"term_id":2565,"user_id":18,"is_guest":0,"slug":"julie","display_name":"Comptoir National de l'Or","avatar_url":"https:\/\/secure.gravatar.com\/avatar\/713f289e398d35ead876c4a4cc08607f0d6d266058cfc25683fffb6092d0e572?s=96&d=mm&r=g","0":null,"1":"","2":"","3":"","4":"","5":"","6":"","7":"","8":""}],"_links":{"self":[{"href":"https:\/\/www.gold.fr\/news\/wp-json\/wp\/v2\/posts\/13035","targetHints":{"allow":["GET"]}}],"collection":[{"href":"https:\/\/www.gold.fr\/news\/wp-json\/wp\/v2\/posts"}],"about":[{"href":"https:\/\/www.gold.fr\/news\/wp-json\/wp\/v2\/types\/post"}],"author":[{"embeddable":true,"href":"https:\/\/www.gold.fr\/news\/wp-json\/wp\/v2\/users\/18"}],"replies":[{"embeddable":true,"href":"https:\/\/www.gold.fr\/news\/wp-json\/wp\/v2\/comments?post=13035"}],"version-history":[{"count":0,"href":"https:\/\/www.gold.fr\/news\/wp-json\/wp\/v2\/posts\/13035\/revisions"}],"wp:featuredmedia":[{"embeddable":true,"href":"https:\/\/www.gold.fr\/news\/wp-json\/wp\/v2\/media\/2965"}],"wp:attachment":[{"href":"https:\/\/www.gold.fr\/news\/wp-json\/wp\/v2\/media?parent=13035"}],"wp:term":[{"taxonomy":"category","embeddable":true,"href":"https:\/\/www.gold.fr\/news\/wp-json\/wp\/v2\/categories?post=13035"},{"taxonomy":"post_tag","embeddable":true,"href":"https:\/\/www.gold.fr\/news\/wp-json\/wp\/v2\/tags?post=13035"},{"taxonomy":"author","embeddable":true,"href":"https:\/\/www.gold.fr\/news\/wp-json\/wp\/v2\/ppma_author?post=13035"}],"curies":[{"name":"wp","href":"https:\/\/api.w.org\/{rel}","templated":true}]}}