{"id":13011,"date":"2013-10-09T09:00:35","date_gmt":"2013-10-09T07:00:35","guid":{"rendered":"https:\/\/www.gold.fr\/news\/?p=13011"},"modified":"2017-11-02T11:39:49","modified_gmt":"2017-11-02T10:39:49","slug":"plafond-dendettement-us-une-crise-imminente","status":"publish","type":"post","link":"https:\/\/www.gold.fr\/news\/2013\/10\/09\/plafond-dendettement-us-une-crise-imminente\/","title":{"rendered":"Plafond d\u2019endettement US : Une crise imminente"},"content":{"rendered":"<p><img loading=\"lazy\" decoding=\"async\" class=\"alignleft size-thumbnail wp-image-5914\" title=\"Plafond d\u2019endettement US : Une crise imminente\" src=\"https:\/\/www.gold.fr\/news\/wp-content\/uploads\/2012\/02\/dollaror-e1357571401692-150x150.jpg\" alt=\"\" width=\"150\" height=\"150\" \/><span style=\"font-size: small;\">C\u2019est une date fatidique qui s\u2019annonce \u00e0 l\u2019horizon du planning \u00e9conomique du gouvernement am\u00e9ricain. Courant octobre, les \u00e9lus US vont \u00eatre oblig\u00e9s de s\u2019installer \u00e0 nouveau autour de la table des n\u00e9gociations afin de voter le rel\u00e8vement du plafond de la dette nationale.<\/span>    <span style=\"font-size: small;\"> Et insistons bien sur la notion d\u2019obligation, dans la mesure o\u00f9 les \u00e9lus am\u00e9ricains ne seront pas press\u00e9s de reprendre place autour de cette table. Rappelons d\u2019ailleurs qu\u2019ils y sont encore, \u00e0 l\u2019heure o\u00f9 on parle, incapables de briser le mur de leurs divergences d\u2019opinion pour arriver \u00e0 simplement fixer un budget f\u00e9d\u00e9ral\u00a0!<\/span>    <span style=\"font-size: small;\"> Par ailleurs, la situation actuelle renferme une part flagrante d\u2019ironie\u00a0; \u00e0 l\u2019heure m\u00eame o\u00f9 les rumeurs vont bon train concernant une imminente fin des injections mon\u00e9taires mensuelles et massives de la <strong>FED<\/strong>, le parlement s\u2019appr\u00eate \u00e0 voter le rel\u00e8vement du plafond de sa dette. Il faudrait d\u00e9cider\u00a0; le pays peut-il se passer d\u2019aides mon\u00e9taires ou pas\u00a0? A moins que le gouvernement n\u2019estime qu\u2019une dette externe soit un meilleur choix que celui de faire fonctionner la machine \u00e0 cr\u00e9er des billets verts \u00e0 plein temps. Auquel cas, on devrait souligner que le d\u00e9passement des quelques <strong>16 500 milliards de dollars<\/strong> de dettes (plafond actuel) handicaperait fatalement le pays de mani\u00e8re permanente, le rendant rapidement insolvable (d\u00e9faut de paiement).<\/span>    <span style=\"font-size: small;\"> De toute mani\u00e8re, d\u2019apr\u00e8s le ministre des finances am\u00e9ricain, les <strong>Etats-Unis<\/strong> d\u00e9passeront d\u00e9j\u00e0 ce plafond, d\u00e8s la semaine prochaine. Difficile donc de passer \u00e0 c\u00f4t\u00e9 de la crise. Le gouvernement US y fonce d\u00e9j\u00e0 \u00e0 vitesse grand V.<\/span><\/p>\n<!-- AddThis Advanced Settings generic via filter on the_content --><!-- AddThis Share Buttons generic via filter on the_content -->","protected":false},"excerpt":{"rendered":"<p>C\u2019est une date fatidique qui s\u2019annonce \u00e0 l\u2019horizon du planning \u00e9conomique du gouvernement am\u00e9ricain. Courant octobre, les \u00e9lus US vont \u00eatre oblig\u00e9s de s\u2019installer \u00e0 nouveau autour de la table des n\u00e9gociations afin de voter le [&hellip;]<\/p>\n","protected":false},"author":18,"featured_media":0,"comment_status":"open","ping_status":"open","sticky":false,"template":"","format":"standard","meta":{"_mbp_gutenberg_autopost":false,"_pgmb_is_evergreen":false,"_pgmb_ap_template_id":0,"footnotes":""},"categories":[6],"tags":[1189,1100,1059],"ppma_author":[2565],"class_list":["post-13011","post","type-post","status-publish","format-standard","hentry","category-articles-de-presse","tag-crise-us","tag-economie-us","tag-endettement-us"],"yoast_head":"<!-- This site is optimized with the Yoast SEO plugin v27.5 - https:\/\/yoast.com\/product\/yoast-seo-wordpress\/ -->\n<title>Plafond d\u2019endettement US : Une crise imminente - Gold.fr<\/title>\n<meta name=\"robots\" content=\"index, follow, max-snippet:-1, max-image-preview:large, max-video-preview:-1\" \/>\n<link rel=\"canonical\" href=\"https:\/\/www.gold.fr\/news\/2013\/10\/09\/plafond-dendettement-us-une-crise-imminente\/\" \/>\n<meta property=\"og:locale\" content=\"fr_FR\" \/>\n<meta property=\"og:type\" content=\"article\" \/>\n<meta property=\"og:title\" content=\"Plafond d\u2019endettement US : Une crise imminente - Gold.fr\" \/>\n<meta property=\"og:description\" content=\"C\u2019est une date fatidique qui s\u2019annonce \u00e0 l\u2019horizon du planning \u00e9conomique du gouvernement am\u00e9ricain. Courant octobre, les \u00e9lus US vont \u00eatre oblig\u00e9s de s\u2019installer \u00e0 nouveau autour de la table des n\u00e9gociations afin de voter le [&hellip;]\" \/>\n<meta property=\"og:url\" content=\"https:\/\/www.gold.fr\/news\/2013\/10\/09\/plafond-dendettement-us-une-crise-imminente\/\" \/>\n<meta property=\"og:site_name\" content=\"Gold.fr\" \/>\n<meta property=\"article:publisher\" content=\"https:\/\/www.facebook.com\/Goldfr\/\" \/>\n<meta property=\"article:published_time\" content=\"2013-10-09T07:00:35+00:00\" \/>\n<meta property=\"article:modified_time\" content=\"2017-11-02T10:39:49+00:00\" \/>\n<meta property=\"og:image\" content=\"https:\/\/www.gold.fr\/news\/wp-content\/uploads\/2012\/02\/dollaror-e1357571401692-150x150.jpg\" \/>\n<meta name=\"author\" content=\"Comptoir National de l&#039;Or\" \/>\n<meta name=\"twitter:card\" content=\"summary_large_image\" \/>\n<meta name=\"twitter:label1\" content=\"\u00c9crit par\" \/>\n\t<meta name=\"twitter:data1\" content=\"Comptoir National de l&#039;Or\" \/>\n\t<meta name=\"twitter:label2\" content=\"Dur\u00e9e de lecture estim\u00e9e\" \/>\n\t<meta name=\"twitter:data2\" content=\"1 minute\" \/>\n<script type=\"application\/ld+json\" class=\"yoast-schema-graph\">{\"@context\":\"https:\\\/\\\/schema.org\",\"@graph\":[{\"@type\":\"Article\",\"@id\":\"https:\\\/\\\/www.gold.fr\\\/news\\\/2013\\\/10\\\/09\\\/plafond-dendettement-us-une-crise-imminente\\\/#article\",\"isPartOf\":{\"@id\":\"https:\\\/\\\/www.gold.fr\\\/news\\\/2013\\\/10\\\/09\\\/plafond-dendettement-us-une-crise-imminente\\\/\"},\"author\":{\"name\":\"Comptoir National de l'Or\",\"@id\":\"https:\\\/\\\/www.gold.fr\\\/news\\\/#\\\/schema\\\/person\\\/070491b4b4fb7671bf59b3be20302ce9\"},\"headline\":\"Plafond d\u2019endettement US : Une crise imminente\",\"datePublished\":\"2013-10-09T07:00:35+00:00\",\"dateModified\":\"2017-11-02T10:39:49+00:00\",\"mainEntityOfPage\":{\"@id\":\"https:\\\/\\\/www.gold.fr\\\/news\\\/2013\\\/10\\\/09\\\/plafond-dendettement-us-une-crise-imminente\\\/\"},\"wordCount\":288,\"commentCount\":0,\"image\":{\"@id\":\"https:\\\/\\\/www.gold.fr\\\/news\\\/2013\\\/10\\\/09\\\/plafond-dendettement-us-une-crise-imminente\\\/#primaryimage\"},\"thumbnailUrl\":\"https:\\\/\\\/www.gold.fr\\\/news\\\/wp-content\\\/uploads\\\/2012\\\/02\\\/dollaror-e1357571401692-150x150.jpg\",\"keywords\":[\"crise US\",\"\u00e9conomie US\",\"endettement US\"],\"articleSection\":[\"Articles de presse\"],\"inLanguage\":\"fr-FR\"},{\"@type\":\"WebPage\",\"@id\":\"https:\\\/\\\/www.gold.fr\\\/news\\\/2013\\\/10\\\/09\\\/plafond-dendettement-us-une-crise-imminente\\\/\",\"url\":\"https:\\\/\\\/www.gold.fr\\\/news\\\/2013\\\/10\\\/09\\\/plafond-dendettement-us-une-crise-imminente\\\/\",\"name\":\"Plafond d\u2019endettement US : Une crise imminente - Gold.fr\",\"isPartOf\":{\"@id\":\"https:\\\/\\\/www.gold.fr\\\/news\\\/#website\"},\"primaryImageOfPage\":{\"@id\":\"https:\\\/\\\/www.gold.fr\\\/news\\\/2013\\\/10\\\/09\\\/plafond-dendettement-us-une-crise-imminente\\\/#primaryimage\"},\"image\":{\"@id\":\"https:\\\/\\\/www.gold.fr\\\/news\\\/2013\\\/10\\\/09\\\/plafond-dendettement-us-une-crise-imminente\\\/#primaryimage\"},\"thumbnailUrl\":\"https:\\\/\\\/www.gold.fr\\\/news\\\/wp-content\\\/uploads\\\/2012\\\/02\\\/dollaror-e1357571401692-150x150.jpg\",\"datePublished\":\"2013-10-09T07:00:35+00:00\",\"dateModified\":\"2017-11-02T10:39:49+00:00\",\"author\":{\"@id\":\"https:\\\/\\\/www.gold.fr\\\/news\\\/#\\\/schema\\\/person\\\/070491b4b4fb7671bf59b3be20302ce9\"},\"breadcrumb\":{\"@id\":\"https:\\\/\\\/www.gold.fr\\\/news\\\/2013\\\/10\\\/09\\\/plafond-dendettement-us-une-crise-imminente\\\/#breadcrumb\"},\"inLanguage\":\"fr-FR\",\"potentialAction\":[{\"@type\":\"ReadAction\",\"target\":[\"https:\\\/\\\/www.gold.fr\\\/news\\\/2013\\\/10\\\/09\\\/plafond-dendettement-us-une-crise-imminente\\\/\"]}]},{\"@type\":\"ImageObject\",\"inLanguage\":\"fr-FR\",\"@id\":\"https:\\\/\\\/www.gold.fr\\\/news\\\/2013\\\/10\\\/09\\\/plafond-dendettement-us-une-crise-imminente\\\/#primaryimage\",\"url\":\"https:\\\/\\\/www.gold.fr\\\/news\\\/wp-content\\\/uploads\\\/2012\\\/02\\\/dollaror-e1357571401692-150x150.jpg\",\"contentUrl\":\"https:\\\/\\\/www.gold.fr\\\/news\\\/wp-content\\\/uploads\\\/2012\\\/02\\\/dollaror-e1357571401692-150x150.jpg\"},{\"@type\":\"BreadcrumbList\",\"@id\":\"https:\\\/\\\/www.gold.fr\\\/news\\\/2013\\\/10\\\/09\\\/plafond-dendettement-us-une-crise-imminente\\\/#breadcrumb\",\"itemListElement\":[{\"@type\":\"ListItem\",\"position\":1,\"name\":\"Accueil\",\"item\":\"https:\\\/\\\/www.gold.fr\\\/\"},{\"@type\":\"ListItem\",\"position\":2,\"name\":\"Actualit\u00e9s\",\"item\":\"https:\\\/\\\/www.gold.fr\\\/news\\\/\"},{\"@type\":\"ListItem\",\"position\":3,\"name\":\"Plafond d\u2019endettement US : Une crise imminente\"}]},{\"@type\":\"WebSite\",\"@id\":\"https:\\\/\\\/www.gold.fr\\\/news\\\/#website\",\"url\":\"https:\\\/\\\/www.gold.fr\\\/news\\\/\",\"name\":\"Gold.fr\",\"description\":\"Actualit\u00e9s de l&#039;Or et des m\u00e9taux pr\u00e9cieux\",\"potentialAction\":[{\"@type\":\"SearchAction\",\"target\":{\"@type\":\"EntryPoint\",\"urlTemplate\":\"https:\\\/\\\/www.gold.fr\\\/news\\\/?s={search_term_string}\"},\"query-input\":{\"@type\":\"PropertyValueSpecification\",\"valueRequired\":true,\"valueName\":\"search_term_string\"}}],\"inLanguage\":\"fr-FR\"},{\"@type\":\"Person\",\"@id\":\"https:\\\/\\\/www.gold.fr\\\/news\\\/#\\\/schema\\\/person\\\/070491b4b4fb7671bf59b3be20302ce9\",\"name\":\"Comptoir National de l'Or\",\"image\":{\"@type\":\"ImageObject\",\"inLanguage\":\"fr-FR\",\"@id\":\"https:\\\/\\\/secure.gravatar.com\\\/avatar\\\/0a2867fd5abe37bed95d5a65e9d58f01756e11efc68af9888dfc50cfa7f65948?s=96&d=mm&r=gb490554db0a38188709de567aa58480d\",\"url\":\"https:\\\/\\\/secure.gravatar.com\\\/avatar\\\/0a2867fd5abe37bed95d5a65e9d58f01756e11efc68af9888dfc50cfa7f65948?s=96&d=mm&r=g\",\"contentUrl\":\"https:\\\/\\\/secure.gravatar.com\\\/avatar\\\/0a2867fd5abe37bed95d5a65e9d58f01756e11efc68af9888dfc50cfa7f65948?s=96&d=mm&r=g\",\"caption\":\"Comptoir National de l'Or\"},\"description\":\"Notre r\u00e9daction est constitu\u00e9e de membres experts dans les m\u00e9tiers de l'\u00e9conomie et la gestion, des Responsables d'agence Comptoir National de l'Or, des analystes financiers qui publient r\u00e9guli\u00e8rement des \u00e9tudes sur les politiques des banques centrales, le cours de l'or, prix de l'or, cours de l'argent, prix de l'argent, cours du platine, cours du palladium,... la situation en zone euro et l'impact de la strat\u00e9gie mon\u00e9taire de la FED. Notre \u00e9quipe scrute \u00e9galement une information plus g\u00e9n\u00e9raliste \u00e0 la recherche d'actualit\u00e9 \\\"p\u00e9pite\\\" \u00e0 vous partager. Depuis 5 ans, nous avons publi\u00e9 un peu plus de 4000 articles qui s'adressent \u00e0 un public large et vari\u00e9 ayant pour objectif de satisfaire votre curiosit\u00e9 et de partager avec vous une certaine fascination pour le m\u00e9tal jaune, le rachat d'or, et pour ceux qui veulent investir dans l'or, vendre leur or tout simplement en savoir plus... Pour tous vos achat or et argent, n'h\u00e9sitez pas \u00e0 prendre rendez-vous dans l'un de nos nombreux comptoirs.\",\"sameAs\":[\"https:\\\/\\\/www.gold.fr\"]}]}<\/script>\n<!-- \/ Yoast SEO plugin. -->","yoast_head_json":{"title":"Plafond d\u2019endettement US : Une crise imminente - Gold.fr","robots":{"index":"index","follow":"follow","max-snippet":"max-snippet:-1","max-image-preview":"max-image-preview:large","max-video-preview":"max-video-preview:-1"},"canonical":"https:\/\/www.gold.fr\/news\/2013\/10\/09\/plafond-dendettement-us-une-crise-imminente\/","og_locale":"fr_FR","og_type":"article","og_title":"Plafond d\u2019endettement US : Une crise imminente - Gold.fr","og_description":"C\u2019est une date fatidique qui s\u2019annonce \u00e0 l\u2019horizon du planning \u00e9conomique du gouvernement am\u00e9ricain. Courant octobre, les \u00e9lus US vont \u00eatre oblig\u00e9s de s\u2019installer \u00e0 nouveau autour de la table des n\u00e9gociations afin de voter le [&hellip;]","og_url":"https:\/\/www.gold.fr\/news\/2013\/10\/09\/plafond-dendettement-us-une-crise-imminente\/","og_site_name":"Gold.fr","article_publisher":"https:\/\/www.facebook.com\/Goldfr\/","article_published_time":"2013-10-09T07:00:35+00:00","article_modified_time":"2017-11-02T10:39:49+00:00","og_image":[{"url":"https:\/\/www.gold.fr\/news\/wp-content\/uploads\/2012\/02\/dollaror-e1357571401692-150x150.jpg","type":"","width":"","height":""}],"author":"Comptoir National de l'Or","twitter_card":"summary_large_image","twitter_misc":{"\u00c9crit par":"Comptoir National de l'Or","Dur\u00e9e de lecture estim\u00e9e":"1 minute"},"schema":{"@context":"https:\/\/schema.org","@graph":[{"@type":"Article","@id":"https:\/\/www.gold.fr\/news\/2013\/10\/09\/plafond-dendettement-us-une-crise-imminente\/#article","isPartOf":{"@id":"https:\/\/www.gold.fr\/news\/2013\/10\/09\/plafond-dendettement-us-une-crise-imminente\/"},"author":{"name":"Comptoir National de l'Or","@id":"https:\/\/www.gold.fr\/news\/#\/schema\/person\/070491b4b4fb7671bf59b3be20302ce9"},"headline":"Plafond d\u2019endettement US : Une crise imminente","datePublished":"2013-10-09T07:00:35+00:00","dateModified":"2017-11-02T10:39:49+00:00","mainEntityOfPage":{"@id":"https:\/\/www.gold.fr\/news\/2013\/10\/09\/plafond-dendettement-us-une-crise-imminente\/"},"wordCount":288,"commentCount":0,"image":{"@id":"https:\/\/www.gold.fr\/news\/2013\/10\/09\/plafond-dendettement-us-une-crise-imminente\/#primaryimage"},"thumbnailUrl":"https:\/\/www.gold.fr\/news\/wp-content\/uploads\/2012\/02\/dollaror-e1357571401692-150x150.jpg","keywords":["crise US","\u00e9conomie US","endettement US"],"articleSection":["Articles de presse"],"inLanguage":"fr-FR"},{"@type":"WebPage","@id":"https:\/\/www.gold.fr\/news\/2013\/10\/09\/plafond-dendettement-us-une-crise-imminente\/","url":"https:\/\/www.gold.fr\/news\/2013\/10\/09\/plafond-dendettement-us-une-crise-imminente\/","name":"Plafond d\u2019endettement US : Une crise imminente - Gold.fr","isPartOf":{"@id":"https:\/\/www.gold.fr\/news\/#website"},"primaryImageOfPage":{"@id":"https:\/\/www.gold.fr\/news\/2013\/10\/09\/plafond-dendettement-us-une-crise-imminente\/#primaryimage"},"image":{"@id":"https:\/\/www.gold.fr\/news\/2013\/10\/09\/plafond-dendettement-us-une-crise-imminente\/#primaryimage"},"thumbnailUrl":"https:\/\/www.gold.fr\/news\/wp-content\/uploads\/2012\/02\/dollaror-e1357571401692-150x150.jpg","datePublished":"2013-10-09T07:00:35+00:00","dateModified":"2017-11-02T10:39:49+00:00","author":{"@id":"https:\/\/www.gold.fr\/news\/#\/schema\/person\/070491b4b4fb7671bf59b3be20302ce9"},"breadcrumb":{"@id":"https:\/\/www.gold.fr\/news\/2013\/10\/09\/plafond-dendettement-us-une-crise-imminente\/#breadcrumb"},"inLanguage":"fr-FR","potentialAction":[{"@type":"ReadAction","target":["https:\/\/www.gold.fr\/news\/2013\/10\/09\/plafond-dendettement-us-une-crise-imminente\/"]}]},{"@type":"ImageObject","inLanguage":"fr-FR","@id":"https:\/\/www.gold.fr\/news\/2013\/10\/09\/plafond-dendettement-us-une-crise-imminente\/#primaryimage","url":"https:\/\/www.gold.fr\/news\/wp-content\/uploads\/2012\/02\/dollaror-e1357571401692-150x150.jpg","contentUrl":"https:\/\/www.gold.fr\/news\/wp-content\/uploads\/2012\/02\/dollaror-e1357571401692-150x150.jpg"},{"@type":"BreadcrumbList","@id":"https:\/\/www.gold.fr\/news\/2013\/10\/09\/plafond-dendettement-us-une-crise-imminente\/#breadcrumb","itemListElement":[{"@type":"ListItem","position":1,"name":"Accueil","item":"https:\/\/www.gold.fr\/"},{"@type":"ListItem","position":2,"name":"Actualit\u00e9s","item":"https:\/\/www.gold.fr\/news\/"},{"@type":"ListItem","position":3,"name":"Plafond d\u2019endettement US : Une crise imminente"}]},{"@type":"WebSite","@id":"https:\/\/www.gold.fr\/news\/#website","url":"https:\/\/www.gold.fr\/news\/","name":"Gold.fr","description":"Actualit\u00e9s de l&#039;Or et des m\u00e9taux pr\u00e9cieux","potentialAction":[{"@type":"SearchAction","target":{"@type":"EntryPoint","urlTemplate":"https:\/\/www.gold.fr\/news\/?s={search_term_string}"},"query-input":{"@type":"PropertyValueSpecification","valueRequired":true,"valueName":"search_term_string"}}],"inLanguage":"fr-FR"},{"@type":"Person","@id":"https:\/\/www.gold.fr\/news\/#\/schema\/person\/070491b4b4fb7671bf59b3be20302ce9","name":"Comptoir National de l'Or","image":{"@type":"ImageObject","inLanguage":"fr-FR","@id":"https:\/\/secure.gravatar.com\/avatar\/0a2867fd5abe37bed95d5a65e9d58f01756e11efc68af9888dfc50cfa7f65948?s=96&d=mm&r=gb490554db0a38188709de567aa58480d","url":"https:\/\/secure.gravatar.com\/avatar\/0a2867fd5abe37bed95d5a65e9d58f01756e11efc68af9888dfc50cfa7f65948?s=96&d=mm&r=g","contentUrl":"https:\/\/secure.gravatar.com\/avatar\/0a2867fd5abe37bed95d5a65e9d58f01756e11efc68af9888dfc50cfa7f65948?s=96&d=mm&r=g","caption":"Comptoir National de l'Or"},"description":"Notre r\u00e9daction est constitu\u00e9e de membres experts dans les m\u00e9tiers de l'\u00e9conomie et la gestion, des Responsables d'agence Comptoir National de l'Or, des analystes financiers qui publient r\u00e9guli\u00e8rement des \u00e9tudes sur les politiques des banques centrales, le cours de l'or, prix de l'or, cours de l'argent, prix de l'argent, cours du platine, cours du palladium,... la situation en zone euro et l'impact de la strat\u00e9gie mon\u00e9taire de la FED. Notre \u00e9quipe scrute \u00e9galement une information plus g\u00e9n\u00e9raliste \u00e0 la recherche d'actualit\u00e9 \"p\u00e9pite\" \u00e0 vous partager. Depuis 5 ans, nous avons publi\u00e9 un peu plus de 4000 articles qui s'adressent \u00e0 un public large et vari\u00e9 ayant pour objectif de satisfaire votre curiosit\u00e9 et de partager avec vous une certaine fascination pour le m\u00e9tal jaune, le rachat d'or, et pour ceux qui veulent investir dans l'or, vendre leur or tout simplement en savoir plus... Pour tous vos achat or et argent, n'h\u00e9sitez pas \u00e0 prendre rendez-vous dans l'un de nos nombreux comptoirs.","sameAs":["https:\/\/www.gold.fr"]}]}},"authors":[{"term_id":2565,"user_id":18,"is_guest":0,"slug":"julie","display_name":"Comptoir National de l'Or","avatar_url":"https:\/\/secure.gravatar.com\/avatar\/713f289e398d35ead876c4a4cc08607f0d6d266058cfc25683fffb6092d0e572?s=96&d=mm&r=g","0":null,"1":"","2":"","3":"","4":"","5":"","6":"","7":"","8":""}],"_links":{"self":[{"href":"https:\/\/www.gold.fr\/news\/wp-json\/wp\/v2\/posts\/13011","targetHints":{"allow":["GET"]}}],"collection":[{"href":"https:\/\/www.gold.fr\/news\/wp-json\/wp\/v2\/posts"}],"about":[{"href":"https:\/\/www.gold.fr\/news\/wp-json\/wp\/v2\/types\/post"}],"author":[{"embeddable":true,"href":"https:\/\/www.gold.fr\/news\/wp-json\/wp\/v2\/users\/18"}],"replies":[{"embeddable":true,"href":"https:\/\/www.gold.fr\/news\/wp-json\/wp\/v2\/comments?post=13011"}],"version-history":[{"count":0,"href":"https:\/\/www.gold.fr\/news\/wp-json\/wp\/v2\/posts\/13011\/revisions"}],"wp:attachment":[{"href":"https:\/\/www.gold.fr\/news\/wp-json\/wp\/v2\/media?parent=13011"}],"wp:term":[{"taxonomy":"category","embeddable":true,"href":"https:\/\/www.gold.fr\/news\/wp-json\/wp\/v2\/categories?post=13011"},{"taxonomy":"post_tag","embeddable":true,"href":"https:\/\/www.gold.fr\/news\/wp-json\/wp\/v2\/tags?post=13011"},{"taxonomy":"author","embeddable":true,"href":"https:\/\/www.gold.fr\/news\/wp-json\/wp\/v2\/ppma_author?post=13011"}],"curies":[{"name":"wp","href":"https:\/\/api.w.org\/{rel}","templated":true}]}}