{"id":12982,"date":"2013-10-04T17:00:50","date_gmt":"2013-10-04T15:00:50","guid":{"rendered":"https:\/\/www.gold.fr\/news\/?p=12982"},"modified":"2019-08-21T15:22:47","modified_gmt":"2019-08-21T13:22:47","slug":"lor-subit-il-la-fin-de-la-crise-mondiale","status":"publish","type":"post","link":"https:\/\/www.gold.fr\/news\/2013\/10\/04\/lor-subit-il-la-fin-de-la-crise-mondiale\/","title":{"rendered":"L\u2019or subit-il la fin de la crise mondiale ?"},"content":{"rendered":"<p><span style=\"font-size: small;\"><img loading=\"lazy\" decoding=\"async\" class=\"alignleft size-thumbnail wp-image-10167\" title=\"L\u2019or subit-il la fin de la crise mondiale ?\" src=\"https:\/\/www.gold.fr\/news\/wp-content\/uploads\/2011\/03\/lingots-or-1kg-150x150.jpg\" alt=\"\" width=\"150\" height=\"150\" \/>Apr\u00e8s des ann\u00e9es de bataille farouche contre le spectre de ce que les professionnels appellent un risque \u00ab\u00a0<em>syst\u00e9mique<\/em>\u00ab\u00a0, les deux c\u00f4t\u00e9s de l&rsquo;Atlantique semblent enfin rentrer en convalescence et reprendre lentement des forces.<\/span> <span style=\"font-size: small;\"> Du coup, les r\u00e9cents signes d&rsquo;am\u00e9lioration, aux <strong>Etats-Unis<\/strong> et en <strong>Europe<\/strong>, ont pouss\u00e9 bon nombre d&rsquo;observateurs \u00e0 expliquer la baisse de r\u00e9gime du march\u00e9 aurif\u00e8re (depuis la fin <strong>2012<\/strong>) comme un indice irr\u00e9futable de la fin de la menace d&rsquo;une crise financi\u00e8re mondiale. La situation est pourtant loin d&rsquo;\u00eatre aussi simple.<\/span> <span style=\"font-size: small;\"> Tout d&rsquo;abord, il ne faut pas oublier que la crise vient \u00e0 peine d&rsquo;\u00eatre \u00e9vit\u00e9e, au sein de la zone euro. Il y a encore quelques mois, le bloc europ\u00e9en multipliait encore les tentatives vaines de surmonter les crises d&rsquo;endettement qui se r\u00e9pandaient \u00e0 une vitesse \u00e9pid\u00e9mique parmi les pays de la zone. C\u00f4t\u00e9 am\u00e9ricain, ce sont surtout les difficult\u00e9s mon\u00e9taires et financi\u00e8res qui posent le plus gros probl\u00e8me. Entre r\u00e9sultats \u00e9conomiques stagnants et <a title=\"La FED redonne la forme aux march\u00e9s\" href=\"https:\/\/www.gold.fr\/news\/2013\/09\/27\/la-fed-redonne-la-forme-aux-marches\/12907\/\" target=\"_blank\" rel=\"noopener noreferrer\">injections titanesques de la <strong>FED<\/strong><\/a>, <strong>l&rsquo;\u00e9conomie US<\/strong> n&rsquo;est pas encore pr\u00eate \u00e0 tenir solidement et ind\u00e9pendamment.<\/span> <span style=\"font-size: small;\"> Mais, au-del\u00e0 m\u00eame de ces \u00e9picentres originels de la crise, il semblerait aujourd&rsquo;hui que les sympt\u00f4mes de l&rsquo;\u00e9pid\u00e9mie aient atteint une bonne partie des pays \u00e9mergents. Que ce soit en <strong>Chine<\/strong>, au <strong>Br\u00e9sil<\/strong>, en <strong>Inde<\/strong>, en <strong>Indon\u00e9sie<\/strong> ou encore en <strong>Turquie<\/strong>, tous les signes ais\u00e9ment reconnaissables sont l\u00e0 ; menace inflationniste, bulle immobili\u00e8re, crise d&rsquo;endettement, effondrement du syst\u00e8me bancaire, politique mon\u00e9taire ultra accommodante\u2026<\/span> <span style=\"font-size: small;\"> Il serait donc avis\u00e9 d&rsquo;affirmer que, loin d&rsquo;\u00eatre finie, la crise s&rsquo;est simplement d\u00e9plac\u00e9e, installant son nouvel \u00e9picentre au c\u0153ur m\u00eame des pays \u00e9mergeants. Et tant qu&rsquo;une part (\u00e9conomiquement) importante du globe suffoquera sous le poids de la crise, l&rsquo;<a class=\"esk-seo-plu-link\" href=\"https:\/\/www.gold.fr\/news\/tags\/or\">or<\/a> n&rsquo;a pas fini de connaitre ses jours de gloire, et ses phases de baisse ne sauraient perdurer.<\/span><\/p>\n<!-- AddThis Advanced Settings generic via filter on the_content --><!-- AddThis Share Buttons generic via filter on the_content -->","protected":false},"excerpt":{"rendered":"<p>Apr\u00e8s des ann\u00e9es de bataille farouche contre le spectre de ce que les professionnels appellent un risque \u00ab\u00a0syst\u00e9mique\u00ab\u00a0, les deux c\u00f4t\u00e9s de l&rsquo;Atlantique semblent enfin rentrer en convalescence et reprendre lentement des forces. Du coup, les [&hellip;]<\/p>\n","protected":false},"author":18,"featured_media":10167,"comment_status":"open","ping_status":"open","sticky":false,"template":"","format":"standard","meta":{"_mbp_gutenberg_autopost":false,"_pgmb_is_evergreen":false,"_pgmb_ap_template_id":0,"footnotes":""},"categories":[6],"tags":[136,1000,242,144,76,405],"ppma_author":[2565],"class_list":["post-12982","post","type-post","status-publish","format-standard","has-post-thumbnail","hentry","category-articles-de-presse","tag-crise-mondiale","tag-economie","tag-europe","tag-fed","tag-or","tag-usa"],"yoast_head":"<!-- This site is optimized with the Yoast SEO plugin v27.5 - https:\/\/yoast.com\/product\/yoast-seo-wordpress\/ -->\n<title>L\u2019or subit-il la fin de la crise mondiale ? - Gold.fr<\/title>\n<meta name=\"description\" content=\"L&#039;or subit-il la fin de la crise mondiale ? Suivez toute l&#039;actualit\u00e9 sur l&#039;or et l&#039;impact sur le cours des m\u00e9taux pr\u00e9cieux sur Gold.fr. Le site d&#039;experts du Comptoir National de l&#039;Or.\" \/>\n<meta name=\"robots\" content=\"index, follow, max-snippet:-1, max-image-preview:large, max-video-preview:-1\" \/>\n<link rel=\"canonical\" href=\"https:\/\/www.gold.fr\/news\/2013\/10\/04\/lor-subit-il-la-fin-de-la-crise-mondiale\/\" \/>\n<meta property=\"og:locale\" content=\"fr_FR\" \/>\n<meta property=\"og:type\" content=\"article\" \/>\n<meta property=\"og:title\" content=\"L\u2019or subit-il la fin de la crise mondiale ? - Gold.fr\" \/>\n<meta property=\"og:description\" content=\"L&#039;or subit-il la fin de la crise mondiale ? Suivez toute l&#039;actualit\u00e9 sur l&#039;or et l&#039;impact sur le cours des m\u00e9taux pr\u00e9cieux sur Gold.fr. Le site d&#039;experts du Comptoir National de l&#039;Or.\" \/>\n<meta property=\"og:url\" content=\"https:\/\/www.gold.fr\/news\/2013\/10\/04\/lor-subit-il-la-fin-de-la-crise-mondiale\/\" \/>\n<meta property=\"og:site_name\" content=\"Gold.fr\" \/>\n<meta property=\"article:publisher\" content=\"https:\/\/www.facebook.com\/Goldfr\/\" \/>\n<meta property=\"article:published_time\" content=\"2013-10-04T15:00:50+00:00\" \/>\n<meta property=\"article:modified_time\" content=\"2019-08-21T13:22:47+00:00\" \/>\n<meta property=\"og:image\" content=\"https:\/\/www.gold.fr\/news\/wp-content\/uploads\/2011\/03\/lingots-or-1kg-e1473412427214.jpg\" \/>\n\t<meta property=\"og:image:width\" content=\"250\" \/>\n\t<meta property=\"og:image:height\" content=\"167\" \/>\n\t<meta property=\"og:image:type\" content=\"image\/jpeg\" \/>\n<meta name=\"author\" content=\"Comptoir National de l&#039;Or\" \/>\n<meta name=\"twitter:card\" content=\"summary_large_image\" \/>\n<meta name=\"twitter:label1\" content=\"\u00c9crit par\" \/>\n\t<meta name=\"twitter:data1\" content=\"Comptoir National de l&#039;Or\" \/>\n\t<meta name=\"twitter:label2\" content=\"Dur\u00e9e de lecture estim\u00e9e\" \/>\n\t<meta name=\"twitter:data2\" content=\"2 minutes\" \/>\n<script type=\"application\/ld+json\" class=\"yoast-schema-graph\">{\"@context\":\"https:\\\/\\\/schema.org\",\"@graph\":[{\"@type\":\"Article\",\"@id\":\"https:\\\/\\\/www.gold.fr\\\/news\\\/2013\\\/10\\\/04\\\/lor-subit-il-la-fin-de-la-crise-mondiale\\\/#article\",\"isPartOf\":{\"@id\":\"https:\\\/\\\/www.gold.fr\\\/news\\\/2013\\\/10\\\/04\\\/lor-subit-il-la-fin-de-la-crise-mondiale\\\/\"},\"author\":{\"name\":\"Comptoir National de l'Or\",\"@id\":\"https:\\\/\\\/www.gold.fr\\\/news\\\/#\\\/schema\\\/person\\\/070491b4b4fb7671bf59b3be20302ce9\"},\"headline\":\"L\u2019or subit-il la fin de la crise mondiale ?\",\"datePublished\":\"2013-10-04T15:00:50+00:00\",\"dateModified\":\"2019-08-21T13:22:47+00:00\",\"mainEntityOfPage\":{\"@id\":\"https:\\\/\\\/www.gold.fr\\\/news\\\/2013\\\/10\\\/04\\\/lor-subit-il-la-fin-de-la-crise-mondiale\\\/\"},\"wordCount\":353,\"commentCount\":0,\"image\":{\"@id\":\"https:\\\/\\\/www.gold.fr\\\/news\\\/2013\\\/10\\\/04\\\/lor-subit-il-la-fin-de-la-crise-mondiale\\\/#primaryimage\"},\"thumbnailUrl\":\"https:\\\/\\\/www.gold.fr\\\/news\\\/wp-content\\\/uploads\\\/2011\\\/03\\\/lingots-or-1kg-e1473412427214.jpg\",\"keywords\":[\"crise mondiale\",\"\u00e9conomie\",\"europe\",\"fed\",\"Or\",\"usa\"],\"articleSection\":[\"Articles de presse\"],\"inLanguage\":\"fr-FR\"},{\"@type\":\"WebPage\",\"@id\":\"https:\\\/\\\/www.gold.fr\\\/news\\\/2013\\\/10\\\/04\\\/lor-subit-il-la-fin-de-la-crise-mondiale\\\/\",\"url\":\"https:\\\/\\\/www.gold.fr\\\/news\\\/2013\\\/10\\\/04\\\/lor-subit-il-la-fin-de-la-crise-mondiale\\\/\",\"name\":\"L\u2019or subit-il la fin de la crise mondiale ? - Gold.fr\",\"isPartOf\":{\"@id\":\"https:\\\/\\\/www.gold.fr\\\/news\\\/#website\"},\"primaryImageOfPage\":{\"@id\":\"https:\\\/\\\/www.gold.fr\\\/news\\\/2013\\\/10\\\/04\\\/lor-subit-il-la-fin-de-la-crise-mondiale\\\/#primaryimage\"},\"image\":{\"@id\":\"https:\\\/\\\/www.gold.fr\\\/news\\\/2013\\\/10\\\/04\\\/lor-subit-il-la-fin-de-la-crise-mondiale\\\/#primaryimage\"},\"thumbnailUrl\":\"https:\\\/\\\/www.gold.fr\\\/news\\\/wp-content\\\/uploads\\\/2011\\\/03\\\/lingots-or-1kg-e1473412427214.jpg\",\"datePublished\":\"2013-10-04T15:00:50+00:00\",\"dateModified\":\"2019-08-21T13:22:47+00:00\",\"author\":{\"@id\":\"https:\\\/\\\/www.gold.fr\\\/news\\\/#\\\/schema\\\/person\\\/070491b4b4fb7671bf59b3be20302ce9\"},\"description\":\"L'or subit-il la fin de la crise mondiale ? Suivez toute l'actualit\u00e9 sur l'or et l'impact sur le cours des m\u00e9taux pr\u00e9cieux sur Gold.fr. Le site d'experts du Comptoir National de l'Or.\",\"breadcrumb\":{\"@id\":\"https:\\\/\\\/www.gold.fr\\\/news\\\/2013\\\/10\\\/04\\\/lor-subit-il-la-fin-de-la-crise-mondiale\\\/#breadcrumb\"},\"inLanguage\":\"fr-FR\",\"potentialAction\":[{\"@type\":\"ReadAction\",\"target\":[\"https:\\\/\\\/www.gold.fr\\\/news\\\/2013\\\/10\\\/04\\\/lor-subit-il-la-fin-de-la-crise-mondiale\\\/\"]}]},{\"@type\":\"ImageObject\",\"inLanguage\":\"fr-FR\",\"@id\":\"https:\\\/\\\/www.gold.fr\\\/news\\\/2013\\\/10\\\/04\\\/lor-subit-il-la-fin-de-la-crise-mondiale\\\/#primaryimage\",\"url\":\"https:\\\/\\\/www.gold.fr\\\/news\\\/wp-content\\\/uploads\\\/2011\\\/03\\\/lingots-or-1kg-e1473412427214.jpg\",\"contentUrl\":\"https:\\\/\\\/www.gold.fr\\\/news\\\/wp-content\\\/uploads\\\/2011\\\/03\\\/lingots-or-1kg-e1473412427214.jpg\",\"width\":250,\"height\":167,\"caption\":\"L'once termine la semaine en \u00e9quilibre\"},{\"@type\":\"BreadcrumbList\",\"@id\":\"https:\\\/\\\/www.gold.fr\\\/news\\\/2013\\\/10\\\/04\\\/lor-subit-il-la-fin-de-la-crise-mondiale\\\/#breadcrumb\",\"itemListElement\":[{\"@type\":\"ListItem\",\"position\":1,\"name\":\"Accueil\",\"item\":\"https:\\\/\\\/www.gold.fr\\\/\"},{\"@type\":\"ListItem\",\"position\":2,\"name\":\"Actualit\u00e9s\",\"item\":\"https:\\\/\\\/www.gold.fr\\\/news\\\/\"},{\"@type\":\"ListItem\",\"position\":3,\"name\":\"L\u2019or subit-il la fin de la crise mondiale ?\"}]},{\"@type\":\"WebSite\",\"@id\":\"https:\\\/\\\/www.gold.fr\\\/news\\\/#website\",\"url\":\"https:\\\/\\\/www.gold.fr\\\/news\\\/\",\"name\":\"Gold.fr\",\"description\":\"Actualit\u00e9s de l&#039;Or et des m\u00e9taux pr\u00e9cieux\",\"potentialAction\":[{\"@type\":\"SearchAction\",\"target\":{\"@type\":\"EntryPoint\",\"urlTemplate\":\"https:\\\/\\\/www.gold.fr\\\/news\\\/?s={search_term_string}\"},\"query-input\":{\"@type\":\"PropertyValueSpecification\",\"valueRequired\":true,\"valueName\":\"search_term_string\"}}],\"inLanguage\":\"fr-FR\"},{\"@type\":\"Person\",\"@id\":\"https:\\\/\\\/www.gold.fr\\\/news\\\/#\\\/schema\\\/person\\\/070491b4b4fb7671bf59b3be20302ce9\",\"name\":\"Comptoir National de l'Or\",\"image\":{\"@type\":\"ImageObject\",\"inLanguage\":\"fr-FR\",\"@id\":\"https:\\\/\\\/secure.gravatar.com\\\/avatar\\\/0a2867fd5abe37bed95d5a65e9d58f01756e11efc68af9888dfc50cfa7f65948?s=96&d=mm&r=gb490554db0a38188709de567aa58480d\",\"url\":\"https:\\\/\\\/secure.gravatar.com\\\/avatar\\\/0a2867fd5abe37bed95d5a65e9d58f01756e11efc68af9888dfc50cfa7f65948?s=96&d=mm&r=g\",\"contentUrl\":\"https:\\\/\\\/secure.gravatar.com\\\/avatar\\\/0a2867fd5abe37bed95d5a65e9d58f01756e11efc68af9888dfc50cfa7f65948?s=96&d=mm&r=g\",\"caption\":\"Comptoir National de l'Or\"},\"description\":\"Notre r\u00e9daction est constitu\u00e9e de membres experts dans les m\u00e9tiers de l'\u00e9conomie et la gestion, des Responsables d'agence Comptoir National de l'Or, des analystes financiers qui publient r\u00e9guli\u00e8rement des \u00e9tudes sur les politiques des banques centrales, le cours de l'or, prix de l'or, cours de l'argent, prix de l'argent, cours du platine, cours du palladium,... la situation en zone euro et l'impact de la strat\u00e9gie mon\u00e9taire de la FED. Notre \u00e9quipe scrute \u00e9galement une information plus g\u00e9n\u00e9raliste \u00e0 la recherche d'actualit\u00e9 \\\"p\u00e9pite\\\" \u00e0 vous partager. Depuis 5 ans, nous avons publi\u00e9 un peu plus de 4000 articles qui s'adressent \u00e0 un public large et vari\u00e9 ayant pour objectif de satisfaire votre curiosit\u00e9 et de partager avec vous une certaine fascination pour le m\u00e9tal jaune, le rachat d'or, et pour ceux qui veulent investir dans l'or, vendre leur or tout simplement en savoir plus... Pour tous vos achat or et argent, n'h\u00e9sitez pas \u00e0 prendre rendez-vous dans l'un de nos nombreux comptoirs.\",\"sameAs\":[\"https:\\\/\\\/www.gold.fr\"]}]}<\/script>\n<!-- \/ Yoast SEO plugin. -->","yoast_head_json":{"title":"L\u2019or subit-il la fin de la crise mondiale ? - Gold.fr","description":"L'or subit-il la fin de la crise mondiale ? Suivez toute l'actualit\u00e9 sur l'or et l'impact sur le cours des m\u00e9taux pr\u00e9cieux sur Gold.fr. Le site d'experts du Comptoir National de l'Or.","robots":{"index":"index","follow":"follow","max-snippet":"max-snippet:-1","max-image-preview":"max-image-preview:large","max-video-preview":"max-video-preview:-1"},"canonical":"https:\/\/www.gold.fr\/news\/2013\/10\/04\/lor-subit-il-la-fin-de-la-crise-mondiale\/","og_locale":"fr_FR","og_type":"article","og_title":"L\u2019or subit-il la fin de la crise mondiale ? - Gold.fr","og_description":"L'or subit-il la fin de la crise mondiale ? Suivez toute l'actualit\u00e9 sur l'or et l'impact sur le cours des m\u00e9taux pr\u00e9cieux sur Gold.fr. Le site d'experts du Comptoir National de l'Or.","og_url":"https:\/\/www.gold.fr\/news\/2013\/10\/04\/lor-subit-il-la-fin-de-la-crise-mondiale\/","og_site_name":"Gold.fr","article_publisher":"https:\/\/www.facebook.com\/Goldfr\/","article_published_time":"2013-10-04T15:00:50+00:00","article_modified_time":"2019-08-21T13:22:47+00:00","og_image":[{"width":250,"height":167,"url":"https:\/\/www.gold.fr\/news\/wp-content\/uploads\/2011\/03\/lingots-or-1kg-e1473412427214.jpg","type":"image\/jpeg"}],"author":"Comptoir National de l'Or","twitter_card":"summary_large_image","twitter_misc":{"\u00c9crit par":"Comptoir National de l'Or","Dur\u00e9e de lecture estim\u00e9e":"2 minutes"},"schema":{"@context":"https:\/\/schema.org","@graph":[{"@type":"Article","@id":"https:\/\/www.gold.fr\/news\/2013\/10\/04\/lor-subit-il-la-fin-de-la-crise-mondiale\/#article","isPartOf":{"@id":"https:\/\/www.gold.fr\/news\/2013\/10\/04\/lor-subit-il-la-fin-de-la-crise-mondiale\/"},"author":{"name":"Comptoir National de l'Or","@id":"https:\/\/www.gold.fr\/news\/#\/schema\/person\/070491b4b4fb7671bf59b3be20302ce9"},"headline":"L\u2019or subit-il la fin de la crise mondiale ?","datePublished":"2013-10-04T15:00:50+00:00","dateModified":"2019-08-21T13:22:47+00:00","mainEntityOfPage":{"@id":"https:\/\/www.gold.fr\/news\/2013\/10\/04\/lor-subit-il-la-fin-de-la-crise-mondiale\/"},"wordCount":353,"commentCount":0,"image":{"@id":"https:\/\/www.gold.fr\/news\/2013\/10\/04\/lor-subit-il-la-fin-de-la-crise-mondiale\/#primaryimage"},"thumbnailUrl":"https:\/\/www.gold.fr\/news\/wp-content\/uploads\/2011\/03\/lingots-or-1kg-e1473412427214.jpg","keywords":["crise mondiale","\u00e9conomie","europe","fed","Or","usa"],"articleSection":["Articles de presse"],"inLanguage":"fr-FR"},{"@type":"WebPage","@id":"https:\/\/www.gold.fr\/news\/2013\/10\/04\/lor-subit-il-la-fin-de-la-crise-mondiale\/","url":"https:\/\/www.gold.fr\/news\/2013\/10\/04\/lor-subit-il-la-fin-de-la-crise-mondiale\/","name":"L\u2019or subit-il la fin de la crise mondiale ? - Gold.fr","isPartOf":{"@id":"https:\/\/www.gold.fr\/news\/#website"},"primaryImageOfPage":{"@id":"https:\/\/www.gold.fr\/news\/2013\/10\/04\/lor-subit-il-la-fin-de-la-crise-mondiale\/#primaryimage"},"image":{"@id":"https:\/\/www.gold.fr\/news\/2013\/10\/04\/lor-subit-il-la-fin-de-la-crise-mondiale\/#primaryimage"},"thumbnailUrl":"https:\/\/www.gold.fr\/news\/wp-content\/uploads\/2011\/03\/lingots-or-1kg-e1473412427214.jpg","datePublished":"2013-10-04T15:00:50+00:00","dateModified":"2019-08-21T13:22:47+00:00","author":{"@id":"https:\/\/www.gold.fr\/news\/#\/schema\/person\/070491b4b4fb7671bf59b3be20302ce9"},"description":"L'or subit-il la fin de la crise mondiale ? Suivez toute l'actualit\u00e9 sur l'or et l'impact sur le cours des m\u00e9taux pr\u00e9cieux sur Gold.fr. Le site d'experts du Comptoir National de l'Or.","breadcrumb":{"@id":"https:\/\/www.gold.fr\/news\/2013\/10\/04\/lor-subit-il-la-fin-de-la-crise-mondiale\/#breadcrumb"},"inLanguage":"fr-FR","potentialAction":[{"@type":"ReadAction","target":["https:\/\/www.gold.fr\/news\/2013\/10\/04\/lor-subit-il-la-fin-de-la-crise-mondiale\/"]}]},{"@type":"ImageObject","inLanguage":"fr-FR","@id":"https:\/\/www.gold.fr\/news\/2013\/10\/04\/lor-subit-il-la-fin-de-la-crise-mondiale\/#primaryimage","url":"https:\/\/www.gold.fr\/news\/wp-content\/uploads\/2011\/03\/lingots-or-1kg-e1473412427214.jpg","contentUrl":"https:\/\/www.gold.fr\/news\/wp-content\/uploads\/2011\/03\/lingots-or-1kg-e1473412427214.jpg","width":250,"height":167,"caption":"L'once termine la semaine en \u00e9quilibre"},{"@type":"BreadcrumbList","@id":"https:\/\/www.gold.fr\/news\/2013\/10\/04\/lor-subit-il-la-fin-de-la-crise-mondiale\/#breadcrumb","itemListElement":[{"@type":"ListItem","position":1,"name":"Accueil","item":"https:\/\/www.gold.fr\/"},{"@type":"ListItem","position":2,"name":"Actualit\u00e9s","item":"https:\/\/www.gold.fr\/news\/"},{"@type":"ListItem","position":3,"name":"L\u2019or subit-il la fin de la crise mondiale ?"}]},{"@type":"WebSite","@id":"https:\/\/www.gold.fr\/news\/#website","url":"https:\/\/www.gold.fr\/news\/","name":"Gold.fr","description":"Actualit\u00e9s de l&#039;Or et des m\u00e9taux pr\u00e9cieux","potentialAction":[{"@type":"SearchAction","target":{"@type":"EntryPoint","urlTemplate":"https:\/\/www.gold.fr\/news\/?s={search_term_string}"},"query-input":{"@type":"PropertyValueSpecification","valueRequired":true,"valueName":"search_term_string"}}],"inLanguage":"fr-FR"},{"@type":"Person","@id":"https:\/\/www.gold.fr\/news\/#\/schema\/person\/070491b4b4fb7671bf59b3be20302ce9","name":"Comptoir National de l'Or","image":{"@type":"ImageObject","inLanguage":"fr-FR","@id":"https:\/\/secure.gravatar.com\/avatar\/0a2867fd5abe37bed95d5a65e9d58f01756e11efc68af9888dfc50cfa7f65948?s=96&d=mm&r=gb490554db0a38188709de567aa58480d","url":"https:\/\/secure.gravatar.com\/avatar\/0a2867fd5abe37bed95d5a65e9d58f01756e11efc68af9888dfc50cfa7f65948?s=96&d=mm&r=g","contentUrl":"https:\/\/secure.gravatar.com\/avatar\/0a2867fd5abe37bed95d5a65e9d58f01756e11efc68af9888dfc50cfa7f65948?s=96&d=mm&r=g","caption":"Comptoir National de l'Or"},"description":"Notre r\u00e9daction est constitu\u00e9e de membres experts dans les m\u00e9tiers de l'\u00e9conomie et la gestion, des Responsables d'agence Comptoir National de l'Or, des analystes financiers qui publient r\u00e9guli\u00e8rement des \u00e9tudes sur les politiques des banques centrales, le cours de l'or, prix de l'or, cours de l'argent, prix de l'argent, cours du platine, cours du palladium,... la situation en zone euro et l'impact de la strat\u00e9gie mon\u00e9taire de la FED. Notre \u00e9quipe scrute \u00e9galement une information plus g\u00e9n\u00e9raliste \u00e0 la recherche d'actualit\u00e9 \"p\u00e9pite\" \u00e0 vous partager. Depuis 5 ans, nous avons publi\u00e9 un peu plus de 4000 articles qui s'adressent \u00e0 un public large et vari\u00e9 ayant pour objectif de satisfaire votre curiosit\u00e9 et de partager avec vous une certaine fascination pour le m\u00e9tal jaune, le rachat d'or, et pour ceux qui veulent investir dans l'or, vendre leur or tout simplement en savoir plus... Pour tous vos achat or et argent, n'h\u00e9sitez pas \u00e0 prendre rendez-vous dans l'un de nos nombreux comptoirs.","sameAs":["https:\/\/www.gold.fr"]}]}},"authors":[{"term_id":2565,"user_id":18,"is_guest":0,"slug":"julie","display_name":"Comptoir National de l'Or","avatar_url":"https:\/\/secure.gravatar.com\/avatar\/713f289e398d35ead876c4a4cc08607f0d6d266058cfc25683fffb6092d0e572?s=96&d=mm&r=g","0":null,"1":"","2":"","3":"","4":"","5":"","6":"","7":"","8":""}],"_links":{"self":[{"href":"https:\/\/www.gold.fr\/news\/wp-json\/wp\/v2\/posts\/12982","targetHints":{"allow":["GET"]}}],"collection":[{"href":"https:\/\/www.gold.fr\/news\/wp-json\/wp\/v2\/posts"}],"about":[{"href":"https:\/\/www.gold.fr\/news\/wp-json\/wp\/v2\/types\/post"}],"author":[{"embeddable":true,"href":"https:\/\/www.gold.fr\/news\/wp-json\/wp\/v2\/users\/18"}],"replies":[{"embeddable":true,"href":"https:\/\/www.gold.fr\/news\/wp-json\/wp\/v2\/comments?post=12982"}],"version-history":[{"count":0,"href":"https:\/\/www.gold.fr\/news\/wp-json\/wp\/v2\/posts\/12982\/revisions"}],"wp:featuredmedia":[{"embeddable":true,"href":"https:\/\/www.gold.fr\/news\/wp-json\/wp\/v2\/media\/10167"}],"wp:attachment":[{"href":"https:\/\/www.gold.fr\/news\/wp-json\/wp\/v2\/media?parent=12982"}],"wp:term":[{"taxonomy":"category","embeddable":true,"href":"https:\/\/www.gold.fr\/news\/wp-json\/wp\/v2\/categories?post=12982"},{"taxonomy":"post_tag","embeddable":true,"href":"https:\/\/www.gold.fr\/news\/wp-json\/wp\/v2\/tags?post=12982"},{"taxonomy":"author","embeddable":true,"href":"https:\/\/www.gold.fr\/news\/wp-json\/wp\/v2\/ppma_author?post=12982"}],"curies":[{"name":"wp","href":"https:\/\/api.w.org\/{rel}","templated":true}]}}