{"id":12920,"date":"2013-10-02T09:00:47","date_gmt":"2013-10-02T07:00:47","guid":{"rendered":"https:\/\/www.gold.fr\/news\/?p=12920"},"modified":"2017-11-02T11:33:01","modified_gmt":"2017-11-02T10:33:01","slug":"evolution-de-lor-la-fin-de-la-baisse","status":"publish","type":"post","link":"https:\/\/www.gold.fr\/news\/2013\/10\/02\/evolution-de-lor-la-fin-de-la-baisse\/","title":{"rendered":"Evolution de l\u2019or \u2013 La fin de la baisse ?"},"content":{"rendered":"<p><span style=\"font-size: small;\"><img loading=\"lazy\" decoding=\"async\" class=\"alignleft size-thumbnail wp-image-7205\" title=\"Evolution de l\u2019or \u2013 La fin de la baisse ?\" src=\"https:\/\/www.gold.fr\/news\/wp-content\/uploads\/2012\/04\/Achat-Or-150x150.jpg\" alt=\"\" width=\"150\" height=\"150\" \/>Si l&rsquo;<a href='https:\/\/www.gold.fr\/news\/tags\/or' class='esk-seo-plu-link'>or<\/a> rompt cette ann\u00e9e avec une tradition haussi\u00e8re annuelle qui date du d\u00e9but des ann\u00e9es <strong>2000<\/strong>, c&rsquo;est parce qu&rsquo;une foule de circonstances conjoncturelles mondiales vari\u00e9es ont \u00e9t\u00e9 r\u00e9unies et ont donc men\u00e9 \u00e0 cet \u00e9tat de fait. Certes ; la parit\u00e9 <strong>dollar-or<\/strong> arrive souvent en t\u00eate de liste de ces circonstances explicatives, mais les r\u00e9centes recherches effectu\u00e9es par <strong>Citibank<\/strong> braquent une lumi\u00e8re toute neuve sur un autre aspect de la baisse ; la crise de l&rsquo;industrie mini\u00e8re aurif\u00e8re.<\/span>    <span style=\"font-size: small;\"> D&rsquo;apr\u00e8s ces recherches, depuis l&rsquo;ann\u00e9e <strong>2009<\/strong>, <a title=\"Prix de l'Or\" href=\"https:\/\/www.gold.fr\/cours-prix-de-l-or\/\" target=\"_blank\">le prix du m\u00e9tal jaune<\/a> est constamment d\u00e9pass\u00e9 par le co\u00fbt de production total, \u00e9galement appel\u00e9 \u00ab <em>All-in Cost<\/em> \u00bb (qui couvre l&rsquo;ensemble du secteur et inclut son capital).<\/span>    <span style=\"font-size: small;\"> Ce m\u00eame rapport r\u00e9v\u00e8le \u00e9galement que, en d\u00e9pit d&rsquo;une hausse consid\u00e9rable du prix du <a href='https:\/\/www.gold.fr\/news\/tags\/or' class='esk-seo-plu-link'>m\u00e9tal jaune<\/a> tout au long des <strong>10 derni\u00e8res ann\u00e9es<\/strong>, le profit accumul\u00e9 par les producteurs d&rsquo;<a href='https:\/\/www.gold.fr\/news\/tags\/or' class='esk-seo-plu-link'>or<\/a> \u00ab <em>en capitaux propres et en capitaux engag\u00e9s<\/em> \u00bb est demeur\u00e9, quant \u00e0 lui, assez pr\u00e9caire. La note explique ce d\u00e9s\u00e9quilibre par \u00ab <em>la diminution des profils de qualit\u00e9 des r\u00e9serves<\/em> \u00bb (dans la mesure o\u00f9 tout le secteur bataille constamment afin de remplacer la production), mais aussi par \u00ab<em> l&rsquo;inflation du co\u00fbt tr\u00e8s \u00e9lev\u00e9 de la production et l&rsquo;inefficacit\u00e9 rampante dans les structures de co\u00fbts<\/em> \u00bb.<\/span>    <span style=\"font-size: small;\"> Donc, partant de ces constats, doit-on anticiper le retour et la continuit\u00e9 de cette vague de baisse ?<\/span>    <span style=\"font-size: small;\"> En d\u00e9pit de quelques perspectives relativement inqui\u00e9tantes, la plupart des observateurs pr\u00e9voient que l&rsquo;<a href='https:\/\/www.gold.fr\/news\/tags\/or' class='esk-seo-plu-link'>or<\/a> reviendra vers la hausse avant la fin de l&rsquo;ann\u00e9e (autour des <strong>1 500 dollars<\/strong> <a title=\"Prix de l'Once d'Or\" href=\"https:\/\/www.gold.fr\/once-en\/\" target=\"_blank\">l\u2019once<\/a>), avant d&rsquo;encaisser une nouvelle baisse, vers le d\u00e9but de <strong>2014<\/strong>.<\/span>  <span style=\"font-size: small;\"> Et par la suite ? D&rsquo;apr\u00e8s ces experts, le bilan de l&rsquo;ann\u00e9e <strong>2014<\/strong> sera d\u00e9finitivement haussier, avec, \u00e9ventuellement, un nouveau retour vers des records tout aussi haussiers.<\/span><\/p>\n<!-- AddThis Advanced Settings generic via filter on the_content --><!-- AddThis Share Buttons generic via filter on the_content -->","protected":false},"excerpt":{"rendered":"<p>Si l&rsquo;or rompt cette ann\u00e9e avec une tradition haussi\u00e8re annuelle qui date du d\u00e9but des ann\u00e9es 2000, c&rsquo;est parce qu&rsquo;une foule de circonstances conjoncturelles mondiales vari\u00e9es ont \u00e9t\u00e9 r\u00e9unies et ont donc men\u00e9 \u00e0 cet \u00e9tat [&hellip;]<\/p>\n","protected":false},"author":18,"featured_media":7205,"comment_status":"open","ping_status":"open","sticky":false,"template":"","format":"standard","meta":{"_mbp_gutenberg_autopost":false,"_pgmb_is_evergreen":false,"_pgmb_ap_template_id":0,"footnotes":""},"categories":[6],"tags":[1269,1553,1167,85,962],"ppma_author":[2565],"class_list":["post-12920","post","type-post","status-publish","format-standard","has-post-thumbnail","hentry","category-articles-de-presse","tag-baisse-or","tag-dollar-or","tag-evolution-or","tag-once-dor","tag-prix-or"],"yoast_head":"<!-- This site is optimized with the Yoast SEO plugin v27.5 - https:\/\/yoast.com\/product\/yoast-seo-wordpress\/ -->\n<title>Evolution de l\u2019or \u2013 La fin de la baisse ? - Gold.fr<\/title>\n<meta name=\"robots\" content=\"index, follow, max-snippet:-1, max-image-preview:large, max-video-preview:-1\" \/>\n<link rel=\"canonical\" href=\"https:\/\/www.gold.fr\/news\/2013\/10\/02\/evolution-de-lor-la-fin-de-la-baisse\/\" \/>\n<meta property=\"og:locale\" content=\"fr_FR\" \/>\n<meta property=\"og:type\" content=\"article\" \/>\n<meta property=\"og:title\" content=\"Evolution de l\u2019or \u2013 La fin de la baisse ? - Gold.fr\" \/>\n<meta property=\"og:description\" content=\"Si l&rsquo;or rompt cette ann\u00e9e avec une tradition haussi\u00e8re annuelle qui date du d\u00e9but des ann\u00e9es 2000, c&rsquo;est parce qu&rsquo;une foule de circonstances conjoncturelles mondiales vari\u00e9es ont \u00e9t\u00e9 r\u00e9unies et ont donc men\u00e9 \u00e0 cet \u00e9tat [&hellip;]\" \/>\n<meta property=\"og:url\" content=\"https:\/\/www.gold.fr\/news\/2013\/10\/02\/evolution-de-lor-la-fin-de-la-baisse\/\" \/>\n<meta property=\"og:site_name\" content=\"Gold.fr\" \/>\n<meta property=\"article:publisher\" content=\"https:\/\/www.facebook.com\/Goldfr\/\" \/>\n<meta property=\"article:published_time\" content=\"2013-10-02T07:00:47+00:00\" \/>\n<meta property=\"article:modified_time\" content=\"2017-11-02T10:33:01+00:00\" \/>\n<meta property=\"og:image\" content=\"https:\/\/www.gold.fr\/news\/wp-content\/uploads\/2012\/04\/Achat-Or.jpg\" \/>\n\t<meta property=\"og:image:width\" content=\"600\" \/>\n\t<meta property=\"og:image:height\" content=\"447\" \/>\n\t<meta property=\"og:image:type\" content=\"image\/jpeg\" \/>\n<meta name=\"author\" content=\"Comptoir National de l&#039;Or\" \/>\n<meta name=\"twitter:card\" content=\"summary_large_image\" \/>\n<meta name=\"twitter:label1\" content=\"\u00c9crit par\" \/>\n\t<meta name=\"twitter:data1\" content=\"Comptoir National de l&#039;Or\" \/>\n\t<meta name=\"twitter:label2\" content=\"Dur\u00e9e de lecture estim\u00e9e\" \/>\n\t<meta name=\"twitter:data2\" content=\"2 minutes\" \/>\n<script type=\"application\/ld+json\" class=\"yoast-schema-graph\">{\"@context\":\"https:\\\/\\\/schema.org\",\"@graph\":[{\"@type\":\"Article\",\"@id\":\"https:\\\/\\\/www.gold.fr\\\/news\\\/2013\\\/10\\\/02\\\/evolution-de-lor-la-fin-de-la-baisse\\\/#article\",\"isPartOf\":{\"@id\":\"https:\\\/\\\/www.gold.fr\\\/news\\\/2013\\\/10\\\/02\\\/evolution-de-lor-la-fin-de-la-baisse\\\/\"},\"author\":{\"name\":\"Comptoir National de l'Or\",\"@id\":\"https:\\\/\\\/www.gold.fr\\\/news\\\/#\\\/schema\\\/person\\\/070491b4b4fb7671bf59b3be20302ce9\"},\"headline\":\"Evolution de l\u2019or \u2013 La fin de la baisse ?\",\"datePublished\":\"2013-10-02T07:00:47+00:00\",\"dateModified\":\"2017-11-02T10:33:01+00:00\",\"mainEntityOfPage\":{\"@id\":\"https:\\\/\\\/www.gold.fr\\\/news\\\/2013\\\/10\\\/02\\\/evolution-de-lor-la-fin-de-la-baisse\\\/\"},\"wordCount\":341,\"commentCount\":0,\"image\":{\"@id\":\"https:\\\/\\\/www.gold.fr\\\/news\\\/2013\\\/10\\\/02\\\/evolution-de-lor-la-fin-de-la-baisse\\\/#primaryimage\"},\"thumbnailUrl\":\"https:\\\/\\\/www.gold.fr\\\/news\\\/wp-content\\\/uploads\\\/2012\\\/04\\\/Achat-Or.jpg\",\"keywords\":[\"baisse or\",\"dollar-or\",\"evolution or\",\"once d'or\",\"prix or\"],\"articleSection\":[\"Articles de presse\"],\"inLanguage\":\"fr-FR\"},{\"@type\":\"WebPage\",\"@id\":\"https:\\\/\\\/www.gold.fr\\\/news\\\/2013\\\/10\\\/02\\\/evolution-de-lor-la-fin-de-la-baisse\\\/\",\"url\":\"https:\\\/\\\/www.gold.fr\\\/news\\\/2013\\\/10\\\/02\\\/evolution-de-lor-la-fin-de-la-baisse\\\/\",\"name\":\"Evolution de l\u2019or \u2013 La fin de la baisse ? - Gold.fr\",\"isPartOf\":{\"@id\":\"https:\\\/\\\/www.gold.fr\\\/news\\\/#website\"},\"primaryImageOfPage\":{\"@id\":\"https:\\\/\\\/www.gold.fr\\\/news\\\/2013\\\/10\\\/02\\\/evolution-de-lor-la-fin-de-la-baisse\\\/#primaryimage\"},\"image\":{\"@id\":\"https:\\\/\\\/www.gold.fr\\\/news\\\/2013\\\/10\\\/02\\\/evolution-de-lor-la-fin-de-la-baisse\\\/#primaryimage\"},\"thumbnailUrl\":\"https:\\\/\\\/www.gold.fr\\\/news\\\/wp-content\\\/uploads\\\/2012\\\/04\\\/Achat-Or.jpg\",\"datePublished\":\"2013-10-02T07:00:47+00:00\",\"dateModified\":\"2017-11-02T10:33:01+00:00\",\"author\":{\"@id\":\"https:\\\/\\\/www.gold.fr\\\/news\\\/#\\\/schema\\\/person\\\/070491b4b4fb7671bf59b3be20302ce9\"},\"breadcrumb\":{\"@id\":\"https:\\\/\\\/www.gold.fr\\\/news\\\/2013\\\/10\\\/02\\\/evolution-de-lor-la-fin-de-la-baisse\\\/#breadcrumb\"},\"inLanguage\":\"fr-FR\",\"potentialAction\":[{\"@type\":\"ReadAction\",\"target\":[\"https:\\\/\\\/www.gold.fr\\\/news\\\/2013\\\/10\\\/02\\\/evolution-de-lor-la-fin-de-la-baisse\\\/\"]}]},{\"@type\":\"ImageObject\",\"inLanguage\":\"fr-FR\",\"@id\":\"https:\\\/\\\/www.gold.fr\\\/news\\\/2013\\\/10\\\/02\\\/evolution-de-lor-la-fin-de-la-baisse\\\/#primaryimage\",\"url\":\"https:\\\/\\\/www.gold.fr\\\/news\\\/wp-content\\\/uploads\\\/2012\\\/04\\\/Achat-Or.jpg\",\"contentUrl\":\"https:\\\/\\\/www.gold.fr\\\/news\\\/wp-content\\\/uploads\\\/2012\\\/04\\\/Achat-Or.jpg\",\"width\":\"600\",\"height\":\"447\",\"caption\":\"L\u2019or en qu\u00eate d\u2019un catalyseur solide\"},{\"@type\":\"BreadcrumbList\",\"@id\":\"https:\\\/\\\/www.gold.fr\\\/news\\\/2013\\\/10\\\/02\\\/evolution-de-lor-la-fin-de-la-baisse\\\/#breadcrumb\",\"itemListElement\":[{\"@type\":\"ListItem\",\"position\":1,\"name\":\"Accueil\",\"item\":\"https:\\\/\\\/www.gold.fr\\\/\"},{\"@type\":\"ListItem\",\"position\":2,\"name\":\"Actualit\u00e9s\",\"item\":\"https:\\\/\\\/www.gold.fr\\\/news\\\/\"},{\"@type\":\"ListItem\",\"position\":3,\"name\":\"Evolution de l\u2019or \u2013 La fin de la baisse ?\"}]},{\"@type\":\"WebSite\",\"@id\":\"https:\\\/\\\/www.gold.fr\\\/news\\\/#website\",\"url\":\"https:\\\/\\\/www.gold.fr\\\/news\\\/\",\"name\":\"Gold.fr\",\"description\":\"Actualit\u00e9s de l&#039;Or et des m\u00e9taux pr\u00e9cieux\",\"potentialAction\":[{\"@type\":\"SearchAction\",\"target\":{\"@type\":\"EntryPoint\",\"urlTemplate\":\"https:\\\/\\\/www.gold.fr\\\/news\\\/?s={search_term_string}\"},\"query-input\":{\"@type\":\"PropertyValueSpecification\",\"valueRequired\":true,\"valueName\":\"search_term_string\"}}],\"inLanguage\":\"fr-FR\"},{\"@type\":\"Person\",\"@id\":\"https:\\\/\\\/www.gold.fr\\\/news\\\/#\\\/schema\\\/person\\\/070491b4b4fb7671bf59b3be20302ce9\",\"name\":\"Comptoir National de l'Or\",\"image\":{\"@type\":\"ImageObject\",\"inLanguage\":\"fr-FR\",\"@id\":\"https:\\\/\\\/secure.gravatar.com\\\/avatar\\\/0a2867fd5abe37bed95d5a65e9d58f01756e11efc68af9888dfc50cfa7f65948?s=96&d=mm&r=gb490554db0a38188709de567aa58480d\",\"url\":\"https:\\\/\\\/secure.gravatar.com\\\/avatar\\\/0a2867fd5abe37bed95d5a65e9d58f01756e11efc68af9888dfc50cfa7f65948?s=96&d=mm&r=g\",\"contentUrl\":\"https:\\\/\\\/secure.gravatar.com\\\/avatar\\\/0a2867fd5abe37bed95d5a65e9d58f01756e11efc68af9888dfc50cfa7f65948?s=96&d=mm&r=g\",\"caption\":\"Comptoir National de l'Or\"},\"description\":\"Notre r\u00e9daction est constitu\u00e9e de membres experts dans les m\u00e9tiers de l'\u00e9conomie et la gestion, des Responsables d'agence Comptoir National de l'Or, des analystes financiers qui publient r\u00e9guli\u00e8rement des \u00e9tudes sur les politiques des banques centrales, le cours de l'or, prix de l'or, cours de l'argent, prix de l'argent, cours du platine, cours du palladium,... la situation en zone euro et l'impact de la strat\u00e9gie mon\u00e9taire de la FED. Notre \u00e9quipe scrute \u00e9galement une information plus g\u00e9n\u00e9raliste \u00e0 la recherche d'actualit\u00e9 \\\"p\u00e9pite\\\" \u00e0 vous partager. Depuis 5 ans, nous avons publi\u00e9 un peu plus de 4000 articles qui s'adressent \u00e0 un public large et vari\u00e9 ayant pour objectif de satisfaire votre curiosit\u00e9 et de partager avec vous une certaine fascination pour le m\u00e9tal jaune, le rachat d'or, et pour ceux qui veulent investir dans l'or, vendre leur or tout simplement en savoir plus... Pour tous vos achat or et argent, n'h\u00e9sitez pas \u00e0 prendre rendez-vous dans l'un de nos nombreux comptoirs.\",\"sameAs\":[\"https:\\\/\\\/www.gold.fr\"]}]}<\/script>\n<!-- \/ Yoast SEO plugin. -->","yoast_head_json":{"title":"Evolution de l\u2019or \u2013 La fin de la baisse ? - Gold.fr","robots":{"index":"index","follow":"follow","max-snippet":"max-snippet:-1","max-image-preview":"max-image-preview:large","max-video-preview":"max-video-preview:-1"},"canonical":"https:\/\/www.gold.fr\/news\/2013\/10\/02\/evolution-de-lor-la-fin-de-la-baisse\/","og_locale":"fr_FR","og_type":"article","og_title":"Evolution de l\u2019or \u2013 La fin de la baisse ? - Gold.fr","og_description":"Si l&rsquo;or rompt cette ann\u00e9e avec une tradition haussi\u00e8re annuelle qui date du d\u00e9but des ann\u00e9es 2000, c&rsquo;est parce qu&rsquo;une foule de circonstances conjoncturelles mondiales vari\u00e9es ont \u00e9t\u00e9 r\u00e9unies et ont donc men\u00e9 \u00e0 cet \u00e9tat [&hellip;]","og_url":"https:\/\/www.gold.fr\/news\/2013\/10\/02\/evolution-de-lor-la-fin-de-la-baisse\/","og_site_name":"Gold.fr","article_publisher":"https:\/\/www.facebook.com\/Goldfr\/","article_published_time":"2013-10-02T07:00:47+00:00","article_modified_time":"2017-11-02T10:33:01+00:00","og_image":[{"width":600,"height":447,"url":"https:\/\/www.gold.fr\/news\/wp-content\/uploads\/2012\/04\/Achat-Or.jpg","type":"image\/jpeg"}],"author":"Comptoir National de l'Or","twitter_card":"summary_large_image","twitter_misc":{"\u00c9crit par":"Comptoir National de l'Or","Dur\u00e9e de lecture estim\u00e9e":"2 minutes"},"schema":{"@context":"https:\/\/schema.org","@graph":[{"@type":"Article","@id":"https:\/\/www.gold.fr\/news\/2013\/10\/02\/evolution-de-lor-la-fin-de-la-baisse\/#article","isPartOf":{"@id":"https:\/\/www.gold.fr\/news\/2013\/10\/02\/evolution-de-lor-la-fin-de-la-baisse\/"},"author":{"name":"Comptoir National de l'Or","@id":"https:\/\/www.gold.fr\/news\/#\/schema\/person\/070491b4b4fb7671bf59b3be20302ce9"},"headline":"Evolution de l\u2019or \u2013 La fin de la baisse ?","datePublished":"2013-10-02T07:00:47+00:00","dateModified":"2017-11-02T10:33:01+00:00","mainEntityOfPage":{"@id":"https:\/\/www.gold.fr\/news\/2013\/10\/02\/evolution-de-lor-la-fin-de-la-baisse\/"},"wordCount":341,"commentCount":0,"image":{"@id":"https:\/\/www.gold.fr\/news\/2013\/10\/02\/evolution-de-lor-la-fin-de-la-baisse\/#primaryimage"},"thumbnailUrl":"https:\/\/www.gold.fr\/news\/wp-content\/uploads\/2012\/04\/Achat-Or.jpg","keywords":["baisse or","dollar-or","evolution or","once d'or","prix or"],"articleSection":["Articles de presse"],"inLanguage":"fr-FR"},{"@type":"WebPage","@id":"https:\/\/www.gold.fr\/news\/2013\/10\/02\/evolution-de-lor-la-fin-de-la-baisse\/","url":"https:\/\/www.gold.fr\/news\/2013\/10\/02\/evolution-de-lor-la-fin-de-la-baisse\/","name":"Evolution de l\u2019or \u2013 La fin de la baisse ? - Gold.fr","isPartOf":{"@id":"https:\/\/www.gold.fr\/news\/#website"},"primaryImageOfPage":{"@id":"https:\/\/www.gold.fr\/news\/2013\/10\/02\/evolution-de-lor-la-fin-de-la-baisse\/#primaryimage"},"image":{"@id":"https:\/\/www.gold.fr\/news\/2013\/10\/02\/evolution-de-lor-la-fin-de-la-baisse\/#primaryimage"},"thumbnailUrl":"https:\/\/www.gold.fr\/news\/wp-content\/uploads\/2012\/04\/Achat-Or.jpg","datePublished":"2013-10-02T07:00:47+00:00","dateModified":"2017-11-02T10:33:01+00:00","author":{"@id":"https:\/\/www.gold.fr\/news\/#\/schema\/person\/070491b4b4fb7671bf59b3be20302ce9"},"breadcrumb":{"@id":"https:\/\/www.gold.fr\/news\/2013\/10\/02\/evolution-de-lor-la-fin-de-la-baisse\/#breadcrumb"},"inLanguage":"fr-FR","potentialAction":[{"@type":"ReadAction","target":["https:\/\/www.gold.fr\/news\/2013\/10\/02\/evolution-de-lor-la-fin-de-la-baisse\/"]}]},{"@type":"ImageObject","inLanguage":"fr-FR","@id":"https:\/\/www.gold.fr\/news\/2013\/10\/02\/evolution-de-lor-la-fin-de-la-baisse\/#primaryimage","url":"https:\/\/www.gold.fr\/news\/wp-content\/uploads\/2012\/04\/Achat-Or.jpg","contentUrl":"https:\/\/www.gold.fr\/news\/wp-content\/uploads\/2012\/04\/Achat-Or.jpg","width":"600","height":"447","caption":"L\u2019or en qu\u00eate d\u2019un catalyseur solide"},{"@type":"BreadcrumbList","@id":"https:\/\/www.gold.fr\/news\/2013\/10\/02\/evolution-de-lor-la-fin-de-la-baisse\/#breadcrumb","itemListElement":[{"@type":"ListItem","position":1,"name":"Accueil","item":"https:\/\/www.gold.fr\/"},{"@type":"ListItem","position":2,"name":"Actualit\u00e9s","item":"https:\/\/www.gold.fr\/news\/"},{"@type":"ListItem","position":3,"name":"Evolution de l\u2019or \u2013 La fin de la baisse ?"}]},{"@type":"WebSite","@id":"https:\/\/www.gold.fr\/news\/#website","url":"https:\/\/www.gold.fr\/news\/","name":"Gold.fr","description":"Actualit\u00e9s de l&#039;Or et des m\u00e9taux pr\u00e9cieux","potentialAction":[{"@type":"SearchAction","target":{"@type":"EntryPoint","urlTemplate":"https:\/\/www.gold.fr\/news\/?s={search_term_string}"},"query-input":{"@type":"PropertyValueSpecification","valueRequired":true,"valueName":"search_term_string"}}],"inLanguage":"fr-FR"},{"@type":"Person","@id":"https:\/\/www.gold.fr\/news\/#\/schema\/person\/070491b4b4fb7671bf59b3be20302ce9","name":"Comptoir National de l'Or","image":{"@type":"ImageObject","inLanguage":"fr-FR","@id":"https:\/\/secure.gravatar.com\/avatar\/0a2867fd5abe37bed95d5a65e9d58f01756e11efc68af9888dfc50cfa7f65948?s=96&d=mm&r=gb490554db0a38188709de567aa58480d","url":"https:\/\/secure.gravatar.com\/avatar\/0a2867fd5abe37bed95d5a65e9d58f01756e11efc68af9888dfc50cfa7f65948?s=96&d=mm&r=g","contentUrl":"https:\/\/secure.gravatar.com\/avatar\/0a2867fd5abe37bed95d5a65e9d58f01756e11efc68af9888dfc50cfa7f65948?s=96&d=mm&r=g","caption":"Comptoir National de l'Or"},"description":"Notre r\u00e9daction est constitu\u00e9e de membres experts dans les m\u00e9tiers de l'\u00e9conomie et la gestion, des Responsables d'agence Comptoir National de l'Or, des analystes financiers qui publient r\u00e9guli\u00e8rement des \u00e9tudes sur les politiques des banques centrales, le cours de l'or, prix de l'or, cours de l'argent, prix de l'argent, cours du platine, cours du palladium,... la situation en zone euro et l'impact de la strat\u00e9gie mon\u00e9taire de la FED. Notre \u00e9quipe scrute \u00e9galement une information plus g\u00e9n\u00e9raliste \u00e0 la recherche d'actualit\u00e9 \"p\u00e9pite\" \u00e0 vous partager. Depuis 5 ans, nous avons publi\u00e9 un peu plus de 4000 articles qui s'adressent \u00e0 un public large et vari\u00e9 ayant pour objectif de satisfaire votre curiosit\u00e9 et de partager avec vous une certaine fascination pour le m\u00e9tal jaune, le rachat d'or, et pour ceux qui veulent investir dans l'or, vendre leur or tout simplement en savoir plus... Pour tous vos achat or et argent, n'h\u00e9sitez pas \u00e0 prendre rendez-vous dans l'un de nos nombreux comptoirs.","sameAs":["https:\/\/www.gold.fr"]}]}},"authors":[{"term_id":2565,"user_id":18,"is_guest":0,"slug":"julie","display_name":"Comptoir National de l'Or","avatar_url":"https:\/\/secure.gravatar.com\/avatar\/713f289e398d35ead876c4a4cc08607f0d6d266058cfc25683fffb6092d0e572?s=96&d=mm&r=g","0":null,"1":"","2":"","3":"","4":"","5":"","6":"","7":"","8":""}],"_links":{"self":[{"href":"https:\/\/www.gold.fr\/news\/wp-json\/wp\/v2\/posts\/12920","targetHints":{"allow":["GET"]}}],"collection":[{"href":"https:\/\/www.gold.fr\/news\/wp-json\/wp\/v2\/posts"}],"about":[{"href":"https:\/\/www.gold.fr\/news\/wp-json\/wp\/v2\/types\/post"}],"author":[{"embeddable":true,"href":"https:\/\/www.gold.fr\/news\/wp-json\/wp\/v2\/users\/18"}],"replies":[{"embeddable":true,"href":"https:\/\/www.gold.fr\/news\/wp-json\/wp\/v2\/comments?post=12920"}],"version-history":[{"count":0,"href":"https:\/\/www.gold.fr\/news\/wp-json\/wp\/v2\/posts\/12920\/revisions"}],"wp:featuredmedia":[{"embeddable":true,"href":"https:\/\/www.gold.fr\/news\/wp-json\/wp\/v2\/media\/7205"}],"wp:attachment":[{"href":"https:\/\/www.gold.fr\/news\/wp-json\/wp\/v2\/media?parent=12920"}],"wp:term":[{"taxonomy":"category","embeddable":true,"href":"https:\/\/www.gold.fr\/news\/wp-json\/wp\/v2\/categories?post=12920"},{"taxonomy":"post_tag","embeddable":true,"href":"https:\/\/www.gold.fr\/news\/wp-json\/wp\/v2\/tags?post=12920"},{"taxonomy":"author","embeddable":true,"href":"https:\/\/www.gold.fr\/news\/wp-json\/wp\/v2\/ppma_author?post=12920"}],"curies":[{"name":"wp","href":"https:\/\/api.w.org\/{rel}","templated":true}]}}