{"id":12918,"date":"2013-10-01T09:00:29","date_gmt":"2013-10-01T07:00:29","guid":{"rendered":"https:\/\/www.gold.fr\/news\/?p=12918"},"modified":"2017-11-02T11:33:02","modified_gmt":"2017-11-02T10:33:02","slug":"septembre-le-mois-chanceux-de-lor","status":"publish","type":"post","link":"https:\/\/www.gold.fr\/news\/2013\/10\/01\/septembre-le-mois-chanceux-de-lor\/","title":{"rendered":"Septembre : Le mois chanceux de l\u2019or"},"content":{"rendered":"<p><span style=\"font-size: small;\"><img loading=\"lazy\" decoding=\"async\" class=\"alignleft size-thumbnail wp-image-3243\" title=\"Septembre : Le mois chanceux de l\u2019or \" src=\"https:\/\/www.gold.fr\/news\/wp-content\/uploads\/2011\/10\/cours-or-2-150x150.jpg\" alt=\"\" width=\"150\" height=\"150\" \/>Et c&rsquo;est un fait qu&rsquo;il serait facile de prouver. C&rsquo;est en tout cas ce qu&rsquo;affirme <strong>Frank Holmes<\/strong>, PDG et directeur de l&rsquo;investissement de la c\u00e9l\u00e8bre <strong>US Global Investors Inc<\/strong>.<\/span>    <span style=\"font-size: small;\"> D&rsquo;apr\u00e8s cet expert, l&rsquo;histoire de l&rsquo;<a href='https:\/\/www.gold.fr\/news\/tags\/or' class='esk-seo-plu-link'>or<\/a> le prouve ; septembre demeure le meilleur mois de l&rsquo;ann\u00e9e pour le <a href='https:\/\/www.gold.fr\/news\/tags\/or' class='esk-seo-plu-link'>m\u00e9tal jaune<\/a> et le march\u00e9 aurif\u00e8re, dans son ensemble. Il suffit de regarder de plus pr\u00e8s les rendements mensuels, enregistr\u00e9s tout au long des <strong>40 derni\u00e8res ann\u00e9es<\/strong>, pour s&rsquo;en apercevoir ; la relique barbare marque ses meilleures performances haussi\u00e8res durant les mois de septembre, avec une moyenne globale de <strong>2,3%<\/strong>.<\/span>    <span style=\"font-size: small;\"> Et \u00e7a tombe bien ; le mois de septembre n&rsquo;est pas encore termin\u00e9, et il est toujours possible de rejoindre la longue liste des chanceux qui ont saisi cette occasion pour faire le plein de <a href='https:\/\/www.gold.fr\/news\/tags\/or' class='esk-seo-plu-link'>m\u00e9tal pr\u00e9cieux<\/a>. Surtout que, actuellement, <a title=\"Prix de l'Or\" href=\"https:\/\/www.gold.fr\/cours-prix-de-l-or\/\" target=\"_blank\">le prix de l\u2019or<\/a> se trouve \u00eatre particuli\u00e8rement accessible, m\u00eame pour les budgets les plus limit\u00e9s ou h\u00e9sitants.<\/span>    <span style=\"font-size: small;\"> En tout cas, ce serait le moment ou jamais, cette ann\u00e9e d&rsquo;en profiter, puisque la saison des f\u00eates, partout dans le monde, est sur le point de commencer, amenant la promesse d&rsquo;une phase de hausse des prix pour le march\u00e9 aurif\u00e8re.<\/span>    <span style=\"font-size: small;\"> <a title=\"Or et Inde \u2013 La mousson contre le gouvernement\" href=\"https:\/\/www.gold.fr\/news\/2013\/09\/30\/or-et-inde-la-mousson-contre-le-gouvernement\/12916\/\" target=\"_blank\">En Inde<\/a>, octobre, la saison officieuse des mariages, sera suivi de pr\u00e8s par <strong>Diwali<\/strong> (f\u00eate des lumi\u00e8res), la plus importante c\u00e9l\u00e9bration hindoue. D\u00e8s le mois de d\u00e9cembre, une bonne partie du globe se pr\u00e9cipitera vers les boutiques, centres commerciaux et <a href='https:\/\/www.gold.fr\/news\/tags\/bijoux-or' class='esk-seo-plu-link'>bijouteries<\/a> pour faire leurs traditionnels achats de No\u00ebl. Et d\u00e8s le mois de janvier prochain, une autre partie importante du globe jouera encore les supporter de l&rsquo;<a href='https:\/\/www.gold.fr\/news\/tags\/or' class='esk-seo-plu-link'>or<\/a> en f\u00eatant le fameux Nouvel An chinois.<\/span><\/p>\n<!-- AddThis Advanced Settings generic via filter on the_content --><!-- AddThis Share Buttons generic via filter on the_content -->","protected":false},"excerpt":{"rendered":"<p>Et c&rsquo;est un fait qu&rsquo;il serait facile de prouver. C&rsquo;est en tout cas ce qu&rsquo;affirme Frank Holmes, PDG et directeur de l&rsquo;investissement de la c\u00e9l\u00e8bre US Global Investors Inc. D&rsquo;apr\u00e8s cet expert, l&rsquo;histoire de l&rsquo;or le [&hellip;]<\/p>\n","protected":false},"author":18,"featured_media":3243,"comment_status":"open","ping_status":"open","sticky":false,"template":"","format":"standard","meta":{"_mbp_gutenberg_autopost":false,"_pgmb_is_evergreen":false,"_pgmb_ap_template_id":0,"footnotes":""},"categories":[6],"tags":[961,1552,1551,83],"ppma_author":[2565],"class_list":["post-12918","post","type-post","status-publish","format-standard","has-post-thumbnail","hentry","category-articles-de-presse","tag-cours-or","tag-mois-dor","tag-or-en-septembre","tag-prix-de-lor"],"yoast_head":"<!-- This site is optimized with the Yoast SEO plugin v27.5 - https:\/\/yoast.com\/product\/yoast-seo-wordpress\/ -->\n<title>Septembre : Le mois chanceux de l\u2019or - Gold.fr<\/title>\n<meta name=\"robots\" content=\"index, follow, max-snippet:-1, max-image-preview:large, max-video-preview:-1\" \/>\n<link rel=\"canonical\" href=\"https:\/\/www.gold.fr\/news\/2013\/10\/01\/septembre-le-mois-chanceux-de-lor\/\" \/>\n<meta property=\"og:locale\" content=\"fr_FR\" \/>\n<meta property=\"og:type\" content=\"article\" \/>\n<meta property=\"og:title\" content=\"Septembre : Le mois chanceux de l\u2019or - Gold.fr\" \/>\n<meta property=\"og:description\" content=\"Et c&rsquo;est un fait qu&rsquo;il serait facile de prouver. C&rsquo;est en tout cas ce qu&rsquo;affirme Frank Holmes, PDG et directeur de l&rsquo;investissement de la c\u00e9l\u00e8bre US Global Investors Inc. D&rsquo;apr\u00e8s cet expert, l&rsquo;histoire de l&rsquo;or le [&hellip;]\" \/>\n<meta property=\"og:url\" content=\"https:\/\/www.gold.fr\/news\/2013\/10\/01\/septembre-le-mois-chanceux-de-lor\/\" \/>\n<meta property=\"og:site_name\" content=\"Gold.fr\" \/>\n<meta property=\"article:publisher\" content=\"https:\/\/www.facebook.com\/Goldfr\/\" \/>\n<meta property=\"article:published_time\" content=\"2013-10-01T07:00:29+00:00\" \/>\n<meta property=\"article:modified_time\" content=\"2017-11-02T10:33:02+00:00\" \/>\n<meta property=\"og:image\" content=\"https:\/\/www.gold.fr\/news\/wp-content\/uploads\/2011\/10\/cours-or-2-e1319812418738.jpg\" \/>\n\t<meta property=\"og:image:width\" content=\"600\" \/>\n\t<meta property=\"og:image:height\" content=\"450\" \/>\n\t<meta property=\"og:image:type\" content=\"image\/jpeg\" \/>\n<meta name=\"author\" content=\"Comptoir National de l&#039;Or\" \/>\n<meta name=\"twitter:card\" content=\"summary_large_image\" \/>\n<meta name=\"twitter:label1\" content=\"\u00c9crit par\" \/>\n\t<meta name=\"twitter:data1\" content=\"Comptoir National de l&#039;Or\" \/>\n\t<meta name=\"twitter:label2\" content=\"Dur\u00e9e de lecture estim\u00e9e\" \/>\n\t<meta name=\"twitter:data2\" content=\"1 minute\" \/>\n<script type=\"application\/ld+json\" class=\"yoast-schema-graph\">{\"@context\":\"https:\\\/\\\/schema.org\",\"@graph\":[{\"@type\":\"Article\",\"@id\":\"https:\\\/\\\/www.gold.fr\\\/news\\\/2013\\\/10\\\/01\\\/septembre-le-mois-chanceux-de-lor\\\/#article\",\"isPartOf\":{\"@id\":\"https:\\\/\\\/www.gold.fr\\\/news\\\/2013\\\/10\\\/01\\\/septembre-le-mois-chanceux-de-lor\\\/\"},\"author\":{\"name\":\"Comptoir National de l'Or\",\"@id\":\"https:\\\/\\\/www.gold.fr\\\/news\\\/#\\\/schema\\\/person\\\/070491b4b4fb7671bf59b3be20302ce9\"},\"headline\":\"Septembre : Le mois chanceux de l\u2019or\",\"datePublished\":\"2013-10-01T07:00:29+00:00\",\"dateModified\":\"2017-11-02T10:33:02+00:00\",\"mainEntityOfPage\":{\"@id\":\"https:\\\/\\\/www.gold.fr\\\/news\\\/2013\\\/10\\\/01\\\/septembre-le-mois-chanceux-de-lor\\\/\"},\"wordCount\":318,\"commentCount\":0,\"image\":{\"@id\":\"https:\\\/\\\/www.gold.fr\\\/news\\\/2013\\\/10\\\/01\\\/septembre-le-mois-chanceux-de-lor\\\/#primaryimage\"},\"thumbnailUrl\":\"https:\\\/\\\/www.gold.fr\\\/news\\\/wp-content\\\/uploads\\\/2011\\\/10\\\/cours-or-2-e1319812418738.jpg\",\"keywords\":[\"cours or\",\"mois d'or\",\"or en septembre\",\"prix de l'or\"],\"articleSection\":[\"Articles de presse\"],\"inLanguage\":\"fr-FR\"},{\"@type\":\"WebPage\",\"@id\":\"https:\\\/\\\/www.gold.fr\\\/news\\\/2013\\\/10\\\/01\\\/septembre-le-mois-chanceux-de-lor\\\/\",\"url\":\"https:\\\/\\\/www.gold.fr\\\/news\\\/2013\\\/10\\\/01\\\/septembre-le-mois-chanceux-de-lor\\\/\",\"name\":\"Septembre : Le mois chanceux de l\u2019or - Gold.fr\",\"isPartOf\":{\"@id\":\"https:\\\/\\\/www.gold.fr\\\/news\\\/#website\"},\"primaryImageOfPage\":{\"@id\":\"https:\\\/\\\/www.gold.fr\\\/news\\\/2013\\\/10\\\/01\\\/septembre-le-mois-chanceux-de-lor\\\/#primaryimage\"},\"image\":{\"@id\":\"https:\\\/\\\/www.gold.fr\\\/news\\\/2013\\\/10\\\/01\\\/septembre-le-mois-chanceux-de-lor\\\/#primaryimage\"},\"thumbnailUrl\":\"https:\\\/\\\/www.gold.fr\\\/news\\\/wp-content\\\/uploads\\\/2011\\\/10\\\/cours-or-2-e1319812418738.jpg\",\"datePublished\":\"2013-10-01T07:00:29+00:00\",\"dateModified\":\"2017-11-02T10:33:02+00:00\",\"author\":{\"@id\":\"https:\\\/\\\/www.gold.fr\\\/news\\\/#\\\/schema\\\/person\\\/070491b4b4fb7671bf59b3be20302ce9\"},\"breadcrumb\":{\"@id\":\"https:\\\/\\\/www.gold.fr\\\/news\\\/2013\\\/10\\\/01\\\/septembre-le-mois-chanceux-de-lor\\\/#breadcrumb\"},\"inLanguage\":\"fr-FR\",\"potentialAction\":[{\"@type\":\"ReadAction\",\"target\":[\"https:\\\/\\\/www.gold.fr\\\/news\\\/2013\\\/10\\\/01\\\/septembre-le-mois-chanceux-de-lor\\\/\"]}]},{\"@type\":\"ImageObject\",\"inLanguage\":\"fr-FR\",\"@id\":\"https:\\\/\\\/www.gold.fr\\\/news\\\/2013\\\/10\\\/01\\\/septembre-le-mois-chanceux-de-lor\\\/#primaryimage\",\"url\":\"https:\\\/\\\/www.gold.fr\\\/news\\\/wp-content\\\/uploads\\\/2011\\\/10\\\/cours-or-2-e1319812418738.jpg\",\"contentUrl\":\"https:\\\/\\\/www.gold.fr\\\/news\\\/wp-content\\\/uploads\\\/2011\\\/10\\\/cours-or-2-e1319812418738.jpg\",\"width\":\"600\",\"height\":\"450\",\"caption\":\"Sommet Doha : Bilan des experts\"},{\"@type\":\"BreadcrumbList\",\"@id\":\"https:\\\/\\\/www.gold.fr\\\/news\\\/2013\\\/10\\\/01\\\/septembre-le-mois-chanceux-de-lor\\\/#breadcrumb\",\"itemListElement\":[{\"@type\":\"ListItem\",\"position\":1,\"name\":\"Accueil\",\"item\":\"https:\\\/\\\/www.gold.fr\\\/\"},{\"@type\":\"ListItem\",\"position\":2,\"name\":\"Actualit\u00e9s\",\"item\":\"https:\\\/\\\/www.gold.fr\\\/news\\\/\"},{\"@type\":\"ListItem\",\"position\":3,\"name\":\"Septembre : Le mois chanceux de l\u2019or\"}]},{\"@type\":\"WebSite\",\"@id\":\"https:\\\/\\\/www.gold.fr\\\/news\\\/#website\",\"url\":\"https:\\\/\\\/www.gold.fr\\\/news\\\/\",\"name\":\"Gold.fr\",\"description\":\"Actualit\u00e9s de l&#039;Or et des m\u00e9taux pr\u00e9cieux\",\"potentialAction\":[{\"@type\":\"SearchAction\",\"target\":{\"@type\":\"EntryPoint\",\"urlTemplate\":\"https:\\\/\\\/www.gold.fr\\\/news\\\/?s={search_term_string}\"},\"query-input\":{\"@type\":\"PropertyValueSpecification\",\"valueRequired\":true,\"valueName\":\"search_term_string\"}}],\"inLanguage\":\"fr-FR\"},{\"@type\":\"Person\",\"@id\":\"https:\\\/\\\/www.gold.fr\\\/news\\\/#\\\/schema\\\/person\\\/070491b4b4fb7671bf59b3be20302ce9\",\"name\":\"Comptoir National de l'Or\",\"image\":{\"@type\":\"ImageObject\",\"inLanguage\":\"fr-FR\",\"@id\":\"https:\\\/\\\/secure.gravatar.com\\\/avatar\\\/0a2867fd5abe37bed95d5a65e9d58f01756e11efc68af9888dfc50cfa7f65948?s=96&d=mm&r=gb490554db0a38188709de567aa58480d\",\"url\":\"https:\\\/\\\/secure.gravatar.com\\\/avatar\\\/0a2867fd5abe37bed95d5a65e9d58f01756e11efc68af9888dfc50cfa7f65948?s=96&d=mm&r=g\",\"contentUrl\":\"https:\\\/\\\/secure.gravatar.com\\\/avatar\\\/0a2867fd5abe37bed95d5a65e9d58f01756e11efc68af9888dfc50cfa7f65948?s=96&d=mm&r=g\",\"caption\":\"Comptoir National de l'Or\"},\"description\":\"Notre r\u00e9daction est constitu\u00e9e de membres experts dans les m\u00e9tiers de l'\u00e9conomie et la gestion, des Responsables d'agence Comptoir National de l'Or, des analystes financiers qui publient r\u00e9guli\u00e8rement des \u00e9tudes sur les politiques des banques centrales, le cours de l'or, prix de l'or, cours de l'argent, prix de l'argent, cours du platine, cours du palladium,... la situation en zone euro et l'impact de la strat\u00e9gie mon\u00e9taire de la FED. Notre \u00e9quipe scrute \u00e9galement une information plus g\u00e9n\u00e9raliste \u00e0 la recherche d'actualit\u00e9 \\\"p\u00e9pite\\\" \u00e0 vous partager. Depuis 5 ans, nous avons publi\u00e9 un peu plus de 4000 articles qui s'adressent \u00e0 un public large et vari\u00e9 ayant pour objectif de satisfaire votre curiosit\u00e9 et de partager avec vous une certaine fascination pour le m\u00e9tal jaune, le rachat d'or, et pour ceux qui veulent investir dans l'or, vendre leur or tout simplement en savoir plus... Pour tous vos achat or et argent, n'h\u00e9sitez pas \u00e0 prendre rendez-vous dans l'un de nos nombreux comptoirs.\",\"sameAs\":[\"https:\\\/\\\/www.gold.fr\"]}]}<\/script>\n<!-- \/ Yoast SEO plugin. -->","yoast_head_json":{"title":"Septembre : Le mois chanceux de l\u2019or - Gold.fr","robots":{"index":"index","follow":"follow","max-snippet":"max-snippet:-1","max-image-preview":"max-image-preview:large","max-video-preview":"max-video-preview:-1"},"canonical":"https:\/\/www.gold.fr\/news\/2013\/10\/01\/septembre-le-mois-chanceux-de-lor\/","og_locale":"fr_FR","og_type":"article","og_title":"Septembre : Le mois chanceux de l\u2019or - Gold.fr","og_description":"Et c&rsquo;est un fait qu&rsquo;il serait facile de prouver. C&rsquo;est en tout cas ce qu&rsquo;affirme Frank Holmes, PDG et directeur de l&rsquo;investissement de la c\u00e9l\u00e8bre US Global Investors Inc. D&rsquo;apr\u00e8s cet expert, l&rsquo;histoire de l&rsquo;or le [&hellip;]","og_url":"https:\/\/www.gold.fr\/news\/2013\/10\/01\/septembre-le-mois-chanceux-de-lor\/","og_site_name":"Gold.fr","article_publisher":"https:\/\/www.facebook.com\/Goldfr\/","article_published_time":"2013-10-01T07:00:29+00:00","article_modified_time":"2017-11-02T10:33:02+00:00","og_image":[{"width":600,"height":450,"url":"https:\/\/www.gold.fr\/news\/wp-content\/uploads\/2011\/10\/cours-or-2-e1319812418738.jpg","type":"image\/jpeg"}],"author":"Comptoir National de l'Or","twitter_card":"summary_large_image","twitter_misc":{"\u00c9crit par":"Comptoir National de l'Or","Dur\u00e9e de lecture estim\u00e9e":"1 minute"},"schema":{"@context":"https:\/\/schema.org","@graph":[{"@type":"Article","@id":"https:\/\/www.gold.fr\/news\/2013\/10\/01\/septembre-le-mois-chanceux-de-lor\/#article","isPartOf":{"@id":"https:\/\/www.gold.fr\/news\/2013\/10\/01\/septembre-le-mois-chanceux-de-lor\/"},"author":{"name":"Comptoir National de l'Or","@id":"https:\/\/www.gold.fr\/news\/#\/schema\/person\/070491b4b4fb7671bf59b3be20302ce9"},"headline":"Septembre : Le mois chanceux de l\u2019or","datePublished":"2013-10-01T07:00:29+00:00","dateModified":"2017-11-02T10:33:02+00:00","mainEntityOfPage":{"@id":"https:\/\/www.gold.fr\/news\/2013\/10\/01\/septembre-le-mois-chanceux-de-lor\/"},"wordCount":318,"commentCount":0,"image":{"@id":"https:\/\/www.gold.fr\/news\/2013\/10\/01\/septembre-le-mois-chanceux-de-lor\/#primaryimage"},"thumbnailUrl":"https:\/\/www.gold.fr\/news\/wp-content\/uploads\/2011\/10\/cours-or-2-e1319812418738.jpg","keywords":["cours or","mois d'or","or en septembre","prix de l'or"],"articleSection":["Articles de presse"],"inLanguage":"fr-FR"},{"@type":"WebPage","@id":"https:\/\/www.gold.fr\/news\/2013\/10\/01\/septembre-le-mois-chanceux-de-lor\/","url":"https:\/\/www.gold.fr\/news\/2013\/10\/01\/septembre-le-mois-chanceux-de-lor\/","name":"Septembre : Le mois chanceux de l\u2019or - Gold.fr","isPartOf":{"@id":"https:\/\/www.gold.fr\/news\/#website"},"primaryImageOfPage":{"@id":"https:\/\/www.gold.fr\/news\/2013\/10\/01\/septembre-le-mois-chanceux-de-lor\/#primaryimage"},"image":{"@id":"https:\/\/www.gold.fr\/news\/2013\/10\/01\/septembre-le-mois-chanceux-de-lor\/#primaryimage"},"thumbnailUrl":"https:\/\/www.gold.fr\/news\/wp-content\/uploads\/2011\/10\/cours-or-2-e1319812418738.jpg","datePublished":"2013-10-01T07:00:29+00:00","dateModified":"2017-11-02T10:33:02+00:00","author":{"@id":"https:\/\/www.gold.fr\/news\/#\/schema\/person\/070491b4b4fb7671bf59b3be20302ce9"},"breadcrumb":{"@id":"https:\/\/www.gold.fr\/news\/2013\/10\/01\/septembre-le-mois-chanceux-de-lor\/#breadcrumb"},"inLanguage":"fr-FR","potentialAction":[{"@type":"ReadAction","target":["https:\/\/www.gold.fr\/news\/2013\/10\/01\/septembre-le-mois-chanceux-de-lor\/"]}]},{"@type":"ImageObject","inLanguage":"fr-FR","@id":"https:\/\/www.gold.fr\/news\/2013\/10\/01\/septembre-le-mois-chanceux-de-lor\/#primaryimage","url":"https:\/\/www.gold.fr\/news\/wp-content\/uploads\/2011\/10\/cours-or-2-e1319812418738.jpg","contentUrl":"https:\/\/www.gold.fr\/news\/wp-content\/uploads\/2011\/10\/cours-or-2-e1319812418738.jpg","width":"600","height":"450","caption":"Sommet Doha : Bilan des experts"},{"@type":"BreadcrumbList","@id":"https:\/\/www.gold.fr\/news\/2013\/10\/01\/septembre-le-mois-chanceux-de-lor\/#breadcrumb","itemListElement":[{"@type":"ListItem","position":1,"name":"Accueil","item":"https:\/\/www.gold.fr\/"},{"@type":"ListItem","position":2,"name":"Actualit\u00e9s","item":"https:\/\/www.gold.fr\/news\/"},{"@type":"ListItem","position":3,"name":"Septembre : Le mois chanceux de l\u2019or"}]},{"@type":"WebSite","@id":"https:\/\/www.gold.fr\/news\/#website","url":"https:\/\/www.gold.fr\/news\/","name":"Gold.fr","description":"Actualit\u00e9s de l&#039;Or et des m\u00e9taux pr\u00e9cieux","potentialAction":[{"@type":"SearchAction","target":{"@type":"EntryPoint","urlTemplate":"https:\/\/www.gold.fr\/news\/?s={search_term_string}"},"query-input":{"@type":"PropertyValueSpecification","valueRequired":true,"valueName":"search_term_string"}}],"inLanguage":"fr-FR"},{"@type":"Person","@id":"https:\/\/www.gold.fr\/news\/#\/schema\/person\/070491b4b4fb7671bf59b3be20302ce9","name":"Comptoir National de l'Or","image":{"@type":"ImageObject","inLanguage":"fr-FR","@id":"https:\/\/secure.gravatar.com\/avatar\/0a2867fd5abe37bed95d5a65e9d58f01756e11efc68af9888dfc50cfa7f65948?s=96&d=mm&r=gb490554db0a38188709de567aa58480d","url":"https:\/\/secure.gravatar.com\/avatar\/0a2867fd5abe37bed95d5a65e9d58f01756e11efc68af9888dfc50cfa7f65948?s=96&d=mm&r=g","contentUrl":"https:\/\/secure.gravatar.com\/avatar\/0a2867fd5abe37bed95d5a65e9d58f01756e11efc68af9888dfc50cfa7f65948?s=96&d=mm&r=g","caption":"Comptoir National de l'Or"},"description":"Notre r\u00e9daction est constitu\u00e9e de membres experts dans les m\u00e9tiers de l'\u00e9conomie et la gestion, des Responsables d'agence Comptoir National de l'Or, des analystes financiers qui publient r\u00e9guli\u00e8rement des \u00e9tudes sur les politiques des banques centrales, le cours de l'or, prix de l'or, cours de l'argent, prix de l'argent, cours du platine, cours du palladium,... la situation en zone euro et l'impact de la strat\u00e9gie mon\u00e9taire de la FED. Notre \u00e9quipe scrute \u00e9galement une information plus g\u00e9n\u00e9raliste \u00e0 la recherche d'actualit\u00e9 \"p\u00e9pite\" \u00e0 vous partager. Depuis 5 ans, nous avons publi\u00e9 un peu plus de 4000 articles qui s'adressent \u00e0 un public large et vari\u00e9 ayant pour objectif de satisfaire votre curiosit\u00e9 et de partager avec vous une certaine fascination pour le m\u00e9tal jaune, le rachat d'or, et pour ceux qui veulent investir dans l'or, vendre leur or tout simplement en savoir plus... Pour tous vos achat or et argent, n'h\u00e9sitez pas \u00e0 prendre rendez-vous dans l'un de nos nombreux comptoirs.","sameAs":["https:\/\/www.gold.fr"]}]}},"authors":[{"term_id":2565,"user_id":18,"is_guest":0,"slug":"julie","display_name":"Comptoir National de l'Or","avatar_url":"https:\/\/secure.gravatar.com\/avatar\/713f289e398d35ead876c4a4cc08607f0d6d266058cfc25683fffb6092d0e572?s=96&d=mm&r=g","0":null,"1":"","2":"","3":"","4":"","5":"","6":"","7":"","8":""}],"_links":{"self":[{"href":"https:\/\/www.gold.fr\/news\/wp-json\/wp\/v2\/posts\/12918","targetHints":{"allow":["GET"]}}],"collection":[{"href":"https:\/\/www.gold.fr\/news\/wp-json\/wp\/v2\/posts"}],"about":[{"href":"https:\/\/www.gold.fr\/news\/wp-json\/wp\/v2\/types\/post"}],"author":[{"embeddable":true,"href":"https:\/\/www.gold.fr\/news\/wp-json\/wp\/v2\/users\/18"}],"replies":[{"embeddable":true,"href":"https:\/\/www.gold.fr\/news\/wp-json\/wp\/v2\/comments?post=12918"}],"version-history":[{"count":0,"href":"https:\/\/www.gold.fr\/news\/wp-json\/wp\/v2\/posts\/12918\/revisions"}],"wp:featuredmedia":[{"embeddable":true,"href":"https:\/\/www.gold.fr\/news\/wp-json\/wp\/v2\/media\/3243"}],"wp:attachment":[{"href":"https:\/\/www.gold.fr\/news\/wp-json\/wp\/v2\/media?parent=12918"}],"wp:term":[{"taxonomy":"category","embeddable":true,"href":"https:\/\/www.gold.fr\/news\/wp-json\/wp\/v2\/categories?post=12918"},{"taxonomy":"post_tag","embeddable":true,"href":"https:\/\/www.gold.fr\/news\/wp-json\/wp\/v2\/tags?post=12918"},{"taxonomy":"author","embeddable":true,"href":"https:\/\/www.gold.fr\/news\/wp-json\/wp\/v2\/ppma_author?post=12918"}],"curies":[{"name":"wp","href":"https:\/\/api.w.org\/{rel}","templated":true}]}}