{"id":12904,"date":"2013-09-26T17:00:33","date_gmt":"2013-09-26T15:00:33","guid":{"rendered":"https:\/\/www.gold.fr\/news\/?p=12904"},"modified":"2018-02-23T16:29:23","modified_gmt":"2018-02-23T15:29:23","slug":"lor-remonte-booste-par-linde-et-la-fed","status":"publish","type":"post","link":"https:\/\/www.gold.fr\/news\/2013\/09\/26\/lor-remonte-booste-par-linde-et-la-fed\/","title":{"rendered":"L\u2019or remonte, boost\u00e9 par l\u2019Inde et la FED"},"content":{"rendered":"<p><span style=\"font-size: small;\"><img loading=\"lazy\" decoding=\"async\" class=\"alignleft size-thumbnail wp-image-4439\" title=\"L\u2019or remonte, boost\u00e9 par l\u2019Inde et la FED\" src=\"https:\/\/www.gold.fr\/news\/wp-content\/uploads\/2011\/12\/cours-de-lor5-e1366104400755-150x150.jpg\" alt=\"\" width=\"150\" height=\"150\" \/>Apr\u00e8s un d\u00e9but de semaine h\u00e9sitant, sur fond d&rsquo;incertitudes <strong>FED<\/strong>, l&rsquo;heure est \u00e0 nouveau \u00e0 la hausse pour le <a class=\"esk-seo-plu-link\" href=\"https:\/\/www.gold.fr\/news\/tags\/or\">m\u00e9tal jaune<\/a>. Les passionn\u00e9s de relique barbare reprennent d\u00e9j\u00e0 leur engouement habituel, les investisseurs profitant de cette occasion pour accumuler les achats \u00e0 prix accessible.<\/span> <span style=\"font-size: small;\"><strong> Julian Jessop<\/strong>, chef \u00e9conomiste pour les mati\u00e8res premi\u00e8res du <strong>cabinet Capital Economics<\/strong>, confirmait d&rsquo;ailleurs, vendredi dernier, que \u00ab <em>les m\u00e9taux pr\u00e9cieux, sp\u00e9cialement l&rsquo;<a class=\"esk-seo-plu-link\" href=\"https:\/\/www.gold.fr\/news\/tags\/or\">or<\/a> et l&rsquo;argent, ont \u00e9t\u00e9 parmi les principaux b\u00e9n\u00e9ficiaires de la d\u00e9cision surprise par la Fed de ne pas encore r\u00e9duire ses achats d&rsquo;actifs<\/em> \u00bb.<\/span> <span style=\"font-size: small;\"> Outre la confondante roulette russe orchestr\u00e9e, depuis la semaine derni\u00e8re, par les pr\u00e9sidents des diff\u00e9rentes r\u00e9serves f\u00e9d\u00e9rales am\u00e9ricaines, il faut \u00e9galement citer le r\u00f4le fondamental de l&rsquo;<strong>Inde<\/strong>, dans ce dernier rebond.<\/span> <span style=\"font-size: small;\"> Le gouvernement indien vient en effet de relever les droits de douane sur les bijoux en <a class=\"esk-seo-plu-link\" href=\"https:\/\/www.gold.fr\/news\/tags\/or\">or<\/a> de <strong>10 \u00e0 15%<\/strong>. Il s&rsquo;agit de la quatri\u00e8me op\u00e9ration de rel\u00e8vement du m\u00eame type, depuis le d\u00e9but de cette ann\u00e9e. Toutefois, cette fois-ci, l&rsquo;op\u00e9ration concernera uniquement les bijoux. Les droits d&rsquo;importation sur <a title=\"Lingot d'Or\" href=\"https:\/\/www.gold.fr\/lingot-1-kg\/\" target=\"_blank\" rel=\"noopener\">les lingots d\u2019or<\/a> demeureront, quant \u00e0 eux, \u00e0<strong> 10 %<\/strong>.<\/span> <span style=\"font-size: small;\"> Les analystes de <strong>Commerzbank<\/strong> soulignaient, la semaine derni\u00e8re, que \u00ab <em>la demande de bijoux en <a class=\"esk-seo-plu-link\" href=\"https:\/\/www.gold.fr\/news\/tags\/or\">or<\/a> \u00e9tant consid\u00e9rablement plus importante en Inde que la demande de pi\u00e8ces et de lingots, le rel\u00e8vement des droits de douane devrait avoir un impact n\u00e9gatif sur la demande d&rsquo;<a class=\"esk-seo-plu-link\" href=\"https:\/\/www.gold.fr\/news\/tags\/or\">or<\/a> en Inde<\/em> \u00bb. Pourtant, le <a class=\"esk-seo-plu-link\" href=\"https:\/\/www.gold.fr\/news\/tags\/or\">m\u00e9tal jaune<\/a> a maintenu le cap de la stabilit\u00e9, sur plusieurs s\u00e9ances cons\u00e9cutives, avant de reprendre le chemin de la hausse, confirmant la solidit\u00e9 de cette tendance.<\/span><\/p>\n<!-- AddThis Advanced Settings generic via filter on the_content --><!-- AddThis Share Buttons generic via filter on the_content -->","protected":false},"excerpt":{"rendered":"<p>Apr\u00e8s un d\u00e9but de semaine h\u00e9sitant, sur fond d&rsquo;incertitudes FED, l&rsquo;heure est \u00e0 nouveau \u00e0 la hausse pour le m\u00e9tal jaune. Les passionn\u00e9s de relique barbare reprennent d\u00e9j\u00e0 leur engouement habituel, les investisseurs profitant de cette [&hellip;]<\/p>\n","protected":false},"author":18,"featured_media":4439,"comment_status":"open","ping_status":"open","sticky":false,"template":"","format":"standard","meta":{"_mbp_gutenberg_autopost":false,"_pgmb_is_evergreen":false,"_pgmb_ap_template_id":0,"footnotes":""},"categories":[6],"tags":[1167,144,120,263,607],"ppma_author":[2565],"class_list":["post-12904","post","type-post","status-publish","format-standard","has-post-thumbnail","hentry","category-articles-de-presse","tag-evolution-or","tag-fed","tag-hausse-de-lor","tag-inde","tag-lingot-or"],"yoast_head":"<!-- This site is optimized with the Yoast SEO plugin v27.5 - https:\/\/yoast.com\/product\/yoast-seo-wordpress\/ -->\n<title>L\u2019or remonte, boost\u00e9 par l\u2019Inde et la FED - Gold.fr<\/title>\n<meta name=\"robots\" content=\"index, follow, max-snippet:-1, max-image-preview:large, max-video-preview:-1\" \/>\n<link rel=\"canonical\" href=\"https:\/\/www.gold.fr\/news\/2013\/09\/26\/lor-remonte-booste-par-linde-et-la-fed\/\" \/>\n<meta property=\"og:locale\" content=\"fr_FR\" \/>\n<meta property=\"og:type\" content=\"article\" \/>\n<meta property=\"og:title\" content=\"L\u2019or remonte, boost\u00e9 par l\u2019Inde et la FED - Gold.fr\" \/>\n<meta property=\"og:description\" content=\"Apr\u00e8s un d\u00e9but de semaine h\u00e9sitant, sur fond d&rsquo;incertitudes FED, l&rsquo;heure est \u00e0 nouveau \u00e0 la hausse pour le m\u00e9tal jaune. Les passionn\u00e9s de relique barbare reprennent d\u00e9j\u00e0 leur engouement habituel, les investisseurs profitant de cette [&hellip;]\" \/>\n<meta property=\"og:url\" content=\"https:\/\/www.gold.fr\/news\/2013\/09\/26\/lor-remonte-booste-par-linde-et-la-fed\/\" \/>\n<meta property=\"og:site_name\" content=\"Gold.fr\" \/>\n<meta property=\"article:publisher\" content=\"https:\/\/www.facebook.com\/Goldfr\/\" \/>\n<meta property=\"article:published_time\" content=\"2013-09-26T15:00:33+00:00\" \/>\n<meta property=\"article:modified_time\" content=\"2018-02-23T15:29:23+00:00\" \/>\n<meta property=\"og:image\" content=\"https:\/\/www.gold.fr\/news\/wp-content\/uploads\/2011\/12\/cours-de-lor5-e1366104400755.jpg\" \/>\n\t<meta property=\"og:image:width\" content=\"601\" \/>\n\t<meta property=\"og:image:height\" content=\"348\" \/>\n\t<meta property=\"og:image:type\" content=\"image\/jpeg\" \/>\n<meta name=\"author\" content=\"Comptoir National de l&#039;Or\" \/>\n<meta name=\"twitter:card\" content=\"summary_large_image\" \/>\n<meta name=\"twitter:label1\" content=\"\u00c9crit par\" \/>\n\t<meta name=\"twitter:data1\" content=\"Comptoir National de l&#039;Or\" \/>\n\t<meta name=\"twitter:label2\" content=\"Dur\u00e9e de lecture estim\u00e9e\" \/>\n\t<meta name=\"twitter:data2\" content=\"1 minute\" \/>\n<script type=\"application\/ld+json\" class=\"yoast-schema-graph\">{\"@context\":\"https:\\\/\\\/schema.org\",\"@graph\":[{\"@type\":\"Article\",\"@id\":\"https:\\\/\\\/www.gold.fr\\\/news\\\/2013\\\/09\\\/26\\\/lor-remonte-booste-par-linde-et-la-fed\\\/#article\",\"isPartOf\":{\"@id\":\"https:\\\/\\\/www.gold.fr\\\/news\\\/2013\\\/09\\\/26\\\/lor-remonte-booste-par-linde-et-la-fed\\\/\"},\"author\":{\"name\":\"Comptoir National de l'Or\",\"@id\":\"https:\\\/\\\/www.gold.fr\\\/news\\\/#\\\/schema\\\/person\\\/070491b4b4fb7671bf59b3be20302ce9\"},\"headline\":\"L\u2019or remonte, boost\u00e9 par l\u2019Inde et la FED\",\"datePublished\":\"2013-09-26T15:00:33+00:00\",\"dateModified\":\"2018-02-23T15:29:23+00:00\",\"mainEntityOfPage\":{\"@id\":\"https:\\\/\\\/www.gold.fr\\\/news\\\/2013\\\/09\\\/26\\\/lor-remonte-booste-par-linde-et-la-fed\\\/\"},\"wordCount\":306,\"commentCount\":0,\"image\":{\"@id\":\"https:\\\/\\\/www.gold.fr\\\/news\\\/2013\\\/09\\\/26\\\/lor-remonte-booste-par-linde-et-la-fed\\\/#primaryimage\"},\"thumbnailUrl\":\"https:\\\/\\\/www.gold.fr\\\/news\\\/wp-content\\\/uploads\\\/2011\\\/12\\\/cours-de-lor5-e1366104400755.jpg\",\"keywords\":[\"evolution or\",\"fed\",\"hausse de l'or\",\"Inde\",\"lingot or\"],\"articleSection\":[\"Articles de presse\"],\"inLanguage\":\"fr-FR\"},{\"@type\":\"WebPage\",\"@id\":\"https:\\\/\\\/www.gold.fr\\\/news\\\/2013\\\/09\\\/26\\\/lor-remonte-booste-par-linde-et-la-fed\\\/\",\"url\":\"https:\\\/\\\/www.gold.fr\\\/news\\\/2013\\\/09\\\/26\\\/lor-remonte-booste-par-linde-et-la-fed\\\/\",\"name\":\"L\u2019or remonte, boost\u00e9 par l\u2019Inde et la FED - Gold.fr\",\"isPartOf\":{\"@id\":\"https:\\\/\\\/www.gold.fr\\\/news\\\/#website\"},\"primaryImageOfPage\":{\"@id\":\"https:\\\/\\\/www.gold.fr\\\/news\\\/2013\\\/09\\\/26\\\/lor-remonte-booste-par-linde-et-la-fed\\\/#primaryimage\"},\"image\":{\"@id\":\"https:\\\/\\\/www.gold.fr\\\/news\\\/2013\\\/09\\\/26\\\/lor-remonte-booste-par-linde-et-la-fed\\\/#primaryimage\"},\"thumbnailUrl\":\"https:\\\/\\\/www.gold.fr\\\/news\\\/wp-content\\\/uploads\\\/2011\\\/12\\\/cours-de-lor5-e1366104400755.jpg\",\"datePublished\":\"2013-09-26T15:00:33+00:00\",\"dateModified\":\"2018-02-23T15:29:23+00:00\",\"author\":{\"@id\":\"https:\\\/\\\/www.gold.fr\\\/news\\\/#\\\/schema\\\/person\\\/070491b4b4fb7671bf59b3be20302ce9\"},\"breadcrumb\":{\"@id\":\"https:\\\/\\\/www.gold.fr\\\/news\\\/2013\\\/09\\\/26\\\/lor-remonte-booste-par-linde-et-la-fed\\\/#breadcrumb\"},\"inLanguage\":\"fr-FR\",\"potentialAction\":[{\"@type\":\"ReadAction\",\"target\":[\"https:\\\/\\\/www.gold.fr\\\/news\\\/2013\\\/09\\\/26\\\/lor-remonte-booste-par-linde-et-la-fed\\\/\"]}]},{\"@type\":\"ImageObject\",\"inLanguage\":\"fr-FR\",\"@id\":\"https:\\\/\\\/www.gold.fr\\\/news\\\/2013\\\/09\\\/26\\\/lor-remonte-booste-par-linde-et-la-fed\\\/#primaryimage\",\"url\":\"https:\\\/\\\/www.gold.fr\\\/news\\\/wp-content\\\/uploads\\\/2011\\\/12\\\/cours-de-lor5-e1366104400755.jpg\",\"contentUrl\":\"https:\\\/\\\/www.gold.fr\\\/news\\\/wp-content\\\/uploads\\\/2011\\\/12\\\/cours-de-lor5-e1366104400755.jpg\",\"width\":\"601\",\"height\":\"348\",\"caption\":\"echecs en or\"},{\"@type\":\"BreadcrumbList\",\"@id\":\"https:\\\/\\\/www.gold.fr\\\/news\\\/2013\\\/09\\\/26\\\/lor-remonte-booste-par-linde-et-la-fed\\\/#breadcrumb\",\"itemListElement\":[{\"@type\":\"ListItem\",\"position\":1,\"name\":\"Accueil\",\"item\":\"https:\\\/\\\/www.gold.fr\\\/\"},{\"@type\":\"ListItem\",\"position\":2,\"name\":\"Actualit\u00e9s\",\"item\":\"https:\\\/\\\/www.gold.fr\\\/news\\\/\"},{\"@type\":\"ListItem\",\"position\":3,\"name\":\"L\u2019or remonte, boost\u00e9 par l\u2019Inde et la FED\"}]},{\"@type\":\"WebSite\",\"@id\":\"https:\\\/\\\/www.gold.fr\\\/news\\\/#website\",\"url\":\"https:\\\/\\\/www.gold.fr\\\/news\\\/\",\"name\":\"Gold.fr\",\"description\":\"Actualit\u00e9s de l&#039;Or et des m\u00e9taux pr\u00e9cieux\",\"potentialAction\":[{\"@type\":\"SearchAction\",\"target\":{\"@type\":\"EntryPoint\",\"urlTemplate\":\"https:\\\/\\\/www.gold.fr\\\/news\\\/?s={search_term_string}\"},\"query-input\":{\"@type\":\"PropertyValueSpecification\",\"valueRequired\":true,\"valueName\":\"search_term_string\"}}],\"inLanguage\":\"fr-FR\"},{\"@type\":\"Person\",\"@id\":\"https:\\\/\\\/www.gold.fr\\\/news\\\/#\\\/schema\\\/person\\\/070491b4b4fb7671bf59b3be20302ce9\",\"name\":\"Comptoir National de l'Or\",\"image\":{\"@type\":\"ImageObject\",\"inLanguage\":\"fr-FR\",\"@id\":\"https:\\\/\\\/secure.gravatar.com\\\/avatar\\\/0a2867fd5abe37bed95d5a65e9d58f01756e11efc68af9888dfc50cfa7f65948?s=96&d=mm&r=gb490554db0a38188709de567aa58480d\",\"url\":\"https:\\\/\\\/secure.gravatar.com\\\/avatar\\\/0a2867fd5abe37bed95d5a65e9d58f01756e11efc68af9888dfc50cfa7f65948?s=96&d=mm&r=g\",\"contentUrl\":\"https:\\\/\\\/secure.gravatar.com\\\/avatar\\\/0a2867fd5abe37bed95d5a65e9d58f01756e11efc68af9888dfc50cfa7f65948?s=96&d=mm&r=g\",\"caption\":\"Comptoir National de l'Or\"},\"description\":\"Notre r\u00e9daction est constitu\u00e9e de membres experts dans les m\u00e9tiers de l'\u00e9conomie et la gestion, des Responsables d'agence Comptoir National de l'Or, des analystes financiers qui publient r\u00e9guli\u00e8rement des \u00e9tudes sur les politiques des banques centrales, le cours de l'or, prix de l'or, cours de l'argent, prix de l'argent, cours du platine, cours du palladium,... la situation en zone euro et l'impact de la strat\u00e9gie mon\u00e9taire de la FED. Notre \u00e9quipe scrute \u00e9galement une information plus g\u00e9n\u00e9raliste \u00e0 la recherche d'actualit\u00e9 \\\"p\u00e9pite\\\" \u00e0 vous partager. Depuis 5 ans, nous avons publi\u00e9 un peu plus de 4000 articles qui s'adressent \u00e0 un public large et vari\u00e9 ayant pour objectif de satisfaire votre curiosit\u00e9 et de partager avec vous une certaine fascination pour le m\u00e9tal jaune, le rachat d'or, et pour ceux qui veulent investir dans l'or, vendre leur or tout simplement en savoir plus... Pour tous vos achat or et argent, n'h\u00e9sitez pas \u00e0 prendre rendez-vous dans l'un de nos nombreux comptoirs.\",\"sameAs\":[\"https:\\\/\\\/www.gold.fr\"]}]}<\/script>\n<!-- \/ Yoast SEO plugin. -->","yoast_head_json":{"title":"L\u2019or remonte, boost\u00e9 par l\u2019Inde et la FED - Gold.fr","robots":{"index":"index","follow":"follow","max-snippet":"max-snippet:-1","max-image-preview":"max-image-preview:large","max-video-preview":"max-video-preview:-1"},"canonical":"https:\/\/www.gold.fr\/news\/2013\/09\/26\/lor-remonte-booste-par-linde-et-la-fed\/","og_locale":"fr_FR","og_type":"article","og_title":"L\u2019or remonte, boost\u00e9 par l\u2019Inde et la FED - Gold.fr","og_description":"Apr\u00e8s un d\u00e9but de semaine h\u00e9sitant, sur fond d&rsquo;incertitudes FED, l&rsquo;heure est \u00e0 nouveau \u00e0 la hausse pour le m\u00e9tal jaune. Les passionn\u00e9s de relique barbare reprennent d\u00e9j\u00e0 leur engouement habituel, les investisseurs profitant de cette [&hellip;]","og_url":"https:\/\/www.gold.fr\/news\/2013\/09\/26\/lor-remonte-booste-par-linde-et-la-fed\/","og_site_name":"Gold.fr","article_publisher":"https:\/\/www.facebook.com\/Goldfr\/","article_published_time":"2013-09-26T15:00:33+00:00","article_modified_time":"2018-02-23T15:29:23+00:00","og_image":[{"width":601,"height":348,"url":"https:\/\/www.gold.fr\/news\/wp-content\/uploads\/2011\/12\/cours-de-lor5-e1366104400755.jpg","type":"image\/jpeg"}],"author":"Comptoir National de l'Or","twitter_card":"summary_large_image","twitter_misc":{"\u00c9crit par":"Comptoir National de l'Or","Dur\u00e9e de lecture estim\u00e9e":"1 minute"},"schema":{"@context":"https:\/\/schema.org","@graph":[{"@type":"Article","@id":"https:\/\/www.gold.fr\/news\/2013\/09\/26\/lor-remonte-booste-par-linde-et-la-fed\/#article","isPartOf":{"@id":"https:\/\/www.gold.fr\/news\/2013\/09\/26\/lor-remonte-booste-par-linde-et-la-fed\/"},"author":{"name":"Comptoir National de l'Or","@id":"https:\/\/www.gold.fr\/news\/#\/schema\/person\/070491b4b4fb7671bf59b3be20302ce9"},"headline":"L\u2019or remonte, boost\u00e9 par l\u2019Inde et la FED","datePublished":"2013-09-26T15:00:33+00:00","dateModified":"2018-02-23T15:29:23+00:00","mainEntityOfPage":{"@id":"https:\/\/www.gold.fr\/news\/2013\/09\/26\/lor-remonte-booste-par-linde-et-la-fed\/"},"wordCount":306,"commentCount":0,"image":{"@id":"https:\/\/www.gold.fr\/news\/2013\/09\/26\/lor-remonte-booste-par-linde-et-la-fed\/#primaryimage"},"thumbnailUrl":"https:\/\/www.gold.fr\/news\/wp-content\/uploads\/2011\/12\/cours-de-lor5-e1366104400755.jpg","keywords":["evolution or","fed","hausse de l'or","Inde","lingot or"],"articleSection":["Articles de presse"],"inLanguage":"fr-FR"},{"@type":"WebPage","@id":"https:\/\/www.gold.fr\/news\/2013\/09\/26\/lor-remonte-booste-par-linde-et-la-fed\/","url":"https:\/\/www.gold.fr\/news\/2013\/09\/26\/lor-remonte-booste-par-linde-et-la-fed\/","name":"L\u2019or remonte, boost\u00e9 par l\u2019Inde et la FED - Gold.fr","isPartOf":{"@id":"https:\/\/www.gold.fr\/news\/#website"},"primaryImageOfPage":{"@id":"https:\/\/www.gold.fr\/news\/2013\/09\/26\/lor-remonte-booste-par-linde-et-la-fed\/#primaryimage"},"image":{"@id":"https:\/\/www.gold.fr\/news\/2013\/09\/26\/lor-remonte-booste-par-linde-et-la-fed\/#primaryimage"},"thumbnailUrl":"https:\/\/www.gold.fr\/news\/wp-content\/uploads\/2011\/12\/cours-de-lor5-e1366104400755.jpg","datePublished":"2013-09-26T15:00:33+00:00","dateModified":"2018-02-23T15:29:23+00:00","author":{"@id":"https:\/\/www.gold.fr\/news\/#\/schema\/person\/070491b4b4fb7671bf59b3be20302ce9"},"breadcrumb":{"@id":"https:\/\/www.gold.fr\/news\/2013\/09\/26\/lor-remonte-booste-par-linde-et-la-fed\/#breadcrumb"},"inLanguage":"fr-FR","potentialAction":[{"@type":"ReadAction","target":["https:\/\/www.gold.fr\/news\/2013\/09\/26\/lor-remonte-booste-par-linde-et-la-fed\/"]}]},{"@type":"ImageObject","inLanguage":"fr-FR","@id":"https:\/\/www.gold.fr\/news\/2013\/09\/26\/lor-remonte-booste-par-linde-et-la-fed\/#primaryimage","url":"https:\/\/www.gold.fr\/news\/wp-content\/uploads\/2011\/12\/cours-de-lor5-e1366104400755.jpg","contentUrl":"https:\/\/www.gold.fr\/news\/wp-content\/uploads\/2011\/12\/cours-de-lor5-e1366104400755.jpg","width":"601","height":"348","caption":"echecs en or"},{"@type":"BreadcrumbList","@id":"https:\/\/www.gold.fr\/news\/2013\/09\/26\/lor-remonte-booste-par-linde-et-la-fed\/#breadcrumb","itemListElement":[{"@type":"ListItem","position":1,"name":"Accueil","item":"https:\/\/www.gold.fr\/"},{"@type":"ListItem","position":2,"name":"Actualit\u00e9s","item":"https:\/\/www.gold.fr\/news\/"},{"@type":"ListItem","position":3,"name":"L\u2019or remonte, boost\u00e9 par l\u2019Inde et la FED"}]},{"@type":"WebSite","@id":"https:\/\/www.gold.fr\/news\/#website","url":"https:\/\/www.gold.fr\/news\/","name":"Gold.fr","description":"Actualit\u00e9s de l&#039;Or et des m\u00e9taux pr\u00e9cieux","potentialAction":[{"@type":"SearchAction","target":{"@type":"EntryPoint","urlTemplate":"https:\/\/www.gold.fr\/news\/?s={search_term_string}"},"query-input":{"@type":"PropertyValueSpecification","valueRequired":true,"valueName":"search_term_string"}}],"inLanguage":"fr-FR"},{"@type":"Person","@id":"https:\/\/www.gold.fr\/news\/#\/schema\/person\/070491b4b4fb7671bf59b3be20302ce9","name":"Comptoir National de l'Or","image":{"@type":"ImageObject","inLanguage":"fr-FR","@id":"https:\/\/secure.gravatar.com\/avatar\/0a2867fd5abe37bed95d5a65e9d58f01756e11efc68af9888dfc50cfa7f65948?s=96&d=mm&r=gb490554db0a38188709de567aa58480d","url":"https:\/\/secure.gravatar.com\/avatar\/0a2867fd5abe37bed95d5a65e9d58f01756e11efc68af9888dfc50cfa7f65948?s=96&d=mm&r=g","contentUrl":"https:\/\/secure.gravatar.com\/avatar\/0a2867fd5abe37bed95d5a65e9d58f01756e11efc68af9888dfc50cfa7f65948?s=96&d=mm&r=g","caption":"Comptoir National de l'Or"},"description":"Notre r\u00e9daction est constitu\u00e9e de membres experts dans les m\u00e9tiers de l'\u00e9conomie et la gestion, des Responsables d'agence Comptoir National de l'Or, des analystes financiers qui publient r\u00e9guli\u00e8rement des \u00e9tudes sur les politiques des banques centrales, le cours de l'or, prix de l'or, cours de l'argent, prix de l'argent, cours du platine, cours du palladium,... la situation en zone euro et l'impact de la strat\u00e9gie mon\u00e9taire de la FED. Notre \u00e9quipe scrute \u00e9galement une information plus g\u00e9n\u00e9raliste \u00e0 la recherche d'actualit\u00e9 \"p\u00e9pite\" \u00e0 vous partager. Depuis 5 ans, nous avons publi\u00e9 un peu plus de 4000 articles qui s'adressent \u00e0 un public large et vari\u00e9 ayant pour objectif de satisfaire votre curiosit\u00e9 et de partager avec vous une certaine fascination pour le m\u00e9tal jaune, le rachat d'or, et pour ceux qui veulent investir dans l'or, vendre leur or tout simplement en savoir plus... Pour tous vos achat or et argent, n'h\u00e9sitez pas \u00e0 prendre rendez-vous dans l'un de nos nombreux comptoirs.","sameAs":["https:\/\/www.gold.fr"]}]}},"authors":[{"term_id":2565,"user_id":18,"is_guest":0,"slug":"julie","display_name":"Comptoir National de l'Or","avatar_url":"https:\/\/secure.gravatar.com\/avatar\/713f289e398d35ead876c4a4cc08607f0d6d266058cfc25683fffb6092d0e572?s=96&d=mm&r=g","0":null,"1":"","2":"","3":"","4":"","5":"","6":"","7":"","8":""}],"_links":{"self":[{"href":"https:\/\/www.gold.fr\/news\/wp-json\/wp\/v2\/posts\/12904","targetHints":{"allow":["GET"]}}],"collection":[{"href":"https:\/\/www.gold.fr\/news\/wp-json\/wp\/v2\/posts"}],"about":[{"href":"https:\/\/www.gold.fr\/news\/wp-json\/wp\/v2\/types\/post"}],"author":[{"embeddable":true,"href":"https:\/\/www.gold.fr\/news\/wp-json\/wp\/v2\/users\/18"}],"replies":[{"embeddable":true,"href":"https:\/\/www.gold.fr\/news\/wp-json\/wp\/v2\/comments?post=12904"}],"version-history":[{"count":0,"href":"https:\/\/www.gold.fr\/news\/wp-json\/wp\/v2\/posts\/12904\/revisions"}],"wp:featuredmedia":[{"embeddable":true,"href":"https:\/\/www.gold.fr\/news\/wp-json\/wp\/v2\/media\/4439"}],"wp:attachment":[{"href":"https:\/\/www.gold.fr\/news\/wp-json\/wp\/v2\/media?parent=12904"}],"wp:term":[{"taxonomy":"category","embeddable":true,"href":"https:\/\/www.gold.fr\/news\/wp-json\/wp\/v2\/categories?post=12904"},{"taxonomy":"post_tag","embeddable":true,"href":"https:\/\/www.gold.fr\/news\/wp-json\/wp\/v2\/tags?post=12904"},{"taxonomy":"author","embeddable":true,"href":"https:\/\/www.gold.fr\/news\/wp-json\/wp\/v2\/ppma_author?post=12904"}],"curies":[{"name":"wp","href":"https:\/\/api.w.org\/{rel}","templated":true}]}}