{"id":12885,"date":"2013-09-25T09:00:47","date_gmt":"2013-09-25T07:00:47","guid":{"rendered":"https:\/\/www.gold.fr\/news\/?p=12885"},"modified":"2017-11-02T11:33:04","modified_gmt":"2017-11-02T10:33:04","slug":"or-et-menace-fed-quen-disent-les-experts","status":"publish","type":"post","link":"https:\/\/www.gold.fr\/news\/2013\/09\/25\/or-et-menace-fed-quen-disent-les-experts\/","title":{"rendered":"Or et menace FED : Qu\u2019en disent les experts ?"},"content":{"rendered":"<p><span style=\"font-size: small;\"><img loading=\"lazy\" decoding=\"async\" class=\"alignleft size-thumbnail wp-image-12360\" title=\"Or et menace FED : Qu\u2019en disent les experts ?\" src=\"https:\/\/www.gold.fr\/news\/wp-content\/uploads\/2013\/07\/dollar-or-150x150.jpg\" alt=\"\" width=\"150\" height=\"150\" \/><a title=\"L\u2019or r\u00e9ussit un rebond de 5%\" href=\"https:\/\/www.gold.fr\/news\/2013\/09\/19\/lor-reussit-un-rebond-de-5\/12859\/\" target=\"_blank\">Jeudi dernier (19 septembre)<\/a>, <a title=\"Prix de l'Once d'Or\" href=\"https:\/\/www.gold.fr\/once-en\/\" target=\"_blank\">le prix de l\u2019once d\u2019or<\/a> atteignait <strong>1 375,81 dollars<\/strong>, soit le pic de la semaine boursi\u00e8re du <a href='https:\/\/www.gold.fr\/news\/tags\/or' class='esk-seo-plu-link'>m\u00e9tal jaune<\/a>. Boost\u00e9 par la d\u00e9cision de la r\u00e9serve f\u00e9d\u00e9rale am\u00e9ricaine, le march\u00e9 aurif\u00e8re profitait d&rsquo;un \u00e9tat de gr\u00e2ce pr\u00e9visible, m\u00eame si la d\u00e9cision elle-m\u00eame qui l&rsquo;a provoqu\u00e9 demeure un myst\u00e8re total pour la plupart des analystes, observateurs et \u00e9conomistes.<\/span>    <span style=\"font-size: small;\"> L&rsquo;<a href='https:\/\/www.gold.fr\/news\/tags\/or' class='esk-seo-plu-link'>or<\/a> retrouvait donc son statut de valeur refuge, sur fond de preuves irr\u00e9futables que les responsables de la <strong>FED<\/strong> eux-m\u00eames avaient peu (voire pas) de confiance dans la stabilit\u00e9 potentielle de la reprise \u00e9conomique nationale. Le pr\u00e9sident de la r\u00e9serve f\u00e9d\u00e9rale am\u00e9ricaine, <strong>Ben Bernanke<\/strong>, n&rsquo;a m\u00eame pas fait allusion \u00e0 l&rsquo;\u00e9tablissement d&rsquo;un \u00e9ventuel plan de r\u00e9duction des quelques <strong>85 milliards de dollars<\/strong> insuffl\u00e9s mensuellement dans les secteurs \u00e9conomiques du pays.<\/span>    <span style=\"font-size: small;\"> Pourtant, d&rsquo;apr\u00e8s les analystes de <strong>Commerzbank<\/strong>, l&rsquo;atmosph\u00e8re de m\u00e9fiance g\u00e9n\u00e9ralis\u00e9e est tr\u00e8s loin d&rsquo;\u00eatre dissip\u00e9e, rappelant que \u00ab <em>la faiblesse du dollar et la baisse des taux d&rsquo;int\u00e9r\u00eat r\u00e9els devraient continuer \u00e0 soutenir l&rsquo;<a href='https:\/\/www.gold.fr\/news\/tags\/or' class='esk-seo-plu-link'>or<\/a> (\u2026). Mais la hausse des Bourses pourrait amener les investisseurs \u00e0 pr\u00e9f\u00e9rer mettre leur <a href='https:\/\/www.gold.fr\/news\/tags\/argent' class='esk-seo-plu-link'>argent<\/a> dans des actions plut\u00f4t que dans l&rsquo;<a href='https:\/\/www.gold.fr\/news\/tags\/or' class='esk-seo-plu-link'>or<\/a><\/em> \u00bb.<\/span>    <span style=\"font-size: small;\"> De son c\u00f4t\u00e9, <strong>Julian Jessop<\/strong>, chef \u00e9conomiste pour les mati\u00e8res premi\u00e8res du cabinet <strong>Capital Economics<\/strong> \u00e9tait \u00e9galement assez sceptique ; \u00ab <em>La Fed diminuera son soutien bient\u00f4t, donc ce r\u00e9pit ne pourrait durer que quelques mois. \u00bb Selon lui, \u00ab dans les prochaines ann\u00e9es, les taux d&rsquo;int\u00e9r\u00eat r\u00e9els am\u00e9ricains devraient augmenter, ce qui sera un vent contraire puissant contre l&rsquo;<a href='https:\/\/www.gold.fr\/news\/tags\/or' class='esk-seo-plu-link'>or<\/a><\/em>. \u00bb<\/span><\/p>\n<!-- AddThis Advanced Settings generic via filter on the_content --><!-- AddThis Share Buttons generic via filter on the_content -->","protected":false},"excerpt":{"rendered":"<p>Jeudi dernier (19 septembre), le prix de l\u2019once d\u2019or atteignait 1 375,81 dollars, soit le pic de la semaine boursi\u00e8re du m\u00e9tal jaune. Boost\u00e9 par la d\u00e9cision de la r\u00e9serve f\u00e9d\u00e9rale am\u00e9ricaine, le march\u00e9 aurif\u00e8re profitait [&hellip;]<\/p>\n","protected":false},"author":18,"featured_media":12360,"comment_status":"open","ping_status":"open","sticky":false,"template":"","format":"standard","meta":{"_mbp_gutenberg_autopost":false,"_pgmb_is_evergreen":false,"_pgmb_ap_template_id":0,"footnotes":""},"categories":[6],"tags":[404,144,85,1275,84],"ppma_author":[2565],"class_list":["post-12885","post","type-post","status-publish","format-standard","has-post-thumbnail","hentry","category-articles-de-presse","tag-ben-bernanke","tag-fed","tag-once-dor","tag-or-et-fed","tag-cours-de-lor"],"yoast_head":"<!-- This site is optimized with the Yoast SEO plugin v27.5 - https:\/\/yoast.com\/product\/yoast-seo-wordpress\/ -->\n<title>Or et menace FED : Qu\u2019en disent les experts ? - Gold.fr<\/title>\n<meta name=\"robots\" content=\"index, follow, max-snippet:-1, max-image-preview:large, max-video-preview:-1\" \/>\n<link rel=\"canonical\" href=\"https:\/\/www.gold.fr\/news\/2013\/09\/25\/or-et-menace-fed-quen-disent-les-experts\/\" \/>\n<meta property=\"og:locale\" content=\"fr_FR\" \/>\n<meta property=\"og:type\" content=\"article\" \/>\n<meta property=\"og:title\" content=\"Or et menace FED : Qu\u2019en disent les experts ? - Gold.fr\" \/>\n<meta property=\"og:description\" content=\"Jeudi dernier (19 septembre), le prix de l\u2019once d\u2019or atteignait 1 375,81 dollars, soit le pic de la semaine boursi\u00e8re du m\u00e9tal jaune. Boost\u00e9 par la d\u00e9cision de la r\u00e9serve f\u00e9d\u00e9rale am\u00e9ricaine, le march\u00e9 aurif\u00e8re profitait [&hellip;]\" \/>\n<meta property=\"og:url\" content=\"https:\/\/www.gold.fr\/news\/2013\/09\/25\/or-et-menace-fed-quen-disent-les-experts\/\" \/>\n<meta property=\"og:site_name\" content=\"Gold.fr\" \/>\n<meta property=\"article:publisher\" content=\"https:\/\/www.facebook.com\/Goldfr\/\" \/>\n<meta property=\"article:published_time\" content=\"2013-09-25T07:00:47+00:00\" \/>\n<meta property=\"article:modified_time\" content=\"2017-11-02T10:33:04+00:00\" \/>\n<meta property=\"og:image\" content=\"https:\/\/www.gold.fr\/news\/wp-content\/uploads\/2013\/07\/dollar-or.jpg\" \/>\n\t<meta property=\"og:image:width\" content=\"605\" \/>\n\t<meta property=\"og:image:height\" content=\"403\" \/>\n\t<meta property=\"og:image:type\" content=\"image\/jpeg\" \/>\n<meta name=\"author\" content=\"Comptoir National de l&#039;Or\" \/>\n<meta name=\"twitter:card\" content=\"summary_large_image\" \/>\n<meta name=\"twitter:label1\" content=\"\u00c9crit par\" \/>\n\t<meta name=\"twitter:data1\" content=\"Comptoir National de l&#039;Or\" \/>\n\t<meta name=\"twitter:label2\" content=\"Dur\u00e9e de lecture estim\u00e9e\" \/>\n\t<meta name=\"twitter:data2\" content=\"1 minute\" \/>\n<script type=\"application\/ld+json\" class=\"yoast-schema-graph\">{\"@context\":\"https:\\\/\\\/schema.org\",\"@graph\":[{\"@type\":\"Article\",\"@id\":\"https:\\\/\\\/www.gold.fr\\\/news\\\/2013\\\/09\\\/25\\\/or-et-menace-fed-quen-disent-les-experts\\\/#article\",\"isPartOf\":{\"@id\":\"https:\\\/\\\/www.gold.fr\\\/news\\\/2013\\\/09\\\/25\\\/or-et-menace-fed-quen-disent-les-experts\\\/\"},\"author\":{\"name\":\"Comptoir National de l'Or\",\"@id\":\"https:\\\/\\\/www.gold.fr\\\/news\\\/#\\\/schema\\\/person\\\/070491b4b4fb7671bf59b3be20302ce9\"},\"headline\":\"Or et menace FED : Qu\u2019en disent les experts ?\",\"datePublished\":\"2013-09-25T07:00:47+00:00\",\"dateModified\":\"2017-11-02T10:33:04+00:00\",\"mainEntityOfPage\":{\"@id\":\"https:\\\/\\\/www.gold.fr\\\/news\\\/2013\\\/09\\\/25\\\/or-et-menace-fed-quen-disent-les-experts\\\/\"},\"wordCount\":307,\"commentCount\":0,\"image\":{\"@id\":\"https:\\\/\\\/www.gold.fr\\\/news\\\/2013\\\/09\\\/25\\\/or-et-menace-fed-quen-disent-les-experts\\\/#primaryimage\"},\"thumbnailUrl\":\"https:\\\/\\\/www.gold.fr\\\/news\\\/wp-content\\\/uploads\\\/2013\\\/07\\\/dollar-or.jpg\",\"keywords\":[\"ben bernanke\",\"fed\",\"once d'or\",\"Or et fed\",\"Tout Cours de l'Or\"],\"articleSection\":[\"Articles de presse\"],\"inLanguage\":\"fr-FR\"},{\"@type\":\"WebPage\",\"@id\":\"https:\\\/\\\/www.gold.fr\\\/news\\\/2013\\\/09\\\/25\\\/or-et-menace-fed-quen-disent-les-experts\\\/\",\"url\":\"https:\\\/\\\/www.gold.fr\\\/news\\\/2013\\\/09\\\/25\\\/or-et-menace-fed-quen-disent-les-experts\\\/\",\"name\":\"Or et menace FED : Qu\u2019en disent les experts ? - Gold.fr\",\"isPartOf\":{\"@id\":\"https:\\\/\\\/www.gold.fr\\\/news\\\/#website\"},\"primaryImageOfPage\":{\"@id\":\"https:\\\/\\\/www.gold.fr\\\/news\\\/2013\\\/09\\\/25\\\/or-et-menace-fed-quen-disent-les-experts\\\/#primaryimage\"},\"image\":{\"@id\":\"https:\\\/\\\/www.gold.fr\\\/news\\\/2013\\\/09\\\/25\\\/or-et-menace-fed-quen-disent-les-experts\\\/#primaryimage\"},\"thumbnailUrl\":\"https:\\\/\\\/www.gold.fr\\\/news\\\/wp-content\\\/uploads\\\/2013\\\/07\\\/dollar-or.jpg\",\"datePublished\":\"2013-09-25T07:00:47+00:00\",\"dateModified\":\"2017-11-02T10:33:04+00:00\",\"author\":{\"@id\":\"https:\\\/\\\/www.gold.fr\\\/news\\\/#\\\/schema\\\/person\\\/070491b4b4fb7671bf59b3be20302ce9\"},\"breadcrumb\":{\"@id\":\"https:\\\/\\\/www.gold.fr\\\/news\\\/2013\\\/09\\\/25\\\/or-et-menace-fed-quen-disent-les-experts\\\/#breadcrumb\"},\"inLanguage\":\"fr-FR\",\"potentialAction\":[{\"@type\":\"ReadAction\",\"target\":[\"https:\\\/\\\/www.gold.fr\\\/news\\\/2013\\\/09\\\/25\\\/or-et-menace-fed-quen-disent-les-experts\\\/\"]}]},{\"@type\":\"ImageObject\",\"inLanguage\":\"fr-FR\",\"@id\":\"https:\\\/\\\/www.gold.fr\\\/news\\\/2013\\\/09\\\/25\\\/or-et-menace-fed-quen-disent-les-experts\\\/#primaryimage\",\"url\":\"https:\\\/\\\/www.gold.fr\\\/news\\\/wp-content\\\/uploads\\\/2013\\\/07\\\/dollar-or.jpg\",\"contentUrl\":\"https:\\\/\\\/www.gold.fr\\\/news\\\/wp-content\\\/uploads\\\/2013\\\/07\\\/dollar-or.jpg\",\"width\":\"605\",\"height\":\"403\",\"caption\":\"L\u2019or enregistre un pic de deux mois\"},{\"@type\":\"BreadcrumbList\",\"@id\":\"https:\\\/\\\/www.gold.fr\\\/news\\\/2013\\\/09\\\/25\\\/or-et-menace-fed-quen-disent-les-experts\\\/#breadcrumb\",\"itemListElement\":[{\"@type\":\"ListItem\",\"position\":1,\"name\":\"Accueil\",\"item\":\"https:\\\/\\\/www.gold.fr\\\/\"},{\"@type\":\"ListItem\",\"position\":2,\"name\":\"Actualit\u00e9s\",\"item\":\"https:\\\/\\\/www.gold.fr\\\/news\\\/\"},{\"@type\":\"ListItem\",\"position\":3,\"name\":\"Or et menace FED : Qu\u2019en disent les experts ?\"}]},{\"@type\":\"WebSite\",\"@id\":\"https:\\\/\\\/www.gold.fr\\\/news\\\/#website\",\"url\":\"https:\\\/\\\/www.gold.fr\\\/news\\\/\",\"name\":\"Gold.fr\",\"description\":\"Actualit\u00e9s de l&#039;Or et des m\u00e9taux pr\u00e9cieux\",\"potentialAction\":[{\"@type\":\"SearchAction\",\"target\":{\"@type\":\"EntryPoint\",\"urlTemplate\":\"https:\\\/\\\/www.gold.fr\\\/news\\\/?s={search_term_string}\"},\"query-input\":{\"@type\":\"PropertyValueSpecification\",\"valueRequired\":true,\"valueName\":\"search_term_string\"}}],\"inLanguage\":\"fr-FR\"},{\"@type\":\"Person\",\"@id\":\"https:\\\/\\\/www.gold.fr\\\/news\\\/#\\\/schema\\\/person\\\/070491b4b4fb7671bf59b3be20302ce9\",\"name\":\"Comptoir National de l'Or\",\"image\":{\"@type\":\"ImageObject\",\"inLanguage\":\"fr-FR\",\"@id\":\"https:\\\/\\\/secure.gravatar.com\\\/avatar\\\/0a2867fd5abe37bed95d5a65e9d58f01756e11efc68af9888dfc50cfa7f65948?s=96&d=mm&r=gb490554db0a38188709de567aa58480d\",\"url\":\"https:\\\/\\\/secure.gravatar.com\\\/avatar\\\/0a2867fd5abe37bed95d5a65e9d58f01756e11efc68af9888dfc50cfa7f65948?s=96&d=mm&r=g\",\"contentUrl\":\"https:\\\/\\\/secure.gravatar.com\\\/avatar\\\/0a2867fd5abe37bed95d5a65e9d58f01756e11efc68af9888dfc50cfa7f65948?s=96&d=mm&r=g\",\"caption\":\"Comptoir National de l'Or\"},\"description\":\"Notre r\u00e9daction est constitu\u00e9e de membres experts dans les m\u00e9tiers de l'\u00e9conomie et la gestion, des Responsables d'agence Comptoir National de l'Or, des analystes financiers qui publient r\u00e9guli\u00e8rement des \u00e9tudes sur les politiques des banques centrales, le cours de l'or, prix de l'or, cours de l'argent, prix de l'argent, cours du platine, cours du palladium,... la situation en zone euro et l'impact de la strat\u00e9gie mon\u00e9taire de la FED. Notre \u00e9quipe scrute \u00e9galement une information plus g\u00e9n\u00e9raliste \u00e0 la recherche d'actualit\u00e9 \\\"p\u00e9pite\\\" \u00e0 vous partager. Depuis 5 ans, nous avons publi\u00e9 un peu plus de 4000 articles qui s'adressent \u00e0 un public large et vari\u00e9 ayant pour objectif de satisfaire votre curiosit\u00e9 et de partager avec vous une certaine fascination pour le m\u00e9tal jaune, le rachat d'or, et pour ceux qui veulent investir dans l'or, vendre leur or tout simplement en savoir plus... Pour tous vos achat or et argent, n'h\u00e9sitez pas \u00e0 prendre rendez-vous dans l'un de nos nombreux comptoirs.\",\"sameAs\":[\"https:\\\/\\\/www.gold.fr\"]}]}<\/script>\n<!-- \/ Yoast SEO plugin. -->","yoast_head_json":{"title":"Or et menace FED : Qu\u2019en disent les experts ? - Gold.fr","robots":{"index":"index","follow":"follow","max-snippet":"max-snippet:-1","max-image-preview":"max-image-preview:large","max-video-preview":"max-video-preview:-1"},"canonical":"https:\/\/www.gold.fr\/news\/2013\/09\/25\/or-et-menace-fed-quen-disent-les-experts\/","og_locale":"fr_FR","og_type":"article","og_title":"Or et menace FED : Qu\u2019en disent les experts ? - Gold.fr","og_description":"Jeudi dernier (19 septembre), le prix de l\u2019once d\u2019or atteignait 1 375,81 dollars, soit le pic de la semaine boursi\u00e8re du m\u00e9tal jaune. Boost\u00e9 par la d\u00e9cision de la r\u00e9serve f\u00e9d\u00e9rale am\u00e9ricaine, le march\u00e9 aurif\u00e8re profitait [&hellip;]","og_url":"https:\/\/www.gold.fr\/news\/2013\/09\/25\/or-et-menace-fed-quen-disent-les-experts\/","og_site_name":"Gold.fr","article_publisher":"https:\/\/www.facebook.com\/Goldfr\/","article_published_time":"2013-09-25T07:00:47+00:00","article_modified_time":"2017-11-02T10:33:04+00:00","og_image":[{"width":605,"height":403,"url":"https:\/\/www.gold.fr\/news\/wp-content\/uploads\/2013\/07\/dollar-or.jpg","type":"image\/jpeg"}],"author":"Comptoir National de l'Or","twitter_card":"summary_large_image","twitter_misc":{"\u00c9crit par":"Comptoir National de l'Or","Dur\u00e9e de lecture estim\u00e9e":"1 minute"},"schema":{"@context":"https:\/\/schema.org","@graph":[{"@type":"Article","@id":"https:\/\/www.gold.fr\/news\/2013\/09\/25\/or-et-menace-fed-quen-disent-les-experts\/#article","isPartOf":{"@id":"https:\/\/www.gold.fr\/news\/2013\/09\/25\/or-et-menace-fed-quen-disent-les-experts\/"},"author":{"name":"Comptoir National de l'Or","@id":"https:\/\/www.gold.fr\/news\/#\/schema\/person\/070491b4b4fb7671bf59b3be20302ce9"},"headline":"Or et menace FED : Qu\u2019en disent les experts ?","datePublished":"2013-09-25T07:00:47+00:00","dateModified":"2017-11-02T10:33:04+00:00","mainEntityOfPage":{"@id":"https:\/\/www.gold.fr\/news\/2013\/09\/25\/or-et-menace-fed-quen-disent-les-experts\/"},"wordCount":307,"commentCount":0,"image":{"@id":"https:\/\/www.gold.fr\/news\/2013\/09\/25\/or-et-menace-fed-quen-disent-les-experts\/#primaryimage"},"thumbnailUrl":"https:\/\/www.gold.fr\/news\/wp-content\/uploads\/2013\/07\/dollar-or.jpg","keywords":["ben bernanke","fed","once d'or","Or et fed","Tout Cours de l'Or"],"articleSection":["Articles de presse"],"inLanguage":"fr-FR"},{"@type":"WebPage","@id":"https:\/\/www.gold.fr\/news\/2013\/09\/25\/or-et-menace-fed-quen-disent-les-experts\/","url":"https:\/\/www.gold.fr\/news\/2013\/09\/25\/or-et-menace-fed-quen-disent-les-experts\/","name":"Or et menace FED : Qu\u2019en disent les experts ? - Gold.fr","isPartOf":{"@id":"https:\/\/www.gold.fr\/news\/#website"},"primaryImageOfPage":{"@id":"https:\/\/www.gold.fr\/news\/2013\/09\/25\/or-et-menace-fed-quen-disent-les-experts\/#primaryimage"},"image":{"@id":"https:\/\/www.gold.fr\/news\/2013\/09\/25\/or-et-menace-fed-quen-disent-les-experts\/#primaryimage"},"thumbnailUrl":"https:\/\/www.gold.fr\/news\/wp-content\/uploads\/2013\/07\/dollar-or.jpg","datePublished":"2013-09-25T07:00:47+00:00","dateModified":"2017-11-02T10:33:04+00:00","author":{"@id":"https:\/\/www.gold.fr\/news\/#\/schema\/person\/070491b4b4fb7671bf59b3be20302ce9"},"breadcrumb":{"@id":"https:\/\/www.gold.fr\/news\/2013\/09\/25\/or-et-menace-fed-quen-disent-les-experts\/#breadcrumb"},"inLanguage":"fr-FR","potentialAction":[{"@type":"ReadAction","target":["https:\/\/www.gold.fr\/news\/2013\/09\/25\/or-et-menace-fed-quen-disent-les-experts\/"]}]},{"@type":"ImageObject","inLanguage":"fr-FR","@id":"https:\/\/www.gold.fr\/news\/2013\/09\/25\/or-et-menace-fed-quen-disent-les-experts\/#primaryimage","url":"https:\/\/www.gold.fr\/news\/wp-content\/uploads\/2013\/07\/dollar-or.jpg","contentUrl":"https:\/\/www.gold.fr\/news\/wp-content\/uploads\/2013\/07\/dollar-or.jpg","width":"605","height":"403","caption":"L\u2019or enregistre un pic de deux mois"},{"@type":"BreadcrumbList","@id":"https:\/\/www.gold.fr\/news\/2013\/09\/25\/or-et-menace-fed-quen-disent-les-experts\/#breadcrumb","itemListElement":[{"@type":"ListItem","position":1,"name":"Accueil","item":"https:\/\/www.gold.fr\/"},{"@type":"ListItem","position":2,"name":"Actualit\u00e9s","item":"https:\/\/www.gold.fr\/news\/"},{"@type":"ListItem","position":3,"name":"Or et menace FED : Qu\u2019en disent les experts ?"}]},{"@type":"WebSite","@id":"https:\/\/www.gold.fr\/news\/#website","url":"https:\/\/www.gold.fr\/news\/","name":"Gold.fr","description":"Actualit\u00e9s de l&#039;Or et des m\u00e9taux pr\u00e9cieux","potentialAction":[{"@type":"SearchAction","target":{"@type":"EntryPoint","urlTemplate":"https:\/\/www.gold.fr\/news\/?s={search_term_string}"},"query-input":{"@type":"PropertyValueSpecification","valueRequired":true,"valueName":"search_term_string"}}],"inLanguage":"fr-FR"},{"@type":"Person","@id":"https:\/\/www.gold.fr\/news\/#\/schema\/person\/070491b4b4fb7671bf59b3be20302ce9","name":"Comptoir National de l'Or","image":{"@type":"ImageObject","inLanguage":"fr-FR","@id":"https:\/\/secure.gravatar.com\/avatar\/0a2867fd5abe37bed95d5a65e9d58f01756e11efc68af9888dfc50cfa7f65948?s=96&d=mm&r=gb490554db0a38188709de567aa58480d","url":"https:\/\/secure.gravatar.com\/avatar\/0a2867fd5abe37bed95d5a65e9d58f01756e11efc68af9888dfc50cfa7f65948?s=96&d=mm&r=g","contentUrl":"https:\/\/secure.gravatar.com\/avatar\/0a2867fd5abe37bed95d5a65e9d58f01756e11efc68af9888dfc50cfa7f65948?s=96&d=mm&r=g","caption":"Comptoir National de l'Or"},"description":"Notre r\u00e9daction est constitu\u00e9e de membres experts dans les m\u00e9tiers de l'\u00e9conomie et la gestion, des Responsables d'agence Comptoir National de l'Or, des analystes financiers qui publient r\u00e9guli\u00e8rement des \u00e9tudes sur les politiques des banques centrales, le cours de l'or, prix de l'or, cours de l'argent, prix de l'argent, cours du platine, cours du palladium,... la situation en zone euro et l'impact de la strat\u00e9gie mon\u00e9taire de la FED. Notre \u00e9quipe scrute \u00e9galement une information plus g\u00e9n\u00e9raliste \u00e0 la recherche d'actualit\u00e9 \"p\u00e9pite\" \u00e0 vous partager. Depuis 5 ans, nous avons publi\u00e9 un peu plus de 4000 articles qui s'adressent \u00e0 un public large et vari\u00e9 ayant pour objectif de satisfaire votre curiosit\u00e9 et de partager avec vous une certaine fascination pour le m\u00e9tal jaune, le rachat d'or, et pour ceux qui veulent investir dans l'or, vendre leur or tout simplement en savoir plus... Pour tous vos achat or et argent, n'h\u00e9sitez pas \u00e0 prendre rendez-vous dans l'un de nos nombreux comptoirs.","sameAs":["https:\/\/www.gold.fr"]}]}},"authors":[{"term_id":2565,"user_id":18,"is_guest":0,"slug":"julie","display_name":"Comptoir National de l'Or","avatar_url":"https:\/\/secure.gravatar.com\/avatar\/713f289e398d35ead876c4a4cc08607f0d6d266058cfc25683fffb6092d0e572?s=96&d=mm&r=g","0":null,"1":"","2":"","3":"","4":"","5":"","6":"","7":"","8":""}],"_links":{"self":[{"href":"https:\/\/www.gold.fr\/news\/wp-json\/wp\/v2\/posts\/12885","targetHints":{"allow":["GET"]}}],"collection":[{"href":"https:\/\/www.gold.fr\/news\/wp-json\/wp\/v2\/posts"}],"about":[{"href":"https:\/\/www.gold.fr\/news\/wp-json\/wp\/v2\/types\/post"}],"author":[{"embeddable":true,"href":"https:\/\/www.gold.fr\/news\/wp-json\/wp\/v2\/users\/18"}],"replies":[{"embeddable":true,"href":"https:\/\/www.gold.fr\/news\/wp-json\/wp\/v2\/comments?post=12885"}],"version-history":[{"count":0,"href":"https:\/\/www.gold.fr\/news\/wp-json\/wp\/v2\/posts\/12885\/revisions"}],"wp:featuredmedia":[{"embeddable":true,"href":"https:\/\/www.gold.fr\/news\/wp-json\/wp\/v2\/media\/12360"}],"wp:attachment":[{"href":"https:\/\/www.gold.fr\/news\/wp-json\/wp\/v2\/media?parent=12885"}],"wp:term":[{"taxonomy":"category","embeddable":true,"href":"https:\/\/www.gold.fr\/news\/wp-json\/wp\/v2\/categories?post=12885"},{"taxonomy":"post_tag","embeddable":true,"href":"https:\/\/www.gold.fr\/news\/wp-json\/wp\/v2\/tags?post=12885"},{"taxonomy":"author","embeddable":true,"href":"https:\/\/www.gold.fr\/news\/wp-json\/wp\/v2\/ppma_author?post=12885"}],"curies":[{"name":"wp","href":"https:\/\/api.w.org\/{rel}","templated":true}]}}