{"id":12883,"date":"2013-09-24T17:00:18","date_gmt":"2013-09-24T15:00:18","guid":{"rendered":"https:\/\/www.gold.fr\/news\/?p=12883"},"modified":"2017-11-02T11:33:04","modified_gmt":"2017-11-02T10:33:04","slug":"lor-stabilise-en-depit-du-spectre-fed","status":"publish","type":"post","link":"https:\/\/www.gold.fr\/news\/2013\/09\/24\/lor-stabilise-en-depit-du-spectre-fed\/","title":{"rendered":"L&rsquo;or stabilise, en d\u00e9pit du spectre FED"},"content":{"rendered":"<p><span style=\"font-size: small;\"><img loading=\"lazy\" decoding=\"async\" class=\"alignleft size-thumbnail wp-image-7642\" title=\"L'or stabilise, en d\u00e9pit du spectre FED\" src=\"https:\/\/www.gold.fr\/news\/wp-content\/uploads\/2012\/05\/Acheter-de-l-or-150x150.jpg\" alt=\"\" width=\"150\" height=\"150\" \/>On aurait pu croire que la r\u00e9ticence r\u00e9cidiviste de la <strong>FED<\/strong> \u00e0 retirer les b\u00e9quilles mon\u00e9taires qu\u2019elle offre mensuellement \u00e0 l\u2019\u00e9conomie nationale serait \u00e0 m\u00eame de calmer les inqui\u00e9tudes du march\u00e9 financier international. Pourtant, ces craintes persistent, rivalis\u00e9es uniquement par le plaisir que prennent les membres du comit\u00e9 <strong>FED<\/strong> \u00e0 faire planer un myst\u00e8re inutile.<\/span>    <span style=\"font-size: small;\"> Rappelez-vous\u00a0; la semaine derni\u00e8re, <a title=\"La FED capitule, l\u2019or remonte en fl\u00e8che\" href=\"https:\/\/www.gold.fr\/news\/2013\/09\/19\/la-fed-capitule-lor-remonte-en-fleche\/12862\/\" target=\"_blank\">au terme de deux journ\u00e9es de r\u00e9union mensuelle avec le comit\u00e9 mon\u00e9taire de la FED<\/a>, <strong>Ben Bernanke<\/strong> annon\u00e7ait officiellement que l\u2019institution maintiendrait sa politique mon\u00e9taire actuelle. Le pr\u00e9sident de la r\u00e9serve f\u00e9d\u00e9rale am\u00e9ricaine avait d\u2019ailleurs expliqu\u00e9 cette d\u00e9cision en exprimant ses inqui\u00e9tudes relatives \u00e0 une \u00e9conomie US qui peine, selon lui, \u00e0 consolider sa reprise.<\/span>    <span style=\"font-size: small;\"> Du coup, d\u00e8s le lendemain (<strong>jeudi 19 septembre<\/strong>), <a title=\"Prix de l'Or\" href=\"https:\/\/www.gold.fr\/cours-prix-de-l-or\/\" target=\"_blank\">le cours de l\u2019or<\/a> avait connu un rebond consid\u00e9rable, <a title=\"L\u2019or r\u00e9ussit un rebond de 5%\" href=\"https:\/\/www.gold.fr\/news\/2013\/09\/19\/lor-reussit-un-rebond-de-5\/12859\/\" target=\"_blank\">d\u2019une valeur fr\u00f4lant les 5%<\/a> (soit plus de <strong>1\u00a0375 dollars<\/strong> <a title=\"Prix de l'Once d'Or\" href=\"https:\/\/www.gold.fr\/once-en\/\" target=\"_blank\">l\u2019once<\/a>), soit sa plus belle performance hebdomadaire.<\/span>    <span style=\"font-size: small;\"> Pourtant, d\u00e8s le d\u00e9but de cette semaine, cette tendance haussi\u00e8re s\u2019est largement estomp\u00e9e, r\u00e9gressant relativement, sans pour autant briser le plancher crucial des 1\u00a0300 dollars l\u2019once. Pourquoi\u00a0? La r\u00e9ponse est dissimul\u00e9e dans les propos de <strong>James Bullard<\/strong>. Vendredi dernier, le pr\u00e9sident de la r\u00e9serve f\u00e9d\u00e9rale de Saint Louis d\u00e9clarait en effet que la d\u00e9cision de continuer sur une voie accommodante \u00e9tait loin d\u2019\u00eatre populaire, la qualifiant d\u2019une d\u00e9cision prise \u00ab\u00a0<em>de justesse<\/em>\u00a0\u00bb.<\/span>    <span style=\"font-size: small;\"><strong> M. Bullard<\/strong> ramenait ainsi toutes les attentions vers la prochaine r\u00e9union mensuelle du comit\u00e9 mon\u00e9taire de la FED (qui aura lieu les <strong>29 et 30 octobre 2013<\/strong>), avec la m\u00eame question qui hante \u00e0 nouveaux tous les march\u00e9s d\u2019investissement\u00a0; la FED va-t-elle, cette fois, retirer son soutien mon\u00e9taire \u00e0 l\u2019\u00e9conomie US ?<\/span><\/p>\n<!-- AddThis Advanced Settings generic via filter on the_content --><!-- AddThis Share Buttons generic via filter on the_content -->","protected":false},"excerpt":{"rendered":"<p>On aurait pu croire que la r\u00e9ticence r\u00e9cidiviste de la FED \u00e0 retirer les b\u00e9quilles mon\u00e9taires qu\u2019elle offre mensuellement \u00e0 l\u2019\u00e9conomie nationale serait \u00e0 m\u00eame de calmer les inqui\u00e9tudes du march\u00e9 financier international. Pourtant, ces craintes [&hellip;]<\/p>\n","protected":false},"author":18,"featured_media":7642,"comment_status":"open","ping_status":"open","sticky":false,"template":"","format":"standard","meta":{"_mbp_gutenberg_autopost":false,"_pgmb_is_evergreen":false,"_pgmb_ap_template_id":0,"footnotes":""},"categories":[6],"tags":[404,961,1167,144,1275],"ppma_author":[2565],"class_list":["post-12883","post","type-post","status-publish","format-standard","has-post-thumbnail","hentry","category-articles-de-presse","tag-ben-bernanke","tag-cours-or","tag-evolution-or","tag-fed","tag-or-et-fed"],"yoast_head":"<!-- This site is optimized with the Yoast SEO plugin v27.5 - https:\/\/yoast.com\/product\/yoast-seo-wordpress\/ -->\n<title>L&#039;or stabilise, en d\u00e9pit du spectre FED - Gold.fr<\/title>\n<meta name=\"robots\" content=\"index, follow, max-snippet:-1, max-image-preview:large, max-video-preview:-1\" \/>\n<link rel=\"canonical\" href=\"https:\/\/www.gold.fr\/news\/2013\/09\/24\/lor-stabilise-en-depit-du-spectre-fed\/\" \/>\n<meta property=\"og:locale\" content=\"fr_FR\" \/>\n<meta property=\"og:type\" content=\"article\" \/>\n<meta property=\"og:title\" content=\"L&#039;or stabilise, en d\u00e9pit du spectre FED - Gold.fr\" \/>\n<meta property=\"og:description\" content=\"On aurait pu croire que la r\u00e9ticence r\u00e9cidiviste de la FED \u00e0 retirer les b\u00e9quilles mon\u00e9taires qu\u2019elle offre mensuellement \u00e0 l\u2019\u00e9conomie nationale serait \u00e0 m\u00eame de calmer les inqui\u00e9tudes du march\u00e9 financier international. Pourtant, ces craintes [&hellip;]\" \/>\n<meta property=\"og:url\" content=\"https:\/\/www.gold.fr\/news\/2013\/09\/24\/lor-stabilise-en-depit-du-spectre-fed\/\" \/>\n<meta property=\"og:site_name\" content=\"Gold.fr\" \/>\n<meta property=\"article:publisher\" content=\"https:\/\/www.facebook.com\/Goldfr\/\" \/>\n<meta property=\"article:published_time\" content=\"2013-09-24T15:00:18+00:00\" \/>\n<meta property=\"article:modified_time\" content=\"2017-11-02T10:33:04+00:00\" \/>\n<meta property=\"og:image\" content=\"https:\/\/www.gold.fr\/news\/wp-content\/uploads\/2012\/05\/Acheter-de-l-or.jpg\" \/>\n\t<meta property=\"og:image:width\" content=\"600\" \/>\n\t<meta property=\"og:image:height\" content=\"398\" \/>\n\t<meta property=\"og:image:type\" content=\"image\/jpeg\" \/>\n<meta name=\"author\" content=\"Comptoir National de l&#039;Or\" \/>\n<meta name=\"twitter:card\" content=\"summary_large_image\" \/>\n<meta name=\"twitter:label1\" content=\"\u00c9crit par\" \/>\n\t<meta name=\"twitter:data1\" content=\"Comptoir National de l&#039;Or\" \/>\n\t<meta name=\"twitter:label2\" content=\"Dur\u00e9e de lecture estim\u00e9e\" \/>\n\t<meta name=\"twitter:data2\" content=\"2 minutes\" \/>\n<script type=\"application\/ld+json\" class=\"yoast-schema-graph\">{\"@context\":\"https:\\\/\\\/schema.org\",\"@graph\":[{\"@type\":\"Article\",\"@id\":\"https:\\\/\\\/www.gold.fr\\\/news\\\/2013\\\/09\\\/24\\\/lor-stabilise-en-depit-du-spectre-fed\\\/#article\",\"isPartOf\":{\"@id\":\"https:\\\/\\\/www.gold.fr\\\/news\\\/2013\\\/09\\\/24\\\/lor-stabilise-en-depit-du-spectre-fed\\\/\"},\"author\":{\"name\":\"Comptoir National de l'Or\",\"@id\":\"https:\\\/\\\/www.gold.fr\\\/news\\\/#\\\/schema\\\/person\\\/070491b4b4fb7671bf59b3be20302ce9\"},\"headline\":\"L&rsquo;or stabilise, en d\u00e9pit du spectre FED\",\"datePublished\":\"2013-09-24T15:00:18+00:00\",\"dateModified\":\"2017-11-02T10:33:04+00:00\",\"mainEntityOfPage\":{\"@id\":\"https:\\\/\\\/www.gold.fr\\\/news\\\/2013\\\/09\\\/24\\\/lor-stabilise-en-depit-du-spectre-fed\\\/\"},\"wordCount\":320,\"commentCount\":0,\"image\":{\"@id\":\"https:\\\/\\\/www.gold.fr\\\/news\\\/2013\\\/09\\\/24\\\/lor-stabilise-en-depit-du-spectre-fed\\\/#primaryimage\"},\"thumbnailUrl\":\"https:\\\/\\\/www.gold.fr\\\/news\\\/wp-content\\\/uploads\\\/2012\\\/05\\\/Acheter-de-l-or.jpg\",\"keywords\":[\"ben bernanke\",\"cours or\",\"evolution or\",\"fed\",\"Or et fed\"],\"articleSection\":[\"Articles de presse\"],\"inLanguage\":\"fr-FR\"},{\"@type\":\"WebPage\",\"@id\":\"https:\\\/\\\/www.gold.fr\\\/news\\\/2013\\\/09\\\/24\\\/lor-stabilise-en-depit-du-spectre-fed\\\/\",\"url\":\"https:\\\/\\\/www.gold.fr\\\/news\\\/2013\\\/09\\\/24\\\/lor-stabilise-en-depit-du-spectre-fed\\\/\",\"name\":\"L'or stabilise, en d\u00e9pit du spectre FED - Gold.fr\",\"isPartOf\":{\"@id\":\"https:\\\/\\\/www.gold.fr\\\/news\\\/#website\"},\"primaryImageOfPage\":{\"@id\":\"https:\\\/\\\/www.gold.fr\\\/news\\\/2013\\\/09\\\/24\\\/lor-stabilise-en-depit-du-spectre-fed\\\/#primaryimage\"},\"image\":{\"@id\":\"https:\\\/\\\/www.gold.fr\\\/news\\\/2013\\\/09\\\/24\\\/lor-stabilise-en-depit-du-spectre-fed\\\/#primaryimage\"},\"thumbnailUrl\":\"https:\\\/\\\/www.gold.fr\\\/news\\\/wp-content\\\/uploads\\\/2012\\\/05\\\/Acheter-de-l-or.jpg\",\"datePublished\":\"2013-09-24T15:00:18+00:00\",\"dateModified\":\"2017-11-02T10:33:04+00:00\",\"author\":{\"@id\":\"https:\\\/\\\/www.gold.fr\\\/news\\\/#\\\/schema\\\/person\\\/070491b4b4fb7671bf59b3be20302ce9\"},\"breadcrumb\":{\"@id\":\"https:\\\/\\\/www.gold.fr\\\/news\\\/2013\\\/09\\\/24\\\/lor-stabilise-en-depit-du-spectre-fed\\\/#breadcrumb\"},\"inLanguage\":\"fr-FR\",\"potentialAction\":[{\"@type\":\"ReadAction\",\"target\":[\"https:\\\/\\\/www.gold.fr\\\/news\\\/2013\\\/09\\\/24\\\/lor-stabilise-en-depit-du-spectre-fed\\\/\"]}]},{\"@type\":\"ImageObject\",\"inLanguage\":\"fr-FR\",\"@id\":\"https:\\\/\\\/www.gold.fr\\\/news\\\/2013\\\/09\\\/24\\\/lor-stabilise-en-depit-du-spectre-fed\\\/#primaryimage\",\"url\":\"https:\\\/\\\/www.gold.fr\\\/news\\\/wp-content\\\/uploads\\\/2012\\\/05\\\/Acheter-de-l-or.jpg\",\"contentUrl\":\"https:\\\/\\\/www.gold.fr\\\/news\\\/wp-content\\\/uploads\\\/2012\\\/05\\\/Acheter-de-l-or.jpg\",\"width\":\"600\",\"height\":\"398\",\"caption\":\"Un d\u00e9but d\u2019ann\u00e9e prometteur pour la Bourse de Paris\"},{\"@type\":\"BreadcrumbList\",\"@id\":\"https:\\\/\\\/www.gold.fr\\\/news\\\/2013\\\/09\\\/24\\\/lor-stabilise-en-depit-du-spectre-fed\\\/#breadcrumb\",\"itemListElement\":[{\"@type\":\"ListItem\",\"position\":1,\"name\":\"Accueil\",\"item\":\"https:\\\/\\\/www.gold.fr\\\/\"},{\"@type\":\"ListItem\",\"position\":2,\"name\":\"Actualit\u00e9s\",\"item\":\"https:\\\/\\\/www.gold.fr\\\/news\\\/\"},{\"@type\":\"ListItem\",\"position\":3,\"name\":\"L&rsquo;or stabilise, en d\u00e9pit du spectre FED\"}]},{\"@type\":\"WebSite\",\"@id\":\"https:\\\/\\\/www.gold.fr\\\/news\\\/#website\",\"url\":\"https:\\\/\\\/www.gold.fr\\\/news\\\/\",\"name\":\"Gold.fr\",\"description\":\"Actualit\u00e9s de l&#039;Or et des m\u00e9taux pr\u00e9cieux\",\"potentialAction\":[{\"@type\":\"SearchAction\",\"target\":{\"@type\":\"EntryPoint\",\"urlTemplate\":\"https:\\\/\\\/www.gold.fr\\\/news\\\/?s={search_term_string}\"},\"query-input\":{\"@type\":\"PropertyValueSpecification\",\"valueRequired\":true,\"valueName\":\"search_term_string\"}}],\"inLanguage\":\"fr-FR\"},{\"@type\":\"Person\",\"@id\":\"https:\\\/\\\/www.gold.fr\\\/news\\\/#\\\/schema\\\/person\\\/070491b4b4fb7671bf59b3be20302ce9\",\"name\":\"Comptoir National de l'Or\",\"image\":{\"@type\":\"ImageObject\",\"inLanguage\":\"fr-FR\",\"@id\":\"https:\\\/\\\/secure.gravatar.com\\\/avatar\\\/0a2867fd5abe37bed95d5a65e9d58f01756e11efc68af9888dfc50cfa7f65948?s=96&d=mm&r=gb490554db0a38188709de567aa58480d\",\"url\":\"https:\\\/\\\/secure.gravatar.com\\\/avatar\\\/0a2867fd5abe37bed95d5a65e9d58f01756e11efc68af9888dfc50cfa7f65948?s=96&d=mm&r=g\",\"contentUrl\":\"https:\\\/\\\/secure.gravatar.com\\\/avatar\\\/0a2867fd5abe37bed95d5a65e9d58f01756e11efc68af9888dfc50cfa7f65948?s=96&d=mm&r=g\",\"caption\":\"Comptoir National de l'Or\"},\"description\":\"Notre r\u00e9daction est constitu\u00e9e de membres experts dans les m\u00e9tiers de l'\u00e9conomie et la gestion, des Responsables d'agence Comptoir National de l'Or, des analystes financiers qui publient r\u00e9guli\u00e8rement des \u00e9tudes sur les politiques des banques centrales, le cours de l'or, prix de l'or, cours de l'argent, prix de l'argent, cours du platine, cours du palladium,... la situation en zone euro et l'impact de la strat\u00e9gie mon\u00e9taire de la FED. Notre \u00e9quipe scrute \u00e9galement une information plus g\u00e9n\u00e9raliste \u00e0 la recherche d'actualit\u00e9 \\\"p\u00e9pite\\\" \u00e0 vous partager. Depuis 5 ans, nous avons publi\u00e9 un peu plus de 4000 articles qui s'adressent \u00e0 un public large et vari\u00e9 ayant pour objectif de satisfaire votre curiosit\u00e9 et de partager avec vous une certaine fascination pour le m\u00e9tal jaune, le rachat d'or, et pour ceux qui veulent investir dans l'or, vendre leur or tout simplement en savoir plus... Pour tous vos achat or et argent, n'h\u00e9sitez pas \u00e0 prendre rendez-vous dans l'un de nos nombreux comptoirs.\",\"sameAs\":[\"https:\\\/\\\/www.gold.fr\"]}]}<\/script>\n<!-- \/ Yoast SEO plugin. -->","yoast_head_json":{"title":"L'or stabilise, en d\u00e9pit du spectre FED - Gold.fr","robots":{"index":"index","follow":"follow","max-snippet":"max-snippet:-1","max-image-preview":"max-image-preview:large","max-video-preview":"max-video-preview:-1"},"canonical":"https:\/\/www.gold.fr\/news\/2013\/09\/24\/lor-stabilise-en-depit-du-spectre-fed\/","og_locale":"fr_FR","og_type":"article","og_title":"L'or stabilise, en d\u00e9pit du spectre FED - Gold.fr","og_description":"On aurait pu croire que la r\u00e9ticence r\u00e9cidiviste de la FED \u00e0 retirer les b\u00e9quilles mon\u00e9taires qu\u2019elle offre mensuellement \u00e0 l\u2019\u00e9conomie nationale serait \u00e0 m\u00eame de calmer les inqui\u00e9tudes du march\u00e9 financier international. Pourtant, ces craintes [&hellip;]","og_url":"https:\/\/www.gold.fr\/news\/2013\/09\/24\/lor-stabilise-en-depit-du-spectre-fed\/","og_site_name":"Gold.fr","article_publisher":"https:\/\/www.facebook.com\/Goldfr\/","article_published_time":"2013-09-24T15:00:18+00:00","article_modified_time":"2017-11-02T10:33:04+00:00","og_image":[{"width":600,"height":398,"url":"https:\/\/www.gold.fr\/news\/wp-content\/uploads\/2012\/05\/Acheter-de-l-or.jpg","type":"image\/jpeg"}],"author":"Comptoir National de l'Or","twitter_card":"summary_large_image","twitter_misc":{"\u00c9crit par":"Comptoir National de l'Or","Dur\u00e9e de lecture estim\u00e9e":"2 minutes"},"schema":{"@context":"https:\/\/schema.org","@graph":[{"@type":"Article","@id":"https:\/\/www.gold.fr\/news\/2013\/09\/24\/lor-stabilise-en-depit-du-spectre-fed\/#article","isPartOf":{"@id":"https:\/\/www.gold.fr\/news\/2013\/09\/24\/lor-stabilise-en-depit-du-spectre-fed\/"},"author":{"name":"Comptoir National de l'Or","@id":"https:\/\/www.gold.fr\/news\/#\/schema\/person\/070491b4b4fb7671bf59b3be20302ce9"},"headline":"L&rsquo;or stabilise, en d\u00e9pit du spectre FED","datePublished":"2013-09-24T15:00:18+00:00","dateModified":"2017-11-02T10:33:04+00:00","mainEntityOfPage":{"@id":"https:\/\/www.gold.fr\/news\/2013\/09\/24\/lor-stabilise-en-depit-du-spectre-fed\/"},"wordCount":320,"commentCount":0,"image":{"@id":"https:\/\/www.gold.fr\/news\/2013\/09\/24\/lor-stabilise-en-depit-du-spectre-fed\/#primaryimage"},"thumbnailUrl":"https:\/\/www.gold.fr\/news\/wp-content\/uploads\/2012\/05\/Acheter-de-l-or.jpg","keywords":["ben bernanke","cours or","evolution or","fed","Or et fed"],"articleSection":["Articles de presse"],"inLanguage":"fr-FR"},{"@type":"WebPage","@id":"https:\/\/www.gold.fr\/news\/2013\/09\/24\/lor-stabilise-en-depit-du-spectre-fed\/","url":"https:\/\/www.gold.fr\/news\/2013\/09\/24\/lor-stabilise-en-depit-du-spectre-fed\/","name":"L'or stabilise, en d\u00e9pit du spectre FED - Gold.fr","isPartOf":{"@id":"https:\/\/www.gold.fr\/news\/#website"},"primaryImageOfPage":{"@id":"https:\/\/www.gold.fr\/news\/2013\/09\/24\/lor-stabilise-en-depit-du-spectre-fed\/#primaryimage"},"image":{"@id":"https:\/\/www.gold.fr\/news\/2013\/09\/24\/lor-stabilise-en-depit-du-spectre-fed\/#primaryimage"},"thumbnailUrl":"https:\/\/www.gold.fr\/news\/wp-content\/uploads\/2012\/05\/Acheter-de-l-or.jpg","datePublished":"2013-09-24T15:00:18+00:00","dateModified":"2017-11-02T10:33:04+00:00","author":{"@id":"https:\/\/www.gold.fr\/news\/#\/schema\/person\/070491b4b4fb7671bf59b3be20302ce9"},"breadcrumb":{"@id":"https:\/\/www.gold.fr\/news\/2013\/09\/24\/lor-stabilise-en-depit-du-spectre-fed\/#breadcrumb"},"inLanguage":"fr-FR","potentialAction":[{"@type":"ReadAction","target":["https:\/\/www.gold.fr\/news\/2013\/09\/24\/lor-stabilise-en-depit-du-spectre-fed\/"]}]},{"@type":"ImageObject","inLanguage":"fr-FR","@id":"https:\/\/www.gold.fr\/news\/2013\/09\/24\/lor-stabilise-en-depit-du-spectre-fed\/#primaryimage","url":"https:\/\/www.gold.fr\/news\/wp-content\/uploads\/2012\/05\/Acheter-de-l-or.jpg","contentUrl":"https:\/\/www.gold.fr\/news\/wp-content\/uploads\/2012\/05\/Acheter-de-l-or.jpg","width":"600","height":"398","caption":"Un d\u00e9but d\u2019ann\u00e9e prometteur pour la Bourse de Paris"},{"@type":"BreadcrumbList","@id":"https:\/\/www.gold.fr\/news\/2013\/09\/24\/lor-stabilise-en-depit-du-spectre-fed\/#breadcrumb","itemListElement":[{"@type":"ListItem","position":1,"name":"Accueil","item":"https:\/\/www.gold.fr\/"},{"@type":"ListItem","position":2,"name":"Actualit\u00e9s","item":"https:\/\/www.gold.fr\/news\/"},{"@type":"ListItem","position":3,"name":"L&rsquo;or stabilise, en d\u00e9pit du spectre FED"}]},{"@type":"WebSite","@id":"https:\/\/www.gold.fr\/news\/#website","url":"https:\/\/www.gold.fr\/news\/","name":"Gold.fr","description":"Actualit\u00e9s de l&#039;Or et des m\u00e9taux pr\u00e9cieux","potentialAction":[{"@type":"SearchAction","target":{"@type":"EntryPoint","urlTemplate":"https:\/\/www.gold.fr\/news\/?s={search_term_string}"},"query-input":{"@type":"PropertyValueSpecification","valueRequired":true,"valueName":"search_term_string"}}],"inLanguage":"fr-FR"},{"@type":"Person","@id":"https:\/\/www.gold.fr\/news\/#\/schema\/person\/070491b4b4fb7671bf59b3be20302ce9","name":"Comptoir National de l'Or","image":{"@type":"ImageObject","inLanguage":"fr-FR","@id":"https:\/\/secure.gravatar.com\/avatar\/0a2867fd5abe37bed95d5a65e9d58f01756e11efc68af9888dfc50cfa7f65948?s=96&d=mm&r=gb490554db0a38188709de567aa58480d","url":"https:\/\/secure.gravatar.com\/avatar\/0a2867fd5abe37bed95d5a65e9d58f01756e11efc68af9888dfc50cfa7f65948?s=96&d=mm&r=g","contentUrl":"https:\/\/secure.gravatar.com\/avatar\/0a2867fd5abe37bed95d5a65e9d58f01756e11efc68af9888dfc50cfa7f65948?s=96&d=mm&r=g","caption":"Comptoir National de l'Or"},"description":"Notre r\u00e9daction est constitu\u00e9e de membres experts dans les m\u00e9tiers de l'\u00e9conomie et la gestion, des Responsables d'agence Comptoir National de l'Or, des analystes financiers qui publient r\u00e9guli\u00e8rement des \u00e9tudes sur les politiques des banques centrales, le cours de l'or, prix de l'or, cours de l'argent, prix de l'argent, cours du platine, cours du palladium,... la situation en zone euro et l'impact de la strat\u00e9gie mon\u00e9taire de la FED. Notre \u00e9quipe scrute \u00e9galement une information plus g\u00e9n\u00e9raliste \u00e0 la recherche d'actualit\u00e9 \"p\u00e9pite\" \u00e0 vous partager. Depuis 5 ans, nous avons publi\u00e9 un peu plus de 4000 articles qui s'adressent \u00e0 un public large et vari\u00e9 ayant pour objectif de satisfaire votre curiosit\u00e9 et de partager avec vous une certaine fascination pour le m\u00e9tal jaune, le rachat d'or, et pour ceux qui veulent investir dans l'or, vendre leur or tout simplement en savoir plus... Pour tous vos achat or et argent, n'h\u00e9sitez pas \u00e0 prendre rendez-vous dans l'un de nos nombreux comptoirs.","sameAs":["https:\/\/www.gold.fr"]}]}},"authors":[{"term_id":2565,"user_id":18,"is_guest":0,"slug":"julie","display_name":"Comptoir National de l'Or","avatar_url":"https:\/\/secure.gravatar.com\/avatar\/713f289e398d35ead876c4a4cc08607f0d6d266058cfc25683fffb6092d0e572?s=96&d=mm&r=g","0":null,"1":"","2":"","3":"","4":"","5":"","6":"","7":"","8":""}],"_links":{"self":[{"href":"https:\/\/www.gold.fr\/news\/wp-json\/wp\/v2\/posts\/12883","targetHints":{"allow":["GET"]}}],"collection":[{"href":"https:\/\/www.gold.fr\/news\/wp-json\/wp\/v2\/posts"}],"about":[{"href":"https:\/\/www.gold.fr\/news\/wp-json\/wp\/v2\/types\/post"}],"author":[{"embeddable":true,"href":"https:\/\/www.gold.fr\/news\/wp-json\/wp\/v2\/users\/18"}],"replies":[{"embeddable":true,"href":"https:\/\/www.gold.fr\/news\/wp-json\/wp\/v2\/comments?post=12883"}],"version-history":[{"count":0,"href":"https:\/\/www.gold.fr\/news\/wp-json\/wp\/v2\/posts\/12883\/revisions"}],"wp:featuredmedia":[{"embeddable":true,"href":"https:\/\/www.gold.fr\/news\/wp-json\/wp\/v2\/media\/7642"}],"wp:attachment":[{"href":"https:\/\/www.gold.fr\/news\/wp-json\/wp\/v2\/media?parent=12883"}],"wp:term":[{"taxonomy":"category","embeddable":true,"href":"https:\/\/www.gold.fr\/news\/wp-json\/wp\/v2\/categories?post=12883"},{"taxonomy":"post_tag","embeddable":true,"href":"https:\/\/www.gold.fr\/news\/wp-json\/wp\/v2\/tags?post=12883"},{"taxonomy":"author","embeddable":true,"href":"https:\/\/www.gold.fr\/news\/wp-json\/wp\/v2\/ppma_author?post=12883"}],"curies":[{"name":"wp","href":"https:\/\/api.w.org\/{rel}","templated":true}]}}