{"id":12879,"date":"2013-09-24T09:00:51","date_gmt":"2013-09-24T07:00:51","guid":{"rendered":"https:\/\/www.gold.fr\/news\/?p=12879"},"modified":"2017-11-02T11:33:04","modified_gmt":"2017-11-02T10:33:04","slug":"or-et-fed-une-etourdissante-dualite","status":"publish","type":"post","link":"https:\/\/www.gold.fr\/news\/2013\/09\/24\/or-et-fed-une-etourdissante-dualite\/","title":{"rendered":"Or et FED : Une \u00e9tourdissante dualit\u00e9"},"content":{"rendered":"<p><span style=\"font-size: small;\"><img loading=\"lazy\" decoding=\"async\" class=\"alignleft size-thumbnail wp-image-6651\" title=\"Or et FED : Une \u00e9tourdissante dualit\u00e9\" src=\"https:\/\/www.gold.fr\/news\/wp-content\/uploads\/2012\/04\/dollar-or-150x150.jpg\" alt=\"\" width=\"150\" height=\"150\" \/>Apr\u00e8s la semaine de montagnes russes \u00e9coul\u00e9e, c&rsquo;est une semaine relativement stabilis\u00e9e qui s&rsquo;annonce. La semaine derni\u00e8re, l&rsquo;<a href='https:\/\/www.gold.fr\/news\/tags\/or' class='esk-seo-plu-link'>or<\/a> a tout de m\u00eame r\u00e9ussi \u00e0 engranger pas moins de <strong>0,5%<\/strong> de gains hebdomadaires, au c\u0153ur m\u00eame d&rsquo;un drame \u00e0 la sauce <strong>FED<\/strong> qui avait r\u00e9uni tous les ingr\u00e9dients du genre ; suspense, tension, et d\u00e9nouement surprenant.<\/span>    <span style=\"font-size: small;\"> Durant <a title=\"L\u2019or r\u00e9ussit un rebond de 5%\" href=\"https:\/\/www.gold.fr\/news\/2013\/09\/19\/lor-reussit-un-rebond-de-5\/12859\/\" target=\"_blank\"><strong>la s\u00e9ance de jeudi dernier (19 septembre)<\/strong><\/a>, le <a href='https:\/\/www.gold.fr\/news\/tags\/or' class='esk-seo-plu-link'>m\u00e9tal jaune<\/a> accumulait plus de <strong>4,5%<\/strong> de gains, suite \u00e0 l&rsquo;annonce de la <strong>FED<\/strong> de son intention de maintenir intacte et inchang\u00e9e son actuelle politique ultra accommodante (<strong>85 milliards de dollars<\/strong> d&rsquo;injections mensuelles + un taux directeur proche du z\u00e9ro).<\/span>    <span style=\"font-size: small;\"><strong> Ben Bernanke<\/strong>, pr\u00e9sident de la r\u00e9serve f\u00e9d\u00e9rale am\u00e9ricaine, n&rsquo;a pas manqu\u00e9 de souligner, lors de la conf\u00e9rence de presse officielle, que \u00ab <em>l&rsquo;orientation qui pourrait mener \u00e0 un changement de cette politique n&rsquo;\u00e9tait pas pr\u00e9d\u00e9termin\u00e9<\/em> \u00bb, ajoutant que toute modification ou \u00e9volution, \u00e0 ce niveau, \u00ab <em>d\u00e9pendait de la solidit\u00e9 de la relance<\/em> \u00bb. Rien de nouveau dans ce discours, si ce n&rsquo;est que la quasi-totalit\u00e9 des \u00e9conomistes du pays estimaient justement <strong>l&rsquo;\u00e9conomie US<\/strong> suffisamment \u00ab <em>remise <\/em>\u00bb pour se passer d&rsquo;au moins <strong>10 \u00e0 15 milliards de dollars<\/strong> de perfusions mon\u00e9taires mensuelles.<\/span>    <span style=\"font-size: small;\"> Le chef de l&rsquo;institution a \u00e9galement rappel\u00e9 que la <strong>FED<\/strong> ne rel\u00e8verait son taux d&rsquo;int\u00e9r\u00eat quasi nul que dans le cas o\u00f9 le ch\u00f4mage serait \u00ab <em>ramen\u00e9 aux alentours de 6,5%, du moment que l&rsquo;inflation ne d\u00e9passerait pas 2,5% annuels<\/em> \u00bb.<\/span>    <span style=\"font-size: small;\"> Dans ces conditions, l&rsquo;<a href='https:\/\/www.gold.fr\/news\/tags\/or' class='esk-seo-plu-link'>or<\/a> aurait d\u00fb marquer un rebond beaucoup plus prononc\u00e9 que celui enregistr\u00e9 \u00e0 la fin de la semaine derni\u00e8re. Mais c&rsquo;\u00e9tait compter sans le jeu des chaises musicales constamment orchestr\u00e9 par les membres de la <strong>FED<\/strong>. Vendredi dernier, <strong>James Bullard<\/strong>, pr\u00e9sident de la r\u00e9serve f\u00e9d\u00e9rale de <strong>Saint Louis<\/strong>, <a title=\"L\u2019or en suspens, apr\u00e8s la temp\u00eate FED\" href=\"https:\/\/www.gold.fr\/news\/2013\/09\/23\/lor-en-suspens-apres-la-tempete-fed\/12874\/\" target=\"_blank\">d\u00e9clarait que la d\u00e9cision de maintenir la politique actuelle<\/a> avait \u00e9t\u00e9 prise \u00ab <em>de justesse<\/em> \u00bb, et risquait donc d&rsquo;\u00eatre invers\u00e9e durant la prochaine prise de cap (au mois d&rsquo;<strong>octobre<\/strong>).<\/span>    <span style=\"font-size: small;\"> Elles semblent \u00eatre parties pour subir pr\u00e8s de <strong>22%<\/strong> de pertes sur l&rsquo;ann\u00e9e, en raison de la crainte d&rsquo;un ass\u00e8chement des perfusions d&rsquo;<a href='https:\/\/www.gold.fr\/news\/tags\/argent' class='esk-seo-plu-link'>argent<\/a> frais cons\u00e9cutif \u00e0 une \u00e9conomie en voie de r\u00e9mission.<\/span><\/p>\n<!-- AddThis Advanced Settings generic via filter on the_content --><!-- AddThis Share Buttons generic via filter on the_content -->","protected":false},"excerpt":{"rendered":"<p>Apr\u00e8s la semaine de montagnes russes \u00e9coul\u00e9e, c&rsquo;est une semaine relativement stabilis\u00e9e qui s&rsquo;annonce. La semaine derni\u00e8re, l&rsquo;or a tout de m\u00eame r\u00e9ussi \u00e0 engranger pas moins de 0,5% de gains hebdomadaires, au c\u0153ur m\u00eame d&rsquo;un [&hellip;]<\/p>\n","protected":false},"author":18,"featured_media":6651,"comment_status":"open","ping_status":"open","sticky":false,"template":"","format":"standard","meta":{"_mbp_gutenberg_autopost":false,"_pgmb_is_evergreen":false,"_pgmb_ap_template_id":0,"footnotes":""},"categories":[6],"tags":[404,1100,144,1275,1035,84],"ppma_author":[2565],"class_list":["post-12879","post","type-post","status-publish","format-standard","has-post-thumbnail","hentry","category-articles-de-presse","tag-ben-bernanke","tag-economie-us","tag-fed","tag-or-et-fed","tag-politique-monetaire","tag-cours-de-lor"],"yoast_head":"<!-- This site is optimized with the Yoast SEO plugin v27.5 - https:\/\/yoast.com\/product\/yoast-seo-wordpress\/ -->\n<title>Or et FED : Une \u00e9tourdissante dualit\u00e9 - Gold.fr<\/title>\n<meta name=\"robots\" content=\"index, follow, max-snippet:-1, max-image-preview:large, max-video-preview:-1\" \/>\n<link rel=\"canonical\" href=\"https:\/\/www.gold.fr\/news\/2013\/09\/24\/or-et-fed-une-etourdissante-dualite\/\" \/>\n<meta property=\"og:locale\" content=\"fr_FR\" \/>\n<meta property=\"og:type\" content=\"article\" \/>\n<meta property=\"og:title\" content=\"Or et FED : Une \u00e9tourdissante dualit\u00e9 - Gold.fr\" \/>\n<meta property=\"og:description\" content=\"Apr\u00e8s la semaine de montagnes russes \u00e9coul\u00e9e, c&rsquo;est une semaine relativement stabilis\u00e9e qui s&rsquo;annonce. La semaine derni\u00e8re, l&rsquo;or a tout de m\u00eame r\u00e9ussi \u00e0 engranger pas moins de 0,5% de gains hebdomadaires, au c\u0153ur m\u00eame d&rsquo;un [&hellip;]\" \/>\n<meta property=\"og:url\" content=\"https:\/\/www.gold.fr\/news\/2013\/09\/24\/or-et-fed-une-etourdissante-dualite\/\" \/>\n<meta property=\"og:site_name\" content=\"Gold.fr\" \/>\n<meta property=\"article:publisher\" content=\"https:\/\/www.facebook.com\/Goldfr\/\" \/>\n<meta property=\"article:published_time\" content=\"2013-09-24T07:00:51+00:00\" \/>\n<meta property=\"article:modified_time\" content=\"2017-11-02T10:33:04+00:00\" \/>\n<meta property=\"og:image\" content=\"https:\/\/www.gold.fr\/news\/wp-content\/uploads\/2012\/04\/dollar-or.jpg\" \/>\n\t<meta property=\"og:image:width\" content=\"600\" \/>\n\t<meta property=\"og:image:height\" content=\"400\" \/>\n\t<meta property=\"og:image:type\" content=\"image\/jpeg\" \/>\n<meta name=\"author\" content=\"Comptoir National de l&#039;Or\" \/>\n<meta name=\"twitter:card\" content=\"summary_large_image\" \/>\n<meta name=\"twitter:label1\" content=\"\u00c9crit par\" \/>\n\t<meta name=\"twitter:data1\" content=\"Comptoir National de l&#039;Or\" \/>\n\t<meta name=\"twitter:label2\" content=\"Dur\u00e9e de lecture estim\u00e9e\" \/>\n\t<meta name=\"twitter:data2\" content=\"2 minutes\" \/>\n<script type=\"application\/ld+json\" class=\"yoast-schema-graph\">{\"@context\":\"https:\\\/\\\/schema.org\",\"@graph\":[{\"@type\":\"Article\",\"@id\":\"https:\\\/\\\/www.gold.fr\\\/news\\\/2013\\\/09\\\/24\\\/or-et-fed-une-etourdissante-dualite\\\/#article\",\"isPartOf\":{\"@id\":\"https:\\\/\\\/www.gold.fr\\\/news\\\/2013\\\/09\\\/24\\\/or-et-fed-une-etourdissante-dualite\\\/\"},\"author\":{\"name\":\"Comptoir National de l'Or\",\"@id\":\"https:\\\/\\\/www.gold.fr\\\/news\\\/#\\\/schema\\\/person\\\/070491b4b4fb7671bf59b3be20302ce9\"},\"headline\":\"Or et FED : Une \u00e9tourdissante dualit\u00e9\",\"datePublished\":\"2013-09-24T07:00:51+00:00\",\"dateModified\":\"2017-11-02T10:33:04+00:00\",\"mainEntityOfPage\":{\"@id\":\"https:\\\/\\\/www.gold.fr\\\/news\\\/2013\\\/09\\\/24\\\/or-et-fed-une-etourdissante-dualite\\\/\"},\"wordCount\":393,\"commentCount\":0,\"image\":{\"@id\":\"https:\\\/\\\/www.gold.fr\\\/news\\\/2013\\\/09\\\/24\\\/or-et-fed-une-etourdissante-dualite\\\/#primaryimage\"},\"thumbnailUrl\":\"https:\\\/\\\/www.gold.fr\\\/news\\\/wp-content\\\/uploads\\\/2012\\\/04\\\/dollar-or.jpg\",\"keywords\":[\"ben bernanke\",\"\u00e9conomie US\",\"fed\",\"Or et fed\",\"politique mon\u00e9taire\",\"Tout Cours de l'Or\"],\"articleSection\":[\"Articles de presse\"],\"inLanguage\":\"fr-FR\"},{\"@type\":\"WebPage\",\"@id\":\"https:\\\/\\\/www.gold.fr\\\/news\\\/2013\\\/09\\\/24\\\/or-et-fed-une-etourdissante-dualite\\\/\",\"url\":\"https:\\\/\\\/www.gold.fr\\\/news\\\/2013\\\/09\\\/24\\\/or-et-fed-une-etourdissante-dualite\\\/\",\"name\":\"Or et FED : Une \u00e9tourdissante dualit\u00e9 - Gold.fr\",\"isPartOf\":{\"@id\":\"https:\\\/\\\/www.gold.fr\\\/news\\\/#website\"},\"primaryImageOfPage\":{\"@id\":\"https:\\\/\\\/www.gold.fr\\\/news\\\/2013\\\/09\\\/24\\\/or-et-fed-une-etourdissante-dualite\\\/#primaryimage\"},\"image\":{\"@id\":\"https:\\\/\\\/www.gold.fr\\\/news\\\/2013\\\/09\\\/24\\\/or-et-fed-une-etourdissante-dualite\\\/#primaryimage\"},\"thumbnailUrl\":\"https:\\\/\\\/www.gold.fr\\\/news\\\/wp-content\\\/uploads\\\/2012\\\/04\\\/dollar-or.jpg\",\"datePublished\":\"2013-09-24T07:00:51+00:00\",\"dateModified\":\"2017-11-02T10:33:04+00:00\",\"author\":{\"@id\":\"https:\\\/\\\/www.gold.fr\\\/news\\\/#\\\/schema\\\/person\\\/070491b4b4fb7671bf59b3be20302ce9\"},\"breadcrumb\":{\"@id\":\"https:\\\/\\\/www.gold.fr\\\/news\\\/2013\\\/09\\\/24\\\/or-et-fed-une-etourdissante-dualite\\\/#breadcrumb\"},\"inLanguage\":\"fr-FR\",\"potentialAction\":[{\"@type\":\"ReadAction\",\"target\":[\"https:\\\/\\\/www.gold.fr\\\/news\\\/2013\\\/09\\\/24\\\/or-et-fed-une-etourdissante-dualite\\\/\"]}]},{\"@type\":\"ImageObject\",\"inLanguage\":\"fr-FR\",\"@id\":\"https:\\\/\\\/www.gold.fr\\\/news\\\/2013\\\/09\\\/24\\\/or-et-fed-une-etourdissante-dualite\\\/#primaryimage\",\"url\":\"https:\\\/\\\/www.gold.fr\\\/news\\\/wp-content\\\/uploads\\\/2012\\\/04\\\/dollar-or.jpg\",\"contentUrl\":\"https:\\\/\\\/www.gold.fr\\\/news\\\/wp-content\\\/uploads\\\/2012\\\/04\\\/dollar-or.jpg\",\"width\":\"600\",\"height\":\"400\",\"caption\":\"Un calendrier charg\u00e9 pour une semaine d\u00e9cisive\"},{\"@type\":\"BreadcrumbList\",\"@id\":\"https:\\\/\\\/www.gold.fr\\\/news\\\/2013\\\/09\\\/24\\\/or-et-fed-une-etourdissante-dualite\\\/#breadcrumb\",\"itemListElement\":[{\"@type\":\"ListItem\",\"position\":1,\"name\":\"Accueil\",\"item\":\"https:\\\/\\\/www.gold.fr\\\/\"},{\"@type\":\"ListItem\",\"position\":2,\"name\":\"Actualit\u00e9s\",\"item\":\"https:\\\/\\\/www.gold.fr\\\/news\\\/\"},{\"@type\":\"ListItem\",\"position\":3,\"name\":\"Or et FED : Une \u00e9tourdissante dualit\u00e9\"}]},{\"@type\":\"WebSite\",\"@id\":\"https:\\\/\\\/www.gold.fr\\\/news\\\/#website\",\"url\":\"https:\\\/\\\/www.gold.fr\\\/news\\\/\",\"name\":\"Gold.fr\",\"description\":\"Actualit\u00e9s de l&#039;Or et des m\u00e9taux pr\u00e9cieux\",\"potentialAction\":[{\"@type\":\"SearchAction\",\"target\":{\"@type\":\"EntryPoint\",\"urlTemplate\":\"https:\\\/\\\/www.gold.fr\\\/news\\\/?s={search_term_string}\"},\"query-input\":{\"@type\":\"PropertyValueSpecification\",\"valueRequired\":true,\"valueName\":\"search_term_string\"}}],\"inLanguage\":\"fr-FR\"},{\"@type\":\"Person\",\"@id\":\"https:\\\/\\\/www.gold.fr\\\/news\\\/#\\\/schema\\\/person\\\/070491b4b4fb7671bf59b3be20302ce9\",\"name\":\"Comptoir National de l'Or\",\"image\":{\"@type\":\"ImageObject\",\"inLanguage\":\"fr-FR\",\"@id\":\"https:\\\/\\\/secure.gravatar.com\\\/avatar\\\/0a2867fd5abe37bed95d5a65e9d58f01756e11efc68af9888dfc50cfa7f65948?s=96&d=mm&r=gb490554db0a38188709de567aa58480d\",\"url\":\"https:\\\/\\\/secure.gravatar.com\\\/avatar\\\/0a2867fd5abe37bed95d5a65e9d58f01756e11efc68af9888dfc50cfa7f65948?s=96&d=mm&r=g\",\"contentUrl\":\"https:\\\/\\\/secure.gravatar.com\\\/avatar\\\/0a2867fd5abe37bed95d5a65e9d58f01756e11efc68af9888dfc50cfa7f65948?s=96&d=mm&r=g\",\"caption\":\"Comptoir National de l'Or\"},\"description\":\"Notre r\u00e9daction est constitu\u00e9e de membres experts dans les m\u00e9tiers de l'\u00e9conomie et la gestion, des Responsables d'agence Comptoir National de l'Or, des analystes financiers qui publient r\u00e9guli\u00e8rement des \u00e9tudes sur les politiques des banques centrales, le cours de l'or, prix de l'or, cours de l'argent, prix de l'argent, cours du platine, cours du palladium,... la situation en zone euro et l'impact de la strat\u00e9gie mon\u00e9taire de la FED. Notre \u00e9quipe scrute \u00e9galement une information plus g\u00e9n\u00e9raliste \u00e0 la recherche d'actualit\u00e9 \\\"p\u00e9pite\\\" \u00e0 vous partager. Depuis 5 ans, nous avons publi\u00e9 un peu plus de 4000 articles qui s'adressent \u00e0 un public large et vari\u00e9 ayant pour objectif de satisfaire votre curiosit\u00e9 et de partager avec vous une certaine fascination pour le m\u00e9tal jaune, le rachat d'or, et pour ceux qui veulent investir dans l'or, vendre leur or tout simplement en savoir plus... Pour tous vos achat or et argent, n'h\u00e9sitez pas \u00e0 prendre rendez-vous dans l'un de nos nombreux comptoirs.\",\"sameAs\":[\"https:\\\/\\\/www.gold.fr\"]}]}<\/script>\n<!-- \/ Yoast SEO plugin. -->","yoast_head_json":{"title":"Or et FED : Une \u00e9tourdissante dualit\u00e9 - Gold.fr","robots":{"index":"index","follow":"follow","max-snippet":"max-snippet:-1","max-image-preview":"max-image-preview:large","max-video-preview":"max-video-preview:-1"},"canonical":"https:\/\/www.gold.fr\/news\/2013\/09\/24\/or-et-fed-une-etourdissante-dualite\/","og_locale":"fr_FR","og_type":"article","og_title":"Or et FED : Une \u00e9tourdissante dualit\u00e9 - Gold.fr","og_description":"Apr\u00e8s la semaine de montagnes russes \u00e9coul\u00e9e, c&rsquo;est une semaine relativement stabilis\u00e9e qui s&rsquo;annonce. La semaine derni\u00e8re, l&rsquo;or a tout de m\u00eame r\u00e9ussi \u00e0 engranger pas moins de 0,5% de gains hebdomadaires, au c\u0153ur m\u00eame d&rsquo;un [&hellip;]","og_url":"https:\/\/www.gold.fr\/news\/2013\/09\/24\/or-et-fed-une-etourdissante-dualite\/","og_site_name":"Gold.fr","article_publisher":"https:\/\/www.facebook.com\/Goldfr\/","article_published_time":"2013-09-24T07:00:51+00:00","article_modified_time":"2017-11-02T10:33:04+00:00","og_image":[{"width":600,"height":400,"url":"https:\/\/www.gold.fr\/news\/wp-content\/uploads\/2012\/04\/dollar-or.jpg","type":"image\/jpeg"}],"author":"Comptoir National de l'Or","twitter_card":"summary_large_image","twitter_misc":{"\u00c9crit par":"Comptoir National de l'Or","Dur\u00e9e de lecture estim\u00e9e":"2 minutes"},"schema":{"@context":"https:\/\/schema.org","@graph":[{"@type":"Article","@id":"https:\/\/www.gold.fr\/news\/2013\/09\/24\/or-et-fed-une-etourdissante-dualite\/#article","isPartOf":{"@id":"https:\/\/www.gold.fr\/news\/2013\/09\/24\/or-et-fed-une-etourdissante-dualite\/"},"author":{"name":"Comptoir National de l'Or","@id":"https:\/\/www.gold.fr\/news\/#\/schema\/person\/070491b4b4fb7671bf59b3be20302ce9"},"headline":"Or et FED : Une \u00e9tourdissante dualit\u00e9","datePublished":"2013-09-24T07:00:51+00:00","dateModified":"2017-11-02T10:33:04+00:00","mainEntityOfPage":{"@id":"https:\/\/www.gold.fr\/news\/2013\/09\/24\/or-et-fed-une-etourdissante-dualite\/"},"wordCount":393,"commentCount":0,"image":{"@id":"https:\/\/www.gold.fr\/news\/2013\/09\/24\/or-et-fed-une-etourdissante-dualite\/#primaryimage"},"thumbnailUrl":"https:\/\/www.gold.fr\/news\/wp-content\/uploads\/2012\/04\/dollar-or.jpg","keywords":["ben bernanke","\u00e9conomie US","fed","Or et fed","politique mon\u00e9taire","Tout Cours de l'Or"],"articleSection":["Articles de presse"],"inLanguage":"fr-FR"},{"@type":"WebPage","@id":"https:\/\/www.gold.fr\/news\/2013\/09\/24\/or-et-fed-une-etourdissante-dualite\/","url":"https:\/\/www.gold.fr\/news\/2013\/09\/24\/or-et-fed-une-etourdissante-dualite\/","name":"Or et FED : Une \u00e9tourdissante dualit\u00e9 - Gold.fr","isPartOf":{"@id":"https:\/\/www.gold.fr\/news\/#website"},"primaryImageOfPage":{"@id":"https:\/\/www.gold.fr\/news\/2013\/09\/24\/or-et-fed-une-etourdissante-dualite\/#primaryimage"},"image":{"@id":"https:\/\/www.gold.fr\/news\/2013\/09\/24\/or-et-fed-une-etourdissante-dualite\/#primaryimage"},"thumbnailUrl":"https:\/\/www.gold.fr\/news\/wp-content\/uploads\/2012\/04\/dollar-or.jpg","datePublished":"2013-09-24T07:00:51+00:00","dateModified":"2017-11-02T10:33:04+00:00","author":{"@id":"https:\/\/www.gold.fr\/news\/#\/schema\/person\/070491b4b4fb7671bf59b3be20302ce9"},"breadcrumb":{"@id":"https:\/\/www.gold.fr\/news\/2013\/09\/24\/or-et-fed-une-etourdissante-dualite\/#breadcrumb"},"inLanguage":"fr-FR","potentialAction":[{"@type":"ReadAction","target":["https:\/\/www.gold.fr\/news\/2013\/09\/24\/or-et-fed-une-etourdissante-dualite\/"]}]},{"@type":"ImageObject","inLanguage":"fr-FR","@id":"https:\/\/www.gold.fr\/news\/2013\/09\/24\/or-et-fed-une-etourdissante-dualite\/#primaryimage","url":"https:\/\/www.gold.fr\/news\/wp-content\/uploads\/2012\/04\/dollar-or.jpg","contentUrl":"https:\/\/www.gold.fr\/news\/wp-content\/uploads\/2012\/04\/dollar-or.jpg","width":"600","height":"400","caption":"Un calendrier charg\u00e9 pour une semaine d\u00e9cisive"},{"@type":"BreadcrumbList","@id":"https:\/\/www.gold.fr\/news\/2013\/09\/24\/or-et-fed-une-etourdissante-dualite\/#breadcrumb","itemListElement":[{"@type":"ListItem","position":1,"name":"Accueil","item":"https:\/\/www.gold.fr\/"},{"@type":"ListItem","position":2,"name":"Actualit\u00e9s","item":"https:\/\/www.gold.fr\/news\/"},{"@type":"ListItem","position":3,"name":"Or et FED : Une \u00e9tourdissante dualit\u00e9"}]},{"@type":"WebSite","@id":"https:\/\/www.gold.fr\/news\/#website","url":"https:\/\/www.gold.fr\/news\/","name":"Gold.fr","description":"Actualit\u00e9s de l&#039;Or et des m\u00e9taux pr\u00e9cieux","potentialAction":[{"@type":"SearchAction","target":{"@type":"EntryPoint","urlTemplate":"https:\/\/www.gold.fr\/news\/?s={search_term_string}"},"query-input":{"@type":"PropertyValueSpecification","valueRequired":true,"valueName":"search_term_string"}}],"inLanguage":"fr-FR"},{"@type":"Person","@id":"https:\/\/www.gold.fr\/news\/#\/schema\/person\/070491b4b4fb7671bf59b3be20302ce9","name":"Comptoir National de l'Or","image":{"@type":"ImageObject","inLanguage":"fr-FR","@id":"https:\/\/secure.gravatar.com\/avatar\/0a2867fd5abe37bed95d5a65e9d58f01756e11efc68af9888dfc50cfa7f65948?s=96&d=mm&r=gb490554db0a38188709de567aa58480d","url":"https:\/\/secure.gravatar.com\/avatar\/0a2867fd5abe37bed95d5a65e9d58f01756e11efc68af9888dfc50cfa7f65948?s=96&d=mm&r=g","contentUrl":"https:\/\/secure.gravatar.com\/avatar\/0a2867fd5abe37bed95d5a65e9d58f01756e11efc68af9888dfc50cfa7f65948?s=96&d=mm&r=g","caption":"Comptoir National de l'Or"},"description":"Notre r\u00e9daction est constitu\u00e9e de membres experts dans les m\u00e9tiers de l'\u00e9conomie et la gestion, des Responsables d'agence Comptoir National de l'Or, des analystes financiers qui publient r\u00e9guli\u00e8rement des \u00e9tudes sur les politiques des banques centrales, le cours de l'or, prix de l'or, cours de l'argent, prix de l'argent, cours du platine, cours du palladium,... la situation en zone euro et l'impact de la strat\u00e9gie mon\u00e9taire de la FED. Notre \u00e9quipe scrute \u00e9galement une information plus g\u00e9n\u00e9raliste \u00e0 la recherche d'actualit\u00e9 \"p\u00e9pite\" \u00e0 vous partager. Depuis 5 ans, nous avons publi\u00e9 un peu plus de 4000 articles qui s'adressent \u00e0 un public large et vari\u00e9 ayant pour objectif de satisfaire votre curiosit\u00e9 et de partager avec vous une certaine fascination pour le m\u00e9tal jaune, le rachat d'or, et pour ceux qui veulent investir dans l'or, vendre leur or tout simplement en savoir plus... Pour tous vos achat or et argent, n'h\u00e9sitez pas \u00e0 prendre rendez-vous dans l'un de nos nombreux comptoirs.","sameAs":["https:\/\/www.gold.fr"]}]}},"authors":[{"term_id":2565,"user_id":18,"is_guest":0,"slug":"julie","display_name":"Comptoir National de l'Or","avatar_url":"https:\/\/secure.gravatar.com\/avatar\/713f289e398d35ead876c4a4cc08607f0d6d266058cfc25683fffb6092d0e572?s=96&d=mm&r=g","0":null,"1":"","2":"","3":"","4":"","5":"","6":"","7":"","8":""}],"_links":{"self":[{"href":"https:\/\/www.gold.fr\/news\/wp-json\/wp\/v2\/posts\/12879","targetHints":{"allow":["GET"]}}],"collection":[{"href":"https:\/\/www.gold.fr\/news\/wp-json\/wp\/v2\/posts"}],"about":[{"href":"https:\/\/www.gold.fr\/news\/wp-json\/wp\/v2\/types\/post"}],"author":[{"embeddable":true,"href":"https:\/\/www.gold.fr\/news\/wp-json\/wp\/v2\/users\/18"}],"replies":[{"embeddable":true,"href":"https:\/\/www.gold.fr\/news\/wp-json\/wp\/v2\/comments?post=12879"}],"version-history":[{"count":0,"href":"https:\/\/www.gold.fr\/news\/wp-json\/wp\/v2\/posts\/12879\/revisions"}],"wp:featuredmedia":[{"embeddable":true,"href":"https:\/\/www.gold.fr\/news\/wp-json\/wp\/v2\/media\/6651"}],"wp:attachment":[{"href":"https:\/\/www.gold.fr\/news\/wp-json\/wp\/v2\/media?parent=12879"}],"wp:term":[{"taxonomy":"category","embeddable":true,"href":"https:\/\/www.gold.fr\/news\/wp-json\/wp\/v2\/categories?post=12879"},{"taxonomy":"post_tag","embeddable":true,"href":"https:\/\/www.gold.fr\/news\/wp-json\/wp\/v2\/tags?post=12879"},{"taxonomy":"author","embeddable":true,"href":"https:\/\/www.gold.fr\/news\/wp-json\/wp\/v2\/ppma_author?post=12879"}],"curies":[{"name":"wp","href":"https:\/\/api.w.org\/{rel}","templated":true}]}}