{"id":12868,"date":"2013-09-20T17:00:01","date_gmt":"2013-09-20T15:00:01","guid":{"rendered":"https:\/\/www.gold.fr\/news\/?p=12868"},"modified":"2019-06-14T13:00:58","modified_gmt":"2019-06-14T11:00:58","slug":"lor-colloidal","status":"publish","type":"post","link":"https:\/\/www.gold.fr\/news\/2013\/09\/20\/lor-colloidal\/","title":{"rendered":"L\u2019or collo\u00efdal"},"content":{"rendered":"<p><span style=\"font-size: small;\"><img loading=\"lazy\" decoding=\"async\" class=\"alignleft size-thumbnail wp-image-5466\" title=\"La nanotechnologie et l\u2019or\" src=\"https:\/\/www.gold.fr\/news\/wp-content\/uploads\/2012\/02\/Nanotechnologie-150x150.jpg\" alt=\"\" width=\"150\" height=\"150\" \/>L&rsquo;<a class=\"esk-seo-plu-link\" href=\"https:\/\/www.gold.fr\/news\/tags\/or\">or<\/a> collo\u00efdal est un ensemble de particules aurif\u00e8res \u00e0 l&rsquo;\u00e9chelle <strong>nanom\u00e9trique<\/strong> (le diam\u00e8tre est inf\u00e9rieur \u00e0 <strong>1000 nanom\u00e8tres<\/strong>). Ces particules baignent le plus souvent de mani\u00e8re homog\u00e8ne dans une solution liquide. Pour ce qui est de la couleur, elle varie du rouge au jaune.<\/span> <span style=\"font-size: small;\">L&rsquo;histoire de <strong>l&rsquo;<a class=\"esk-seo-plu-link\" href=\"https:\/\/www.gold.fr\/news\/tags\/or\">or<\/a> collo\u00efdal<\/strong> remonte \u00e0 l&rsquo;\u00e9poque de l&rsquo;antiquit\u00e9 romaine. Vers le <strong>XVII\u00e8me si\u00e8cle<\/strong>, les chimistes du r\u00e8gne romain s&rsquo;int\u00e9ress\u00e8rent alors \u00e0 une r\u00e9action particuli\u00e8re ; celle de l&rsquo;<a class=\"esk-seo-plu-link\" href=\"https:\/\/www.gold.fr\/news\/tags\/or\">or<\/a> avec l&rsquo;\u00e9tain. Cette r\u00e9action, qui donna naissance \u00e0 l&rsquo;<a class=\"esk-seo-plu-link\" href=\"https:\/\/www.gold.fr\/news\/tags\/or\">or<\/a> collo\u00efdal, avait une teinte pourpre. Solvable dans le verre fondu ou le cristal, l&rsquo;<a class=\"esk-seo-plu-link\" href=\"https:\/\/www.gold.fr\/news\/tags\/or\">or<\/a> collo\u00efdal \u00e9tait utilis\u00e9 pour colorer la porcelaine sous la dynastie Qing.<\/span> <span style=\"font-size: small;\">Toutefois, <strong>25 ans<\/strong> avant les romains, <strong>des chimistes allemands<\/strong> ont d\u00e9crit la solution d&rsquo;<a class=\"esk-seo-plu-link\" href=\"https:\/\/www.gold.fr\/news\/tags\/or\">or<\/a> collo\u00efdal et l&rsquo;utilisaient dans une usine de Potsdam.<\/span> <span style=\"font-size: small;\">De nos jours, l&rsquo;<a class=\"esk-seo-plu-link\" href=\"https:\/\/www.gold.fr\/news\/tags\/or\">or<\/a> collo\u00efdal est autant utilis\u00e9 dans les <strong>disciplines artisanales<\/strong> que dans <strong>la m\u00e9decine<\/strong> et <strong>les soins<\/strong>. Ainsi,beaucoup de prescriptions contiendraient la fameuse solution d&rsquo;<a class=\"esk-seo-plu-link\" href=\"https:\/\/www.gold.fr\/news\/tags\/or\">or<\/a> collo\u00efdal. En effet, sur le plan m\u00e9dical, l&rsquo;<a class=\"esk-seo-plu-link\" href=\"https:\/\/www.gold.fr\/news\/tags\/or\">or<\/a> collo\u00efdal ;<\/span><\/p>\n<ul>\n<li><span style=\"font-size: small;\">Augmente l&rsquo;\u00e9nergie, la vitalit\u00e9 et la long\u00e9vit\u00e9. Il procure \u00e9galement un sentiment de bien-\u00eatre en relaxant le corps<\/span><\/li>\n<li><span style=\"font-size: small;\">Am\u00e9liore les d\u00e9fenses naturelles et la fonction glandulaire<\/span><\/li>\n<li><span style=\"font-size: small;\">R\u00e9pare l&rsquo;ADN endommag\u00e9<\/span><\/li>\n<li><span style=\"font-size: small;\">R\u00e9duit l&rsquo;inflammation des articulations et soulage les douleurs<\/span><\/li>\n<li><span style=\"font-size: small;\">Aide \u00e0 vaincre les addictions, qu&rsquo;elles soient li\u00e9es \u00e0 la toxicomanie, au tabagisme ou \u00e0 l&rsquo;alcool.<\/span><\/li>\n<\/ul>\n<p><span style=\"font-size: small;\">Par ailleurs, l&rsquo;<a class=\"esk-seo-plu-link\" href=\"https:\/\/www.gold.fr\/news\/tags\/or\">or<\/a> collo\u00efdal est pareillement utilis\u00e9 en cosm\u00e9tologie o\u00f9 il agit contre la s\u00e9cheresse et le vieillissement de la peau.<\/span><\/p>\n<!-- AddThis Advanced Settings generic via filter on the_content --><!-- AddThis Share Buttons generic via filter on the_content -->","protected":false},"excerpt":{"rendered":"<p>L&rsquo;or collo\u00efdal est un ensemble de particules aurif\u00e8res \u00e0 l&rsquo;\u00e9chelle nanom\u00e9trique (le diam\u00e8tre est inf\u00e9rieur \u00e0 1000 nanom\u00e8tres). Ces particules baignent le plus souvent de mani\u00e8re homog\u00e8ne dans une solution liquide. Pour ce qui est de [&hellip;]<\/p>\n","protected":false},"author":18,"featured_media":5466,"comment_status":"open","ping_status":"open","sticky":false,"template":"","format":"standard","meta":{"_mbp_gutenberg_autopost":false,"_pgmb_is_evergreen":false,"_pgmb_ap_template_id":0,"footnotes":""},"categories":[6],"tags":[1539,1088,1538,1536,1535,1537],"ppma_author":[2565],"class_list":["post-12868","post","type-post","status-publish","format-standard","has-post-thumbnail","hentry","category-articles-de-presse","tag-chimistes-allemands","tag-histoire-or","tag-les-romains","tag-medecine","tag-or-colloidal","tag-soins"],"yoast_head":"<!-- This site is optimized with the Yoast SEO plugin v27.5 - https:\/\/yoast.com\/product\/yoast-seo-wordpress\/ -->\n<title>L\u2019or collo\u00efdal - Gold.fr<\/title>\n<meta name=\"description\" content=\"Toutes les derni\u00e8res informations sur l&#039;or collo\u00efdal par le Comptoir National de l&#039;Or. Suivez aussi le cours de l&#039;or, lingot or, pi\u00e8ce d&#039;or en temps r\u00e9elle Gold.fr.\" \/>\n<meta name=\"robots\" content=\"index, follow, max-snippet:-1, max-image-preview:large, max-video-preview:-1\" \/>\n<link rel=\"canonical\" href=\"https:\/\/www.gold.fr\/news\/2013\/09\/20\/lor-colloidal\/\" \/>\n<meta property=\"og:locale\" content=\"fr_FR\" \/>\n<meta property=\"og:type\" content=\"article\" \/>\n<meta property=\"og:title\" content=\"L\u2019or collo\u00efdal - Gold.fr\" \/>\n<meta property=\"og:description\" content=\"Toutes les derni\u00e8res informations sur l&#039;or collo\u00efdal par le Comptoir National de l&#039;Or. Suivez aussi le cours de l&#039;or, lingot or, pi\u00e8ce d&#039;or en temps r\u00e9elle Gold.fr.\" \/>\n<meta property=\"og:url\" content=\"https:\/\/www.gold.fr\/news\/2013\/09\/20\/lor-colloidal\/\" \/>\n<meta property=\"og:site_name\" content=\"Gold.fr\" \/>\n<meta property=\"article:publisher\" content=\"https:\/\/www.facebook.com\/Goldfr\/\" \/>\n<meta property=\"article:published_time\" content=\"2013-09-20T15:00:01+00:00\" \/>\n<meta property=\"article:modified_time\" content=\"2019-06-14T11:00:58+00:00\" \/>\n<meta property=\"og:image\" content=\"https:\/\/www.gold.fr\/news\/wp-content\/uploads\/2012\/02\/Nanotechnologie.jpg\" \/>\n\t<meta property=\"og:image:width\" content=\"600\" \/>\n\t<meta property=\"og:image:height\" content=\"400\" \/>\n\t<meta property=\"og:image:type\" content=\"image\/jpeg\" \/>\n<meta name=\"author\" content=\"Comptoir National de l&#039;Or\" \/>\n<meta name=\"twitter:card\" content=\"summary_large_image\" \/>\n<meta name=\"twitter:label1\" content=\"\u00c9crit par\" \/>\n\t<meta name=\"twitter:data1\" content=\"Comptoir National de l&#039;Or\" \/>\n\t<meta name=\"twitter:label2\" content=\"Dur\u00e9e de lecture estim\u00e9e\" \/>\n\t<meta name=\"twitter:data2\" content=\"1 minute\" \/>\n<script type=\"application\/ld+json\" class=\"yoast-schema-graph\">{\"@context\":\"https:\\\/\\\/schema.org\",\"@graph\":[{\"@type\":\"Article\",\"@id\":\"https:\\\/\\\/www.gold.fr\\\/news\\\/2013\\\/09\\\/20\\\/lor-colloidal\\\/#article\",\"isPartOf\":{\"@id\":\"https:\\\/\\\/www.gold.fr\\\/news\\\/2013\\\/09\\\/20\\\/lor-colloidal\\\/\"},\"author\":{\"name\":\"Comptoir National de l'Or\",\"@id\":\"https:\\\/\\\/www.gold.fr\\\/news\\\/#\\\/schema\\\/person\\\/070491b4b4fb7671bf59b3be20302ce9\"},\"headline\":\"L\u2019or collo\u00efdal\",\"datePublished\":\"2013-09-20T15:00:01+00:00\",\"dateModified\":\"2019-06-14T11:00:58+00:00\",\"mainEntityOfPage\":{\"@id\":\"https:\\\/\\\/www.gold.fr\\\/news\\\/2013\\\/09\\\/20\\\/lor-colloidal\\\/\"},\"wordCount\":291,\"commentCount\":0,\"image\":{\"@id\":\"https:\\\/\\\/www.gold.fr\\\/news\\\/2013\\\/09\\\/20\\\/lor-colloidal\\\/#primaryimage\"},\"thumbnailUrl\":\"https:\\\/\\\/www.gold.fr\\\/news\\\/wp-content\\\/uploads\\\/2012\\\/02\\\/Nanotechnologie.jpg\",\"keywords\":[\"chimistes allemands\",\"histoire or\",\"les romains\",\"m\u00e9decine\",\"or collo\u00efdal\",\"soins\"],\"articleSection\":[\"Articles de presse\"],\"inLanguage\":\"fr-FR\"},{\"@type\":\"WebPage\",\"@id\":\"https:\\\/\\\/www.gold.fr\\\/news\\\/2013\\\/09\\\/20\\\/lor-colloidal\\\/\",\"url\":\"https:\\\/\\\/www.gold.fr\\\/news\\\/2013\\\/09\\\/20\\\/lor-colloidal\\\/\",\"name\":\"L\u2019or collo\u00efdal - Gold.fr\",\"isPartOf\":{\"@id\":\"https:\\\/\\\/www.gold.fr\\\/news\\\/#website\"},\"primaryImageOfPage\":{\"@id\":\"https:\\\/\\\/www.gold.fr\\\/news\\\/2013\\\/09\\\/20\\\/lor-colloidal\\\/#primaryimage\"},\"image\":{\"@id\":\"https:\\\/\\\/www.gold.fr\\\/news\\\/2013\\\/09\\\/20\\\/lor-colloidal\\\/#primaryimage\"},\"thumbnailUrl\":\"https:\\\/\\\/www.gold.fr\\\/news\\\/wp-content\\\/uploads\\\/2012\\\/02\\\/Nanotechnologie.jpg\",\"datePublished\":\"2013-09-20T15:00:01+00:00\",\"dateModified\":\"2019-06-14T11:00:58+00:00\",\"author\":{\"@id\":\"https:\\\/\\\/www.gold.fr\\\/news\\\/#\\\/schema\\\/person\\\/070491b4b4fb7671bf59b3be20302ce9\"},\"description\":\"Toutes les derni\u00e8res informations sur l'or collo\u00efdal par le Comptoir National de l'Or. Suivez aussi le cours de l'or, lingot or, pi\u00e8ce d'or en temps r\u00e9elle Gold.fr.\",\"breadcrumb\":{\"@id\":\"https:\\\/\\\/www.gold.fr\\\/news\\\/2013\\\/09\\\/20\\\/lor-colloidal\\\/#breadcrumb\"},\"inLanguage\":\"fr-FR\",\"potentialAction\":[{\"@type\":\"ReadAction\",\"target\":[\"https:\\\/\\\/www.gold.fr\\\/news\\\/2013\\\/09\\\/20\\\/lor-colloidal\\\/\"]}]},{\"@type\":\"ImageObject\",\"inLanguage\":\"fr-FR\",\"@id\":\"https:\\\/\\\/www.gold.fr\\\/news\\\/2013\\\/09\\\/20\\\/lor-colloidal\\\/#primaryimage\",\"url\":\"https:\\\/\\\/www.gold.fr\\\/news\\\/wp-content\\\/uploads\\\/2012\\\/02\\\/Nanotechnologie.jpg\",\"contentUrl\":\"https:\\\/\\\/www.gold.fr\\\/news\\\/wp-content\\\/uploads\\\/2012\\\/02\\\/Nanotechnologie.jpg\",\"width\":\"600\",\"height\":\"400\",\"caption\":\"Or et nanotechnologie : Un lien \u2018scientifique\u2019 \u00e9vident\"},{\"@type\":\"BreadcrumbList\",\"@id\":\"https:\\\/\\\/www.gold.fr\\\/news\\\/2013\\\/09\\\/20\\\/lor-colloidal\\\/#breadcrumb\",\"itemListElement\":[{\"@type\":\"ListItem\",\"position\":1,\"name\":\"Accueil\",\"item\":\"https:\\\/\\\/www.gold.fr\\\/\"},{\"@type\":\"ListItem\",\"position\":2,\"name\":\"Actualit\u00e9s\",\"item\":\"https:\\\/\\\/www.gold.fr\\\/news\\\/\"},{\"@type\":\"ListItem\",\"position\":3,\"name\":\"L\u2019or collo\u00efdal\"}]},{\"@type\":\"WebSite\",\"@id\":\"https:\\\/\\\/www.gold.fr\\\/news\\\/#website\",\"url\":\"https:\\\/\\\/www.gold.fr\\\/news\\\/\",\"name\":\"Gold.fr\",\"description\":\"Actualit\u00e9s de l&#039;Or et des m\u00e9taux pr\u00e9cieux\",\"potentialAction\":[{\"@type\":\"SearchAction\",\"target\":{\"@type\":\"EntryPoint\",\"urlTemplate\":\"https:\\\/\\\/www.gold.fr\\\/news\\\/?s={search_term_string}\"},\"query-input\":{\"@type\":\"PropertyValueSpecification\",\"valueRequired\":true,\"valueName\":\"search_term_string\"}}],\"inLanguage\":\"fr-FR\"},{\"@type\":\"Person\",\"@id\":\"https:\\\/\\\/www.gold.fr\\\/news\\\/#\\\/schema\\\/person\\\/070491b4b4fb7671bf59b3be20302ce9\",\"name\":\"Comptoir National de l'Or\",\"image\":{\"@type\":\"ImageObject\",\"inLanguage\":\"fr-FR\",\"@id\":\"https:\\\/\\\/secure.gravatar.com\\\/avatar\\\/0a2867fd5abe37bed95d5a65e9d58f01756e11efc68af9888dfc50cfa7f65948?s=96&d=mm&r=gb490554db0a38188709de567aa58480d\",\"url\":\"https:\\\/\\\/secure.gravatar.com\\\/avatar\\\/0a2867fd5abe37bed95d5a65e9d58f01756e11efc68af9888dfc50cfa7f65948?s=96&d=mm&r=g\",\"contentUrl\":\"https:\\\/\\\/secure.gravatar.com\\\/avatar\\\/0a2867fd5abe37bed95d5a65e9d58f01756e11efc68af9888dfc50cfa7f65948?s=96&d=mm&r=g\",\"caption\":\"Comptoir National de l'Or\"},\"description\":\"Notre r\u00e9daction est constitu\u00e9e de membres experts dans les m\u00e9tiers de l'\u00e9conomie et la gestion, des Responsables d'agence Comptoir National de l'Or, des analystes financiers qui publient r\u00e9guli\u00e8rement des \u00e9tudes sur les politiques des banques centrales, le cours de l'or, prix de l'or, cours de l'argent, prix de l'argent, cours du platine, cours du palladium,... la situation en zone euro et l'impact de la strat\u00e9gie mon\u00e9taire de la FED. Notre \u00e9quipe scrute \u00e9galement une information plus g\u00e9n\u00e9raliste \u00e0 la recherche d'actualit\u00e9 \\\"p\u00e9pite\\\" \u00e0 vous partager. Depuis 5 ans, nous avons publi\u00e9 un peu plus de 4000 articles qui s'adressent \u00e0 un public large et vari\u00e9 ayant pour objectif de satisfaire votre curiosit\u00e9 et de partager avec vous une certaine fascination pour le m\u00e9tal jaune, le rachat d'or, et pour ceux qui veulent investir dans l'or, vendre leur or tout simplement en savoir plus... Pour tous vos achat or et argent, n'h\u00e9sitez pas \u00e0 prendre rendez-vous dans l'un de nos nombreux comptoirs.\",\"sameAs\":[\"https:\\\/\\\/www.gold.fr\"]}]}<\/script>\n<!-- \/ Yoast SEO plugin. -->","yoast_head_json":{"title":"L\u2019or collo\u00efdal - Gold.fr","description":"Toutes les derni\u00e8res informations sur l'or collo\u00efdal par le Comptoir National de l'Or. Suivez aussi le cours de l'or, lingot or, pi\u00e8ce d'or en temps r\u00e9elle Gold.fr.","robots":{"index":"index","follow":"follow","max-snippet":"max-snippet:-1","max-image-preview":"max-image-preview:large","max-video-preview":"max-video-preview:-1"},"canonical":"https:\/\/www.gold.fr\/news\/2013\/09\/20\/lor-colloidal\/","og_locale":"fr_FR","og_type":"article","og_title":"L\u2019or collo\u00efdal - Gold.fr","og_description":"Toutes les derni\u00e8res informations sur l'or collo\u00efdal par le Comptoir National de l'Or. Suivez aussi le cours de l'or, lingot or, pi\u00e8ce d'or en temps r\u00e9elle Gold.fr.","og_url":"https:\/\/www.gold.fr\/news\/2013\/09\/20\/lor-colloidal\/","og_site_name":"Gold.fr","article_publisher":"https:\/\/www.facebook.com\/Goldfr\/","article_published_time":"2013-09-20T15:00:01+00:00","article_modified_time":"2019-06-14T11:00:58+00:00","og_image":[{"width":600,"height":400,"url":"https:\/\/www.gold.fr\/news\/wp-content\/uploads\/2012\/02\/Nanotechnologie.jpg","type":"image\/jpeg"}],"author":"Comptoir National de l'Or","twitter_card":"summary_large_image","twitter_misc":{"\u00c9crit par":"Comptoir National de l'Or","Dur\u00e9e de lecture estim\u00e9e":"1 minute"},"schema":{"@context":"https:\/\/schema.org","@graph":[{"@type":"Article","@id":"https:\/\/www.gold.fr\/news\/2013\/09\/20\/lor-colloidal\/#article","isPartOf":{"@id":"https:\/\/www.gold.fr\/news\/2013\/09\/20\/lor-colloidal\/"},"author":{"name":"Comptoir National de l'Or","@id":"https:\/\/www.gold.fr\/news\/#\/schema\/person\/070491b4b4fb7671bf59b3be20302ce9"},"headline":"L\u2019or collo\u00efdal","datePublished":"2013-09-20T15:00:01+00:00","dateModified":"2019-06-14T11:00:58+00:00","mainEntityOfPage":{"@id":"https:\/\/www.gold.fr\/news\/2013\/09\/20\/lor-colloidal\/"},"wordCount":291,"commentCount":0,"image":{"@id":"https:\/\/www.gold.fr\/news\/2013\/09\/20\/lor-colloidal\/#primaryimage"},"thumbnailUrl":"https:\/\/www.gold.fr\/news\/wp-content\/uploads\/2012\/02\/Nanotechnologie.jpg","keywords":["chimistes allemands","histoire or","les romains","m\u00e9decine","or collo\u00efdal","soins"],"articleSection":["Articles de presse"],"inLanguage":"fr-FR"},{"@type":"WebPage","@id":"https:\/\/www.gold.fr\/news\/2013\/09\/20\/lor-colloidal\/","url":"https:\/\/www.gold.fr\/news\/2013\/09\/20\/lor-colloidal\/","name":"L\u2019or collo\u00efdal - Gold.fr","isPartOf":{"@id":"https:\/\/www.gold.fr\/news\/#website"},"primaryImageOfPage":{"@id":"https:\/\/www.gold.fr\/news\/2013\/09\/20\/lor-colloidal\/#primaryimage"},"image":{"@id":"https:\/\/www.gold.fr\/news\/2013\/09\/20\/lor-colloidal\/#primaryimage"},"thumbnailUrl":"https:\/\/www.gold.fr\/news\/wp-content\/uploads\/2012\/02\/Nanotechnologie.jpg","datePublished":"2013-09-20T15:00:01+00:00","dateModified":"2019-06-14T11:00:58+00:00","author":{"@id":"https:\/\/www.gold.fr\/news\/#\/schema\/person\/070491b4b4fb7671bf59b3be20302ce9"},"description":"Toutes les derni\u00e8res informations sur l'or collo\u00efdal par le Comptoir National de l'Or. Suivez aussi le cours de l'or, lingot or, pi\u00e8ce d'or en temps r\u00e9elle Gold.fr.","breadcrumb":{"@id":"https:\/\/www.gold.fr\/news\/2013\/09\/20\/lor-colloidal\/#breadcrumb"},"inLanguage":"fr-FR","potentialAction":[{"@type":"ReadAction","target":["https:\/\/www.gold.fr\/news\/2013\/09\/20\/lor-colloidal\/"]}]},{"@type":"ImageObject","inLanguage":"fr-FR","@id":"https:\/\/www.gold.fr\/news\/2013\/09\/20\/lor-colloidal\/#primaryimage","url":"https:\/\/www.gold.fr\/news\/wp-content\/uploads\/2012\/02\/Nanotechnologie.jpg","contentUrl":"https:\/\/www.gold.fr\/news\/wp-content\/uploads\/2012\/02\/Nanotechnologie.jpg","width":"600","height":"400","caption":"Or et nanotechnologie : Un lien \u2018scientifique\u2019 \u00e9vident"},{"@type":"BreadcrumbList","@id":"https:\/\/www.gold.fr\/news\/2013\/09\/20\/lor-colloidal\/#breadcrumb","itemListElement":[{"@type":"ListItem","position":1,"name":"Accueil","item":"https:\/\/www.gold.fr\/"},{"@type":"ListItem","position":2,"name":"Actualit\u00e9s","item":"https:\/\/www.gold.fr\/news\/"},{"@type":"ListItem","position":3,"name":"L\u2019or collo\u00efdal"}]},{"@type":"WebSite","@id":"https:\/\/www.gold.fr\/news\/#website","url":"https:\/\/www.gold.fr\/news\/","name":"Gold.fr","description":"Actualit\u00e9s de l&#039;Or et des m\u00e9taux pr\u00e9cieux","potentialAction":[{"@type":"SearchAction","target":{"@type":"EntryPoint","urlTemplate":"https:\/\/www.gold.fr\/news\/?s={search_term_string}"},"query-input":{"@type":"PropertyValueSpecification","valueRequired":true,"valueName":"search_term_string"}}],"inLanguage":"fr-FR"},{"@type":"Person","@id":"https:\/\/www.gold.fr\/news\/#\/schema\/person\/070491b4b4fb7671bf59b3be20302ce9","name":"Comptoir National de l'Or","image":{"@type":"ImageObject","inLanguage":"fr-FR","@id":"https:\/\/secure.gravatar.com\/avatar\/0a2867fd5abe37bed95d5a65e9d58f01756e11efc68af9888dfc50cfa7f65948?s=96&d=mm&r=gb490554db0a38188709de567aa58480d","url":"https:\/\/secure.gravatar.com\/avatar\/0a2867fd5abe37bed95d5a65e9d58f01756e11efc68af9888dfc50cfa7f65948?s=96&d=mm&r=g","contentUrl":"https:\/\/secure.gravatar.com\/avatar\/0a2867fd5abe37bed95d5a65e9d58f01756e11efc68af9888dfc50cfa7f65948?s=96&d=mm&r=g","caption":"Comptoir National de l'Or"},"description":"Notre r\u00e9daction est constitu\u00e9e de membres experts dans les m\u00e9tiers de l'\u00e9conomie et la gestion, des Responsables d'agence Comptoir National de l'Or, des analystes financiers qui publient r\u00e9guli\u00e8rement des \u00e9tudes sur les politiques des banques centrales, le cours de l'or, prix de l'or, cours de l'argent, prix de l'argent, cours du platine, cours du palladium,... la situation en zone euro et l'impact de la strat\u00e9gie mon\u00e9taire de la FED. Notre \u00e9quipe scrute \u00e9galement une information plus g\u00e9n\u00e9raliste \u00e0 la recherche d'actualit\u00e9 \"p\u00e9pite\" \u00e0 vous partager. Depuis 5 ans, nous avons publi\u00e9 un peu plus de 4000 articles qui s'adressent \u00e0 un public large et vari\u00e9 ayant pour objectif de satisfaire votre curiosit\u00e9 et de partager avec vous une certaine fascination pour le m\u00e9tal jaune, le rachat d'or, et pour ceux qui veulent investir dans l'or, vendre leur or tout simplement en savoir plus... Pour tous vos achat or et argent, n'h\u00e9sitez pas \u00e0 prendre rendez-vous dans l'un de nos nombreux comptoirs.","sameAs":["https:\/\/www.gold.fr"]}]}},"authors":[{"term_id":2565,"user_id":18,"is_guest":0,"slug":"julie","display_name":"Comptoir National de l'Or","avatar_url":"https:\/\/secure.gravatar.com\/avatar\/713f289e398d35ead876c4a4cc08607f0d6d266058cfc25683fffb6092d0e572?s=96&d=mm&r=g","0":null,"1":"","2":"","3":"","4":"","5":"","6":"","7":"","8":""}],"_links":{"self":[{"href":"https:\/\/www.gold.fr\/news\/wp-json\/wp\/v2\/posts\/12868","targetHints":{"allow":["GET"]}}],"collection":[{"href":"https:\/\/www.gold.fr\/news\/wp-json\/wp\/v2\/posts"}],"about":[{"href":"https:\/\/www.gold.fr\/news\/wp-json\/wp\/v2\/types\/post"}],"author":[{"embeddable":true,"href":"https:\/\/www.gold.fr\/news\/wp-json\/wp\/v2\/users\/18"}],"replies":[{"embeddable":true,"href":"https:\/\/www.gold.fr\/news\/wp-json\/wp\/v2\/comments?post=12868"}],"version-history":[{"count":0,"href":"https:\/\/www.gold.fr\/news\/wp-json\/wp\/v2\/posts\/12868\/revisions"}],"wp:featuredmedia":[{"embeddable":true,"href":"https:\/\/www.gold.fr\/news\/wp-json\/wp\/v2\/media\/5466"}],"wp:attachment":[{"href":"https:\/\/www.gold.fr\/news\/wp-json\/wp\/v2\/media?parent=12868"}],"wp:term":[{"taxonomy":"category","embeddable":true,"href":"https:\/\/www.gold.fr\/news\/wp-json\/wp\/v2\/categories?post=12868"},{"taxonomy":"post_tag","embeddable":true,"href":"https:\/\/www.gold.fr\/news\/wp-json\/wp\/v2\/tags?post=12868"},{"taxonomy":"author","embeddable":true,"href":"https:\/\/www.gold.fr\/news\/wp-json\/wp\/v2\/ppma_author?post=12868"}],"curies":[{"name":"wp","href":"https:\/\/api.w.org\/{rel}","templated":true}]}}