{"id":12856,"date":"2013-09-19T09:00:09","date_gmt":"2013-09-19T07:00:09","guid":{"rendered":"https:\/\/www.gold.fr\/news\/?p=12856"},"modified":"2017-10-26T18:59:30","modified_gmt":"2017-10-26T16:59:30","slug":"prises-de-cap-fed-levolution-sine-qua-non","status":"publish","type":"post","link":"https:\/\/www.gold.fr\/news\/2013\/09\/19\/prises-de-cap-fed-levolution-sine-qua-non\/","title":{"rendered":"Prises de cap FED \u2013 L\u2019\u00e9volution sine qua non"},"content":{"rendered":"<p><span style=\"font-size: small;\"><img loading=\"lazy\" decoding=\"async\" class=\"alignleft size-thumbnail wp-image-2404\" title=\"Prises de cap FED \u2013 L\u2019\u00e9volution sine qua non\" src=\"https:\/\/www.gold.fr\/news\/wp-content\/uploads\/2011\/09\/harga-emas1-150x150.jpg\" alt=\"\" width=\"150\" height=\"150\" \/>Certes, chaque r\u00e9union de prise de cap mensuelle, tenue par les membres du comit\u00e9 de direction de la <strong>FED<\/strong>, est inlassablement entour\u00e9e d\u2019une attention excessive de la part des diff\u00e9rents march\u00e9s d\u2019investissement et bourses internationales. Pourtant, la r\u00e9union de politique mon\u00e9taire de la r\u00e9serve f\u00e9d\u00e9rale am\u00e9ricaine des derniers jours, rev\u00eat une importance particuli\u00e8rement capitale et d\u00e9cisive.<\/span>    <span style=\"font-size: small;\"> Rappelez-vous\u00a0; <a title=\"La division FED : Une m\u00e9fiance justifi\u00e9e\" href=\"https:\/\/www.gold.fr\/news\/2013\/08\/26\/la-division-fed-une-mefiance-justifiee\/12656\/\" target=\"_blank\">au terme de la r\u00e9union mensuelle du mois dernier<\/a>, les membres du comit\u00e9 directoire de l\u2019institution avaient publi\u00e9 un communiqu\u00e9 r\u00e9v\u00e9lant deux tendances majeures.<\/span>    <span style=\"font-size: small;\"> D\u2019abord, leur division quant \u00e0 la n\u00e9cessit\u00e9 et les d\u00e9lais d\u2019un plan de r\u00e9duction des injections mon\u00e9taires mensuelles diffus\u00e9es dans l\u2019\u00e9conomie nationale. Pourtant, une deuxi\u00e8me tendance montrait leur accord \u2013et leur inqui\u00e9tude- quant \u00e0 une \u00e9volution \u00e9conomique US qu\u2019ils jugeaient, \u00e0 l\u2019unanimit\u00e9, \u00ab\u00a0<em>modeste\u00a0<\/em>\u00bb et une croissance qualifi\u00e9e de trop \u00ab\u00a0<em>mod\u00e9r\u00e9e\u00a0<\/em>\u00bb.<\/span>    <span style=\"font-size: small;\"> Le communiqu\u00e9 concluait donc en statuant que les \u00e9ventuelles modifications futures de la politique de la <strong>FED<\/strong> d\u00e9pendraient enti\u00e8rement de la rapidit\u00e9 et la constance de l\u2019\u00e9volution \u00e9conomique am\u00e9ricaine.<\/span>    <span style=\"font-size: small;\"> Si l\u2019on remonte un peu plus loin, on constate que la <strong>FED<\/strong> avait initialement des objectifs beaucoup plus stricts et pr\u00e9cis\u00a0; en juin dernier, une annonce officielle de l\u2019institution laissait entendre qu&rsquo;elle pourrait mettre un terme \u00e0 ses fameuses accommodations mon\u00e9taires avant la <strong>mi-2014<\/strong>, pour peu que le taux de ch\u00f4mage baisse \u00e0 pr\u00e8s de<strong> 7 %<\/strong>.<\/span>    <span style=\"font-size: small;\"> Cet objectif semble d\u00e9sormais oubli\u00e9, certainement jug\u00e9 trop ambitieux, au vu des r\u00e9cents d\u00e9veloppements et rapports \u00e9conomiques peu reluisants de la plan\u00e8te US.<\/span><\/p>\n<!-- AddThis Advanced Settings generic via filter on the_content --><!-- AddThis Share Buttons generic via filter on the_content -->","protected":false},"excerpt":{"rendered":"<p>Certes, chaque r\u00e9union de prise de cap mensuelle, tenue par les membres du comit\u00e9 de direction de la FED, est inlassablement entour\u00e9e d\u2019une attention excessive de la part des diff\u00e9rents march\u00e9s d\u2019investissement et bourses internationales. Pourtant, [&hellip;]<\/p>\n","protected":false},"author":18,"featured_media":2404,"comment_status":"open","ping_status":"open","sticky":false,"template":"","format":"standard","meta":{"_mbp_gutenberg_autopost":false,"_pgmb_is_evergreen":false,"_pgmb_ap_template_id":0,"footnotes":""},"categories":[6],"tags":[1534,1100,1167,1429],"ppma_author":[2565],"class_list":["post-12856","post","type-post","status-publish","format-standard","has-post-thumbnail","hentry","category-articles-de-presse","tag-cap-fed","tag-economie-us","tag-evolution-or","tag-politique-fed"],"yoast_head":"<!-- This site is optimized with the Yoast SEO plugin v27.5 - https:\/\/yoast.com\/product\/yoast-seo-wordpress\/ -->\n<title>Prises de cap FED \u2013 L\u2019\u00e9volution sine qua non - Gold.fr<\/title>\n<meta name=\"robots\" content=\"index, follow, max-snippet:-1, max-image-preview:large, max-video-preview:-1\" \/>\n<link rel=\"canonical\" href=\"https:\/\/www.gold.fr\/news\/2013\/09\/19\/prises-de-cap-fed-levolution-sine-qua-non\/\" \/>\n<meta property=\"og:locale\" content=\"fr_FR\" \/>\n<meta property=\"og:type\" content=\"article\" \/>\n<meta property=\"og:title\" content=\"Prises de cap FED \u2013 L\u2019\u00e9volution sine qua non - Gold.fr\" \/>\n<meta property=\"og:description\" content=\"Certes, chaque r\u00e9union de prise de cap mensuelle, tenue par les membres du comit\u00e9 de direction de la FED, est inlassablement entour\u00e9e d\u2019une attention excessive de la part des diff\u00e9rents march\u00e9s d\u2019investissement et bourses internationales. Pourtant, [&hellip;]\" \/>\n<meta property=\"og:url\" content=\"https:\/\/www.gold.fr\/news\/2013\/09\/19\/prises-de-cap-fed-levolution-sine-qua-non\/\" \/>\n<meta property=\"og:site_name\" content=\"Gold.fr\" \/>\n<meta property=\"article:publisher\" content=\"https:\/\/www.facebook.com\/Goldfr\/\" \/>\n<meta property=\"article:published_time\" content=\"2013-09-19T07:00:09+00:00\" \/>\n<meta property=\"article:modified_time\" content=\"2017-10-26T16:59:30+00:00\" \/>\n<meta property=\"og:image\" content=\"https:\/\/www.gold.fr\/news\/wp-content\/uploads\/2011\/09\/harga-emas1.jpg\" \/>\n\t<meta property=\"og:image:width\" content=\"636\" \/>\n\t<meta property=\"og:image:height\" content=\"477\" \/>\n\t<meta property=\"og:image:type\" content=\"image\/jpeg\" \/>\n<meta name=\"author\" content=\"Comptoir National de l&#039;Or\" \/>\n<meta name=\"twitter:card\" content=\"summary_large_image\" \/>\n<meta name=\"twitter:label1\" content=\"\u00c9crit par\" \/>\n\t<meta name=\"twitter:data1\" content=\"Comptoir National de l&#039;Or\" \/>\n\t<meta name=\"twitter:label2\" content=\"Dur\u00e9e de lecture estim\u00e9e\" \/>\n\t<meta name=\"twitter:data2\" content=\"1 minute\" \/>\n<script type=\"application\/ld+json\" class=\"yoast-schema-graph\">{\"@context\":\"https:\\\/\\\/schema.org\",\"@graph\":[{\"@type\":\"Article\",\"@id\":\"https:\\\/\\\/www.gold.fr\\\/news\\\/2013\\\/09\\\/19\\\/prises-de-cap-fed-levolution-sine-qua-non\\\/#article\",\"isPartOf\":{\"@id\":\"https:\\\/\\\/www.gold.fr\\\/news\\\/2013\\\/09\\\/19\\\/prises-de-cap-fed-levolution-sine-qua-non\\\/\"},\"author\":{\"name\":\"Comptoir National de l'Or\",\"@id\":\"https:\\\/\\\/www.gold.fr\\\/news\\\/#\\\/schema\\\/person\\\/070491b4b4fb7671bf59b3be20302ce9\"},\"headline\":\"Prises de cap FED \u2013 L\u2019\u00e9volution sine qua non\",\"datePublished\":\"2013-09-19T07:00:09+00:00\",\"dateModified\":\"2017-10-26T16:59:30+00:00\",\"mainEntityOfPage\":{\"@id\":\"https:\\\/\\\/www.gold.fr\\\/news\\\/2013\\\/09\\\/19\\\/prises-de-cap-fed-levolution-sine-qua-non\\\/\"},\"wordCount\":291,\"commentCount\":0,\"image\":{\"@id\":\"https:\\\/\\\/www.gold.fr\\\/news\\\/2013\\\/09\\\/19\\\/prises-de-cap-fed-levolution-sine-qua-non\\\/#primaryimage\"},\"thumbnailUrl\":\"https:\\\/\\\/www.gold.fr\\\/news\\\/wp-content\\\/uploads\\\/2011\\\/09\\\/harga-emas1.jpg\",\"keywords\":[\"Cap FED\",\"\u00e9conomie US\",\"evolution or\",\"politique FED\"],\"articleSection\":[\"Articles de presse\"],\"inLanguage\":\"fr-FR\"},{\"@type\":\"WebPage\",\"@id\":\"https:\\\/\\\/www.gold.fr\\\/news\\\/2013\\\/09\\\/19\\\/prises-de-cap-fed-levolution-sine-qua-non\\\/\",\"url\":\"https:\\\/\\\/www.gold.fr\\\/news\\\/2013\\\/09\\\/19\\\/prises-de-cap-fed-levolution-sine-qua-non\\\/\",\"name\":\"Prises de cap FED \u2013 L\u2019\u00e9volution sine qua non - Gold.fr\",\"isPartOf\":{\"@id\":\"https:\\\/\\\/www.gold.fr\\\/news\\\/#website\"},\"primaryImageOfPage\":{\"@id\":\"https:\\\/\\\/www.gold.fr\\\/news\\\/2013\\\/09\\\/19\\\/prises-de-cap-fed-levolution-sine-qua-non\\\/#primaryimage\"},\"image\":{\"@id\":\"https:\\\/\\\/www.gold.fr\\\/news\\\/2013\\\/09\\\/19\\\/prises-de-cap-fed-levolution-sine-qua-non\\\/#primaryimage\"},\"thumbnailUrl\":\"https:\\\/\\\/www.gold.fr\\\/news\\\/wp-content\\\/uploads\\\/2011\\\/09\\\/harga-emas1.jpg\",\"datePublished\":\"2013-09-19T07:00:09+00:00\",\"dateModified\":\"2017-10-26T16:59:30+00:00\",\"author\":{\"@id\":\"https:\\\/\\\/www.gold.fr\\\/news\\\/#\\\/schema\\\/person\\\/070491b4b4fb7671bf59b3be20302ce9\"},\"breadcrumb\":{\"@id\":\"https:\\\/\\\/www.gold.fr\\\/news\\\/2013\\\/09\\\/19\\\/prises-de-cap-fed-levolution-sine-qua-non\\\/#breadcrumb\"},\"inLanguage\":\"fr-FR\",\"potentialAction\":[{\"@type\":\"ReadAction\",\"target\":[\"https:\\\/\\\/www.gold.fr\\\/news\\\/2013\\\/09\\\/19\\\/prises-de-cap-fed-levolution-sine-qua-non\\\/\"]}]},{\"@type\":\"ImageObject\",\"inLanguage\":\"fr-FR\",\"@id\":\"https:\\\/\\\/www.gold.fr\\\/news\\\/2013\\\/09\\\/19\\\/prises-de-cap-fed-levolution-sine-qua-non\\\/#primaryimage\",\"url\":\"https:\\\/\\\/www.gold.fr\\\/news\\\/wp-content\\\/uploads\\\/2011\\\/09\\\/harga-emas1.jpg\",\"contentUrl\":\"https:\\\/\\\/www.gold.fr\\\/news\\\/wp-content\\\/uploads\\\/2011\\\/09\\\/harga-emas1.jpg\",\"width\":\"636\",\"height\":\"477\",\"caption\":\"L\u2019once en hausse en d\u00e9pit de l\u2019instabilit\u00e9 politique\"},{\"@type\":\"BreadcrumbList\",\"@id\":\"https:\\\/\\\/www.gold.fr\\\/news\\\/2013\\\/09\\\/19\\\/prises-de-cap-fed-levolution-sine-qua-non\\\/#breadcrumb\",\"itemListElement\":[{\"@type\":\"ListItem\",\"position\":1,\"name\":\"Accueil\",\"item\":\"https:\\\/\\\/www.gold.fr\\\/\"},{\"@type\":\"ListItem\",\"position\":2,\"name\":\"Actualit\u00e9s\",\"item\":\"https:\\\/\\\/www.gold.fr\\\/news\\\/\"},{\"@type\":\"ListItem\",\"position\":3,\"name\":\"Prises de cap FED \u2013 L\u2019\u00e9volution sine qua non\"}]},{\"@type\":\"WebSite\",\"@id\":\"https:\\\/\\\/www.gold.fr\\\/news\\\/#website\",\"url\":\"https:\\\/\\\/www.gold.fr\\\/news\\\/\",\"name\":\"Gold.fr\",\"description\":\"Actualit\u00e9s de l&#039;Or et des m\u00e9taux pr\u00e9cieux\",\"potentialAction\":[{\"@type\":\"SearchAction\",\"target\":{\"@type\":\"EntryPoint\",\"urlTemplate\":\"https:\\\/\\\/www.gold.fr\\\/news\\\/?s={search_term_string}\"},\"query-input\":{\"@type\":\"PropertyValueSpecification\",\"valueRequired\":true,\"valueName\":\"search_term_string\"}}],\"inLanguage\":\"fr-FR\"},{\"@type\":\"Person\",\"@id\":\"https:\\\/\\\/www.gold.fr\\\/news\\\/#\\\/schema\\\/person\\\/070491b4b4fb7671bf59b3be20302ce9\",\"name\":\"Comptoir National de l'Or\",\"image\":{\"@type\":\"ImageObject\",\"inLanguage\":\"fr-FR\",\"@id\":\"https:\\\/\\\/secure.gravatar.com\\\/avatar\\\/0a2867fd5abe37bed95d5a65e9d58f01756e11efc68af9888dfc50cfa7f65948?s=96&d=mm&r=gb490554db0a38188709de567aa58480d\",\"url\":\"https:\\\/\\\/secure.gravatar.com\\\/avatar\\\/0a2867fd5abe37bed95d5a65e9d58f01756e11efc68af9888dfc50cfa7f65948?s=96&d=mm&r=g\",\"contentUrl\":\"https:\\\/\\\/secure.gravatar.com\\\/avatar\\\/0a2867fd5abe37bed95d5a65e9d58f01756e11efc68af9888dfc50cfa7f65948?s=96&d=mm&r=g\",\"caption\":\"Comptoir National de l'Or\"},\"description\":\"Notre r\u00e9daction est constitu\u00e9e de membres experts dans les m\u00e9tiers de l'\u00e9conomie et la gestion, des Responsables d'agence Comptoir National de l'Or, des analystes financiers qui publient r\u00e9guli\u00e8rement des \u00e9tudes sur les politiques des banques centrales, le cours de l'or, prix de l'or, cours de l'argent, prix de l'argent, cours du platine, cours du palladium,... la situation en zone euro et l'impact de la strat\u00e9gie mon\u00e9taire de la FED. Notre \u00e9quipe scrute \u00e9galement une information plus g\u00e9n\u00e9raliste \u00e0 la recherche d'actualit\u00e9 \\\"p\u00e9pite\\\" \u00e0 vous partager. Depuis 5 ans, nous avons publi\u00e9 un peu plus de 4000 articles qui s'adressent \u00e0 un public large et vari\u00e9 ayant pour objectif de satisfaire votre curiosit\u00e9 et de partager avec vous une certaine fascination pour le m\u00e9tal jaune, le rachat d'or, et pour ceux qui veulent investir dans l'or, vendre leur or tout simplement en savoir plus... Pour tous vos achat or et argent, n'h\u00e9sitez pas \u00e0 prendre rendez-vous dans l'un de nos nombreux comptoirs.\",\"sameAs\":[\"https:\\\/\\\/www.gold.fr\"]}]}<\/script>\n<!-- \/ Yoast SEO plugin. -->","yoast_head_json":{"title":"Prises de cap FED \u2013 L\u2019\u00e9volution sine qua non - Gold.fr","robots":{"index":"index","follow":"follow","max-snippet":"max-snippet:-1","max-image-preview":"max-image-preview:large","max-video-preview":"max-video-preview:-1"},"canonical":"https:\/\/www.gold.fr\/news\/2013\/09\/19\/prises-de-cap-fed-levolution-sine-qua-non\/","og_locale":"fr_FR","og_type":"article","og_title":"Prises de cap FED \u2013 L\u2019\u00e9volution sine qua non - Gold.fr","og_description":"Certes, chaque r\u00e9union de prise de cap mensuelle, tenue par les membres du comit\u00e9 de direction de la FED, est inlassablement entour\u00e9e d\u2019une attention excessive de la part des diff\u00e9rents march\u00e9s d\u2019investissement et bourses internationales. Pourtant, [&hellip;]","og_url":"https:\/\/www.gold.fr\/news\/2013\/09\/19\/prises-de-cap-fed-levolution-sine-qua-non\/","og_site_name":"Gold.fr","article_publisher":"https:\/\/www.facebook.com\/Goldfr\/","article_published_time":"2013-09-19T07:00:09+00:00","article_modified_time":"2017-10-26T16:59:30+00:00","og_image":[{"width":636,"height":477,"url":"https:\/\/www.gold.fr\/news\/wp-content\/uploads\/2011\/09\/harga-emas1.jpg","type":"image\/jpeg"}],"author":"Comptoir National de l'Or","twitter_card":"summary_large_image","twitter_misc":{"\u00c9crit par":"Comptoir National de l'Or","Dur\u00e9e de lecture estim\u00e9e":"1 minute"},"schema":{"@context":"https:\/\/schema.org","@graph":[{"@type":"Article","@id":"https:\/\/www.gold.fr\/news\/2013\/09\/19\/prises-de-cap-fed-levolution-sine-qua-non\/#article","isPartOf":{"@id":"https:\/\/www.gold.fr\/news\/2013\/09\/19\/prises-de-cap-fed-levolution-sine-qua-non\/"},"author":{"name":"Comptoir National de l'Or","@id":"https:\/\/www.gold.fr\/news\/#\/schema\/person\/070491b4b4fb7671bf59b3be20302ce9"},"headline":"Prises de cap FED \u2013 L\u2019\u00e9volution sine qua non","datePublished":"2013-09-19T07:00:09+00:00","dateModified":"2017-10-26T16:59:30+00:00","mainEntityOfPage":{"@id":"https:\/\/www.gold.fr\/news\/2013\/09\/19\/prises-de-cap-fed-levolution-sine-qua-non\/"},"wordCount":291,"commentCount":0,"image":{"@id":"https:\/\/www.gold.fr\/news\/2013\/09\/19\/prises-de-cap-fed-levolution-sine-qua-non\/#primaryimage"},"thumbnailUrl":"https:\/\/www.gold.fr\/news\/wp-content\/uploads\/2011\/09\/harga-emas1.jpg","keywords":["Cap FED","\u00e9conomie US","evolution or","politique FED"],"articleSection":["Articles de presse"],"inLanguage":"fr-FR"},{"@type":"WebPage","@id":"https:\/\/www.gold.fr\/news\/2013\/09\/19\/prises-de-cap-fed-levolution-sine-qua-non\/","url":"https:\/\/www.gold.fr\/news\/2013\/09\/19\/prises-de-cap-fed-levolution-sine-qua-non\/","name":"Prises de cap FED \u2013 L\u2019\u00e9volution sine qua non - Gold.fr","isPartOf":{"@id":"https:\/\/www.gold.fr\/news\/#website"},"primaryImageOfPage":{"@id":"https:\/\/www.gold.fr\/news\/2013\/09\/19\/prises-de-cap-fed-levolution-sine-qua-non\/#primaryimage"},"image":{"@id":"https:\/\/www.gold.fr\/news\/2013\/09\/19\/prises-de-cap-fed-levolution-sine-qua-non\/#primaryimage"},"thumbnailUrl":"https:\/\/www.gold.fr\/news\/wp-content\/uploads\/2011\/09\/harga-emas1.jpg","datePublished":"2013-09-19T07:00:09+00:00","dateModified":"2017-10-26T16:59:30+00:00","author":{"@id":"https:\/\/www.gold.fr\/news\/#\/schema\/person\/070491b4b4fb7671bf59b3be20302ce9"},"breadcrumb":{"@id":"https:\/\/www.gold.fr\/news\/2013\/09\/19\/prises-de-cap-fed-levolution-sine-qua-non\/#breadcrumb"},"inLanguage":"fr-FR","potentialAction":[{"@type":"ReadAction","target":["https:\/\/www.gold.fr\/news\/2013\/09\/19\/prises-de-cap-fed-levolution-sine-qua-non\/"]}]},{"@type":"ImageObject","inLanguage":"fr-FR","@id":"https:\/\/www.gold.fr\/news\/2013\/09\/19\/prises-de-cap-fed-levolution-sine-qua-non\/#primaryimage","url":"https:\/\/www.gold.fr\/news\/wp-content\/uploads\/2011\/09\/harga-emas1.jpg","contentUrl":"https:\/\/www.gold.fr\/news\/wp-content\/uploads\/2011\/09\/harga-emas1.jpg","width":"636","height":"477","caption":"L\u2019once en hausse en d\u00e9pit de l\u2019instabilit\u00e9 politique"},{"@type":"BreadcrumbList","@id":"https:\/\/www.gold.fr\/news\/2013\/09\/19\/prises-de-cap-fed-levolution-sine-qua-non\/#breadcrumb","itemListElement":[{"@type":"ListItem","position":1,"name":"Accueil","item":"https:\/\/www.gold.fr\/"},{"@type":"ListItem","position":2,"name":"Actualit\u00e9s","item":"https:\/\/www.gold.fr\/news\/"},{"@type":"ListItem","position":3,"name":"Prises de cap FED \u2013 L\u2019\u00e9volution sine qua non"}]},{"@type":"WebSite","@id":"https:\/\/www.gold.fr\/news\/#website","url":"https:\/\/www.gold.fr\/news\/","name":"Gold.fr","description":"Actualit\u00e9s de l&#039;Or et des m\u00e9taux pr\u00e9cieux","potentialAction":[{"@type":"SearchAction","target":{"@type":"EntryPoint","urlTemplate":"https:\/\/www.gold.fr\/news\/?s={search_term_string}"},"query-input":{"@type":"PropertyValueSpecification","valueRequired":true,"valueName":"search_term_string"}}],"inLanguage":"fr-FR"},{"@type":"Person","@id":"https:\/\/www.gold.fr\/news\/#\/schema\/person\/070491b4b4fb7671bf59b3be20302ce9","name":"Comptoir National de l'Or","image":{"@type":"ImageObject","inLanguage":"fr-FR","@id":"https:\/\/secure.gravatar.com\/avatar\/0a2867fd5abe37bed95d5a65e9d58f01756e11efc68af9888dfc50cfa7f65948?s=96&d=mm&r=gb490554db0a38188709de567aa58480d","url":"https:\/\/secure.gravatar.com\/avatar\/0a2867fd5abe37bed95d5a65e9d58f01756e11efc68af9888dfc50cfa7f65948?s=96&d=mm&r=g","contentUrl":"https:\/\/secure.gravatar.com\/avatar\/0a2867fd5abe37bed95d5a65e9d58f01756e11efc68af9888dfc50cfa7f65948?s=96&d=mm&r=g","caption":"Comptoir National de l'Or"},"description":"Notre r\u00e9daction est constitu\u00e9e de membres experts dans les m\u00e9tiers de l'\u00e9conomie et la gestion, des Responsables d'agence Comptoir National de l'Or, des analystes financiers qui publient r\u00e9guli\u00e8rement des \u00e9tudes sur les politiques des banques centrales, le cours de l'or, prix de l'or, cours de l'argent, prix de l'argent, cours du platine, cours du palladium,... la situation en zone euro et l'impact de la strat\u00e9gie mon\u00e9taire de la FED. Notre \u00e9quipe scrute \u00e9galement une information plus g\u00e9n\u00e9raliste \u00e0 la recherche d'actualit\u00e9 \"p\u00e9pite\" \u00e0 vous partager. Depuis 5 ans, nous avons publi\u00e9 un peu plus de 4000 articles qui s'adressent \u00e0 un public large et vari\u00e9 ayant pour objectif de satisfaire votre curiosit\u00e9 et de partager avec vous une certaine fascination pour le m\u00e9tal jaune, le rachat d'or, et pour ceux qui veulent investir dans l'or, vendre leur or tout simplement en savoir plus... Pour tous vos achat or et argent, n'h\u00e9sitez pas \u00e0 prendre rendez-vous dans l'un de nos nombreux comptoirs.","sameAs":["https:\/\/www.gold.fr"]}]}},"authors":[{"term_id":2565,"user_id":18,"is_guest":0,"slug":"julie","display_name":"Comptoir National de l'Or","avatar_url":"https:\/\/secure.gravatar.com\/avatar\/713f289e398d35ead876c4a4cc08607f0d6d266058cfc25683fffb6092d0e572?s=96&d=mm&r=g","0":null,"1":"","2":"","3":"","4":"","5":"","6":"","7":"","8":""}],"_links":{"self":[{"href":"https:\/\/www.gold.fr\/news\/wp-json\/wp\/v2\/posts\/12856","targetHints":{"allow":["GET"]}}],"collection":[{"href":"https:\/\/www.gold.fr\/news\/wp-json\/wp\/v2\/posts"}],"about":[{"href":"https:\/\/www.gold.fr\/news\/wp-json\/wp\/v2\/types\/post"}],"author":[{"embeddable":true,"href":"https:\/\/www.gold.fr\/news\/wp-json\/wp\/v2\/users\/18"}],"replies":[{"embeddable":true,"href":"https:\/\/www.gold.fr\/news\/wp-json\/wp\/v2\/comments?post=12856"}],"version-history":[{"count":0,"href":"https:\/\/www.gold.fr\/news\/wp-json\/wp\/v2\/posts\/12856\/revisions"}],"wp:featuredmedia":[{"embeddable":true,"href":"https:\/\/www.gold.fr\/news\/wp-json\/wp\/v2\/media\/2404"}],"wp:attachment":[{"href":"https:\/\/www.gold.fr\/news\/wp-json\/wp\/v2\/media?parent=12856"}],"wp:term":[{"taxonomy":"category","embeddable":true,"href":"https:\/\/www.gold.fr\/news\/wp-json\/wp\/v2\/categories?post=12856"},{"taxonomy":"post_tag","embeddable":true,"href":"https:\/\/www.gold.fr\/news\/wp-json\/wp\/v2\/tags?post=12856"},{"taxonomy":"author","embeddable":true,"href":"https:\/\/www.gold.fr\/news\/wp-json\/wp\/v2\/ppma_author?post=12856"}],"curies":[{"name":"wp","href":"https:\/\/api.w.org\/{rel}","templated":true}]}}