{"id":12788,"date":"2013-09-11T17:00:31","date_gmt":"2013-09-11T15:00:31","guid":{"rendered":"https:\/\/www.gold.fr\/news\/?p=12788"},"modified":"2019-08-16T14:42:04","modified_gmt":"2019-08-16T12:42:04","slug":"discours-obama-le-calme-apres-la-tempete","status":"publish","type":"post","link":"https:\/\/www.gold.fr\/news\/2013\/09\/11\/discours-obama-le-calme-apres-la-tempete\/","title":{"rendered":"Discours Obama &#8211; Le calme apr\u00e8s la temp\u00eate ?"},"content":{"rendered":"<p><span style=\"font-size: small;\"><img loading=\"lazy\" decoding=\"async\" class=\"alignleft size-thumbnail wp-image-10402\" title=\"Discours Obama - Le calme apr\u00e8s la temp\u00eate ? \" src=\"https:\/\/www.gold.fr\/news\/wp-content\/uploads\/2013\/01\/drapeau-usa-150x150.jpg\" alt=\"\" width=\"150\" height=\"150\" \/>Pas vraiment. Certes, dans son discours, le pr\u00e9sident <strong>Obama<\/strong> ne cache pas sa d\u00e9ception de voir le congr\u00e8s et le public am\u00e9ricain h\u00e9siter \u00e0 lui accorder leur aval, mais il maintient fermement sa r\u00e9solution \u2013et celle de son administration- \u00e0 punir le gouvernement <strong>Bashar Al Assad<\/strong>.<\/span> <span style=\"font-size: small;\"> Durant une quinzaine de minutes, le chef de la premi\u00e8re puissance mondiale a plaid\u00e9 la cause, tant humanitaire que pragmatique, d&rsquo;une offensive qu&rsquo;il se dit \u00ab <em>d\u00e9termin\u00e9 <\/em>\u00bb \u00e0 mener. En raison d&rsquo;une opposition farouche (parlementaire et publique) qui demeure r\u00e9ticente \u00e0 lui accorder un soutien qu&rsquo;il juge indispensable, le pr\u00e9sident am\u00e9ricain conc\u00e8de enfin \u00e0 \u00ab <em>consid\u00e9rer et \u00e9tudier<\/em> \u00bb le plan diplomatique russe qui implique la mise sous contr\u00f4le international de l&rsquo;UN des armes chimiques syriennes. <strong>M. Obama<\/strong> n&rsquo;a cependant pas cach\u00e9 son profond scepticisme quant \u00e0 la sinc\u00e9rit\u00e9, la faisabilit\u00e9 et le maintien (\u00e0 moyen et long terme) d&rsquo;une telle proposition. Le chef d&rsquo;\u00e9tat a donc annonc\u00e9 qu&rsquo;il accorderait du temps \u00e0 son administration pour \u00e9tudier les rapports des inspecteurs UN, laissant ainsi \u00e9galement l&rsquo;occasion au congr\u00e8s de consid\u00e9rer la n\u00e9cessit\u00e9 des attaques militaires qu&rsquo;il promet de planifier avec \u00ab <em>no boots on ground<\/em> \u00bb (pas de soldats sur terrain. Uniquement des frappes a\u00e9riennes cibl\u00e9es).<\/span> <span style=\"font-size: small;\"> Ce discours annonce donc une tr\u00eave que le pr\u00e9sident <strong>Obama<\/strong> ne manquera pas d&rsquo;\u00e9courter, le cas \u00e9ch\u00e9ant.<\/span> <span style=\"font-size: small;\"> Sur fond de ce nouvel \u00e9pisode mouvement\u00e9 de <a title=\"US et Syrie : Un G20 partag\u00e9\" href=\"https:\/\/www.gold.fr\/news\/2013\/09\/11\/us-et-syrie-un-g20-partage\/12783\/\" target=\"_blank\" rel=\"noopener noreferrer\">la saga US-Syrie<\/a>, l&rsquo;<a class=\"esk-seo-plu-link\" href=\"https:\/\/www.gold.fr\/news\/tags\/or\">or<\/a> continue \u00e0 afficher un repli qui reste, jusqu&rsquo;ici, assez relatif, en attendant probablement une r\u00e9elle \u00e9volution de la situation.<\/span><\/p>\n<!-- AddThis Advanced Settings generic via filter on the_content --><!-- AddThis Share Buttons generic via filter on the_content -->","protected":false},"excerpt":{"rendered":"<p>Pas vraiment. Certes, dans son discours, le pr\u00e9sident Obama ne cache pas sa d\u00e9ception de voir le congr\u00e8s et le public am\u00e9ricain h\u00e9siter \u00e0 lui accorder leur aval, mais il maintient fermement sa r\u00e9solution \u2013et celle [&hellip;]<\/p>\n","protected":false},"author":18,"featured_media":10402,"comment_status":"open","ping_status":"open","sticky":false,"template":"","format":"standard","meta":{"_mbp_gutenberg_autopost":false,"_pgmb_is_evergreen":false,"_pgmb_ap_template_id":0,"footnotes":""},"categories":[6],"tags":[1523,1524,1522,1500,405],"ppma_author":[2565],"class_list":["post-12788","post","type-post","status-publish","format-standard","has-post-thumbnail","hentry","category-articles-de-presse","tag-al-assad","tag-armes-chimiques-syriennes","tag-discours-obama","tag-syrie","tag-usa"],"yoast_head":"<!-- This site is optimized with the Yoast SEO plugin v27.5 - https:\/\/yoast.com\/product\/yoast-seo-wordpress\/ -->\n<title>Discours Obama - Le calme apr\u00e8s la temp\u00eate ? - Gold.fr<\/title>\n<meta name=\"description\" content=\"Discours Obama - Le calme apr\u00e8s la temp\u00eate ? Pour en savoir plus, rendez-vous sur Gold.fr. Le site d&#039;actualit\u00e9 du Comptoir National de l&#039;Or.\" \/>\n<meta name=\"robots\" content=\"index, follow, max-snippet:-1, max-image-preview:large, max-video-preview:-1\" \/>\n<link rel=\"canonical\" href=\"https:\/\/www.gold.fr\/news\/2013\/09\/11\/discours-obama-le-calme-apres-la-tempete\/\" \/>\n<meta property=\"og:locale\" content=\"fr_FR\" \/>\n<meta property=\"og:type\" content=\"article\" \/>\n<meta property=\"og:title\" content=\"Discours Obama - Le calme apr\u00e8s la temp\u00eate ? - Gold.fr\" \/>\n<meta property=\"og:description\" content=\"Discours Obama - Le calme apr\u00e8s la temp\u00eate ? Pour en savoir plus, rendez-vous sur Gold.fr. Le site d&#039;actualit\u00e9 du Comptoir National de l&#039;Or.\" \/>\n<meta property=\"og:url\" content=\"https:\/\/www.gold.fr\/news\/2013\/09\/11\/discours-obama-le-calme-apres-la-tempete\/\" \/>\n<meta property=\"og:site_name\" content=\"Gold.fr\" \/>\n<meta property=\"article:publisher\" content=\"https:\/\/www.facebook.com\/Goldfr\/\" \/>\n<meta property=\"article:published_time\" content=\"2013-09-11T15:00:31+00:00\" \/>\n<meta property=\"article:modified_time\" content=\"2019-08-16T12:42:04+00:00\" \/>\n<meta property=\"og:image\" content=\"https:\/\/www.gold.fr\/news\/wp-content\/uploads\/2013\/01\/drapeau-usa.jpg\" \/>\n\t<meta property=\"og:image:width\" content=\"605\" \/>\n\t<meta property=\"og:image:height\" content=\"357\" \/>\n\t<meta property=\"og:image:type\" content=\"image\/jpeg\" \/>\n<meta name=\"author\" content=\"Comptoir National de l&#039;Or\" \/>\n<meta name=\"twitter:card\" content=\"summary_large_image\" \/>\n<meta name=\"twitter:label1\" content=\"\u00c9crit par\" \/>\n\t<meta name=\"twitter:data1\" content=\"Comptoir National de l&#039;Or\" \/>\n\t<meta name=\"twitter:label2\" content=\"Dur\u00e9e de lecture estim\u00e9e\" \/>\n\t<meta name=\"twitter:data2\" content=\"1 minute\" \/>\n<script type=\"application\/ld+json\" class=\"yoast-schema-graph\">{\"@context\":\"https:\\\/\\\/schema.org\",\"@graph\":[{\"@type\":\"Article\",\"@id\":\"https:\\\/\\\/www.gold.fr\\\/news\\\/2013\\\/09\\\/11\\\/discours-obama-le-calme-apres-la-tempete\\\/#article\",\"isPartOf\":{\"@id\":\"https:\\\/\\\/www.gold.fr\\\/news\\\/2013\\\/09\\\/11\\\/discours-obama-le-calme-apres-la-tempete\\\/\"},\"author\":{\"name\":\"Comptoir National de l'Or\",\"@id\":\"https:\\\/\\\/www.gold.fr\\\/news\\\/#\\\/schema\\\/person\\\/070491b4b4fb7671bf59b3be20302ce9\"},\"headline\":\"Discours Obama &#8211; Le calme apr\u00e8s la temp\u00eate ?\",\"datePublished\":\"2013-09-11T15:00:31+00:00\",\"dateModified\":\"2019-08-16T12:42:04+00:00\",\"mainEntityOfPage\":{\"@id\":\"https:\\\/\\\/www.gold.fr\\\/news\\\/2013\\\/09\\\/11\\\/discours-obama-le-calme-apres-la-tempete\\\/\"},\"wordCount\":284,\"commentCount\":0,\"image\":{\"@id\":\"https:\\\/\\\/www.gold.fr\\\/news\\\/2013\\\/09\\\/11\\\/discours-obama-le-calme-apres-la-tempete\\\/#primaryimage\"},\"thumbnailUrl\":\"https:\\\/\\\/www.gold.fr\\\/news\\\/wp-content\\\/uploads\\\/2013\\\/01\\\/drapeau-usa.jpg\",\"keywords\":[\"Al Assad\",\"armes chimiques syriennes\",\"discours Obama\",\"Syrie\",\"usa\"],\"articleSection\":[\"Articles de presse\"],\"inLanguage\":\"fr-FR\"},{\"@type\":\"WebPage\",\"@id\":\"https:\\\/\\\/www.gold.fr\\\/news\\\/2013\\\/09\\\/11\\\/discours-obama-le-calme-apres-la-tempete\\\/\",\"url\":\"https:\\\/\\\/www.gold.fr\\\/news\\\/2013\\\/09\\\/11\\\/discours-obama-le-calme-apres-la-tempete\\\/\",\"name\":\"Discours Obama - Le calme apr\u00e8s la temp\u00eate ? - Gold.fr\",\"isPartOf\":{\"@id\":\"https:\\\/\\\/www.gold.fr\\\/news\\\/#website\"},\"primaryImageOfPage\":{\"@id\":\"https:\\\/\\\/www.gold.fr\\\/news\\\/2013\\\/09\\\/11\\\/discours-obama-le-calme-apres-la-tempete\\\/#primaryimage\"},\"image\":{\"@id\":\"https:\\\/\\\/www.gold.fr\\\/news\\\/2013\\\/09\\\/11\\\/discours-obama-le-calme-apres-la-tempete\\\/#primaryimage\"},\"thumbnailUrl\":\"https:\\\/\\\/www.gold.fr\\\/news\\\/wp-content\\\/uploads\\\/2013\\\/01\\\/drapeau-usa.jpg\",\"datePublished\":\"2013-09-11T15:00:31+00:00\",\"dateModified\":\"2019-08-16T12:42:04+00:00\",\"author\":{\"@id\":\"https:\\\/\\\/www.gold.fr\\\/news\\\/#\\\/schema\\\/person\\\/070491b4b4fb7671bf59b3be20302ce9\"},\"description\":\"Discours Obama - Le calme apr\u00e8s la temp\u00eate ? Pour en savoir plus, rendez-vous sur Gold.fr. Le site d'actualit\u00e9 du Comptoir National de l'Or.\",\"breadcrumb\":{\"@id\":\"https:\\\/\\\/www.gold.fr\\\/news\\\/2013\\\/09\\\/11\\\/discours-obama-le-calme-apres-la-tempete\\\/#breadcrumb\"},\"inLanguage\":\"fr-FR\",\"potentialAction\":[{\"@type\":\"ReadAction\",\"target\":[\"https:\\\/\\\/www.gold.fr\\\/news\\\/2013\\\/09\\\/11\\\/discours-obama-le-calme-apres-la-tempete\\\/\"]}]},{\"@type\":\"ImageObject\",\"inLanguage\":\"fr-FR\",\"@id\":\"https:\\\/\\\/www.gold.fr\\\/news\\\/2013\\\/09\\\/11\\\/discours-obama-le-calme-apres-la-tempete\\\/#primaryimage\",\"url\":\"https:\\\/\\\/www.gold.fr\\\/news\\\/wp-content\\\/uploads\\\/2013\\\/01\\\/drapeau-usa.jpg\",\"contentUrl\":\"https:\\\/\\\/www.gold.fr\\\/news\\\/wp-content\\\/uploads\\\/2013\\\/01\\\/drapeau-usa.jpg\",\"width\":\"605\",\"height\":\"357\",\"caption\":\"March\u00e9 de l\u2019or : Faut-il craindre la hausse des taux de la FED ?\"},{\"@type\":\"BreadcrumbList\",\"@id\":\"https:\\\/\\\/www.gold.fr\\\/news\\\/2013\\\/09\\\/11\\\/discours-obama-le-calme-apres-la-tempete\\\/#breadcrumb\",\"itemListElement\":[{\"@type\":\"ListItem\",\"position\":1,\"name\":\"Accueil\",\"item\":\"https:\\\/\\\/www.gold.fr\\\/\"},{\"@type\":\"ListItem\",\"position\":2,\"name\":\"Actualit\u00e9s\",\"item\":\"https:\\\/\\\/www.gold.fr\\\/news\\\/\"},{\"@type\":\"ListItem\",\"position\":3,\"name\":\"Discours Obama &#8211; Le calme apr\u00e8s la temp\u00eate ?\"}]},{\"@type\":\"WebSite\",\"@id\":\"https:\\\/\\\/www.gold.fr\\\/news\\\/#website\",\"url\":\"https:\\\/\\\/www.gold.fr\\\/news\\\/\",\"name\":\"Gold.fr\",\"description\":\"Actualit\u00e9s de l&#039;Or et des m\u00e9taux pr\u00e9cieux\",\"potentialAction\":[{\"@type\":\"SearchAction\",\"target\":{\"@type\":\"EntryPoint\",\"urlTemplate\":\"https:\\\/\\\/www.gold.fr\\\/news\\\/?s={search_term_string}\"},\"query-input\":{\"@type\":\"PropertyValueSpecification\",\"valueRequired\":true,\"valueName\":\"search_term_string\"}}],\"inLanguage\":\"fr-FR\"},{\"@type\":\"Person\",\"@id\":\"https:\\\/\\\/www.gold.fr\\\/news\\\/#\\\/schema\\\/person\\\/070491b4b4fb7671bf59b3be20302ce9\",\"name\":\"Comptoir National de l'Or\",\"image\":{\"@type\":\"ImageObject\",\"inLanguage\":\"fr-FR\",\"@id\":\"https:\\\/\\\/secure.gravatar.com\\\/avatar\\\/0a2867fd5abe37bed95d5a65e9d58f01756e11efc68af9888dfc50cfa7f65948?s=96&d=mm&r=gb490554db0a38188709de567aa58480d\",\"url\":\"https:\\\/\\\/secure.gravatar.com\\\/avatar\\\/0a2867fd5abe37bed95d5a65e9d58f01756e11efc68af9888dfc50cfa7f65948?s=96&d=mm&r=g\",\"contentUrl\":\"https:\\\/\\\/secure.gravatar.com\\\/avatar\\\/0a2867fd5abe37bed95d5a65e9d58f01756e11efc68af9888dfc50cfa7f65948?s=96&d=mm&r=g\",\"caption\":\"Comptoir National de l'Or\"},\"description\":\"Notre r\u00e9daction est constitu\u00e9e de membres experts dans les m\u00e9tiers de l'\u00e9conomie et la gestion, des Responsables d'agence Comptoir National de l'Or, des analystes financiers qui publient r\u00e9guli\u00e8rement des \u00e9tudes sur les politiques des banques centrales, le cours de l'or, prix de l'or, cours de l'argent, prix de l'argent, cours du platine, cours du palladium,... la situation en zone euro et l'impact de la strat\u00e9gie mon\u00e9taire de la FED. Notre \u00e9quipe scrute \u00e9galement une information plus g\u00e9n\u00e9raliste \u00e0 la recherche d'actualit\u00e9 \\\"p\u00e9pite\\\" \u00e0 vous partager. Depuis 5 ans, nous avons publi\u00e9 un peu plus de 4000 articles qui s'adressent \u00e0 un public large et vari\u00e9 ayant pour objectif de satisfaire votre curiosit\u00e9 et de partager avec vous une certaine fascination pour le m\u00e9tal jaune, le rachat d'or, et pour ceux qui veulent investir dans l'or, vendre leur or tout simplement en savoir plus... Pour tous vos achat or et argent, n'h\u00e9sitez pas \u00e0 prendre rendez-vous dans l'un de nos nombreux comptoirs.\",\"sameAs\":[\"https:\\\/\\\/www.gold.fr\"]}]}<\/script>\n<!-- \/ Yoast SEO plugin. -->","yoast_head_json":{"title":"Discours Obama - Le calme apr\u00e8s la temp\u00eate ? - Gold.fr","description":"Discours Obama - Le calme apr\u00e8s la temp\u00eate ? Pour en savoir plus, rendez-vous sur Gold.fr. Le site d'actualit\u00e9 du Comptoir National de l'Or.","robots":{"index":"index","follow":"follow","max-snippet":"max-snippet:-1","max-image-preview":"max-image-preview:large","max-video-preview":"max-video-preview:-1"},"canonical":"https:\/\/www.gold.fr\/news\/2013\/09\/11\/discours-obama-le-calme-apres-la-tempete\/","og_locale":"fr_FR","og_type":"article","og_title":"Discours Obama - Le calme apr\u00e8s la temp\u00eate ? - Gold.fr","og_description":"Discours Obama - Le calme apr\u00e8s la temp\u00eate ? Pour en savoir plus, rendez-vous sur Gold.fr. Le site d'actualit\u00e9 du Comptoir National de l'Or.","og_url":"https:\/\/www.gold.fr\/news\/2013\/09\/11\/discours-obama-le-calme-apres-la-tempete\/","og_site_name":"Gold.fr","article_publisher":"https:\/\/www.facebook.com\/Goldfr\/","article_published_time":"2013-09-11T15:00:31+00:00","article_modified_time":"2019-08-16T12:42:04+00:00","og_image":[{"width":605,"height":357,"url":"https:\/\/www.gold.fr\/news\/wp-content\/uploads\/2013\/01\/drapeau-usa.jpg","type":"image\/jpeg"}],"author":"Comptoir National de l'Or","twitter_card":"summary_large_image","twitter_misc":{"\u00c9crit par":"Comptoir National de l'Or","Dur\u00e9e de lecture estim\u00e9e":"1 minute"},"schema":{"@context":"https:\/\/schema.org","@graph":[{"@type":"Article","@id":"https:\/\/www.gold.fr\/news\/2013\/09\/11\/discours-obama-le-calme-apres-la-tempete\/#article","isPartOf":{"@id":"https:\/\/www.gold.fr\/news\/2013\/09\/11\/discours-obama-le-calme-apres-la-tempete\/"},"author":{"name":"Comptoir National de l'Or","@id":"https:\/\/www.gold.fr\/news\/#\/schema\/person\/070491b4b4fb7671bf59b3be20302ce9"},"headline":"Discours Obama &#8211; Le calme apr\u00e8s la temp\u00eate ?","datePublished":"2013-09-11T15:00:31+00:00","dateModified":"2019-08-16T12:42:04+00:00","mainEntityOfPage":{"@id":"https:\/\/www.gold.fr\/news\/2013\/09\/11\/discours-obama-le-calme-apres-la-tempete\/"},"wordCount":284,"commentCount":0,"image":{"@id":"https:\/\/www.gold.fr\/news\/2013\/09\/11\/discours-obama-le-calme-apres-la-tempete\/#primaryimage"},"thumbnailUrl":"https:\/\/www.gold.fr\/news\/wp-content\/uploads\/2013\/01\/drapeau-usa.jpg","keywords":["Al Assad","armes chimiques syriennes","discours Obama","Syrie","usa"],"articleSection":["Articles de presse"],"inLanguage":"fr-FR"},{"@type":"WebPage","@id":"https:\/\/www.gold.fr\/news\/2013\/09\/11\/discours-obama-le-calme-apres-la-tempete\/","url":"https:\/\/www.gold.fr\/news\/2013\/09\/11\/discours-obama-le-calme-apres-la-tempete\/","name":"Discours Obama - Le calme apr\u00e8s la temp\u00eate ? - Gold.fr","isPartOf":{"@id":"https:\/\/www.gold.fr\/news\/#website"},"primaryImageOfPage":{"@id":"https:\/\/www.gold.fr\/news\/2013\/09\/11\/discours-obama-le-calme-apres-la-tempete\/#primaryimage"},"image":{"@id":"https:\/\/www.gold.fr\/news\/2013\/09\/11\/discours-obama-le-calme-apres-la-tempete\/#primaryimage"},"thumbnailUrl":"https:\/\/www.gold.fr\/news\/wp-content\/uploads\/2013\/01\/drapeau-usa.jpg","datePublished":"2013-09-11T15:00:31+00:00","dateModified":"2019-08-16T12:42:04+00:00","author":{"@id":"https:\/\/www.gold.fr\/news\/#\/schema\/person\/070491b4b4fb7671bf59b3be20302ce9"},"description":"Discours Obama - Le calme apr\u00e8s la temp\u00eate ? Pour en savoir plus, rendez-vous sur Gold.fr. Le site d'actualit\u00e9 du Comptoir National de l'Or.","breadcrumb":{"@id":"https:\/\/www.gold.fr\/news\/2013\/09\/11\/discours-obama-le-calme-apres-la-tempete\/#breadcrumb"},"inLanguage":"fr-FR","potentialAction":[{"@type":"ReadAction","target":["https:\/\/www.gold.fr\/news\/2013\/09\/11\/discours-obama-le-calme-apres-la-tempete\/"]}]},{"@type":"ImageObject","inLanguage":"fr-FR","@id":"https:\/\/www.gold.fr\/news\/2013\/09\/11\/discours-obama-le-calme-apres-la-tempete\/#primaryimage","url":"https:\/\/www.gold.fr\/news\/wp-content\/uploads\/2013\/01\/drapeau-usa.jpg","contentUrl":"https:\/\/www.gold.fr\/news\/wp-content\/uploads\/2013\/01\/drapeau-usa.jpg","width":"605","height":"357","caption":"March\u00e9 de l\u2019or : Faut-il craindre la hausse des taux de la FED ?"},{"@type":"BreadcrumbList","@id":"https:\/\/www.gold.fr\/news\/2013\/09\/11\/discours-obama-le-calme-apres-la-tempete\/#breadcrumb","itemListElement":[{"@type":"ListItem","position":1,"name":"Accueil","item":"https:\/\/www.gold.fr\/"},{"@type":"ListItem","position":2,"name":"Actualit\u00e9s","item":"https:\/\/www.gold.fr\/news\/"},{"@type":"ListItem","position":3,"name":"Discours Obama &#8211; Le calme apr\u00e8s la temp\u00eate ?"}]},{"@type":"WebSite","@id":"https:\/\/www.gold.fr\/news\/#website","url":"https:\/\/www.gold.fr\/news\/","name":"Gold.fr","description":"Actualit\u00e9s de l&#039;Or et des m\u00e9taux pr\u00e9cieux","potentialAction":[{"@type":"SearchAction","target":{"@type":"EntryPoint","urlTemplate":"https:\/\/www.gold.fr\/news\/?s={search_term_string}"},"query-input":{"@type":"PropertyValueSpecification","valueRequired":true,"valueName":"search_term_string"}}],"inLanguage":"fr-FR"},{"@type":"Person","@id":"https:\/\/www.gold.fr\/news\/#\/schema\/person\/070491b4b4fb7671bf59b3be20302ce9","name":"Comptoir National de l'Or","image":{"@type":"ImageObject","inLanguage":"fr-FR","@id":"https:\/\/secure.gravatar.com\/avatar\/0a2867fd5abe37bed95d5a65e9d58f01756e11efc68af9888dfc50cfa7f65948?s=96&d=mm&r=gb490554db0a38188709de567aa58480d","url":"https:\/\/secure.gravatar.com\/avatar\/0a2867fd5abe37bed95d5a65e9d58f01756e11efc68af9888dfc50cfa7f65948?s=96&d=mm&r=g","contentUrl":"https:\/\/secure.gravatar.com\/avatar\/0a2867fd5abe37bed95d5a65e9d58f01756e11efc68af9888dfc50cfa7f65948?s=96&d=mm&r=g","caption":"Comptoir National de l'Or"},"description":"Notre r\u00e9daction est constitu\u00e9e de membres experts dans les m\u00e9tiers de l'\u00e9conomie et la gestion, des Responsables d'agence Comptoir National de l'Or, des analystes financiers qui publient r\u00e9guli\u00e8rement des \u00e9tudes sur les politiques des banques centrales, le cours de l'or, prix de l'or, cours de l'argent, prix de l'argent, cours du platine, cours du palladium,... la situation en zone euro et l'impact de la strat\u00e9gie mon\u00e9taire de la FED. Notre \u00e9quipe scrute \u00e9galement une information plus g\u00e9n\u00e9raliste \u00e0 la recherche d'actualit\u00e9 \"p\u00e9pite\" \u00e0 vous partager. Depuis 5 ans, nous avons publi\u00e9 un peu plus de 4000 articles qui s'adressent \u00e0 un public large et vari\u00e9 ayant pour objectif de satisfaire votre curiosit\u00e9 et de partager avec vous une certaine fascination pour le m\u00e9tal jaune, le rachat d'or, et pour ceux qui veulent investir dans l'or, vendre leur or tout simplement en savoir plus... Pour tous vos achat or et argent, n'h\u00e9sitez pas \u00e0 prendre rendez-vous dans l'un de nos nombreux comptoirs.","sameAs":["https:\/\/www.gold.fr"]}]}},"authors":[{"term_id":2565,"user_id":18,"is_guest":0,"slug":"julie","display_name":"Comptoir National de l'Or","avatar_url":"https:\/\/secure.gravatar.com\/avatar\/713f289e398d35ead876c4a4cc08607f0d6d266058cfc25683fffb6092d0e572?s=96&d=mm&r=g","0":null,"1":"","2":"","3":"","4":"","5":"","6":"","7":"","8":""}],"_links":{"self":[{"href":"https:\/\/www.gold.fr\/news\/wp-json\/wp\/v2\/posts\/12788","targetHints":{"allow":["GET"]}}],"collection":[{"href":"https:\/\/www.gold.fr\/news\/wp-json\/wp\/v2\/posts"}],"about":[{"href":"https:\/\/www.gold.fr\/news\/wp-json\/wp\/v2\/types\/post"}],"author":[{"embeddable":true,"href":"https:\/\/www.gold.fr\/news\/wp-json\/wp\/v2\/users\/18"}],"replies":[{"embeddable":true,"href":"https:\/\/www.gold.fr\/news\/wp-json\/wp\/v2\/comments?post=12788"}],"version-history":[{"count":0,"href":"https:\/\/www.gold.fr\/news\/wp-json\/wp\/v2\/posts\/12788\/revisions"}],"wp:featuredmedia":[{"embeddable":true,"href":"https:\/\/www.gold.fr\/news\/wp-json\/wp\/v2\/media\/10402"}],"wp:attachment":[{"href":"https:\/\/www.gold.fr\/news\/wp-json\/wp\/v2\/media?parent=12788"}],"wp:term":[{"taxonomy":"category","embeddable":true,"href":"https:\/\/www.gold.fr\/news\/wp-json\/wp\/v2\/categories?post=12788"},{"taxonomy":"post_tag","embeddable":true,"href":"https:\/\/www.gold.fr\/news\/wp-json\/wp\/v2\/tags?post=12788"},{"taxonomy":"author","embeddable":true,"href":"https:\/\/www.gold.fr\/news\/wp-json\/wp\/v2\/ppma_author?post=12788"}],"curies":[{"name":"wp","href":"https:\/\/api.w.org\/{rel}","templated":true}]}}