{"id":12783,"date":"2013-09-11T09:00:47","date_gmt":"2013-09-11T07:00:47","guid":{"rendered":"https:\/\/www.gold.fr\/news\/?p=12783"},"modified":"2019-08-16T14:44:30","modified_gmt":"2019-08-16T12:44:30","slug":"us-et-syrie-un-g20-partage","status":"publish","type":"post","link":"https:\/\/www.gold.fr\/news\/2013\/09\/11\/us-et-syrie-un-g20-partage\/","title":{"rendered":"US et Syrie : Un G20 partag\u00e9"},"content":{"rendered":"<p><span style=\"font-size: small;\"><img loading=\"lazy\" decoding=\"async\" class=\"alignleft size-thumbnail wp-image-10402\" title=\"US et Syrie : Un G20 partag\u00e9\" src=\"https:\/\/www.gold.fr\/news\/wp-content\/uploads\/2013\/01\/drapeau-usa-150x150.jpg\" alt=\"\" width=\"150\" height=\"150\" \/>C\u2019est un <strong>G20<\/strong>, d\u00e9roul\u00e9 sous le signe de la tension, qui a pris fin le week-end dernier, laissant planer de profondes divergences qui n\u2019ont pas fini de faire couler l\u2019encre des sp\u00e9culations concernant le futur de la g\u00e9opolitique au Moyen-Orient.<\/span> <span style=\"font-size: small;\"> La fameuse r\u00e9union du <strong>G20<\/strong>, organis\u00e9e en <strong>Russie<\/strong> (Saint-P\u00e9tersbourg), a exceptionnellement zapp\u00e9 les questions \u00e9conomiques \u2013pourtant primordiales- au profit de discussions houleuses autour de la situation syrienne. <strong>Barack Obama<\/strong> et <strong>Vladimir Poutine<\/strong> ont enfin eu l\u2019occasion d\u2019\u00e9changer directement leurs points de vue respectifs \u2013et radicalement oppos\u00e9s- concernant une \u00e9ventuelle intervention militaire en Syrie. A l\u2019\u00e9vidence, ce t\u00eate-\u00e0-t\u00eate tr\u00e8s anticip\u00e9 ne s\u2019est pas d\u00e9roul\u00e9 dans la joie et la camaraderie. Les deux chefs d\u2019\u00e9tats en sont sortis tout aussi r\u00e9solus \u00e0 camper sur leurs positions qu\u2019ils l\u2019\u00e9taient avant le sommet, si ce n\u2019est plus.<\/span> <span style=\"font-size: small;\"> Au total, 11 des 20 pays participant au<strong> G20<\/strong> sont en faveur d\u2019une offensive militaire punitive, appelant \u00e0 une \u00ab<em> r\u00e9ponse internationale forte<\/em> \u00bb contre <strong>Bashar Al Assad<\/strong> qu\u2019ils jugent \u00ab <em>clairement<\/em> \u00bb coupable de l&rsquo;utilisation d&rsquo;armes chimiques contre ses propres citoyens. Une majorit\u00e9 in-extremis qui laisse pr\u00e8s de la moiti\u00e9 des pays participants au soutien \u2013sinon affich\u00e9, tout du moins tacite- de la position russe.<\/span> <span style=\"font-size: small;\"> La tension de ce sommet a \u00e9t\u00e9 maintenue jusqu\u2019\u00e0 son terme, samedi dernier. Les chefs d\u2019\u00e9tats avaient m\u00eame tent\u00e9 de s\u00e9cher la traditionnelle photo comm\u00e9morative, confirmant ainsi la gravit\u00e9 de l\u2019impasse diplomatique internationale caus\u00e9e aujourd\u2019hui par l\u2019inextricable conflit syrien.<\/span><\/p>\n<!-- AddThis Advanced Settings generic via filter on the_content --><!-- AddThis Share Buttons generic via filter on the_content -->","protected":false},"excerpt":{"rendered":"<p>C\u2019est un G20, d\u00e9roul\u00e9 sous le signe de la tension, qui a pris fin le week-end dernier, laissant planer de profondes divergences qui n\u2019ont pas fini de faire couler l\u2019encre des sp\u00e9culations concernant le futur de [&hellip;]<\/p>\n","protected":false},"author":18,"featured_media":10402,"comment_status":"open","ping_status":"open","sticky":false,"template":"","format":"standard","meta":{"_mbp_gutenberg_autopost":false,"_pgmb_is_evergreen":false,"_pgmb_ap_template_id":0,"footnotes":""},"categories":[6],"tags":[112,986,1521,530,1500,405],"ppma_author":[2565],"class_list":["post-12783","post","type-post","status-publish","format-standard","has-post-thumbnail","hentry","category-articles-de-presse","tag-g20","tag-obama","tag-poutine","tag-russie","tag-syrie","tag-usa"],"yoast_head":"<!-- This site is optimized with the Yoast SEO plugin v27.5 - https:\/\/yoast.com\/product\/yoast-seo-wordpress\/ -->\n<title>US et Syrie : Un G20 partag\u00e9 - Gold.fr<\/title>\n<meta name=\"description\" content=\"Us et Syrie : Un G20 partag\u00e9. Suivez le cours de l&#039;or, de l&#039;argent, du palladium et du platine sur Gold.fr. Le site d&#039;actualit\u00e9 du Comptoir National de l&#039;Or.\" \/>\n<meta name=\"robots\" content=\"index, follow, max-snippet:-1, max-image-preview:large, max-video-preview:-1\" \/>\n<link rel=\"canonical\" href=\"https:\/\/www.gold.fr\/news\/2013\/09\/11\/us-et-syrie-un-g20-partage\/\" \/>\n<meta property=\"og:locale\" content=\"fr_FR\" \/>\n<meta property=\"og:type\" content=\"article\" \/>\n<meta property=\"og:title\" content=\"US et Syrie : Un G20 partag\u00e9 - Gold.fr\" \/>\n<meta property=\"og:description\" content=\"Us et Syrie : Un G20 partag\u00e9. Suivez le cours de l&#039;or, de l&#039;argent, du palladium et du platine sur Gold.fr. Le site d&#039;actualit\u00e9 du Comptoir National de l&#039;Or.\" \/>\n<meta property=\"og:url\" content=\"https:\/\/www.gold.fr\/news\/2013\/09\/11\/us-et-syrie-un-g20-partage\/\" \/>\n<meta property=\"og:site_name\" content=\"Gold.fr\" \/>\n<meta property=\"article:publisher\" content=\"https:\/\/www.facebook.com\/Goldfr\/\" \/>\n<meta property=\"article:published_time\" content=\"2013-09-11T07:00:47+00:00\" \/>\n<meta property=\"article:modified_time\" content=\"2019-08-16T12:44:30+00:00\" \/>\n<meta property=\"og:image\" content=\"https:\/\/www.gold.fr\/news\/wp-content\/uploads\/2013\/01\/drapeau-usa.jpg\" \/>\n\t<meta property=\"og:image:width\" content=\"605\" \/>\n\t<meta property=\"og:image:height\" content=\"357\" \/>\n\t<meta property=\"og:image:type\" content=\"image\/jpeg\" \/>\n<meta name=\"author\" content=\"Comptoir National de l&#039;Or\" \/>\n<meta name=\"twitter:card\" content=\"summary_large_image\" \/>\n<meta name=\"twitter:label1\" content=\"\u00c9crit par\" \/>\n\t<meta name=\"twitter:data1\" content=\"Comptoir National de l&#039;Or\" \/>\n\t<meta name=\"twitter:label2\" content=\"Dur\u00e9e de lecture estim\u00e9e\" \/>\n\t<meta name=\"twitter:data2\" content=\"1 minute\" \/>\n<script type=\"application\/ld+json\" class=\"yoast-schema-graph\">{\"@context\":\"https:\\\/\\\/schema.org\",\"@graph\":[{\"@type\":\"Article\",\"@id\":\"https:\\\/\\\/www.gold.fr\\\/news\\\/2013\\\/09\\\/11\\\/us-et-syrie-un-g20-partage\\\/#article\",\"isPartOf\":{\"@id\":\"https:\\\/\\\/www.gold.fr\\\/news\\\/2013\\\/09\\\/11\\\/us-et-syrie-un-g20-partage\\\/\"},\"author\":{\"name\":\"Comptoir National de l'Or\",\"@id\":\"https:\\\/\\\/www.gold.fr\\\/news\\\/#\\\/schema\\\/person\\\/070491b4b4fb7671bf59b3be20302ce9\"},\"headline\":\"US et Syrie : Un G20 partag\u00e9\",\"datePublished\":\"2013-09-11T07:00:47+00:00\",\"dateModified\":\"2019-08-16T12:44:30+00:00\",\"mainEntityOfPage\":{\"@id\":\"https:\\\/\\\/www.gold.fr\\\/news\\\/2013\\\/09\\\/11\\\/us-et-syrie-un-g20-partage\\\/\"},\"wordCount\":274,\"commentCount\":0,\"image\":{\"@id\":\"https:\\\/\\\/www.gold.fr\\\/news\\\/2013\\\/09\\\/11\\\/us-et-syrie-un-g20-partage\\\/#primaryimage\"},\"thumbnailUrl\":\"https:\\\/\\\/www.gold.fr\\\/news\\\/wp-content\\\/uploads\\\/2013\\\/01\\\/drapeau-usa.jpg\",\"keywords\":[\"G20\",\"Obama\",\"Poutine\",\"russie\",\"Syrie\",\"usa\"],\"articleSection\":[\"Articles de presse\"],\"inLanguage\":\"fr-FR\"},{\"@type\":\"WebPage\",\"@id\":\"https:\\\/\\\/www.gold.fr\\\/news\\\/2013\\\/09\\\/11\\\/us-et-syrie-un-g20-partage\\\/\",\"url\":\"https:\\\/\\\/www.gold.fr\\\/news\\\/2013\\\/09\\\/11\\\/us-et-syrie-un-g20-partage\\\/\",\"name\":\"US et Syrie : Un G20 partag\u00e9 - Gold.fr\",\"isPartOf\":{\"@id\":\"https:\\\/\\\/www.gold.fr\\\/news\\\/#website\"},\"primaryImageOfPage\":{\"@id\":\"https:\\\/\\\/www.gold.fr\\\/news\\\/2013\\\/09\\\/11\\\/us-et-syrie-un-g20-partage\\\/#primaryimage\"},\"image\":{\"@id\":\"https:\\\/\\\/www.gold.fr\\\/news\\\/2013\\\/09\\\/11\\\/us-et-syrie-un-g20-partage\\\/#primaryimage\"},\"thumbnailUrl\":\"https:\\\/\\\/www.gold.fr\\\/news\\\/wp-content\\\/uploads\\\/2013\\\/01\\\/drapeau-usa.jpg\",\"datePublished\":\"2013-09-11T07:00:47+00:00\",\"dateModified\":\"2019-08-16T12:44:30+00:00\",\"author\":{\"@id\":\"https:\\\/\\\/www.gold.fr\\\/news\\\/#\\\/schema\\\/person\\\/070491b4b4fb7671bf59b3be20302ce9\"},\"description\":\"Us et Syrie : Un G20 partag\u00e9. Suivez le cours de l'or, de l'argent, du palladium et du platine sur Gold.fr. Le site d'actualit\u00e9 du Comptoir National de l'Or.\",\"breadcrumb\":{\"@id\":\"https:\\\/\\\/www.gold.fr\\\/news\\\/2013\\\/09\\\/11\\\/us-et-syrie-un-g20-partage\\\/#breadcrumb\"},\"inLanguage\":\"fr-FR\",\"potentialAction\":[{\"@type\":\"ReadAction\",\"target\":[\"https:\\\/\\\/www.gold.fr\\\/news\\\/2013\\\/09\\\/11\\\/us-et-syrie-un-g20-partage\\\/\"]}]},{\"@type\":\"ImageObject\",\"inLanguage\":\"fr-FR\",\"@id\":\"https:\\\/\\\/www.gold.fr\\\/news\\\/2013\\\/09\\\/11\\\/us-et-syrie-un-g20-partage\\\/#primaryimage\",\"url\":\"https:\\\/\\\/www.gold.fr\\\/news\\\/wp-content\\\/uploads\\\/2013\\\/01\\\/drapeau-usa.jpg\",\"contentUrl\":\"https:\\\/\\\/www.gold.fr\\\/news\\\/wp-content\\\/uploads\\\/2013\\\/01\\\/drapeau-usa.jpg\",\"width\":\"605\",\"height\":\"357\",\"caption\":\"March\u00e9 de l\u2019or : Faut-il craindre la hausse des taux de la FED ?\"},{\"@type\":\"BreadcrumbList\",\"@id\":\"https:\\\/\\\/www.gold.fr\\\/news\\\/2013\\\/09\\\/11\\\/us-et-syrie-un-g20-partage\\\/#breadcrumb\",\"itemListElement\":[{\"@type\":\"ListItem\",\"position\":1,\"name\":\"Accueil\",\"item\":\"https:\\\/\\\/www.gold.fr\\\/\"},{\"@type\":\"ListItem\",\"position\":2,\"name\":\"Actualit\u00e9s\",\"item\":\"https:\\\/\\\/www.gold.fr\\\/news\\\/\"},{\"@type\":\"ListItem\",\"position\":3,\"name\":\"US et Syrie : Un G20 partag\u00e9\"}]},{\"@type\":\"WebSite\",\"@id\":\"https:\\\/\\\/www.gold.fr\\\/news\\\/#website\",\"url\":\"https:\\\/\\\/www.gold.fr\\\/news\\\/\",\"name\":\"Gold.fr\",\"description\":\"Actualit\u00e9s de l&#039;Or et des m\u00e9taux pr\u00e9cieux\",\"potentialAction\":[{\"@type\":\"SearchAction\",\"target\":{\"@type\":\"EntryPoint\",\"urlTemplate\":\"https:\\\/\\\/www.gold.fr\\\/news\\\/?s={search_term_string}\"},\"query-input\":{\"@type\":\"PropertyValueSpecification\",\"valueRequired\":true,\"valueName\":\"search_term_string\"}}],\"inLanguage\":\"fr-FR\"},{\"@type\":\"Person\",\"@id\":\"https:\\\/\\\/www.gold.fr\\\/news\\\/#\\\/schema\\\/person\\\/070491b4b4fb7671bf59b3be20302ce9\",\"name\":\"Comptoir National de l'Or\",\"image\":{\"@type\":\"ImageObject\",\"inLanguage\":\"fr-FR\",\"@id\":\"https:\\\/\\\/secure.gravatar.com\\\/avatar\\\/0a2867fd5abe37bed95d5a65e9d58f01756e11efc68af9888dfc50cfa7f65948?s=96&d=mm&r=gb490554db0a38188709de567aa58480d\",\"url\":\"https:\\\/\\\/secure.gravatar.com\\\/avatar\\\/0a2867fd5abe37bed95d5a65e9d58f01756e11efc68af9888dfc50cfa7f65948?s=96&d=mm&r=g\",\"contentUrl\":\"https:\\\/\\\/secure.gravatar.com\\\/avatar\\\/0a2867fd5abe37bed95d5a65e9d58f01756e11efc68af9888dfc50cfa7f65948?s=96&d=mm&r=g\",\"caption\":\"Comptoir National de l'Or\"},\"description\":\"Notre r\u00e9daction est constitu\u00e9e de membres experts dans les m\u00e9tiers de l'\u00e9conomie et la gestion, des Responsables d'agence Comptoir National de l'Or, des analystes financiers qui publient r\u00e9guli\u00e8rement des \u00e9tudes sur les politiques des banques centrales, le cours de l'or, prix de l'or, cours de l'argent, prix de l'argent, cours du platine, cours du palladium,... la situation en zone euro et l'impact de la strat\u00e9gie mon\u00e9taire de la FED. Notre \u00e9quipe scrute \u00e9galement une information plus g\u00e9n\u00e9raliste \u00e0 la recherche d'actualit\u00e9 \\\"p\u00e9pite\\\" \u00e0 vous partager. Depuis 5 ans, nous avons publi\u00e9 un peu plus de 4000 articles qui s'adressent \u00e0 un public large et vari\u00e9 ayant pour objectif de satisfaire votre curiosit\u00e9 et de partager avec vous une certaine fascination pour le m\u00e9tal jaune, le rachat d'or, et pour ceux qui veulent investir dans l'or, vendre leur or tout simplement en savoir plus... Pour tous vos achat or et argent, n'h\u00e9sitez pas \u00e0 prendre rendez-vous dans l'un de nos nombreux comptoirs.\",\"sameAs\":[\"https:\\\/\\\/www.gold.fr\"]}]}<\/script>\n<!-- \/ Yoast SEO plugin. -->","yoast_head_json":{"title":"US et Syrie : Un G20 partag\u00e9 - Gold.fr","description":"Us et Syrie : Un G20 partag\u00e9. Suivez le cours de l'or, de l'argent, du palladium et du platine sur Gold.fr. Le site d'actualit\u00e9 du Comptoir National de l'Or.","robots":{"index":"index","follow":"follow","max-snippet":"max-snippet:-1","max-image-preview":"max-image-preview:large","max-video-preview":"max-video-preview:-1"},"canonical":"https:\/\/www.gold.fr\/news\/2013\/09\/11\/us-et-syrie-un-g20-partage\/","og_locale":"fr_FR","og_type":"article","og_title":"US et Syrie : Un G20 partag\u00e9 - Gold.fr","og_description":"Us et Syrie : Un G20 partag\u00e9. Suivez le cours de l'or, de l'argent, du palladium et du platine sur Gold.fr. Le site d'actualit\u00e9 du Comptoir National de l'Or.","og_url":"https:\/\/www.gold.fr\/news\/2013\/09\/11\/us-et-syrie-un-g20-partage\/","og_site_name":"Gold.fr","article_publisher":"https:\/\/www.facebook.com\/Goldfr\/","article_published_time":"2013-09-11T07:00:47+00:00","article_modified_time":"2019-08-16T12:44:30+00:00","og_image":[{"width":605,"height":357,"url":"https:\/\/www.gold.fr\/news\/wp-content\/uploads\/2013\/01\/drapeau-usa.jpg","type":"image\/jpeg"}],"author":"Comptoir National de l'Or","twitter_card":"summary_large_image","twitter_misc":{"\u00c9crit par":"Comptoir National de l'Or","Dur\u00e9e de lecture estim\u00e9e":"1 minute"},"schema":{"@context":"https:\/\/schema.org","@graph":[{"@type":"Article","@id":"https:\/\/www.gold.fr\/news\/2013\/09\/11\/us-et-syrie-un-g20-partage\/#article","isPartOf":{"@id":"https:\/\/www.gold.fr\/news\/2013\/09\/11\/us-et-syrie-un-g20-partage\/"},"author":{"name":"Comptoir National de l'Or","@id":"https:\/\/www.gold.fr\/news\/#\/schema\/person\/070491b4b4fb7671bf59b3be20302ce9"},"headline":"US et Syrie : Un G20 partag\u00e9","datePublished":"2013-09-11T07:00:47+00:00","dateModified":"2019-08-16T12:44:30+00:00","mainEntityOfPage":{"@id":"https:\/\/www.gold.fr\/news\/2013\/09\/11\/us-et-syrie-un-g20-partage\/"},"wordCount":274,"commentCount":0,"image":{"@id":"https:\/\/www.gold.fr\/news\/2013\/09\/11\/us-et-syrie-un-g20-partage\/#primaryimage"},"thumbnailUrl":"https:\/\/www.gold.fr\/news\/wp-content\/uploads\/2013\/01\/drapeau-usa.jpg","keywords":["G20","Obama","Poutine","russie","Syrie","usa"],"articleSection":["Articles de presse"],"inLanguage":"fr-FR"},{"@type":"WebPage","@id":"https:\/\/www.gold.fr\/news\/2013\/09\/11\/us-et-syrie-un-g20-partage\/","url":"https:\/\/www.gold.fr\/news\/2013\/09\/11\/us-et-syrie-un-g20-partage\/","name":"US et Syrie : Un G20 partag\u00e9 - Gold.fr","isPartOf":{"@id":"https:\/\/www.gold.fr\/news\/#website"},"primaryImageOfPage":{"@id":"https:\/\/www.gold.fr\/news\/2013\/09\/11\/us-et-syrie-un-g20-partage\/#primaryimage"},"image":{"@id":"https:\/\/www.gold.fr\/news\/2013\/09\/11\/us-et-syrie-un-g20-partage\/#primaryimage"},"thumbnailUrl":"https:\/\/www.gold.fr\/news\/wp-content\/uploads\/2013\/01\/drapeau-usa.jpg","datePublished":"2013-09-11T07:00:47+00:00","dateModified":"2019-08-16T12:44:30+00:00","author":{"@id":"https:\/\/www.gold.fr\/news\/#\/schema\/person\/070491b4b4fb7671bf59b3be20302ce9"},"description":"Us et Syrie : Un G20 partag\u00e9. Suivez le cours de l'or, de l'argent, du palladium et du platine sur Gold.fr. Le site d'actualit\u00e9 du Comptoir National de l'Or.","breadcrumb":{"@id":"https:\/\/www.gold.fr\/news\/2013\/09\/11\/us-et-syrie-un-g20-partage\/#breadcrumb"},"inLanguage":"fr-FR","potentialAction":[{"@type":"ReadAction","target":["https:\/\/www.gold.fr\/news\/2013\/09\/11\/us-et-syrie-un-g20-partage\/"]}]},{"@type":"ImageObject","inLanguage":"fr-FR","@id":"https:\/\/www.gold.fr\/news\/2013\/09\/11\/us-et-syrie-un-g20-partage\/#primaryimage","url":"https:\/\/www.gold.fr\/news\/wp-content\/uploads\/2013\/01\/drapeau-usa.jpg","contentUrl":"https:\/\/www.gold.fr\/news\/wp-content\/uploads\/2013\/01\/drapeau-usa.jpg","width":"605","height":"357","caption":"March\u00e9 de l\u2019or : Faut-il craindre la hausse des taux de la FED ?"},{"@type":"BreadcrumbList","@id":"https:\/\/www.gold.fr\/news\/2013\/09\/11\/us-et-syrie-un-g20-partage\/#breadcrumb","itemListElement":[{"@type":"ListItem","position":1,"name":"Accueil","item":"https:\/\/www.gold.fr\/"},{"@type":"ListItem","position":2,"name":"Actualit\u00e9s","item":"https:\/\/www.gold.fr\/news\/"},{"@type":"ListItem","position":3,"name":"US et Syrie : Un G20 partag\u00e9"}]},{"@type":"WebSite","@id":"https:\/\/www.gold.fr\/news\/#website","url":"https:\/\/www.gold.fr\/news\/","name":"Gold.fr","description":"Actualit\u00e9s de l&#039;Or et des m\u00e9taux pr\u00e9cieux","potentialAction":[{"@type":"SearchAction","target":{"@type":"EntryPoint","urlTemplate":"https:\/\/www.gold.fr\/news\/?s={search_term_string}"},"query-input":{"@type":"PropertyValueSpecification","valueRequired":true,"valueName":"search_term_string"}}],"inLanguage":"fr-FR"},{"@type":"Person","@id":"https:\/\/www.gold.fr\/news\/#\/schema\/person\/070491b4b4fb7671bf59b3be20302ce9","name":"Comptoir National de l'Or","image":{"@type":"ImageObject","inLanguage":"fr-FR","@id":"https:\/\/secure.gravatar.com\/avatar\/0a2867fd5abe37bed95d5a65e9d58f01756e11efc68af9888dfc50cfa7f65948?s=96&d=mm&r=gb490554db0a38188709de567aa58480d","url":"https:\/\/secure.gravatar.com\/avatar\/0a2867fd5abe37bed95d5a65e9d58f01756e11efc68af9888dfc50cfa7f65948?s=96&d=mm&r=g","contentUrl":"https:\/\/secure.gravatar.com\/avatar\/0a2867fd5abe37bed95d5a65e9d58f01756e11efc68af9888dfc50cfa7f65948?s=96&d=mm&r=g","caption":"Comptoir National de l'Or"},"description":"Notre r\u00e9daction est constitu\u00e9e de membres experts dans les m\u00e9tiers de l'\u00e9conomie et la gestion, des Responsables d'agence Comptoir National de l'Or, des analystes financiers qui publient r\u00e9guli\u00e8rement des \u00e9tudes sur les politiques des banques centrales, le cours de l'or, prix de l'or, cours de l'argent, prix de l'argent, cours du platine, cours du palladium,... la situation en zone euro et l'impact de la strat\u00e9gie mon\u00e9taire de la FED. Notre \u00e9quipe scrute \u00e9galement une information plus g\u00e9n\u00e9raliste \u00e0 la recherche d'actualit\u00e9 \"p\u00e9pite\" \u00e0 vous partager. Depuis 5 ans, nous avons publi\u00e9 un peu plus de 4000 articles qui s'adressent \u00e0 un public large et vari\u00e9 ayant pour objectif de satisfaire votre curiosit\u00e9 et de partager avec vous une certaine fascination pour le m\u00e9tal jaune, le rachat d'or, et pour ceux qui veulent investir dans l'or, vendre leur or tout simplement en savoir plus... Pour tous vos achat or et argent, n'h\u00e9sitez pas \u00e0 prendre rendez-vous dans l'un de nos nombreux comptoirs.","sameAs":["https:\/\/www.gold.fr"]}]}},"authors":[{"term_id":2565,"user_id":18,"is_guest":0,"slug":"julie","display_name":"Comptoir National de l'Or","avatar_url":"https:\/\/secure.gravatar.com\/avatar\/713f289e398d35ead876c4a4cc08607f0d6d266058cfc25683fffb6092d0e572?s=96&d=mm&r=g","0":null,"1":"","2":"","3":"","4":"","5":"","6":"","7":"","8":""}],"_links":{"self":[{"href":"https:\/\/www.gold.fr\/news\/wp-json\/wp\/v2\/posts\/12783","targetHints":{"allow":["GET"]}}],"collection":[{"href":"https:\/\/www.gold.fr\/news\/wp-json\/wp\/v2\/posts"}],"about":[{"href":"https:\/\/www.gold.fr\/news\/wp-json\/wp\/v2\/types\/post"}],"author":[{"embeddable":true,"href":"https:\/\/www.gold.fr\/news\/wp-json\/wp\/v2\/users\/18"}],"replies":[{"embeddable":true,"href":"https:\/\/www.gold.fr\/news\/wp-json\/wp\/v2\/comments?post=12783"}],"version-history":[{"count":0,"href":"https:\/\/www.gold.fr\/news\/wp-json\/wp\/v2\/posts\/12783\/revisions"}],"wp:featuredmedia":[{"embeddable":true,"href":"https:\/\/www.gold.fr\/news\/wp-json\/wp\/v2\/media\/10402"}],"wp:attachment":[{"href":"https:\/\/www.gold.fr\/news\/wp-json\/wp\/v2\/media?parent=12783"}],"wp:term":[{"taxonomy":"category","embeddable":true,"href":"https:\/\/www.gold.fr\/news\/wp-json\/wp\/v2\/categories?post=12783"},{"taxonomy":"post_tag","embeddable":true,"href":"https:\/\/www.gold.fr\/news\/wp-json\/wp\/v2\/tags?post=12783"},{"taxonomy":"author","embeddable":true,"href":"https:\/\/www.gold.fr\/news\/wp-json\/wp\/v2\/ppma_author?post=12783"}],"curies":[{"name":"wp","href":"https:\/\/api.w.org\/{rel}","templated":true}]}}