{"id":12759,"date":"2013-09-06T09:00:35","date_gmt":"2013-09-06T07:00:35","guid":{"rendered":"https:\/\/www.gold.fr\/news\/?p=12759"},"modified":"2019-08-16T13:00:40","modified_gmt":"2019-08-16T11:00:40","slug":"lor-fremit-en-attendant-la-prise-de-cap-bce","status":"publish","type":"post","link":"https:\/\/www.gold.fr\/news\/2013\/09\/06\/lor-fremit-en-attendant-la-prise-de-cap-bce\/","title":{"rendered":"L\u2019or fr\u00e9mit, en attendant la prise de cap BCE"},"content":{"rendered":"<p><span style=\"font-size: small;\"><img loading=\"lazy\" decoding=\"async\" class=\"alignleft size-thumbnail wp-image-4027\" title=\"L\u2019or fr\u00e9mit, en attendant la prise de cap BCE\" src=\"https:\/\/www.gold.fr\/news\/wp-content\/uploads\/2011\/11\/BA5623-001-150x150.jpg\" alt=\"\" width=\"150\" height=\"150\" \/>A l&rsquo;ouverture de la s\u00e9ance d&rsquo;hier, <a title=\"L\u2019or est rattrap\u00e9 par une conjoncture apais\u00e9e\" href=\"https:\/\/www.gold.fr\/news\/2013\/09\/05\/lor-est-rattrape-par-une-conjoncture-apaisee\/12757\/\" target=\"_blank\" rel=\"noopener noreferrer\">jeudi 5 septembre<\/a>, le <a class=\"esk-seo-plu-link\" href=\"https:\/\/www.gold.fr\/news\/tags\/or\">m\u00e9tal jaune<\/a> semblait subir le contre-coup d&rsquo;une conjoncture mondiale apais\u00e9e. <a title=\"L\u2019or fr\u00e9mit, en attendant le retour du parlement US\" href=\"https:\/\/www.gold.fr\/news\/2013\/09\/04\/lor-fremit-en-attendant-le-retour-du-parlement-us\/12743\/\" target=\"_blank\" rel=\"noopener noreferrer\">Entre conflit am\u00e9ricain-syrien mis en attente<\/a>, et un compte rendu <strong>BCE<\/strong> tr\u00e8s attendu, le mot d&rsquo;ordre du moment est sans aucun doute \u00ab\u00a0<em>attentisme<\/em>\u00ab\u00a0.<\/span> <span style=\"font-size: small;\"> Pourtant, depuis le milieu de la semaine, les inqui\u00e9tudes relatives \u00e0 une offensive am\u00e9ricaine contre les forces de <strong>Bashar Al Assad<\/strong> sont de retour. Certes, l&rsquo;administration <strong>Obama<\/strong> attend toujours la rentr\u00e9e parlementaire (<strong>9 septembre<\/strong>), dans l&rsquo;espoir d&rsquo;obtenir un accord officiel pour mener l&rsquo;offensive. Mais <strong>John Boehner<\/strong>, porte-parole du groupe des parlementaires r\u00e9publicains, s&rsquo;est d\u00e9j\u00e0 exprim\u00e9 sur la question, d\u00e9clarant \u00ab <em>approuver l&rsquo;id\u00e9e des frappes a\u00e9riennes propos\u00e9es par le pr\u00e9sident Obama<\/em> \u00bb.<\/span> <span style=\"font-size: small;\"> Rappelons que ces m\u00eames angoisses g\u00e9opolitiques avaient hiss\u00e9 le <a class=\"esk-seo-plu-link\" href=\"https:\/\/www.gold.fr\/news\/tags\/or\">m\u00e9tal jaune<\/a> vers un sommet de plus de <strong>1 433 dollars<\/strong> <a title=\"Prix de l'Once d'Or\" href=\"https:\/\/www.gold.fr\/once-en\/\" target=\"_blank\" rel=\"noopener noreferrer\">l\u2019once<\/a>, la semaine derni\u00e8re, soit sa meilleure performance en trois mois et demi. D&rsquo;un autre c\u00f4t\u00e9, un rapport officiel r\u00e9v\u00e9lait cette semaine que l&rsquo;activit\u00e9 des usines am\u00e9ricaines avait enregistr\u00e9, durant le mois \u00e9coul\u00e9 (ao\u00fbt) son plus fort rebond depuis le mois d&rsquo;avril 2011, ravivant ainsi les sp\u00e9culations relatives \u00e0 une fermeture des robinets mon\u00e9taires de la <strong>FED<\/strong>.<\/span> <span style=\"font-size: small;\"> Force est de constater que la situation actuelle \u2013tr\u00e8s partag\u00e9e- place le <a class=\"esk-seo-plu-link\" href=\"https:\/\/www.gold.fr\/news\/tags\/or\">m\u00e9tal jaune<\/a> dans une position tout aussi mitig\u00e9e.<\/span><\/p>\n<!-- AddThis Advanced Settings generic via filter on the_content --><!-- AddThis Share Buttons generic via filter on the_content -->","protected":false},"excerpt":{"rendered":"<p>A l&rsquo;ouverture de la s\u00e9ance d&rsquo;hier, jeudi 5 septembre, le m\u00e9tal jaune semblait subir le contre-coup d&rsquo;une conjoncture mondiale apais\u00e9e. Entre conflit am\u00e9ricain-syrien mis en attente, et un compte rendu BCE tr\u00e8s attendu, le mot d&rsquo;ordre [&hellip;]<\/p>\n","protected":false},"author":18,"featured_media":4027,"comment_status":"open","ping_status":"open","sticky":false,"template":"","format":"standard","meta":{"_mbp_gutenberg_autopost":false,"_pgmb_is_evergreen":false,"_pgmb_ap_template_id":0,"footnotes":""},"categories":[6],"tags":[143,1518,1517,986,85,962,1500],"ppma_author":[2565],"class_list":["post-12759","post","type-post","status-publish","format-standard","has-post-thumbnail","hentry","category-articles-de-presse","tag-bce","tag-cap-bce","tag-conflit-americain-syrien","tag-obama","tag-once-dor","tag-prix-or","tag-syrie"],"yoast_head":"<!-- This site is optimized with the Yoast SEO plugin v27.5 - https:\/\/yoast.com\/product\/yoast-seo-wordpress\/ -->\n<title>L\u2019or fr\u00e9mit, en attendant la prise de cap BCE - Gold.fr<\/title>\n<meta name=\"description\" content=\"L&#039;or fr\u00e9mit, en attendant la prise de cap BCE. Pour en savoir plus, rendez-vous sur Gold.fr. Le site d&#039;actualit\u00e9 du Comptoir National de l&#039;Or.\" \/>\n<meta name=\"robots\" content=\"index, follow, max-snippet:-1, max-image-preview:large, max-video-preview:-1\" \/>\n<link rel=\"canonical\" href=\"https:\/\/www.gold.fr\/news\/2013\/09\/06\/lor-fremit-en-attendant-la-prise-de-cap-bce\/\" \/>\n<meta property=\"og:locale\" content=\"fr_FR\" \/>\n<meta property=\"og:type\" content=\"article\" \/>\n<meta property=\"og:title\" content=\"L\u2019or fr\u00e9mit, en attendant la prise de cap BCE - Gold.fr\" \/>\n<meta property=\"og:description\" content=\"L&#039;or fr\u00e9mit, en attendant la prise de cap BCE. Pour en savoir plus, rendez-vous sur Gold.fr. Le site d&#039;actualit\u00e9 du Comptoir National de l&#039;Or.\" \/>\n<meta property=\"og:url\" content=\"https:\/\/www.gold.fr\/news\/2013\/09\/06\/lor-fremit-en-attendant-la-prise-de-cap-bce\/\" \/>\n<meta property=\"og:site_name\" content=\"Gold.fr\" \/>\n<meta property=\"article:publisher\" content=\"https:\/\/www.facebook.com\/Goldfr\/\" \/>\n<meta property=\"article:published_time\" content=\"2013-09-06T07:00:35+00:00\" \/>\n<meta property=\"article:modified_time\" content=\"2019-08-16T11:00:40+00:00\" \/>\n<meta property=\"og:image\" content=\"https:\/\/www.gold.fr\/news\/wp-content\/uploads\/2011\/11\/BA5623-001.jpg\" \/>\n\t<meta property=\"og:image:width\" content=\"600\" \/>\n\t<meta property=\"og:image:height\" content=\"384\" \/>\n\t<meta property=\"og:image:type\" content=\"image\/jpeg\" \/>\n<meta name=\"author\" content=\"Comptoir National de l&#039;Or\" \/>\n<meta name=\"twitter:card\" content=\"summary_large_image\" \/>\n<meta name=\"twitter:label1\" content=\"\u00c9crit par\" \/>\n\t<meta name=\"twitter:data1\" content=\"Comptoir National de l&#039;Or\" \/>\n\t<meta name=\"twitter:label2\" content=\"Dur\u00e9e de lecture estim\u00e9e\" \/>\n\t<meta name=\"twitter:data2\" content=\"1 minute\" \/>\n<script type=\"application\/ld+json\" class=\"yoast-schema-graph\">{\"@context\":\"https:\\\/\\\/schema.org\",\"@graph\":[{\"@type\":\"Article\",\"@id\":\"https:\\\/\\\/www.gold.fr\\\/news\\\/2013\\\/09\\\/06\\\/lor-fremit-en-attendant-la-prise-de-cap-bce\\\/#article\",\"isPartOf\":{\"@id\":\"https:\\\/\\\/www.gold.fr\\\/news\\\/2013\\\/09\\\/06\\\/lor-fremit-en-attendant-la-prise-de-cap-bce\\\/\"},\"author\":{\"name\":\"Comptoir National de l'Or\",\"@id\":\"https:\\\/\\\/www.gold.fr\\\/news\\\/#\\\/schema\\\/person\\\/070491b4b4fb7671bf59b3be20302ce9\"},\"headline\":\"L\u2019or fr\u00e9mit, en attendant la prise de cap BCE\",\"datePublished\":\"2013-09-06T07:00:35+00:00\",\"dateModified\":\"2019-08-16T11:00:40+00:00\",\"mainEntityOfPage\":{\"@id\":\"https:\\\/\\\/www.gold.fr\\\/news\\\/2013\\\/09\\\/06\\\/lor-fremit-en-attendant-la-prise-de-cap-bce\\\/\"},\"wordCount\":257,\"commentCount\":0,\"image\":{\"@id\":\"https:\\\/\\\/www.gold.fr\\\/news\\\/2013\\\/09\\\/06\\\/lor-fremit-en-attendant-la-prise-de-cap-bce\\\/#primaryimage\"},\"thumbnailUrl\":\"https:\\\/\\\/www.gold.fr\\\/news\\\/wp-content\\\/uploads\\\/2011\\\/11\\\/BA5623-001.jpg\",\"keywords\":[\"bce\",\"cap BCE\",\"conflit am\u00e9ricain-syrien\",\"Obama\",\"once d'or\",\"prix or\",\"Syrie\"],\"articleSection\":[\"Articles de presse\"],\"inLanguage\":\"fr-FR\"},{\"@type\":\"WebPage\",\"@id\":\"https:\\\/\\\/www.gold.fr\\\/news\\\/2013\\\/09\\\/06\\\/lor-fremit-en-attendant-la-prise-de-cap-bce\\\/\",\"url\":\"https:\\\/\\\/www.gold.fr\\\/news\\\/2013\\\/09\\\/06\\\/lor-fremit-en-attendant-la-prise-de-cap-bce\\\/\",\"name\":\"L\u2019or fr\u00e9mit, en attendant la prise de cap BCE - Gold.fr\",\"isPartOf\":{\"@id\":\"https:\\\/\\\/www.gold.fr\\\/news\\\/#website\"},\"primaryImageOfPage\":{\"@id\":\"https:\\\/\\\/www.gold.fr\\\/news\\\/2013\\\/09\\\/06\\\/lor-fremit-en-attendant-la-prise-de-cap-bce\\\/#primaryimage\"},\"image\":{\"@id\":\"https:\\\/\\\/www.gold.fr\\\/news\\\/2013\\\/09\\\/06\\\/lor-fremit-en-attendant-la-prise-de-cap-bce\\\/#primaryimage\"},\"thumbnailUrl\":\"https:\\\/\\\/www.gold.fr\\\/news\\\/wp-content\\\/uploads\\\/2011\\\/11\\\/BA5623-001.jpg\",\"datePublished\":\"2013-09-06T07:00:35+00:00\",\"dateModified\":\"2019-08-16T11:00:40+00:00\",\"author\":{\"@id\":\"https:\\\/\\\/www.gold.fr\\\/news\\\/#\\\/schema\\\/person\\\/070491b4b4fb7671bf59b3be20302ce9\"},\"description\":\"L'or fr\u00e9mit, en attendant la prise de cap BCE. Pour en savoir plus, rendez-vous sur Gold.fr. Le site d'actualit\u00e9 du Comptoir National de l'Or.\",\"breadcrumb\":{\"@id\":\"https:\\\/\\\/www.gold.fr\\\/news\\\/2013\\\/09\\\/06\\\/lor-fremit-en-attendant-la-prise-de-cap-bce\\\/#breadcrumb\"},\"inLanguage\":\"fr-FR\",\"potentialAction\":[{\"@type\":\"ReadAction\",\"target\":[\"https:\\\/\\\/www.gold.fr\\\/news\\\/2013\\\/09\\\/06\\\/lor-fremit-en-attendant-la-prise-de-cap-bce\\\/\"]}]},{\"@type\":\"ImageObject\",\"inLanguage\":\"fr-FR\",\"@id\":\"https:\\\/\\\/www.gold.fr\\\/news\\\/2013\\\/09\\\/06\\\/lor-fremit-en-attendant-la-prise-de-cap-bce\\\/#primaryimage\",\"url\":\"https:\\\/\\\/www.gold.fr\\\/news\\\/wp-content\\\/uploads\\\/2011\\\/11\\\/BA5623-001.jpg\",\"contentUrl\":\"https:\\\/\\\/www.gold.fr\\\/news\\\/wp-content\\\/uploads\\\/2011\\\/11\\\/BA5623-001.jpg\",\"width\":\"600\",\"height\":\"384\",\"caption\":\"March\u00e9s euro : Entre espoir et scepticisme\"},{\"@type\":\"BreadcrumbList\",\"@id\":\"https:\\\/\\\/www.gold.fr\\\/news\\\/2013\\\/09\\\/06\\\/lor-fremit-en-attendant-la-prise-de-cap-bce\\\/#breadcrumb\",\"itemListElement\":[{\"@type\":\"ListItem\",\"position\":1,\"name\":\"Accueil\",\"item\":\"https:\\\/\\\/www.gold.fr\\\/\"},{\"@type\":\"ListItem\",\"position\":2,\"name\":\"Actualit\u00e9s\",\"item\":\"https:\\\/\\\/www.gold.fr\\\/news\\\/\"},{\"@type\":\"ListItem\",\"position\":3,\"name\":\"L\u2019or fr\u00e9mit, en attendant la prise de cap BCE\"}]},{\"@type\":\"WebSite\",\"@id\":\"https:\\\/\\\/www.gold.fr\\\/news\\\/#website\",\"url\":\"https:\\\/\\\/www.gold.fr\\\/news\\\/\",\"name\":\"Gold.fr\",\"description\":\"Actualit\u00e9s de l&#039;Or et des m\u00e9taux pr\u00e9cieux\",\"potentialAction\":[{\"@type\":\"SearchAction\",\"target\":{\"@type\":\"EntryPoint\",\"urlTemplate\":\"https:\\\/\\\/www.gold.fr\\\/news\\\/?s={search_term_string}\"},\"query-input\":{\"@type\":\"PropertyValueSpecification\",\"valueRequired\":true,\"valueName\":\"search_term_string\"}}],\"inLanguage\":\"fr-FR\"},{\"@type\":\"Person\",\"@id\":\"https:\\\/\\\/www.gold.fr\\\/news\\\/#\\\/schema\\\/person\\\/070491b4b4fb7671bf59b3be20302ce9\",\"name\":\"Comptoir National de l'Or\",\"image\":{\"@type\":\"ImageObject\",\"inLanguage\":\"fr-FR\",\"@id\":\"https:\\\/\\\/secure.gravatar.com\\\/avatar\\\/0a2867fd5abe37bed95d5a65e9d58f01756e11efc68af9888dfc50cfa7f65948?s=96&d=mm&r=gb490554db0a38188709de567aa58480d\",\"url\":\"https:\\\/\\\/secure.gravatar.com\\\/avatar\\\/0a2867fd5abe37bed95d5a65e9d58f01756e11efc68af9888dfc50cfa7f65948?s=96&d=mm&r=g\",\"contentUrl\":\"https:\\\/\\\/secure.gravatar.com\\\/avatar\\\/0a2867fd5abe37bed95d5a65e9d58f01756e11efc68af9888dfc50cfa7f65948?s=96&d=mm&r=g\",\"caption\":\"Comptoir National de l'Or\"},\"description\":\"Notre r\u00e9daction est constitu\u00e9e de membres experts dans les m\u00e9tiers de l'\u00e9conomie et la gestion, des Responsables d'agence Comptoir National de l'Or, des analystes financiers qui publient r\u00e9guli\u00e8rement des \u00e9tudes sur les politiques des banques centrales, le cours de l'or, prix de l'or, cours de l'argent, prix de l'argent, cours du platine, cours du palladium,... la situation en zone euro et l'impact de la strat\u00e9gie mon\u00e9taire de la FED. Notre \u00e9quipe scrute \u00e9galement une information plus g\u00e9n\u00e9raliste \u00e0 la recherche d'actualit\u00e9 \\\"p\u00e9pite\\\" \u00e0 vous partager. Depuis 5 ans, nous avons publi\u00e9 un peu plus de 4000 articles qui s'adressent \u00e0 un public large et vari\u00e9 ayant pour objectif de satisfaire votre curiosit\u00e9 et de partager avec vous une certaine fascination pour le m\u00e9tal jaune, le rachat d'or, et pour ceux qui veulent investir dans l'or, vendre leur or tout simplement en savoir plus... Pour tous vos achat or et argent, n'h\u00e9sitez pas \u00e0 prendre rendez-vous dans l'un de nos nombreux comptoirs.\",\"sameAs\":[\"https:\\\/\\\/www.gold.fr\"]}]}<\/script>\n<!-- \/ Yoast SEO plugin. -->","yoast_head_json":{"title":"L\u2019or fr\u00e9mit, en attendant la prise de cap BCE - Gold.fr","description":"L'or fr\u00e9mit, en attendant la prise de cap BCE. Pour en savoir plus, rendez-vous sur Gold.fr. Le site d'actualit\u00e9 du Comptoir National de l'Or.","robots":{"index":"index","follow":"follow","max-snippet":"max-snippet:-1","max-image-preview":"max-image-preview:large","max-video-preview":"max-video-preview:-1"},"canonical":"https:\/\/www.gold.fr\/news\/2013\/09\/06\/lor-fremit-en-attendant-la-prise-de-cap-bce\/","og_locale":"fr_FR","og_type":"article","og_title":"L\u2019or fr\u00e9mit, en attendant la prise de cap BCE - Gold.fr","og_description":"L'or fr\u00e9mit, en attendant la prise de cap BCE. Pour en savoir plus, rendez-vous sur Gold.fr. Le site d'actualit\u00e9 du Comptoir National de l'Or.","og_url":"https:\/\/www.gold.fr\/news\/2013\/09\/06\/lor-fremit-en-attendant-la-prise-de-cap-bce\/","og_site_name":"Gold.fr","article_publisher":"https:\/\/www.facebook.com\/Goldfr\/","article_published_time":"2013-09-06T07:00:35+00:00","article_modified_time":"2019-08-16T11:00:40+00:00","og_image":[{"width":600,"height":384,"url":"https:\/\/www.gold.fr\/news\/wp-content\/uploads\/2011\/11\/BA5623-001.jpg","type":"image\/jpeg"}],"author":"Comptoir National de l'Or","twitter_card":"summary_large_image","twitter_misc":{"\u00c9crit par":"Comptoir National de l'Or","Dur\u00e9e de lecture estim\u00e9e":"1 minute"},"schema":{"@context":"https:\/\/schema.org","@graph":[{"@type":"Article","@id":"https:\/\/www.gold.fr\/news\/2013\/09\/06\/lor-fremit-en-attendant-la-prise-de-cap-bce\/#article","isPartOf":{"@id":"https:\/\/www.gold.fr\/news\/2013\/09\/06\/lor-fremit-en-attendant-la-prise-de-cap-bce\/"},"author":{"name":"Comptoir National de l'Or","@id":"https:\/\/www.gold.fr\/news\/#\/schema\/person\/070491b4b4fb7671bf59b3be20302ce9"},"headline":"L\u2019or fr\u00e9mit, en attendant la prise de cap BCE","datePublished":"2013-09-06T07:00:35+00:00","dateModified":"2019-08-16T11:00:40+00:00","mainEntityOfPage":{"@id":"https:\/\/www.gold.fr\/news\/2013\/09\/06\/lor-fremit-en-attendant-la-prise-de-cap-bce\/"},"wordCount":257,"commentCount":0,"image":{"@id":"https:\/\/www.gold.fr\/news\/2013\/09\/06\/lor-fremit-en-attendant-la-prise-de-cap-bce\/#primaryimage"},"thumbnailUrl":"https:\/\/www.gold.fr\/news\/wp-content\/uploads\/2011\/11\/BA5623-001.jpg","keywords":["bce","cap BCE","conflit am\u00e9ricain-syrien","Obama","once d'or","prix or","Syrie"],"articleSection":["Articles de presse"],"inLanguage":"fr-FR"},{"@type":"WebPage","@id":"https:\/\/www.gold.fr\/news\/2013\/09\/06\/lor-fremit-en-attendant-la-prise-de-cap-bce\/","url":"https:\/\/www.gold.fr\/news\/2013\/09\/06\/lor-fremit-en-attendant-la-prise-de-cap-bce\/","name":"L\u2019or fr\u00e9mit, en attendant la prise de cap BCE - Gold.fr","isPartOf":{"@id":"https:\/\/www.gold.fr\/news\/#website"},"primaryImageOfPage":{"@id":"https:\/\/www.gold.fr\/news\/2013\/09\/06\/lor-fremit-en-attendant-la-prise-de-cap-bce\/#primaryimage"},"image":{"@id":"https:\/\/www.gold.fr\/news\/2013\/09\/06\/lor-fremit-en-attendant-la-prise-de-cap-bce\/#primaryimage"},"thumbnailUrl":"https:\/\/www.gold.fr\/news\/wp-content\/uploads\/2011\/11\/BA5623-001.jpg","datePublished":"2013-09-06T07:00:35+00:00","dateModified":"2019-08-16T11:00:40+00:00","author":{"@id":"https:\/\/www.gold.fr\/news\/#\/schema\/person\/070491b4b4fb7671bf59b3be20302ce9"},"description":"L'or fr\u00e9mit, en attendant la prise de cap BCE. Pour en savoir plus, rendez-vous sur Gold.fr. Le site d'actualit\u00e9 du Comptoir National de l'Or.","breadcrumb":{"@id":"https:\/\/www.gold.fr\/news\/2013\/09\/06\/lor-fremit-en-attendant-la-prise-de-cap-bce\/#breadcrumb"},"inLanguage":"fr-FR","potentialAction":[{"@type":"ReadAction","target":["https:\/\/www.gold.fr\/news\/2013\/09\/06\/lor-fremit-en-attendant-la-prise-de-cap-bce\/"]}]},{"@type":"ImageObject","inLanguage":"fr-FR","@id":"https:\/\/www.gold.fr\/news\/2013\/09\/06\/lor-fremit-en-attendant-la-prise-de-cap-bce\/#primaryimage","url":"https:\/\/www.gold.fr\/news\/wp-content\/uploads\/2011\/11\/BA5623-001.jpg","contentUrl":"https:\/\/www.gold.fr\/news\/wp-content\/uploads\/2011\/11\/BA5623-001.jpg","width":"600","height":"384","caption":"March\u00e9s euro : Entre espoir et scepticisme"},{"@type":"BreadcrumbList","@id":"https:\/\/www.gold.fr\/news\/2013\/09\/06\/lor-fremit-en-attendant-la-prise-de-cap-bce\/#breadcrumb","itemListElement":[{"@type":"ListItem","position":1,"name":"Accueil","item":"https:\/\/www.gold.fr\/"},{"@type":"ListItem","position":2,"name":"Actualit\u00e9s","item":"https:\/\/www.gold.fr\/news\/"},{"@type":"ListItem","position":3,"name":"L\u2019or fr\u00e9mit, en attendant la prise de cap BCE"}]},{"@type":"WebSite","@id":"https:\/\/www.gold.fr\/news\/#website","url":"https:\/\/www.gold.fr\/news\/","name":"Gold.fr","description":"Actualit\u00e9s de l&#039;Or et des m\u00e9taux pr\u00e9cieux","potentialAction":[{"@type":"SearchAction","target":{"@type":"EntryPoint","urlTemplate":"https:\/\/www.gold.fr\/news\/?s={search_term_string}"},"query-input":{"@type":"PropertyValueSpecification","valueRequired":true,"valueName":"search_term_string"}}],"inLanguage":"fr-FR"},{"@type":"Person","@id":"https:\/\/www.gold.fr\/news\/#\/schema\/person\/070491b4b4fb7671bf59b3be20302ce9","name":"Comptoir National de l'Or","image":{"@type":"ImageObject","inLanguage":"fr-FR","@id":"https:\/\/secure.gravatar.com\/avatar\/0a2867fd5abe37bed95d5a65e9d58f01756e11efc68af9888dfc50cfa7f65948?s=96&d=mm&r=gb490554db0a38188709de567aa58480d","url":"https:\/\/secure.gravatar.com\/avatar\/0a2867fd5abe37bed95d5a65e9d58f01756e11efc68af9888dfc50cfa7f65948?s=96&d=mm&r=g","contentUrl":"https:\/\/secure.gravatar.com\/avatar\/0a2867fd5abe37bed95d5a65e9d58f01756e11efc68af9888dfc50cfa7f65948?s=96&d=mm&r=g","caption":"Comptoir National de l'Or"},"description":"Notre r\u00e9daction est constitu\u00e9e de membres experts dans les m\u00e9tiers de l'\u00e9conomie et la gestion, des Responsables d'agence Comptoir National de l'Or, des analystes financiers qui publient r\u00e9guli\u00e8rement des \u00e9tudes sur les politiques des banques centrales, le cours de l'or, prix de l'or, cours de l'argent, prix de l'argent, cours du platine, cours du palladium,... la situation en zone euro et l'impact de la strat\u00e9gie mon\u00e9taire de la FED. Notre \u00e9quipe scrute \u00e9galement une information plus g\u00e9n\u00e9raliste \u00e0 la recherche d'actualit\u00e9 \"p\u00e9pite\" \u00e0 vous partager. Depuis 5 ans, nous avons publi\u00e9 un peu plus de 4000 articles qui s'adressent \u00e0 un public large et vari\u00e9 ayant pour objectif de satisfaire votre curiosit\u00e9 et de partager avec vous une certaine fascination pour le m\u00e9tal jaune, le rachat d'or, et pour ceux qui veulent investir dans l'or, vendre leur or tout simplement en savoir plus... Pour tous vos achat or et argent, n'h\u00e9sitez pas \u00e0 prendre rendez-vous dans l'un de nos nombreux comptoirs.","sameAs":["https:\/\/www.gold.fr"]}]}},"authors":[{"term_id":2565,"user_id":18,"is_guest":0,"slug":"julie","display_name":"Comptoir National de l'Or","avatar_url":"https:\/\/secure.gravatar.com\/avatar\/713f289e398d35ead876c4a4cc08607f0d6d266058cfc25683fffb6092d0e572?s=96&d=mm&r=g","0":null,"1":"","2":"","3":"","4":"","5":"","6":"","7":"","8":""}],"_links":{"self":[{"href":"https:\/\/www.gold.fr\/news\/wp-json\/wp\/v2\/posts\/12759","targetHints":{"allow":["GET"]}}],"collection":[{"href":"https:\/\/www.gold.fr\/news\/wp-json\/wp\/v2\/posts"}],"about":[{"href":"https:\/\/www.gold.fr\/news\/wp-json\/wp\/v2\/types\/post"}],"author":[{"embeddable":true,"href":"https:\/\/www.gold.fr\/news\/wp-json\/wp\/v2\/users\/18"}],"replies":[{"embeddable":true,"href":"https:\/\/www.gold.fr\/news\/wp-json\/wp\/v2\/comments?post=12759"}],"version-history":[{"count":0,"href":"https:\/\/www.gold.fr\/news\/wp-json\/wp\/v2\/posts\/12759\/revisions"}],"wp:featuredmedia":[{"embeddable":true,"href":"https:\/\/www.gold.fr\/news\/wp-json\/wp\/v2\/media\/4027"}],"wp:attachment":[{"href":"https:\/\/www.gold.fr\/news\/wp-json\/wp\/v2\/media?parent=12759"}],"wp:term":[{"taxonomy":"category","embeddable":true,"href":"https:\/\/www.gold.fr\/news\/wp-json\/wp\/v2\/categories?post=12759"},{"taxonomy":"post_tag","embeddable":true,"href":"https:\/\/www.gold.fr\/news\/wp-json\/wp\/v2\/tags?post=12759"},{"taxonomy":"author","embeddable":true,"href":"https:\/\/www.gold.fr\/news\/wp-json\/wp\/v2\/ppma_author?post=12759"}],"curies":[{"name":"wp","href":"https:\/\/api.w.org\/{rel}","templated":true}]}}