{"id":12754,"date":"2013-09-05T17:00:54","date_gmt":"2013-09-05T15:00:54","guid":{"rendered":"https:\/\/www.gold.fr\/news\/?p=12754"},"modified":"2017-11-02T11:39:51","modified_gmt":"2017-11-02T10:39:51","slug":"evolution-de-lor-le-facteur-chinois","status":"publish","type":"post","link":"https:\/\/www.gold.fr\/news\/2013\/09\/05\/evolution-de-lor-le-facteur-chinois\/","title":{"rendered":"Evolution de l&rsquo;or &#8211; Le facteur chinois"},"content":{"rendered":"<p><span style=\"font-size: small;\"><img loading=\"lazy\" decoding=\"async\" class=\"alignleft size-thumbnail wp-image-7205\" title=\"Evolution de l'or - Le facteur chinois\" src=\"https:\/\/www.gold.fr\/news\/wp-content\/uploads\/2012\/04\/Achat-Or-150x150.jpg\" alt=\"\" width=\"150\" height=\"150\" \/><a title=\"Les mati\u00e8res premi\u00e8res au top \u2013 Bilan\" href=\"https:\/\/www.gold.fr\/news\/2013\/09\/04\/les-matieres-premieres-au-top-bilan\/12746\/\" target=\"_blank\">Le march\u00e9 des mati\u00e8res premi\u00e8res<\/a>, et plus particuli\u00e8rement celui du <a href='https:\/\/www.gold.fr\/news\/tags\/or' class='esk-seo-plu-link'>m\u00e9tal jaune<\/a>, connait un rebond qui vient effacer ses performances en dents de scie, depuis le d\u00e9but de l&rsquo;ann\u00e9e 2013.<\/span>    <span style=\"font-size: small;\"> En t\u00eate de liste des raisons expliquant cette reprise, on retrouve l&rsquo;app\u00e9tit des consommateurs les plus fid\u00e8les de relique barbare. <a title=\"La performance chinoise soutient l\u2019or\" href=\"https:\/\/www.gold.fr\/news\/2013\/09\/03\/la-performance-chinoise-soutient-lor\/12738\/\" target=\"_blank\">La Chine, pays notoirement connu pour sa gourmandise inconditionnelle pour l\u2019or<\/a>, est actuellement qualifi\u00e9e par les observateurs de \u00ab <em>catalyseur <\/em>\u00bb de la r\u00e9cente hausse du <a href='https:\/\/www.gold.fr\/news\/tags\/or' class='esk-seo-plu-link'>m\u00e9tal jaune<\/a>. Le spectre d&rsquo;un ralentissement de la deuxi\u00e8me \u00e9conomie mondiale avait plan\u00e9, durant quelques mois, au dessus des march\u00e9s d&rsquo;investissement. Cette menace est d\u00e9sormais \u00e9cart\u00e9e.<\/span>    <span style=\"font-size: small;\"> Les experts d&rsquo;<strong>ANZ<\/strong> soulignent d&rsquo;ailleurs que \u00ab\u2009<em>le sentiment envers la Chine a chang\u00e9 en ao\u00fbt, avec l&rsquo;am\u00e9lioration des indicateurs de l&rsquo;\u00e9conomie r\u00e9elle.<\/em>\u2009\u00bb. Parmi les derni\u00e8res bonnes nouvelles \u00e0 ce sujet, on notera l&rsquo;indice <strong>PMI<\/strong> de <strong>HSBC<\/strong> qui a fait l&rsquo;objet d&rsquo;une publication officielle au d\u00e9but de cette semaine, et qui annonce \u00ab <em>un retour \u00e0 la croissance dans le secteur manufacturier<\/em> \u00bb durant le mois d&rsquo;ao\u00fbt.<\/span>    <span style=\"font-size: small;\"> Pour <strong>Fr\u00e9d\u00e9ric Lasserre<\/strong>, pr\u00e9sident et cofondateur de la soci\u00e9t\u00e9 de gestion sur les mati\u00e8res premi\u00e8res <strong>Belaco Capital<\/strong>, il s&rsquo;agit litt\u00e9ralement ici d&rsquo;une nouvelle page dans l&rsquo;histoire du march\u00e9 des mati\u00e8res premi\u00e8res, affirmant que \u00ab\u2009<em>depuis fin 2012 d\u00e9but 2013, les mati\u00e8res premi\u00e8res ont retrouv\u00e9 une vie propre, un fonctionnement intrins\u00e8que<\/em>\u2009\u00bb.<\/span>    <span style=\"font-size: small;\"> En tout cas, avec le soutien de la Chine, l&rsquo;<a href='https:\/\/www.gold.fr\/news\/tags\/or' class='esk-seo-plu-link'>or<\/a> a r\u00e9ussi, cette semaine, \u00e0 retrouver ses belles couleurs et attaque cette rentr\u00e9e automnale avec une solide tendance haussi\u00e8re.<\/span><\/p>\n<!-- AddThis Advanced Settings generic via filter on the_content --><!-- AddThis Share Buttons generic via filter on the_content -->","protected":false},"excerpt":{"rendered":"<p>Le march\u00e9 des mati\u00e8res premi\u00e8res, et plus particuli\u00e8rement celui du m\u00e9tal jaune, connait un rebond qui vient effacer ses performances en dents de scie, depuis le d\u00e9but de l&rsquo;ann\u00e9e 2013. En t\u00eate de liste des raisons [&hellip;]<\/p>\n","protected":false},"author":18,"featured_media":7205,"comment_status":"open","ping_status":"open","sticky":false,"template":"","format":"standard","meta":{"_mbp_gutenberg_autopost":false,"_pgmb_is_evergreen":false,"_pgmb_ap_template_id":0,"footnotes":""},"categories":[6],"tags":[146,1167,120,1515],"ppma_author":[2565],"class_list":["post-12754","post","type-post","status-publish","format-standard","has-post-thumbnail","hentry","category-articles-de-presse","tag-chine","tag-evolution-or","tag-hausse-de-lor","tag-matieres-premieres"],"yoast_head":"<!-- This site is optimized with the Yoast SEO plugin v27.5 - https:\/\/yoast.com\/product\/yoast-seo-wordpress\/ -->\n<title>Evolution de l&#039;or - Le facteur chinois - Gold.fr<\/title>\n<meta name=\"robots\" content=\"index, follow, max-snippet:-1, max-image-preview:large, max-video-preview:-1\" \/>\n<link rel=\"canonical\" href=\"https:\/\/www.gold.fr\/news\/2013\/09\/05\/evolution-de-lor-le-facteur-chinois\/\" \/>\n<meta property=\"og:locale\" content=\"fr_FR\" \/>\n<meta property=\"og:type\" content=\"article\" \/>\n<meta property=\"og:title\" content=\"Evolution de l&#039;or - Le facteur chinois - Gold.fr\" \/>\n<meta property=\"og:description\" content=\"Le march\u00e9 des mati\u00e8res premi\u00e8res, et plus particuli\u00e8rement celui du m\u00e9tal jaune, connait un rebond qui vient effacer ses performances en dents de scie, depuis le d\u00e9but de l&rsquo;ann\u00e9e 2013. En t\u00eate de liste des raisons [&hellip;]\" \/>\n<meta property=\"og:url\" content=\"https:\/\/www.gold.fr\/news\/2013\/09\/05\/evolution-de-lor-le-facteur-chinois\/\" \/>\n<meta property=\"og:site_name\" content=\"Gold.fr\" \/>\n<meta property=\"article:publisher\" content=\"https:\/\/www.facebook.com\/Goldfr\/\" \/>\n<meta property=\"article:published_time\" content=\"2013-09-05T15:00:54+00:00\" \/>\n<meta property=\"article:modified_time\" content=\"2017-11-02T10:39:51+00:00\" \/>\n<meta property=\"og:image\" content=\"https:\/\/www.gold.fr\/news\/wp-content\/uploads\/2012\/04\/Achat-Or.jpg\" \/>\n\t<meta property=\"og:image:width\" content=\"600\" \/>\n\t<meta property=\"og:image:height\" content=\"447\" \/>\n\t<meta property=\"og:image:type\" content=\"image\/jpeg\" \/>\n<meta name=\"author\" content=\"Comptoir National de l&#039;Or\" \/>\n<meta name=\"twitter:card\" content=\"summary_large_image\" \/>\n<meta name=\"twitter:label1\" content=\"\u00c9crit par\" \/>\n\t<meta name=\"twitter:data1\" content=\"Comptoir National de l&#039;Or\" \/>\n\t<meta name=\"twitter:label2\" content=\"Dur\u00e9e de lecture estim\u00e9e\" \/>\n\t<meta name=\"twitter:data2\" content=\"1 minute\" \/>\n<script type=\"application\/ld+json\" class=\"yoast-schema-graph\">{\"@context\":\"https:\\\/\\\/schema.org\",\"@graph\":[{\"@type\":\"Article\",\"@id\":\"https:\\\/\\\/www.gold.fr\\\/news\\\/2013\\\/09\\\/05\\\/evolution-de-lor-le-facteur-chinois\\\/#article\",\"isPartOf\":{\"@id\":\"https:\\\/\\\/www.gold.fr\\\/news\\\/2013\\\/09\\\/05\\\/evolution-de-lor-le-facteur-chinois\\\/\"},\"author\":{\"name\":\"Comptoir National de l'Or\",\"@id\":\"https:\\\/\\\/www.gold.fr\\\/news\\\/#\\\/schema\\\/person\\\/070491b4b4fb7671bf59b3be20302ce9\"},\"headline\":\"Evolution de l&rsquo;or &#8211; Le facteur chinois\",\"datePublished\":\"2013-09-05T15:00:54+00:00\",\"dateModified\":\"2017-11-02T10:39:51+00:00\",\"mainEntityOfPage\":{\"@id\":\"https:\\\/\\\/www.gold.fr\\\/news\\\/2013\\\/09\\\/05\\\/evolution-de-lor-le-facteur-chinois\\\/\"},\"wordCount\":299,\"commentCount\":0,\"image\":{\"@id\":\"https:\\\/\\\/www.gold.fr\\\/news\\\/2013\\\/09\\\/05\\\/evolution-de-lor-le-facteur-chinois\\\/#primaryimage\"},\"thumbnailUrl\":\"https:\\\/\\\/www.gold.fr\\\/news\\\/wp-content\\\/uploads\\\/2012\\\/04\\\/Achat-Or.jpg\",\"keywords\":[\"chine\",\"evolution or\",\"hausse de l'or\",\"mati\u00e8res premi\u00e8res\"],\"articleSection\":[\"Articles de presse\"],\"inLanguage\":\"fr-FR\"},{\"@type\":\"WebPage\",\"@id\":\"https:\\\/\\\/www.gold.fr\\\/news\\\/2013\\\/09\\\/05\\\/evolution-de-lor-le-facteur-chinois\\\/\",\"url\":\"https:\\\/\\\/www.gold.fr\\\/news\\\/2013\\\/09\\\/05\\\/evolution-de-lor-le-facteur-chinois\\\/\",\"name\":\"Evolution de l'or - Le facteur chinois - Gold.fr\",\"isPartOf\":{\"@id\":\"https:\\\/\\\/www.gold.fr\\\/news\\\/#website\"},\"primaryImageOfPage\":{\"@id\":\"https:\\\/\\\/www.gold.fr\\\/news\\\/2013\\\/09\\\/05\\\/evolution-de-lor-le-facteur-chinois\\\/#primaryimage\"},\"image\":{\"@id\":\"https:\\\/\\\/www.gold.fr\\\/news\\\/2013\\\/09\\\/05\\\/evolution-de-lor-le-facteur-chinois\\\/#primaryimage\"},\"thumbnailUrl\":\"https:\\\/\\\/www.gold.fr\\\/news\\\/wp-content\\\/uploads\\\/2012\\\/04\\\/Achat-Or.jpg\",\"datePublished\":\"2013-09-05T15:00:54+00:00\",\"dateModified\":\"2017-11-02T10:39:51+00:00\",\"author\":{\"@id\":\"https:\\\/\\\/www.gold.fr\\\/news\\\/#\\\/schema\\\/person\\\/070491b4b4fb7671bf59b3be20302ce9\"},\"breadcrumb\":{\"@id\":\"https:\\\/\\\/www.gold.fr\\\/news\\\/2013\\\/09\\\/05\\\/evolution-de-lor-le-facteur-chinois\\\/#breadcrumb\"},\"inLanguage\":\"fr-FR\",\"potentialAction\":[{\"@type\":\"ReadAction\",\"target\":[\"https:\\\/\\\/www.gold.fr\\\/news\\\/2013\\\/09\\\/05\\\/evolution-de-lor-le-facteur-chinois\\\/\"]}]},{\"@type\":\"ImageObject\",\"inLanguage\":\"fr-FR\",\"@id\":\"https:\\\/\\\/www.gold.fr\\\/news\\\/2013\\\/09\\\/05\\\/evolution-de-lor-le-facteur-chinois\\\/#primaryimage\",\"url\":\"https:\\\/\\\/www.gold.fr\\\/news\\\/wp-content\\\/uploads\\\/2012\\\/04\\\/Achat-Or.jpg\",\"contentUrl\":\"https:\\\/\\\/www.gold.fr\\\/news\\\/wp-content\\\/uploads\\\/2012\\\/04\\\/Achat-Or.jpg\",\"width\":\"600\",\"height\":\"447\",\"caption\":\"L\u2019or en qu\u00eate d\u2019un catalyseur solide\"},{\"@type\":\"BreadcrumbList\",\"@id\":\"https:\\\/\\\/www.gold.fr\\\/news\\\/2013\\\/09\\\/05\\\/evolution-de-lor-le-facteur-chinois\\\/#breadcrumb\",\"itemListElement\":[{\"@type\":\"ListItem\",\"position\":1,\"name\":\"Accueil\",\"item\":\"https:\\\/\\\/www.gold.fr\\\/\"},{\"@type\":\"ListItem\",\"position\":2,\"name\":\"Actualit\u00e9s\",\"item\":\"https:\\\/\\\/www.gold.fr\\\/news\\\/\"},{\"@type\":\"ListItem\",\"position\":3,\"name\":\"Evolution de l&rsquo;or &#8211; Le facteur chinois\"}]},{\"@type\":\"WebSite\",\"@id\":\"https:\\\/\\\/www.gold.fr\\\/news\\\/#website\",\"url\":\"https:\\\/\\\/www.gold.fr\\\/news\\\/\",\"name\":\"Gold.fr\",\"description\":\"Actualit\u00e9s de l&#039;Or et des m\u00e9taux pr\u00e9cieux\",\"potentialAction\":[{\"@type\":\"SearchAction\",\"target\":{\"@type\":\"EntryPoint\",\"urlTemplate\":\"https:\\\/\\\/www.gold.fr\\\/news\\\/?s={search_term_string}\"},\"query-input\":{\"@type\":\"PropertyValueSpecification\",\"valueRequired\":true,\"valueName\":\"search_term_string\"}}],\"inLanguage\":\"fr-FR\"},{\"@type\":\"Person\",\"@id\":\"https:\\\/\\\/www.gold.fr\\\/news\\\/#\\\/schema\\\/person\\\/070491b4b4fb7671bf59b3be20302ce9\",\"name\":\"Comptoir National de l'Or\",\"image\":{\"@type\":\"ImageObject\",\"inLanguage\":\"fr-FR\",\"@id\":\"https:\\\/\\\/secure.gravatar.com\\\/avatar\\\/0a2867fd5abe37bed95d5a65e9d58f01756e11efc68af9888dfc50cfa7f65948?s=96&d=mm&r=gb490554db0a38188709de567aa58480d\",\"url\":\"https:\\\/\\\/secure.gravatar.com\\\/avatar\\\/0a2867fd5abe37bed95d5a65e9d58f01756e11efc68af9888dfc50cfa7f65948?s=96&d=mm&r=g\",\"contentUrl\":\"https:\\\/\\\/secure.gravatar.com\\\/avatar\\\/0a2867fd5abe37bed95d5a65e9d58f01756e11efc68af9888dfc50cfa7f65948?s=96&d=mm&r=g\",\"caption\":\"Comptoir National de l'Or\"},\"description\":\"Notre r\u00e9daction est constitu\u00e9e de membres experts dans les m\u00e9tiers de l'\u00e9conomie et la gestion, des Responsables d'agence Comptoir National de l'Or, des analystes financiers qui publient r\u00e9guli\u00e8rement des \u00e9tudes sur les politiques des banques centrales, le cours de l'or, prix de l'or, cours de l'argent, prix de l'argent, cours du platine, cours du palladium,... la situation en zone euro et l'impact de la strat\u00e9gie mon\u00e9taire de la FED. Notre \u00e9quipe scrute \u00e9galement une information plus g\u00e9n\u00e9raliste \u00e0 la recherche d'actualit\u00e9 \\\"p\u00e9pite\\\" \u00e0 vous partager. Depuis 5 ans, nous avons publi\u00e9 un peu plus de 4000 articles qui s'adressent \u00e0 un public large et vari\u00e9 ayant pour objectif de satisfaire votre curiosit\u00e9 et de partager avec vous une certaine fascination pour le m\u00e9tal jaune, le rachat d'or, et pour ceux qui veulent investir dans l'or, vendre leur or tout simplement en savoir plus... Pour tous vos achat or et argent, n'h\u00e9sitez pas \u00e0 prendre rendez-vous dans l'un de nos nombreux comptoirs.\",\"sameAs\":[\"https:\\\/\\\/www.gold.fr\"]}]}<\/script>\n<!-- \/ Yoast SEO plugin. -->","yoast_head_json":{"title":"Evolution de l'or - Le facteur chinois - Gold.fr","robots":{"index":"index","follow":"follow","max-snippet":"max-snippet:-1","max-image-preview":"max-image-preview:large","max-video-preview":"max-video-preview:-1"},"canonical":"https:\/\/www.gold.fr\/news\/2013\/09\/05\/evolution-de-lor-le-facteur-chinois\/","og_locale":"fr_FR","og_type":"article","og_title":"Evolution de l'or - Le facteur chinois - Gold.fr","og_description":"Le march\u00e9 des mati\u00e8res premi\u00e8res, et plus particuli\u00e8rement celui du m\u00e9tal jaune, connait un rebond qui vient effacer ses performances en dents de scie, depuis le d\u00e9but de l&rsquo;ann\u00e9e 2013. En t\u00eate de liste des raisons [&hellip;]","og_url":"https:\/\/www.gold.fr\/news\/2013\/09\/05\/evolution-de-lor-le-facteur-chinois\/","og_site_name":"Gold.fr","article_publisher":"https:\/\/www.facebook.com\/Goldfr\/","article_published_time":"2013-09-05T15:00:54+00:00","article_modified_time":"2017-11-02T10:39:51+00:00","og_image":[{"width":600,"height":447,"url":"https:\/\/www.gold.fr\/news\/wp-content\/uploads\/2012\/04\/Achat-Or.jpg","type":"image\/jpeg"}],"author":"Comptoir National de l'Or","twitter_card":"summary_large_image","twitter_misc":{"\u00c9crit par":"Comptoir National de l'Or","Dur\u00e9e de lecture estim\u00e9e":"1 minute"},"schema":{"@context":"https:\/\/schema.org","@graph":[{"@type":"Article","@id":"https:\/\/www.gold.fr\/news\/2013\/09\/05\/evolution-de-lor-le-facteur-chinois\/#article","isPartOf":{"@id":"https:\/\/www.gold.fr\/news\/2013\/09\/05\/evolution-de-lor-le-facteur-chinois\/"},"author":{"name":"Comptoir National de l'Or","@id":"https:\/\/www.gold.fr\/news\/#\/schema\/person\/070491b4b4fb7671bf59b3be20302ce9"},"headline":"Evolution de l&rsquo;or &#8211; Le facteur chinois","datePublished":"2013-09-05T15:00:54+00:00","dateModified":"2017-11-02T10:39:51+00:00","mainEntityOfPage":{"@id":"https:\/\/www.gold.fr\/news\/2013\/09\/05\/evolution-de-lor-le-facteur-chinois\/"},"wordCount":299,"commentCount":0,"image":{"@id":"https:\/\/www.gold.fr\/news\/2013\/09\/05\/evolution-de-lor-le-facteur-chinois\/#primaryimage"},"thumbnailUrl":"https:\/\/www.gold.fr\/news\/wp-content\/uploads\/2012\/04\/Achat-Or.jpg","keywords":["chine","evolution or","hausse de l'or","mati\u00e8res premi\u00e8res"],"articleSection":["Articles de presse"],"inLanguage":"fr-FR"},{"@type":"WebPage","@id":"https:\/\/www.gold.fr\/news\/2013\/09\/05\/evolution-de-lor-le-facteur-chinois\/","url":"https:\/\/www.gold.fr\/news\/2013\/09\/05\/evolution-de-lor-le-facteur-chinois\/","name":"Evolution de l'or - Le facteur chinois - Gold.fr","isPartOf":{"@id":"https:\/\/www.gold.fr\/news\/#website"},"primaryImageOfPage":{"@id":"https:\/\/www.gold.fr\/news\/2013\/09\/05\/evolution-de-lor-le-facteur-chinois\/#primaryimage"},"image":{"@id":"https:\/\/www.gold.fr\/news\/2013\/09\/05\/evolution-de-lor-le-facteur-chinois\/#primaryimage"},"thumbnailUrl":"https:\/\/www.gold.fr\/news\/wp-content\/uploads\/2012\/04\/Achat-Or.jpg","datePublished":"2013-09-05T15:00:54+00:00","dateModified":"2017-11-02T10:39:51+00:00","author":{"@id":"https:\/\/www.gold.fr\/news\/#\/schema\/person\/070491b4b4fb7671bf59b3be20302ce9"},"breadcrumb":{"@id":"https:\/\/www.gold.fr\/news\/2013\/09\/05\/evolution-de-lor-le-facteur-chinois\/#breadcrumb"},"inLanguage":"fr-FR","potentialAction":[{"@type":"ReadAction","target":["https:\/\/www.gold.fr\/news\/2013\/09\/05\/evolution-de-lor-le-facteur-chinois\/"]}]},{"@type":"ImageObject","inLanguage":"fr-FR","@id":"https:\/\/www.gold.fr\/news\/2013\/09\/05\/evolution-de-lor-le-facteur-chinois\/#primaryimage","url":"https:\/\/www.gold.fr\/news\/wp-content\/uploads\/2012\/04\/Achat-Or.jpg","contentUrl":"https:\/\/www.gold.fr\/news\/wp-content\/uploads\/2012\/04\/Achat-Or.jpg","width":"600","height":"447","caption":"L\u2019or en qu\u00eate d\u2019un catalyseur solide"},{"@type":"BreadcrumbList","@id":"https:\/\/www.gold.fr\/news\/2013\/09\/05\/evolution-de-lor-le-facteur-chinois\/#breadcrumb","itemListElement":[{"@type":"ListItem","position":1,"name":"Accueil","item":"https:\/\/www.gold.fr\/"},{"@type":"ListItem","position":2,"name":"Actualit\u00e9s","item":"https:\/\/www.gold.fr\/news\/"},{"@type":"ListItem","position":3,"name":"Evolution de l&rsquo;or &#8211; Le facteur chinois"}]},{"@type":"WebSite","@id":"https:\/\/www.gold.fr\/news\/#website","url":"https:\/\/www.gold.fr\/news\/","name":"Gold.fr","description":"Actualit\u00e9s de l&#039;Or et des m\u00e9taux pr\u00e9cieux","potentialAction":[{"@type":"SearchAction","target":{"@type":"EntryPoint","urlTemplate":"https:\/\/www.gold.fr\/news\/?s={search_term_string}"},"query-input":{"@type":"PropertyValueSpecification","valueRequired":true,"valueName":"search_term_string"}}],"inLanguage":"fr-FR"},{"@type":"Person","@id":"https:\/\/www.gold.fr\/news\/#\/schema\/person\/070491b4b4fb7671bf59b3be20302ce9","name":"Comptoir National de l'Or","image":{"@type":"ImageObject","inLanguage":"fr-FR","@id":"https:\/\/secure.gravatar.com\/avatar\/0a2867fd5abe37bed95d5a65e9d58f01756e11efc68af9888dfc50cfa7f65948?s=96&d=mm&r=gb490554db0a38188709de567aa58480d","url":"https:\/\/secure.gravatar.com\/avatar\/0a2867fd5abe37bed95d5a65e9d58f01756e11efc68af9888dfc50cfa7f65948?s=96&d=mm&r=g","contentUrl":"https:\/\/secure.gravatar.com\/avatar\/0a2867fd5abe37bed95d5a65e9d58f01756e11efc68af9888dfc50cfa7f65948?s=96&d=mm&r=g","caption":"Comptoir National de l'Or"},"description":"Notre r\u00e9daction est constitu\u00e9e de membres experts dans les m\u00e9tiers de l'\u00e9conomie et la gestion, des Responsables d'agence Comptoir National de l'Or, des analystes financiers qui publient r\u00e9guli\u00e8rement des \u00e9tudes sur les politiques des banques centrales, le cours de l'or, prix de l'or, cours de l'argent, prix de l'argent, cours du platine, cours du palladium,... la situation en zone euro et l'impact de la strat\u00e9gie mon\u00e9taire de la FED. Notre \u00e9quipe scrute \u00e9galement une information plus g\u00e9n\u00e9raliste \u00e0 la recherche d'actualit\u00e9 \"p\u00e9pite\" \u00e0 vous partager. Depuis 5 ans, nous avons publi\u00e9 un peu plus de 4000 articles qui s'adressent \u00e0 un public large et vari\u00e9 ayant pour objectif de satisfaire votre curiosit\u00e9 et de partager avec vous une certaine fascination pour le m\u00e9tal jaune, le rachat d'or, et pour ceux qui veulent investir dans l'or, vendre leur or tout simplement en savoir plus... Pour tous vos achat or et argent, n'h\u00e9sitez pas \u00e0 prendre rendez-vous dans l'un de nos nombreux comptoirs.","sameAs":["https:\/\/www.gold.fr"]}]}},"authors":[{"term_id":2565,"user_id":18,"is_guest":0,"slug":"julie","display_name":"Comptoir National de l'Or","avatar_url":"https:\/\/secure.gravatar.com\/avatar\/713f289e398d35ead876c4a4cc08607f0d6d266058cfc25683fffb6092d0e572?s=96&d=mm&r=g","0":null,"1":"","2":"","3":"","4":"","5":"","6":"","7":"","8":""}],"_links":{"self":[{"href":"https:\/\/www.gold.fr\/news\/wp-json\/wp\/v2\/posts\/12754","targetHints":{"allow":["GET"]}}],"collection":[{"href":"https:\/\/www.gold.fr\/news\/wp-json\/wp\/v2\/posts"}],"about":[{"href":"https:\/\/www.gold.fr\/news\/wp-json\/wp\/v2\/types\/post"}],"author":[{"embeddable":true,"href":"https:\/\/www.gold.fr\/news\/wp-json\/wp\/v2\/users\/18"}],"replies":[{"embeddable":true,"href":"https:\/\/www.gold.fr\/news\/wp-json\/wp\/v2\/comments?post=12754"}],"version-history":[{"count":0,"href":"https:\/\/www.gold.fr\/news\/wp-json\/wp\/v2\/posts\/12754\/revisions"}],"wp:featuredmedia":[{"embeddable":true,"href":"https:\/\/www.gold.fr\/news\/wp-json\/wp\/v2\/media\/7205"}],"wp:attachment":[{"href":"https:\/\/www.gold.fr\/news\/wp-json\/wp\/v2\/media?parent=12754"}],"wp:term":[{"taxonomy":"category","embeddable":true,"href":"https:\/\/www.gold.fr\/news\/wp-json\/wp\/v2\/categories?post=12754"},{"taxonomy":"post_tag","embeddable":true,"href":"https:\/\/www.gold.fr\/news\/wp-json\/wp\/v2\/tags?post=12754"},{"taxonomy":"author","embeddable":true,"href":"https:\/\/www.gold.fr\/news\/wp-json\/wp\/v2\/ppma_author?post=12754"}],"curies":[{"name":"wp","href":"https:\/\/api.w.org\/{rel}","templated":true}]}}