{"id":12743,"date":"2013-09-04T09:00:46","date_gmt":"2013-09-04T07:00:46","guid":{"rendered":"https:\/\/www.gold.fr\/news\/?p=12743"},"modified":"2017-11-02T11:33:10","modified_gmt":"2017-11-02T10:33:10","slug":"lor-fremit-en-attendant-le-retour-du-parlement-us","status":"publish","type":"post","link":"https:\/\/www.gold.fr\/news\/2013\/09\/04\/lor-fremit-en-attendant-le-retour-du-parlement-us\/","title":{"rendered":"L\u2019or fr\u00e9mit, en attendant le retour du parlement US"},"content":{"rendered":"<p><span style=\"font-size: small;\"><img loading=\"lazy\" decoding=\"async\" class=\"alignleft size-thumbnail wp-image-10402\" title=\"L\u2019or fr\u00e9mit, en attendant le retour du parlement US\" src=\"https:\/\/www.gold.fr\/news\/wp-content\/uploads\/2013\/01\/drapeau-usa-150x150.jpg\" alt=\"\" width=\"150\" height=\"150\" \/>Le march\u00e9 aurif\u00e8re a subi une stagnation fr\u00e9missante, en ce d\u00e9but de semaine, en raison essentiellement de l&rsquo;\u00e9tat d&rsquo;attentisme qui caract\u00e9rise actuellement<a title=\"Le spectre de l\u2019affrontement US-Syrie booste l\u2019or\" href=\"https:\/\/www.gold.fr\/news\/2013\/08\/30\/le-spectre-de-laffrontement-us-syrie-booste-lor\/12705\/\" target=\"_blank\"> le conflit-en-devenir opposant les <strong>Etats-Unis<\/strong> au gouvernement Syrien de <strong>Bashar Al Assad<\/strong><\/a>.<\/span>  <span style=\"font-size: small;\"> Le pr\u00e9sident am\u00e9ricain avait en effet d\u00e9clar\u00e9, vendredi dernier, qu&rsquo;il attendrait \u00ab <em>l&rsquo;approbation des \u00e9lus, avant d&rsquo;\u00e9ventuelles frappes<\/em> \u00bb contre <strong>la Syrie<\/strong>. L&rsquo;offensive \u00e9tait pourtant imminente, encourag\u00e9e et approuv\u00e9e par les hommes d&rsquo;\u00e9tat am\u00e9ricains qui multipliaient, la semaine derni\u00e8re, les d\u00e9clarations traduisant leur engagement dans cette attaque qu&rsquo;ils jugent \u00ab <em>justifi\u00e9e <\/em>\u00bb.<\/span>    <span style=\"font-size: small;\"><strong> Barak Obama<\/strong> a pourtant pr\u00e9f\u00e9r\u00e9 obtenir l&rsquo;accord des \u00e9lus am\u00e9ricains, pr\u00e9alablement \u00e0 tout passage \u00e0 l&rsquo;acte. Il faudra donc attendre le <strong>9 septembre<\/strong>, date de la reprise des classes parlementaires, pour connaitre le fin mot de l&rsquo;histoire.<\/span>  <span style=\"font-size: small;\"> En attendant, le <a href='https:\/\/www.gold.fr\/news\/tags\/or' class='esk-seo-plu-link'>m\u00e9tal jaune<\/a> encaisse le coup, subissant, depuis la s\u00e9ance de la veille, une baisse de l&rsquo;ordre de <strong>1,5%<\/strong>. Il semblerait donc que la valeur refuge du <a href='https:\/\/www.gold.fr\/news\/tags\/or' class='esk-seo-plu-link'>m\u00e9tal jaune<\/a> doive attendre cette fameuse d\u00e9cision pour remonter sur son tr\u00f4ne.<\/span>    <span style=\"font-size: small;\"> Rappelons que les angoisses g\u00e9opolitiques avaient atteint leur pic, durant la semaine derni\u00e8re, suite aux d\u00e9clarations de <strong>John Kerry<\/strong>, secr\u00e9taire d&rsquo;\u00e9tat am\u00e9ricain charg\u00e9 des affaires \u00e9trang\u00e8res, qui confirmaient la d\u00e9termination du gouvernement am\u00e9ricain \u00e0 \u00ab <em>punir <\/em>\u00bb <strong>Bashar Al Assad<\/strong>. Le chef d&rsquo;\u00e9tat syrien est en effet \u00ab <em>accus\u00e9 d&rsquo;avoir caus\u00e9 la mort de pr\u00e8s de <strong>1.500 personnes<\/strong> dans les faubourgs de Damas au cours d&rsquo;une attaque chimique brutale et flagrante<\/em> \u00bb.<\/span><\/p>\n<!-- AddThis Advanced Settings generic via filter on the_content --><!-- AddThis Share Buttons generic via filter on the_content -->","protected":false},"excerpt":{"rendered":"<p>Le march\u00e9 aurif\u00e8re a subi une stagnation fr\u00e9missante, en ce d\u00e9but de semaine, en raison essentiellement de l&rsquo;\u00e9tat d&rsquo;attentisme qui caract\u00e9rise actuellement le conflit-en-devenir opposant les Etats-Unis au gouvernement Syrien de Bashar Al Assad. Le pr\u00e9sident [&hellip;]<\/p>\n","protected":false},"author":18,"featured_media":10402,"comment_status":"open","ping_status":"open","sticky":false,"template":"","format":"standard","meta":{"_mbp_gutenberg_autopost":false,"_pgmb_is_evergreen":false,"_pgmb_ap_template_id":0,"footnotes":""},"categories":[6],"tags":[1512,1513,1511,962],"ppma_author":[2565],"class_list":["post-12743","post","type-post","status-publish","format-standard","has-post-thumbnail","hentry","category-articles-de-presse","tag-affrontement-us-syrie","tag-la-syrie","tag-parlement-us","tag-prix-or"],"yoast_head":"<!-- This site is optimized with the Yoast SEO plugin v27.5 - https:\/\/yoast.com\/product\/yoast-seo-wordpress\/ -->\n<title>L\u2019or fr\u00e9mit, en attendant le retour du parlement US - Gold.fr<\/title>\n<meta name=\"robots\" content=\"index, follow, max-snippet:-1, max-image-preview:large, max-video-preview:-1\" \/>\n<link rel=\"canonical\" href=\"https:\/\/www.gold.fr\/news\/2013\/09\/04\/lor-fremit-en-attendant-le-retour-du-parlement-us\/\" \/>\n<meta property=\"og:locale\" content=\"fr_FR\" \/>\n<meta property=\"og:type\" content=\"article\" \/>\n<meta property=\"og:title\" content=\"L\u2019or fr\u00e9mit, en attendant le retour du parlement US - Gold.fr\" \/>\n<meta property=\"og:description\" content=\"Le march\u00e9 aurif\u00e8re a subi une stagnation fr\u00e9missante, en ce d\u00e9but de semaine, en raison essentiellement de l&rsquo;\u00e9tat d&rsquo;attentisme qui caract\u00e9rise actuellement le conflit-en-devenir opposant les Etats-Unis au gouvernement Syrien de Bashar Al Assad. Le pr\u00e9sident [&hellip;]\" \/>\n<meta property=\"og:url\" content=\"https:\/\/www.gold.fr\/news\/2013\/09\/04\/lor-fremit-en-attendant-le-retour-du-parlement-us\/\" \/>\n<meta property=\"og:site_name\" content=\"Gold.fr\" \/>\n<meta property=\"article:publisher\" content=\"https:\/\/www.facebook.com\/Goldfr\/\" \/>\n<meta property=\"article:published_time\" content=\"2013-09-04T07:00:46+00:00\" \/>\n<meta property=\"article:modified_time\" content=\"2017-11-02T10:33:10+00:00\" \/>\n<meta property=\"og:image\" content=\"https:\/\/www.gold.fr\/news\/wp-content\/uploads\/2013\/01\/drapeau-usa.jpg\" \/>\n\t<meta property=\"og:image:width\" content=\"605\" \/>\n\t<meta property=\"og:image:height\" content=\"357\" \/>\n\t<meta property=\"og:image:type\" content=\"image\/jpeg\" \/>\n<meta name=\"author\" content=\"Comptoir National de l&#039;Or\" \/>\n<meta name=\"twitter:card\" content=\"summary_large_image\" \/>\n<meta name=\"twitter:label1\" content=\"\u00c9crit par\" \/>\n\t<meta name=\"twitter:data1\" content=\"Comptoir National de l&#039;Or\" \/>\n\t<meta name=\"twitter:label2\" content=\"Dur\u00e9e de lecture estim\u00e9e\" \/>\n\t<meta name=\"twitter:data2\" content=\"1 minute\" \/>\n<script type=\"application\/ld+json\" class=\"yoast-schema-graph\">{\"@context\":\"https:\\\/\\\/schema.org\",\"@graph\":[{\"@type\":\"Article\",\"@id\":\"https:\\\/\\\/www.gold.fr\\\/news\\\/2013\\\/09\\\/04\\\/lor-fremit-en-attendant-le-retour-du-parlement-us\\\/#article\",\"isPartOf\":{\"@id\":\"https:\\\/\\\/www.gold.fr\\\/news\\\/2013\\\/09\\\/04\\\/lor-fremit-en-attendant-le-retour-du-parlement-us\\\/\"},\"author\":{\"name\":\"Comptoir National de l'Or\",\"@id\":\"https:\\\/\\\/www.gold.fr\\\/news\\\/#\\\/schema\\\/person\\\/070491b4b4fb7671bf59b3be20302ce9\"},\"headline\":\"L\u2019or fr\u00e9mit, en attendant le retour du parlement US\",\"datePublished\":\"2013-09-04T07:00:46+00:00\",\"dateModified\":\"2017-11-02T10:33:10+00:00\",\"mainEntityOfPage\":{\"@id\":\"https:\\\/\\\/www.gold.fr\\\/news\\\/2013\\\/09\\\/04\\\/lor-fremit-en-attendant-le-retour-du-parlement-us\\\/\"},\"wordCount\":280,\"commentCount\":0,\"image\":{\"@id\":\"https:\\\/\\\/www.gold.fr\\\/news\\\/2013\\\/09\\\/04\\\/lor-fremit-en-attendant-le-retour-du-parlement-us\\\/#primaryimage\"},\"thumbnailUrl\":\"https:\\\/\\\/www.gold.fr\\\/news\\\/wp-content\\\/uploads\\\/2013\\\/01\\\/drapeau-usa.jpg\",\"keywords\":[\"affrontement US Syrie\",\"La Syrie\",\"parlement US\",\"prix or\"],\"articleSection\":[\"Articles de presse\"],\"inLanguage\":\"fr-FR\"},{\"@type\":\"WebPage\",\"@id\":\"https:\\\/\\\/www.gold.fr\\\/news\\\/2013\\\/09\\\/04\\\/lor-fremit-en-attendant-le-retour-du-parlement-us\\\/\",\"url\":\"https:\\\/\\\/www.gold.fr\\\/news\\\/2013\\\/09\\\/04\\\/lor-fremit-en-attendant-le-retour-du-parlement-us\\\/\",\"name\":\"L\u2019or fr\u00e9mit, en attendant le retour du parlement US - Gold.fr\",\"isPartOf\":{\"@id\":\"https:\\\/\\\/www.gold.fr\\\/news\\\/#website\"},\"primaryImageOfPage\":{\"@id\":\"https:\\\/\\\/www.gold.fr\\\/news\\\/2013\\\/09\\\/04\\\/lor-fremit-en-attendant-le-retour-du-parlement-us\\\/#primaryimage\"},\"image\":{\"@id\":\"https:\\\/\\\/www.gold.fr\\\/news\\\/2013\\\/09\\\/04\\\/lor-fremit-en-attendant-le-retour-du-parlement-us\\\/#primaryimage\"},\"thumbnailUrl\":\"https:\\\/\\\/www.gold.fr\\\/news\\\/wp-content\\\/uploads\\\/2013\\\/01\\\/drapeau-usa.jpg\",\"datePublished\":\"2013-09-04T07:00:46+00:00\",\"dateModified\":\"2017-11-02T10:33:10+00:00\",\"author\":{\"@id\":\"https:\\\/\\\/www.gold.fr\\\/news\\\/#\\\/schema\\\/person\\\/070491b4b4fb7671bf59b3be20302ce9\"},\"breadcrumb\":{\"@id\":\"https:\\\/\\\/www.gold.fr\\\/news\\\/2013\\\/09\\\/04\\\/lor-fremit-en-attendant-le-retour-du-parlement-us\\\/#breadcrumb\"},\"inLanguage\":\"fr-FR\",\"potentialAction\":[{\"@type\":\"ReadAction\",\"target\":[\"https:\\\/\\\/www.gold.fr\\\/news\\\/2013\\\/09\\\/04\\\/lor-fremit-en-attendant-le-retour-du-parlement-us\\\/\"]}]},{\"@type\":\"ImageObject\",\"inLanguage\":\"fr-FR\",\"@id\":\"https:\\\/\\\/www.gold.fr\\\/news\\\/2013\\\/09\\\/04\\\/lor-fremit-en-attendant-le-retour-du-parlement-us\\\/#primaryimage\",\"url\":\"https:\\\/\\\/www.gold.fr\\\/news\\\/wp-content\\\/uploads\\\/2013\\\/01\\\/drapeau-usa.jpg\",\"contentUrl\":\"https:\\\/\\\/www.gold.fr\\\/news\\\/wp-content\\\/uploads\\\/2013\\\/01\\\/drapeau-usa.jpg\",\"width\":\"605\",\"height\":\"357\",\"caption\":\"March\u00e9 de l\u2019or : Faut-il craindre la hausse des taux de la FED ?\"},{\"@type\":\"BreadcrumbList\",\"@id\":\"https:\\\/\\\/www.gold.fr\\\/news\\\/2013\\\/09\\\/04\\\/lor-fremit-en-attendant-le-retour-du-parlement-us\\\/#breadcrumb\",\"itemListElement\":[{\"@type\":\"ListItem\",\"position\":1,\"name\":\"Accueil\",\"item\":\"https:\\\/\\\/www.gold.fr\\\/\"},{\"@type\":\"ListItem\",\"position\":2,\"name\":\"Actualit\u00e9s\",\"item\":\"https:\\\/\\\/www.gold.fr\\\/news\\\/\"},{\"@type\":\"ListItem\",\"position\":3,\"name\":\"L\u2019or fr\u00e9mit, en attendant le retour du parlement US\"}]},{\"@type\":\"WebSite\",\"@id\":\"https:\\\/\\\/www.gold.fr\\\/news\\\/#website\",\"url\":\"https:\\\/\\\/www.gold.fr\\\/news\\\/\",\"name\":\"Gold.fr\",\"description\":\"Actualit\u00e9s de l&#039;Or et des m\u00e9taux pr\u00e9cieux\",\"potentialAction\":[{\"@type\":\"SearchAction\",\"target\":{\"@type\":\"EntryPoint\",\"urlTemplate\":\"https:\\\/\\\/www.gold.fr\\\/news\\\/?s={search_term_string}\"},\"query-input\":{\"@type\":\"PropertyValueSpecification\",\"valueRequired\":true,\"valueName\":\"search_term_string\"}}],\"inLanguage\":\"fr-FR\"},{\"@type\":\"Person\",\"@id\":\"https:\\\/\\\/www.gold.fr\\\/news\\\/#\\\/schema\\\/person\\\/070491b4b4fb7671bf59b3be20302ce9\",\"name\":\"Comptoir National de l'Or\",\"image\":{\"@type\":\"ImageObject\",\"inLanguage\":\"fr-FR\",\"@id\":\"https:\\\/\\\/secure.gravatar.com\\\/avatar\\\/0a2867fd5abe37bed95d5a65e9d58f01756e11efc68af9888dfc50cfa7f65948?s=96&d=mm&r=gb490554db0a38188709de567aa58480d\",\"url\":\"https:\\\/\\\/secure.gravatar.com\\\/avatar\\\/0a2867fd5abe37bed95d5a65e9d58f01756e11efc68af9888dfc50cfa7f65948?s=96&d=mm&r=g\",\"contentUrl\":\"https:\\\/\\\/secure.gravatar.com\\\/avatar\\\/0a2867fd5abe37bed95d5a65e9d58f01756e11efc68af9888dfc50cfa7f65948?s=96&d=mm&r=g\",\"caption\":\"Comptoir National de l'Or\"},\"description\":\"Notre r\u00e9daction est constitu\u00e9e de membres experts dans les m\u00e9tiers de l'\u00e9conomie et la gestion, des Responsables d'agence Comptoir National de l'Or, des analystes financiers qui publient r\u00e9guli\u00e8rement des \u00e9tudes sur les politiques des banques centrales, le cours de l'or, prix de l'or, cours de l'argent, prix de l'argent, cours du platine, cours du palladium,... la situation en zone euro et l'impact de la strat\u00e9gie mon\u00e9taire de la FED. Notre \u00e9quipe scrute \u00e9galement une information plus g\u00e9n\u00e9raliste \u00e0 la recherche d'actualit\u00e9 \\\"p\u00e9pite\\\" \u00e0 vous partager. Depuis 5 ans, nous avons publi\u00e9 un peu plus de 4000 articles qui s'adressent \u00e0 un public large et vari\u00e9 ayant pour objectif de satisfaire votre curiosit\u00e9 et de partager avec vous une certaine fascination pour le m\u00e9tal jaune, le rachat d'or, et pour ceux qui veulent investir dans l'or, vendre leur or tout simplement en savoir plus... Pour tous vos achat or et argent, n'h\u00e9sitez pas \u00e0 prendre rendez-vous dans l'un de nos nombreux comptoirs.\",\"sameAs\":[\"https:\\\/\\\/www.gold.fr\"]}]}<\/script>\n<!-- \/ Yoast SEO plugin. -->","yoast_head_json":{"title":"L\u2019or fr\u00e9mit, en attendant le retour du parlement US - Gold.fr","robots":{"index":"index","follow":"follow","max-snippet":"max-snippet:-1","max-image-preview":"max-image-preview:large","max-video-preview":"max-video-preview:-1"},"canonical":"https:\/\/www.gold.fr\/news\/2013\/09\/04\/lor-fremit-en-attendant-le-retour-du-parlement-us\/","og_locale":"fr_FR","og_type":"article","og_title":"L\u2019or fr\u00e9mit, en attendant le retour du parlement US - Gold.fr","og_description":"Le march\u00e9 aurif\u00e8re a subi une stagnation fr\u00e9missante, en ce d\u00e9but de semaine, en raison essentiellement de l&rsquo;\u00e9tat d&rsquo;attentisme qui caract\u00e9rise actuellement le conflit-en-devenir opposant les Etats-Unis au gouvernement Syrien de Bashar Al Assad. Le pr\u00e9sident [&hellip;]","og_url":"https:\/\/www.gold.fr\/news\/2013\/09\/04\/lor-fremit-en-attendant-le-retour-du-parlement-us\/","og_site_name":"Gold.fr","article_publisher":"https:\/\/www.facebook.com\/Goldfr\/","article_published_time":"2013-09-04T07:00:46+00:00","article_modified_time":"2017-11-02T10:33:10+00:00","og_image":[{"width":605,"height":357,"url":"https:\/\/www.gold.fr\/news\/wp-content\/uploads\/2013\/01\/drapeau-usa.jpg","type":"image\/jpeg"}],"author":"Comptoir National de l'Or","twitter_card":"summary_large_image","twitter_misc":{"\u00c9crit par":"Comptoir National de l'Or","Dur\u00e9e de lecture estim\u00e9e":"1 minute"},"schema":{"@context":"https:\/\/schema.org","@graph":[{"@type":"Article","@id":"https:\/\/www.gold.fr\/news\/2013\/09\/04\/lor-fremit-en-attendant-le-retour-du-parlement-us\/#article","isPartOf":{"@id":"https:\/\/www.gold.fr\/news\/2013\/09\/04\/lor-fremit-en-attendant-le-retour-du-parlement-us\/"},"author":{"name":"Comptoir National de l'Or","@id":"https:\/\/www.gold.fr\/news\/#\/schema\/person\/070491b4b4fb7671bf59b3be20302ce9"},"headline":"L\u2019or fr\u00e9mit, en attendant le retour du parlement US","datePublished":"2013-09-04T07:00:46+00:00","dateModified":"2017-11-02T10:33:10+00:00","mainEntityOfPage":{"@id":"https:\/\/www.gold.fr\/news\/2013\/09\/04\/lor-fremit-en-attendant-le-retour-du-parlement-us\/"},"wordCount":280,"commentCount":0,"image":{"@id":"https:\/\/www.gold.fr\/news\/2013\/09\/04\/lor-fremit-en-attendant-le-retour-du-parlement-us\/#primaryimage"},"thumbnailUrl":"https:\/\/www.gold.fr\/news\/wp-content\/uploads\/2013\/01\/drapeau-usa.jpg","keywords":["affrontement US Syrie","La Syrie","parlement US","prix or"],"articleSection":["Articles de presse"],"inLanguage":"fr-FR"},{"@type":"WebPage","@id":"https:\/\/www.gold.fr\/news\/2013\/09\/04\/lor-fremit-en-attendant-le-retour-du-parlement-us\/","url":"https:\/\/www.gold.fr\/news\/2013\/09\/04\/lor-fremit-en-attendant-le-retour-du-parlement-us\/","name":"L\u2019or fr\u00e9mit, en attendant le retour du parlement US - Gold.fr","isPartOf":{"@id":"https:\/\/www.gold.fr\/news\/#website"},"primaryImageOfPage":{"@id":"https:\/\/www.gold.fr\/news\/2013\/09\/04\/lor-fremit-en-attendant-le-retour-du-parlement-us\/#primaryimage"},"image":{"@id":"https:\/\/www.gold.fr\/news\/2013\/09\/04\/lor-fremit-en-attendant-le-retour-du-parlement-us\/#primaryimage"},"thumbnailUrl":"https:\/\/www.gold.fr\/news\/wp-content\/uploads\/2013\/01\/drapeau-usa.jpg","datePublished":"2013-09-04T07:00:46+00:00","dateModified":"2017-11-02T10:33:10+00:00","author":{"@id":"https:\/\/www.gold.fr\/news\/#\/schema\/person\/070491b4b4fb7671bf59b3be20302ce9"},"breadcrumb":{"@id":"https:\/\/www.gold.fr\/news\/2013\/09\/04\/lor-fremit-en-attendant-le-retour-du-parlement-us\/#breadcrumb"},"inLanguage":"fr-FR","potentialAction":[{"@type":"ReadAction","target":["https:\/\/www.gold.fr\/news\/2013\/09\/04\/lor-fremit-en-attendant-le-retour-du-parlement-us\/"]}]},{"@type":"ImageObject","inLanguage":"fr-FR","@id":"https:\/\/www.gold.fr\/news\/2013\/09\/04\/lor-fremit-en-attendant-le-retour-du-parlement-us\/#primaryimage","url":"https:\/\/www.gold.fr\/news\/wp-content\/uploads\/2013\/01\/drapeau-usa.jpg","contentUrl":"https:\/\/www.gold.fr\/news\/wp-content\/uploads\/2013\/01\/drapeau-usa.jpg","width":"605","height":"357","caption":"March\u00e9 de l\u2019or : Faut-il craindre la hausse des taux de la FED ?"},{"@type":"BreadcrumbList","@id":"https:\/\/www.gold.fr\/news\/2013\/09\/04\/lor-fremit-en-attendant-le-retour-du-parlement-us\/#breadcrumb","itemListElement":[{"@type":"ListItem","position":1,"name":"Accueil","item":"https:\/\/www.gold.fr\/"},{"@type":"ListItem","position":2,"name":"Actualit\u00e9s","item":"https:\/\/www.gold.fr\/news\/"},{"@type":"ListItem","position":3,"name":"L\u2019or fr\u00e9mit, en attendant le retour du parlement US"}]},{"@type":"WebSite","@id":"https:\/\/www.gold.fr\/news\/#website","url":"https:\/\/www.gold.fr\/news\/","name":"Gold.fr","description":"Actualit\u00e9s de l&#039;Or et des m\u00e9taux pr\u00e9cieux","potentialAction":[{"@type":"SearchAction","target":{"@type":"EntryPoint","urlTemplate":"https:\/\/www.gold.fr\/news\/?s={search_term_string}"},"query-input":{"@type":"PropertyValueSpecification","valueRequired":true,"valueName":"search_term_string"}}],"inLanguage":"fr-FR"},{"@type":"Person","@id":"https:\/\/www.gold.fr\/news\/#\/schema\/person\/070491b4b4fb7671bf59b3be20302ce9","name":"Comptoir National de l'Or","image":{"@type":"ImageObject","inLanguage":"fr-FR","@id":"https:\/\/secure.gravatar.com\/avatar\/0a2867fd5abe37bed95d5a65e9d58f01756e11efc68af9888dfc50cfa7f65948?s=96&d=mm&r=gb490554db0a38188709de567aa58480d","url":"https:\/\/secure.gravatar.com\/avatar\/0a2867fd5abe37bed95d5a65e9d58f01756e11efc68af9888dfc50cfa7f65948?s=96&d=mm&r=g","contentUrl":"https:\/\/secure.gravatar.com\/avatar\/0a2867fd5abe37bed95d5a65e9d58f01756e11efc68af9888dfc50cfa7f65948?s=96&d=mm&r=g","caption":"Comptoir National de l'Or"},"description":"Notre r\u00e9daction est constitu\u00e9e de membres experts dans les m\u00e9tiers de l'\u00e9conomie et la gestion, des Responsables d'agence Comptoir National de l'Or, des analystes financiers qui publient r\u00e9guli\u00e8rement des \u00e9tudes sur les politiques des banques centrales, le cours de l'or, prix de l'or, cours de l'argent, prix de l'argent, cours du platine, cours du palladium,... la situation en zone euro et l'impact de la strat\u00e9gie mon\u00e9taire de la FED. Notre \u00e9quipe scrute \u00e9galement une information plus g\u00e9n\u00e9raliste \u00e0 la recherche d'actualit\u00e9 \"p\u00e9pite\" \u00e0 vous partager. Depuis 5 ans, nous avons publi\u00e9 un peu plus de 4000 articles qui s'adressent \u00e0 un public large et vari\u00e9 ayant pour objectif de satisfaire votre curiosit\u00e9 et de partager avec vous une certaine fascination pour le m\u00e9tal jaune, le rachat d'or, et pour ceux qui veulent investir dans l'or, vendre leur or tout simplement en savoir plus... Pour tous vos achat or et argent, n'h\u00e9sitez pas \u00e0 prendre rendez-vous dans l'un de nos nombreux comptoirs.","sameAs":["https:\/\/www.gold.fr"]}]}},"authors":[{"term_id":2565,"user_id":18,"is_guest":0,"slug":"julie","display_name":"Comptoir National de l'Or","avatar_url":"https:\/\/secure.gravatar.com\/avatar\/713f289e398d35ead876c4a4cc08607f0d6d266058cfc25683fffb6092d0e572?s=96&d=mm&r=g","0":null,"1":"","2":"","3":"","4":"","5":"","6":"","7":"","8":""}],"_links":{"self":[{"href":"https:\/\/www.gold.fr\/news\/wp-json\/wp\/v2\/posts\/12743","targetHints":{"allow":["GET"]}}],"collection":[{"href":"https:\/\/www.gold.fr\/news\/wp-json\/wp\/v2\/posts"}],"about":[{"href":"https:\/\/www.gold.fr\/news\/wp-json\/wp\/v2\/types\/post"}],"author":[{"embeddable":true,"href":"https:\/\/www.gold.fr\/news\/wp-json\/wp\/v2\/users\/18"}],"replies":[{"embeddable":true,"href":"https:\/\/www.gold.fr\/news\/wp-json\/wp\/v2\/comments?post=12743"}],"version-history":[{"count":0,"href":"https:\/\/www.gold.fr\/news\/wp-json\/wp\/v2\/posts\/12743\/revisions"}],"wp:featuredmedia":[{"embeddable":true,"href":"https:\/\/www.gold.fr\/news\/wp-json\/wp\/v2\/media\/10402"}],"wp:attachment":[{"href":"https:\/\/www.gold.fr\/news\/wp-json\/wp\/v2\/media?parent=12743"}],"wp:term":[{"taxonomy":"category","embeddable":true,"href":"https:\/\/www.gold.fr\/news\/wp-json\/wp\/v2\/categories?post=12743"},{"taxonomy":"post_tag","embeddable":true,"href":"https:\/\/www.gold.fr\/news\/wp-json\/wp\/v2\/tags?post=12743"},{"taxonomy":"author","embeddable":true,"href":"https:\/\/www.gold.fr\/news\/wp-json\/wp\/v2\/ppma_author?post=12743"}],"curies":[{"name":"wp","href":"https:\/\/api.w.org\/{rel}","templated":true}]}}