{"id":12730,"date":"2013-09-03T09:00:58","date_gmt":"2013-09-03T07:00:58","guid":{"rendered":"https:\/\/www.gold.fr\/news\/?p=12730"},"modified":"2019-08-16T12:57:32","modified_gmt":"2019-08-16T10:57:32","slug":"lor-entre-performance-dollar-et-menaces-geopolitiques","status":"publish","type":"post","link":"https:\/\/www.gold.fr\/news\/2013\/09\/03\/lor-entre-performance-dollar-et-menaces-geopolitiques\/","title":{"rendered":"L\u2019or entre performance dollar et menaces g\u00e9opolitiques"},"content":{"rendered":"<p><img loading=\"lazy\" decoding=\"async\" class=\"alignleft size-thumbnail wp-image-2717\" title=\"L\u2019or entre performance dollar et menaces g\u00e9opolitiques\" src=\"https:\/\/www.gold.fr\/news\/wp-content\/uploads\/2011\/10\/globe-or-150x150.jpg\" alt=\"\" width=\"150\" height=\"150\" \/><span style=\"font-size: small;\">Les r\u00e9centes performances ont certes r\u00e9ussi \u00e0 faire stagner le <a class=\"esk-seo-plu-link\" href=\"https:\/\/www.gold.fr\/news\/tags\/or\">m\u00e9tal jaune<\/a>, mais <a title=\"Le spectre de l\u2019affrontement US-Syrie booste l\u2019or\" href=\"https:\/\/www.gold.fr\/news\/2013\/08\/30\/le-spectre-de-laffrontement-us-syrie-booste-lor\/12705\/\" target=\"_blank\" rel=\"noopener noreferrer\">le spectre d\u2019un affrontement imminent entre les forces militaires am\u00e9ricaines et le gouvernement syrien de Bashar Al Assad<\/a> continue \u00e0 faire briller le blason dor\u00e9 de la valeur refuge.<\/span> <span style=\"font-size: small;\">D&rsquo;apr\u00e8s les derniers rapports US, l&rsquo;indice dollar, qui refl\u00e8te les performances du billet vert par rapport \u00e0 un panier form\u00e9 par 6 de ses principaux rivaux, avait accumul\u00e9 pr\u00e8s de <strong>12%<\/strong> de gains, au d\u00e9compte de la semaine derni\u00e8re, se fixant \u00e0 <strong>82,11<\/strong>, soit sa meilleure performance depuis le d\u00e9but du mois d&rsquo;ao\u00fbt. Les rumeurs ont donc repris de plus belle, cette semaine, sp\u00e9culant sur la possibilit\u00e9 de voir la r\u00e9serve f\u00e9d\u00e9rale am\u00e9ricaine envisager une fermeture imminente (d\u00e8s la fin de cette ann\u00e9e) des robinets mon\u00e9taires qu&rsquo;elle laissait jusque l\u00e0 inonder l&rsquo;\u00e9conomie nationale d&rsquo;aides mensuelles massives.<\/span> <span style=\"font-size: small;\">Il \u00e9tait donc naturel de voir l&rsquo;<a class=\"esk-seo-plu-link\" href=\"https:\/\/www.gold.fr\/news\/tags\/or\">or<\/a> accuser aussit\u00f4t le coup, fr\u00e9missant assez relativement mais suffisamment pour passer sous la barre des <strong>1 400 dollars<\/strong> <a title=\"Prix de l'Once d'Or\" href=\"https:\/\/www.gold.fr\/once-en\/\" target=\"_blank\" rel=\"noopener noreferrer\">l\u2019once<\/a>. Les pertes du march\u00e9 aurif\u00e8re sont toutefois rest\u00e9es limit\u00e9es, profitant essentiellement de la menace toujours planante d&rsquo;une offensive militaire am\u00e9ricaine contre la Syrie.<\/span> <span style=\"font-size: small;\">Rappelons en effet que<strong> John Kerry<\/strong>, le secr\u00e9taire d&rsquo;\u00e9tat am\u00e9ricain charg\u00e9 des affaires \u00e9trang\u00e8res, avait d\u00e9clar\u00e9, vendredi dernier, que son pays \u00ab <em>punirait le pr\u00e9sident syrien Bachar el-Assad<\/em> \u00bb, dont le commandement aurait \u00e9t\u00e9 \u00e0 l&rsquo;origine du d\u00e9c\u00e8s de <strong>1.500 personnes<\/strong> dans les faubourgs de Damas, lors d&rsquo;une attaque chimique \u00ab <em>brutale et flagrante<\/em> \u00bb.<\/span><\/p>\n<!-- AddThis Advanced Settings generic via filter on the_content --><!-- AddThis Share Buttons generic via filter on the_content -->","protected":false},"excerpt":{"rendered":"<p>Les r\u00e9centes performances ont certes r\u00e9ussi \u00e0 faire stagner le m\u00e9tal jaune, mais le spectre d\u2019un affrontement imminent entre les forces militaires am\u00e9ricaines et le gouvernement syrien de Bashar Al Assad continue \u00e0 faire briller le [&hellip;]<\/p>\n","protected":false},"author":18,"featured_media":2717,"comment_status":"open","ping_status":"open","sticky":false,"template":"","format":"standard","meta":{"_mbp_gutenberg_autopost":false,"_pgmb_is_evergreen":false,"_pgmb_ap_template_id":0,"footnotes":""},"categories":[6],"tags":[1510,85,1071,83,1500,405],"ppma_author":[2565],"class_list":["post-12730","post","type-post","status-publish","format-standard","has-post-thumbnail","hentry","category-articles-de-presse","tag-menaces-geopolitiques","tag-once-dor","tag-or-et-dollar","tag-prix-de-lor","tag-syrie","tag-usa"],"yoast_head":"<!-- This site is optimized with the Yoast SEO plugin v27.5 - https:\/\/yoast.com\/product\/yoast-seo-wordpress\/ -->\n<title>L\u2019or entre performance dollar et menaces g\u00e9opolitiques - Gold.fr<\/title>\n<meta name=\"description\" content=\"D\u00e9couvrez l&#039;article &quot; L&#039;or, entre performance, dollar et menaces g\u00e9opolitiques &quot;. Pour en savoir plus, rendez-vous sur Gold.fr. Le site d&#039;actualit\u00e9 du Comptoir National de l&#039;Or.\" \/>\n<meta name=\"robots\" content=\"index, follow, max-snippet:-1, max-image-preview:large, max-video-preview:-1\" \/>\n<link rel=\"canonical\" href=\"https:\/\/www.gold.fr\/news\/2013\/09\/03\/lor-entre-performance-dollar-et-menaces-geopolitiques\/\" \/>\n<meta property=\"og:locale\" content=\"fr_FR\" \/>\n<meta property=\"og:type\" content=\"article\" \/>\n<meta property=\"og:title\" content=\"L\u2019or entre performance dollar et menaces g\u00e9opolitiques - Gold.fr\" \/>\n<meta property=\"og:description\" content=\"D\u00e9couvrez l&#039;article &quot; L&#039;or, entre performance, dollar et menaces g\u00e9opolitiques &quot;. Pour en savoir plus, rendez-vous sur Gold.fr. Le site d&#039;actualit\u00e9 du Comptoir National de l&#039;Or.\" \/>\n<meta property=\"og:url\" content=\"https:\/\/www.gold.fr\/news\/2013\/09\/03\/lor-entre-performance-dollar-et-menaces-geopolitiques\/\" \/>\n<meta property=\"og:site_name\" content=\"Gold.fr\" \/>\n<meta property=\"article:publisher\" content=\"https:\/\/www.facebook.com\/Goldfr\/\" \/>\n<meta property=\"article:published_time\" content=\"2013-09-03T07:00:58+00:00\" \/>\n<meta property=\"article:modified_time\" content=\"2019-08-16T10:57:32+00:00\" \/>\n<meta property=\"og:image\" content=\"https:\/\/www.gold.fr\/news\/wp-content\/uploads\/2011\/10\/globe-or.jpg\" \/>\n\t<meta property=\"og:image:width\" content=\"600\" \/>\n\t<meta property=\"og:image:height\" content=\"600\" \/>\n\t<meta property=\"og:image:type\" content=\"image\/jpeg\" \/>\n<meta name=\"author\" content=\"Comptoir National de l&#039;Or\" \/>\n<meta name=\"twitter:card\" content=\"summary_large_image\" \/>\n<meta name=\"twitter:label1\" content=\"\u00c9crit par\" \/>\n\t<meta name=\"twitter:data1\" content=\"Comptoir National de l&#039;Or\" \/>\n\t<meta name=\"twitter:label2\" content=\"Dur\u00e9e de lecture estim\u00e9e\" \/>\n\t<meta name=\"twitter:data2\" content=\"1 minute\" \/>\n<script type=\"application\/ld+json\" class=\"yoast-schema-graph\">{\"@context\":\"https:\\\/\\\/schema.org\",\"@graph\":[{\"@type\":\"Article\",\"@id\":\"https:\\\/\\\/www.gold.fr\\\/news\\\/2013\\\/09\\\/03\\\/lor-entre-performance-dollar-et-menaces-geopolitiques\\\/#article\",\"isPartOf\":{\"@id\":\"https:\\\/\\\/www.gold.fr\\\/news\\\/2013\\\/09\\\/03\\\/lor-entre-performance-dollar-et-menaces-geopolitiques\\\/\"},\"author\":{\"name\":\"Comptoir National de l'Or\",\"@id\":\"https:\\\/\\\/www.gold.fr\\\/news\\\/#\\\/schema\\\/person\\\/070491b4b4fb7671bf59b3be20302ce9\"},\"headline\":\"L\u2019or entre performance dollar et menaces g\u00e9opolitiques\",\"datePublished\":\"2013-09-03T07:00:58+00:00\",\"dateModified\":\"2019-08-16T10:57:32+00:00\",\"mainEntityOfPage\":{\"@id\":\"https:\\\/\\\/www.gold.fr\\\/news\\\/2013\\\/09\\\/03\\\/lor-entre-performance-dollar-et-menaces-geopolitiques\\\/\"},\"wordCount\":281,\"commentCount\":0,\"image\":{\"@id\":\"https:\\\/\\\/www.gold.fr\\\/news\\\/2013\\\/09\\\/03\\\/lor-entre-performance-dollar-et-menaces-geopolitiques\\\/#primaryimage\"},\"thumbnailUrl\":\"https:\\\/\\\/www.gold.fr\\\/news\\\/wp-content\\\/uploads\\\/2011\\\/10\\\/globe-or.jpg\",\"keywords\":[\"menaces g\u00e9opolitiques\",\"once d'or\",\"or et dollar\",\"prix de l'or\",\"Syrie\",\"usa\"],\"articleSection\":[\"Articles de presse\"],\"inLanguage\":\"fr-FR\"},{\"@type\":\"WebPage\",\"@id\":\"https:\\\/\\\/www.gold.fr\\\/news\\\/2013\\\/09\\\/03\\\/lor-entre-performance-dollar-et-menaces-geopolitiques\\\/\",\"url\":\"https:\\\/\\\/www.gold.fr\\\/news\\\/2013\\\/09\\\/03\\\/lor-entre-performance-dollar-et-menaces-geopolitiques\\\/\",\"name\":\"L\u2019or entre performance dollar et menaces g\u00e9opolitiques - Gold.fr\",\"isPartOf\":{\"@id\":\"https:\\\/\\\/www.gold.fr\\\/news\\\/#website\"},\"primaryImageOfPage\":{\"@id\":\"https:\\\/\\\/www.gold.fr\\\/news\\\/2013\\\/09\\\/03\\\/lor-entre-performance-dollar-et-menaces-geopolitiques\\\/#primaryimage\"},\"image\":{\"@id\":\"https:\\\/\\\/www.gold.fr\\\/news\\\/2013\\\/09\\\/03\\\/lor-entre-performance-dollar-et-menaces-geopolitiques\\\/#primaryimage\"},\"thumbnailUrl\":\"https:\\\/\\\/www.gold.fr\\\/news\\\/wp-content\\\/uploads\\\/2011\\\/10\\\/globe-or.jpg\",\"datePublished\":\"2013-09-03T07:00:58+00:00\",\"dateModified\":\"2019-08-16T10:57:32+00:00\",\"author\":{\"@id\":\"https:\\\/\\\/www.gold.fr\\\/news\\\/#\\\/schema\\\/person\\\/070491b4b4fb7671bf59b3be20302ce9\"},\"description\":\"D\u00e9couvrez l'article \\\" L'or, entre performance, dollar et menaces g\u00e9opolitiques \\\". Pour en savoir plus, rendez-vous sur Gold.fr. Le site d'actualit\u00e9 du Comptoir National de l'Or.\",\"breadcrumb\":{\"@id\":\"https:\\\/\\\/www.gold.fr\\\/news\\\/2013\\\/09\\\/03\\\/lor-entre-performance-dollar-et-menaces-geopolitiques\\\/#breadcrumb\"},\"inLanguage\":\"fr-FR\",\"potentialAction\":[{\"@type\":\"ReadAction\",\"target\":[\"https:\\\/\\\/www.gold.fr\\\/news\\\/2013\\\/09\\\/03\\\/lor-entre-performance-dollar-et-menaces-geopolitiques\\\/\"]}]},{\"@type\":\"ImageObject\",\"inLanguage\":\"fr-FR\",\"@id\":\"https:\\\/\\\/www.gold.fr\\\/news\\\/2013\\\/09\\\/03\\\/lor-entre-performance-dollar-et-menaces-geopolitiques\\\/#primaryimage\",\"url\":\"https:\\\/\\\/www.gold.fr\\\/news\\\/wp-content\\\/uploads\\\/2011\\\/10\\\/globe-or.jpg\",\"contentUrl\":\"https:\\\/\\\/www.gold.fr\\\/news\\\/wp-content\\\/uploads\\\/2011\\\/10\\\/globe-or.jpg\",\"width\":\"600\",\"height\":\"600\",\"caption\":\"Des march\u00e9s port\u00e9s par les banques centrales\"},{\"@type\":\"BreadcrumbList\",\"@id\":\"https:\\\/\\\/www.gold.fr\\\/news\\\/2013\\\/09\\\/03\\\/lor-entre-performance-dollar-et-menaces-geopolitiques\\\/#breadcrumb\",\"itemListElement\":[{\"@type\":\"ListItem\",\"position\":1,\"name\":\"Accueil\",\"item\":\"https:\\\/\\\/www.gold.fr\\\/\"},{\"@type\":\"ListItem\",\"position\":2,\"name\":\"Actualit\u00e9s\",\"item\":\"https:\\\/\\\/www.gold.fr\\\/news\\\/\"},{\"@type\":\"ListItem\",\"position\":3,\"name\":\"L\u2019or entre performance dollar et menaces g\u00e9opolitiques\"}]},{\"@type\":\"WebSite\",\"@id\":\"https:\\\/\\\/www.gold.fr\\\/news\\\/#website\",\"url\":\"https:\\\/\\\/www.gold.fr\\\/news\\\/\",\"name\":\"Gold.fr\",\"description\":\"Actualit\u00e9s de l&#039;Or et des m\u00e9taux pr\u00e9cieux\",\"potentialAction\":[{\"@type\":\"SearchAction\",\"target\":{\"@type\":\"EntryPoint\",\"urlTemplate\":\"https:\\\/\\\/www.gold.fr\\\/news\\\/?s={search_term_string}\"},\"query-input\":{\"@type\":\"PropertyValueSpecification\",\"valueRequired\":true,\"valueName\":\"search_term_string\"}}],\"inLanguage\":\"fr-FR\"},{\"@type\":\"Person\",\"@id\":\"https:\\\/\\\/www.gold.fr\\\/news\\\/#\\\/schema\\\/person\\\/070491b4b4fb7671bf59b3be20302ce9\",\"name\":\"Comptoir National de l'Or\",\"image\":{\"@type\":\"ImageObject\",\"inLanguage\":\"fr-FR\",\"@id\":\"https:\\\/\\\/secure.gravatar.com\\\/avatar\\\/0a2867fd5abe37bed95d5a65e9d58f01756e11efc68af9888dfc50cfa7f65948?s=96&d=mm&r=gb490554db0a38188709de567aa58480d\",\"url\":\"https:\\\/\\\/secure.gravatar.com\\\/avatar\\\/0a2867fd5abe37bed95d5a65e9d58f01756e11efc68af9888dfc50cfa7f65948?s=96&d=mm&r=g\",\"contentUrl\":\"https:\\\/\\\/secure.gravatar.com\\\/avatar\\\/0a2867fd5abe37bed95d5a65e9d58f01756e11efc68af9888dfc50cfa7f65948?s=96&d=mm&r=g\",\"caption\":\"Comptoir National de l'Or\"},\"description\":\"Notre r\u00e9daction est constitu\u00e9e de membres experts dans les m\u00e9tiers de l'\u00e9conomie et la gestion, des Responsables d'agence Comptoir National de l'Or, des analystes financiers qui publient r\u00e9guli\u00e8rement des \u00e9tudes sur les politiques des banques centrales, le cours de l'or, prix de l'or, cours de l'argent, prix de l'argent, cours du platine, cours du palladium,... la situation en zone euro et l'impact de la strat\u00e9gie mon\u00e9taire de la FED. Notre \u00e9quipe scrute \u00e9galement une information plus g\u00e9n\u00e9raliste \u00e0 la recherche d'actualit\u00e9 \\\"p\u00e9pite\\\" \u00e0 vous partager. Depuis 5 ans, nous avons publi\u00e9 un peu plus de 4000 articles qui s'adressent \u00e0 un public large et vari\u00e9 ayant pour objectif de satisfaire votre curiosit\u00e9 et de partager avec vous une certaine fascination pour le m\u00e9tal jaune, le rachat d'or, et pour ceux qui veulent investir dans l'or, vendre leur or tout simplement en savoir plus... Pour tous vos achat or et argent, n'h\u00e9sitez pas \u00e0 prendre rendez-vous dans l'un de nos nombreux comptoirs.\",\"sameAs\":[\"https:\\\/\\\/www.gold.fr\"]}]}<\/script>\n<!-- \/ Yoast SEO plugin. -->","yoast_head_json":{"title":"L\u2019or entre performance dollar et menaces g\u00e9opolitiques - Gold.fr","description":"D\u00e9couvrez l'article \" L'or, entre performance, dollar et menaces g\u00e9opolitiques \". Pour en savoir plus, rendez-vous sur Gold.fr. Le site d'actualit\u00e9 du Comptoir National de l'Or.","robots":{"index":"index","follow":"follow","max-snippet":"max-snippet:-1","max-image-preview":"max-image-preview:large","max-video-preview":"max-video-preview:-1"},"canonical":"https:\/\/www.gold.fr\/news\/2013\/09\/03\/lor-entre-performance-dollar-et-menaces-geopolitiques\/","og_locale":"fr_FR","og_type":"article","og_title":"L\u2019or entre performance dollar et menaces g\u00e9opolitiques - Gold.fr","og_description":"D\u00e9couvrez l'article \" L'or, entre performance, dollar et menaces g\u00e9opolitiques \". Pour en savoir plus, rendez-vous sur Gold.fr. Le site d'actualit\u00e9 du Comptoir National de l'Or.","og_url":"https:\/\/www.gold.fr\/news\/2013\/09\/03\/lor-entre-performance-dollar-et-menaces-geopolitiques\/","og_site_name":"Gold.fr","article_publisher":"https:\/\/www.facebook.com\/Goldfr\/","article_published_time":"2013-09-03T07:00:58+00:00","article_modified_time":"2019-08-16T10:57:32+00:00","og_image":[{"width":600,"height":600,"url":"https:\/\/www.gold.fr\/news\/wp-content\/uploads\/2011\/10\/globe-or.jpg","type":"image\/jpeg"}],"author":"Comptoir National de l'Or","twitter_card":"summary_large_image","twitter_misc":{"\u00c9crit par":"Comptoir National de l'Or","Dur\u00e9e de lecture estim\u00e9e":"1 minute"},"schema":{"@context":"https:\/\/schema.org","@graph":[{"@type":"Article","@id":"https:\/\/www.gold.fr\/news\/2013\/09\/03\/lor-entre-performance-dollar-et-menaces-geopolitiques\/#article","isPartOf":{"@id":"https:\/\/www.gold.fr\/news\/2013\/09\/03\/lor-entre-performance-dollar-et-menaces-geopolitiques\/"},"author":{"name":"Comptoir National de l'Or","@id":"https:\/\/www.gold.fr\/news\/#\/schema\/person\/070491b4b4fb7671bf59b3be20302ce9"},"headline":"L\u2019or entre performance dollar et menaces g\u00e9opolitiques","datePublished":"2013-09-03T07:00:58+00:00","dateModified":"2019-08-16T10:57:32+00:00","mainEntityOfPage":{"@id":"https:\/\/www.gold.fr\/news\/2013\/09\/03\/lor-entre-performance-dollar-et-menaces-geopolitiques\/"},"wordCount":281,"commentCount":0,"image":{"@id":"https:\/\/www.gold.fr\/news\/2013\/09\/03\/lor-entre-performance-dollar-et-menaces-geopolitiques\/#primaryimage"},"thumbnailUrl":"https:\/\/www.gold.fr\/news\/wp-content\/uploads\/2011\/10\/globe-or.jpg","keywords":["menaces g\u00e9opolitiques","once d'or","or et dollar","prix de l'or","Syrie","usa"],"articleSection":["Articles de presse"],"inLanguage":"fr-FR"},{"@type":"WebPage","@id":"https:\/\/www.gold.fr\/news\/2013\/09\/03\/lor-entre-performance-dollar-et-menaces-geopolitiques\/","url":"https:\/\/www.gold.fr\/news\/2013\/09\/03\/lor-entre-performance-dollar-et-menaces-geopolitiques\/","name":"L\u2019or entre performance dollar et menaces g\u00e9opolitiques - Gold.fr","isPartOf":{"@id":"https:\/\/www.gold.fr\/news\/#website"},"primaryImageOfPage":{"@id":"https:\/\/www.gold.fr\/news\/2013\/09\/03\/lor-entre-performance-dollar-et-menaces-geopolitiques\/#primaryimage"},"image":{"@id":"https:\/\/www.gold.fr\/news\/2013\/09\/03\/lor-entre-performance-dollar-et-menaces-geopolitiques\/#primaryimage"},"thumbnailUrl":"https:\/\/www.gold.fr\/news\/wp-content\/uploads\/2011\/10\/globe-or.jpg","datePublished":"2013-09-03T07:00:58+00:00","dateModified":"2019-08-16T10:57:32+00:00","author":{"@id":"https:\/\/www.gold.fr\/news\/#\/schema\/person\/070491b4b4fb7671bf59b3be20302ce9"},"description":"D\u00e9couvrez l'article \" L'or, entre performance, dollar et menaces g\u00e9opolitiques \". Pour en savoir plus, rendez-vous sur Gold.fr. Le site d'actualit\u00e9 du Comptoir National de l'Or.","breadcrumb":{"@id":"https:\/\/www.gold.fr\/news\/2013\/09\/03\/lor-entre-performance-dollar-et-menaces-geopolitiques\/#breadcrumb"},"inLanguage":"fr-FR","potentialAction":[{"@type":"ReadAction","target":["https:\/\/www.gold.fr\/news\/2013\/09\/03\/lor-entre-performance-dollar-et-menaces-geopolitiques\/"]}]},{"@type":"ImageObject","inLanguage":"fr-FR","@id":"https:\/\/www.gold.fr\/news\/2013\/09\/03\/lor-entre-performance-dollar-et-menaces-geopolitiques\/#primaryimage","url":"https:\/\/www.gold.fr\/news\/wp-content\/uploads\/2011\/10\/globe-or.jpg","contentUrl":"https:\/\/www.gold.fr\/news\/wp-content\/uploads\/2011\/10\/globe-or.jpg","width":"600","height":"600","caption":"Des march\u00e9s port\u00e9s par les banques centrales"},{"@type":"BreadcrumbList","@id":"https:\/\/www.gold.fr\/news\/2013\/09\/03\/lor-entre-performance-dollar-et-menaces-geopolitiques\/#breadcrumb","itemListElement":[{"@type":"ListItem","position":1,"name":"Accueil","item":"https:\/\/www.gold.fr\/"},{"@type":"ListItem","position":2,"name":"Actualit\u00e9s","item":"https:\/\/www.gold.fr\/news\/"},{"@type":"ListItem","position":3,"name":"L\u2019or entre performance dollar et menaces g\u00e9opolitiques"}]},{"@type":"WebSite","@id":"https:\/\/www.gold.fr\/news\/#website","url":"https:\/\/www.gold.fr\/news\/","name":"Gold.fr","description":"Actualit\u00e9s de l&#039;Or et des m\u00e9taux pr\u00e9cieux","potentialAction":[{"@type":"SearchAction","target":{"@type":"EntryPoint","urlTemplate":"https:\/\/www.gold.fr\/news\/?s={search_term_string}"},"query-input":{"@type":"PropertyValueSpecification","valueRequired":true,"valueName":"search_term_string"}}],"inLanguage":"fr-FR"},{"@type":"Person","@id":"https:\/\/www.gold.fr\/news\/#\/schema\/person\/070491b4b4fb7671bf59b3be20302ce9","name":"Comptoir National de l'Or","image":{"@type":"ImageObject","inLanguage":"fr-FR","@id":"https:\/\/secure.gravatar.com\/avatar\/0a2867fd5abe37bed95d5a65e9d58f01756e11efc68af9888dfc50cfa7f65948?s=96&d=mm&r=gb490554db0a38188709de567aa58480d","url":"https:\/\/secure.gravatar.com\/avatar\/0a2867fd5abe37bed95d5a65e9d58f01756e11efc68af9888dfc50cfa7f65948?s=96&d=mm&r=g","contentUrl":"https:\/\/secure.gravatar.com\/avatar\/0a2867fd5abe37bed95d5a65e9d58f01756e11efc68af9888dfc50cfa7f65948?s=96&d=mm&r=g","caption":"Comptoir National de l'Or"},"description":"Notre r\u00e9daction est constitu\u00e9e de membres experts dans les m\u00e9tiers de l'\u00e9conomie et la gestion, des Responsables d'agence Comptoir National de l'Or, des analystes financiers qui publient r\u00e9guli\u00e8rement des \u00e9tudes sur les politiques des banques centrales, le cours de l'or, prix de l'or, cours de l'argent, prix de l'argent, cours du platine, cours du palladium,... la situation en zone euro et l'impact de la strat\u00e9gie mon\u00e9taire de la FED. Notre \u00e9quipe scrute \u00e9galement une information plus g\u00e9n\u00e9raliste \u00e0 la recherche d'actualit\u00e9 \"p\u00e9pite\" \u00e0 vous partager. Depuis 5 ans, nous avons publi\u00e9 un peu plus de 4000 articles qui s'adressent \u00e0 un public large et vari\u00e9 ayant pour objectif de satisfaire votre curiosit\u00e9 et de partager avec vous une certaine fascination pour le m\u00e9tal jaune, le rachat d'or, et pour ceux qui veulent investir dans l'or, vendre leur or tout simplement en savoir plus... Pour tous vos achat or et argent, n'h\u00e9sitez pas \u00e0 prendre rendez-vous dans l'un de nos nombreux comptoirs.","sameAs":["https:\/\/www.gold.fr"]}]}},"authors":[{"term_id":2565,"user_id":18,"is_guest":0,"slug":"julie","display_name":"Comptoir National de l'Or","avatar_url":"https:\/\/secure.gravatar.com\/avatar\/713f289e398d35ead876c4a4cc08607f0d6d266058cfc25683fffb6092d0e572?s=96&d=mm&r=g","0":null,"1":"","2":"","3":"","4":"","5":"","6":"","7":"","8":""}],"_links":{"self":[{"href":"https:\/\/www.gold.fr\/news\/wp-json\/wp\/v2\/posts\/12730","targetHints":{"allow":["GET"]}}],"collection":[{"href":"https:\/\/www.gold.fr\/news\/wp-json\/wp\/v2\/posts"}],"about":[{"href":"https:\/\/www.gold.fr\/news\/wp-json\/wp\/v2\/types\/post"}],"author":[{"embeddable":true,"href":"https:\/\/www.gold.fr\/news\/wp-json\/wp\/v2\/users\/18"}],"replies":[{"embeddable":true,"href":"https:\/\/www.gold.fr\/news\/wp-json\/wp\/v2\/comments?post=12730"}],"version-history":[{"count":0,"href":"https:\/\/www.gold.fr\/news\/wp-json\/wp\/v2\/posts\/12730\/revisions"}],"wp:featuredmedia":[{"embeddable":true,"href":"https:\/\/www.gold.fr\/news\/wp-json\/wp\/v2\/media\/2717"}],"wp:attachment":[{"href":"https:\/\/www.gold.fr\/news\/wp-json\/wp\/v2\/media?parent=12730"}],"wp:term":[{"taxonomy":"category","embeddable":true,"href":"https:\/\/www.gold.fr\/news\/wp-json\/wp\/v2\/categories?post=12730"},{"taxonomy":"post_tag","embeddable":true,"href":"https:\/\/www.gold.fr\/news\/wp-json\/wp\/v2\/tags?post=12730"},{"taxonomy":"author","embeddable":true,"href":"https:\/\/www.gold.fr\/news\/wp-json\/wp\/v2\/ppma_author?post=12730"}],"curies":[{"name":"wp","href":"https:\/\/api.w.org\/{rel}","templated":true}]}}