{"id":12705,"date":"2013-08-30T17:00:06","date_gmt":"2013-08-30T15:00:06","guid":{"rendered":"https:\/\/www.gold.fr\/news\/?p=12705"},"modified":"2019-06-14T15:40:33","modified_gmt":"2019-06-14T13:40:33","slug":"le-spectre-de-laffrontement-us-syrie-booste-lor","status":"publish","type":"post","link":"https:\/\/www.gold.fr\/news\/2013\/08\/30\/le-spectre-de-laffrontement-us-syrie-booste-lor\/","title":{"rendered":"Le spectre de l\u2019affrontement US-Syrie booste l\u2019or"},"content":{"rendered":"<p><span style=\"font-size: small;\"><img loading=\"lazy\" decoding=\"async\" class=\"alignleft size-thumbnail wp-image-10402\" title=\"Le spectre de l\u2019affrontement US-Syrie booste l\u2019or\" src=\"https:\/\/www.gold.fr\/news\/wp-content\/uploads\/2013\/01\/drapeau-usa-150x150.jpg\" alt=\"\" width=\"150\" height=\"150\" \/>Cette semaine, le <a class=\"esk-seo-plu-link\" href=\"https:\/\/www.gold.fr\/news\/tags\/or\">m\u00e9tal jaune<\/a> redore plus que jamais son blason relativement terni, depuis le d\u00e9but de l&rsquo;\u00e9t\u00e9, de valeur refuge. Et il doit une telle r\u00e9surgence \u00e0 l&rsquo;une des origines de l&rsquo;existence m\u00eame de la notion de valeur refuge ; <a title=\"Les tensions g\u00e9opolitiques profitent \u00e0 l\u2019or\" href=\"https:\/\/www.gold.fr\/news\/2013\/08\/28\/les-tensions-geopolitiques-profitent-a-lor\/12693\/\" target=\"_blank\" rel=\"noopener\">une turbulence g\u00e9opolitique majeure<\/a>.<\/span> <span style=\"font-size: small;\"> Tout porte en effet \u00e0 croire que les <strong>Etats-Unis<\/strong> s&rsquo;appr\u00eatent \u00e0 mener une attaque militaire tr\u00e8s imminente contre les forces loyales au r\u00e9gime de <strong>Bashar Al Assad<\/strong>. Entre les d\u00e9clarations de <strong>Chuck Hagel<\/strong> (secr\u00e9taire d&rsquo;\u00e9tat am\u00e9ricain \u00e0 la d\u00e9fense) et celles de <strong>John Kerry<\/strong> (secr\u00e9taire d&rsquo;\u00e9tat am\u00e9ricain charg\u00e9 des affaires \u00e9trang\u00e8res), c&rsquo;est \u00e0 celui qui r\u00e9ussirait le mieux \u00e0 empirer la tension d\u00e9j\u00e0 \u00e0 son comble.<\/span> <span style=\"font-size: small;\"> Depuis le d\u00e9but de la semaine, les deux hommes ne cessent en effet de parler d&rsquo;\u00eatre \u00ab <em>pr\u00eats <\/em>\u00bb \u00e0 attaquer, ou encore de preuves \u00ab <em>ind\u00e9niables <\/em>\u00bb justifiant, sans aucun doute, une riposte militaire.<\/span> <span style=\"font-size: small;\"> Au c\u0153ur m\u00eame de cette tourmente g\u00e9opolitique internationale, l&rsquo;<a class=\"esk-seo-plu-link\" href=\"https:\/\/www.gold.fr\/news\/tags\/or\">or<\/a> s&rsquo;impose \u00e0 nouveau, fid\u00e8le \u00e0 sa r\u00e9putation traditionnelle, comme la valeur refuge capable de pr\u00e9munir son d\u00e9tenteur contre les crises les plus graves.<\/span> <span style=\"font-size: small;\"> V\u00e9ritable bouclier contre les incertitudes politiques et\/ou \u00e9conomiques en tout genre, l&rsquo;<a class=\"esk-seo-plu-link\" href=\"https:\/\/www.gold.fr\/news\/tags\/or\">or<\/a> profite donc de la temp\u00eate actuelle pour toucher un nouveau sommet, accumulant pas moins de <strong>18%<\/strong> de gains par rapport \u00e0 sa chute des trois derniers mois, mais aussi \u00e0 sa stagnation marqu\u00e9e depuis le d\u00e9but de l&rsquo;ann\u00e9e <strong>2013<\/strong>.<\/span><\/p>\n<!-- AddThis Advanced Settings generic via filter on the_content --><!-- AddThis Share Buttons generic via filter on the_content -->","protected":false},"excerpt":{"rendered":"<p>Cette semaine, le m\u00e9tal jaune redore plus que jamais son blason relativement terni, depuis le d\u00e9but de l&rsquo;\u00e9t\u00e9, de valeur refuge. Et il doit une telle r\u00e9surgence \u00e0 l&rsquo;une des origines de l&rsquo;existence m\u00eame de la [&hellip;]<\/p>\n","protected":false},"author":18,"featured_media":10402,"comment_status":"open","ping_status":"open","sticky":false,"template":"","format":"standard","meta":{"_mbp_gutenberg_autopost":false,"_pgmb_is_evergreen":false,"_pgmb_ap_template_id":0,"footnotes":""},"categories":[6],"tags":[1508,1501,1170,1500,1507,405],"ppma_author":[2565],"class_list":["post-12705","post","type-post","status-publish","format-standard","has-post-thumbnail","hentry","category-articles-de-presse","tag-chuck-hagel","tag-john-kerry","tag-stagnation-or","tag-syrie","tag-turbulence-geopolitique","tag-usa"],"yoast_head":"<!-- This site is optimized with the Yoast SEO plugin v27.5 - https:\/\/yoast.com\/product\/yoast-seo-wordpress\/ -->\n<title>Le spectre de l\u2019affrontement US-Syrie booste l\u2019or - Gold.fr<\/title>\n<meta name=\"description\" content=\"Retrouvez toute l&#039;actualit\u00e9 sur l&#039;affrontement US-Syrie et les enjeux de l&#039;achat d&#039;or, vente d&#039;or, d&#039;argent et d&#039;autres m\u00e9taux pr\u00e9cieux sur le site Gold.fr. Le site d&#039;actualit\u00e9 du Comptoir National de l&#039;Or.\" \/>\n<meta name=\"robots\" content=\"index, follow, max-snippet:-1, max-image-preview:large, max-video-preview:-1\" \/>\n<link rel=\"canonical\" href=\"https:\/\/www.gold.fr\/news\/2013\/08\/30\/le-spectre-de-laffrontement-us-syrie-booste-lor\/\" \/>\n<meta property=\"og:locale\" content=\"fr_FR\" \/>\n<meta property=\"og:type\" content=\"article\" \/>\n<meta property=\"og:title\" content=\"Le spectre de l\u2019affrontement US-Syrie booste l\u2019or - Gold.fr\" \/>\n<meta property=\"og:description\" content=\"Retrouvez toute l&#039;actualit\u00e9 sur l&#039;affrontement US-Syrie et les enjeux de l&#039;achat d&#039;or, vente d&#039;or, d&#039;argent et d&#039;autres m\u00e9taux pr\u00e9cieux sur le site Gold.fr. Le site d&#039;actualit\u00e9 du Comptoir National de l&#039;Or.\" \/>\n<meta property=\"og:url\" content=\"https:\/\/www.gold.fr\/news\/2013\/08\/30\/le-spectre-de-laffrontement-us-syrie-booste-lor\/\" \/>\n<meta property=\"og:site_name\" content=\"Gold.fr\" \/>\n<meta property=\"article:publisher\" content=\"https:\/\/www.facebook.com\/Goldfr\/\" \/>\n<meta property=\"article:published_time\" content=\"2013-08-30T15:00:06+00:00\" \/>\n<meta property=\"article:modified_time\" content=\"2019-06-14T13:40:33+00:00\" \/>\n<meta property=\"og:image\" content=\"https:\/\/www.gold.fr\/news\/wp-content\/uploads\/2013\/01\/drapeau-usa.jpg\" \/>\n\t<meta property=\"og:image:width\" content=\"605\" \/>\n\t<meta property=\"og:image:height\" content=\"357\" \/>\n\t<meta property=\"og:image:type\" content=\"image\/jpeg\" \/>\n<meta name=\"author\" content=\"Comptoir National de l&#039;Or\" \/>\n<meta name=\"twitter:card\" content=\"summary_large_image\" \/>\n<meta name=\"twitter:label1\" content=\"\u00c9crit par\" \/>\n\t<meta name=\"twitter:data1\" content=\"Comptoir National de l&#039;Or\" \/>\n\t<meta name=\"twitter:label2\" content=\"Dur\u00e9e de lecture estim\u00e9e\" \/>\n\t<meta name=\"twitter:data2\" content=\"1 minute\" \/>\n<script type=\"application\/ld+json\" class=\"yoast-schema-graph\">{\"@context\":\"https:\\\/\\\/schema.org\",\"@graph\":[{\"@type\":\"Article\",\"@id\":\"https:\\\/\\\/www.gold.fr\\\/news\\\/2013\\\/08\\\/30\\\/le-spectre-de-laffrontement-us-syrie-booste-lor\\\/#article\",\"isPartOf\":{\"@id\":\"https:\\\/\\\/www.gold.fr\\\/news\\\/2013\\\/08\\\/30\\\/le-spectre-de-laffrontement-us-syrie-booste-lor\\\/\"},\"author\":{\"name\":\"Comptoir National de l'Or\",\"@id\":\"https:\\\/\\\/www.gold.fr\\\/news\\\/#\\\/schema\\\/person\\\/070491b4b4fb7671bf59b3be20302ce9\"},\"headline\":\"Le spectre de l\u2019affrontement US-Syrie booste l\u2019or\",\"datePublished\":\"2013-08-30T15:00:06+00:00\",\"dateModified\":\"2019-06-14T13:40:33+00:00\",\"mainEntityOfPage\":{\"@id\":\"https:\\\/\\\/www.gold.fr\\\/news\\\/2013\\\/08\\\/30\\\/le-spectre-de-laffrontement-us-syrie-booste-lor\\\/\"},\"wordCount\":264,\"commentCount\":0,\"image\":{\"@id\":\"https:\\\/\\\/www.gold.fr\\\/news\\\/2013\\\/08\\\/30\\\/le-spectre-de-laffrontement-us-syrie-booste-lor\\\/#primaryimage\"},\"thumbnailUrl\":\"https:\\\/\\\/www.gold.fr\\\/news\\\/wp-content\\\/uploads\\\/2013\\\/01\\\/drapeau-usa.jpg\",\"keywords\":[\"Chuck Hagel\",\"John Kerry\",\"stagnation or\",\"Syrie\",\"turbulence g\u00e9opolitique\",\"usa\"],\"articleSection\":[\"Articles de presse\"],\"inLanguage\":\"fr-FR\"},{\"@type\":\"WebPage\",\"@id\":\"https:\\\/\\\/www.gold.fr\\\/news\\\/2013\\\/08\\\/30\\\/le-spectre-de-laffrontement-us-syrie-booste-lor\\\/\",\"url\":\"https:\\\/\\\/www.gold.fr\\\/news\\\/2013\\\/08\\\/30\\\/le-spectre-de-laffrontement-us-syrie-booste-lor\\\/\",\"name\":\"Le spectre de l\u2019affrontement US-Syrie booste l\u2019or - Gold.fr\",\"isPartOf\":{\"@id\":\"https:\\\/\\\/www.gold.fr\\\/news\\\/#website\"},\"primaryImageOfPage\":{\"@id\":\"https:\\\/\\\/www.gold.fr\\\/news\\\/2013\\\/08\\\/30\\\/le-spectre-de-laffrontement-us-syrie-booste-lor\\\/#primaryimage\"},\"image\":{\"@id\":\"https:\\\/\\\/www.gold.fr\\\/news\\\/2013\\\/08\\\/30\\\/le-spectre-de-laffrontement-us-syrie-booste-lor\\\/#primaryimage\"},\"thumbnailUrl\":\"https:\\\/\\\/www.gold.fr\\\/news\\\/wp-content\\\/uploads\\\/2013\\\/01\\\/drapeau-usa.jpg\",\"datePublished\":\"2013-08-30T15:00:06+00:00\",\"dateModified\":\"2019-06-14T13:40:33+00:00\",\"author\":{\"@id\":\"https:\\\/\\\/www.gold.fr\\\/news\\\/#\\\/schema\\\/person\\\/070491b4b4fb7671bf59b3be20302ce9\"},\"description\":\"Retrouvez toute l'actualit\u00e9 sur l'affrontement US-Syrie et les enjeux de l'achat d'or, vente d'or, d'argent et d'autres m\u00e9taux pr\u00e9cieux sur le site Gold.fr. Le site d'actualit\u00e9 du Comptoir National de l'Or.\",\"breadcrumb\":{\"@id\":\"https:\\\/\\\/www.gold.fr\\\/news\\\/2013\\\/08\\\/30\\\/le-spectre-de-laffrontement-us-syrie-booste-lor\\\/#breadcrumb\"},\"inLanguage\":\"fr-FR\",\"potentialAction\":[{\"@type\":\"ReadAction\",\"target\":[\"https:\\\/\\\/www.gold.fr\\\/news\\\/2013\\\/08\\\/30\\\/le-spectre-de-laffrontement-us-syrie-booste-lor\\\/\"]}]},{\"@type\":\"ImageObject\",\"inLanguage\":\"fr-FR\",\"@id\":\"https:\\\/\\\/www.gold.fr\\\/news\\\/2013\\\/08\\\/30\\\/le-spectre-de-laffrontement-us-syrie-booste-lor\\\/#primaryimage\",\"url\":\"https:\\\/\\\/www.gold.fr\\\/news\\\/wp-content\\\/uploads\\\/2013\\\/01\\\/drapeau-usa.jpg\",\"contentUrl\":\"https:\\\/\\\/www.gold.fr\\\/news\\\/wp-content\\\/uploads\\\/2013\\\/01\\\/drapeau-usa.jpg\",\"width\":\"605\",\"height\":\"357\",\"caption\":\"March\u00e9 de l\u2019or : Faut-il craindre la hausse des taux de la FED ?\"},{\"@type\":\"BreadcrumbList\",\"@id\":\"https:\\\/\\\/www.gold.fr\\\/news\\\/2013\\\/08\\\/30\\\/le-spectre-de-laffrontement-us-syrie-booste-lor\\\/#breadcrumb\",\"itemListElement\":[{\"@type\":\"ListItem\",\"position\":1,\"name\":\"Accueil\",\"item\":\"https:\\\/\\\/www.gold.fr\\\/\"},{\"@type\":\"ListItem\",\"position\":2,\"name\":\"Actualit\u00e9s\",\"item\":\"https:\\\/\\\/www.gold.fr\\\/news\\\/\"},{\"@type\":\"ListItem\",\"position\":3,\"name\":\"Le spectre de l\u2019affrontement US-Syrie booste l\u2019or\"}]},{\"@type\":\"WebSite\",\"@id\":\"https:\\\/\\\/www.gold.fr\\\/news\\\/#website\",\"url\":\"https:\\\/\\\/www.gold.fr\\\/news\\\/\",\"name\":\"Gold.fr\",\"description\":\"Actualit\u00e9s de l&#039;Or et des m\u00e9taux pr\u00e9cieux\",\"potentialAction\":[{\"@type\":\"SearchAction\",\"target\":{\"@type\":\"EntryPoint\",\"urlTemplate\":\"https:\\\/\\\/www.gold.fr\\\/news\\\/?s={search_term_string}\"},\"query-input\":{\"@type\":\"PropertyValueSpecification\",\"valueRequired\":true,\"valueName\":\"search_term_string\"}}],\"inLanguage\":\"fr-FR\"},{\"@type\":\"Person\",\"@id\":\"https:\\\/\\\/www.gold.fr\\\/news\\\/#\\\/schema\\\/person\\\/070491b4b4fb7671bf59b3be20302ce9\",\"name\":\"Comptoir National de l'Or\",\"image\":{\"@type\":\"ImageObject\",\"inLanguage\":\"fr-FR\",\"@id\":\"https:\\\/\\\/secure.gravatar.com\\\/avatar\\\/0a2867fd5abe37bed95d5a65e9d58f01756e11efc68af9888dfc50cfa7f65948?s=96&d=mm&r=gb490554db0a38188709de567aa58480d\",\"url\":\"https:\\\/\\\/secure.gravatar.com\\\/avatar\\\/0a2867fd5abe37bed95d5a65e9d58f01756e11efc68af9888dfc50cfa7f65948?s=96&d=mm&r=g\",\"contentUrl\":\"https:\\\/\\\/secure.gravatar.com\\\/avatar\\\/0a2867fd5abe37bed95d5a65e9d58f01756e11efc68af9888dfc50cfa7f65948?s=96&d=mm&r=g\",\"caption\":\"Comptoir National de l'Or\"},\"description\":\"Notre r\u00e9daction est constitu\u00e9e de membres experts dans les m\u00e9tiers de l'\u00e9conomie et la gestion, des Responsables d'agence Comptoir National de l'Or, des analystes financiers qui publient r\u00e9guli\u00e8rement des \u00e9tudes sur les politiques des banques centrales, le cours de l'or, prix de l'or, cours de l'argent, prix de l'argent, cours du platine, cours du palladium,... la situation en zone euro et l'impact de la strat\u00e9gie mon\u00e9taire de la FED. Notre \u00e9quipe scrute \u00e9galement une information plus g\u00e9n\u00e9raliste \u00e0 la recherche d'actualit\u00e9 \\\"p\u00e9pite\\\" \u00e0 vous partager. Depuis 5 ans, nous avons publi\u00e9 un peu plus de 4000 articles qui s'adressent \u00e0 un public large et vari\u00e9 ayant pour objectif de satisfaire votre curiosit\u00e9 et de partager avec vous une certaine fascination pour le m\u00e9tal jaune, le rachat d'or, et pour ceux qui veulent investir dans l'or, vendre leur or tout simplement en savoir plus... Pour tous vos achat or et argent, n'h\u00e9sitez pas \u00e0 prendre rendez-vous dans l'un de nos nombreux comptoirs.\",\"sameAs\":[\"https:\\\/\\\/www.gold.fr\"]}]}<\/script>\n<!-- \/ Yoast SEO plugin. -->","yoast_head_json":{"title":"Le spectre de l\u2019affrontement US-Syrie booste l\u2019or - Gold.fr","description":"Retrouvez toute l'actualit\u00e9 sur l'affrontement US-Syrie et les enjeux de l'achat d'or, vente d'or, d'argent et d'autres m\u00e9taux pr\u00e9cieux sur le site Gold.fr. Le site d'actualit\u00e9 du Comptoir National de l'Or.","robots":{"index":"index","follow":"follow","max-snippet":"max-snippet:-1","max-image-preview":"max-image-preview:large","max-video-preview":"max-video-preview:-1"},"canonical":"https:\/\/www.gold.fr\/news\/2013\/08\/30\/le-spectre-de-laffrontement-us-syrie-booste-lor\/","og_locale":"fr_FR","og_type":"article","og_title":"Le spectre de l\u2019affrontement US-Syrie booste l\u2019or - Gold.fr","og_description":"Retrouvez toute l'actualit\u00e9 sur l'affrontement US-Syrie et les enjeux de l'achat d'or, vente d'or, d'argent et d'autres m\u00e9taux pr\u00e9cieux sur le site Gold.fr. Le site d'actualit\u00e9 du Comptoir National de l'Or.","og_url":"https:\/\/www.gold.fr\/news\/2013\/08\/30\/le-spectre-de-laffrontement-us-syrie-booste-lor\/","og_site_name":"Gold.fr","article_publisher":"https:\/\/www.facebook.com\/Goldfr\/","article_published_time":"2013-08-30T15:00:06+00:00","article_modified_time":"2019-06-14T13:40:33+00:00","og_image":[{"width":605,"height":357,"url":"https:\/\/www.gold.fr\/news\/wp-content\/uploads\/2013\/01\/drapeau-usa.jpg","type":"image\/jpeg"}],"author":"Comptoir National de l'Or","twitter_card":"summary_large_image","twitter_misc":{"\u00c9crit par":"Comptoir National de l'Or","Dur\u00e9e de lecture estim\u00e9e":"1 minute"},"schema":{"@context":"https:\/\/schema.org","@graph":[{"@type":"Article","@id":"https:\/\/www.gold.fr\/news\/2013\/08\/30\/le-spectre-de-laffrontement-us-syrie-booste-lor\/#article","isPartOf":{"@id":"https:\/\/www.gold.fr\/news\/2013\/08\/30\/le-spectre-de-laffrontement-us-syrie-booste-lor\/"},"author":{"name":"Comptoir National de l'Or","@id":"https:\/\/www.gold.fr\/news\/#\/schema\/person\/070491b4b4fb7671bf59b3be20302ce9"},"headline":"Le spectre de l\u2019affrontement US-Syrie booste l\u2019or","datePublished":"2013-08-30T15:00:06+00:00","dateModified":"2019-06-14T13:40:33+00:00","mainEntityOfPage":{"@id":"https:\/\/www.gold.fr\/news\/2013\/08\/30\/le-spectre-de-laffrontement-us-syrie-booste-lor\/"},"wordCount":264,"commentCount":0,"image":{"@id":"https:\/\/www.gold.fr\/news\/2013\/08\/30\/le-spectre-de-laffrontement-us-syrie-booste-lor\/#primaryimage"},"thumbnailUrl":"https:\/\/www.gold.fr\/news\/wp-content\/uploads\/2013\/01\/drapeau-usa.jpg","keywords":["Chuck Hagel","John Kerry","stagnation or","Syrie","turbulence g\u00e9opolitique","usa"],"articleSection":["Articles de presse"],"inLanguage":"fr-FR"},{"@type":"WebPage","@id":"https:\/\/www.gold.fr\/news\/2013\/08\/30\/le-spectre-de-laffrontement-us-syrie-booste-lor\/","url":"https:\/\/www.gold.fr\/news\/2013\/08\/30\/le-spectre-de-laffrontement-us-syrie-booste-lor\/","name":"Le spectre de l\u2019affrontement US-Syrie booste l\u2019or - Gold.fr","isPartOf":{"@id":"https:\/\/www.gold.fr\/news\/#website"},"primaryImageOfPage":{"@id":"https:\/\/www.gold.fr\/news\/2013\/08\/30\/le-spectre-de-laffrontement-us-syrie-booste-lor\/#primaryimage"},"image":{"@id":"https:\/\/www.gold.fr\/news\/2013\/08\/30\/le-spectre-de-laffrontement-us-syrie-booste-lor\/#primaryimage"},"thumbnailUrl":"https:\/\/www.gold.fr\/news\/wp-content\/uploads\/2013\/01\/drapeau-usa.jpg","datePublished":"2013-08-30T15:00:06+00:00","dateModified":"2019-06-14T13:40:33+00:00","author":{"@id":"https:\/\/www.gold.fr\/news\/#\/schema\/person\/070491b4b4fb7671bf59b3be20302ce9"},"description":"Retrouvez toute l'actualit\u00e9 sur l'affrontement US-Syrie et les enjeux de l'achat d'or, vente d'or, d'argent et d'autres m\u00e9taux pr\u00e9cieux sur le site Gold.fr. Le site d'actualit\u00e9 du Comptoir National de l'Or.","breadcrumb":{"@id":"https:\/\/www.gold.fr\/news\/2013\/08\/30\/le-spectre-de-laffrontement-us-syrie-booste-lor\/#breadcrumb"},"inLanguage":"fr-FR","potentialAction":[{"@type":"ReadAction","target":["https:\/\/www.gold.fr\/news\/2013\/08\/30\/le-spectre-de-laffrontement-us-syrie-booste-lor\/"]}]},{"@type":"ImageObject","inLanguage":"fr-FR","@id":"https:\/\/www.gold.fr\/news\/2013\/08\/30\/le-spectre-de-laffrontement-us-syrie-booste-lor\/#primaryimage","url":"https:\/\/www.gold.fr\/news\/wp-content\/uploads\/2013\/01\/drapeau-usa.jpg","contentUrl":"https:\/\/www.gold.fr\/news\/wp-content\/uploads\/2013\/01\/drapeau-usa.jpg","width":"605","height":"357","caption":"March\u00e9 de l\u2019or : Faut-il craindre la hausse des taux de la FED ?"},{"@type":"BreadcrumbList","@id":"https:\/\/www.gold.fr\/news\/2013\/08\/30\/le-spectre-de-laffrontement-us-syrie-booste-lor\/#breadcrumb","itemListElement":[{"@type":"ListItem","position":1,"name":"Accueil","item":"https:\/\/www.gold.fr\/"},{"@type":"ListItem","position":2,"name":"Actualit\u00e9s","item":"https:\/\/www.gold.fr\/news\/"},{"@type":"ListItem","position":3,"name":"Le spectre de l\u2019affrontement US-Syrie booste l\u2019or"}]},{"@type":"WebSite","@id":"https:\/\/www.gold.fr\/news\/#website","url":"https:\/\/www.gold.fr\/news\/","name":"Gold.fr","description":"Actualit\u00e9s de l&#039;Or et des m\u00e9taux pr\u00e9cieux","potentialAction":[{"@type":"SearchAction","target":{"@type":"EntryPoint","urlTemplate":"https:\/\/www.gold.fr\/news\/?s={search_term_string}"},"query-input":{"@type":"PropertyValueSpecification","valueRequired":true,"valueName":"search_term_string"}}],"inLanguage":"fr-FR"},{"@type":"Person","@id":"https:\/\/www.gold.fr\/news\/#\/schema\/person\/070491b4b4fb7671bf59b3be20302ce9","name":"Comptoir National de l'Or","image":{"@type":"ImageObject","inLanguage":"fr-FR","@id":"https:\/\/secure.gravatar.com\/avatar\/0a2867fd5abe37bed95d5a65e9d58f01756e11efc68af9888dfc50cfa7f65948?s=96&d=mm&r=gb490554db0a38188709de567aa58480d","url":"https:\/\/secure.gravatar.com\/avatar\/0a2867fd5abe37bed95d5a65e9d58f01756e11efc68af9888dfc50cfa7f65948?s=96&d=mm&r=g","contentUrl":"https:\/\/secure.gravatar.com\/avatar\/0a2867fd5abe37bed95d5a65e9d58f01756e11efc68af9888dfc50cfa7f65948?s=96&d=mm&r=g","caption":"Comptoir National de l'Or"},"description":"Notre r\u00e9daction est constitu\u00e9e de membres experts dans les m\u00e9tiers de l'\u00e9conomie et la gestion, des Responsables d'agence Comptoir National de l'Or, des analystes financiers qui publient r\u00e9guli\u00e8rement des \u00e9tudes sur les politiques des banques centrales, le cours de l'or, prix de l'or, cours de l'argent, prix de l'argent, cours du platine, cours du palladium,... la situation en zone euro et l'impact de la strat\u00e9gie mon\u00e9taire de la FED. Notre \u00e9quipe scrute \u00e9galement une information plus g\u00e9n\u00e9raliste \u00e0 la recherche d'actualit\u00e9 \"p\u00e9pite\" \u00e0 vous partager. Depuis 5 ans, nous avons publi\u00e9 un peu plus de 4000 articles qui s'adressent \u00e0 un public large et vari\u00e9 ayant pour objectif de satisfaire votre curiosit\u00e9 et de partager avec vous une certaine fascination pour le m\u00e9tal jaune, le rachat d'or, et pour ceux qui veulent investir dans l'or, vendre leur or tout simplement en savoir plus... Pour tous vos achat or et argent, n'h\u00e9sitez pas \u00e0 prendre rendez-vous dans l'un de nos nombreux comptoirs.","sameAs":["https:\/\/www.gold.fr"]}]}},"authors":[{"term_id":2565,"user_id":18,"is_guest":0,"slug":"julie","display_name":"Comptoir National de l'Or","avatar_url":"https:\/\/secure.gravatar.com\/avatar\/713f289e398d35ead876c4a4cc08607f0d6d266058cfc25683fffb6092d0e572?s=96&d=mm&r=g","0":null,"1":"","2":"","3":"","4":"","5":"","6":"","7":"","8":""}],"_links":{"self":[{"href":"https:\/\/www.gold.fr\/news\/wp-json\/wp\/v2\/posts\/12705","targetHints":{"allow":["GET"]}}],"collection":[{"href":"https:\/\/www.gold.fr\/news\/wp-json\/wp\/v2\/posts"}],"about":[{"href":"https:\/\/www.gold.fr\/news\/wp-json\/wp\/v2\/types\/post"}],"author":[{"embeddable":true,"href":"https:\/\/www.gold.fr\/news\/wp-json\/wp\/v2\/users\/18"}],"replies":[{"embeddable":true,"href":"https:\/\/www.gold.fr\/news\/wp-json\/wp\/v2\/comments?post=12705"}],"version-history":[{"count":0,"href":"https:\/\/www.gold.fr\/news\/wp-json\/wp\/v2\/posts\/12705\/revisions"}],"wp:featuredmedia":[{"embeddable":true,"href":"https:\/\/www.gold.fr\/news\/wp-json\/wp\/v2\/media\/10402"}],"wp:attachment":[{"href":"https:\/\/www.gold.fr\/news\/wp-json\/wp\/v2\/media?parent=12705"}],"wp:term":[{"taxonomy":"category","embeddable":true,"href":"https:\/\/www.gold.fr\/news\/wp-json\/wp\/v2\/categories?post=12705"},{"taxonomy":"post_tag","embeddable":true,"href":"https:\/\/www.gold.fr\/news\/wp-json\/wp\/v2\/tags?post=12705"},{"taxonomy":"author","embeddable":true,"href":"https:\/\/www.gold.fr\/news\/wp-json\/wp\/v2\/ppma_author?post=12705"}],"curies":[{"name":"wp","href":"https:\/\/api.w.org\/{rel}","templated":true}]}}