{"id":12687,"date":"2013-08-29T09:00:17","date_gmt":"2013-08-29T07:00:17","guid":{"rendered":"https:\/\/www.gold.fr\/news\/?p=12687"},"modified":"2019-08-16T12:54:07","modified_gmt":"2019-08-16T10:54:07","slug":"le-retour-en-force-de-la-valeur-refuge","status":"publish","type":"post","link":"https:\/\/www.gold.fr\/news\/2013\/08\/29\/le-retour-en-force-de-la-valeur-refuge\/","title":{"rendered":"Le retour en force de la valeur refuge"},"content":{"rendered":"<p><span style=\"font-size: small;\"><img loading=\"lazy\" decoding=\"async\" class=\"alignleft size-thumbnail wp-image-3241\" title=\"Le retour en force de la valeur refuge\" src=\"https:\/\/www.gold.fr\/news\/wp-content\/uploads\/2011\/10\/cours-or-1-150x150.jpg\" alt=\"\" width=\"150\" height=\"150\" \/>Bon nombre d&rsquo;analystes avaient vu revenir la vague de hausse vers le march\u00e9 aurif\u00e8re, mais certainement pas avant la fin de l&rsquo;ann\u00e9e <strong>2013<\/strong>. Loin de plomber <a title=\"Prix de l'Or\" href=\"https:\/\/www.gold.fr\/cours-prix-de-l-or\/\" target=\"_blank\" rel=\"noopener noreferrer\">les prix du m\u00e9tal jaune<\/a>, la tension dominant actuellement l&rsquo;ensemble des march\u00e9s financiers semble avoir ramen\u00e9 l&rsquo;inestimable valeur refuge sur le devant de la sc\u00e8ne.<\/span> <span style=\"font-size: small;\"> Vendredi dernier, un rapport officiel r\u00e9v\u00e9lait que les ventes US de logements neufs avaient enregistr\u00e9 une chute libre de l&rsquo;ordre de <strong>13,4%<\/strong> (durant le mois de juillet), \u00ab <em>\u00e0 394 000 unit\u00e9s en rythme annualis\u00e9<\/em> \u00bb, s&rsquo;\u00e9tablissant ainsi bien en-de\u00e7\u00e0 des <strong>487 000 unit\u00e9s<\/strong> (d\u00e9j\u00e0 baissi\u00e8res) attendues par les experts.<\/span> <span style=\"font-size: small;\"> Les observateurs avaient pourtant pr\u00e9vu de voir ces r\u00e9sultats d\u00e9cevants passer plus ou moins inaper\u00e7us, dans un contexte \u00e9conomique enti\u00e8rement focalis\u00e9 sur une seule et unique obsession ; \u00e0 quel moment la r\u00e9serve f\u00e9d\u00e9rale am\u00e9ricaine compte-t-elle d\u00e9buter sa proc\u00e9dure de r\u00e9duction des fameuses injections mon\u00e9taires mensuelles ? Il semblerait cependant que ces chiffres aient \u00e9t\u00e9 le d\u00e9tail en trop, puisque les investisseurs n&rsquo;ont pas tard\u00e9 \u00e0 se tourner vers la valeur refuge la plus solide des march\u00e9s d&rsquo;investissement ; le <a class=\"esk-seo-plu-link\" href=\"https:\/\/www.gold.fr\/news\/tags\/or\">m\u00e9tal jaune<\/a>.<\/span> <span style=\"font-size: small;\"> Chez <strong>Saxo Banque<\/strong>, les experts soulignent toutefois (concernant l&rsquo;orientation future de la <strong>FED<\/strong>) que \u00ab <em>la semaine ne promet pas n\u00e9cessairement davantage de clart\u00e9, d&rsquo;autant plus qu&rsquo;\u00e0 l&rsquo;approche du long week-end du Labor Day, les volumes risquent de rester encore faibles<\/em> \u00bb.<\/span><\/p>\n<!-- AddThis Advanced Settings generic via filter on the_content --><!-- AddThis Share Buttons generic via filter on the_content -->","protected":false},"excerpt":{"rendered":"<p>Bon nombre d&rsquo;analystes avaient vu revenir la vague de hausse vers le march\u00e9 aurif\u00e8re, mais certainement pas avant la fin de l&rsquo;ann\u00e9e 2013. Loin de plomber les prix du m\u00e9tal jaune, la tension dominant actuellement l&rsquo;ensemble [&hellip;]<\/p>\n","protected":false},"author":18,"featured_media":3241,"comment_status":"open","ping_status":"open","sticky":false,"template":"","format":"standard","meta":{"_mbp_gutenberg_autopost":false,"_pgmb_is_evergreen":false,"_pgmb_ap_template_id":0,"footnotes":""},"categories":[6],"tags":[1498,144,1045,234],"ppma_author":[2565],"class_list":["post-12687","post","type-post","status-publish","format-standard","has-post-thumbnail","hentry","category-articles-de-presse","tag-eonomie-us","tag-fed","tag-hausse-or","tag-valeur-refuge"],"yoast_head":"<!-- This site is optimized with the Yoast SEO plugin v27.5 - https:\/\/yoast.com\/product\/yoast-seo-wordpress\/ -->\n<title>Le retour en force de la valeur refuge - Gold.fr<\/title>\n<meta name=\"description\" content=\"Toutes les derni\u00e8res informations sur le retour en force de la valeur refuge. Suivez le cours de l&#039;or, de l&#039;argent et d&#039;autres m\u00e9taux pr\u00e9cieux sur Gold.fr.\" \/>\n<meta name=\"robots\" content=\"index, follow, max-snippet:-1, max-image-preview:large, max-video-preview:-1\" \/>\n<link rel=\"canonical\" href=\"https:\/\/www.gold.fr\/news\/2013\/08\/29\/le-retour-en-force-de-la-valeur-refuge\/\" \/>\n<meta property=\"og:locale\" content=\"fr_FR\" \/>\n<meta property=\"og:type\" content=\"article\" \/>\n<meta property=\"og:title\" content=\"Le retour en force de la valeur refuge - Gold.fr\" \/>\n<meta property=\"og:description\" content=\"Toutes les derni\u00e8res informations sur le retour en force de la valeur refuge. Suivez le cours de l&#039;or, de l&#039;argent et d&#039;autres m\u00e9taux pr\u00e9cieux sur Gold.fr.\" \/>\n<meta property=\"og:url\" content=\"https:\/\/www.gold.fr\/news\/2013\/08\/29\/le-retour-en-force-de-la-valeur-refuge\/\" \/>\n<meta property=\"og:site_name\" content=\"Gold.fr\" \/>\n<meta property=\"article:publisher\" content=\"https:\/\/www.facebook.com\/Goldfr\/\" \/>\n<meta property=\"article:published_time\" content=\"2013-08-29T07:00:17+00:00\" \/>\n<meta property=\"article:modified_time\" content=\"2019-08-16T10:54:07+00:00\" \/>\n<meta property=\"og:image\" content=\"https:\/\/www.gold.fr\/news\/wp-content\/uploads\/2011\/10\/cours-or-1-e1319812143947.jpg\" \/>\n\t<meta property=\"og:image:width\" content=\"600\" \/>\n\t<meta property=\"og:image:height\" content=\"400\" \/>\n\t<meta property=\"og:image:type\" content=\"image\/jpeg\" \/>\n<meta name=\"author\" content=\"Comptoir National de l&#039;Or\" \/>\n<meta name=\"twitter:card\" content=\"summary_large_image\" \/>\n<meta name=\"twitter:label1\" content=\"\u00c9crit par\" \/>\n\t<meta name=\"twitter:data1\" content=\"Comptoir National de l&#039;Or\" \/>\n\t<meta name=\"twitter:label2\" content=\"Dur\u00e9e de lecture estim\u00e9e\" \/>\n\t<meta name=\"twitter:data2\" content=\"1 minute\" \/>\n<script type=\"application\/ld+json\" class=\"yoast-schema-graph\">{\"@context\":\"https:\\\/\\\/schema.org\",\"@graph\":[{\"@type\":\"Article\",\"@id\":\"https:\\\/\\\/www.gold.fr\\\/news\\\/2013\\\/08\\\/29\\\/le-retour-en-force-de-la-valeur-refuge\\\/#article\",\"isPartOf\":{\"@id\":\"https:\\\/\\\/www.gold.fr\\\/news\\\/2013\\\/08\\\/29\\\/le-retour-en-force-de-la-valeur-refuge\\\/\"},\"author\":{\"name\":\"Comptoir National de l'Or\",\"@id\":\"https:\\\/\\\/www.gold.fr\\\/news\\\/#\\\/schema\\\/person\\\/070491b4b4fb7671bf59b3be20302ce9\"},\"headline\":\"Le retour en force de la valeur refuge\",\"datePublished\":\"2013-08-29T07:00:17+00:00\",\"dateModified\":\"2019-08-16T10:54:07+00:00\",\"mainEntityOfPage\":{\"@id\":\"https:\\\/\\\/www.gold.fr\\\/news\\\/2013\\\/08\\\/29\\\/le-retour-en-force-de-la-valeur-refuge\\\/\"},\"wordCount\":256,\"commentCount\":0,\"image\":{\"@id\":\"https:\\\/\\\/www.gold.fr\\\/news\\\/2013\\\/08\\\/29\\\/le-retour-en-force-de-la-valeur-refuge\\\/#primaryimage\"},\"thumbnailUrl\":\"https:\\\/\\\/www.gold.fr\\\/news\\\/wp-content\\\/uploads\\\/2011\\\/10\\\/cours-or-1-e1319812143947.jpg\",\"keywords\":[\"\u00e9onomie US\",\"fed\",\"hausse or\",\"Valeur refuge\"],\"articleSection\":[\"Articles de presse\"],\"inLanguage\":\"fr-FR\"},{\"@type\":\"WebPage\",\"@id\":\"https:\\\/\\\/www.gold.fr\\\/news\\\/2013\\\/08\\\/29\\\/le-retour-en-force-de-la-valeur-refuge\\\/\",\"url\":\"https:\\\/\\\/www.gold.fr\\\/news\\\/2013\\\/08\\\/29\\\/le-retour-en-force-de-la-valeur-refuge\\\/\",\"name\":\"Le retour en force de la valeur refuge - Gold.fr\",\"isPartOf\":{\"@id\":\"https:\\\/\\\/www.gold.fr\\\/news\\\/#website\"},\"primaryImageOfPage\":{\"@id\":\"https:\\\/\\\/www.gold.fr\\\/news\\\/2013\\\/08\\\/29\\\/le-retour-en-force-de-la-valeur-refuge\\\/#primaryimage\"},\"image\":{\"@id\":\"https:\\\/\\\/www.gold.fr\\\/news\\\/2013\\\/08\\\/29\\\/le-retour-en-force-de-la-valeur-refuge\\\/#primaryimage\"},\"thumbnailUrl\":\"https:\\\/\\\/www.gold.fr\\\/news\\\/wp-content\\\/uploads\\\/2011\\\/10\\\/cours-or-1-e1319812143947.jpg\",\"datePublished\":\"2013-08-29T07:00:17+00:00\",\"dateModified\":\"2019-08-16T10:54:07+00:00\",\"author\":{\"@id\":\"https:\\\/\\\/www.gold.fr\\\/news\\\/#\\\/schema\\\/person\\\/070491b4b4fb7671bf59b3be20302ce9\"},\"description\":\"Toutes les derni\u00e8res informations sur le retour en force de la valeur refuge. Suivez le cours de l'or, de l'argent et d'autres m\u00e9taux pr\u00e9cieux sur Gold.fr.\",\"breadcrumb\":{\"@id\":\"https:\\\/\\\/www.gold.fr\\\/news\\\/2013\\\/08\\\/29\\\/le-retour-en-force-de-la-valeur-refuge\\\/#breadcrumb\"},\"inLanguage\":\"fr-FR\",\"potentialAction\":[{\"@type\":\"ReadAction\",\"target\":[\"https:\\\/\\\/www.gold.fr\\\/news\\\/2013\\\/08\\\/29\\\/le-retour-en-force-de-la-valeur-refuge\\\/\"]}]},{\"@type\":\"ImageObject\",\"inLanguage\":\"fr-FR\",\"@id\":\"https:\\\/\\\/www.gold.fr\\\/news\\\/2013\\\/08\\\/29\\\/le-retour-en-force-de-la-valeur-refuge\\\/#primaryimage\",\"url\":\"https:\\\/\\\/www.gold.fr\\\/news\\\/wp-content\\\/uploads\\\/2011\\\/10\\\/cours-or-1-e1319812143947.jpg\",\"contentUrl\":\"https:\\\/\\\/www.gold.fr\\\/news\\\/wp-content\\\/uploads\\\/2011\\\/10\\\/cours-or-1-e1319812143947.jpg\",\"width\":\"600\",\"height\":\"400\",\"caption\":\"L'once maintient le cap\"},{\"@type\":\"BreadcrumbList\",\"@id\":\"https:\\\/\\\/www.gold.fr\\\/news\\\/2013\\\/08\\\/29\\\/le-retour-en-force-de-la-valeur-refuge\\\/#breadcrumb\",\"itemListElement\":[{\"@type\":\"ListItem\",\"position\":1,\"name\":\"Accueil\",\"item\":\"https:\\\/\\\/www.gold.fr\\\/\"},{\"@type\":\"ListItem\",\"position\":2,\"name\":\"Actualit\u00e9s\",\"item\":\"https:\\\/\\\/www.gold.fr\\\/news\\\/\"},{\"@type\":\"ListItem\",\"position\":3,\"name\":\"Le retour en force de la valeur refuge\"}]},{\"@type\":\"WebSite\",\"@id\":\"https:\\\/\\\/www.gold.fr\\\/news\\\/#website\",\"url\":\"https:\\\/\\\/www.gold.fr\\\/news\\\/\",\"name\":\"Gold.fr\",\"description\":\"Actualit\u00e9s de l&#039;Or et des m\u00e9taux pr\u00e9cieux\",\"potentialAction\":[{\"@type\":\"SearchAction\",\"target\":{\"@type\":\"EntryPoint\",\"urlTemplate\":\"https:\\\/\\\/www.gold.fr\\\/news\\\/?s={search_term_string}\"},\"query-input\":{\"@type\":\"PropertyValueSpecification\",\"valueRequired\":true,\"valueName\":\"search_term_string\"}}],\"inLanguage\":\"fr-FR\"},{\"@type\":\"Person\",\"@id\":\"https:\\\/\\\/www.gold.fr\\\/news\\\/#\\\/schema\\\/person\\\/070491b4b4fb7671bf59b3be20302ce9\",\"name\":\"Comptoir National de l'Or\",\"image\":{\"@type\":\"ImageObject\",\"inLanguage\":\"fr-FR\",\"@id\":\"https:\\\/\\\/secure.gravatar.com\\\/avatar\\\/0a2867fd5abe37bed95d5a65e9d58f01756e11efc68af9888dfc50cfa7f65948?s=96&d=mm&r=gb490554db0a38188709de567aa58480d\",\"url\":\"https:\\\/\\\/secure.gravatar.com\\\/avatar\\\/0a2867fd5abe37bed95d5a65e9d58f01756e11efc68af9888dfc50cfa7f65948?s=96&d=mm&r=g\",\"contentUrl\":\"https:\\\/\\\/secure.gravatar.com\\\/avatar\\\/0a2867fd5abe37bed95d5a65e9d58f01756e11efc68af9888dfc50cfa7f65948?s=96&d=mm&r=g\",\"caption\":\"Comptoir National de l'Or\"},\"description\":\"Notre r\u00e9daction est constitu\u00e9e de membres experts dans les m\u00e9tiers de l'\u00e9conomie et la gestion, des Responsables d'agence Comptoir National de l'Or, des analystes financiers qui publient r\u00e9guli\u00e8rement des \u00e9tudes sur les politiques des banques centrales, le cours de l'or, prix de l'or, cours de l'argent, prix de l'argent, cours du platine, cours du palladium,... la situation en zone euro et l'impact de la strat\u00e9gie mon\u00e9taire de la FED. Notre \u00e9quipe scrute \u00e9galement une information plus g\u00e9n\u00e9raliste \u00e0 la recherche d'actualit\u00e9 \\\"p\u00e9pite\\\" \u00e0 vous partager. Depuis 5 ans, nous avons publi\u00e9 un peu plus de 4000 articles qui s'adressent \u00e0 un public large et vari\u00e9 ayant pour objectif de satisfaire votre curiosit\u00e9 et de partager avec vous une certaine fascination pour le m\u00e9tal jaune, le rachat d'or, et pour ceux qui veulent investir dans l'or, vendre leur or tout simplement en savoir plus... Pour tous vos achat or et argent, n'h\u00e9sitez pas \u00e0 prendre rendez-vous dans l'un de nos nombreux comptoirs.\",\"sameAs\":[\"https:\\\/\\\/www.gold.fr\"]}]}<\/script>\n<!-- \/ Yoast SEO plugin. -->","yoast_head_json":{"title":"Le retour en force de la valeur refuge - Gold.fr","description":"Toutes les derni\u00e8res informations sur le retour en force de la valeur refuge. Suivez le cours de l'or, de l'argent et d'autres m\u00e9taux pr\u00e9cieux sur Gold.fr.","robots":{"index":"index","follow":"follow","max-snippet":"max-snippet:-1","max-image-preview":"max-image-preview:large","max-video-preview":"max-video-preview:-1"},"canonical":"https:\/\/www.gold.fr\/news\/2013\/08\/29\/le-retour-en-force-de-la-valeur-refuge\/","og_locale":"fr_FR","og_type":"article","og_title":"Le retour en force de la valeur refuge - Gold.fr","og_description":"Toutes les derni\u00e8res informations sur le retour en force de la valeur refuge. Suivez le cours de l'or, de l'argent et d'autres m\u00e9taux pr\u00e9cieux sur Gold.fr.","og_url":"https:\/\/www.gold.fr\/news\/2013\/08\/29\/le-retour-en-force-de-la-valeur-refuge\/","og_site_name":"Gold.fr","article_publisher":"https:\/\/www.facebook.com\/Goldfr\/","article_published_time":"2013-08-29T07:00:17+00:00","article_modified_time":"2019-08-16T10:54:07+00:00","og_image":[{"width":600,"height":400,"url":"https:\/\/www.gold.fr\/news\/wp-content\/uploads\/2011\/10\/cours-or-1-e1319812143947.jpg","type":"image\/jpeg"}],"author":"Comptoir National de l'Or","twitter_card":"summary_large_image","twitter_misc":{"\u00c9crit par":"Comptoir National de l'Or","Dur\u00e9e de lecture estim\u00e9e":"1 minute"},"schema":{"@context":"https:\/\/schema.org","@graph":[{"@type":"Article","@id":"https:\/\/www.gold.fr\/news\/2013\/08\/29\/le-retour-en-force-de-la-valeur-refuge\/#article","isPartOf":{"@id":"https:\/\/www.gold.fr\/news\/2013\/08\/29\/le-retour-en-force-de-la-valeur-refuge\/"},"author":{"name":"Comptoir National de l'Or","@id":"https:\/\/www.gold.fr\/news\/#\/schema\/person\/070491b4b4fb7671bf59b3be20302ce9"},"headline":"Le retour en force de la valeur refuge","datePublished":"2013-08-29T07:00:17+00:00","dateModified":"2019-08-16T10:54:07+00:00","mainEntityOfPage":{"@id":"https:\/\/www.gold.fr\/news\/2013\/08\/29\/le-retour-en-force-de-la-valeur-refuge\/"},"wordCount":256,"commentCount":0,"image":{"@id":"https:\/\/www.gold.fr\/news\/2013\/08\/29\/le-retour-en-force-de-la-valeur-refuge\/#primaryimage"},"thumbnailUrl":"https:\/\/www.gold.fr\/news\/wp-content\/uploads\/2011\/10\/cours-or-1-e1319812143947.jpg","keywords":["\u00e9onomie US","fed","hausse or","Valeur refuge"],"articleSection":["Articles de presse"],"inLanguage":"fr-FR"},{"@type":"WebPage","@id":"https:\/\/www.gold.fr\/news\/2013\/08\/29\/le-retour-en-force-de-la-valeur-refuge\/","url":"https:\/\/www.gold.fr\/news\/2013\/08\/29\/le-retour-en-force-de-la-valeur-refuge\/","name":"Le retour en force de la valeur refuge - Gold.fr","isPartOf":{"@id":"https:\/\/www.gold.fr\/news\/#website"},"primaryImageOfPage":{"@id":"https:\/\/www.gold.fr\/news\/2013\/08\/29\/le-retour-en-force-de-la-valeur-refuge\/#primaryimage"},"image":{"@id":"https:\/\/www.gold.fr\/news\/2013\/08\/29\/le-retour-en-force-de-la-valeur-refuge\/#primaryimage"},"thumbnailUrl":"https:\/\/www.gold.fr\/news\/wp-content\/uploads\/2011\/10\/cours-or-1-e1319812143947.jpg","datePublished":"2013-08-29T07:00:17+00:00","dateModified":"2019-08-16T10:54:07+00:00","author":{"@id":"https:\/\/www.gold.fr\/news\/#\/schema\/person\/070491b4b4fb7671bf59b3be20302ce9"},"description":"Toutes les derni\u00e8res informations sur le retour en force de la valeur refuge. Suivez le cours de l'or, de l'argent et d'autres m\u00e9taux pr\u00e9cieux sur Gold.fr.","breadcrumb":{"@id":"https:\/\/www.gold.fr\/news\/2013\/08\/29\/le-retour-en-force-de-la-valeur-refuge\/#breadcrumb"},"inLanguage":"fr-FR","potentialAction":[{"@type":"ReadAction","target":["https:\/\/www.gold.fr\/news\/2013\/08\/29\/le-retour-en-force-de-la-valeur-refuge\/"]}]},{"@type":"ImageObject","inLanguage":"fr-FR","@id":"https:\/\/www.gold.fr\/news\/2013\/08\/29\/le-retour-en-force-de-la-valeur-refuge\/#primaryimage","url":"https:\/\/www.gold.fr\/news\/wp-content\/uploads\/2011\/10\/cours-or-1-e1319812143947.jpg","contentUrl":"https:\/\/www.gold.fr\/news\/wp-content\/uploads\/2011\/10\/cours-or-1-e1319812143947.jpg","width":"600","height":"400","caption":"L'once maintient le cap"},{"@type":"BreadcrumbList","@id":"https:\/\/www.gold.fr\/news\/2013\/08\/29\/le-retour-en-force-de-la-valeur-refuge\/#breadcrumb","itemListElement":[{"@type":"ListItem","position":1,"name":"Accueil","item":"https:\/\/www.gold.fr\/"},{"@type":"ListItem","position":2,"name":"Actualit\u00e9s","item":"https:\/\/www.gold.fr\/news\/"},{"@type":"ListItem","position":3,"name":"Le retour en force de la valeur refuge"}]},{"@type":"WebSite","@id":"https:\/\/www.gold.fr\/news\/#website","url":"https:\/\/www.gold.fr\/news\/","name":"Gold.fr","description":"Actualit\u00e9s de l&#039;Or et des m\u00e9taux pr\u00e9cieux","potentialAction":[{"@type":"SearchAction","target":{"@type":"EntryPoint","urlTemplate":"https:\/\/www.gold.fr\/news\/?s={search_term_string}"},"query-input":{"@type":"PropertyValueSpecification","valueRequired":true,"valueName":"search_term_string"}}],"inLanguage":"fr-FR"},{"@type":"Person","@id":"https:\/\/www.gold.fr\/news\/#\/schema\/person\/070491b4b4fb7671bf59b3be20302ce9","name":"Comptoir National de l'Or","image":{"@type":"ImageObject","inLanguage":"fr-FR","@id":"https:\/\/secure.gravatar.com\/avatar\/0a2867fd5abe37bed95d5a65e9d58f01756e11efc68af9888dfc50cfa7f65948?s=96&d=mm&r=gb490554db0a38188709de567aa58480d","url":"https:\/\/secure.gravatar.com\/avatar\/0a2867fd5abe37bed95d5a65e9d58f01756e11efc68af9888dfc50cfa7f65948?s=96&d=mm&r=g","contentUrl":"https:\/\/secure.gravatar.com\/avatar\/0a2867fd5abe37bed95d5a65e9d58f01756e11efc68af9888dfc50cfa7f65948?s=96&d=mm&r=g","caption":"Comptoir National de l'Or"},"description":"Notre r\u00e9daction est constitu\u00e9e de membres experts dans les m\u00e9tiers de l'\u00e9conomie et la gestion, des Responsables d'agence Comptoir National de l'Or, des analystes financiers qui publient r\u00e9guli\u00e8rement des \u00e9tudes sur les politiques des banques centrales, le cours de l'or, prix de l'or, cours de l'argent, prix de l'argent, cours du platine, cours du palladium,... la situation en zone euro et l'impact de la strat\u00e9gie mon\u00e9taire de la FED. Notre \u00e9quipe scrute \u00e9galement une information plus g\u00e9n\u00e9raliste \u00e0 la recherche d'actualit\u00e9 \"p\u00e9pite\" \u00e0 vous partager. Depuis 5 ans, nous avons publi\u00e9 un peu plus de 4000 articles qui s'adressent \u00e0 un public large et vari\u00e9 ayant pour objectif de satisfaire votre curiosit\u00e9 et de partager avec vous une certaine fascination pour le m\u00e9tal jaune, le rachat d'or, et pour ceux qui veulent investir dans l'or, vendre leur or tout simplement en savoir plus... Pour tous vos achat or et argent, n'h\u00e9sitez pas \u00e0 prendre rendez-vous dans l'un de nos nombreux comptoirs.","sameAs":["https:\/\/www.gold.fr"]}]}},"authors":[{"term_id":2565,"user_id":18,"is_guest":0,"slug":"julie","display_name":"Comptoir National de l'Or","avatar_url":"https:\/\/secure.gravatar.com\/avatar\/713f289e398d35ead876c4a4cc08607f0d6d266058cfc25683fffb6092d0e572?s=96&d=mm&r=g","0":null,"1":"","2":"","3":"","4":"","5":"","6":"","7":"","8":""}],"_links":{"self":[{"href":"https:\/\/www.gold.fr\/news\/wp-json\/wp\/v2\/posts\/12687","targetHints":{"allow":["GET"]}}],"collection":[{"href":"https:\/\/www.gold.fr\/news\/wp-json\/wp\/v2\/posts"}],"about":[{"href":"https:\/\/www.gold.fr\/news\/wp-json\/wp\/v2\/types\/post"}],"author":[{"embeddable":true,"href":"https:\/\/www.gold.fr\/news\/wp-json\/wp\/v2\/users\/18"}],"replies":[{"embeddable":true,"href":"https:\/\/www.gold.fr\/news\/wp-json\/wp\/v2\/comments?post=12687"}],"version-history":[{"count":0,"href":"https:\/\/www.gold.fr\/news\/wp-json\/wp\/v2\/posts\/12687\/revisions"}],"wp:featuredmedia":[{"embeddable":true,"href":"https:\/\/www.gold.fr\/news\/wp-json\/wp\/v2\/media\/3241"}],"wp:attachment":[{"href":"https:\/\/www.gold.fr\/news\/wp-json\/wp\/v2\/media?parent=12687"}],"wp:term":[{"taxonomy":"category","embeddable":true,"href":"https:\/\/www.gold.fr\/news\/wp-json\/wp\/v2\/categories?post=12687"},{"taxonomy":"post_tag","embeddable":true,"href":"https:\/\/www.gold.fr\/news\/wp-json\/wp\/v2\/tags?post=12687"},{"taxonomy":"author","embeddable":true,"href":"https:\/\/www.gold.fr\/news\/wp-json\/wp\/v2\/ppma_author?post=12687"}],"curies":[{"name":"wp","href":"https:\/\/api.w.org\/{rel}","templated":true}]}}