{"id":12668,"date":"2013-08-27T09:00:10","date_gmt":"2013-08-27T07:00:10","guid":{"rendered":"https:\/\/www.gold.fr\/news\/?p=12668"},"modified":"2017-11-02T11:33:12","modified_gmt":"2017-11-02T10:33:12","slug":"lor-termine-lete-en-grande-forme","status":"publish","type":"post","link":"https:\/\/www.gold.fr\/news\/2013\/08\/27\/lor-termine-lete-en-grande-forme\/","title":{"rendered":"L\u2019or termine l\u2019\u00e9t\u00e9 en grande forme"},"content":{"rendered":"<p><span style=\"font-size: small;\"><img loading=\"lazy\" decoding=\"async\" class=\"alignleft size-thumbnail wp-image-2978\" title=\"L\u2019or termine l\u2019\u00e9t\u00e9 en grande forme\" src=\"https:\/\/www.gold.fr\/news\/wp-content\/uploads\/2011\/10\/Cours-de-lor-21102011-150x150.jpg\" alt=\"\" width=\"150\" height=\"150\" \/>C&rsquo;est une fin de saison estivale tr\u00e8s mouvement\u00e9e que vit le march\u00e9 aurif\u00e8re cette ann\u00e9e. Les deux derni\u00e8res semaines du mois d&rsquo;ao\u00fbt ont en effet \u00e9t\u00e9 le th\u00e9\u00e2tre de rebondissements majeurs, cr\u00e9ant ainsi un renversement assez significatif de la tendance g\u00e9n\u00e9rale qui r\u00e8gne sur le march\u00e9 aurif\u00e8re, depuis le mois de <strong>juin<\/strong>.<\/span>    <span style=\"font-size: small;\">Ce changement d&rsquo;orientation a \u00e9t\u00e9 particuli\u00e8rement accentu\u00e9 par la publication du compte rendu de la derni\u00e8re r\u00e9union du comit\u00e9 de direction de la R\u00e9serve f\u00e9d\u00e9rale am\u00e9ricaine qui r\u00e9v\u00e8le la division des membres du comit\u00e9 sur la suite \u00e0 donner aux rachats d&rsquo;actifs op\u00e9r\u00e9s par l&rsquo;institution.<\/span>    <span style=\"font-size: small;\">Du coup, le <a href='https:\/\/www.gold.fr\/news\/tags\/or' class='esk-seo-plu-link'>m\u00e9tal jaune<\/a> n&rsquo;a pas tard\u00e9 \u00e0 se reprendre, d\u00e8s <a title=\"L\u2019h\u00e9sitation de la FED plombe les march\u00e9s\" href=\"https:\/\/www.gold.fr\/news\/2013\/08\/22\/lhesitation-de-la-fed-plombe-les-marches\/12633\/\" target=\"_blank\">jeudi dernier<\/a>, profitant de la faiblesse r\u00e9cente du dollar, mais aussi et surtout d&rsquo;un deuxi\u00e8me facteur de taille ; l&rsquo;am\u00e9lioration de la situation \u00e9conomique chinoise.<\/span>    <span style=\"font-size: small;\">D&rsquo;apr\u00e8s les experts de la <strong>Commerzbank<\/strong>, le deuxi\u00e8me consommateur mondial de <a href='https:\/\/www.gold.fr\/news\/tags\/or' class='esk-seo-plu-link'>m\u00e9tal jaune<\/a> serait actuellement \u00ab <em>le principal facteur de croissance de la demande d&rsquo;<a href='https:\/\/www.gold.fr\/news\/tags\/or' class='esk-seo-plu-link'>or<\/a><\/em> \u00bb, soulignant que \u00ab <em>les importations chinoises d&rsquo;<a href='https:\/\/www.gold.fr\/news\/tags\/or' class='esk-seo-plu-link'>or<\/a> au premier semestre ont presque totalis\u00e9 celles de l&rsquo;ensemble de l&rsquo;ann\u00e9e derni\u00e8re<\/em> \u00bb.<\/span>    <span style=\"font-size: small;\">Vendredi dernier, les contrats sur l&rsquo;<a href='https:\/\/www.gold.fr\/news\/tags\/or' class='esk-seo-plu-link'>or<\/a> ont conclu sur un sommet de <strong>11 semaines<\/strong>, rebondissant sur la chute consid\u00e9rable du nombre des ventes de logements neufs am\u00e9ricains.<\/span>    <span style=\"font-size: small;\">Notons \u00e9galement que les options sur l&rsquo;<a href='https:\/\/www.gold.fr\/news\/tags\/or' class='esk-seo-plu-link'>or<\/a> \u00e0 \u00e9ch\u00e9ance (pour le mois de <strong>d\u00e9cembre<\/strong>) se sont \u00e9chang\u00e9es \u00e0 plus de <strong>1 397 dollars<\/strong> de <a title=\"Prix de l'Or\" href=\"https:\/\/www.gold.fr\/cours-prix-de-l-or\/\" target=\"_blank\">l&rsquo;once<\/a> (<a title=\"L\u2019or vise les 1 380 dollars l\u2019once\" href=\"https:\/\/www.gold.fr\/news\/2013\/08\/23\/lor-vise-les-1-380-dollars-lonce\/12652\/\" target=\"_blank\">cl\u00f4ture du vendredi 23 ao\u00fbt<\/a>), soit une hausse de l&rsquo;ordre de <strong>1,95%<\/strong> pour cette s\u00e9ance seule.<\/span><\/p>\n<!-- AddThis Advanced Settings generic via filter on the_content --><!-- AddThis Share Buttons generic via filter on the_content -->","protected":false},"excerpt":{"rendered":"<p>C&rsquo;est une fin de saison estivale tr\u00e8s mouvement\u00e9e que vit le march\u00e9 aurif\u00e8re cette ann\u00e9e. Les deux derni\u00e8res semaines du mois d&rsquo;ao\u00fbt ont en effet \u00e9t\u00e9 le th\u00e9\u00e2tre de rebondissements majeurs, cr\u00e9ant ainsi un renversement assez [&hellip;]<\/p>\n","protected":false},"author":18,"featured_media":2978,"comment_status":"open","ping_status":"open","sticky":false,"template":"","format":"standard","meta":{"_mbp_gutenberg_autopost":false,"_pgmb_is_evergreen":false,"_pgmb_ap_template_id":0,"footnotes":""},"categories":[6],"tags":[961,1045,85,962],"ppma_author":[2565],"class_list":["post-12668","post","type-post","status-publish","format-standard","has-post-thumbnail","hentry","category-articles-de-presse","tag-cours-or","tag-hausse-or","tag-once-dor","tag-prix-or"],"yoast_head":"<!-- This site is optimized with the Yoast SEO plugin v27.5 - https:\/\/yoast.com\/product\/yoast-seo-wordpress\/ -->\n<title>L\u2019or termine l\u2019\u00e9t\u00e9 en grande forme - Gold.fr<\/title>\n<meta name=\"robots\" content=\"index, follow, max-snippet:-1, max-image-preview:large, max-video-preview:-1\" \/>\n<link rel=\"canonical\" href=\"https:\/\/www.gold.fr\/news\/2013\/08\/27\/lor-termine-lete-en-grande-forme\/\" \/>\n<meta property=\"og:locale\" content=\"fr_FR\" \/>\n<meta property=\"og:type\" content=\"article\" \/>\n<meta property=\"og:title\" content=\"L\u2019or termine l\u2019\u00e9t\u00e9 en grande forme - Gold.fr\" \/>\n<meta property=\"og:description\" content=\"C&rsquo;est une fin de saison estivale tr\u00e8s mouvement\u00e9e que vit le march\u00e9 aurif\u00e8re cette ann\u00e9e. Les deux derni\u00e8res semaines du mois d&rsquo;ao\u00fbt ont en effet \u00e9t\u00e9 le th\u00e9\u00e2tre de rebondissements majeurs, cr\u00e9ant ainsi un renversement assez [&hellip;]\" \/>\n<meta property=\"og:url\" content=\"https:\/\/www.gold.fr\/news\/2013\/08\/27\/lor-termine-lete-en-grande-forme\/\" \/>\n<meta property=\"og:site_name\" content=\"Gold.fr\" \/>\n<meta property=\"article:publisher\" content=\"https:\/\/www.facebook.com\/Goldfr\/\" \/>\n<meta property=\"article:published_time\" content=\"2013-08-27T07:00:10+00:00\" \/>\n<meta property=\"article:modified_time\" content=\"2017-11-02T10:33:12+00:00\" \/>\n<meta property=\"og:image\" content=\"https:\/\/www.gold.fr\/news\/wp-content\/uploads\/2011\/10\/Cours-de-lor-21102011.jpg\" \/>\n\t<meta property=\"og:image:width\" content=\"600\" \/>\n\t<meta property=\"og:image:height\" content=\"402\" \/>\n\t<meta property=\"og:image:type\" content=\"image\/jpeg\" \/>\n<meta name=\"author\" content=\"Comptoir National de l&#039;Or\" \/>\n<meta name=\"twitter:card\" content=\"summary_large_image\" \/>\n<meta name=\"twitter:label1\" content=\"\u00c9crit par\" \/>\n\t<meta name=\"twitter:data1\" content=\"Comptoir National de l&#039;Or\" \/>\n\t<meta name=\"twitter:label2\" content=\"Dur\u00e9e de lecture estim\u00e9e\" \/>\n\t<meta name=\"twitter:data2\" content=\"1 minute\" \/>\n<script type=\"application\/ld+json\" class=\"yoast-schema-graph\">{\"@context\":\"https:\\\/\\\/schema.org\",\"@graph\":[{\"@type\":\"Article\",\"@id\":\"https:\\\/\\\/www.gold.fr\\\/news\\\/2013\\\/08\\\/27\\\/lor-termine-lete-en-grande-forme\\\/#article\",\"isPartOf\":{\"@id\":\"https:\\\/\\\/www.gold.fr\\\/news\\\/2013\\\/08\\\/27\\\/lor-termine-lete-en-grande-forme\\\/\"},\"author\":{\"name\":\"Comptoir National de l'Or\",\"@id\":\"https:\\\/\\\/www.gold.fr\\\/news\\\/#\\\/schema\\\/person\\\/070491b4b4fb7671bf59b3be20302ce9\"},\"headline\":\"L\u2019or termine l\u2019\u00e9t\u00e9 en grande forme\",\"datePublished\":\"2013-08-27T07:00:10+00:00\",\"dateModified\":\"2017-11-02T10:33:12+00:00\",\"mainEntityOfPage\":{\"@id\":\"https:\\\/\\\/www.gold.fr\\\/news\\\/2013\\\/08\\\/27\\\/lor-termine-lete-en-grande-forme\\\/\"},\"wordCount\":300,\"commentCount\":0,\"image\":{\"@id\":\"https:\\\/\\\/www.gold.fr\\\/news\\\/2013\\\/08\\\/27\\\/lor-termine-lete-en-grande-forme\\\/#primaryimage\"},\"thumbnailUrl\":\"https:\\\/\\\/www.gold.fr\\\/news\\\/wp-content\\\/uploads\\\/2011\\\/10\\\/Cours-de-lor-21102011.jpg\",\"keywords\":[\"cours or\",\"hausse or\",\"once d'or\",\"prix or\"],\"articleSection\":[\"Articles de presse\"],\"inLanguage\":\"fr-FR\"},{\"@type\":\"WebPage\",\"@id\":\"https:\\\/\\\/www.gold.fr\\\/news\\\/2013\\\/08\\\/27\\\/lor-termine-lete-en-grande-forme\\\/\",\"url\":\"https:\\\/\\\/www.gold.fr\\\/news\\\/2013\\\/08\\\/27\\\/lor-termine-lete-en-grande-forme\\\/\",\"name\":\"L\u2019or termine l\u2019\u00e9t\u00e9 en grande forme - Gold.fr\",\"isPartOf\":{\"@id\":\"https:\\\/\\\/www.gold.fr\\\/news\\\/#website\"},\"primaryImageOfPage\":{\"@id\":\"https:\\\/\\\/www.gold.fr\\\/news\\\/2013\\\/08\\\/27\\\/lor-termine-lete-en-grande-forme\\\/#primaryimage\"},\"image\":{\"@id\":\"https:\\\/\\\/www.gold.fr\\\/news\\\/2013\\\/08\\\/27\\\/lor-termine-lete-en-grande-forme\\\/#primaryimage\"},\"thumbnailUrl\":\"https:\\\/\\\/www.gold.fr\\\/news\\\/wp-content\\\/uploads\\\/2011\\\/10\\\/Cours-de-lor-21102011.jpg\",\"datePublished\":\"2013-08-27T07:00:10+00:00\",\"dateModified\":\"2017-11-02T10:33:12+00:00\",\"author\":{\"@id\":\"https:\\\/\\\/www.gold.fr\\\/news\\\/#\\\/schema\\\/person\\\/070491b4b4fb7671bf59b3be20302ce9\"},\"breadcrumb\":{\"@id\":\"https:\\\/\\\/www.gold.fr\\\/news\\\/2013\\\/08\\\/27\\\/lor-termine-lete-en-grande-forme\\\/#breadcrumb\"},\"inLanguage\":\"fr-FR\",\"potentialAction\":[{\"@type\":\"ReadAction\",\"target\":[\"https:\\\/\\\/www.gold.fr\\\/news\\\/2013\\\/08\\\/27\\\/lor-termine-lete-en-grande-forme\\\/\"]}]},{\"@type\":\"ImageObject\",\"inLanguage\":\"fr-FR\",\"@id\":\"https:\\\/\\\/www.gold.fr\\\/news\\\/2013\\\/08\\\/27\\\/lor-termine-lete-en-grande-forme\\\/#primaryimage\",\"url\":\"https:\\\/\\\/www.gold.fr\\\/news\\\/wp-content\\\/uploads\\\/2011\\\/10\\\/Cours-de-lor-21102011.jpg\",\"contentUrl\":\"https:\\\/\\\/www.gold.fr\\\/news\\\/wp-content\\\/uploads\\\/2011\\\/10\\\/Cours-de-lor-21102011.jpg\",\"width\":\"600\",\"height\":\"402\",\"caption\":\"L\u2019or termine l\u2019\u00e9t\u00e9 en grande forme\"},{\"@type\":\"BreadcrumbList\",\"@id\":\"https:\\\/\\\/www.gold.fr\\\/news\\\/2013\\\/08\\\/27\\\/lor-termine-lete-en-grande-forme\\\/#breadcrumb\",\"itemListElement\":[{\"@type\":\"ListItem\",\"position\":1,\"name\":\"Accueil\",\"item\":\"https:\\\/\\\/www.gold.fr\\\/\"},{\"@type\":\"ListItem\",\"position\":2,\"name\":\"Actualit\u00e9s\",\"item\":\"https:\\\/\\\/www.gold.fr\\\/news\\\/\"},{\"@type\":\"ListItem\",\"position\":3,\"name\":\"L\u2019or termine l\u2019\u00e9t\u00e9 en grande forme\"}]},{\"@type\":\"WebSite\",\"@id\":\"https:\\\/\\\/www.gold.fr\\\/news\\\/#website\",\"url\":\"https:\\\/\\\/www.gold.fr\\\/news\\\/\",\"name\":\"Gold.fr\",\"description\":\"Actualit\u00e9s de l&#039;Or et des m\u00e9taux pr\u00e9cieux\",\"potentialAction\":[{\"@type\":\"SearchAction\",\"target\":{\"@type\":\"EntryPoint\",\"urlTemplate\":\"https:\\\/\\\/www.gold.fr\\\/news\\\/?s={search_term_string}\"},\"query-input\":{\"@type\":\"PropertyValueSpecification\",\"valueRequired\":true,\"valueName\":\"search_term_string\"}}],\"inLanguage\":\"fr-FR\"},{\"@type\":\"Person\",\"@id\":\"https:\\\/\\\/www.gold.fr\\\/news\\\/#\\\/schema\\\/person\\\/070491b4b4fb7671bf59b3be20302ce9\",\"name\":\"Comptoir National de l'Or\",\"image\":{\"@type\":\"ImageObject\",\"inLanguage\":\"fr-FR\",\"@id\":\"https:\\\/\\\/secure.gravatar.com\\\/avatar\\\/0a2867fd5abe37bed95d5a65e9d58f01756e11efc68af9888dfc50cfa7f65948?s=96&d=mm&r=gb490554db0a38188709de567aa58480d\",\"url\":\"https:\\\/\\\/secure.gravatar.com\\\/avatar\\\/0a2867fd5abe37bed95d5a65e9d58f01756e11efc68af9888dfc50cfa7f65948?s=96&d=mm&r=g\",\"contentUrl\":\"https:\\\/\\\/secure.gravatar.com\\\/avatar\\\/0a2867fd5abe37bed95d5a65e9d58f01756e11efc68af9888dfc50cfa7f65948?s=96&d=mm&r=g\",\"caption\":\"Comptoir National de l'Or\"},\"description\":\"Notre r\u00e9daction est constitu\u00e9e de membres experts dans les m\u00e9tiers de l'\u00e9conomie et la gestion, des Responsables d'agence Comptoir National de l'Or, des analystes financiers qui publient r\u00e9guli\u00e8rement des \u00e9tudes sur les politiques des banques centrales, le cours de l'or, prix de l'or, cours de l'argent, prix de l'argent, cours du platine, cours du palladium,... la situation en zone euro et l'impact de la strat\u00e9gie mon\u00e9taire de la FED. Notre \u00e9quipe scrute \u00e9galement une information plus g\u00e9n\u00e9raliste \u00e0 la recherche d'actualit\u00e9 \\\"p\u00e9pite\\\" \u00e0 vous partager. Depuis 5 ans, nous avons publi\u00e9 un peu plus de 4000 articles qui s'adressent \u00e0 un public large et vari\u00e9 ayant pour objectif de satisfaire votre curiosit\u00e9 et de partager avec vous une certaine fascination pour le m\u00e9tal jaune, le rachat d'or, et pour ceux qui veulent investir dans l'or, vendre leur or tout simplement en savoir plus... Pour tous vos achat or et argent, n'h\u00e9sitez pas \u00e0 prendre rendez-vous dans l'un de nos nombreux comptoirs.\",\"sameAs\":[\"https:\\\/\\\/www.gold.fr\"]}]}<\/script>\n<!-- \/ Yoast SEO plugin. -->","yoast_head_json":{"title":"L\u2019or termine l\u2019\u00e9t\u00e9 en grande forme - Gold.fr","robots":{"index":"index","follow":"follow","max-snippet":"max-snippet:-1","max-image-preview":"max-image-preview:large","max-video-preview":"max-video-preview:-1"},"canonical":"https:\/\/www.gold.fr\/news\/2013\/08\/27\/lor-termine-lete-en-grande-forme\/","og_locale":"fr_FR","og_type":"article","og_title":"L\u2019or termine l\u2019\u00e9t\u00e9 en grande forme - Gold.fr","og_description":"C&rsquo;est une fin de saison estivale tr\u00e8s mouvement\u00e9e que vit le march\u00e9 aurif\u00e8re cette ann\u00e9e. Les deux derni\u00e8res semaines du mois d&rsquo;ao\u00fbt ont en effet \u00e9t\u00e9 le th\u00e9\u00e2tre de rebondissements majeurs, cr\u00e9ant ainsi un renversement assez [&hellip;]","og_url":"https:\/\/www.gold.fr\/news\/2013\/08\/27\/lor-termine-lete-en-grande-forme\/","og_site_name":"Gold.fr","article_publisher":"https:\/\/www.facebook.com\/Goldfr\/","article_published_time":"2013-08-27T07:00:10+00:00","article_modified_time":"2017-11-02T10:33:12+00:00","og_image":[{"width":600,"height":402,"url":"https:\/\/www.gold.fr\/news\/wp-content\/uploads\/2011\/10\/Cours-de-lor-21102011.jpg","type":"image\/jpeg"}],"author":"Comptoir National de l'Or","twitter_card":"summary_large_image","twitter_misc":{"\u00c9crit par":"Comptoir National de l'Or","Dur\u00e9e de lecture estim\u00e9e":"1 minute"},"schema":{"@context":"https:\/\/schema.org","@graph":[{"@type":"Article","@id":"https:\/\/www.gold.fr\/news\/2013\/08\/27\/lor-termine-lete-en-grande-forme\/#article","isPartOf":{"@id":"https:\/\/www.gold.fr\/news\/2013\/08\/27\/lor-termine-lete-en-grande-forme\/"},"author":{"name":"Comptoir National de l'Or","@id":"https:\/\/www.gold.fr\/news\/#\/schema\/person\/070491b4b4fb7671bf59b3be20302ce9"},"headline":"L\u2019or termine l\u2019\u00e9t\u00e9 en grande forme","datePublished":"2013-08-27T07:00:10+00:00","dateModified":"2017-11-02T10:33:12+00:00","mainEntityOfPage":{"@id":"https:\/\/www.gold.fr\/news\/2013\/08\/27\/lor-termine-lete-en-grande-forme\/"},"wordCount":300,"commentCount":0,"image":{"@id":"https:\/\/www.gold.fr\/news\/2013\/08\/27\/lor-termine-lete-en-grande-forme\/#primaryimage"},"thumbnailUrl":"https:\/\/www.gold.fr\/news\/wp-content\/uploads\/2011\/10\/Cours-de-lor-21102011.jpg","keywords":["cours or","hausse or","once d'or","prix or"],"articleSection":["Articles de presse"],"inLanguage":"fr-FR"},{"@type":"WebPage","@id":"https:\/\/www.gold.fr\/news\/2013\/08\/27\/lor-termine-lete-en-grande-forme\/","url":"https:\/\/www.gold.fr\/news\/2013\/08\/27\/lor-termine-lete-en-grande-forme\/","name":"L\u2019or termine l\u2019\u00e9t\u00e9 en grande forme - Gold.fr","isPartOf":{"@id":"https:\/\/www.gold.fr\/news\/#website"},"primaryImageOfPage":{"@id":"https:\/\/www.gold.fr\/news\/2013\/08\/27\/lor-termine-lete-en-grande-forme\/#primaryimage"},"image":{"@id":"https:\/\/www.gold.fr\/news\/2013\/08\/27\/lor-termine-lete-en-grande-forme\/#primaryimage"},"thumbnailUrl":"https:\/\/www.gold.fr\/news\/wp-content\/uploads\/2011\/10\/Cours-de-lor-21102011.jpg","datePublished":"2013-08-27T07:00:10+00:00","dateModified":"2017-11-02T10:33:12+00:00","author":{"@id":"https:\/\/www.gold.fr\/news\/#\/schema\/person\/070491b4b4fb7671bf59b3be20302ce9"},"breadcrumb":{"@id":"https:\/\/www.gold.fr\/news\/2013\/08\/27\/lor-termine-lete-en-grande-forme\/#breadcrumb"},"inLanguage":"fr-FR","potentialAction":[{"@type":"ReadAction","target":["https:\/\/www.gold.fr\/news\/2013\/08\/27\/lor-termine-lete-en-grande-forme\/"]}]},{"@type":"ImageObject","inLanguage":"fr-FR","@id":"https:\/\/www.gold.fr\/news\/2013\/08\/27\/lor-termine-lete-en-grande-forme\/#primaryimage","url":"https:\/\/www.gold.fr\/news\/wp-content\/uploads\/2011\/10\/Cours-de-lor-21102011.jpg","contentUrl":"https:\/\/www.gold.fr\/news\/wp-content\/uploads\/2011\/10\/Cours-de-lor-21102011.jpg","width":"600","height":"402","caption":"L\u2019or termine l\u2019\u00e9t\u00e9 en grande forme"},{"@type":"BreadcrumbList","@id":"https:\/\/www.gold.fr\/news\/2013\/08\/27\/lor-termine-lete-en-grande-forme\/#breadcrumb","itemListElement":[{"@type":"ListItem","position":1,"name":"Accueil","item":"https:\/\/www.gold.fr\/"},{"@type":"ListItem","position":2,"name":"Actualit\u00e9s","item":"https:\/\/www.gold.fr\/news\/"},{"@type":"ListItem","position":3,"name":"L\u2019or termine l\u2019\u00e9t\u00e9 en grande forme"}]},{"@type":"WebSite","@id":"https:\/\/www.gold.fr\/news\/#website","url":"https:\/\/www.gold.fr\/news\/","name":"Gold.fr","description":"Actualit\u00e9s de l&#039;Or et des m\u00e9taux pr\u00e9cieux","potentialAction":[{"@type":"SearchAction","target":{"@type":"EntryPoint","urlTemplate":"https:\/\/www.gold.fr\/news\/?s={search_term_string}"},"query-input":{"@type":"PropertyValueSpecification","valueRequired":true,"valueName":"search_term_string"}}],"inLanguage":"fr-FR"},{"@type":"Person","@id":"https:\/\/www.gold.fr\/news\/#\/schema\/person\/070491b4b4fb7671bf59b3be20302ce9","name":"Comptoir National de l'Or","image":{"@type":"ImageObject","inLanguage":"fr-FR","@id":"https:\/\/secure.gravatar.com\/avatar\/0a2867fd5abe37bed95d5a65e9d58f01756e11efc68af9888dfc50cfa7f65948?s=96&d=mm&r=gb490554db0a38188709de567aa58480d","url":"https:\/\/secure.gravatar.com\/avatar\/0a2867fd5abe37bed95d5a65e9d58f01756e11efc68af9888dfc50cfa7f65948?s=96&d=mm&r=g","contentUrl":"https:\/\/secure.gravatar.com\/avatar\/0a2867fd5abe37bed95d5a65e9d58f01756e11efc68af9888dfc50cfa7f65948?s=96&d=mm&r=g","caption":"Comptoir National de l'Or"},"description":"Notre r\u00e9daction est constitu\u00e9e de membres experts dans les m\u00e9tiers de l'\u00e9conomie et la gestion, des Responsables d'agence Comptoir National de l'Or, des analystes financiers qui publient r\u00e9guli\u00e8rement des \u00e9tudes sur les politiques des banques centrales, le cours de l'or, prix de l'or, cours de l'argent, prix de l'argent, cours du platine, cours du palladium,... la situation en zone euro et l'impact de la strat\u00e9gie mon\u00e9taire de la FED. Notre \u00e9quipe scrute \u00e9galement une information plus g\u00e9n\u00e9raliste \u00e0 la recherche d'actualit\u00e9 \"p\u00e9pite\" \u00e0 vous partager. Depuis 5 ans, nous avons publi\u00e9 un peu plus de 4000 articles qui s'adressent \u00e0 un public large et vari\u00e9 ayant pour objectif de satisfaire votre curiosit\u00e9 et de partager avec vous une certaine fascination pour le m\u00e9tal jaune, le rachat d'or, et pour ceux qui veulent investir dans l'or, vendre leur or tout simplement en savoir plus... Pour tous vos achat or et argent, n'h\u00e9sitez pas \u00e0 prendre rendez-vous dans l'un de nos nombreux comptoirs.","sameAs":["https:\/\/www.gold.fr"]}]}},"authors":[{"term_id":2565,"user_id":18,"is_guest":0,"slug":"julie","display_name":"Comptoir National de l'Or","avatar_url":"https:\/\/secure.gravatar.com\/avatar\/713f289e398d35ead876c4a4cc08607f0d6d266058cfc25683fffb6092d0e572?s=96&d=mm&r=g","0":null,"1":"","2":"","3":"","4":"","5":"","6":"","7":"","8":""}],"_links":{"self":[{"href":"https:\/\/www.gold.fr\/news\/wp-json\/wp\/v2\/posts\/12668","targetHints":{"allow":["GET"]}}],"collection":[{"href":"https:\/\/www.gold.fr\/news\/wp-json\/wp\/v2\/posts"}],"about":[{"href":"https:\/\/www.gold.fr\/news\/wp-json\/wp\/v2\/types\/post"}],"author":[{"embeddable":true,"href":"https:\/\/www.gold.fr\/news\/wp-json\/wp\/v2\/users\/18"}],"replies":[{"embeddable":true,"href":"https:\/\/www.gold.fr\/news\/wp-json\/wp\/v2\/comments?post=12668"}],"version-history":[{"count":0,"href":"https:\/\/www.gold.fr\/news\/wp-json\/wp\/v2\/posts\/12668\/revisions"}],"wp:featuredmedia":[{"embeddable":true,"href":"https:\/\/www.gold.fr\/news\/wp-json\/wp\/v2\/media\/2978"}],"wp:attachment":[{"href":"https:\/\/www.gold.fr\/news\/wp-json\/wp\/v2\/media?parent=12668"}],"wp:term":[{"taxonomy":"category","embeddable":true,"href":"https:\/\/www.gold.fr\/news\/wp-json\/wp\/v2\/categories?post=12668"},{"taxonomy":"post_tag","embeddable":true,"href":"https:\/\/www.gold.fr\/news\/wp-json\/wp\/v2\/tags?post=12668"},{"taxonomy":"author","embeddable":true,"href":"https:\/\/www.gold.fr\/news\/wp-json\/wp\/v2\/ppma_author?post=12668"}],"curies":[{"name":"wp","href":"https:\/\/api.w.org\/{rel}","templated":true}]}}