{"id":12659,"date":"2013-08-26T17:00:00","date_gmt":"2013-08-26T15:00:00","guid":{"rendered":"https:\/\/www.gold.fr\/news\/?p=12659"},"modified":"2017-11-02T11:33:12","modified_gmt":"2017-11-02T10:33:12","slug":"bundesbank-et-fed-saga-dun-rapatriement-houleux","status":"publish","type":"post","link":"https:\/\/www.gold.fr\/news\/2013\/08\/26\/bundesbank-et-fed-saga-dun-rapatriement-houleux\/","title":{"rendered":"Bundesbank et FED : Saga d\u2019un rapatriement houleux"},"content":{"rendered":"<p><span style=\"font-size: small;\"><img loading=\"lazy\" decoding=\"async\" class=\"alignleft size-thumbnail wp-image-10190\" title=\"Bundesbank et FED : Saga d\u2019un rapatriement houleux\" src=\"https:\/\/www.gold.fr\/news\/wp-content\/uploads\/2011\/05\/record-or-150x150.jpg\" alt=\"\" width=\"150\" height=\"150\" \/>Souvenez-vous, il y a huit mois, <a title=\"Histoire de l\u2019or \u2013 L\u2019or nazi, la BoE, et les jeux politiques\" href=\"https:\/\/www.gold.fr\/news\/2013\/08\/13\/histoire-de-lor-lor-nazi-la-boe-et-les-jeux-politiques\/12564\/\" target=\"_blank\">la banque centrale allemande<\/a> c\u00e9dait \u00e0 une pression populaire tr\u00e8s m\u00e9diatis\u00e9e et consentait enfin \u00e0 r\u00e9clamer, \u00e0 son homologue am\u00e9ricaine, une bonne partie de l&rsquo;<a href='https:\/\/www.gold.fr\/news\/tags\/or' class='esk-seo-plu-link'>or<\/a> allemand d\u00e9pos\u00e9 dans les coffres de la <strong>FED<\/strong>.<\/span>    <span style=\"font-size: small;\">Cette demande, justifi\u00e9e par le spectre europ\u00e9en contagieux de l&rsquo;endettement, avait alors d\u00e9fray\u00e9 la chronique. Il s&rsquo;agit en effet d&rsquo;une grande premi\u00e8re qui vient entacher l&rsquo;histoire, jusque l\u00e0 intacte, des rapports diplomatiques germano-am\u00e9ricains.<\/span>    <span style=\"font-size: small;\">Par les temps de grandes crises \u00e9conomiques qui courent, le <a href='https:\/\/www.gold.fr\/news\/tags\/or' class='esk-seo-plu-link'>m\u00e9tal jaune<\/a> continue de s&rsquo;imposer (tant pour les investisseurs que pour les gouvernements m\u00eames) comme la meilleure et la plus fiable valeur refuge qui soit.<\/span>    <span style=\"font-size: small;\">L&rsquo;Allemagne avait en tout cas exig\u00e9 de r\u00e9cup\u00e9rer, d&rsquo;ici <strong>2020<\/strong>, pr\u00e8s de <strong>300 tonnes<\/strong> de son <a href='https:\/\/www.gold.fr\/news\/tags\/or' class='esk-seo-plu-link'>or<\/a> gard\u00e9 par la <strong>FED<\/strong>, ne laissant dans les caves de la r\u00e9serve <strong>New-Yorkaise<\/strong> que <strong>37 %<\/strong> de ses lingots dor\u00e9s, contre les <strong>45 %<\/strong> actuels. Les allemands esp\u00e9raient ainsi d\u00e9tenir, d&rsquo;ici <strong>7 ans<\/strong>, pr\u00e8s de <strong>50 %<\/strong> de leur <a href='https:\/\/www.gold.fr\/news\/tags\/or' class='esk-seo-plu-link'>or<\/a> \u00e0 domicile, contre les <strong>31 %<\/strong> disponibles actuellement dans les r\u00e9serves nationales.<\/span>    <span style=\"font-size: small;\">Grand coup de th\u00e9\u00e2tre ; la <strong>FED<\/strong> refuse, semble-t-il, de rendre \u00e0 C\u00e9sar ce qui est \u00e0 C\u00e9sar !<\/span>    <span style=\"font-size: small;\">La r\u00e9serve f\u00e9d\u00e9rale am\u00e9ricaine aurait r\u00e9cemment d\u00e9clar\u00e9 qu&rsquo;elle ne serait pas en mesure de proc\u00e9der \u00e0 ce rapatriement avant l&rsquo;ann\u00e9e <strong>2020<\/strong>. Ce refus assez choquant a, bien \u00e9videmment, fait couler nettement moins d&rsquo;encre que la requ\u00eate qui l&rsquo;avait provoqu\u00e9.<\/span>    <span style=\"font-size: small;\">Plusieurs observateurs et analystes affirment que, derri\u00e8re ce refus, se cache l&rsquo;incapacit\u00e9 m\u00eame de la <strong>FED<\/strong> \u00e0 rendre l&rsquo;<a href='https:\/\/www.gold.fr\/news\/tags\/or' class='esk-seo-plu-link'>or<\/a> r\u00e9clam\u00e9 (ne l&rsquo;ayant plus elle-m\u00eame), rappelant que l&rsquo;institution financi\u00e8re supr\u00eame avait \u00e9galement refus\u00e9 les demandes d&rsquo;inspection de <strong>Fort Knox<\/strong> par le congr\u00e8s am\u00e9ricain. La <strong>FED<\/strong> esp\u00e9rerait donc profiter des sept prochaines ann\u00e9es pour amasser \u00e0 nouveau la quantit\u00e9 d&rsquo;<a href='https:\/\/www.gold.fr\/news\/tags\/or' class='esk-seo-plu-link'>or<\/a> allemand exig\u00e9 par ses propri\u00e9taires.<\/span><\/p>\n<!-- AddThis Advanced Settings generic via filter on the_content --><!-- AddThis Share Buttons generic via filter on the_content -->","protected":false},"excerpt":{"rendered":"<p>Souvenez-vous, il y a huit mois, la banque centrale allemande c\u00e9dait \u00e0 une pression populaire tr\u00e8s m\u00e9diatis\u00e9e et consentait enfin \u00e0 r\u00e9clamer, \u00e0 son homologue am\u00e9ricaine, une bonne partie de l&rsquo;or allemand d\u00e9pos\u00e9 dans les coffres [&hellip;]<\/p>\n","protected":false},"author":18,"featured_media":10190,"comment_status":"open","ping_status":"open","sticky":false,"template":"","format":"standard","meta":{"_mbp_gutenberg_autopost":false,"_pgmb_is_evergreen":false,"_pgmb_ap_template_id":0,"footnotes":""},"categories":[6],"tags":[979,144,1477,1494],"ppma_author":[2565],"class_list":["post-12659","post","type-post","status-publish","format-standard","has-post-thumbnail","hentry","category-articles-de-presse","tag-bundesbank","tag-fed","tag-or-allemand","tag-rapports-germano-americains"],"yoast_head":"<!-- This site is optimized with the Yoast SEO plugin v27.5 - https:\/\/yoast.com\/product\/yoast-seo-wordpress\/ -->\n<title>Bundesbank et FED : Saga d\u2019un rapatriement houleux - Gold.fr<\/title>\n<meta name=\"robots\" content=\"index, follow, max-snippet:-1, max-image-preview:large, max-video-preview:-1\" \/>\n<link rel=\"canonical\" href=\"https:\/\/www.gold.fr\/news\/2013\/08\/26\/bundesbank-et-fed-saga-dun-rapatriement-houleux\/\" \/>\n<meta property=\"og:locale\" content=\"fr_FR\" \/>\n<meta property=\"og:type\" content=\"article\" \/>\n<meta property=\"og:title\" content=\"Bundesbank et FED : Saga d\u2019un rapatriement houleux - Gold.fr\" \/>\n<meta property=\"og:description\" content=\"Souvenez-vous, il y a huit mois, la banque centrale allemande c\u00e9dait \u00e0 une pression populaire tr\u00e8s m\u00e9diatis\u00e9e et consentait enfin \u00e0 r\u00e9clamer, \u00e0 son homologue am\u00e9ricaine, une bonne partie de l&rsquo;or allemand d\u00e9pos\u00e9 dans les coffres [&hellip;]\" \/>\n<meta property=\"og:url\" content=\"https:\/\/www.gold.fr\/news\/2013\/08\/26\/bundesbank-et-fed-saga-dun-rapatriement-houleux\/\" \/>\n<meta property=\"og:site_name\" content=\"Gold.fr\" \/>\n<meta property=\"article:publisher\" content=\"https:\/\/www.facebook.com\/Goldfr\/\" \/>\n<meta property=\"article:published_time\" content=\"2013-08-26T15:00:00+00:00\" \/>\n<meta property=\"article:modified_time\" content=\"2017-11-02T10:33:12+00:00\" \/>\n<meta property=\"og:image\" content=\"https:\/\/www.gold.fr\/news\/wp-content\/uploads\/2011\/05\/record-or.jpg\" \/>\n\t<meta property=\"og:image:width\" content=\"600\" \/>\n\t<meta property=\"og:image:height\" content=\"406\" \/>\n\t<meta property=\"og:image:type\" content=\"image\/jpeg\" \/>\n<meta name=\"author\" content=\"Comptoir National de l&#039;Or\" \/>\n<meta name=\"twitter:card\" content=\"summary_large_image\" \/>\n<meta name=\"twitter:label1\" content=\"\u00c9crit par\" \/>\n\t<meta name=\"twitter:data1\" content=\"Comptoir National de l&#039;Or\" \/>\n\t<meta name=\"twitter:label2\" content=\"Dur\u00e9e de lecture estim\u00e9e\" \/>\n\t<meta name=\"twitter:data2\" content=\"2 minutes\" \/>\n<script type=\"application\/ld+json\" class=\"yoast-schema-graph\">{\"@context\":\"https:\\\/\\\/schema.org\",\"@graph\":[{\"@type\":\"Article\",\"@id\":\"https:\\\/\\\/www.gold.fr\\\/news\\\/2013\\\/08\\\/26\\\/bundesbank-et-fed-saga-dun-rapatriement-houleux\\\/#article\",\"isPartOf\":{\"@id\":\"https:\\\/\\\/www.gold.fr\\\/news\\\/2013\\\/08\\\/26\\\/bundesbank-et-fed-saga-dun-rapatriement-houleux\\\/\"},\"author\":{\"name\":\"Comptoir National de l'Or\",\"@id\":\"https:\\\/\\\/www.gold.fr\\\/news\\\/#\\\/schema\\\/person\\\/070491b4b4fb7671bf59b3be20302ce9\"},\"headline\":\"Bundesbank et FED : Saga d\u2019un rapatriement houleux\",\"datePublished\":\"2013-08-26T15:00:00+00:00\",\"dateModified\":\"2017-11-02T10:33:12+00:00\",\"mainEntityOfPage\":{\"@id\":\"https:\\\/\\\/www.gold.fr\\\/news\\\/2013\\\/08\\\/26\\\/bundesbank-et-fed-saga-dun-rapatriement-houleux\\\/\"},\"wordCount\":347,\"commentCount\":0,\"image\":{\"@id\":\"https:\\\/\\\/www.gold.fr\\\/news\\\/2013\\\/08\\\/26\\\/bundesbank-et-fed-saga-dun-rapatriement-houleux\\\/#primaryimage\"},\"thumbnailUrl\":\"https:\\\/\\\/www.gold.fr\\\/news\\\/wp-content\\\/uploads\\\/2011\\\/05\\\/record-or.jpg\",\"keywords\":[\"Bundesbank\",\"fed\",\"or allemand\",\"rapports germano-am\u00e9ricains\"],\"articleSection\":[\"Articles de presse\"],\"inLanguage\":\"fr-FR\"},{\"@type\":\"WebPage\",\"@id\":\"https:\\\/\\\/www.gold.fr\\\/news\\\/2013\\\/08\\\/26\\\/bundesbank-et-fed-saga-dun-rapatriement-houleux\\\/\",\"url\":\"https:\\\/\\\/www.gold.fr\\\/news\\\/2013\\\/08\\\/26\\\/bundesbank-et-fed-saga-dun-rapatriement-houleux\\\/\",\"name\":\"Bundesbank et FED : Saga d\u2019un rapatriement houleux - Gold.fr\",\"isPartOf\":{\"@id\":\"https:\\\/\\\/www.gold.fr\\\/news\\\/#website\"},\"primaryImageOfPage\":{\"@id\":\"https:\\\/\\\/www.gold.fr\\\/news\\\/2013\\\/08\\\/26\\\/bundesbank-et-fed-saga-dun-rapatriement-houleux\\\/#primaryimage\"},\"image\":{\"@id\":\"https:\\\/\\\/www.gold.fr\\\/news\\\/2013\\\/08\\\/26\\\/bundesbank-et-fed-saga-dun-rapatriement-houleux\\\/#primaryimage\"},\"thumbnailUrl\":\"https:\\\/\\\/www.gold.fr\\\/news\\\/wp-content\\\/uploads\\\/2011\\\/05\\\/record-or.jpg\",\"datePublished\":\"2013-08-26T15:00:00+00:00\",\"dateModified\":\"2017-11-02T10:33:12+00:00\",\"author\":{\"@id\":\"https:\\\/\\\/www.gold.fr\\\/news\\\/#\\\/schema\\\/person\\\/070491b4b4fb7671bf59b3be20302ce9\"},\"breadcrumb\":{\"@id\":\"https:\\\/\\\/www.gold.fr\\\/news\\\/2013\\\/08\\\/26\\\/bundesbank-et-fed-saga-dun-rapatriement-houleux\\\/#breadcrumb\"},\"inLanguage\":\"fr-FR\",\"potentialAction\":[{\"@type\":\"ReadAction\",\"target\":[\"https:\\\/\\\/www.gold.fr\\\/news\\\/2013\\\/08\\\/26\\\/bundesbank-et-fed-saga-dun-rapatriement-houleux\\\/\"]}]},{\"@type\":\"ImageObject\",\"inLanguage\":\"fr-FR\",\"@id\":\"https:\\\/\\\/www.gold.fr\\\/news\\\/2013\\\/08\\\/26\\\/bundesbank-et-fed-saga-dun-rapatriement-houleux\\\/#primaryimage\",\"url\":\"https:\\\/\\\/www.gold.fr\\\/news\\\/wp-content\\\/uploads\\\/2011\\\/05\\\/record-or.jpg\",\"contentUrl\":\"https:\\\/\\\/www.gold.fr\\\/news\\\/wp-content\\\/uploads\\\/2011\\\/05\\\/record-or.jpg\",\"width\":\"600\",\"height\":\"406\",\"caption\":\"Petit rappel de la composition de l'or color\u00e9\"},{\"@type\":\"BreadcrumbList\",\"@id\":\"https:\\\/\\\/www.gold.fr\\\/news\\\/2013\\\/08\\\/26\\\/bundesbank-et-fed-saga-dun-rapatriement-houleux\\\/#breadcrumb\",\"itemListElement\":[{\"@type\":\"ListItem\",\"position\":1,\"name\":\"Accueil\",\"item\":\"https:\\\/\\\/www.gold.fr\\\/\"},{\"@type\":\"ListItem\",\"position\":2,\"name\":\"Actualit\u00e9s\",\"item\":\"https:\\\/\\\/www.gold.fr\\\/news\\\/\"},{\"@type\":\"ListItem\",\"position\":3,\"name\":\"Bundesbank et FED : Saga d\u2019un rapatriement houleux\"}]},{\"@type\":\"WebSite\",\"@id\":\"https:\\\/\\\/www.gold.fr\\\/news\\\/#website\",\"url\":\"https:\\\/\\\/www.gold.fr\\\/news\\\/\",\"name\":\"Gold.fr\",\"description\":\"Actualit\u00e9s de l&#039;Or et des m\u00e9taux pr\u00e9cieux\",\"potentialAction\":[{\"@type\":\"SearchAction\",\"target\":{\"@type\":\"EntryPoint\",\"urlTemplate\":\"https:\\\/\\\/www.gold.fr\\\/news\\\/?s={search_term_string}\"},\"query-input\":{\"@type\":\"PropertyValueSpecification\",\"valueRequired\":true,\"valueName\":\"search_term_string\"}}],\"inLanguage\":\"fr-FR\"},{\"@type\":\"Person\",\"@id\":\"https:\\\/\\\/www.gold.fr\\\/news\\\/#\\\/schema\\\/person\\\/070491b4b4fb7671bf59b3be20302ce9\",\"name\":\"Comptoir National de l'Or\",\"image\":{\"@type\":\"ImageObject\",\"inLanguage\":\"fr-FR\",\"@id\":\"https:\\\/\\\/secure.gravatar.com\\\/avatar\\\/0a2867fd5abe37bed95d5a65e9d58f01756e11efc68af9888dfc50cfa7f65948?s=96&d=mm&r=gb490554db0a38188709de567aa58480d\",\"url\":\"https:\\\/\\\/secure.gravatar.com\\\/avatar\\\/0a2867fd5abe37bed95d5a65e9d58f01756e11efc68af9888dfc50cfa7f65948?s=96&d=mm&r=g\",\"contentUrl\":\"https:\\\/\\\/secure.gravatar.com\\\/avatar\\\/0a2867fd5abe37bed95d5a65e9d58f01756e11efc68af9888dfc50cfa7f65948?s=96&d=mm&r=g\",\"caption\":\"Comptoir National de l'Or\"},\"description\":\"Notre r\u00e9daction est constitu\u00e9e de membres experts dans les m\u00e9tiers de l'\u00e9conomie et la gestion, des Responsables d'agence Comptoir National de l'Or, des analystes financiers qui publient r\u00e9guli\u00e8rement des \u00e9tudes sur les politiques des banques centrales, le cours de l'or, prix de l'or, cours de l'argent, prix de l'argent, cours du platine, cours du palladium,... la situation en zone euro et l'impact de la strat\u00e9gie mon\u00e9taire de la FED. Notre \u00e9quipe scrute \u00e9galement une information plus g\u00e9n\u00e9raliste \u00e0 la recherche d'actualit\u00e9 \\\"p\u00e9pite\\\" \u00e0 vous partager. Depuis 5 ans, nous avons publi\u00e9 un peu plus de 4000 articles qui s'adressent \u00e0 un public large et vari\u00e9 ayant pour objectif de satisfaire votre curiosit\u00e9 et de partager avec vous une certaine fascination pour le m\u00e9tal jaune, le rachat d'or, et pour ceux qui veulent investir dans l'or, vendre leur or tout simplement en savoir plus... Pour tous vos achat or et argent, n'h\u00e9sitez pas \u00e0 prendre rendez-vous dans l'un de nos nombreux comptoirs.\",\"sameAs\":[\"https:\\\/\\\/www.gold.fr\"]}]}<\/script>\n<!-- \/ Yoast SEO plugin. -->","yoast_head_json":{"title":"Bundesbank et FED : Saga d\u2019un rapatriement houleux - Gold.fr","robots":{"index":"index","follow":"follow","max-snippet":"max-snippet:-1","max-image-preview":"max-image-preview:large","max-video-preview":"max-video-preview:-1"},"canonical":"https:\/\/www.gold.fr\/news\/2013\/08\/26\/bundesbank-et-fed-saga-dun-rapatriement-houleux\/","og_locale":"fr_FR","og_type":"article","og_title":"Bundesbank et FED : Saga d\u2019un rapatriement houleux - Gold.fr","og_description":"Souvenez-vous, il y a huit mois, la banque centrale allemande c\u00e9dait \u00e0 une pression populaire tr\u00e8s m\u00e9diatis\u00e9e et consentait enfin \u00e0 r\u00e9clamer, \u00e0 son homologue am\u00e9ricaine, une bonne partie de l&rsquo;or allemand d\u00e9pos\u00e9 dans les coffres [&hellip;]","og_url":"https:\/\/www.gold.fr\/news\/2013\/08\/26\/bundesbank-et-fed-saga-dun-rapatriement-houleux\/","og_site_name":"Gold.fr","article_publisher":"https:\/\/www.facebook.com\/Goldfr\/","article_published_time":"2013-08-26T15:00:00+00:00","article_modified_time":"2017-11-02T10:33:12+00:00","og_image":[{"width":600,"height":406,"url":"https:\/\/www.gold.fr\/news\/wp-content\/uploads\/2011\/05\/record-or.jpg","type":"image\/jpeg"}],"author":"Comptoir National de l'Or","twitter_card":"summary_large_image","twitter_misc":{"\u00c9crit par":"Comptoir National de l'Or","Dur\u00e9e de lecture estim\u00e9e":"2 minutes"},"schema":{"@context":"https:\/\/schema.org","@graph":[{"@type":"Article","@id":"https:\/\/www.gold.fr\/news\/2013\/08\/26\/bundesbank-et-fed-saga-dun-rapatriement-houleux\/#article","isPartOf":{"@id":"https:\/\/www.gold.fr\/news\/2013\/08\/26\/bundesbank-et-fed-saga-dun-rapatriement-houleux\/"},"author":{"name":"Comptoir National de l'Or","@id":"https:\/\/www.gold.fr\/news\/#\/schema\/person\/070491b4b4fb7671bf59b3be20302ce9"},"headline":"Bundesbank et FED : Saga d\u2019un rapatriement houleux","datePublished":"2013-08-26T15:00:00+00:00","dateModified":"2017-11-02T10:33:12+00:00","mainEntityOfPage":{"@id":"https:\/\/www.gold.fr\/news\/2013\/08\/26\/bundesbank-et-fed-saga-dun-rapatriement-houleux\/"},"wordCount":347,"commentCount":0,"image":{"@id":"https:\/\/www.gold.fr\/news\/2013\/08\/26\/bundesbank-et-fed-saga-dun-rapatriement-houleux\/#primaryimage"},"thumbnailUrl":"https:\/\/www.gold.fr\/news\/wp-content\/uploads\/2011\/05\/record-or.jpg","keywords":["Bundesbank","fed","or allemand","rapports germano-am\u00e9ricains"],"articleSection":["Articles de presse"],"inLanguage":"fr-FR"},{"@type":"WebPage","@id":"https:\/\/www.gold.fr\/news\/2013\/08\/26\/bundesbank-et-fed-saga-dun-rapatriement-houleux\/","url":"https:\/\/www.gold.fr\/news\/2013\/08\/26\/bundesbank-et-fed-saga-dun-rapatriement-houleux\/","name":"Bundesbank et FED : Saga d\u2019un rapatriement houleux - Gold.fr","isPartOf":{"@id":"https:\/\/www.gold.fr\/news\/#website"},"primaryImageOfPage":{"@id":"https:\/\/www.gold.fr\/news\/2013\/08\/26\/bundesbank-et-fed-saga-dun-rapatriement-houleux\/#primaryimage"},"image":{"@id":"https:\/\/www.gold.fr\/news\/2013\/08\/26\/bundesbank-et-fed-saga-dun-rapatriement-houleux\/#primaryimage"},"thumbnailUrl":"https:\/\/www.gold.fr\/news\/wp-content\/uploads\/2011\/05\/record-or.jpg","datePublished":"2013-08-26T15:00:00+00:00","dateModified":"2017-11-02T10:33:12+00:00","author":{"@id":"https:\/\/www.gold.fr\/news\/#\/schema\/person\/070491b4b4fb7671bf59b3be20302ce9"},"breadcrumb":{"@id":"https:\/\/www.gold.fr\/news\/2013\/08\/26\/bundesbank-et-fed-saga-dun-rapatriement-houleux\/#breadcrumb"},"inLanguage":"fr-FR","potentialAction":[{"@type":"ReadAction","target":["https:\/\/www.gold.fr\/news\/2013\/08\/26\/bundesbank-et-fed-saga-dun-rapatriement-houleux\/"]}]},{"@type":"ImageObject","inLanguage":"fr-FR","@id":"https:\/\/www.gold.fr\/news\/2013\/08\/26\/bundesbank-et-fed-saga-dun-rapatriement-houleux\/#primaryimage","url":"https:\/\/www.gold.fr\/news\/wp-content\/uploads\/2011\/05\/record-or.jpg","contentUrl":"https:\/\/www.gold.fr\/news\/wp-content\/uploads\/2011\/05\/record-or.jpg","width":"600","height":"406","caption":"Petit rappel de la composition de l'or color\u00e9"},{"@type":"BreadcrumbList","@id":"https:\/\/www.gold.fr\/news\/2013\/08\/26\/bundesbank-et-fed-saga-dun-rapatriement-houleux\/#breadcrumb","itemListElement":[{"@type":"ListItem","position":1,"name":"Accueil","item":"https:\/\/www.gold.fr\/"},{"@type":"ListItem","position":2,"name":"Actualit\u00e9s","item":"https:\/\/www.gold.fr\/news\/"},{"@type":"ListItem","position":3,"name":"Bundesbank et FED : Saga d\u2019un rapatriement houleux"}]},{"@type":"WebSite","@id":"https:\/\/www.gold.fr\/news\/#website","url":"https:\/\/www.gold.fr\/news\/","name":"Gold.fr","description":"Actualit\u00e9s de l&#039;Or et des m\u00e9taux pr\u00e9cieux","potentialAction":[{"@type":"SearchAction","target":{"@type":"EntryPoint","urlTemplate":"https:\/\/www.gold.fr\/news\/?s={search_term_string}"},"query-input":{"@type":"PropertyValueSpecification","valueRequired":true,"valueName":"search_term_string"}}],"inLanguage":"fr-FR"},{"@type":"Person","@id":"https:\/\/www.gold.fr\/news\/#\/schema\/person\/070491b4b4fb7671bf59b3be20302ce9","name":"Comptoir National de l'Or","image":{"@type":"ImageObject","inLanguage":"fr-FR","@id":"https:\/\/secure.gravatar.com\/avatar\/0a2867fd5abe37bed95d5a65e9d58f01756e11efc68af9888dfc50cfa7f65948?s=96&d=mm&r=gb490554db0a38188709de567aa58480d","url":"https:\/\/secure.gravatar.com\/avatar\/0a2867fd5abe37bed95d5a65e9d58f01756e11efc68af9888dfc50cfa7f65948?s=96&d=mm&r=g","contentUrl":"https:\/\/secure.gravatar.com\/avatar\/0a2867fd5abe37bed95d5a65e9d58f01756e11efc68af9888dfc50cfa7f65948?s=96&d=mm&r=g","caption":"Comptoir National de l'Or"},"description":"Notre r\u00e9daction est constitu\u00e9e de membres experts dans les m\u00e9tiers de l'\u00e9conomie et la gestion, des Responsables d'agence Comptoir National de l'Or, des analystes financiers qui publient r\u00e9guli\u00e8rement des \u00e9tudes sur les politiques des banques centrales, le cours de l'or, prix de l'or, cours de l'argent, prix de l'argent, cours du platine, cours du palladium,... la situation en zone euro et l'impact de la strat\u00e9gie mon\u00e9taire de la FED. Notre \u00e9quipe scrute \u00e9galement une information plus g\u00e9n\u00e9raliste \u00e0 la recherche d'actualit\u00e9 \"p\u00e9pite\" \u00e0 vous partager. Depuis 5 ans, nous avons publi\u00e9 un peu plus de 4000 articles qui s'adressent \u00e0 un public large et vari\u00e9 ayant pour objectif de satisfaire votre curiosit\u00e9 et de partager avec vous une certaine fascination pour le m\u00e9tal jaune, le rachat d'or, et pour ceux qui veulent investir dans l'or, vendre leur or tout simplement en savoir plus... Pour tous vos achat or et argent, n'h\u00e9sitez pas \u00e0 prendre rendez-vous dans l'un de nos nombreux comptoirs.","sameAs":["https:\/\/www.gold.fr"]}]}},"authors":[{"term_id":2565,"user_id":18,"is_guest":0,"slug":"julie","display_name":"Comptoir National de l'Or","avatar_url":"https:\/\/secure.gravatar.com\/avatar\/713f289e398d35ead876c4a4cc08607f0d6d266058cfc25683fffb6092d0e572?s=96&d=mm&r=g","0":null,"1":"","2":"","3":"","4":"","5":"","6":"","7":"","8":""}],"_links":{"self":[{"href":"https:\/\/www.gold.fr\/news\/wp-json\/wp\/v2\/posts\/12659","targetHints":{"allow":["GET"]}}],"collection":[{"href":"https:\/\/www.gold.fr\/news\/wp-json\/wp\/v2\/posts"}],"about":[{"href":"https:\/\/www.gold.fr\/news\/wp-json\/wp\/v2\/types\/post"}],"author":[{"embeddable":true,"href":"https:\/\/www.gold.fr\/news\/wp-json\/wp\/v2\/users\/18"}],"replies":[{"embeddable":true,"href":"https:\/\/www.gold.fr\/news\/wp-json\/wp\/v2\/comments?post=12659"}],"version-history":[{"count":0,"href":"https:\/\/www.gold.fr\/news\/wp-json\/wp\/v2\/posts\/12659\/revisions"}],"wp:featuredmedia":[{"embeddable":true,"href":"https:\/\/www.gold.fr\/news\/wp-json\/wp\/v2\/media\/10190"}],"wp:attachment":[{"href":"https:\/\/www.gold.fr\/news\/wp-json\/wp\/v2\/media?parent=12659"}],"wp:term":[{"taxonomy":"category","embeddable":true,"href":"https:\/\/www.gold.fr\/news\/wp-json\/wp\/v2\/categories?post=12659"},{"taxonomy":"post_tag","embeddable":true,"href":"https:\/\/www.gold.fr\/news\/wp-json\/wp\/v2\/tags?post=12659"},{"taxonomy":"author","embeddable":true,"href":"https:\/\/www.gold.fr\/news\/wp-json\/wp\/v2\/ppma_author?post=12659"}],"curies":[{"name":"wp","href":"https:\/\/api.w.org\/{rel}","templated":true}]}}