{"id":12656,"date":"2013-08-26T09:00:35","date_gmt":"2013-08-26T07:00:35","guid":{"rendered":"https:\/\/www.gold.fr\/news\/?p=12656"},"modified":"2017-11-02T11:39:53","modified_gmt":"2017-11-02T10:39:53","slug":"la-division-fed-une-mefiance-justifiee","status":"publish","type":"post","link":"https:\/\/www.gold.fr\/news\/2013\/08\/26\/la-division-fed-une-mefiance-justifiee\/","title":{"rendered":"La division FED : Une m\u00e9fiance justifi\u00e9e"},"content":{"rendered":"<p><span style=\"font-size: small;\"><img loading=\"lazy\" decoding=\"async\" class=\"alignleft size-thumbnail wp-image-5283\" title=\"La division FED : Une m\u00e9fiance justifi\u00e9e\" src=\"https:\/\/www.gold.fr\/news\/wp-content\/uploads\/2011\/08\/monde-or-150x150.jpg\" alt=\"\" width=\"150\" height=\"150\" \/>Une chose est s\u00fbre\u00a0; <strong>Ben Bernanke<\/strong> est encore tr\u00e8s loin de l\u2019unanimit\u00e9 qu\u2019il esp\u00e8re tant obtenir au sein de son conseil de direction. A en croire les minutes de la derni\u00e8re r\u00e9union du fameux conseil, la d\u00e9cision de r\u00e9duire les injections mon\u00e9taires de l\u2019institution cr\u00e9\u00e9 toujours la controverse.<\/span>    <span style=\"font-size: small;\"> Ayant eu lieu <strong>le 30 et 31 juillet dernier<\/strong>, la r\u00e9union du <strong>FOMC<\/strong> (comit\u00e9 de politique mon\u00e9taire de la <strong>FED<\/strong>) n\u2019avait pas \u00e9t\u00e9 aussi fructueuse que l\u2019esp\u00e9rait le patron de la r\u00e9serve f\u00e9d\u00e9rale am\u00e9ricaine, menant, comme souvent, vers une impasse devenue d\u00e9sormais assez famili\u00e8re.<\/span>    <span style=\"font-size: small;\"><strong> Paul Ashworth<\/strong>, chef \u00e9conomiste chez <strong>Capital Economics<\/strong>, propose de couper la poire en deux\u00a0:\u00a0\u00ab\u00a0<em>Etant donn\u00e9 que le FOMC est toujours divis\u00e9 sur la question, nous pensons qu&rsquo;un compromis pourrait \u00eatre trouv\u00e9, en r\u00e9duisant d\u00e8s septembre ces rachats, mais avec une baisse plus faible qu&rsquo;attendue<\/em>\u00a0\u00bb. Et, par \u00ab\u00a0<em>baisse plus faible<\/em>\u00ab\u00a0, l\u2019\u00e9conomiste entend des injections mon\u00e9taires qui ne seront plus de l\u2019ordre de <strong>85 milliards de dollars<\/strong>, mais plut\u00f4t de <strong>75 milliards de dollars<\/strong>.<\/span>    <span style=\"font-size: small;\"> Les membres du conseil demeurent quant \u00e0 eux tr\u00e8s partag\u00e9s sur la question, jugeant majoritairement qu\u2019il faut \u00ab\u00a0<em>attendre\u00a0<\/em>\u00bb, et r\u00e9-\u00e9valuer la situation \u00e9conomique du pays vers la \u00ab\u00a0<em>mi-2014<\/em>\u00a0\u00bb, si l&rsquo;\u00e9conomie am\u00e9ricaine se redresse suffisamment.<\/span>    <span style=\"font-size: small;\"> En tout cas, le compte-rendu de la r\u00e9union du conseil traduit bien plus que de l\u2019h\u00e9sitation. Le document rapporte que \u00ab\u00a0<em>un certain nombre de participants (&#8230;) ont indiqu\u00e9 qu&rsquo;ils \u00e9taient l\u00e9g\u00e8rement moins confiants qu&rsquo;en juin sur un rebond \u00e0 court terme de la croissance \u00e9conomique\u00a0<\/em>\u00bb.<\/span><\/p>\n<!-- AddThis Advanced Settings generic via filter on the_content --><!-- AddThis Share Buttons generic via filter on the_content -->","protected":false},"excerpt":{"rendered":"<p>Une chose est s\u00fbre\u00a0; Ben Bernanke est encore tr\u00e8s loin de l\u2019unanimit\u00e9 qu\u2019il esp\u00e8re tant obtenir au sein de son conseil de direction. A en croire les minutes de la derni\u00e8re r\u00e9union du fameux conseil, la [&hellip;]<\/p>\n","protected":false},"author":18,"featured_media":5283,"comment_status":"open","ping_status":"open","sticky":false,"template":"","format":"standard","meta":{"_mbp_gutenberg_autopost":false,"_pgmb_is_evergreen":false,"_pgmb_ap_template_id":0,"footnotes":""},"categories":[6],"tags":[1493,404,144,1034,1422],"ppma_author":[2565],"class_list":["post-12656","post","type-post","status-publish","format-standard","has-post-thumbnail","hentry","category-articles-de-presse","tag-baisse-rachat","tag-ben-bernanke","tag-fed","tag-fomc","tag-injections-monetaires"],"yoast_head":"<!-- This site is optimized with the Yoast SEO plugin v27.5 - https:\/\/yoast.com\/product\/yoast-seo-wordpress\/ -->\n<title>La division FED : Une m\u00e9fiance justifi\u00e9e - Gold.fr<\/title>\n<meta name=\"robots\" content=\"index, follow, max-snippet:-1, max-image-preview:large, max-video-preview:-1\" \/>\n<link rel=\"canonical\" href=\"https:\/\/www.gold.fr\/news\/2013\/08\/26\/la-division-fed-une-mefiance-justifiee\/\" \/>\n<meta property=\"og:locale\" content=\"fr_FR\" \/>\n<meta property=\"og:type\" content=\"article\" \/>\n<meta property=\"og:title\" content=\"La division FED : Une m\u00e9fiance justifi\u00e9e - Gold.fr\" \/>\n<meta property=\"og:description\" content=\"Une chose est s\u00fbre\u00a0; Ben Bernanke est encore tr\u00e8s loin de l\u2019unanimit\u00e9 qu\u2019il esp\u00e8re tant obtenir au sein de son conseil de direction. A en croire les minutes de la derni\u00e8re r\u00e9union du fameux conseil, la [&hellip;]\" \/>\n<meta property=\"og:url\" content=\"https:\/\/www.gold.fr\/news\/2013\/08\/26\/la-division-fed-une-mefiance-justifiee\/\" \/>\n<meta property=\"og:site_name\" content=\"Gold.fr\" \/>\n<meta property=\"article:publisher\" content=\"https:\/\/www.facebook.com\/Goldfr\/\" \/>\n<meta property=\"article:published_time\" content=\"2013-08-26T07:00:35+00:00\" \/>\n<meta property=\"article:modified_time\" content=\"2017-11-02T10:39:53+00:00\" \/>\n<meta property=\"og:image\" content=\"https:\/\/www.gold.fr\/news\/wp-content\/uploads\/2011\/08\/monde-or.jpg\" \/>\n\t<meta property=\"og:image:width\" content=\"600\" \/>\n\t<meta property=\"og:image:height\" content=\"400\" \/>\n\t<meta property=\"og:image:type\" content=\"image\/jpeg\" \/>\n<meta name=\"author\" content=\"Comptoir National de l&#039;Or\" \/>\n<meta name=\"twitter:card\" content=\"summary_large_image\" \/>\n<meta name=\"twitter:label1\" content=\"\u00c9crit par\" \/>\n\t<meta name=\"twitter:data1\" content=\"Comptoir National de l&#039;Or\" \/>\n\t<meta name=\"twitter:label2\" content=\"Dur\u00e9e de lecture estim\u00e9e\" \/>\n\t<meta name=\"twitter:data2\" content=\"1 minute\" \/>\n<script type=\"application\/ld+json\" class=\"yoast-schema-graph\">{\"@context\":\"https:\\\/\\\/schema.org\",\"@graph\":[{\"@type\":\"Article\",\"@id\":\"https:\\\/\\\/www.gold.fr\\\/news\\\/2013\\\/08\\\/26\\\/la-division-fed-une-mefiance-justifiee\\\/#article\",\"isPartOf\":{\"@id\":\"https:\\\/\\\/www.gold.fr\\\/news\\\/2013\\\/08\\\/26\\\/la-division-fed-une-mefiance-justifiee\\\/\"},\"author\":{\"name\":\"Comptoir National de l'Or\",\"@id\":\"https:\\\/\\\/www.gold.fr\\\/news\\\/#\\\/schema\\\/person\\\/070491b4b4fb7671bf59b3be20302ce9\"},\"headline\":\"La division FED : Une m\u00e9fiance justifi\u00e9e\",\"datePublished\":\"2013-08-26T07:00:35+00:00\",\"dateModified\":\"2017-11-02T10:39:53+00:00\",\"mainEntityOfPage\":{\"@id\":\"https:\\\/\\\/www.gold.fr\\\/news\\\/2013\\\/08\\\/26\\\/la-division-fed-une-mefiance-justifiee\\\/\"},\"wordCount\":289,\"commentCount\":0,\"image\":{\"@id\":\"https:\\\/\\\/www.gold.fr\\\/news\\\/2013\\\/08\\\/26\\\/la-division-fed-une-mefiance-justifiee\\\/#primaryimage\"},\"thumbnailUrl\":\"https:\\\/\\\/www.gold.fr\\\/news\\\/wp-content\\\/uploads\\\/2011\\\/08\\\/monde-or.jpg\",\"keywords\":[\"baisse rachat\",\"ben bernanke\",\"fed\",\"FOMC\",\"injections mon\u00e9taires\"],\"articleSection\":[\"Articles de presse\"],\"inLanguage\":\"fr-FR\"},{\"@type\":\"WebPage\",\"@id\":\"https:\\\/\\\/www.gold.fr\\\/news\\\/2013\\\/08\\\/26\\\/la-division-fed-une-mefiance-justifiee\\\/\",\"url\":\"https:\\\/\\\/www.gold.fr\\\/news\\\/2013\\\/08\\\/26\\\/la-division-fed-une-mefiance-justifiee\\\/\",\"name\":\"La division FED : Une m\u00e9fiance justifi\u00e9e - Gold.fr\",\"isPartOf\":{\"@id\":\"https:\\\/\\\/www.gold.fr\\\/news\\\/#website\"},\"primaryImageOfPage\":{\"@id\":\"https:\\\/\\\/www.gold.fr\\\/news\\\/2013\\\/08\\\/26\\\/la-division-fed-une-mefiance-justifiee\\\/#primaryimage\"},\"image\":{\"@id\":\"https:\\\/\\\/www.gold.fr\\\/news\\\/2013\\\/08\\\/26\\\/la-division-fed-une-mefiance-justifiee\\\/#primaryimage\"},\"thumbnailUrl\":\"https:\\\/\\\/www.gold.fr\\\/news\\\/wp-content\\\/uploads\\\/2011\\\/08\\\/monde-or.jpg\",\"datePublished\":\"2013-08-26T07:00:35+00:00\",\"dateModified\":\"2017-11-02T10:39:53+00:00\",\"author\":{\"@id\":\"https:\\\/\\\/www.gold.fr\\\/news\\\/#\\\/schema\\\/person\\\/070491b4b4fb7671bf59b3be20302ce9\"},\"breadcrumb\":{\"@id\":\"https:\\\/\\\/www.gold.fr\\\/news\\\/2013\\\/08\\\/26\\\/la-division-fed-une-mefiance-justifiee\\\/#breadcrumb\"},\"inLanguage\":\"fr-FR\",\"potentialAction\":[{\"@type\":\"ReadAction\",\"target\":[\"https:\\\/\\\/www.gold.fr\\\/news\\\/2013\\\/08\\\/26\\\/la-division-fed-une-mefiance-justifiee\\\/\"]}]},{\"@type\":\"ImageObject\",\"inLanguage\":\"fr-FR\",\"@id\":\"https:\\\/\\\/www.gold.fr\\\/news\\\/2013\\\/08\\\/26\\\/la-division-fed-une-mefiance-justifiee\\\/#primaryimage\",\"url\":\"https:\\\/\\\/www.gold.fr\\\/news\\\/wp-content\\\/uploads\\\/2011\\\/08\\\/monde-or.jpg\",\"contentUrl\":\"https:\\\/\\\/www.gold.fr\\\/news\\\/wp-content\\\/uploads\\\/2011\\\/08\\\/monde-or.jpg\",\"width\":\"600\",\"height\":\"400\",\"caption\":\"Retour sur les fluctuations de l\u2019once\"},{\"@type\":\"BreadcrumbList\",\"@id\":\"https:\\\/\\\/www.gold.fr\\\/news\\\/2013\\\/08\\\/26\\\/la-division-fed-une-mefiance-justifiee\\\/#breadcrumb\",\"itemListElement\":[{\"@type\":\"ListItem\",\"position\":1,\"name\":\"Accueil\",\"item\":\"https:\\\/\\\/www.gold.fr\\\/\"},{\"@type\":\"ListItem\",\"position\":2,\"name\":\"Actualit\u00e9s\",\"item\":\"https:\\\/\\\/www.gold.fr\\\/news\\\/\"},{\"@type\":\"ListItem\",\"position\":3,\"name\":\"La division FED : Une m\u00e9fiance justifi\u00e9e\"}]},{\"@type\":\"WebSite\",\"@id\":\"https:\\\/\\\/www.gold.fr\\\/news\\\/#website\",\"url\":\"https:\\\/\\\/www.gold.fr\\\/news\\\/\",\"name\":\"Gold.fr\",\"description\":\"Actualit\u00e9s de l&#039;Or et des m\u00e9taux pr\u00e9cieux\",\"potentialAction\":[{\"@type\":\"SearchAction\",\"target\":{\"@type\":\"EntryPoint\",\"urlTemplate\":\"https:\\\/\\\/www.gold.fr\\\/news\\\/?s={search_term_string}\"},\"query-input\":{\"@type\":\"PropertyValueSpecification\",\"valueRequired\":true,\"valueName\":\"search_term_string\"}}],\"inLanguage\":\"fr-FR\"},{\"@type\":\"Person\",\"@id\":\"https:\\\/\\\/www.gold.fr\\\/news\\\/#\\\/schema\\\/person\\\/070491b4b4fb7671bf59b3be20302ce9\",\"name\":\"Comptoir National de l'Or\",\"image\":{\"@type\":\"ImageObject\",\"inLanguage\":\"fr-FR\",\"@id\":\"https:\\\/\\\/secure.gravatar.com\\\/avatar\\\/0a2867fd5abe37bed95d5a65e9d58f01756e11efc68af9888dfc50cfa7f65948?s=96&d=mm&r=gb490554db0a38188709de567aa58480d\",\"url\":\"https:\\\/\\\/secure.gravatar.com\\\/avatar\\\/0a2867fd5abe37bed95d5a65e9d58f01756e11efc68af9888dfc50cfa7f65948?s=96&d=mm&r=g\",\"contentUrl\":\"https:\\\/\\\/secure.gravatar.com\\\/avatar\\\/0a2867fd5abe37bed95d5a65e9d58f01756e11efc68af9888dfc50cfa7f65948?s=96&d=mm&r=g\",\"caption\":\"Comptoir National de l'Or\"},\"description\":\"Notre r\u00e9daction est constitu\u00e9e de membres experts dans les m\u00e9tiers de l'\u00e9conomie et la gestion, des Responsables d'agence Comptoir National de l'Or, des analystes financiers qui publient r\u00e9guli\u00e8rement des \u00e9tudes sur les politiques des banques centrales, le cours de l'or, prix de l'or, cours de l'argent, prix de l'argent, cours du platine, cours du palladium,... la situation en zone euro et l'impact de la strat\u00e9gie mon\u00e9taire de la FED. Notre \u00e9quipe scrute \u00e9galement une information plus g\u00e9n\u00e9raliste \u00e0 la recherche d'actualit\u00e9 \\\"p\u00e9pite\\\" \u00e0 vous partager. Depuis 5 ans, nous avons publi\u00e9 un peu plus de 4000 articles qui s'adressent \u00e0 un public large et vari\u00e9 ayant pour objectif de satisfaire votre curiosit\u00e9 et de partager avec vous une certaine fascination pour le m\u00e9tal jaune, le rachat d'or, et pour ceux qui veulent investir dans l'or, vendre leur or tout simplement en savoir plus... Pour tous vos achat or et argent, n'h\u00e9sitez pas \u00e0 prendre rendez-vous dans l'un de nos nombreux comptoirs.\",\"sameAs\":[\"https:\\\/\\\/www.gold.fr\"]}]}<\/script>\n<!-- \/ Yoast SEO plugin. -->","yoast_head_json":{"title":"La division FED : Une m\u00e9fiance justifi\u00e9e - Gold.fr","robots":{"index":"index","follow":"follow","max-snippet":"max-snippet:-1","max-image-preview":"max-image-preview:large","max-video-preview":"max-video-preview:-1"},"canonical":"https:\/\/www.gold.fr\/news\/2013\/08\/26\/la-division-fed-une-mefiance-justifiee\/","og_locale":"fr_FR","og_type":"article","og_title":"La division FED : Une m\u00e9fiance justifi\u00e9e - Gold.fr","og_description":"Une chose est s\u00fbre\u00a0; Ben Bernanke est encore tr\u00e8s loin de l\u2019unanimit\u00e9 qu\u2019il esp\u00e8re tant obtenir au sein de son conseil de direction. A en croire les minutes de la derni\u00e8re r\u00e9union du fameux conseil, la [&hellip;]","og_url":"https:\/\/www.gold.fr\/news\/2013\/08\/26\/la-division-fed-une-mefiance-justifiee\/","og_site_name":"Gold.fr","article_publisher":"https:\/\/www.facebook.com\/Goldfr\/","article_published_time":"2013-08-26T07:00:35+00:00","article_modified_time":"2017-11-02T10:39:53+00:00","og_image":[{"width":600,"height":400,"url":"https:\/\/www.gold.fr\/news\/wp-content\/uploads\/2011\/08\/monde-or.jpg","type":"image\/jpeg"}],"author":"Comptoir National de l'Or","twitter_card":"summary_large_image","twitter_misc":{"\u00c9crit par":"Comptoir National de l'Or","Dur\u00e9e de lecture estim\u00e9e":"1 minute"},"schema":{"@context":"https:\/\/schema.org","@graph":[{"@type":"Article","@id":"https:\/\/www.gold.fr\/news\/2013\/08\/26\/la-division-fed-une-mefiance-justifiee\/#article","isPartOf":{"@id":"https:\/\/www.gold.fr\/news\/2013\/08\/26\/la-division-fed-une-mefiance-justifiee\/"},"author":{"name":"Comptoir National de l'Or","@id":"https:\/\/www.gold.fr\/news\/#\/schema\/person\/070491b4b4fb7671bf59b3be20302ce9"},"headline":"La division FED : Une m\u00e9fiance justifi\u00e9e","datePublished":"2013-08-26T07:00:35+00:00","dateModified":"2017-11-02T10:39:53+00:00","mainEntityOfPage":{"@id":"https:\/\/www.gold.fr\/news\/2013\/08\/26\/la-division-fed-une-mefiance-justifiee\/"},"wordCount":289,"commentCount":0,"image":{"@id":"https:\/\/www.gold.fr\/news\/2013\/08\/26\/la-division-fed-une-mefiance-justifiee\/#primaryimage"},"thumbnailUrl":"https:\/\/www.gold.fr\/news\/wp-content\/uploads\/2011\/08\/monde-or.jpg","keywords":["baisse rachat","ben bernanke","fed","FOMC","injections mon\u00e9taires"],"articleSection":["Articles de presse"],"inLanguage":"fr-FR"},{"@type":"WebPage","@id":"https:\/\/www.gold.fr\/news\/2013\/08\/26\/la-division-fed-une-mefiance-justifiee\/","url":"https:\/\/www.gold.fr\/news\/2013\/08\/26\/la-division-fed-une-mefiance-justifiee\/","name":"La division FED : Une m\u00e9fiance justifi\u00e9e - Gold.fr","isPartOf":{"@id":"https:\/\/www.gold.fr\/news\/#website"},"primaryImageOfPage":{"@id":"https:\/\/www.gold.fr\/news\/2013\/08\/26\/la-division-fed-une-mefiance-justifiee\/#primaryimage"},"image":{"@id":"https:\/\/www.gold.fr\/news\/2013\/08\/26\/la-division-fed-une-mefiance-justifiee\/#primaryimage"},"thumbnailUrl":"https:\/\/www.gold.fr\/news\/wp-content\/uploads\/2011\/08\/monde-or.jpg","datePublished":"2013-08-26T07:00:35+00:00","dateModified":"2017-11-02T10:39:53+00:00","author":{"@id":"https:\/\/www.gold.fr\/news\/#\/schema\/person\/070491b4b4fb7671bf59b3be20302ce9"},"breadcrumb":{"@id":"https:\/\/www.gold.fr\/news\/2013\/08\/26\/la-division-fed-une-mefiance-justifiee\/#breadcrumb"},"inLanguage":"fr-FR","potentialAction":[{"@type":"ReadAction","target":["https:\/\/www.gold.fr\/news\/2013\/08\/26\/la-division-fed-une-mefiance-justifiee\/"]}]},{"@type":"ImageObject","inLanguage":"fr-FR","@id":"https:\/\/www.gold.fr\/news\/2013\/08\/26\/la-division-fed-une-mefiance-justifiee\/#primaryimage","url":"https:\/\/www.gold.fr\/news\/wp-content\/uploads\/2011\/08\/monde-or.jpg","contentUrl":"https:\/\/www.gold.fr\/news\/wp-content\/uploads\/2011\/08\/monde-or.jpg","width":"600","height":"400","caption":"Retour sur les fluctuations de l\u2019once"},{"@type":"BreadcrumbList","@id":"https:\/\/www.gold.fr\/news\/2013\/08\/26\/la-division-fed-une-mefiance-justifiee\/#breadcrumb","itemListElement":[{"@type":"ListItem","position":1,"name":"Accueil","item":"https:\/\/www.gold.fr\/"},{"@type":"ListItem","position":2,"name":"Actualit\u00e9s","item":"https:\/\/www.gold.fr\/news\/"},{"@type":"ListItem","position":3,"name":"La division FED : Une m\u00e9fiance justifi\u00e9e"}]},{"@type":"WebSite","@id":"https:\/\/www.gold.fr\/news\/#website","url":"https:\/\/www.gold.fr\/news\/","name":"Gold.fr","description":"Actualit\u00e9s de l&#039;Or et des m\u00e9taux pr\u00e9cieux","potentialAction":[{"@type":"SearchAction","target":{"@type":"EntryPoint","urlTemplate":"https:\/\/www.gold.fr\/news\/?s={search_term_string}"},"query-input":{"@type":"PropertyValueSpecification","valueRequired":true,"valueName":"search_term_string"}}],"inLanguage":"fr-FR"},{"@type":"Person","@id":"https:\/\/www.gold.fr\/news\/#\/schema\/person\/070491b4b4fb7671bf59b3be20302ce9","name":"Comptoir National de l'Or","image":{"@type":"ImageObject","inLanguage":"fr-FR","@id":"https:\/\/secure.gravatar.com\/avatar\/0a2867fd5abe37bed95d5a65e9d58f01756e11efc68af9888dfc50cfa7f65948?s=96&d=mm&r=gb490554db0a38188709de567aa58480d","url":"https:\/\/secure.gravatar.com\/avatar\/0a2867fd5abe37bed95d5a65e9d58f01756e11efc68af9888dfc50cfa7f65948?s=96&d=mm&r=g","contentUrl":"https:\/\/secure.gravatar.com\/avatar\/0a2867fd5abe37bed95d5a65e9d58f01756e11efc68af9888dfc50cfa7f65948?s=96&d=mm&r=g","caption":"Comptoir National de l'Or"},"description":"Notre r\u00e9daction est constitu\u00e9e de membres experts dans les m\u00e9tiers de l'\u00e9conomie et la gestion, des Responsables d'agence Comptoir National de l'Or, des analystes financiers qui publient r\u00e9guli\u00e8rement des \u00e9tudes sur les politiques des banques centrales, le cours de l'or, prix de l'or, cours de l'argent, prix de l'argent, cours du platine, cours du palladium,... la situation en zone euro et l'impact de la strat\u00e9gie mon\u00e9taire de la FED. Notre \u00e9quipe scrute \u00e9galement une information plus g\u00e9n\u00e9raliste \u00e0 la recherche d'actualit\u00e9 \"p\u00e9pite\" \u00e0 vous partager. Depuis 5 ans, nous avons publi\u00e9 un peu plus de 4000 articles qui s'adressent \u00e0 un public large et vari\u00e9 ayant pour objectif de satisfaire votre curiosit\u00e9 et de partager avec vous une certaine fascination pour le m\u00e9tal jaune, le rachat d'or, et pour ceux qui veulent investir dans l'or, vendre leur or tout simplement en savoir plus... Pour tous vos achat or et argent, n'h\u00e9sitez pas \u00e0 prendre rendez-vous dans l'un de nos nombreux comptoirs.","sameAs":["https:\/\/www.gold.fr"]}]}},"authors":[{"term_id":2565,"user_id":18,"is_guest":0,"slug":"julie","display_name":"Comptoir National de l'Or","avatar_url":"https:\/\/secure.gravatar.com\/avatar\/713f289e398d35ead876c4a4cc08607f0d6d266058cfc25683fffb6092d0e572?s=96&d=mm&r=g","0":null,"1":"","2":"","3":"","4":"","5":"","6":"","7":"","8":""}],"_links":{"self":[{"href":"https:\/\/www.gold.fr\/news\/wp-json\/wp\/v2\/posts\/12656","targetHints":{"allow":["GET"]}}],"collection":[{"href":"https:\/\/www.gold.fr\/news\/wp-json\/wp\/v2\/posts"}],"about":[{"href":"https:\/\/www.gold.fr\/news\/wp-json\/wp\/v2\/types\/post"}],"author":[{"embeddable":true,"href":"https:\/\/www.gold.fr\/news\/wp-json\/wp\/v2\/users\/18"}],"replies":[{"embeddable":true,"href":"https:\/\/www.gold.fr\/news\/wp-json\/wp\/v2\/comments?post=12656"}],"version-history":[{"count":0,"href":"https:\/\/www.gold.fr\/news\/wp-json\/wp\/v2\/posts\/12656\/revisions"}],"wp:featuredmedia":[{"embeddable":true,"href":"https:\/\/www.gold.fr\/news\/wp-json\/wp\/v2\/media\/5283"}],"wp:attachment":[{"href":"https:\/\/www.gold.fr\/news\/wp-json\/wp\/v2\/media?parent=12656"}],"wp:term":[{"taxonomy":"category","embeddable":true,"href":"https:\/\/www.gold.fr\/news\/wp-json\/wp\/v2\/categories?post=12656"},{"taxonomy":"post_tag","embeddable":true,"href":"https:\/\/www.gold.fr\/news\/wp-json\/wp\/v2\/tags?post=12656"},{"taxonomy":"author","embeddable":true,"href":"https:\/\/www.gold.fr\/news\/wp-json\/wp\/v2\/ppma_author?post=12656"}],"curies":[{"name":"wp","href":"https:\/\/api.w.org\/{rel}","templated":true}]}}