{"id":12654,"date":"2013-08-23T17:00:49","date_gmt":"2013-08-23T15:00:49","guid":{"rendered":"https:\/\/www.gold.fr\/news\/?p=12654"},"modified":"2017-11-02T11:33:13","modified_gmt":"2017-11-02T10:33:13","slug":"lor-monte-hisse-par-la-fed-et-la-chine","status":"publish","type":"post","link":"https:\/\/www.gold.fr\/news\/2013\/08\/23\/lor-monte-hisse-par-la-fed-et-la-chine\/","title":{"rendered":"L\u2019or monte, hiss\u00e9 par la FED et la Chine"},"content":{"rendered":"<p><span style=\"font-size: small;\"><img loading=\"lazy\" decoding=\"async\" class=\"alignleft size-thumbnail wp-image-3004\" title=\"L\u2019or monte, hiss\u00e9 par la FED et la Chine\" src=\"https:\/\/www.gold.fr\/news\/wp-content\/uploads\/2011\/10\/Nouvelle-vague-de-corrections-pour-l\u2019or-\u2013-Les-raisons-150x150.jpg\" alt=\"\" width=\"150\" height=\"150\" \/>Le <a href='https:\/\/www.gold.fr\/news\/tags\/or' class='esk-seo-plu-link'>m\u00e9tal jaune<\/a> semble traverser <a title=\"Les incertitudes de la FED n\u2019\u00e9meuvent pas l\u2019or\" href=\"https:\/\/www.gold.fr\/news\/2013\/08\/23\/les-incertitudes-de-la-fed-nemeuvent-pas-lor\/12649\/\" target=\"_blank\">une phase de solide hausse<\/a>, une tendance que rien ne semble \u00e9mouvoir ou perturber. En \u00e9volution positive, rarement alt\u00e9r\u00e9e, depuis une semaine, l&rsquo;<a href='https:\/\/www.gold.fr\/news\/tags\/or' class='esk-seo-plu-link'>or<\/a> est d\u00e9sormais parti pour briser de nouveaux paliers.<\/span>    <span style=\"font-size: small;\"> Pour l&rsquo;instant, les march\u00e9s subissent encore les effets de l&rsquo;annonce, mercredi dernier, du compte-rendu de la plus r\u00e9cente r\u00e9union du conseil de direction de <strong>la banque centrale am\u00e9ricaine<\/strong> qui, \u00e9tonnamment, continue \u00e0 \u00e9branler la plan\u00e8te \u00e9conomique, sans pour autant cr\u00e9er la surprise. La publication a en effet \u00ab <em>r\u00e9v\u00e9l\u00e9 <\/em>\u00bb que les membres du conseil demeuraient largement divis\u00e9s sur la date fatidique qui marquerait le d\u00e9but de la diminution\/suppression des injections mon\u00e9taires de la <strong>FED<\/strong>. La position d&rsquo;ensemble reste, semble-t-il, \u00ab <em>nuanc\u00e9e <\/em>\u00bb, en raison essentiellement de l&rsquo;instabilit\u00e9 de l&rsquo;\u00e9conomie nationale.<\/span>    <span style=\"font-size: small;\"> Dans tous les cas, cette h\u00e9sitation profite clairement au march\u00e9 aurif\u00e8re, dans la mesure o\u00f9 elle retarde l&rsquo;\u00e9ch\u00e9ance o\u00f9 l&rsquo;institution proc\u00e8derait \u00e0 son tant redout\u00e9 resserrage de boulons.<\/span>    <span style=\"font-size: small;\"> Par ailleurs, <strong>la Chine<\/strong> n&rsquo;a pas non plus manqu\u00e9 d&rsquo;apporter son coup de pouce personnel et indirect au <a href='https:\/\/www.gold.fr\/news\/tags\/or' class='esk-seo-plu-link'>m\u00e9tal jaune<\/a>. Une publication matinale a en effet r\u00e9v\u00e9l\u00e9 que l&rsquo;estimation initiale de l&rsquo;indice des directeurs des achats du secteur manufacturier chinois (r\u00e9alis\u00e9e par la banque <strong>HSBC<\/strong>) \u00ab <em>\u00e9tait pass\u00e9e de <strong>47,7<\/strong> \u00e0 <strong>50,1<\/strong> pour ao\u00fbt, son plus haut niveau en quatre mois, au lieu des <strong>48,3<\/strong> anticip\u00e9s<\/em> \u00bb. Bref ; une solide reprise qui se confirme dans l&rsquo;un des pays les plus friands d&rsquo;<a href='https:\/\/www.gold.fr\/news\/tags\/or' class='esk-seo-plu-link'>or<\/a> dans le monde.<\/span><\/p>\n<!-- AddThis Advanced Settings generic via filter on the_content --><!-- AddThis Share Buttons generic via filter on the_content -->","protected":false},"excerpt":{"rendered":"<p>Le m\u00e9tal jaune semble traverser une phase de solide hausse, une tendance que rien ne semble \u00e9mouvoir ou perturber. En \u00e9volution positive, rarement alt\u00e9r\u00e9e, depuis une semaine, l&rsquo;or est d\u00e9sormais parti pour briser de nouveaux paliers. [&hellip;]<\/p>\n","protected":false},"author":18,"featured_media":3004,"comment_status":"open","ping_status":"open","sticky":false,"template":"","format":"standard","meta":{"_mbp_gutenberg_autopost":false,"_pgmb_is_evergreen":false,"_pgmb_ap_template_id":0,"footnotes":""},"categories":[6],"tags":[1492,144,120,842,84],"ppma_author":[2565],"class_list":["post-12654","post","type-post","status-publish","format-standard","has-post-thumbnail","hentry","category-articles-de-presse","tag-banque-centrale-americaine","tag-fed","tag-hausse-de-lor","tag-la-chine","tag-cours-de-lor"],"yoast_head":"<!-- This site is optimized with the Yoast SEO plugin v27.5 - https:\/\/yoast.com\/product\/yoast-seo-wordpress\/ -->\n<title>L\u2019or monte, hiss\u00e9 par la FED et la Chine - Gold.fr<\/title>\n<meta name=\"robots\" content=\"index, follow, max-snippet:-1, max-image-preview:large, max-video-preview:-1\" \/>\n<link rel=\"canonical\" href=\"https:\/\/www.gold.fr\/news\/2013\/08\/23\/lor-monte-hisse-par-la-fed-et-la-chine\/\" \/>\n<meta property=\"og:locale\" content=\"fr_FR\" \/>\n<meta property=\"og:type\" content=\"article\" \/>\n<meta property=\"og:title\" content=\"L\u2019or monte, hiss\u00e9 par la FED et la Chine - Gold.fr\" \/>\n<meta property=\"og:description\" content=\"Le m\u00e9tal jaune semble traverser une phase de solide hausse, une tendance que rien ne semble \u00e9mouvoir ou perturber. En \u00e9volution positive, rarement alt\u00e9r\u00e9e, depuis une semaine, l&rsquo;or est d\u00e9sormais parti pour briser de nouveaux paliers. [&hellip;]\" \/>\n<meta property=\"og:url\" content=\"https:\/\/www.gold.fr\/news\/2013\/08\/23\/lor-monte-hisse-par-la-fed-et-la-chine\/\" \/>\n<meta property=\"og:site_name\" content=\"Gold.fr\" \/>\n<meta property=\"article:publisher\" content=\"https:\/\/www.facebook.com\/Goldfr\/\" \/>\n<meta property=\"article:published_time\" content=\"2013-08-23T15:00:49+00:00\" \/>\n<meta property=\"article:modified_time\" content=\"2017-11-02T10:33:13+00:00\" \/>\n<meta property=\"og:image\" content=\"https:\/\/www.gold.fr\/news\/wp-content\/uploads\/2011\/10\/Nouvelle-vague-de-corrections-pour-l\u2019or-\u2013-Les-raisons-e1319461616153.jpg\" \/>\n\t<meta property=\"og:image:width\" content=\"600\" \/>\n\t<meta property=\"og:image:height\" content=\"475\" \/>\n\t<meta property=\"og:image:type\" content=\"image\/jpeg\" \/>\n<meta name=\"author\" content=\"Comptoir National de l&#039;Or\" \/>\n<meta name=\"twitter:card\" content=\"summary_large_image\" \/>\n<meta name=\"twitter:label1\" content=\"\u00c9crit par\" \/>\n\t<meta name=\"twitter:data1\" content=\"Comptoir National de l&#039;Or\" \/>\n\t<meta name=\"twitter:label2\" content=\"Dur\u00e9e de lecture estim\u00e9e\" \/>\n\t<meta name=\"twitter:data2\" content=\"1 minute\" \/>\n<script type=\"application\/ld+json\" class=\"yoast-schema-graph\">{\"@context\":\"https:\\\/\\\/schema.org\",\"@graph\":[{\"@type\":\"Article\",\"@id\":\"https:\\\/\\\/www.gold.fr\\\/news\\\/2013\\\/08\\\/23\\\/lor-monte-hisse-par-la-fed-et-la-chine\\\/#article\",\"isPartOf\":{\"@id\":\"https:\\\/\\\/www.gold.fr\\\/news\\\/2013\\\/08\\\/23\\\/lor-monte-hisse-par-la-fed-et-la-chine\\\/\"},\"author\":{\"name\":\"Comptoir National de l'Or\",\"@id\":\"https:\\\/\\\/www.gold.fr\\\/news\\\/#\\\/schema\\\/person\\\/070491b4b4fb7671bf59b3be20302ce9\"},\"headline\":\"L\u2019or monte, hiss\u00e9 par la FED et la Chine\",\"datePublished\":\"2013-08-23T15:00:49+00:00\",\"dateModified\":\"2017-11-02T10:33:13+00:00\",\"mainEntityOfPage\":{\"@id\":\"https:\\\/\\\/www.gold.fr\\\/news\\\/2013\\\/08\\\/23\\\/lor-monte-hisse-par-la-fed-et-la-chine\\\/\"},\"wordCount\":281,\"commentCount\":1,\"image\":{\"@id\":\"https:\\\/\\\/www.gold.fr\\\/news\\\/2013\\\/08\\\/23\\\/lor-monte-hisse-par-la-fed-et-la-chine\\\/#primaryimage\"},\"thumbnailUrl\":\"https:\\\/\\\/www.gold.fr\\\/news\\\/wp-content\\\/uploads\\\/2011\\\/10\\\/Nouvelle-vague-de-corrections-pour-l\u2019or-\u2013-Les-raisons-e1319461616153.jpg\",\"keywords\":[\"banque centrale am\u00e9ricaine\",\"fed\",\"hausse de l'or\",\"La Chine\",\"Tout Cours de l'Or\"],\"articleSection\":[\"Articles de presse\"],\"inLanguage\":\"fr-FR\"},{\"@type\":\"WebPage\",\"@id\":\"https:\\\/\\\/www.gold.fr\\\/news\\\/2013\\\/08\\\/23\\\/lor-monte-hisse-par-la-fed-et-la-chine\\\/\",\"url\":\"https:\\\/\\\/www.gold.fr\\\/news\\\/2013\\\/08\\\/23\\\/lor-monte-hisse-par-la-fed-et-la-chine\\\/\",\"name\":\"L\u2019or monte, hiss\u00e9 par la FED et la Chine - Gold.fr\",\"isPartOf\":{\"@id\":\"https:\\\/\\\/www.gold.fr\\\/news\\\/#website\"},\"primaryImageOfPage\":{\"@id\":\"https:\\\/\\\/www.gold.fr\\\/news\\\/2013\\\/08\\\/23\\\/lor-monte-hisse-par-la-fed-et-la-chine\\\/#primaryimage\"},\"image\":{\"@id\":\"https:\\\/\\\/www.gold.fr\\\/news\\\/2013\\\/08\\\/23\\\/lor-monte-hisse-par-la-fed-et-la-chine\\\/#primaryimage\"},\"thumbnailUrl\":\"https:\\\/\\\/www.gold.fr\\\/news\\\/wp-content\\\/uploads\\\/2011\\\/10\\\/Nouvelle-vague-de-corrections-pour-l\u2019or-\u2013-Les-raisons-e1319461616153.jpg\",\"datePublished\":\"2013-08-23T15:00:49+00:00\",\"dateModified\":\"2017-11-02T10:33:13+00:00\",\"author\":{\"@id\":\"https:\\\/\\\/www.gold.fr\\\/news\\\/#\\\/schema\\\/person\\\/070491b4b4fb7671bf59b3be20302ce9\"},\"breadcrumb\":{\"@id\":\"https:\\\/\\\/www.gold.fr\\\/news\\\/2013\\\/08\\\/23\\\/lor-monte-hisse-par-la-fed-et-la-chine\\\/#breadcrumb\"},\"inLanguage\":\"fr-FR\",\"potentialAction\":[{\"@type\":\"ReadAction\",\"target\":[\"https:\\\/\\\/www.gold.fr\\\/news\\\/2013\\\/08\\\/23\\\/lor-monte-hisse-par-la-fed-et-la-chine\\\/\"]}]},{\"@type\":\"ImageObject\",\"inLanguage\":\"fr-FR\",\"@id\":\"https:\\\/\\\/www.gold.fr\\\/news\\\/2013\\\/08\\\/23\\\/lor-monte-hisse-par-la-fed-et-la-chine\\\/#primaryimage\",\"url\":\"https:\\\/\\\/www.gold.fr\\\/news\\\/wp-content\\\/uploads\\\/2011\\\/10\\\/Nouvelle-vague-de-corrections-pour-l\u2019or-\u2013-Les-raisons-e1319461616153.jpg\",\"contentUrl\":\"https:\\\/\\\/www.gold.fr\\\/news\\\/wp-content\\\/uploads\\\/2011\\\/10\\\/Nouvelle-vague-de-corrections-pour-l\u2019or-\u2013-Les-raisons-e1319461616153.jpg\",\"width\":\"600\",\"height\":\"475\",\"caption\":\"KINTSUGI : De l\u2019or pour glorifier la beaut\u00e9 des fissures\"},{\"@type\":\"BreadcrumbList\",\"@id\":\"https:\\\/\\\/www.gold.fr\\\/news\\\/2013\\\/08\\\/23\\\/lor-monte-hisse-par-la-fed-et-la-chine\\\/#breadcrumb\",\"itemListElement\":[{\"@type\":\"ListItem\",\"position\":1,\"name\":\"Accueil\",\"item\":\"https:\\\/\\\/www.gold.fr\\\/\"},{\"@type\":\"ListItem\",\"position\":2,\"name\":\"Actualit\u00e9s\",\"item\":\"https:\\\/\\\/www.gold.fr\\\/news\\\/\"},{\"@type\":\"ListItem\",\"position\":3,\"name\":\"L\u2019or monte, hiss\u00e9 par la FED et la Chine\"}]},{\"@type\":\"WebSite\",\"@id\":\"https:\\\/\\\/www.gold.fr\\\/news\\\/#website\",\"url\":\"https:\\\/\\\/www.gold.fr\\\/news\\\/\",\"name\":\"Gold.fr\",\"description\":\"Actualit\u00e9s de l&#039;Or et des m\u00e9taux pr\u00e9cieux\",\"potentialAction\":[{\"@type\":\"SearchAction\",\"target\":{\"@type\":\"EntryPoint\",\"urlTemplate\":\"https:\\\/\\\/www.gold.fr\\\/news\\\/?s={search_term_string}\"},\"query-input\":{\"@type\":\"PropertyValueSpecification\",\"valueRequired\":true,\"valueName\":\"search_term_string\"}}],\"inLanguage\":\"fr-FR\"},{\"@type\":\"Person\",\"@id\":\"https:\\\/\\\/www.gold.fr\\\/news\\\/#\\\/schema\\\/person\\\/070491b4b4fb7671bf59b3be20302ce9\",\"name\":\"Comptoir National de l'Or\",\"image\":{\"@type\":\"ImageObject\",\"inLanguage\":\"fr-FR\",\"@id\":\"https:\\\/\\\/secure.gravatar.com\\\/avatar\\\/0a2867fd5abe37bed95d5a65e9d58f01756e11efc68af9888dfc50cfa7f65948?s=96&d=mm&r=gb490554db0a38188709de567aa58480d\",\"url\":\"https:\\\/\\\/secure.gravatar.com\\\/avatar\\\/0a2867fd5abe37bed95d5a65e9d58f01756e11efc68af9888dfc50cfa7f65948?s=96&d=mm&r=g\",\"contentUrl\":\"https:\\\/\\\/secure.gravatar.com\\\/avatar\\\/0a2867fd5abe37bed95d5a65e9d58f01756e11efc68af9888dfc50cfa7f65948?s=96&d=mm&r=g\",\"caption\":\"Comptoir National de l'Or\"},\"description\":\"Notre r\u00e9daction est constitu\u00e9e de membres experts dans les m\u00e9tiers de l'\u00e9conomie et la gestion, des Responsables d'agence Comptoir National de l'Or, des analystes financiers qui publient r\u00e9guli\u00e8rement des \u00e9tudes sur les politiques des banques centrales, le cours de l'or, prix de l'or, cours de l'argent, prix de l'argent, cours du platine, cours du palladium,... la situation en zone euro et l'impact de la strat\u00e9gie mon\u00e9taire de la FED. Notre \u00e9quipe scrute \u00e9galement une information plus g\u00e9n\u00e9raliste \u00e0 la recherche d'actualit\u00e9 \\\"p\u00e9pite\\\" \u00e0 vous partager. Depuis 5 ans, nous avons publi\u00e9 un peu plus de 4000 articles qui s'adressent \u00e0 un public large et vari\u00e9 ayant pour objectif de satisfaire votre curiosit\u00e9 et de partager avec vous une certaine fascination pour le m\u00e9tal jaune, le rachat d'or, et pour ceux qui veulent investir dans l'or, vendre leur or tout simplement en savoir plus... Pour tous vos achat or et argent, n'h\u00e9sitez pas \u00e0 prendre rendez-vous dans l'un de nos nombreux comptoirs.\",\"sameAs\":[\"https:\\\/\\\/www.gold.fr\"]}]}<\/script>\n<!-- \/ Yoast SEO plugin. -->","yoast_head_json":{"title":"L\u2019or monte, hiss\u00e9 par la FED et la Chine - Gold.fr","robots":{"index":"index","follow":"follow","max-snippet":"max-snippet:-1","max-image-preview":"max-image-preview:large","max-video-preview":"max-video-preview:-1"},"canonical":"https:\/\/www.gold.fr\/news\/2013\/08\/23\/lor-monte-hisse-par-la-fed-et-la-chine\/","og_locale":"fr_FR","og_type":"article","og_title":"L\u2019or monte, hiss\u00e9 par la FED et la Chine - Gold.fr","og_description":"Le m\u00e9tal jaune semble traverser une phase de solide hausse, une tendance que rien ne semble \u00e9mouvoir ou perturber. En \u00e9volution positive, rarement alt\u00e9r\u00e9e, depuis une semaine, l&rsquo;or est d\u00e9sormais parti pour briser de nouveaux paliers. [&hellip;]","og_url":"https:\/\/www.gold.fr\/news\/2013\/08\/23\/lor-monte-hisse-par-la-fed-et-la-chine\/","og_site_name":"Gold.fr","article_publisher":"https:\/\/www.facebook.com\/Goldfr\/","article_published_time":"2013-08-23T15:00:49+00:00","article_modified_time":"2017-11-02T10:33:13+00:00","og_image":[{"width":600,"height":475,"url":"https:\/\/www.gold.fr\/news\/wp-content\/uploads\/2011\/10\/Nouvelle-vague-de-corrections-pour-l\u2019or-\u2013-Les-raisons-e1319461616153.jpg","type":"image\/jpeg"}],"author":"Comptoir National de l'Or","twitter_card":"summary_large_image","twitter_misc":{"\u00c9crit par":"Comptoir National de l'Or","Dur\u00e9e de lecture estim\u00e9e":"1 minute"},"schema":{"@context":"https:\/\/schema.org","@graph":[{"@type":"Article","@id":"https:\/\/www.gold.fr\/news\/2013\/08\/23\/lor-monte-hisse-par-la-fed-et-la-chine\/#article","isPartOf":{"@id":"https:\/\/www.gold.fr\/news\/2013\/08\/23\/lor-monte-hisse-par-la-fed-et-la-chine\/"},"author":{"name":"Comptoir National de l'Or","@id":"https:\/\/www.gold.fr\/news\/#\/schema\/person\/070491b4b4fb7671bf59b3be20302ce9"},"headline":"L\u2019or monte, hiss\u00e9 par la FED et la Chine","datePublished":"2013-08-23T15:00:49+00:00","dateModified":"2017-11-02T10:33:13+00:00","mainEntityOfPage":{"@id":"https:\/\/www.gold.fr\/news\/2013\/08\/23\/lor-monte-hisse-par-la-fed-et-la-chine\/"},"wordCount":281,"commentCount":1,"image":{"@id":"https:\/\/www.gold.fr\/news\/2013\/08\/23\/lor-monte-hisse-par-la-fed-et-la-chine\/#primaryimage"},"thumbnailUrl":"https:\/\/www.gold.fr\/news\/wp-content\/uploads\/2011\/10\/Nouvelle-vague-de-corrections-pour-l\u2019or-\u2013-Les-raisons-e1319461616153.jpg","keywords":["banque centrale am\u00e9ricaine","fed","hausse de l'or","La Chine","Tout Cours de l'Or"],"articleSection":["Articles de presse"],"inLanguage":"fr-FR"},{"@type":"WebPage","@id":"https:\/\/www.gold.fr\/news\/2013\/08\/23\/lor-monte-hisse-par-la-fed-et-la-chine\/","url":"https:\/\/www.gold.fr\/news\/2013\/08\/23\/lor-monte-hisse-par-la-fed-et-la-chine\/","name":"L\u2019or monte, hiss\u00e9 par la FED et la Chine - Gold.fr","isPartOf":{"@id":"https:\/\/www.gold.fr\/news\/#website"},"primaryImageOfPage":{"@id":"https:\/\/www.gold.fr\/news\/2013\/08\/23\/lor-monte-hisse-par-la-fed-et-la-chine\/#primaryimage"},"image":{"@id":"https:\/\/www.gold.fr\/news\/2013\/08\/23\/lor-monte-hisse-par-la-fed-et-la-chine\/#primaryimage"},"thumbnailUrl":"https:\/\/www.gold.fr\/news\/wp-content\/uploads\/2011\/10\/Nouvelle-vague-de-corrections-pour-l\u2019or-\u2013-Les-raisons-e1319461616153.jpg","datePublished":"2013-08-23T15:00:49+00:00","dateModified":"2017-11-02T10:33:13+00:00","author":{"@id":"https:\/\/www.gold.fr\/news\/#\/schema\/person\/070491b4b4fb7671bf59b3be20302ce9"},"breadcrumb":{"@id":"https:\/\/www.gold.fr\/news\/2013\/08\/23\/lor-monte-hisse-par-la-fed-et-la-chine\/#breadcrumb"},"inLanguage":"fr-FR","potentialAction":[{"@type":"ReadAction","target":["https:\/\/www.gold.fr\/news\/2013\/08\/23\/lor-monte-hisse-par-la-fed-et-la-chine\/"]}]},{"@type":"ImageObject","inLanguage":"fr-FR","@id":"https:\/\/www.gold.fr\/news\/2013\/08\/23\/lor-monte-hisse-par-la-fed-et-la-chine\/#primaryimage","url":"https:\/\/www.gold.fr\/news\/wp-content\/uploads\/2011\/10\/Nouvelle-vague-de-corrections-pour-l\u2019or-\u2013-Les-raisons-e1319461616153.jpg","contentUrl":"https:\/\/www.gold.fr\/news\/wp-content\/uploads\/2011\/10\/Nouvelle-vague-de-corrections-pour-l\u2019or-\u2013-Les-raisons-e1319461616153.jpg","width":"600","height":"475","caption":"KINTSUGI : De l\u2019or pour glorifier la beaut\u00e9 des fissures"},{"@type":"BreadcrumbList","@id":"https:\/\/www.gold.fr\/news\/2013\/08\/23\/lor-monte-hisse-par-la-fed-et-la-chine\/#breadcrumb","itemListElement":[{"@type":"ListItem","position":1,"name":"Accueil","item":"https:\/\/www.gold.fr\/"},{"@type":"ListItem","position":2,"name":"Actualit\u00e9s","item":"https:\/\/www.gold.fr\/news\/"},{"@type":"ListItem","position":3,"name":"L\u2019or monte, hiss\u00e9 par la FED et la Chine"}]},{"@type":"WebSite","@id":"https:\/\/www.gold.fr\/news\/#website","url":"https:\/\/www.gold.fr\/news\/","name":"Gold.fr","description":"Actualit\u00e9s de l&#039;Or et des m\u00e9taux pr\u00e9cieux","potentialAction":[{"@type":"SearchAction","target":{"@type":"EntryPoint","urlTemplate":"https:\/\/www.gold.fr\/news\/?s={search_term_string}"},"query-input":{"@type":"PropertyValueSpecification","valueRequired":true,"valueName":"search_term_string"}}],"inLanguage":"fr-FR"},{"@type":"Person","@id":"https:\/\/www.gold.fr\/news\/#\/schema\/person\/070491b4b4fb7671bf59b3be20302ce9","name":"Comptoir National de l'Or","image":{"@type":"ImageObject","inLanguage":"fr-FR","@id":"https:\/\/secure.gravatar.com\/avatar\/0a2867fd5abe37bed95d5a65e9d58f01756e11efc68af9888dfc50cfa7f65948?s=96&d=mm&r=gb490554db0a38188709de567aa58480d","url":"https:\/\/secure.gravatar.com\/avatar\/0a2867fd5abe37bed95d5a65e9d58f01756e11efc68af9888dfc50cfa7f65948?s=96&d=mm&r=g","contentUrl":"https:\/\/secure.gravatar.com\/avatar\/0a2867fd5abe37bed95d5a65e9d58f01756e11efc68af9888dfc50cfa7f65948?s=96&d=mm&r=g","caption":"Comptoir National de l'Or"},"description":"Notre r\u00e9daction est constitu\u00e9e de membres experts dans les m\u00e9tiers de l'\u00e9conomie et la gestion, des Responsables d'agence Comptoir National de l'Or, des analystes financiers qui publient r\u00e9guli\u00e8rement des \u00e9tudes sur les politiques des banques centrales, le cours de l'or, prix de l'or, cours de l'argent, prix de l'argent, cours du platine, cours du palladium,... la situation en zone euro et l'impact de la strat\u00e9gie mon\u00e9taire de la FED. Notre \u00e9quipe scrute \u00e9galement une information plus g\u00e9n\u00e9raliste \u00e0 la recherche d'actualit\u00e9 \"p\u00e9pite\" \u00e0 vous partager. Depuis 5 ans, nous avons publi\u00e9 un peu plus de 4000 articles qui s'adressent \u00e0 un public large et vari\u00e9 ayant pour objectif de satisfaire votre curiosit\u00e9 et de partager avec vous une certaine fascination pour le m\u00e9tal jaune, le rachat d'or, et pour ceux qui veulent investir dans l'or, vendre leur or tout simplement en savoir plus... Pour tous vos achat or et argent, n'h\u00e9sitez pas \u00e0 prendre rendez-vous dans l'un de nos nombreux comptoirs.","sameAs":["https:\/\/www.gold.fr"]}]}},"authors":[{"term_id":2565,"user_id":18,"is_guest":0,"slug":"julie","display_name":"Comptoir National de l'Or","avatar_url":"https:\/\/secure.gravatar.com\/avatar\/713f289e398d35ead876c4a4cc08607f0d6d266058cfc25683fffb6092d0e572?s=96&d=mm&r=g","0":null,"1":"","2":"","3":"","4":"","5":"","6":"","7":"","8":""}],"_links":{"self":[{"href":"https:\/\/www.gold.fr\/news\/wp-json\/wp\/v2\/posts\/12654","targetHints":{"allow":["GET"]}}],"collection":[{"href":"https:\/\/www.gold.fr\/news\/wp-json\/wp\/v2\/posts"}],"about":[{"href":"https:\/\/www.gold.fr\/news\/wp-json\/wp\/v2\/types\/post"}],"author":[{"embeddable":true,"href":"https:\/\/www.gold.fr\/news\/wp-json\/wp\/v2\/users\/18"}],"replies":[{"embeddable":true,"href":"https:\/\/www.gold.fr\/news\/wp-json\/wp\/v2\/comments?post=12654"}],"version-history":[{"count":0,"href":"https:\/\/www.gold.fr\/news\/wp-json\/wp\/v2\/posts\/12654\/revisions"}],"wp:featuredmedia":[{"embeddable":true,"href":"https:\/\/www.gold.fr\/news\/wp-json\/wp\/v2\/media\/3004"}],"wp:attachment":[{"href":"https:\/\/www.gold.fr\/news\/wp-json\/wp\/v2\/media?parent=12654"}],"wp:term":[{"taxonomy":"category","embeddable":true,"href":"https:\/\/www.gold.fr\/news\/wp-json\/wp\/v2\/categories?post=12654"},{"taxonomy":"post_tag","embeddable":true,"href":"https:\/\/www.gold.fr\/news\/wp-json\/wp\/v2\/tags?post=12654"},{"taxonomy":"author","embeddable":true,"href":"https:\/\/www.gold.fr\/news\/wp-json\/wp\/v2\/ppma_author?post=12654"}],"curies":[{"name":"wp","href":"https:\/\/api.w.org\/{rel}","templated":true}]}}