{"id":12630,"date":"2013-08-26T12:07:28","date_gmt":"2013-08-26T10:07:28","guid":{"rendered":"https:\/\/www.gold.fr\/news\/?p=12630"},"modified":"2021-02-04T13:56:26","modified_gmt":"2021-02-04T12:56:26","slug":"ouverture-dun-comptoir-dachat-et-de-vente-dor-a-narbonne","status":"publish","type":"post","link":"https:\/\/www.gold.fr\/news\/2013\/08\/26\/ouverture-dun-comptoir-dachat-et-de-vente-dor-a-narbonne\/","title":{"rendered":"Ouverture d&rsquo;un Comptoir d&rsquo;Achat et de Vente d&rsquo;Or \u00e0 Narbonne"},"content":{"rendered":"<p style=\"text-align: justify;\"><img loading=\"lazy\" decoding=\"async\" class=\"alignleft size-full wp-image-7743\" title=\"Comptoir National de l'Or - Gold.fr - Achat et Vente d'Or\" src=\"https:\/\/www.gold.fr\/news\/wp-content\/uploads\/2012\/06\/logo_cndo.jpg\" alt=\"Logo Comptoir National de 'Or\" width=\"150\" height=\"84\" srcset=\"https:\/\/www.gold.fr\/news\/wp-content\/uploads\/2012\/06\/logo_cndo.jpg 150w, https:\/\/www.gold.fr\/news\/wp-content\/uploads\/2012\/06\/logo_cndo-1x1.jpg 1w\" sizes=\"auto, (max-width: 150px) 100vw, 150px\" \/>Un nouveau Comptoir d&rsquo;<a title=\"Achat d'or\" href=\"https:\/\/www.gold.fr\/achat-or\/\">Achat d&rsquo;or<\/a> et de <a title=\"Vente d'Or\" href=\"https:\/\/www.gold.fr\/vente-or\/\">Vente d&rsquo;Or<\/a> ouvrira ses portes \u00e0 <strong>Narbonne<\/strong> le <strong>9 septembre 2013<\/strong> !<\/p>\n<p style=\"text-align: justify;\">Vous pourrez acheter ou vendre votre or au <strong><a title=\"Comptoir d'Achat et de Vente d'Or Narbonne\" href=\"http:\/\/goo.gl\/maps\/WnNZD\" target=\"_blank\" rel=\"noopener noreferrer\">17 quai Victor Hugo &#8211; 11100 Narbonne<\/a><\/strong>. Vous pourrez \u00e9galement b\u00e9n\u00e9ficier d&rsquo;une expertise gratuite de vos bijoux en or et autres d\u00e9bris d&rsquo;or (or dentaire, d\u00e9bris d&rsquo;or, bijoux en or) ou acc\u00e9dez au march\u00e9 de l&rsquo;Or investissement sur les cours officiels de la bourse.<\/p>\n<p style=\"text-align: justify;\"><a title=\"Comptoir d'Achat et de Vente d'Or Narbonne\" href=\"https:\/\/www.gold.fr\/comptoirs-achat-vente-or\/narbonne\/\" target=\"_blank\" rel=\"noopener noreferrer\">Comptoir National de l&rsquo;Or de Narbonne<\/a> :<\/p>\n<p style=\"text-align: justify;\">Adresse : 17 quai Victor Hugo &#8211; 11100 Narbonne<\/p>\n<p style=\"text-align: justify;\">Responsable d&rsquo;<a class=\"esk-seo-plu-link\" href=\"https:\/\/www.gold.fr\/news\/tags\/comptoir-achat-dor\">agence<\/a> : Frederic Chable<\/p>\n<p style=\"text-align: justify;\"><a title=\"Contacter le Comptoir National de l'or \u00e0 Narbonne\" href=\"https:\/\/www.gold.fr\/contact-comptoir\/narbonne\/\" target=\"_blank\" rel=\"noopener noreferrer\">&gt;&gt;&gt; contacter ce comptoir<\/a><\/p>\n<!-- AddThis Advanced Settings generic via filter on the_content --><!-- AddThis Share Buttons generic via filter on the_content -->","protected":false},"excerpt":{"rendered":"<p>Vous pourrez acheter ou vendre votre or au 17 quai Victor Hugo &#8211; 11100 Narbonne. Vous pourrez \u00e9galement b\u00e9n\u00e9ficier d&rsquo;une expertise gratuite de vos bijoux en or et autres d\u00e9bris d&rsquo;or (or dentaire, d\u00e9bris d&rsquo;or, bijoux en or) ou acc\u00e9dez au march\u00e9 de l&rsquo;Or investissement sur les cours officiels de la bourse.<\/p>\n","protected":false},"author":43,"featured_media":7742,"comment_status":"closed","ping_status":"closed","sticky":false,"template":"","format":"standard","meta":{"_mbp_gutenberg_autopost":false,"_pgmb_is_evergreen":false,"_pgmb_ap_template_id":0,"footnotes":""},"categories":[5],"tags":[17,231,1487,1486,336,304,18,464,1484,1485],"ppma_author":[2562],"class_list":["post-12630","post","type-post","status-publish","format-standard","has-post-thumbnail","hentry","category-flash-infos","tag-achat-dor","tag-achat-or","tag-comptoir-national-de-lor-narbonne","tag-narbonne","tag-rachat-dor","tag-rachat-or","tag-vente-dor","tag-vente-or","tag-_narbonne_","tag-_narbonne_footer_"],"yoast_head":"<!-- This site is optimized with the Yoast SEO plugin v27.5 - https:\/\/yoast.com\/product\/yoast-seo-wordpress\/ -->\n<title>Ouverture d\u2019un Comptoir d\u2019Achat et de Vente d\u2019Or \u00e0 Narbonne<\/title>\n<meta name=\"description\" content=\"Ouverture d\u2019un Comptoir d\u2019Achat et de Vente d\u2019Or \u00e0 Narbonne Achat et vente de pi\u00e8ces et lingots Or Rachat de bijoux en or\" \/>\n<meta name=\"robots\" content=\"index, follow, max-snippet:-1, max-image-preview:large, max-video-preview:-1\" \/>\n<link rel=\"canonical\" href=\"https:\/\/www.gold.fr\/news\/2013\/08\/26\/ouverture-dun-comptoir-dachat-et-de-vente-dor-a-narbonne\/\" \/>\n<meta property=\"og:locale\" content=\"fr_FR\" \/>\n<meta property=\"og:type\" content=\"article\" \/>\n<meta property=\"og:title\" content=\"Ouverture d\u2019un Comptoir d\u2019Achat et de Vente d\u2019Or \u00e0 Narbonne\" \/>\n<meta property=\"og:description\" content=\"Ouverture d\u2019un Comptoir d\u2019Achat et de Vente d\u2019Or \u00e0 Narbonne Achat et vente de pi\u00e8ces et lingots Or Rachat de bijoux en or\" \/>\n<meta property=\"og:url\" content=\"https:\/\/www.gold.fr\/news\/2013\/08\/26\/ouverture-dun-comptoir-dachat-et-de-vente-dor-a-narbonne\/\" \/>\n<meta property=\"og:site_name\" content=\"Gold.fr\" \/>\n<meta property=\"article:publisher\" content=\"https:\/\/www.facebook.com\/Goldfr\/\" \/>\n<meta property=\"article:published_time\" content=\"2013-08-26T10:07:28+00:00\" \/>\n<meta property=\"article:modified_time\" content=\"2021-02-04T12:56:26+00:00\" \/>\n<meta property=\"og:image\" content=\"https:\/\/www.gold.fr\/news\/wp-content\/uploads\/2012\/06\/logo-cndo.jpg\" \/>\n\t<meta property=\"og:image:width\" content=\"620\" \/>\n\t<meta property=\"og:image:height\" content=\"349\" \/>\n\t<meta property=\"og:image:type\" content=\"image\/jpeg\" \/>\n<meta name=\"author\" content=\"Anthony\" \/>\n<meta name=\"twitter:card\" content=\"summary_large_image\" \/>\n<meta name=\"twitter:label1\" content=\"\u00c9crit par\" \/>\n\t<meta name=\"twitter:data1\" content=\"Samy\" \/>\n<script type=\"application\/ld+json\" class=\"yoast-schema-graph\">{\"@context\":\"https:\\\/\\\/schema.org\",\"@graph\":[{\"@type\":\"Article\",\"@id\":\"https:\\\/\\\/www.gold.fr\\\/news\\\/2013\\\/08\\\/26\\\/ouverture-dun-comptoir-dachat-et-de-vente-dor-a-narbonne\\\/#article\",\"isPartOf\":{\"@id\":\"https:\\\/\\\/www.gold.fr\\\/news\\\/2013\\\/08\\\/26\\\/ouverture-dun-comptoir-dachat-et-de-vente-dor-a-narbonne\\\/\"},\"author\":{\"name\":\"Samy\",\"@id\":\"https:\\\/\\\/www.gold.fr\\\/news\\\/#\\\/schema\\\/person\\\/6a977448ae6ba85f43a46d35fc66f82b\"},\"headline\":\"Ouverture d&rsquo;un Comptoir d&rsquo;Achat et de Vente d&rsquo;Or \u00e0 Narbonne\",\"datePublished\":\"2013-08-26T10:07:28+00:00\",\"dateModified\":\"2021-02-04T12:56:26+00:00\",\"mainEntityOfPage\":{\"@id\":\"https:\\\/\\\/www.gold.fr\\\/news\\\/2013\\\/08\\\/26\\\/ouverture-dun-comptoir-dachat-et-de-vente-dor-a-narbonne\\\/\"},\"wordCount\":113,\"image\":{\"@id\":\"https:\\\/\\\/www.gold.fr\\\/news\\\/2013\\\/08\\\/26\\\/ouverture-dun-comptoir-dachat-et-de-vente-dor-a-narbonne\\\/#primaryimage\"},\"thumbnailUrl\":\"https:\\\/\\\/www.gold.fr\\\/news\\\/wp-content\\\/uploads\\\/2012\\\/06\\\/logo-cndo.jpg\",\"keywords\":[\"Achat d'Or\",\"Achat or\",\"comptoir national de l'or narbonne\",\"narbonne\",\"Rachat d'Or\",\"rachat or\",\"Vente d'Or\",\"Vente or\",\"_Narbonne_\",\"_Narbonne_Footer_\"],\"articleSection\":[\"Flash infos\"],\"inLanguage\":\"fr-FR\"},{\"@type\":\"WebPage\",\"@id\":\"https:\\\/\\\/www.gold.fr\\\/news\\\/2013\\\/08\\\/26\\\/ouverture-dun-comptoir-dachat-et-de-vente-dor-a-narbonne\\\/\",\"url\":\"https:\\\/\\\/www.gold.fr\\\/news\\\/2013\\\/08\\\/26\\\/ouverture-dun-comptoir-dachat-et-de-vente-dor-a-narbonne\\\/\",\"name\":\"Ouverture d\u2019un Comptoir d\u2019Achat et de Vente d\u2019Or \u00e0 Narbonne\",\"isPartOf\":{\"@id\":\"https:\\\/\\\/www.gold.fr\\\/news\\\/#website\"},\"primaryImageOfPage\":{\"@id\":\"https:\\\/\\\/www.gold.fr\\\/news\\\/2013\\\/08\\\/26\\\/ouverture-dun-comptoir-dachat-et-de-vente-dor-a-narbonne\\\/#primaryimage\"},\"image\":{\"@id\":\"https:\\\/\\\/www.gold.fr\\\/news\\\/2013\\\/08\\\/26\\\/ouverture-dun-comptoir-dachat-et-de-vente-dor-a-narbonne\\\/#primaryimage\"},\"thumbnailUrl\":\"https:\\\/\\\/www.gold.fr\\\/news\\\/wp-content\\\/uploads\\\/2012\\\/06\\\/logo-cndo.jpg\",\"datePublished\":\"2013-08-26T10:07:28+00:00\",\"dateModified\":\"2021-02-04T12:56:26+00:00\",\"author\":{\"@id\":\"https:\\\/\\\/www.gold.fr\\\/news\\\/#\\\/schema\\\/person\\\/6a977448ae6ba85f43a46d35fc66f82b\"},\"description\":\"Ouverture d\u2019un Comptoir d\u2019Achat et de Vente d\u2019Or \u00e0 Narbonne Achat et vente de pi\u00e8ces et lingots Or Rachat de bijoux en or\",\"breadcrumb\":{\"@id\":\"https:\\\/\\\/www.gold.fr\\\/news\\\/2013\\\/08\\\/26\\\/ouverture-dun-comptoir-dachat-et-de-vente-dor-a-narbonne\\\/#breadcrumb\"},\"inLanguage\":\"fr-FR\",\"potentialAction\":[{\"@type\":\"ReadAction\",\"target\":[\"https:\\\/\\\/www.gold.fr\\\/news\\\/2013\\\/08\\\/26\\\/ouverture-dun-comptoir-dachat-et-de-vente-dor-a-narbonne\\\/\"]}]},{\"@type\":\"ImageObject\",\"inLanguage\":\"fr-FR\",\"@id\":\"https:\\\/\\\/www.gold.fr\\\/news\\\/2013\\\/08\\\/26\\\/ouverture-dun-comptoir-dachat-et-de-vente-dor-a-narbonne\\\/#primaryimage\",\"url\":\"https:\\\/\\\/www.gold.fr\\\/news\\\/wp-content\\\/uploads\\\/2012\\\/06\\\/logo-cndo.jpg\",\"contentUrl\":\"https:\\\/\\\/www.gold.fr\\\/news\\\/wp-content\\\/uploads\\\/2012\\\/06\\\/logo-cndo.jpg\",\"width\":\"620\",\"height\":\"349\",\"caption\":\"Logo Comptoir National de l'Or\"},{\"@type\":\"BreadcrumbList\",\"@id\":\"https:\\\/\\\/www.gold.fr\\\/news\\\/2013\\\/08\\\/26\\\/ouverture-dun-comptoir-dachat-et-de-vente-dor-a-narbonne\\\/#breadcrumb\",\"itemListElement\":[{\"@type\":\"ListItem\",\"position\":1,\"name\":\"Accueil\",\"item\":\"https:\\\/\\\/www.gold.fr\\\/\"},{\"@type\":\"ListItem\",\"position\":2,\"name\":\"Actualit\u00e9s\",\"item\":\"https:\\\/\\\/www.gold.fr\\\/news\\\/\"},{\"@type\":\"ListItem\",\"position\":3,\"name\":\"Ouverture d&rsquo;un Comptoir d&rsquo;Achat et de Vente d&rsquo;Or \u00e0 Narbonne\"}]},{\"@type\":\"WebSite\",\"@id\":\"https:\\\/\\\/www.gold.fr\\\/news\\\/#website\",\"url\":\"https:\\\/\\\/www.gold.fr\\\/news\\\/\",\"name\":\"Gold.fr\",\"description\":\"Actualit\u00e9s de l&#039;Or et des m\u00e9taux pr\u00e9cieux\",\"potentialAction\":[{\"@type\":\"SearchAction\",\"target\":{\"@type\":\"EntryPoint\",\"urlTemplate\":\"https:\\\/\\\/www.gold.fr\\\/news\\\/?s={search_term_string}\"},\"query-input\":{\"@type\":\"PropertyValueSpecification\",\"valueRequired\":true,\"valueName\":\"search_term_string\"}}],\"inLanguage\":\"fr-FR\"},{\"@type\":\"Person\",\"@id\":\"https:\\\/\\\/www.gold.fr\\\/news\\\/#\\\/schema\\\/person\\\/6a977448ae6ba85f43a46d35fc66f82b\",\"name\":\"Samy\",\"image\":{\"@type\":\"ImageObject\",\"inLanguage\":\"fr-FR\",\"@id\":\"https:\\\/\\\/secure.gravatar.com\\\/avatar\\\/ec3b1ee8da06b98b0d3b7da383393987ae73756a23e0f3ec4c1ea09e0e65804d?s=96&d=mm&r=g9bbe2ee6067d4fa1a1e531a356169f97\",\"url\":\"https:\\\/\\\/secure.gravatar.com\\\/avatar\\\/ec3b1ee8da06b98b0d3b7da383393987ae73756a23e0f3ec4c1ea09e0e65804d?s=96&d=mm&r=g\",\"contentUrl\":\"https:\\\/\\\/secure.gravatar.com\\\/avatar\\\/ec3b1ee8da06b98b0d3b7da383393987ae73756a23e0f3ec4c1ea09e0e65804d?s=96&d=mm&r=g\",\"caption\":\"Samy\"},\"description\":\"Notre r\u00e9daction est constitu\u00e9e de membres experts dans les m\u00e9tiers de l'\u00e9conomie et la gestion, des Responsables d'agence Comptoir National de l'Or, des analystes financiers qui publient r\u00e9guli\u00e8rement des \u00e9tudes sur les politiques des banques centrales, le cours de l'or, le cours de l'argent, cours du platine, cours du palladium... la situation en zone euro et l'impact de la strat\u00e9gie mon\u00e9taire de la FED. Notre \u00e9quipe scrute \u00e9galement une information plus g\u00e9n\u00e9raliste \u00e0 la recherche d'actualit\u00e9 \\\"p\u00e9pite\\\" \u00e0 vous partager. Depuis 5 ans, nous avons publi\u00e9 un peu plus de 4000 articles qui s'adressent \u00e0 un public large et vari\u00e9 ayant pour objectif de satisfaire votre curiosit\u00e9 et de partager avec vous une certaine fascination pour le m\u00e9tal jaune, pour ceux qui veulent investir dans l'or, vendre leur or tout simplement en savoir plus...\"}]}<\/script>\n<!-- \/ Yoast SEO plugin. -->","yoast_head_json":{"title":"Ouverture d\u2019un Comptoir d\u2019Achat et de Vente d\u2019Or \u00e0 Narbonne","description":"Ouverture d\u2019un Comptoir d\u2019Achat et de Vente d\u2019Or \u00e0 Narbonne Achat et vente de pi\u00e8ces et lingots Or Rachat de bijoux en or","robots":{"index":"index","follow":"follow","max-snippet":"max-snippet:-1","max-image-preview":"max-image-preview:large","max-video-preview":"max-video-preview:-1"},"canonical":"https:\/\/www.gold.fr\/news\/2013\/08\/26\/ouverture-dun-comptoir-dachat-et-de-vente-dor-a-narbonne\/","og_locale":"fr_FR","og_type":"article","og_title":"Ouverture d\u2019un Comptoir d\u2019Achat et de Vente d\u2019Or \u00e0 Narbonne","og_description":"Ouverture d\u2019un Comptoir d\u2019Achat et de Vente d\u2019Or \u00e0 Narbonne Achat et vente de pi\u00e8ces et lingots Or Rachat de bijoux en or","og_url":"https:\/\/www.gold.fr\/news\/2013\/08\/26\/ouverture-dun-comptoir-dachat-et-de-vente-dor-a-narbonne\/","og_site_name":"Gold.fr","article_publisher":"https:\/\/www.facebook.com\/Goldfr\/","article_published_time":"2013-08-26T10:07:28+00:00","article_modified_time":"2021-02-04T12:56:26+00:00","og_image":[{"width":620,"height":349,"url":"https:\/\/www.gold.fr\/news\/wp-content\/uploads\/2012\/06\/logo-cndo.jpg","type":"image\/jpeg"}],"author":"Anthony","twitter_card":"summary_large_image","twitter_misc":{"\u00c9crit par":"Samy"},"schema":{"@context":"https:\/\/schema.org","@graph":[{"@type":"Article","@id":"https:\/\/www.gold.fr\/news\/2013\/08\/26\/ouverture-dun-comptoir-dachat-et-de-vente-dor-a-narbonne\/#article","isPartOf":{"@id":"https:\/\/www.gold.fr\/news\/2013\/08\/26\/ouverture-dun-comptoir-dachat-et-de-vente-dor-a-narbonne\/"},"author":{"name":"Samy","@id":"https:\/\/www.gold.fr\/news\/#\/schema\/person\/6a977448ae6ba85f43a46d35fc66f82b"},"headline":"Ouverture d&rsquo;un Comptoir d&rsquo;Achat et de Vente d&rsquo;Or \u00e0 Narbonne","datePublished":"2013-08-26T10:07:28+00:00","dateModified":"2021-02-04T12:56:26+00:00","mainEntityOfPage":{"@id":"https:\/\/www.gold.fr\/news\/2013\/08\/26\/ouverture-dun-comptoir-dachat-et-de-vente-dor-a-narbonne\/"},"wordCount":113,"image":{"@id":"https:\/\/www.gold.fr\/news\/2013\/08\/26\/ouverture-dun-comptoir-dachat-et-de-vente-dor-a-narbonne\/#primaryimage"},"thumbnailUrl":"https:\/\/www.gold.fr\/news\/wp-content\/uploads\/2012\/06\/logo-cndo.jpg","keywords":["Achat d'Or","Achat or","comptoir national de l'or narbonne","narbonne","Rachat d'Or","rachat or","Vente d'Or","Vente or","_Narbonne_","_Narbonne_Footer_"],"articleSection":["Flash infos"],"inLanguage":"fr-FR"},{"@type":"WebPage","@id":"https:\/\/www.gold.fr\/news\/2013\/08\/26\/ouverture-dun-comptoir-dachat-et-de-vente-dor-a-narbonne\/","url":"https:\/\/www.gold.fr\/news\/2013\/08\/26\/ouverture-dun-comptoir-dachat-et-de-vente-dor-a-narbonne\/","name":"Ouverture d\u2019un Comptoir d\u2019Achat et de Vente d\u2019Or \u00e0 Narbonne","isPartOf":{"@id":"https:\/\/www.gold.fr\/news\/#website"},"primaryImageOfPage":{"@id":"https:\/\/www.gold.fr\/news\/2013\/08\/26\/ouverture-dun-comptoir-dachat-et-de-vente-dor-a-narbonne\/#primaryimage"},"image":{"@id":"https:\/\/www.gold.fr\/news\/2013\/08\/26\/ouverture-dun-comptoir-dachat-et-de-vente-dor-a-narbonne\/#primaryimage"},"thumbnailUrl":"https:\/\/www.gold.fr\/news\/wp-content\/uploads\/2012\/06\/logo-cndo.jpg","datePublished":"2013-08-26T10:07:28+00:00","dateModified":"2021-02-04T12:56:26+00:00","author":{"@id":"https:\/\/www.gold.fr\/news\/#\/schema\/person\/6a977448ae6ba85f43a46d35fc66f82b"},"description":"Ouverture d\u2019un Comptoir d\u2019Achat et de Vente d\u2019Or \u00e0 Narbonne Achat et vente de pi\u00e8ces et lingots Or Rachat de bijoux en or","breadcrumb":{"@id":"https:\/\/www.gold.fr\/news\/2013\/08\/26\/ouverture-dun-comptoir-dachat-et-de-vente-dor-a-narbonne\/#breadcrumb"},"inLanguage":"fr-FR","potentialAction":[{"@type":"ReadAction","target":["https:\/\/www.gold.fr\/news\/2013\/08\/26\/ouverture-dun-comptoir-dachat-et-de-vente-dor-a-narbonne\/"]}]},{"@type":"ImageObject","inLanguage":"fr-FR","@id":"https:\/\/www.gold.fr\/news\/2013\/08\/26\/ouverture-dun-comptoir-dachat-et-de-vente-dor-a-narbonne\/#primaryimage","url":"https:\/\/www.gold.fr\/news\/wp-content\/uploads\/2012\/06\/logo-cndo.jpg","contentUrl":"https:\/\/www.gold.fr\/news\/wp-content\/uploads\/2012\/06\/logo-cndo.jpg","width":"620","height":"349","caption":"Logo Comptoir National de l'Or"},{"@type":"BreadcrumbList","@id":"https:\/\/www.gold.fr\/news\/2013\/08\/26\/ouverture-dun-comptoir-dachat-et-de-vente-dor-a-narbonne\/#breadcrumb","itemListElement":[{"@type":"ListItem","position":1,"name":"Accueil","item":"https:\/\/www.gold.fr\/"},{"@type":"ListItem","position":2,"name":"Actualit\u00e9s","item":"https:\/\/www.gold.fr\/news\/"},{"@type":"ListItem","position":3,"name":"Ouverture d&rsquo;un Comptoir d&rsquo;Achat et de Vente d&rsquo;Or \u00e0 Narbonne"}]},{"@type":"WebSite","@id":"https:\/\/www.gold.fr\/news\/#website","url":"https:\/\/www.gold.fr\/news\/","name":"Gold.fr","description":"Actualit\u00e9s de l&#039;Or et des m\u00e9taux pr\u00e9cieux","potentialAction":[{"@type":"SearchAction","target":{"@type":"EntryPoint","urlTemplate":"https:\/\/www.gold.fr\/news\/?s={search_term_string}"},"query-input":{"@type":"PropertyValueSpecification","valueRequired":true,"valueName":"search_term_string"}}],"inLanguage":"fr-FR"},{"@type":"Person","@id":"https:\/\/www.gold.fr\/news\/#\/schema\/person\/6a977448ae6ba85f43a46d35fc66f82b","name":"Samy","image":{"@type":"ImageObject","inLanguage":"fr-FR","@id":"https:\/\/secure.gravatar.com\/avatar\/ec3b1ee8da06b98b0d3b7da383393987ae73756a23e0f3ec4c1ea09e0e65804d?s=96&d=mm&r=g9bbe2ee6067d4fa1a1e531a356169f97","url":"https:\/\/secure.gravatar.com\/avatar\/ec3b1ee8da06b98b0d3b7da383393987ae73756a23e0f3ec4c1ea09e0e65804d?s=96&d=mm&r=g","contentUrl":"https:\/\/secure.gravatar.com\/avatar\/ec3b1ee8da06b98b0d3b7da383393987ae73756a23e0f3ec4c1ea09e0e65804d?s=96&d=mm&r=g","caption":"Samy"},"description":"Notre r\u00e9daction est constitu\u00e9e de membres experts dans les m\u00e9tiers de l'\u00e9conomie et la gestion, des Responsables d'agence Comptoir National de l'Or, des analystes financiers qui publient r\u00e9guli\u00e8rement des \u00e9tudes sur les politiques des banques centrales, le cours de l'or, le cours de l'argent, cours du platine, cours du palladium... la situation en zone euro et l'impact de la strat\u00e9gie mon\u00e9taire de la FED. Notre \u00e9quipe scrute \u00e9galement une information plus g\u00e9n\u00e9raliste \u00e0 la recherche d'actualit\u00e9 \"p\u00e9pite\" \u00e0 vous partager. Depuis 5 ans, nous avons publi\u00e9 un peu plus de 4000 articles qui s'adressent \u00e0 un public large et vari\u00e9 ayant pour objectif de satisfaire votre curiosit\u00e9 et de partager avec vous une certaine fascination pour le m\u00e9tal jaune, pour ceux qui veulent investir dans l'or, vendre leur or tout simplement en savoir plus..."}]}},"authors":[{"term_id":2562,"user_id":11,"is_guest":0,"slug":null,"display_name":"Anthony","avatar_url":"https:\/\/secure.gravatar.com\/avatar\/19974f7c75da5f0b217374f3a37eb05031e41aaad4ceb3fe17ada2ab3daf6b95?s=96&d=mm&r=g","0":null,"1":"","2":"","3":"","4":"","5":"","6":"","7":"","8":""}],"_links":{"self":[{"href":"https:\/\/www.gold.fr\/news\/wp-json\/wp\/v2\/posts\/12630","targetHints":{"allow":["GET"]}}],"collection":[{"href":"https:\/\/www.gold.fr\/news\/wp-json\/wp\/v2\/posts"}],"about":[{"href":"https:\/\/www.gold.fr\/news\/wp-json\/wp\/v2\/types\/post"}],"author":[{"embeddable":true,"href":"https:\/\/www.gold.fr\/news\/wp-json\/wp\/v2\/users\/43"}],"replies":[{"embeddable":true,"href":"https:\/\/www.gold.fr\/news\/wp-json\/wp\/v2\/comments?post=12630"}],"version-history":[{"count":0,"href":"https:\/\/www.gold.fr\/news\/wp-json\/wp\/v2\/posts\/12630\/revisions"}],"wp:featuredmedia":[{"embeddable":true,"href":"https:\/\/www.gold.fr\/news\/wp-json\/wp\/v2\/media\/7742"}],"wp:attachment":[{"href":"https:\/\/www.gold.fr\/news\/wp-json\/wp\/v2\/media?parent=12630"}],"wp:term":[{"taxonomy":"category","embeddable":true,"href":"https:\/\/www.gold.fr\/news\/wp-json\/wp\/v2\/categories?post=12630"},{"taxonomy":"post_tag","embeddable":true,"href":"https:\/\/www.gold.fr\/news\/wp-json\/wp\/v2\/tags?post=12630"},{"taxonomy":"author","embeddable":true,"href":"https:\/\/www.gold.fr\/news\/wp-json\/wp\/v2\/ppma_author?post=12630"}],"curies":[{"name":"wp","href":"https:\/\/api.w.org\/{rel}","templated":true}]}}