{"id":12624,"date":"2013-08-21T17:00:22","date_gmt":"2013-08-21T15:00:22","guid":{"rendered":"https:\/\/www.gold.fr\/news\/?p=12624"},"modified":"2019-08-16T11:46:30","modified_gmt":"2019-08-16T09:46:30","slug":"or-et-fed-deux-dates-fatidiques-avant-la-fin-septembre","status":"publish","type":"post","link":"https:\/\/www.gold.fr\/news\/2013\/08\/21\/or-et-fed-deux-dates-fatidiques-avant-la-fin-septembre\/","title":{"rendered":"Or et FED : Deux dates fatidiques avant la fin septembre"},"content":{"rendered":"<p><span style=\"font-size: small;\"><img loading=\"lazy\" decoding=\"async\" class=\"alignleft size-thumbnail wp-image-2830\" title=\"Or et FED : Deux dates fatidiques avant la fin septembre \" src=\"https:\/\/www.gold.fr\/news\/wp-content\/uploads\/2011\/10\/gold-150x150.jpg\" alt=\"\" width=\"150\" height=\"150\" \/>Et l&rsquo;une de ces deux dates arrive aujourd&rsquo;hui m\u00eame \u00e0 \u00e9ch\u00e9ance. La banque centrale am\u00e9ricaine publiera cet apr\u00e8s-midi le compte-rendu de sa plus r\u00e9cente r\u00e9union, d\u00e9voilant \u2013selon les espoirs des observateurs- quelques indicateurs clairs sur ses orientations futures.<\/span> <span style=\"font-size: small;\"> Entre temps, <a title=\"L\u2019or stabilise au jour-J de la FED\" href=\"https:\/\/www.gold.fr\/news\/2013\/08\/21\/lor-stabilise-au-jour-j-de-la-fed\/12621\/\" target=\"_blank\" rel=\"noopener noreferrer\">le m\u00e9tal jaune ne semble pas s\u2019\u00e9mouvoir de l\u2019agitation<\/a> qui r\u00e8gne sur les march\u00e9s d&rsquo;investissement \u00e0 la perspective de cette annonce imminente. L&rsquo;<a class=\"esk-seo-plu-link\" href=\"https:\/\/www.gold.fr\/news\/tags\/or\">or<\/a> a franchi, depuis vendredi dernier, un cap qui le place d\u00e9sormais \u00e0 son sommet des deux derniers mois. Une belle performance que le march\u00e9 aurif\u00e8re doit essentiellement \u00e0 trois principaux facteurs ; la solidit\u00e9 de la demande physique, <a title=\"L\u2019or soutenu par un retour de demande ETF\" href=\"https:\/\/www.gold.fr\/news\/2013\/08\/21\/lor-soutenu-par-un-retour-de-demande-etf\/12619\/\" target=\"_blank\" rel=\"noopener noreferrer\">la stagnation persistante du billet vert<\/a> et le retour en force de la deuxi\u00e8me \u00e9conomie mondiale (la Chine) qui demeure \u00e9galement l&rsquo;un des pays les plus gourmands de <a class=\"esk-seo-plu-link\" href=\"https:\/\/www.gold.fr\/news\/tags\/or\">m\u00e9tal jaune<\/a>.<\/span> <span style=\"font-size: small;\"> Une deuxi\u00e8me date fatidique guettera les march\u00e9s, d\u00e8s le mois prochain. Rappelons en effet que les membres du comit\u00e9 directoire de la r\u00e9serve f\u00e9d\u00e9rale am\u00e9ricaine se r\u00e9uniront les <strong>17 et 18 septembre 2013<\/strong> afin de proc\u00e9der \u00e0 une \u00e9valuation minutieuse de la situation \u00e9conomique nationale, de son \u00e9volution, et des mesures \u00e0 adopter en cons\u00e9quence.<\/span> <span style=\"font-size: small;\"> D&rsquo;ici l\u00e0, les observateurs et intervenants des march\u00e9s d&rsquo;investissement pourront s&rsquo;appuyer sur d&rsquo;autres rapports chiffr\u00e9s pour effectuer leur propre \u00e9valuation et faire leurs propres pronostics et pr\u00e9visions. On guettera notamment les statistiques am\u00e9ricaines relatives aux nouvelles inscriptions au ch\u00f4mage, mais aussi au secteur immobilier.<\/span><\/p>\n<!-- AddThis Advanced Settings generic via filter on the_content --><!-- AddThis Share Buttons generic via filter on the_content -->","protected":false},"excerpt":{"rendered":"<p>Et l&rsquo;une de ces deux dates arrive aujourd&rsquo;hui m\u00eame \u00e0 \u00e9ch\u00e9ance. La banque centrale am\u00e9ricaine publiera cet apr\u00e8s-midi le compte-rendu de sa plus r\u00e9cente r\u00e9union, d\u00e9voilant \u2013selon les espoirs des observateurs- quelques indicateurs clairs sur ses [&hellip;]<\/p>\n","protected":false},"author":18,"featured_media":2830,"comment_status":"open","ping_status":"open","sticky":false,"template":"","format":"standard","meta":{"_mbp_gutenberg_autopost":false,"_pgmb_is_evergreen":false,"_pgmb_ap_template_id":0,"footnotes":""},"categories":[6],"tags":[144,932,1071,1275,1170],"ppma_author":[2565],"class_list":["post-12624","post","type-post","status-publish","format-standard","has-post-thumbnail","hentry","category-articles-de-presse","tag-fed","tag-metal-jaune","tag-or-et-dollar","tag-or-et-fed","tag-stagnation-or"],"yoast_head":"<!-- This site is optimized with the Yoast SEO plugin v27.5 - https:\/\/yoast.com\/product\/yoast-seo-wordpress\/ -->\n<title>Or et FED : Deux dates fatidiques avant la fin septembre - Gold.fr<\/title>\n<meta name=\"description\" content=\"Or et FED : deux dates fatidiques avant la fin Septembre. Suivez le cours de l&#039;or, de l&#039;argent et d&#039;autres m\u00e9taux pr\u00e9cieux en direct sur Gold.fr. Le site d&#039;actualit\u00e9 du Comptoir National de l&#039;Or.\" \/>\n<meta name=\"robots\" content=\"index, follow, max-snippet:-1, max-image-preview:large, max-video-preview:-1\" \/>\n<link rel=\"canonical\" href=\"https:\/\/www.gold.fr\/news\/2013\/08\/21\/or-et-fed-deux-dates-fatidiques-avant-la-fin-septembre\/\" \/>\n<meta property=\"og:locale\" content=\"fr_FR\" \/>\n<meta property=\"og:type\" content=\"article\" \/>\n<meta property=\"og:title\" content=\"Or et FED : Deux dates fatidiques avant la fin septembre - Gold.fr\" \/>\n<meta property=\"og:description\" content=\"Or et FED : deux dates fatidiques avant la fin Septembre. Suivez le cours de l&#039;or, de l&#039;argent et d&#039;autres m\u00e9taux pr\u00e9cieux en direct sur Gold.fr. Le site d&#039;actualit\u00e9 du Comptoir National de l&#039;Or.\" \/>\n<meta property=\"og:url\" content=\"https:\/\/www.gold.fr\/news\/2013\/08\/21\/or-et-fed-deux-dates-fatidiques-avant-la-fin-septembre\/\" \/>\n<meta property=\"og:site_name\" content=\"Gold.fr\" \/>\n<meta property=\"article:publisher\" content=\"https:\/\/www.facebook.com\/Goldfr\/\" \/>\n<meta property=\"article:published_time\" content=\"2013-08-21T15:00:22+00:00\" \/>\n<meta property=\"article:modified_time\" content=\"2019-08-16T09:46:30+00:00\" \/>\n<meta property=\"og:image\" content=\"https:\/\/www.gold.fr\/news\/wp-content\/uploads\/2011\/10\/gold.jpg\" \/>\n\t<meta property=\"og:image:width\" content=\"600\" \/>\n\t<meta property=\"og:image:height\" content=\"597\" \/>\n\t<meta property=\"og:image:type\" content=\"image\/jpeg\" \/>\n<meta name=\"author\" content=\"Comptoir National de l&#039;Or\" \/>\n<meta name=\"twitter:card\" content=\"summary_large_image\" \/>\n<meta name=\"twitter:label1\" content=\"\u00c9crit par\" \/>\n\t<meta name=\"twitter:data1\" content=\"Comptoir National de l&#039;Or\" \/>\n\t<meta name=\"twitter:label2\" content=\"Dur\u00e9e de lecture estim\u00e9e\" \/>\n\t<meta name=\"twitter:data2\" content=\"1 minute\" \/>\n<script type=\"application\/ld+json\" class=\"yoast-schema-graph\">{\"@context\":\"https:\\\/\\\/schema.org\",\"@graph\":[{\"@type\":\"Article\",\"@id\":\"https:\\\/\\\/www.gold.fr\\\/news\\\/2013\\\/08\\\/21\\\/or-et-fed-deux-dates-fatidiques-avant-la-fin-septembre\\\/#article\",\"isPartOf\":{\"@id\":\"https:\\\/\\\/www.gold.fr\\\/news\\\/2013\\\/08\\\/21\\\/or-et-fed-deux-dates-fatidiques-avant-la-fin-septembre\\\/\"},\"author\":{\"name\":\"Comptoir National de l'Or\",\"@id\":\"https:\\\/\\\/www.gold.fr\\\/news\\\/#\\\/schema\\\/person\\\/070491b4b4fb7671bf59b3be20302ce9\"},\"headline\":\"Or et FED : Deux dates fatidiques avant la fin septembre\",\"datePublished\":\"2013-08-21T15:00:22+00:00\",\"dateModified\":\"2019-08-16T09:46:30+00:00\",\"mainEntityOfPage\":{\"@id\":\"https:\\\/\\\/www.gold.fr\\\/news\\\/2013\\\/08\\\/21\\\/or-et-fed-deux-dates-fatidiques-avant-la-fin-septembre\\\/\"},\"wordCount\":270,\"commentCount\":0,\"image\":{\"@id\":\"https:\\\/\\\/www.gold.fr\\\/news\\\/2013\\\/08\\\/21\\\/or-et-fed-deux-dates-fatidiques-avant-la-fin-septembre\\\/#primaryimage\"},\"thumbnailUrl\":\"https:\\\/\\\/www.gold.fr\\\/news\\\/wp-content\\\/uploads\\\/2011\\\/10\\\/gold.jpg\",\"keywords\":[\"fed\",\"M\u00e9tal jaune\",\"or et dollar\",\"Or et fed\",\"stagnation or\"],\"articleSection\":[\"Articles de presse\"],\"inLanguage\":\"fr-FR\"},{\"@type\":\"WebPage\",\"@id\":\"https:\\\/\\\/www.gold.fr\\\/news\\\/2013\\\/08\\\/21\\\/or-et-fed-deux-dates-fatidiques-avant-la-fin-septembre\\\/\",\"url\":\"https:\\\/\\\/www.gold.fr\\\/news\\\/2013\\\/08\\\/21\\\/or-et-fed-deux-dates-fatidiques-avant-la-fin-septembre\\\/\",\"name\":\"Or et FED : Deux dates fatidiques avant la fin septembre - Gold.fr\",\"isPartOf\":{\"@id\":\"https:\\\/\\\/www.gold.fr\\\/news\\\/#website\"},\"primaryImageOfPage\":{\"@id\":\"https:\\\/\\\/www.gold.fr\\\/news\\\/2013\\\/08\\\/21\\\/or-et-fed-deux-dates-fatidiques-avant-la-fin-septembre\\\/#primaryimage\"},\"image\":{\"@id\":\"https:\\\/\\\/www.gold.fr\\\/news\\\/2013\\\/08\\\/21\\\/or-et-fed-deux-dates-fatidiques-avant-la-fin-septembre\\\/#primaryimage\"},\"thumbnailUrl\":\"https:\\\/\\\/www.gold.fr\\\/news\\\/wp-content\\\/uploads\\\/2011\\\/10\\\/gold.jpg\",\"datePublished\":\"2013-08-21T15:00:22+00:00\",\"dateModified\":\"2019-08-16T09:46:30+00:00\",\"author\":{\"@id\":\"https:\\\/\\\/www.gold.fr\\\/news\\\/#\\\/schema\\\/person\\\/070491b4b4fb7671bf59b3be20302ce9\"},\"description\":\"Or et FED : deux dates fatidiques avant la fin Septembre. Suivez le cours de l'or, de l'argent et d'autres m\u00e9taux pr\u00e9cieux en direct sur Gold.fr. Le site d'actualit\u00e9 du Comptoir National de l'Or.\",\"breadcrumb\":{\"@id\":\"https:\\\/\\\/www.gold.fr\\\/news\\\/2013\\\/08\\\/21\\\/or-et-fed-deux-dates-fatidiques-avant-la-fin-septembre\\\/#breadcrumb\"},\"inLanguage\":\"fr-FR\",\"potentialAction\":[{\"@type\":\"ReadAction\",\"target\":[\"https:\\\/\\\/www.gold.fr\\\/news\\\/2013\\\/08\\\/21\\\/or-et-fed-deux-dates-fatidiques-avant-la-fin-septembre\\\/\"]}]},{\"@type\":\"ImageObject\",\"inLanguage\":\"fr-FR\",\"@id\":\"https:\\\/\\\/www.gold.fr\\\/news\\\/2013\\\/08\\\/21\\\/or-et-fed-deux-dates-fatidiques-avant-la-fin-septembre\\\/#primaryimage\",\"url\":\"https:\\\/\\\/www.gold.fr\\\/news\\\/wp-content\\\/uploads\\\/2011\\\/10\\\/gold.jpg\",\"contentUrl\":\"https:\\\/\\\/www.gold.fr\\\/news\\\/wp-content\\\/uploads\\\/2011\\\/10\\\/gold.jpg\",\"width\":\"600\",\"height\":\"597\",\"caption\":\"Un d\u00e9but de semaine prometteur pour l\u2019once\"},{\"@type\":\"BreadcrumbList\",\"@id\":\"https:\\\/\\\/www.gold.fr\\\/news\\\/2013\\\/08\\\/21\\\/or-et-fed-deux-dates-fatidiques-avant-la-fin-septembre\\\/#breadcrumb\",\"itemListElement\":[{\"@type\":\"ListItem\",\"position\":1,\"name\":\"Accueil\",\"item\":\"https:\\\/\\\/www.gold.fr\\\/\"},{\"@type\":\"ListItem\",\"position\":2,\"name\":\"Actualit\u00e9s\",\"item\":\"https:\\\/\\\/www.gold.fr\\\/news\\\/\"},{\"@type\":\"ListItem\",\"position\":3,\"name\":\"Or et FED : Deux dates fatidiques avant la fin septembre\"}]},{\"@type\":\"WebSite\",\"@id\":\"https:\\\/\\\/www.gold.fr\\\/news\\\/#website\",\"url\":\"https:\\\/\\\/www.gold.fr\\\/news\\\/\",\"name\":\"Gold.fr\",\"description\":\"Actualit\u00e9s de l&#039;Or et des m\u00e9taux pr\u00e9cieux\",\"potentialAction\":[{\"@type\":\"SearchAction\",\"target\":{\"@type\":\"EntryPoint\",\"urlTemplate\":\"https:\\\/\\\/www.gold.fr\\\/news\\\/?s={search_term_string}\"},\"query-input\":{\"@type\":\"PropertyValueSpecification\",\"valueRequired\":true,\"valueName\":\"search_term_string\"}}],\"inLanguage\":\"fr-FR\"},{\"@type\":\"Person\",\"@id\":\"https:\\\/\\\/www.gold.fr\\\/news\\\/#\\\/schema\\\/person\\\/070491b4b4fb7671bf59b3be20302ce9\",\"name\":\"Comptoir National de l'Or\",\"image\":{\"@type\":\"ImageObject\",\"inLanguage\":\"fr-FR\",\"@id\":\"https:\\\/\\\/secure.gravatar.com\\\/avatar\\\/0a2867fd5abe37bed95d5a65e9d58f01756e11efc68af9888dfc50cfa7f65948?s=96&d=mm&r=gb490554db0a38188709de567aa58480d\",\"url\":\"https:\\\/\\\/secure.gravatar.com\\\/avatar\\\/0a2867fd5abe37bed95d5a65e9d58f01756e11efc68af9888dfc50cfa7f65948?s=96&d=mm&r=g\",\"contentUrl\":\"https:\\\/\\\/secure.gravatar.com\\\/avatar\\\/0a2867fd5abe37bed95d5a65e9d58f01756e11efc68af9888dfc50cfa7f65948?s=96&d=mm&r=g\",\"caption\":\"Comptoir National de l'Or\"},\"description\":\"Notre r\u00e9daction est constitu\u00e9e de membres experts dans les m\u00e9tiers de l'\u00e9conomie et la gestion, des Responsables d'agence Comptoir National de l'Or, des analystes financiers qui publient r\u00e9guli\u00e8rement des \u00e9tudes sur les politiques des banques centrales, le cours de l'or, prix de l'or, cours de l'argent, prix de l'argent, cours du platine, cours du palladium,... la situation en zone euro et l'impact de la strat\u00e9gie mon\u00e9taire de la FED. Notre \u00e9quipe scrute \u00e9galement une information plus g\u00e9n\u00e9raliste \u00e0 la recherche d'actualit\u00e9 \\\"p\u00e9pite\\\" \u00e0 vous partager. Depuis 5 ans, nous avons publi\u00e9 un peu plus de 4000 articles qui s'adressent \u00e0 un public large et vari\u00e9 ayant pour objectif de satisfaire votre curiosit\u00e9 et de partager avec vous une certaine fascination pour le m\u00e9tal jaune, le rachat d'or, et pour ceux qui veulent investir dans l'or, vendre leur or tout simplement en savoir plus... Pour tous vos achat or et argent, n'h\u00e9sitez pas \u00e0 prendre rendez-vous dans l'un de nos nombreux comptoirs.\",\"sameAs\":[\"https:\\\/\\\/www.gold.fr\"]}]}<\/script>\n<!-- \/ Yoast SEO plugin. -->","yoast_head_json":{"title":"Or et FED : Deux dates fatidiques avant la fin septembre - Gold.fr","description":"Or et FED : deux dates fatidiques avant la fin Septembre. Suivez le cours de l'or, de l'argent et d'autres m\u00e9taux pr\u00e9cieux en direct sur Gold.fr. Le site d'actualit\u00e9 du Comptoir National de l'Or.","robots":{"index":"index","follow":"follow","max-snippet":"max-snippet:-1","max-image-preview":"max-image-preview:large","max-video-preview":"max-video-preview:-1"},"canonical":"https:\/\/www.gold.fr\/news\/2013\/08\/21\/or-et-fed-deux-dates-fatidiques-avant-la-fin-septembre\/","og_locale":"fr_FR","og_type":"article","og_title":"Or et FED : Deux dates fatidiques avant la fin septembre - Gold.fr","og_description":"Or et FED : deux dates fatidiques avant la fin Septembre. Suivez le cours de l'or, de l'argent et d'autres m\u00e9taux pr\u00e9cieux en direct sur Gold.fr. Le site d'actualit\u00e9 du Comptoir National de l'Or.","og_url":"https:\/\/www.gold.fr\/news\/2013\/08\/21\/or-et-fed-deux-dates-fatidiques-avant-la-fin-septembre\/","og_site_name":"Gold.fr","article_publisher":"https:\/\/www.facebook.com\/Goldfr\/","article_published_time":"2013-08-21T15:00:22+00:00","article_modified_time":"2019-08-16T09:46:30+00:00","og_image":[{"width":600,"height":597,"url":"https:\/\/www.gold.fr\/news\/wp-content\/uploads\/2011\/10\/gold.jpg","type":"image\/jpeg"}],"author":"Comptoir National de l'Or","twitter_card":"summary_large_image","twitter_misc":{"\u00c9crit par":"Comptoir National de l'Or","Dur\u00e9e de lecture estim\u00e9e":"1 minute"},"schema":{"@context":"https:\/\/schema.org","@graph":[{"@type":"Article","@id":"https:\/\/www.gold.fr\/news\/2013\/08\/21\/or-et-fed-deux-dates-fatidiques-avant-la-fin-septembre\/#article","isPartOf":{"@id":"https:\/\/www.gold.fr\/news\/2013\/08\/21\/or-et-fed-deux-dates-fatidiques-avant-la-fin-septembre\/"},"author":{"name":"Comptoir National de l'Or","@id":"https:\/\/www.gold.fr\/news\/#\/schema\/person\/070491b4b4fb7671bf59b3be20302ce9"},"headline":"Or et FED : Deux dates fatidiques avant la fin septembre","datePublished":"2013-08-21T15:00:22+00:00","dateModified":"2019-08-16T09:46:30+00:00","mainEntityOfPage":{"@id":"https:\/\/www.gold.fr\/news\/2013\/08\/21\/or-et-fed-deux-dates-fatidiques-avant-la-fin-septembre\/"},"wordCount":270,"commentCount":0,"image":{"@id":"https:\/\/www.gold.fr\/news\/2013\/08\/21\/or-et-fed-deux-dates-fatidiques-avant-la-fin-septembre\/#primaryimage"},"thumbnailUrl":"https:\/\/www.gold.fr\/news\/wp-content\/uploads\/2011\/10\/gold.jpg","keywords":["fed","M\u00e9tal jaune","or et dollar","Or et fed","stagnation or"],"articleSection":["Articles de presse"],"inLanguage":"fr-FR"},{"@type":"WebPage","@id":"https:\/\/www.gold.fr\/news\/2013\/08\/21\/or-et-fed-deux-dates-fatidiques-avant-la-fin-septembre\/","url":"https:\/\/www.gold.fr\/news\/2013\/08\/21\/or-et-fed-deux-dates-fatidiques-avant-la-fin-septembre\/","name":"Or et FED : Deux dates fatidiques avant la fin septembre - Gold.fr","isPartOf":{"@id":"https:\/\/www.gold.fr\/news\/#website"},"primaryImageOfPage":{"@id":"https:\/\/www.gold.fr\/news\/2013\/08\/21\/or-et-fed-deux-dates-fatidiques-avant-la-fin-septembre\/#primaryimage"},"image":{"@id":"https:\/\/www.gold.fr\/news\/2013\/08\/21\/or-et-fed-deux-dates-fatidiques-avant-la-fin-septembre\/#primaryimage"},"thumbnailUrl":"https:\/\/www.gold.fr\/news\/wp-content\/uploads\/2011\/10\/gold.jpg","datePublished":"2013-08-21T15:00:22+00:00","dateModified":"2019-08-16T09:46:30+00:00","author":{"@id":"https:\/\/www.gold.fr\/news\/#\/schema\/person\/070491b4b4fb7671bf59b3be20302ce9"},"description":"Or et FED : deux dates fatidiques avant la fin Septembre. Suivez le cours de l'or, de l'argent et d'autres m\u00e9taux pr\u00e9cieux en direct sur Gold.fr. Le site d'actualit\u00e9 du Comptoir National de l'Or.","breadcrumb":{"@id":"https:\/\/www.gold.fr\/news\/2013\/08\/21\/or-et-fed-deux-dates-fatidiques-avant-la-fin-septembre\/#breadcrumb"},"inLanguage":"fr-FR","potentialAction":[{"@type":"ReadAction","target":["https:\/\/www.gold.fr\/news\/2013\/08\/21\/or-et-fed-deux-dates-fatidiques-avant-la-fin-septembre\/"]}]},{"@type":"ImageObject","inLanguage":"fr-FR","@id":"https:\/\/www.gold.fr\/news\/2013\/08\/21\/or-et-fed-deux-dates-fatidiques-avant-la-fin-septembre\/#primaryimage","url":"https:\/\/www.gold.fr\/news\/wp-content\/uploads\/2011\/10\/gold.jpg","contentUrl":"https:\/\/www.gold.fr\/news\/wp-content\/uploads\/2011\/10\/gold.jpg","width":"600","height":"597","caption":"Un d\u00e9but de semaine prometteur pour l\u2019once"},{"@type":"BreadcrumbList","@id":"https:\/\/www.gold.fr\/news\/2013\/08\/21\/or-et-fed-deux-dates-fatidiques-avant-la-fin-septembre\/#breadcrumb","itemListElement":[{"@type":"ListItem","position":1,"name":"Accueil","item":"https:\/\/www.gold.fr\/"},{"@type":"ListItem","position":2,"name":"Actualit\u00e9s","item":"https:\/\/www.gold.fr\/news\/"},{"@type":"ListItem","position":3,"name":"Or et FED : Deux dates fatidiques avant la fin septembre"}]},{"@type":"WebSite","@id":"https:\/\/www.gold.fr\/news\/#website","url":"https:\/\/www.gold.fr\/news\/","name":"Gold.fr","description":"Actualit\u00e9s de l&#039;Or et des m\u00e9taux pr\u00e9cieux","potentialAction":[{"@type":"SearchAction","target":{"@type":"EntryPoint","urlTemplate":"https:\/\/www.gold.fr\/news\/?s={search_term_string}"},"query-input":{"@type":"PropertyValueSpecification","valueRequired":true,"valueName":"search_term_string"}}],"inLanguage":"fr-FR"},{"@type":"Person","@id":"https:\/\/www.gold.fr\/news\/#\/schema\/person\/070491b4b4fb7671bf59b3be20302ce9","name":"Comptoir National de l'Or","image":{"@type":"ImageObject","inLanguage":"fr-FR","@id":"https:\/\/secure.gravatar.com\/avatar\/0a2867fd5abe37bed95d5a65e9d58f01756e11efc68af9888dfc50cfa7f65948?s=96&d=mm&r=gb490554db0a38188709de567aa58480d","url":"https:\/\/secure.gravatar.com\/avatar\/0a2867fd5abe37bed95d5a65e9d58f01756e11efc68af9888dfc50cfa7f65948?s=96&d=mm&r=g","contentUrl":"https:\/\/secure.gravatar.com\/avatar\/0a2867fd5abe37bed95d5a65e9d58f01756e11efc68af9888dfc50cfa7f65948?s=96&d=mm&r=g","caption":"Comptoir National de l'Or"},"description":"Notre r\u00e9daction est constitu\u00e9e de membres experts dans les m\u00e9tiers de l'\u00e9conomie et la gestion, des Responsables d'agence Comptoir National de l'Or, des analystes financiers qui publient r\u00e9guli\u00e8rement des \u00e9tudes sur les politiques des banques centrales, le cours de l'or, prix de l'or, cours de l'argent, prix de l'argent, cours du platine, cours du palladium,... la situation en zone euro et l'impact de la strat\u00e9gie mon\u00e9taire de la FED. Notre \u00e9quipe scrute \u00e9galement une information plus g\u00e9n\u00e9raliste \u00e0 la recherche d'actualit\u00e9 \"p\u00e9pite\" \u00e0 vous partager. Depuis 5 ans, nous avons publi\u00e9 un peu plus de 4000 articles qui s'adressent \u00e0 un public large et vari\u00e9 ayant pour objectif de satisfaire votre curiosit\u00e9 et de partager avec vous une certaine fascination pour le m\u00e9tal jaune, le rachat d'or, et pour ceux qui veulent investir dans l'or, vendre leur or tout simplement en savoir plus... Pour tous vos achat or et argent, n'h\u00e9sitez pas \u00e0 prendre rendez-vous dans l'un de nos nombreux comptoirs.","sameAs":["https:\/\/www.gold.fr"]}]}},"authors":[{"term_id":2565,"user_id":18,"is_guest":0,"slug":"julie","display_name":"Comptoir National de l'Or","avatar_url":"https:\/\/secure.gravatar.com\/avatar\/713f289e398d35ead876c4a4cc08607f0d6d266058cfc25683fffb6092d0e572?s=96&d=mm&r=g","0":null,"1":"","2":"","3":"","4":"","5":"","6":"","7":"","8":""}],"_links":{"self":[{"href":"https:\/\/www.gold.fr\/news\/wp-json\/wp\/v2\/posts\/12624","targetHints":{"allow":["GET"]}}],"collection":[{"href":"https:\/\/www.gold.fr\/news\/wp-json\/wp\/v2\/posts"}],"about":[{"href":"https:\/\/www.gold.fr\/news\/wp-json\/wp\/v2\/types\/post"}],"author":[{"embeddable":true,"href":"https:\/\/www.gold.fr\/news\/wp-json\/wp\/v2\/users\/18"}],"replies":[{"embeddable":true,"href":"https:\/\/www.gold.fr\/news\/wp-json\/wp\/v2\/comments?post=12624"}],"version-history":[{"count":0,"href":"https:\/\/www.gold.fr\/news\/wp-json\/wp\/v2\/posts\/12624\/revisions"}],"wp:featuredmedia":[{"embeddable":true,"href":"https:\/\/www.gold.fr\/news\/wp-json\/wp\/v2\/media\/2830"}],"wp:attachment":[{"href":"https:\/\/www.gold.fr\/news\/wp-json\/wp\/v2\/media?parent=12624"}],"wp:term":[{"taxonomy":"category","embeddable":true,"href":"https:\/\/www.gold.fr\/news\/wp-json\/wp\/v2\/categories?post=12624"},{"taxonomy":"post_tag","embeddable":true,"href":"https:\/\/www.gold.fr\/news\/wp-json\/wp\/v2\/tags?post=12624"},{"taxonomy":"author","embeddable":true,"href":"https:\/\/www.gold.fr\/news\/wp-json\/wp\/v2\/ppma_author?post=12624"}],"curies":[{"name":"wp","href":"https:\/\/api.w.org\/{rel}","templated":true}]}}