{"id":12561,"date":"2013-08-13T09:00:04","date_gmt":"2013-08-13T07:00:04","guid":{"rendered":"https:\/\/www.gold.fr\/news\/?p=12561"},"modified":"2017-11-02T11:33:17","modified_gmt":"2017-11-02T10:33:17","slug":"lor-remonte-doucement-soutenu-par-un-dollar-affaibli","status":"publish","type":"post","link":"https:\/\/www.gold.fr\/news\/2013\/08\/13\/lor-remonte-doucement-soutenu-par-un-dollar-affaibli\/","title":{"rendered":"L&rsquo;or remonte doucement, soutenu par un dollar affaibli"},"content":{"rendered":"<p><span style=\"font-size: small;\"><img loading=\"lazy\" decoding=\"async\" class=\"alignleft size-thumbnail wp-image-2404\" title=\"L'or remonte doucement, soutenu par un dollar affaibli\" src=\"https:\/\/www.gold.fr\/news\/wp-content\/uploads\/2011\/09\/harga-emas1-150x150.jpg\" alt=\"\" width=\"150\" height=\"150\" \/>Le <a href='https:\/\/www.gold.fr\/news\/tags\/or' class='esk-seo-plu-link'>m\u00e9tal jaune<\/a> avait termin\u00e9 la semaine en forme et en hausse, <a title=\"Le dollar plomb\u00e9 par les chiffres du ch\u00f4mage US\" href=\"https:\/\/www.gold.fr\/news\/2013\/08\/12\/le-dollar-plombe-par-les-chiffres-du-chomage-us\/12558\/\" target=\"_blank\">encourag\u00e9 essentiellement par un billet vert clairement essouffl\u00e9<\/a>. L&rsquo;<a href='https:\/\/www.gold.fr\/news\/tags\/or' class='esk-seo-plu-link'>or<\/a> r\u00e9cup\u00e8re ainsi un attrait solide pour les d\u00e9tenteurs d&rsquo;autres devises qui profitent de ces intervalles o\u00f9 leurs acquisitions de relique barbare deviennent moins co\u00fbteuses.<\/span>    <span style=\"font-size: small;\"> L&rsquo;indice dollar, qui refl\u00e8te traditionnellement les performances de l&rsquo;\u00e9talon am\u00e9ricain par rapport \u00e0 un panier form\u00e9 par 6 de ses principaux rivaux, a ainsi fr\u00e9mi, en fin de semaine derni\u00e8re, pour se fixer \u00e0 <strong>81,17<\/strong>, soit sa pire performance depuis le <strong>19 juin dernier<\/strong>.<\/span>    <span style=\"font-size: small;\"> A quelques jours du d\u00e9compte hebdomadaire des inscriptions US au ch\u00f4mage, les investisseurs ont ainsi profit\u00e9 de cette situation pour s&rsquo;assurer une couverture en <a href='https:\/\/www.gold.fr\/news\/tags\/or' class='esk-seo-plu-link'>or<\/a>. Les regards se tourneront, cette semaine, vers les diff\u00e9rents rapports officiels relatifs \u00e0 la performance des secteurs \u00e9conomiques am\u00e9ricains, \u00e0 la recherche d&rsquo;indicateurs r\u00e9v\u00e9lateurs de l&rsquo;orientation future de la r\u00e9serve f\u00e9d\u00e9rale.<\/span>    <span style=\"font-size: small;\"> Mercredi dernier, <strong>Sandra Pianalto<\/strong>, pr\u00e9sidente de la r\u00e9serve f\u00e9d\u00e9rale de Cleveland, affirmait que \u00ab <em>le march\u00e9 du travail avait connu une embellie significative<\/em> \u00bb, justifiant, selon elle, une r\u00e9duction imminente des aides mon\u00e9taires de la <strong>FED<\/strong>, si la tendance de cette relance se poursuivait. Et bien que ces d\u00e9clarations soient similaires \u00e0 ceux tenues par ses homologues <strong>Charles Evans<\/strong> (<strong>Chicago<\/strong>) et <strong>Richard Fisher<\/strong> (<strong>Dallas<\/strong>), il semblerait toutefois que ces espoirs ne soient d\u00e9j\u00e0 plus \u00e0 l&rsquo;ordre du jour.<\/span><\/p>\n<!-- AddThis Advanced Settings generic via filter on the_content --><!-- AddThis Share Buttons generic via filter on the_content -->","protected":false},"excerpt":{"rendered":"<p>Le m\u00e9tal jaune avait termin\u00e9 la semaine en forme et en hausse, encourag\u00e9 essentiellement par un billet vert clairement essouffl\u00e9. L&rsquo;or r\u00e9cup\u00e8re ainsi un attrait solide pour les d\u00e9tenteurs d&rsquo;autres devises qui profitent de ces intervalles [&hellip;]<\/p>\n","protected":false},"author":18,"featured_media":2404,"comment_status":"open","ping_status":"open","sticky":false,"template":"","format":"standard","meta":{"_mbp_gutenberg_autopost":false,"_pgmb_is_evergreen":false,"_pgmb_ap_template_id":0,"footnotes":""},"categories":[6],"tags":[1472,1212,1200,144,1045,1071],"ppma_author":[2565],"class_list":["post-12561","post","type-post","status-publish","format-standard","has-post-thumbnail","hentry","category-articles-de-presse","tag-baisse-dollar","tag-chiffres-us","tag-chomage-us","tag-fed","tag-hausse-or","tag-or-et-dollar"],"yoast_head":"<!-- This site is optimized with the Yoast SEO plugin v27.5 - https:\/\/yoast.com\/product\/yoast-seo-wordpress\/ -->\n<title>L&#039;or remonte doucement, soutenu par un dollar affaibli - Gold.fr<\/title>\n<meta name=\"robots\" content=\"index, follow, max-snippet:-1, max-image-preview:large, max-video-preview:-1\" \/>\n<link rel=\"canonical\" href=\"https:\/\/www.gold.fr\/news\/2013\/08\/13\/lor-remonte-doucement-soutenu-par-un-dollar-affaibli\/\" \/>\n<meta property=\"og:locale\" content=\"fr_FR\" \/>\n<meta property=\"og:type\" content=\"article\" \/>\n<meta property=\"og:title\" content=\"L&#039;or remonte doucement, soutenu par un dollar affaibli - Gold.fr\" \/>\n<meta property=\"og:description\" content=\"Le m\u00e9tal jaune avait termin\u00e9 la semaine en forme et en hausse, encourag\u00e9 essentiellement par un billet vert clairement essouffl\u00e9. L&rsquo;or r\u00e9cup\u00e8re ainsi un attrait solide pour les d\u00e9tenteurs d&rsquo;autres devises qui profitent de ces intervalles [&hellip;]\" \/>\n<meta property=\"og:url\" content=\"https:\/\/www.gold.fr\/news\/2013\/08\/13\/lor-remonte-doucement-soutenu-par-un-dollar-affaibli\/\" \/>\n<meta property=\"og:site_name\" content=\"Gold.fr\" \/>\n<meta property=\"article:publisher\" content=\"https:\/\/www.facebook.com\/Goldfr\/\" \/>\n<meta property=\"article:published_time\" content=\"2013-08-13T07:00:04+00:00\" \/>\n<meta property=\"article:modified_time\" content=\"2017-11-02T10:33:17+00:00\" \/>\n<meta property=\"og:image\" content=\"https:\/\/www.gold.fr\/news\/wp-content\/uploads\/2011\/09\/harga-emas1.jpg\" \/>\n\t<meta property=\"og:image:width\" content=\"636\" \/>\n\t<meta property=\"og:image:height\" content=\"477\" \/>\n\t<meta property=\"og:image:type\" content=\"image\/jpeg\" \/>\n<meta name=\"author\" content=\"Comptoir National de l&#039;Or\" \/>\n<meta name=\"twitter:card\" content=\"summary_large_image\" \/>\n<meta name=\"twitter:label1\" content=\"\u00c9crit par\" \/>\n\t<meta name=\"twitter:data1\" content=\"Comptoir National de l&#039;Or\" \/>\n\t<meta name=\"twitter:label2\" content=\"Dur\u00e9e de lecture estim\u00e9e\" \/>\n\t<meta name=\"twitter:data2\" content=\"1 minute\" \/>\n<script type=\"application\/ld+json\" class=\"yoast-schema-graph\">{\"@context\":\"https:\\\/\\\/schema.org\",\"@graph\":[{\"@type\":\"Article\",\"@id\":\"https:\\\/\\\/www.gold.fr\\\/news\\\/2013\\\/08\\\/13\\\/lor-remonte-doucement-soutenu-par-un-dollar-affaibli\\\/#article\",\"isPartOf\":{\"@id\":\"https:\\\/\\\/www.gold.fr\\\/news\\\/2013\\\/08\\\/13\\\/lor-remonte-doucement-soutenu-par-un-dollar-affaibli\\\/\"},\"author\":{\"name\":\"Comptoir National de l'Or\",\"@id\":\"https:\\\/\\\/www.gold.fr\\\/news\\\/#\\\/schema\\\/person\\\/070491b4b4fb7671bf59b3be20302ce9\"},\"headline\":\"L&rsquo;or remonte doucement, soutenu par un dollar affaibli\",\"datePublished\":\"2013-08-13T07:00:04+00:00\",\"dateModified\":\"2017-11-02T10:33:17+00:00\",\"mainEntityOfPage\":{\"@id\":\"https:\\\/\\\/www.gold.fr\\\/news\\\/2013\\\/08\\\/13\\\/lor-remonte-doucement-soutenu-par-un-dollar-affaibli\\\/\"},\"wordCount\":255,\"commentCount\":0,\"image\":{\"@id\":\"https:\\\/\\\/www.gold.fr\\\/news\\\/2013\\\/08\\\/13\\\/lor-remonte-doucement-soutenu-par-un-dollar-affaibli\\\/#primaryimage\"},\"thumbnailUrl\":\"https:\\\/\\\/www.gold.fr\\\/news\\\/wp-content\\\/uploads\\\/2011\\\/09\\\/harga-emas1.jpg\",\"keywords\":[\"baisse dollar\",\"chiffres US\",\"chomage US\",\"fed\",\"hausse or\",\"or et dollar\"],\"articleSection\":[\"Articles de presse\"],\"inLanguage\":\"fr-FR\"},{\"@type\":\"WebPage\",\"@id\":\"https:\\\/\\\/www.gold.fr\\\/news\\\/2013\\\/08\\\/13\\\/lor-remonte-doucement-soutenu-par-un-dollar-affaibli\\\/\",\"url\":\"https:\\\/\\\/www.gold.fr\\\/news\\\/2013\\\/08\\\/13\\\/lor-remonte-doucement-soutenu-par-un-dollar-affaibli\\\/\",\"name\":\"L'or remonte doucement, soutenu par un dollar affaibli - Gold.fr\",\"isPartOf\":{\"@id\":\"https:\\\/\\\/www.gold.fr\\\/news\\\/#website\"},\"primaryImageOfPage\":{\"@id\":\"https:\\\/\\\/www.gold.fr\\\/news\\\/2013\\\/08\\\/13\\\/lor-remonte-doucement-soutenu-par-un-dollar-affaibli\\\/#primaryimage\"},\"image\":{\"@id\":\"https:\\\/\\\/www.gold.fr\\\/news\\\/2013\\\/08\\\/13\\\/lor-remonte-doucement-soutenu-par-un-dollar-affaibli\\\/#primaryimage\"},\"thumbnailUrl\":\"https:\\\/\\\/www.gold.fr\\\/news\\\/wp-content\\\/uploads\\\/2011\\\/09\\\/harga-emas1.jpg\",\"datePublished\":\"2013-08-13T07:00:04+00:00\",\"dateModified\":\"2017-11-02T10:33:17+00:00\",\"author\":{\"@id\":\"https:\\\/\\\/www.gold.fr\\\/news\\\/#\\\/schema\\\/person\\\/070491b4b4fb7671bf59b3be20302ce9\"},\"breadcrumb\":{\"@id\":\"https:\\\/\\\/www.gold.fr\\\/news\\\/2013\\\/08\\\/13\\\/lor-remonte-doucement-soutenu-par-un-dollar-affaibli\\\/#breadcrumb\"},\"inLanguage\":\"fr-FR\",\"potentialAction\":[{\"@type\":\"ReadAction\",\"target\":[\"https:\\\/\\\/www.gold.fr\\\/news\\\/2013\\\/08\\\/13\\\/lor-remonte-doucement-soutenu-par-un-dollar-affaibli\\\/\"]}]},{\"@type\":\"ImageObject\",\"inLanguage\":\"fr-FR\",\"@id\":\"https:\\\/\\\/www.gold.fr\\\/news\\\/2013\\\/08\\\/13\\\/lor-remonte-doucement-soutenu-par-un-dollar-affaibli\\\/#primaryimage\",\"url\":\"https:\\\/\\\/www.gold.fr\\\/news\\\/wp-content\\\/uploads\\\/2011\\\/09\\\/harga-emas1.jpg\",\"contentUrl\":\"https:\\\/\\\/www.gold.fr\\\/news\\\/wp-content\\\/uploads\\\/2011\\\/09\\\/harga-emas1.jpg\",\"width\":\"636\",\"height\":\"477\",\"caption\":\"L\u2019once en hausse en d\u00e9pit de l\u2019instabilit\u00e9 politique\"},{\"@type\":\"BreadcrumbList\",\"@id\":\"https:\\\/\\\/www.gold.fr\\\/news\\\/2013\\\/08\\\/13\\\/lor-remonte-doucement-soutenu-par-un-dollar-affaibli\\\/#breadcrumb\",\"itemListElement\":[{\"@type\":\"ListItem\",\"position\":1,\"name\":\"Accueil\",\"item\":\"https:\\\/\\\/www.gold.fr\\\/\"},{\"@type\":\"ListItem\",\"position\":2,\"name\":\"Actualit\u00e9s\",\"item\":\"https:\\\/\\\/www.gold.fr\\\/news\\\/\"},{\"@type\":\"ListItem\",\"position\":3,\"name\":\"L&rsquo;or remonte doucement, soutenu par un dollar affaibli\"}]},{\"@type\":\"WebSite\",\"@id\":\"https:\\\/\\\/www.gold.fr\\\/news\\\/#website\",\"url\":\"https:\\\/\\\/www.gold.fr\\\/news\\\/\",\"name\":\"Gold.fr\",\"description\":\"Actualit\u00e9s de l&#039;Or et des m\u00e9taux pr\u00e9cieux\",\"potentialAction\":[{\"@type\":\"SearchAction\",\"target\":{\"@type\":\"EntryPoint\",\"urlTemplate\":\"https:\\\/\\\/www.gold.fr\\\/news\\\/?s={search_term_string}\"},\"query-input\":{\"@type\":\"PropertyValueSpecification\",\"valueRequired\":true,\"valueName\":\"search_term_string\"}}],\"inLanguage\":\"fr-FR\"},{\"@type\":\"Person\",\"@id\":\"https:\\\/\\\/www.gold.fr\\\/news\\\/#\\\/schema\\\/person\\\/070491b4b4fb7671bf59b3be20302ce9\",\"name\":\"Comptoir National de l'Or\",\"image\":{\"@type\":\"ImageObject\",\"inLanguage\":\"fr-FR\",\"@id\":\"https:\\\/\\\/secure.gravatar.com\\\/avatar\\\/0a2867fd5abe37bed95d5a65e9d58f01756e11efc68af9888dfc50cfa7f65948?s=96&d=mm&r=gb490554db0a38188709de567aa58480d\",\"url\":\"https:\\\/\\\/secure.gravatar.com\\\/avatar\\\/0a2867fd5abe37bed95d5a65e9d58f01756e11efc68af9888dfc50cfa7f65948?s=96&d=mm&r=g\",\"contentUrl\":\"https:\\\/\\\/secure.gravatar.com\\\/avatar\\\/0a2867fd5abe37bed95d5a65e9d58f01756e11efc68af9888dfc50cfa7f65948?s=96&d=mm&r=g\",\"caption\":\"Comptoir National de l'Or\"},\"description\":\"Notre r\u00e9daction est constitu\u00e9e de membres experts dans les m\u00e9tiers de l'\u00e9conomie et la gestion, des Responsables d'agence Comptoir National de l'Or, des analystes financiers qui publient r\u00e9guli\u00e8rement des \u00e9tudes sur les politiques des banques centrales, le cours de l'or, prix de l'or, cours de l'argent, prix de l'argent, cours du platine, cours du palladium,... la situation en zone euro et l'impact de la strat\u00e9gie mon\u00e9taire de la FED. Notre \u00e9quipe scrute \u00e9galement une information plus g\u00e9n\u00e9raliste \u00e0 la recherche d'actualit\u00e9 \\\"p\u00e9pite\\\" \u00e0 vous partager. Depuis 5 ans, nous avons publi\u00e9 un peu plus de 4000 articles qui s'adressent \u00e0 un public large et vari\u00e9 ayant pour objectif de satisfaire votre curiosit\u00e9 et de partager avec vous une certaine fascination pour le m\u00e9tal jaune, le rachat d'or, et pour ceux qui veulent investir dans l'or, vendre leur or tout simplement en savoir plus... Pour tous vos achat or et argent, n'h\u00e9sitez pas \u00e0 prendre rendez-vous dans l'un de nos nombreux comptoirs.\",\"sameAs\":[\"https:\\\/\\\/www.gold.fr\"]}]}<\/script>\n<!-- \/ Yoast SEO plugin. -->","yoast_head_json":{"title":"L'or remonte doucement, soutenu par un dollar affaibli - Gold.fr","robots":{"index":"index","follow":"follow","max-snippet":"max-snippet:-1","max-image-preview":"max-image-preview:large","max-video-preview":"max-video-preview:-1"},"canonical":"https:\/\/www.gold.fr\/news\/2013\/08\/13\/lor-remonte-doucement-soutenu-par-un-dollar-affaibli\/","og_locale":"fr_FR","og_type":"article","og_title":"L'or remonte doucement, soutenu par un dollar affaibli - Gold.fr","og_description":"Le m\u00e9tal jaune avait termin\u00e9 la semaine en forme et en hausse, encourag\u00e9 essentiellement par un billet vert clairement essouffl\u00e9. L&rsquo;or r\u00e9cup\u00e8re ainsi un attrait solide pour les d\u00e9tenteurs d&rsquo;autres devises qui profitent de ces intervalles [&hellip;]","og_url":"https:\/\/www.gold.fr\/news\/2013\/08\/13\/lor-remonte-doucement-soutenu-par-un-dollar-affaibli\/","og_site_name":"Gold.fr","article_publisher":"https:\/\/www.facebook.com\/Goldfr\/","article_published_time":"2013-08-13T07:00:04+00:00","article_modified_time":"2017-11-02T10:33:17+00:00","og_image":[{"width":636,"height":477,"url":"https:\/\/www.gold.fr\/news\/wp-content\/uploads\/2011\/09\/harga-emas1.jpg","type":"image\/jpeg"}],"author":"Comptoir National de l'Or","twitter_card":"summary_large_image","twitter_misc":{"\u00c9crit par":"Comptoir National de l'Or","Dur\u00e9e de lecture estim\u00e9e":"1 minute"},"schema":{"@context":"https:\/\/schema.org","@graph":[{"@type":"Article","@id":"https:\/\/www.gold.fr\/news\/2013\/08\/13\/lor-remonte-doucement-soutenu-par-un-dollar-affaibli\/#article","isPartOf":{"@id":"https:\/\/www.gold.fr\/news\/2013\/08\/13\/lor-remonte-doucement-soutenu-par-un-dollar-affaibli\/"},"author":{"name":"Comptoir National de l'Or","@id":"https:\/\/www.gold.fr\/news\/#\/schema\/person\/070491b4b4fb7671bf59b3be20302ce9"},"headline":"L&rsquo;or remonte doucement, soutenu par un dollar affaibli","datePublished":"2013-08-13T07:00:04+00:00","dateModified":"2017-11-02T10:33:17+00:00","mainEntityOfPage":{"@id":"https:\/\/www.gold.fr\/news\/2013\/08\/13\/lor-remonte-doucement-soutenu-par-un-dollar-affaibli\/"},"wordCount":255,"commentCount":0,"image":{"@id":"https:\/\/www.gold.fr\/news\/2013\/08\/13\/lor-remonte-doucement-soutenu-par-un-dollar-affaibli\/#primaryimage"},"thumbnailUrl":"https:\/\/www.gold.fr\/news\/wp-content\/uploads\/2011\/09\/harga-emas1.jpg","keywords":["baisse dollar","chiffres US","chomage US","fed","hausse or","or et dollar"],"articleSection":["Articles de presse"],"inLanguage":"fr-FR"},{"@type":"WebPage","@id":"https:\/\/www.gold.fr\/news\/2013\/08\/13\/lor-remonte-doucement-soutenu-par-un-dollar-affaibli\/","url":"https:\/\/www.gold.fr\/news\/2013\/08\/13\/lor-remonte-doucement-soutenu-par-un-dollar-affaibli\/","name":"L'or remonte doucement, soutenu par un dollar affaibli - Gold.fr","isPartOf":{"@id":"https:\/\/www.gold.fr\/news\/#website"},"primaryImageOfPage":{"@id":"https:\/\/www.gold.fr\/news\/2013\/08\/13\/lor-remonte-doucement-soutenu-par-un-dollar-affaibli\/#primaryimage"},"image":{"@id":"https:\/\/www.gold.fr\/news\/2013\/08\/13\/lor-remonte-doucement-soutenu-par-un-dollar-affaibli\/#primaryimage"},"thumbnailUrl":"https:\/\/www.gold.fr\/news\/wp-content\/uploads\/2011\/09\/harga-emas1.jpg","datePublished":"2013-08-13T07:00:04+00:00","dateModified":"2017-11-02T10:33:17+00:00","author":{"@id":"https:\/\/www.gold.fr\/news\/#\/schema\/person\/070491b4b4fb7671bf59b3be20302ce9"},"breadcrumb":{"@id":"https:\/\/www.gold.fr\/news\/2013\/08\/13\/lor-remonte-doucement-soutenu-par-un-dollar-affaibli\/#breadcrumb"},"inLanguage":"fr-FR","potentialAction":[{"@type":"ReadAction","target":["https:\/\/www.gold.fr\/news\/2013\/08\/13\/lor-remonte-doucement-soutenu-par-un-dollar-affaibli\/"]}]},{"@type":"ImageObject","inLanguage":"fr-FR","@id":"https:\/\/www.gold.fr\/news\/2013\/08\/13\/lor-remonte-doucement-soutenu-par-un-dollar-affaibli\/#primaryimage","url":"https:\/\/www.gold.fr\/news\/wp-content\/uploads\/2011\/09\/harga-emas1.jpg","contentUrl":"https:\/\/www.gold.fr\/news\/wp-content\/uploads\/2011\/09\/harga-emas1.jpg","width":"636","height":"477","caption":"L\u2019once en hausse en d\u00e9pit de l\u2019instabilit\u00e9 politique"},{"@type":"BreadcrumbList","@id":"https:\/\/www.gold.fr\/news\/2013\/08\/13\/lor-remonte-doucement-soutenu-par-un-dollar-affaibli\/#breadcrumb","itemListElement":[{"@type":"ListItem","position":1,"name":"Accueil","item":"https:\/\/www.gold.fr\/"},{"@type":"ListItem","position":2,"name":"Actualit\u00e9s","item":"https:\/\/www.gold.fr\/news\/"},{"@type":"ListItem","position":3,"name":"L&rsquo;or remonte doucement, soutenu par un dollar affaibli"}]},{"@type":"WebSite","@id":"https:\/\/www.gold.fr\/news\/#website","url":"https:\/\/www.gold.fr\/news\/","name":"Gold.fr","description":"Actualit\u00e9s de l&#039;Or et des m\u00e9taux pr\u00e9cieux","potentialAction":[{"@type":"SearchAction","target":{"@type":"EntryPoint","urlTemplate":"https:\/\/www.gold.fr\/news\/?s={search_term_string}"},"query-input":{"@type":"PropertyValueSpecification","valueRequired":true,"valueName":"search_term_string"}}],"inLanguage":"fr-FR"},{"@type":"Person","@id":"https:\/\/www.gold.fr\/news\/#\/schema\/person\/070491b4b4fb7671bf59b3be20302ce9","name":"Comptoir National de l'Or","image":{"@type":"ImageObject","inLanguage":"fr-FR","@id":"https:\/\/secure.gravatar.com\/avatar\/0a2867fd5abe37bed95d5a65e9d58f01756e11efc68af9888dfc50cfa7f65948?s=96&d=mm&r=gb490554db0a38188709de567aa58480d","url":"https:\/\/secure.gravatar.com\/avatar\/0a2867fd5abe37bed95d5a65e9d58f01756e11efc68af9888dfc50cfa7f65948?s=96&d=mm&r=g","contentUrl":"https:\/\/secure.gravatar.com\/avatar\/0a2867fd5abe37bed95d5a65e9d58f01756e11efc68af9888dfc50cfa7f65948?s=96&d=mm&r=g","caption":"Comptoir National de l'Or"},"description":"Notre r\u00e9daction est constitu\u00e9e de membres experts dans les m\u00e9tiers de l'\u00e9conomie et la gestion, des Responsables d'agence Comptoir National de l'Or, des analystes financiers qui publient r\u00e9guli\u00e8rement des \u00e9tudes sur les politiques des banques centrales, le cours de l'or, prix de l'or, cours de l'argent, prix de l'argent, cours du platine, cours du palladium,... la situation en zone euro et l'impact de la strat\u00e9gie mon\u00e9taire de la FED. Notre \u00e9quipe scrute \u00e9galement une information plus g\u00e9n\u00e9raliste \u00e0 la recherche d'actualit\u00e9 \"p\u00e9pite\" \u00e0 vous partager. Depuis 5 ans, nous avons publi\u00e9 un peu plus de 4000 articles qui s'adressent \u00e0 un public large et vari\u00e9 ayant pour objectif de satisfaire votre curiosit\u00e9 et de partager avec vous une certaine fascination pour le m\u00e9tal jaune, le rachat d'or, et pour ceux qui veulent investir dans l'or, vendre leur or tout simplement en savoir plus... Pour tous vos achat or et argent, n'h\u00e9sitez pas \u00e0 prendre rendez-vous dans l'un de nos nombreux comptoirs.","sameAs":["https:\/\/www.gold.fr"]}]}},"authors":[{"term_id":2565,"user_id":18,"is_guest":0,"slug":"julie","display_name":"Comptoir National de l'Or","avatar_url":"https:\/\/secure.gravatar.com\/avatar\/713f289e398d35ead876c4a4cc08607f0d6d266058cfc25683fffb6092d0e572?s=96&d=mm&r=g","0":null,"1":"","2":"","3":"","4":"","5":"","6":"","7":"","8":""}],"_links":{"self":[{"href":"https:\/\/www.gold.fr\/news\/wp-json\/wp\/v2\/posts\/12561","targetHints":{"allow":["GET"]}}],"collection":[{"href":"https:\/\/www.gold.fr\/news\/wp-json\/wp\/v2\/posts"}],"about":[{"href":"https:\/\/www.gold.fr\/news\/wp-json\/wp\/v2\/types\/post"}],"author":[{"embeddable":true,"href":"https:\/\/www.gold.fr\/news\/wp-json\/wp\/v2\/users\/18"}],"replies":[{"embeddable":true,"href":"https:\/\/www.gold.fr\/news\/wp-json\/wp\/v2\/comments?post=12561"}],"version-history":[{"count":0,"href":"https:\/\/www.gold.fr\/news\/wp-json\/wp\/v2\/posts\/12561\/revisions"}],"wp:featuredmedia":[{"embeddable":true,"href":"https:\/\/www.gold.fr\/news\/wp-json\/wp\/v2\/media\/2404"}],"wp:attachment":[{"href":"https:\/\/www.gold.fr\/news\/wp-json\/wp\/v2\/media?parent=12561"}],"wp:term":[{"taxonomy":"category","embeddable":true,"href":"https:\/\/www.gold.fr\/news\/wp-json\/wp\/v2\/categories?post=12561"},{"taxonomy":"post_tag","embeddable":true,"href":"https:\/\/www.gold.fr\/news\/wp-json\/wp\/v2\/tags?post=12561"},{"taxonomy":"author","embeddable":true,"href":"https:\/\/www.gold.fr\/news\/wp-json\/wp\/v2\/ppma_author?post=12561"}],"curies":[{"name":"wp","href":"https:\/\/api.w.org\/{rel}","templated":true}]}}