{"id":12531,"date":"2013-08-12T09:00:39","date_gmt":"2013-08-12T07:00:39","guid":{"rendered":"https:\/\/www.gold.fr\/news\/?p=12531"},"modified":"2021-08-17T16:56:00","modified_gmt":"2021-08-17T14:56:00","slug":"vol-de-bijoux-les-mesures-de-tracabilite","status":"publish","type":"post","link":"https:\/\/www.gold.fr\/news\/2013\/08\/12\/vol-de-bijoux-les-mesures-de-tracabilite\/","title":{"rendered":"Vol de bijoux &#8211; Les mesures de tra\u00e7abilit\u00e9"},"content":{"rendered":"<p><span style=\"font-size: small;\"><img loading=\"lazy\" decoding=\"async\" class=\"alignleft size-thumbnail wp-image-3160\" title=\"Vol de bijoux - Les mesures de tra\u00e7abilit\u00e9 \" src=\"https:\/\/www.gold.fr\/news\/wp-content\/uploads\/2011\/10\/Lingots-dOr-P\u00e9pites-150x150.jpg\" alt=\"\" width=\"150\" height=\"150\" \/>Pour <strong>Pierre-Marie Bernard<\/strong> (joaillier \u00e0 Paris et pr\u00e9sident d&rsquo;honneur de la F\u00e9d\u00e9ration nationale des m\u00e9tiers d&rsquo;art et de cr\u00e9ation &#8211;<strong>FNAMAC<\/strong>), comme pour la plupart des professionnels de la joaillerie, prendre de s\u00e9rieuses mesures de tra\u00e7abilit\u00e9 pour l&rsquo;<a href='https:\/\/www.gold.fr\/news\/tags\/or' class='esk-seo-plu-link'>or<\/a> dont ils font commerce est avant tout une question de cr\u00e9dibilit\u00e9 et de garantie.<\/span>    <span style=\"font-size: small;\"> Le joaillier fait appel \u00e0 des soci\u00e9t\u00e9s nomm\u00e9es \u00ab <em>appr\u00eateurs d&rsquo;<a href='https:\/\/www.gold.fr\/news\/tags\/or' class='esk-seo-plu-link'>or<\/a><\/em> \u00bb qui se chargent de faire fondre et modifier les objets en <a href='https:\/\/www.gold.fr\/news\/tags\/or' class='esk-seo-plu-link'>or<\/a>. \u00ab <em>Je leur donne du m\u00e9tal vieux (g\u00e9n\u00e9ralement compos\u00e9 d&rsquo;<a href='https:\/\/www.gold.fr\/news\/tags\/or' class='esk-seo-plu-link'>or<\/a> et d&rsquo;un autre m\u00e9tal), et je leur rach\u00e8te du m\u00e9tal propre (<strong><a href='https:\/\/www.gold.fr\/news\/tags\/or' class='esk-seo-plu-link'>or<\/a> \u00e0 18 carats<\/strong>). Tout cela est inscrit dans le livre de police<\/em> \u00bb, explique <strong>M. Bernard<\/strong>. Une mesure de tra\u00e7abilit\u00e9 particuli\u00e8rement efficace qui prouvera \u00e9ventuellement \u00ab <em>que l&rsquo;on ne travaille pas avec du m\u00e9tal d&rsquo;origine frauduleuse<\/em> \u00bb.<\/span>    <span style=\"font-size: small;\"> Comment se passe l&rsquo;op\u00e9ration ? \u00ab<em> Lorsque nous fabriquons un objet, nous le travaillons, le limons, le soudons. Puis nous apposons un poin\u00e7on de responsabilit\u00e9, que les artisans appellent poin\u00e7on de ma\u00eetre<\/em> \u00bb. L&rsquo;objet en <a href='https:\/\/www.gold.fr\/news\/tags\/or' class='esk-seo-plu-link'>m\u00e9tal pr\u00e9cieux<\/a> doit ensuite \u00eatre soumis \u00e0 une affiliation du minist\u00e8re des Finances, qui y apposera le poin\u00e7on de l&rsquo;\u00c9tat, variable en fonction du m\u00e9tal contenu dans l&rsquo;objet en question ; t\u00eate d&rsquo;aigle pour de l&rsquo;<a href='https:\/\/www.gold.fr\/news\/tags\/or' class='esk-seo-plu-link'>or<\/a>, t\u00eate de chien pour du platine, et charan\u00e7on pour de l&rsquo;<a href='https:\/\/www.gold.fr\/news\/tags\/argent' class='esk-seo-plu-link'>argent<\/a>.<\/span>    <span style=\"font-size: small;\"> La nouvelle l\u00e9gislation, mise en place en <strong>2011<\/strong>, impose que toute transaction d&rsquo;<a href='https:\/\/www.gold.fr\/news\/tags\/or' class='esk-seo-plu-link'>or<\/a> se fasse par ch\u00e8que, virement bancaire ou carte bancaire. Le but \u00e9tant de maintenir une trace tangible et retra\u00e7able de l&rsquo;op\u00e9ration. D&rsquo;ailleurs, les autorit\u00e9s gouvernementales contr\u00f4lent rigoureusement et r\u00e9guli\u00e8rement les professionnels de la joaillerie, les obligeant \u00e0 maintenir une transparence et une rigueur devenues indispensables.<\/span><\/p>\n<!-- AddThis Advanced Settings generic via filter on the_content --><!-- AddThis Share Buttons generic via filter on the_content -->","protected":false},"excerpt":{"rendered":"<p>Pour Pierre-Marie Bernard (joaillier \u00e0 Paris et pr\u00e9sident d&rsquo;honneur de la F\u00e9d\u00e9ration nationale des m\u00e9tiers d&rsquo;art et de cr\u00e9ation &#8211;FNAMAC), comme pour la plupart des professionnels de la joaillerie, prendre de s\u00e9rieuses mesures de tra\u00e7abilit\u00e9 pour [&hellip;]<\/p>\n","protected":false},"author":18,"featured_media":3160,"comment_status":"closed","ping_status":"closed","sticky":false,"template":"","format":"standard","meta":{"_mbp_gutenberg_autopost":false,"_pgmb_is_evergreen":false,"_pgmb_ap_template_id":0,"footnotes":""},"categories":[6],"tags":[592,1469,1470,1471,1468],"ppma_author":[2565],"class_list":["post-12531","post","type-post","status-publish","format-standard","has-post-thumbnail","hentry","category-articles-de-presse","tag-bijoux-or","tag-fnamac","tag-pierre-marie-bernard","tag-tracabilite-bijoux","tag-vol-bijoux"],"yoast_head":"<!-- This site is optimized with the Yoast SEO plugin v27.5 - https:\/\/yoast.com\/product\/yoast-seo-wordpress\/ -->\n<title>Vol de bijoux - Les mesures de tra\u00e7abilit\u00e9 - Gold.fr<\/title>\n<meta name=\"robots\" content=\"index, follow, max-snippet:-1, max-image-preview:large, max-video-preview:-1\" \/>\n<link rel=\"canonical\" href=\"https:\/\/www.gold.fr\/news\/2013\/08\/12\/vol-de-bijoux-les-mesures-de-tracabilite\/\" \/>\n<meta property=\"og:locale\" content=\"fr_FR\" \/>\n<meta property=\"og:type\" content=\"article\" \/>\n<meta property=\"og:title\" content=\"Vol de bijoux - Les mesures de tra\u00e7abilit\u00e9 - Gold.fr\" \/>\n<meta property=\"og:description\" content=\"Pour Pierre-Marie Bernard (joaillier \u00e0 Paris et pr\u00e9sident d&rsquo;honneur de la F\u00e9d\u00e9ration nationale des m\u00e9tiers d&rsquo;art et de cr\u00e9ation &#8211;FNAMAC), comme pour la plupart des professionnels de la joaillerie, prendre de s\u00e9rieuses mesures de tra\u00e7abilit\u00e9 pour [&hellip;]\" \/>\n<meta property=\"og:url\" content=\"https:\/\/www.gold.fr\/news\/2013\/08\/12\/vol-de-bijoux-les-mesures-de-tracabilite\/\" \/>\n<meta property=\"og:site_name\" content=\"Gold.fr\" \/>\n<meta property=\"article:publisher\" content=\"https:\/\/www.facebook.com\/Goldfr\/\" \/>\n<meta property=\"article:published_time\" content=\"2013-08-12T07:00:39+00:00\" \/>\n<meta property=\"article:modified_time\" content=\"2021-08-17T14:56:00+00:00\" \/>\n<meta property=\"og:image\" content=\"https:\/\/www.gold.fr\/news\/wp-content\/uploads\/2011\/10\/Lingots-dOr-P\u00e9pites.jpg\" \/>\n\t<meta property=\"og:image:width\" content=\"620\" \/>\n\t<meta property=\"og:image:height\" content=\"388\" \/>\n\t<meta property=\"og:image:type\" content=\"image\/jpeg\" \/>\n<meta name=\"author\" content=\"Comptoir National de l&#039;Or\" \/>\n<meta name=\"twitter:card\" content=\"summary_large_image\" \/>\n<meta name=\"twitter:label1\" content=\"\u00c9crit par\" \/>\n\t<meta name=\"twitter:data1\" content=\"Comptoir National de l&#039;Or\" \/>\n\t<meta name=\"twitter:label2\" content=\"Dur\u00e9e de lecture estim\u00e9e\" \/>\n\t<meta name=\"twitter:data2\" content=\"1 minute\" \/>\n<script type=\"application\/ld+json\" class=\"yoast-schema-graph\">{\"@context\":\"https:\\\/\\\/schema.org\",\"@graph\":[{\"@type\":\"Article\",\"@id\":\"https:\\\/\\\/www.gold.fr\\\/news\\\/2013\\\/08\\\/12\\\/vol-de-bijoux-les-mesures-de-tracabilite\\\/#article\",\"isPartOf\":{\"@id\":\"https:\\\/\\\/www.gold.fr\\\/news\\\/2013\\\/08\\\/12\\\/vol-de-bijoux-les-mesures-de-tracabilite\\\/\"},\"author\":{\"name\":\"Comptoir National de l'Or\",\"@id\":\"https:\\\/\\\/www.gold.fr\\\/news\\\/#\\\/schema\\\/person\\\/070491b4b4fb7671bf59b3be20302ce9\"},\"headline\":\"Vol de bijoux &#8211; Les mesures de tra\u00e7abilit\u00e9\",\"datePublished\":\"2013-08-12T07:00:39+00:00\",\"dateModified\":\"2021-08-17T14:56:00+00:00\",\"mainEntityOfPage\":{\"@id\":\"https:\\\/\\\/www.gold.fr\\\/news\\\/2013\\\/08\\\/12\\\/vol-de-bijoux-les-mesures-de-tracabilite\\\/\"},\"wordCount\":325,\"image\":{\"@id\":\"https:\\\/\\\/www.gold.fr\\\/news\\\/2013\\\/08\\\/12\\\/vol-de-bijoux-les-mesures-de-tracabilite\\\/#primaryimage\"},\"thumbnailUrl\":\"https:\\\/\\\/www.gold.fr\\\/news\\\/wp-content\\\/uploads\\\/2011\\\/10\\\/Lingots-dOr-P\u00e9pites.jpg\",\"keywords\":[\"Bijoux Or\",\"FNAMAC\",\"Pierre-Marie Bernard\",\"tra\u00e7abilit\u00e9 bijoux\",\"vol bijoux\"],\"articleSection\":[\"Articles de presse\"],\"inLanguage\":\"fr-FR\"},{\"@type\":\"WebPage\",\"@id\":\"https:\\\/\\\/www.gold.fr\\\/news\\\/2013\\\/08\\\/12\\\/vol-de-bijoux-les-mesures-de-tracabilite\\\/\",\"url\":\"https:\\\/\\\/www.gold.fr\\\/news\\\/2013\\\/08\\\/12\\\/vol-de-bijoux-les-mesures-de-tracabilite\\\/\",\"name\":\"Vol de bijoux - Les mesures de tra\u00e7abilit\u00e9 - Gold.fr\",\"isPartOf\":{\"@id\":\"https:\\\/\\\/www.gold.fr\\\/news\\\/#website\"},\"primaryImageOfPage\":{\"@id\":\"https:\\\/\\\/www.gold.fr\\\/news\\\/2013\\\/08\\\/12\\\/vol-de-bijoux-les-mesures-de-tracabilite\\\/#primaryimage\"},\"image\":{\"@id\":\"https:\\\/\\\/www.gold.fr\\\/news\\\/2013\\\/08\\\/12\\\/vol-de-bijoux-les-mesures-de-tracabilite\\\/#primaryimage\"},\"thumbnailUrl\":\"https:\\\/\\\/www.gold.fr\\\/news\\\/wp-content\\\/uploads\\\/2011\\\/10\\\/Lingots-dOr-P\u00e9pites.jpg\",\"datePublished\":\"2013-08-12T07:00:39+00:00\",\"dateModified\":\"2021-08-17T14:56:00+00:00\",\"author\":{\"@id\":\"https:\\\/\\\/www.gold.fr\\\/news\\\/#\\\/schema\\\/person\\\/070491b4b4fb7671bf59b3be20302ce9\"},\"breadcrumb\":{\"@id\":\"https:\\\/\\\/www.gold.fr\\\/news\\\/2013\\\/08\\\/12\\\/vol-de-bijoux-les-mesures-de-tracabilite\\\/#breadcrumb\"},\"inLanguage\":\"fr-FR\",\"potentialAction\":[{\"@type\":\"ReadAction\",\"target\":[\"https:\\\/\\\/www.gold.fr\\\/news\\\/2013\\\/08\\\/12\\\/vol-de-bijoux-les-mesures-de-tracabilite\\\/\"]}]},{\"@type\":\"ImageObject\",\"inLanguage\":\"fr-FR\",\"@id\":\"https:\\\/\\\/www.gold.fr\\\/news\\\/2013\\\/08\\\/12\\\/vol-de-bijoux-les-mesures-de-tracabilite\\\/#primaryimage\",\"url\":\"https:\\\/\\\/www.gold.fr\\\/news\\\/wp-content\\\/uploads\\\/2011\\\/10\\\/Lingots-dOr-P\u00e9pites.jpg\",\"contentUrl\":\"https:\\\/\\\/www.gold.fr\\\/news\\\/wp-content\\\/uploads\\\/2011\\\/10\\\/Lingots-dOr-P\u00e9pites.jpg\",\"width\":\"620\",\"height\":\"388\",\"caption\":\"La police d\u00e9mant\u00e8le un atelier clandestin d\u2019or \u00e0 Montreuil\"},{\"@type\":\"BreadcrumbList\",\"@id\":\"https:\\\/\\\/www.gold.fr\\\/news\\\/2013\\\/08\\\/12\\\/vol-de-bijoux-les-mesures-de-tracabilite\\\/#breadcrumb\",\"itemListElement\":[{\"@type\":\"ListItem\",\"position\":1,\"name\":\"Accueil\",\"item\":\"https:\\\/\\\/www.gold.fr\\\/\"},{\"@type\":\"ListItem\",\"position\":2,\"name\":\"Actualit\u00e9s\",\"item\":\"https:\\\/\\\/www.gold.fr\\\/news\\\/\"},{\"@type\":\"ListItem\",\"position\":3,\"name\":\"Vol de bijoux &#8211; Les mesures de tra\u00e7abilit\u00e9\"}]},{\"@type\":\"WebSite\",\"@id\":\"https:\\\/\\\/www.gold.fr\\\/news\\\/#website\",\"url\":\"https:\\\/\\\/www.gold.fr\\\/news\\\/\",\"name\":\"Gold.fr\",\"description\":\"Actualit\u00e9s de l&#039;Or et des m\u00e9taux pr\u00e9cieux\",\"potentialAction\":[{\"@type\":\"SearchAction\",\"target\":{\"@type\":\"EntryPoint\",\"urlTemplate\":\"https:\\\/\\\/www.gold.fr\\\/news\\\/?s={search_term_string}\"},\"query-input\":{\"@type\":\"PropertyValueSpecification\",\"valueRequired\":true,\"valueName\":\"search_term_string\"}}],\"inLanguage\":\"fr-FR\"},{\"@type\":\"Person\",\"@id\":\"https:\\\/\\\/www.gold.fr\\\/news\\\/#\\\/schema\\\/person\\\/070491b4b4fb7671bf59b3be20302ce9\",\"name\":\"Comptoir National de l'Or\",\"image\":{\"@type\":\"ImageObject\",\"inLanguage\":\"fr-FR\",\"@id\":\"https:\\\/\\\/secure.gravatar.com\\\/avatar\\\/0a2867fd5abe37bed95d5a65e9d58f01756e11efc68af9888dfc50cfa7f65948?s=96&d=mm&r=gb490554db0a38188709de567aa58480d\",\"url\":\"https:\\\/\\\/secure.gravatar.com\\\/avatar\\\/0a2867fd5abe37bed95d5a65e9d58f01756e11efc68af9888dfc50cfa7f65948?s=96&d=mm&r=g\",\"contentUrl\":\"https:\\\/\\\/secure.gravatar.com\\\/avatar\\\/0a2867fd5abe37bed95d5a65e9d58f01756e11efc68af9888dfc50cfa7f65948?s=96&d=mm&r=g\",\"caption\":\"Comptoir National de l'Or\"},\"description\":\"Notre r\u00e9daction est constitu\u00e9e de membres experts dans les m\u00e9tiers de l'\u00e9conomie et la gestion, des Responsables d'agence Comptoir National de l'Or, des analystes financiers qui publient r\u00e9guli\u00e8rement des \u00e9tudes sur les politiques des banques centrales, le cours de l'or, prix de l'or, cours de l'argent, prix de l'argent, cours du platine, cours du palladium,... la situation en zone euro et l'impact de la strat\u00e9gie mon\u00e9taire de la FED. Notre \u00e9quipe scrute \u00e9galement une information plus g\u00e9n\u00e9raliste \u00e0 la recherche d'actualit\u00e9 \\\"p\u00e9pite\\\" \u00e0 vous partager. Depuis 5 ans, nous avons publi\u00e9 un peu plus de 4000 articles qui s'adressent \u00e0 un public large et vari\u00e9 ayant pour objectif de satisfaire votre curiosit\u00e9 et de partager avec vous une certaine fascination pour le m\u00e9tal jaune, le rachat d'or, et pour ceux qui veulent investir dans l'or, vendre leur or tout simplement en savoir plus... Pour tous vos achat or et argent, n'h\u00e9sitez pas \u00e0 prendre rendez-vous dans l'un de nos nombreux comptoirs.\",\"sameAs\":[\"https:\\\/\\\/www.gold.fr\"]}]}<\/script>\n<!-- \/ Yoast SEO plugin. -->","yoast_head_json":{"title":"Vol de bijoux - Les mesures de tra\u00e7abilit\u00e9 - Gold.fr","robots":{"index":"index","follow":"follow","max-snippet":"max-snippet:-1","max-image-preview":"max-image-preview:large","max-video-preview":"max-video-preview:-1"},"canonical":"https:\/\/www.gold.fr\/news\/2013\/08\/12\/vol-de-bijoux-les-mesures-de-tracabilite\/","og_locale":"fr_FR","og_type":"article","og_title":"Vol de bijoux - Les mesures de tra\u00e7abilit\u00e9 - Gold.fr","og_description":"Pour Pierre-Marie Bernard (joaillier \u00e0 Paris et pr\u00e9sident d&rsquo;honneur de la F\u00e9d\u00e9ration nationale des m\u00e9tiers d&rsquo;art et de cr\u00e9ation &#8211;FNAMAC), comme pour la plupart des professionnels de la joaillerie, prendre de s\u00e9rieuses mesures de tra\u00e7abilit\u00e9 pour [&hellip;]","og_url":"https:\/\/www.gold.fr\/news\/2013\/08\/12\/vol-de-bijoux-les-mesures-de-tracabilite\/","og_site_name":"Gold.fr","article_publisher":"https:\/\/www.facebook.com\/Goldfr\/","article_published_time":"2013-08-12T07:00:39+00:00","article_modified_time":"2021-08-17T14:56:00+00:00","og_image":[{"width":620,"height":388,"url":"https:\/\/www.gold.fr\/news\/wp-content\/uploads\/2011\/10\/Lingots-dOr-P\u00e9pites.jpg","type":"image\/jpeg"}],"author":"Comptoir National de l'Or","twitter_card":"summary_large_image","twitter_misc":{"\u00c9crit par":"Comptoir National de l'Or","Dur\u00e9e de lecture estim\u00e9e":"1 minute"},"schema":{"@context":"https:\/\/schema.org","@graph":[{"@type":"Article","@id":"https:\/\/www.gold.fr\/news\/2013\/08\/12\/vol-de-bijoux-les-mesures-de-tracabilite\/#article","isPartOf":{"@id":"https:\/\/www.gold.fr\/news\/2013\/08\/12\/vol-de-bijoux-les-mesures-de-tracabilite\/"},"author":{"name":"Comptoir National de l'Or","@id":"https:\/\/www.gold.fr\/news\/#\/schema\/person\/070491b4b4fb7671bf59b3be20302ce9"},"headline":"Vol de bijoux &#8211; Les mesures de tra\u00e7abilit\u00e9","datePublished":"2013-08-12T07:00:39+00:00","dateModified":"2021-08-17T14:56:00+00:00","mainEntityOfPage":{"@id":"https:\/\/www.gold.fr\/news\/2013\/08\/12\/vol-de-bijoux-les-mesures-de-tracabilite\/"},"wordCount":325,"image":{"@id":"https:\/\/www.gold.fr\/news\/2013\/08\/12\/vol-de-bijoux-les-mesures-de-tracabilite\/#primaryimage"},"thumbnailUrl":"https:\/\/www.gold.fr\/news\/wp-content\/uploads\/2011\/10\/Lingots-dOr-P\u00e9pites.jpg","keywords":["Bijoux Or","FNAMAC","Pierre-Marie Bernard","tra\u00e7abilit\u00e9 bijoux","vol bijoux"],"articleSection":["Articles de presse"],"inLanguage":"fr-FR"},{"@type":"WebPage","@id":"https:\/\/www.gold.fr\/news\/2013\/08\/12\/vol-de-bijoux-les-mesures-de-tracabilite\/","url":"https:\/\/www.gold.fr\/news\/2013\/08\/12\/vol-de-bijoux-les-mesures-de-tracabilite\/","name":"Vol de bijoux - Les mesures de tra\u00e7abilit\u00e9 - Gold.fr","isPartOf":{"@id":"https:\/\/www.gold.fr\/news\/#website"},"primaryImageOfPage":{"@id":"https:\/\/www.gold.fr\/news\/2013\/08\/12\/vol-de-bijoux-les-mesures-de-tracabilite\/#primaryimage"},"image":{"@id":"https:\/\/www.gold.fr\/news\/2013\/08\/12\/vol-de-bijoux-les-mesures-de-tracabilite\/#primaryimage"},"thumbnailUrl":"https:\/\/www.gold.fr\/news\/wp-content\/uploads\/2011\/10\/Lingots-dOr-P\u00e9pites.jpg","datePublished":"2013-08-12T07:00:39+00:00","dateModified":"2021-08-17T14:56:00+00:00","author":{"@id":"https:\/\/www.gold.fr\/news\/#\/schema\/person\/070491b4b4fb7671bf59b3be20302ce9"},"breadcrumb":{"@id":"https:\/\/www.gold.fr\/news\/2013\/08\/12\/vol-de-bijoux-les-mesures-de-tracabilite\/#breadcrumb"},"inLanguage":"fr-FR","potentialAction":[{"@type":"ReadAction","target":["https:\/\/www.gold.fr\/news\/2013\/08\/12\/vol-de-bijoux-les-mesures-de-tracabilite\/"]}]},{"@type":"ImageObject","inLanguage":"fr-FR","@id":"https:\/\/www.gold.fr\/news\/2013\/08\/12\/vol-de-bijoux-les-mesures-de-tracabilite\/#primaryimage","url":"https:\/\/www.gold.fr\/news\/wp-content\/uploads\/2011\/10\/Lingots-dOr-P\u00e9pites.jpg","contentUrl":"https:\/\/www.gold.fr\/news\/wp-content\/uploads\/2011\/10\/Lingots-dOr-P\u00e9pites.jpg","width":"620","height":"388","caption":"La police d\u00e9mant\u00e8le un atelier clandestin d\u2019or \u00e0 Montreuil"},{"@type":"BreadcrumbList","@id":"https:\/\/www.gold.fr\/news\/2013\/08\/12\/vol-de-bijoux-les-mesures-de-tracabilite\/#breadcrumb","itemListElement":[{"@type":"ListItem","position":1,"name":"Accueil","item":"https:\/\/www.gold.fr\/"},{"@type":"ListItem","position":2,"name":"Actualit\u00e9s","item":"https:\/\/www.gold.fr\/news\/"},{"@type":"ListItem","position":3,"name":"Vol de bijoux &#8211; Les mesures de tra\u00e7abilit\u00e9"}]},{"@type":"WebSite","@id":"https:\/\/www.gold.fr\/news\/#website","url":"https:\/\/www.gold.fr\/news\/","name":"Gold.fr","description":"Actualit\u00e9s de l&#039;Or et des m\u00e9taux pr\u00e9cieux","potentialAction":[{"@type":"SearchAction","target":{"@type":"EntryPoint","urlTemplate":"https:\/\/www.gold.fr\/news\/?s={search_term_string}"},"query-input":{"@type":"PropertyValueSpecification","valueRequired":true,"valueName":"search_term_string"}}],"inLanguage":"fr-FR"},{"@type":"Person","@id":"https:\/\/www.gold.fr\/news\/#\/schema\/person\/070491b4b4fb7671bf59b3be20302ce9","name":"Comptoir National de l'Or","image":{"@type":"ImageObject","inLanguage":"fr-FR","@id":"https:\/\/secure.gravatar.com\/avatar\/0a2867fd5abe37bed95d5a65e9d58f01756e11efc68af9888dfc50cfa7f65948?s=96&d=mm&r=gb490554db0a38188709de567aa58480d","url":"https:\/\/secure.gravatar.com\/avatar\/0a2867fd5abe37bed95d5a65e9d58f01756e11efc68af9888dfc50cfa7f65948?s=96&d=mm&r=g","contentUrl":"https:\/\/secure.gravatar.com\/avatar\/0a2867fd5abe37bed95d5a65e9d58f01756e11efc68af9888dfc50cfa7f65948?s=96&d=mm&r=g","caption":"Comptoir National de l'Or"},"description":"Notre r\u00e9daction est constitu\u00e9e de membres experts dans les m\u00e9tiers de l'\u00e9conomie et la gestion, des Responsables d'agence Comptoir National de l'Or, des analystes financiers qui publient r\u00e9guli\u00e8rement des \u00e9tudes sur les politiques des banques centrales, le cours de l'or, prix de l'or, cours de l'argent, prix de l'argent, cours du platine, cours du palladium,... la situation en zone euro et l'impact de la strat\u00e9gie mon\u00e9taire de la FED. Notre \u00e9quipe scrute \u00e9galement une information plus g\u00e9n\u00e9raliste \u00e0 la recherche d'actualit\u00e9 \"p\u00e9pite\" \u00e0 vous partager. Depuis 5 ans, nous avons publi\u00e9 un peu plus de 4000 articles qui s'adressent \u00e0 un public large et vari\u00e9 ayant pour objectif de satisfaire votre curiosit\u00e9 et de partager avec vous une certaine fascination pour le m\u00e9tal jaune, le rachat d'or, et pour ceux qui veulent investir dans l'or, vendre leur or tout simplement en savoir plus... Pour tous vos achat or et argent, n'h\u00e9sitez pas \u00e0 prendre rendez-vous dans l'un de nos nombreux comptoirs.","sameAs":["https:\/\/www.gold.fr"]}]}},"authors":[{"term_id":2565,"user_id":18,"is_guest":0,"slug":"julie","display_name":"Comptoir National de l'Or","avatar_url":"https:\/\/secure.gravatar.com\/avatar\/713f289e398d35ead876c4a4cc08607f0d6d266058cfc25683fffb6092d0e572?s=96&d=mm&r=g","0":null,"1":"","2":"","3":"","4":"","5":"","6":"","7":"","8":""}],"_links":{"self":[{"href":"https:\/\/www.gold.fr\/news\/wp-json\/wp\/v2\/posts\/12531","targetHints":{"allow":["GET"]}}],"collection":[{"href":"https:\/\/www.gold.fr\/news\/wp-json\/wp\/v2\/posts"}],"about":[{"href":"https:\/\/www.gold.fr\/news\/wp-json\/wp\/v2\/types\/post"}],"author":[{"embeddable":true,"href":"https:\/\/www.gold.fr\/news\/wp-json\/wp\/v2\/users\/18"}],"replies":[{"embeddable":true,"href":"https:\/\/www.gold.fr\/news\/wp-json\/wp\/v2\/comments?post=12531"}],"version-history":[{"count":0,"href":"https:\/\/www.gold.fr\/news\/wp-json\/wp\/v2\/posts\/12531\/revisions"}],"wp:featuredmedia":[{"embeddable":true,"href":"https:\/\/www.gold.fr\/news\/wp-json\/wp\/v2\/media\/3160"}],"wp:attachment":[{"href":"https:\/\/www.gold.fr\/news\/wp-json\/wp\/v2\/media?parent=12531"}],"wp:term":[{"taxonomy":"category","embeddable":true,"href":"https:\/\/www.gold.fr\/news\/wp-json\/wp\/v2\/categories?post=12531"},{"taxonomy":"post_tag","embeddable":true,"href":"https:\/\/www.gold.fr\/news\/wp-json\/wp\/v2\/tags?post=12531"},{"taxonomy":"author","embeddable":true,"href":"https:\/\/www.gold.fr\/news\/wp-json\/wp\/v2\/ppma_author?post=12531"}],"curies":[{"name":"wp","href":"https:\/\/api.w.org\/{rel}","templated":true}]}}