{"id":12518,"date":"2013-08-07T17:00:54","date_gmt":"2013-08-07T15:00:54","guid":{"rendered":"https:\/\/www.gold.fr\/news\/?p=12518"},"modified":"2017-11-02T11:33:20","modified_gmt":"2017-11-02T10:33:20","slug":"baisse-de-lor-le-facteur-us","status":"publish","type":"post","link":"https:\/\/www.gold.fr\/news\/2013\/08\/07\/baisse-de-lor-le-facteur-us\/","title":{"rendered":"Baisse de l\u2019or \u2013 Le facteur US"},"content":{"rendered":"<p><span style=\"font-size: small;\"><img loading=\"lazy\" decoding=\"async\" class=\"alignleft size-thumbnail wp-image-6295\" title=\"Baisse de l\u2019or \u2013 Le facteur US\" src=\"https:\/\/www.gold.fr\/news\/wp-content\/uploads\/2012\/03\/baisse-cours-de-lor-de-bourse-150x150.jpg\" alt=\"\" width=\"150\" height=\"150\" \/>Le <a href='https:\/\/www.gold.fr\/news\/tags\/or' class='esk-seo-plu-link'>m\u00e9tal jaune<\/a> a d\u00e9but\u00e9 le mois d&rsquo;ao\u00fbt sur note baissi\u00e8re qui vient interrompre sa tendance haussi\u00e8re marquante du mois de juillet. La raison ? Elle est essentiellement am\u00e9ricaine, confirmant \u2013une fois encore- le rapport indissociable entre <a href='https:\/\/www.gold.fr\/news\/tags\/or' class='esk-seo-plu-link'>or<\/a> et dollar.<\/span>    <span style=\"font-size: small;\"> Bien que la reprise am\u00e9ricaine demeure encore largement relative et stagnante, force est d&rsquo;admettre que les plus r\u00e9cents indicateurs en provenance des diff\u00e9rents secteurs de <strong>l&rsquo;\u00e9conomie US<\/strong> impliquent suffisamment d&rsquo;optimisme, \u00e0 court terme, pour justifier l&rsquo;impact baisser subi par le march\u00e9 aurif\u00e8re.<\/span>    <span style=\"font-size: small;\"> La semaine derni\u00e8re, les analystes de <strong>Commerzbank<\/strong> d\u00e9claraient que \u00ab <em><a title=\"Prix de l'Or\" href=\"https:\/\/www.gold.fr\/cours-prix-de-l-or\/\" target=\"_blank\">le prix de l&rsquo;or<\/a> a \u00e9t\u00e9 mis sous pression mercredi et jeudi \u00e0 cause de donn\u00e9es \u00e9conomiques \u00e9tonnement bonnes aux \u00c9tats-Unis et la hausse cons\u00e9quente des march\u00e9s d&rsquo;actions<\/em> \u00bb. Les donn\u00e9es en question concernent essentiellement le produit int\u00e9rieur brut (<strong>PIB<\/strong>) qui a \u00e9volu\u00e9 au-del\u00e0 des pr\u00e9visions durant le 2\u00e8me trimestre 2013 (<strong>+1,7%<\/strong>, contre le <strong>+1,1%<\/strong> escompt\u00e9). De son c\u00f4t\u00e9, le domaine priv\u00e9 de l&#8217;emploi a \u00e9galement d\u00e9pass\u00e9 les attentes, durant le mois de juillet.<\/span>    <span style=\"font-size: small;\"> Du coup, le <a href='https:\/\/www.gold.fr\/news\/tags\/or' class='esk-seo-plu-link'>m\u00e9tal jaune<\/a> a plong\u00e9, en d\u00e9but de semaine, avant de reprendre une hausse relative (<a title=\"Une fin de semaine charg\u00e9e, entre FED et BCE\" href=\"https:\/\/www.gold.fr\/news\/2013\/08\/02\/une-fin-de-semaine-chargee-entre-fed-et-bce\/12487\/\" target=\"_blank\">vendredi dernier<\/a>), boost\u00e9 par le rapport tr\u00e8s partag\u00e9 relatif \u00e0 l&#8217;emploi et au ch\u00f4mage am\u00e9ricains.<\/span>    <span style=\"font-size: small;\"> Hausse, baisse, puis hausse encore et re-baisse\u2026Face \u00e0 une conjoncture am\u00e9ricaine qui n&rsquo;est toujours pas fix\u00e9e dans la reprise, il semblerait que le march\u00e9 de l&rsquo;<a href='https:\/\/www.gold.fr\/news\/tags\/or' class='esk-seo-plu-link'>or<\/a> ne soit pas non plus pr\u00e8s de stabiliser sa tendance haussi\u00e8re.<\/span><\/p>\n<!-- AddThis Advanced Settings generic via filter on the_content --><!-- AddThis Share Buttons generic via filter on the_content -->","protected":false},"excerpt":{"rendered":"<p>Le m\u00e9tal jaune a d\u00e9but\u00e9 le mois d&rsquo;ao\u00fbt sur note baissi\u00e8re qui vient interrompre sa tendance haussi\u00e8re marquante du mois de juillet. La raison ? Elle est essentiellement am\u00e9ricaine, confirmant \u2013une fois encore- le rapport indissociable [&hellip;]<\/p>\n","protected":false},"author":18,"featured_media":6295,"comment_status":"open","ping_status":"open","sticky":false,"template":"","format":"standard","meta":{"_mbp_gutenberg_autopost":false,"_pgmb_is_evergreen":false,"_pgmb_ap_template_id":0,"footnotes":""},"categories":[6],"tags":[1269,1459,1100,1428,83],"ppma_author":[2565],"class_list":["post-12518","post","type-post","status-publish","format-standard","has-post-thumbnail","hentry","category-articles-de-presse","tag-baisse-or","tag-commerzbank","tag-economie-us","tag-pib","tag-prix-de-lor"],"yoast_head":"<!-- This site is optimized with the Yoast SEO plugin v27.5 - https:\/\/yoast.com\/product\/yoast-seo-wordpress\/ -->\n<title>Baisse de l\u2019or \u2013 Le facteur US - Gold.fr<\/title>\n<meta name=\"robots\" content=\"index, follow, max-snippet:-1, max-image-preview:large, max-video-preview:-1\" \/>\n<link rel=\"canonical\" href=\"https:\/\/www.gold.fr\/news\/2013\/08\/07\/baisse-de-lor-le-facteur-us\/\" \/>\n<meta property=\"og:locale\" content=\"fr_FR\" \/>\n<meta property=\"og:type\" content=\"article\" \/>\n<meta property=\"og:title\" content=\"Baisse de l\u2019or \u2013 Le facteur US - Gold.fr\" \/>\n<meta property=\"og:description\" content=\"Le m\u00e9tal jaune a d\u00e9but\u00e9 le mois d&rsquo;ao\u00fbt sur note baissi\u00e8re qui vient interrompre sa tendance haussi\u00e8re marquante du mois de juillet. La raison ? Elle est essentiellement am\u00e9ricaine, confirmant \u2013une fois encore- le rapport indissociable [&hellip;]\" \/>\n<meta property=\"og:url\" content=\"https:\/\/www.gold.fr\/news\/2013\/08\/07\/baisse-de-lor-le-facteur-us\/\" \/>\n<meta property=\"og:site_name\" content=\"Gold.fr\" \/>\n<meta property=\"article:publisher\" content=\"https:\/\/www.facebook.com\/Goldfr\/\" \/>\n<meta property=\"article:published_time\" content=\"2013-08-07T15:00:54+00:00\" \/>\n<meta property=\"article:modified_time\" content=\"2017-11-02T10:33:20+00:00\" \/>\n<meta property=\"og:image\" content=\"https:\/\/www.gold.fr\/news\/wp-content\/uploads\/2012\/03\/baisse-cours-de-lor-de-bourse.jpg\" \/>\n\t<meta property=\"og:image:width\" content=\"600\" \/>\n\t<meta property=\"og:image:height\" content=\"451\" \/>\n\t<meta property=\"og:image:type\" content=\"image\/jpeg\" \/>\n<meta name=\"author\" content=\"Comptoir National de l&#039;Or\" \/>\n<meta name=\"twitter:card\" content=\"summary_large_image\" \/>\n<meta name=\"twitter:label1\" content=\"\u00c9crit par\" \/>\n\t<meta name=\"twitter:data1\" content=\"Comptoir National de l&#039;Or\" \/>\n\t<meta name=\"twitter:label2\" content=\"Dur\u00e9e de lecture estim\u00e9e\" \/>\n\t<meta name=\"twitter:data2\" content=\"1 minute\" \/>\n<script type=\"application\/ld+json\" class=\"yoast-schema-graph\">{\"@context\":\"https:\\\/\\\/schema.org\",\"@graph\":[{\"@type\":\"Article\",\"@id\":\"https:\\\/\\\/www.gold.fr\\\/news\\\/2013\\\/08\\\/07\\\/baisse-de-lor-le-facteur-us\\\/#article\",\"isPartOf\":{\"@id\":\"https:\\\/\\\/www.gold.fr\\\/news\\\/2013\\\/08\\\/07\\\/baisse-de-lor-le-facteur-us\\\/\"},\"author\":{\"name\":\"Comptoir National de l'Or\",\"@id\":\"https:\\\/\\\/www.gold.fr\\\/news\\\/#\\\/schema\\\/person\\\/070491b4b4fb7671bf59b3be20302ce9\"},\"headline\":\"Baisse de l\u2019or \u2013 Le facteur US\",\"datePublished\":\"2013-08-07T15:00:54+00:00\",\"dateModified\":\"2017-11-02T10:33:20+00:00\",\"mainEntityOfPage\":{\"@id\":\"https:\\\/\\\/www.gold.fr\\\/news\\\/2013\\\/08\\\/07\\\/baisse-de-lor-le-facteur-us\\\/\"},\"wordCount\":273,\"commentCount\":0,\"image\":{\"@id\":\"https:\\\/\\\/www.gold.fr\\\/news\\\/2013\\\/08\\\/07\\\/baisse-de-lor-le-facteur-us\\\/#primaryimage\"},\"thumbnailUrl\":\"https:\\\/\\\/www.gold.fr\\\/news\\\/wp-content\\\/uploads\\\/2012\\\/03\\\/baisse-cours-de-lor-de-bourse.jpg\",\"keywords\":[\"baisse or\",\"Commerzbank\",\"\u00e9conomie US\",\"PIB\",\"prix de l'or\"],\"articleSection\":[\"Articles de presse\"],\"inLanguage\":\"fr-FR\"},{\"@type\":\"WebPage\",\"@id\":\"https:\\\/\\\/www.gold.fr\\\/news\\\/2013\\\/08\\\/07\\\/baisse-de-lor-le-facteur-us\\\/\",\"url\":\"https:\\\/\\\/www.gold.fr\\\/news\\\/2013\\\/08\\\/07\\\/baisse-de-lor-le-facteur-us\\\/\",\"name\":\"Baisse de l\u2019or \u2013 Le facteur US - Gold.fr\",\"isPartOf\":{\"@id\":\"https:\\\/\\\/www.gold.fr\\\/news\\\/#website\"},\"primaryImageOfPage\":{\"@id\":\"https:\\\/\\\/www.gold.fr\\\/news\\\/2013\\\/08\\\/07\\\/baisse-de-lor-le-facteur-us\\\/#primaryimage\"},\"image\":{\"@id\":\"https:\\\/\\\/www.gold.fr\\\/news\\\/2013\\\/08\\\/07\\\/baisse-de-lor-le-facteur-us\\\/#primaryimage\"},\"thumbnailUrl\":\"https:\\\/\\\/www.gold.fr\\\/news\\\/wp-content\\\/uploads\\\/2012\\\/03\\\/baisse-cours-de-lor-de-bourse.jpg\",\"datePublished\":\"2013-08-07T15:00:54+00:00\",\"dateModified\":\"2017-11-02T10:33:20+00:00\",\"author\":{\"@id\":\"https:\\\/\\\/www.gold.fr\\\/news\\\/#\\\/schema\\\/person\\\/070491b4b4fb7671bf59b3be20302ce9\"},\"breadcrumb\":{\"@id\":\"https:\\\/\\\/www.gold.fr\\\/news\\\/2013\\\/08\\\/07\\\/baisse-de-lor-le-facteur-us\\\/#breadcrumb\"},\"inLanguage\":\"fr-FR\",\"potentialAction\":[{\"@type\":\"ReadAction\",\"target\":[\"https:\\\/\\\/www.gold.fr\\\/news\\\/2013\\\/08\\\/07\\\/baisse-de-lor-le-facteur-us\\\/\"]}]},{\"@type\":\"ImageObject\",\"inLanguage\":\"fr-FR\",\"@id\":\"https:\\\/\\\/www.gold.fr\\\/news\\\/2013\\\/08\\\/07\\\/baisse-de-lor-le-facteur-us\\\/#primaryimage\",\"url\":\"https:\\\/\\\/www.gold.fr\\\/news\\\/wp-content\\\/uploads\\\/2012\\\/03\\\/baisse-cours-de-lor-de-bourse.jpg\",\"contentUrl\":\"https:\\\/\\\/www.gold.fr\\\/news\\\/wp-content\\\/uploads\\\/2012\\\/03\\\/baisse-cours-de-lor-de-bourse.jpg\",\"width\":\"600\",\"height\":\"451\",\"caption\":\"L\u2019or subit de nouvelles pressions baissi\u00e8res\"},{\"@type\":\"BreadcrumbList\",\"@id\":\"https:\\\/\\\/www.gold.fr\\\/news\\\/2013\\\/08\\\/07\\\/baisse-de-lor-le-facteur-us\\\/#breadcrumb\",\"itemListElement\":[{\"@type\":\"ListItem\",\"position\":1,\"name\":\"Accueil\",\"item\":\"https:\\\/\\\/www.gold.fr\\\/\"},{\"@type\":\"ListItem\",\"position\":2,\"name\":\"Actualit\u00e9s\",\"item\":\"https:\\\/\\\/www.gold.fr\\\/news\\\/\"},{\"@type\":\"ListItem\",\"position\":3,\"name\":\"Baisse de l\u2019or \u2013 Le facteur US\"}]},{\"@type\":\"WebSite\",\"@id\":\"https:\\\/\\\/www.gold.fr\\\/news\\\/#website\",\"url\":\"https:\\\/\\\/www.gold.fr\\\/news\\\/\",\"name\":\"Gold.fr\",\"description\":\"Actualit\u00e9s de l&#039;Or et des m\u00e9taux pr\u00e9cieux\",\"potentialAction\":[{\"@type\":\"SearchAction\",\"target\":{\"@type\":\"EntryPoint\",\"urlTemplate\":\"https:\\\/\\\/www.gold.fr\\\/news\\\/?s={search_term_string}\"},\"query-input\":{\"@type\":\"PropertyValueSpecification\",\"valueRequired\":true,\"valueName\":\"search_term_string\"}}],\"inLanguage\":\"fr-FR\"},{\"@type\":\"Person\",\"@id\":\"https:\\\/\\\/www.gold.fr\\\/news\\\/#\\\/schema\\\/person\\\/070491b4b4fb7671bf59b3be20302ce9\",\"name\":\"Comptoir National de l'Or\",\"image\":{\"@type\":\"ImageObject\",\"inLanguage\":\"fr-FR\",\"@id\":\"https:\\\/\\\/secure.gravatar.com\\\/avatar\\\/0a2867fd5abe37bed95d5a65e9d58f01756e11efc68af9888dfc50cfa7f65948?s=96&d=mm&r=gb490554db0a38188709de567aa58480d\",\"url\":\"https:\\\/\\\/secure.gravatar.com\\\/avatar\\\/0a2867fd5abe37bed95d5a65e9d58f01756e11efc68af9888dfc50cfa7f65948?s=96&d=mm&r=g\",\"contentUrl\":\"https:\\\/\\\/secure.gravatar.com\\\/avatar\\\/0a2867fd5abe37bed95d5a65e9d58f01756e11efc68af9888dfc50cfa7f65948?s=96&d=mm&r=g\",\"caption\":\"Comptoir National de l'Or\"},\"description\":\"Notre r\u00e9daction est constitu\u00e9e de membres experts dans les m\u00e9tiers de l'\u00e9conomie et la gestion, des Responsables d'agence Comptoir National de l'Or, des analystes financiers qui publient r\u00e9guli\u00e8rement des \u00e9tudes sur les politiques des banques centrales, le cours de l'or, prix de l'or, cours de l'argent, prix de l'argent, cours du platine, cours du palladium,... la situation en zone euro et l'impact de la strat\u00e9gie mon\u00e9taire de la FED. Notre \u00e9quipe scrute \u00e9galement une information plus g\u00e9n\u00e9raliste \u00e0 la recherche d'actualit\u00e9 \\\"p\u00e9pite\\\" \u00e0 vous partager. Depuis 5 ans, nous avons publi\u00e9 un peu plus de 4000 articles qui s'adressent \u00e0 un public large et vari\u00e9 ayant pour objectif de satisfaire votre curiosit\u00e9 et de partager avec vous une certaine fascination pour le m\u00e9tal jaune, le rachat d'or, et pour ceux qui veulent investir dans l'or, vendre leur or tout simplement en savoir plus... Pour tous vos achat or et argent, n'h\u00e9sitez pas \u00e0 prendre rendez-vous dans l'un de nos nombreux comptoirs.\",\"sameAs\":[\"https:\\\/\\\/www.gold.fr\"]}]}<\/script>\n<!-- \/ Yoast SEO plugin. -->","yoast_head_json":{"title":"Baisse de l\u2019or \u2013 Le facteur US - Gold.fr","robots":{"index":"index","follow":"follow","max-snippet":"max-snippet:-1","max-image-preview":"max-image-preview:large","max-video-preview":"max-video-preview:-1"},"canonical":"https:\/\/www.gold.fr\/news\/2013\/08\/07\/baisse-de-lor-le-facteur-us\/","og_locale":"fr_FR","og_type":"article","og_title":"Baisse de l\u2019or \u2013 Le facteur US - Gold.fr","og_description":"Le m\u00e9tal jaune a d\u00e9but\u00e9 le mois d&rsquo;ao\u00fbt sur note baissi\u00e8re qui vient interrompre sa tendance haussi\u00e8re marquante du mois de juillet. La raison ? Elle est essentiellement am\u00e9ricaine, confirmant \u2013une fois encore- le rapport indissociable [&hellip;]","og_url":"https:\/\/www.gold.fr\/news\/2013\/08\/07\/baisse-de-lor-le-facteur-us\/","og_site_name":"Gold.fr","article_publisher":"https:\/\/www.facebook.com\/Goldfr\/","article_published_time":"2013-08-07T15:00:54+00:00","article_modified_time":"2017-11-02T10:33:20+00:00","og_image":[{"width":600,"height":451,"url":"https:\/\/www.gold.fr\/news\/wp-content\/uploads\/2012\/03\/baisse-cours-de-lor-de-bourse.jpg","type":"image\/jpeg"}],"author":"Comptoir National de l'Or","twitter_card":"summary_large_image","twitter_misc":{"\u00c9crit par":"Comptoir National de l'Or","Dur\u00e9e de lecture estim\u00e9e":"1 minute"},"schema":{"@context":"https:\/\/schema.org","@graph":[{"@type":"Article","@id":"https:\/\/www.gold.fr\/news\/2013\/08\/07\/baisse-de-lor-le-facteur-us\/#article","isPartOf":{"@id":"https:\/\/www.gold.fr\/news\/2013\/08\/07\/baisse-de-lor-le-facteur-us\/"},"author":{"name":"Comptoir National de l'Or","@id":"https:\/\/www.gold.fr\/news\/#\/schema\/person\/070491b4b4fb7671bf59b3be20302ce9"},"headline":"Baisse de l\u2019or \u2013 Le facteur US","datePublished":"2013-08-07T15:00:54+00:00","dateModified":"2017-11-02T10:33:20+00:00","mainEntityOfPage":{"@id":"https:\/\/www.gold.fr\/news\/2013\/08\/07\/baisse-de-lor-le-facteur-us\/"},"wordCount":273,"commentCount":0,"image":{"@id":"https:\/\/www.gold.fr\/news\/2013\/08\/07\/baisse-de-lor-le-facteur-us\/#primaryimage"},"thumbnailUrl":"https:\/\/www.gold.fr\/news\/wp-content\/uploads\/2012\/03\/baisse-cours-de-lor-de-bourse.jpg","keywords":["baisse or","Commerzbank","\u00e9conomie US","PIB","prix de l'or"],"articleSection":["Articles de presse"],"inLanguage":"fr-FR"},{"@type":"WebPage","@id":"https:\/\/www.gold.fr\/news\/2013\/08\/07\/baisse-de-lor-le-facteur-us\/","url":"https:\/\/www.gold.fr\/news\/2013\/08\/07\/baisse-de-lor-le-facteur-us\/","name":"Baisse de l\u2019or \u2013 Le facteur US - Gold.fr","isPartOf":{"@id":"https:\/\/www.gold.fr\/news\/#website"},"primaryImageOfPage":{"@id":"https:\/\/www.gold.fr\/news\/2013\/08\/07\/baisse-de-lor-le-facteur-us\/#primaryimage"},"image":{"@id":"https:\/\/www.gold.fr\/news\/2013\/08\/07\/baisse-de-lor-le-facteur-us\/#primaryimage"},"thumbnailUrl":"https:\/\/www.gold.fr\/news\/wp-content\/uploads\/2012\/03\/baisse-cours-de-lor-de-bourse.jpg","datePublished":"2013-08-07T15:00:54+00:00","dateModified":"2017-11-02T10:33:20+00:00","author":{"@id":"https:\/\/www.gold.fr\/news\/#\/schema\/person\/070491b4b4fb7671bf59b3be20302ce9"},"breadcrumb":{"@id":"https:\/\/www.gold.fr\/news\/2013\/08\/07\/baisse-de-lor-le-facteur-us\/#breadcrumb"},"inLanguage":"fr-FR","potentialAction":[{"@type":"ReadAction","target":["https:\/\/www.gold.fr\/news\/2013\/08\/07\/baisse-de-lor-le-facteur-us\/"]}]},{"@type":"ImageObject","inLanguage":"fr-FR","@id":"https:\/\/www.gold.fr\/news\/2013\/08\/07\/baisse-de-lor-le-facteur-us\/#primaryimage","url":"https:\/\/www.gold.fr\/news\/wp-content\/uploads\/2012\/03\/baisse-cours-de-lor-de-bourse.jpg","contentUrl":"https:\/\/www.gold.fr\/news\/wp-content\/uploads\/2012\/03\/baisse-cours-de-lor-de-bourse.jpg","width":"600","height":"451","caption":"L\u2019or subit de nouvelles pressions baissi\u00e8res"},{"@type":"BreadcrumbList","@id":"https:\/\/www.gold.fr\/news\/2013\/08\/07\/baisse-de-lor-le-facteur-us\/#breadcrumb","itemListElement":[{"@type":"ListItem","position":1,"name":"Accueil","item":"https:\/\/www.gold.fr\/"},{"@type":"ListItem","position":2,"name":"Actualit\u00e9s","item":"https:\/\/www.gold.fr\/news\/"},{"@type":"ListItem","position":3,"name":"Baisse de l\u2019or \u2013 Le facteur US"}]},{"@type":"WebSite","@id":"https:\/\/www.gold.fr\/news\/#website","url":"https:\/\/www.gold.fr\/news\/","name":"Gold.fr","description":"Actualit\u00e9s de l&#039;Or et des m\u00e9taux pr\u00e9cieux","potentialAction":[{"@type":"SearchAction","target":{"@type":"EntryPoint","urlTemplate":"https:\/\/www.gold.fr\/news\/?s={search_term_string}"},"query-input":{"@type":"PropertyValueSpecification","valueRequired":true,"valueName":"search_term_string"}}],"inLanguage":"fr-FR"},{"@type":"Person","@id":"https:\/\/www.gold.fr\/news\/#\/schema\/person\/070491b4b4fb7671bf59b3be20302ce9","name":"Comptoir National de l'Or","image":{"@type":"ImageObject","inLanguage":"fr-FR","@id":"https:\/\/secure.gravatar.com\/avatar\/0a2867fd5abe37bed95d5a65e9d58f01756e11efc68af9888dfc50cfa7f65948?s=96&d=mm&r=gb490554db0a38188709de567aa58480d","url":"https:\/\/secure.gravatar.com\/avatar\/0a2867fd5abe37bed95d5a65e9d58f01756e11efc68af9888dfc50cfa7f65948?s=96&d=mm&r=g","contentUrl":"https:\/\/secure.gravatar.com\/avatar\/0a2867fd5abe37bed95d5a65e9d58f01756e11efc68af9888dfc50cfa7f65948?s=96&d=mm&r=g","caption":"Comptoir National de l'Or"},"description":"Notre r\u00e9daction est constitu\u00e9e de membres experts dans les m\u00e9tiers de l'\u00e9conomie et la gestion, des Responsables d'agence Comptoir National de l'Or, des analystes financiers qui publient r\u00e9guli\u00e8rement des \u00e9tudes sur les politiques des banques centrales, le cours de l'or, prix de l'or, cours de l'argent, prix de l'argent, cours du platine, cours du palladium,... la situation en zone euro et l'impact de la strat\u00e9gie mon\u00e9taire de la FED. Notre \u00e9quipe scrute \u00e9galement une information plus g\u00e9n\u00e9raliste \u00e0 la recherche d'actualit\u00e9 \"p\u00e9pite\" \u00e0 vous partager. Depuis 5 ans, nous avons publi\u00e9 un peu plus de 4000 articles qui s'adressent \u00e0 un public large et vari\u00e9 ayant pour objectif de satisfaire votre curiosit\u00e9 et de partager avec vous une certaine fascination pour le m\u00e9tal jaune, le rachat d'or, et pour ceux qui veulent investir dans l'or, vendre leur or tout simplement en savoir plus... Pour tous vos achat or et argent, n'h\u00e9sitez pas \u00e0 prendre rendez-vous dans l'un de nos nombreux comptoirs.","sameAs":["https:\/\/www.gold.fr"]}]}},"authors":[{"term_id":2565,"user_id":18,"is_guest":0,"slug":"julie","display_name":"Comptoir National de l'Or","avatar_url":"https:\/\/secure.gravatar.com\/avatar\/713f289e398d35ead876c4a4cc08607f0d6d266058cfc25683fffb6092d0e572?s=96&d=mm&r=g","0":null,"1":"","2":"","3":"","4":"","5":"","6":"","7":"","8":""}],"_links":{"self":[{"href":"https:\/\/www.gold.fr\/news\/wp-json\/wp\/v2\/posts\/12518","targetHints":{"allow":["GET"]}}],"collection":[{"href":"https:\/\/www.gold.fr\/news\/wp-json\/wp\/v2\/posts"}],"about":[{"href":"https:\/\/www.gold.fr\/news\/wp-json\/wp\/v2\/types\/post"}],"author":[{"embeddable":true,"href":"https:\/\/www.gold.fr\/news\/wp-json\/wp\/v2\/users\/18"}],"replies":[{"embeddable":true,"href":"https:\/\/www.gold.fr\/news\/wp-json\/wp\/v2\/comments?post=12518"}],"version-history":[{"count":0,"href":"https:\/\/www.gold.fr\/news\/wp-json\/wp\/v2\/posts\/12518\/revisions"}],"wp:featuredmedia":[{"embeddable":true,"href":"https:\/\/www.gold.fr\/news\/wp-json\/wp\/v2\/media\/6295"}],"wp:attachment":[{"href":"https:\/\/www.gold.fr\/news\/wp-json\/wp\/v2\/media?parent=12518"}],"wp:term":[{"taxonomy":"category","embeddable":true,"href":"https:\/\/www.gold.fr\/news\/wp-json\/wp\/v2\/categories?post=12518"},{"taxonomy":"post_tag","embeddable":true,"href":"https:\/\/www.gold.fr\/news\/wp-json\/wp\/v2\/tags?post=12518"},{"taxonomy":"author","embeddable":true,"href":"https:\/\/www.gold.fr\/news\/wp-json\/wp\/v2\/ppma_author?post=12518"}],"curies":[{"name":"wp","href":"https:\/\/api.w.org\/{rel}","templated":true}]}}