{"id":12401,"date":"2013-07-25T09:00:39","date_gmt":"2013-07-25T07:00:39","guid":{"rendered":"https:\/\/www.gold.fr\/news\/?p=12401"},"modified":"2017-11-02T11:33:25","modified_gmt":"2017-11-02T10:33:25","slug":"economie-us-le-retour-des-chiffres-decevants","status":"publish","type":"post","link":"https:\/\/www.gold.fr\/news\/2013\/07\/25\/economie-us-le-retour-des-chiffres-decevants\/","title":{"rendered":"Economie US : Le retour des chiffres d\u00e9cevants"},"content":{"rendered":"<p><span style=\"font-size: small;\"><img loading=\"lazy\" decoding=\"async\" class=\"alignleft size-thumbnail wp-image-10402\" title=\"Economie US : Le retour des chiffres d\u00e9cevants\" src=\"https:\/\/www.gold.fr\/news\/wp-content\/uploads\/2013\/01\/drapeau-usa-150x150.jpg\" alt=\"\" width=\"150\" height=\"150\" \/>Pour la <strong>FED<\/strong>, un taux directeur proche du z\u00e9ro (maintenu \u00e0 ce niveau depuis <strong>2008<\/strong>) est un \u00ab\u00a0<em>niveau qui demeurera appropri\u00e9 tant que le ch\u00f4mage restera au-dessus de 6,5%<\/em>\u00a0\u00bb, <a title=\"Bernanke et ses gouverneurs : La guerre des nerfs\" href=\"https:\/\/www.gold.fr\/news\/2013\/07\/24\/bernanke-et-ses-gouverneurs-la-guerre-des-nerfs\/12398\/\" target=\"_blank\">d\u2019apr\u00e8s les propos m\u00eame de son pr\u00e9sident, <strong>Ben Bernanke<\/strong><\/a>. Et, concernant les r\u00e9centes rumeurs relatives \u00e0 une reprise US suffisamment solide pour justifier la fin de cette politique accommodante, le patron de la <strong>FED<\/strong> nous rassure tout de suite\u00a0:\u00a0\u00ab <em>ce seuil de 6,5% pourrait ne pas \u00eatre une raison suffisante pour relever le taux<\/em>\u00a0\u00bb, pour peu que la raison de cette chute du ch\u00f4mage traduise simplement des \u00ab\u00a0<em>contraintes d&rsquo;ordre cycliques plut\u00f4t qu&rsquo;une r\u00e9elle am\u00e9lioration du march\u00e9 de l&#8217;emploi\u00a0<\/em>\u00bb. Bref, pour r\u00e9sumer la situation, on n\u2019est pas pr\u00e8s de voir la <strong>FED<\/strong> changer de strat\u00e9gie.<\/span>    <span style=\"font-size: small;\"> D\u2019ailleurs, <strong>Bernanke<\/strong> ne cache pas son inqui\u00e9tude pour l\u2019\u00e9conomie nationale, et plus particuli\u00e8rement pour la politique budg\u00e9taire restrictive qui \u00ab\u00a0<em>risque d&rsquo;affecter davantage que pr\u00e9vu la croissance \u00e9conomique au cours des prochains trimestres<\/em>\u00a0\u00bb. Rappelons que, \u00e0 ce jour, selon l\u2019estimation du <strong>Bureau du budget du Congr\u00e8s<\/strong>, les coupes budg\u00e9taires impos\u00e9es par le Congr\u00e8s co\u00fbteraient <strong>1<\/strong> \u00e0 <strong>1,5 point<\/strong> de croissance au <strong>PIB national<\/strong>.<\/span>    <span style=\"font-size: small;\"> Durant le <strong>premier trimestre 2013<\/strong>, l\u2019\u00e9volution de l&rsquo;\u00e9conomie US \u00e9tait uniquement de <strong>1,8 %<\/strong>. De son c\u00f4t\u00e9, le taux d&rsquo;inflation n\u2019a, quant \u00e0 lui, pu atteindre que <strong>1%<\/strong> (au terme du mois de mai, sur une ann\u00e9e), d\u2019apr\u00e8s l&rsquo;indicateur <strong>PCE<\/strong> de la consommation des m\u00e9nages.<\/span>    <span style=\"font-size: small;\"> Rappelons l\u00e0 encore que les espoirs \u2013d\u00e9sormais d\u00e9\u00e7us- de la r\u00e9serve f\u00e9d\u00e9rale am\u00e9ricaine comptaient grandement sur une croissance du <strong>PIB<\/strong> allant de <strong>2,3%<\/strong> \u00e0 <strong>2,6%<\/strong> (en <strong>2013<\/strong>), acc\u00e9l\u00e9r\u00e9e vers un intervalle de <strong>3%<\/strong> \u00e0 <strong>3,5%<\/strong> (pour <strong>2014<\/strong>).<\/span><\/p>\n<!-- AddThis Advanced Settings generic via filter on the_content --><!-- AddThis Share Buttons generic via filter on the_content -->","protected":false},"excerpt":{"rendered":"<p>Pour la FED, un taux directeur proche du z\u00e9ro (maintenu \u00e0 ce niveau depuis 2008) est un \u00ab\u00a0niveau qui demeurera appropri\u00e9 tant que le ch\u00f4mage restera au-dessus de 6,5%\u00a0\u00bb, d\u2019apr\u00e8s les propos m\u00eame de son pr\u00e9sident, [&hellip;]<\/p>\n","protected":false},"author":18,"featured_media":10402,"comment_status":"open","ping_status":"open","sticky":false,"template":"","format":"standard","meta":{"_mbp_gutenberg_autopost":false,"_pgmb_is_evergreen":false,"_pgmb_ap_template_id":0,"footnotes":""},"categories":[6],"tags":[404,1100,144,1428,1355],"ppma_author":[2565],"class_list":["post-12401","post","type-post","status-publish","format-standard","has-post-thumbnail","hentry","category-articles-de-presse","tag-ben-bernanke","tag-economie-us","tag-fed","tag-pib","tag-taux-chomage"],"yoast_head":"<!-- This site is optimized with the Yoast SEO plugin v27.5 - https:\/\/yoast.com\/product\/yoast-seo-wordpress\/ -->\n<title>Economie US : Le retour des chiffres d\u00e9cevants - Gold.fr<\/title>\n<meta name=\"robots\" content=\"index, follow, max-snippet:-1, max-image-preview:large, max-video-preview:-1\" \/>\n<link rel=\"canonical\" href=\"https:\/\/www.gold.fr\/news\/2013\/07\/25\/economie-us-le-retour-des-chiffres-decevants\/\" \/>\n<meta property=\"og:locale\" content=\"fr_FR\" \/>\n<meta property=\"og:type\" content=\"article\" \/>\n<meta property=\"og:title\" content=\"Economie US : Le retour des chiffres d\u00e9cevants - Gold.fr\" \/>\n<meta property=\"og:description\" content=\"Pour la FED, un taux directeur proche du z\u00e9ro (maintenu \u00e0 ce niveau depuis 2008) est un \u00ab\u00a0niveau qui demeurera appropri\u00e9 tant que le ch\u00f4mage restera au-dessus de 6,5%\u00a0\u00bb, d\u2019apr\u00e8s les propos m\u00eame de son pr\u00e9sident, [&hellip;]\" \/>\n<meta property=\"og:url\" content=\"https:\/\/www.gold.fr\/news\/2013\/07\/25\/economie-us-le-retour-des-chiffres-decevants\/\" \/>\n<meta property=\"og:site_name\" content=\"Gold.fr\" \/>\n<meta property=\"article:publisher\" content=\"https:\/\/www.facebook.com\/Goldfr\/\" \/>\n<meta property=\"article:published_time\" content=\"2013-07-25T07:00:39+00:00\" \/>\n<meta property=\"article:modified_time\" content=\"2017-11-02T10:33:25+00:00\" \/>\n<meta property=\"og:image\" content=\"https:\/\/www.gold.fr\/news\/wp-content\/uploads\/2013\/01\/drapeau-usa.jpg\" \/>\n\t<meta property=\"og:image:width\" content=\"605\" \/>\n\t<meta property=\"og:image:height\" content=\"357\" \/>\n\t<meta property=\"og:image:type\" content=\"image\/jpeg\" \/>\n<meta name=\"author\" content=\"Comptoir National de l&#039;Or\" \/>\n<meta name=\"twitter:card\" content=\"summary_large_image\" \/>\n<meta name=\"twitter:label1\" content=\"\u00c9crit par\" \/>\n\t<meta name=\"twitter:data1\" content=\"Comptoir National de l&#039;Or\" \/>\n\t<meta name=\"twitter:label2\" content=\"Dur\u00e9e de lecture estim\u00e9e\" \/>\n\t<meta name=\"twitter:data2\" content=\"1 minute\" \/>\n<script type=\"application\/ld+json\" class=\"yoast-schema-graph\">{\"@context\":\"https:\\\/\\\/schema.org\",\"@graph\":[{\"@type\":\"Article\",\"@id\":\"https:\\\/\\\/www.gold.fr\\\/news\\\/2013\\\/07\\\/25\\\/economie-us-le-retour-des-chiffres-decevants\\\/#article\",\"isPartOf\":{\"@id\":\"https:\\\/\\\/www.gold.fr\\\/news\\\/2013\\\/07\\\/25\\\/economie-us-le-retour-des-chiffres-decevants\\\/\"},\"author\":{\"name\":\"Comptoir National de l'Or\",\"@id\":\"https:\\\/\\\/www.gold.fr\\\/news\\\/#\\\/schema\\\/person\\\/070491b4b4fb7671bf59b3be20302ce9\"},\"headline\":\"Economie US : Le retour des chiffres d\u00e9cevants\",\"datePublished\":\"2013-07-25T07:00:39+00:00\",\"dateModified\":\"2017-11-02T10:33:25+00:00\",\"mainEntityOfPage\":{\"@id\":\"https:\\\/\\\/www.gold.fr\\\/news\\\/2013\\\/07\\\/25\\\/economie-us-le-retour-des-chiffres-decevants\\\/\"},\"wordCount\":303,\"commentCount\":0,\"image\":{\"@id\":\"https:\\\/\\\/www.gold.fr\\\/news\\\/2013\\\/07\\\/25\\\/economie-us-le-retour-des-chiffres-decevants\\\/#primaryimage\"},\"thumbnailUrl\":\"https:\\\/\\\/www.gold.fr\\\/news\\\/wp-content\\\/uploads\\\/2013\\\/01\\\/drapeau-usa.jpg\",\"keywords\":[\"ben bernanke\",\"\u00e9conomie US\",\"fed\",\"PIB\",\"taux chomage\"],\"articleSection\":[\"Articles de presse\"],\"inLanguage\":\"fr-FR\"},{\"@type\":\"WebPage\",\"@id\":\"https:\\\/\\\/www.gold.fr\\\/news\\\/2013\\\/07\\\/25\\\/economie-us-le-retour-des-chiffres-decevants\\\/\",\"url\":\"https:\\\/\\\/www.gold.fr\\\/news\\\/2013\\\/07\\\/25\\\/economie-us-le-retour-des-chiffres-decevants\\\/\",\"name\":\"Economie US : Le retour des chiffres d\u00e9cevants - Gold.fr\",\"isPartOf\":{\"@id\":\"https:\\\/\\\/www.gold.fr\\\/news\\\/#website\"},\"primaryImageOfPage\":{\"@id\":\"https:\\\/\\\/www.gold.fr\\\/news\\\/2013\\\/07\\\/25\\\/economie-us-le-retour-des-chiffres-decevants\\\/#primaryimage\"},\"image\":{\"@id\":\"https:\\\/\\\/www.gold.fr\\\/news\\\/2013\\\/07\\\/25\\\/economie-us-le-retour-des-chiffres-decevants\\\/#primaryimage\"},\"thumbnailUrl\":\"https:\\\/\\\/www.gold.fr\\\/news\\\/wp-content\\\/uploads\\\/2013\\\/01\\\/drapeau-usa.jpg\",\"datePublished\":\"2013-07-25T07:00:39+00:00\",\"dateModified\":\"2017-11-02T10:33:25+00:00\",\"author\":{\"@id\":\"https:\\\/\\\/www.gold.fr\\\/news\\\/#\\\/schema\\\/person\\\/070491b4b4fb7671bf59b3be20302ce9\"},\"breadcrumb\":{\"@id\":\"https:\\\/\\\/www.gold.fr\\\/news\\\/2013\\\/07\\\/25\\\/economie-us-le-retour-des-chiffres-decevants\\\/#breadcrumb\"},\"inLanguage\":\"fr-FR\",\"potentialAction\":[{\"@type\":\"ReadAction\",\"target\":[\"https:\\\/\\\/www.gold.fr\\\/news\\\/2013\\\/07\\\/25\\\/economie-us-le-retour-des-chiffres-decevants\\\/\"]}]},{\"@type\":\"ImageObject\",\"inLanguage\":\"fr-FR\",\"@id\":\"https:\\\/\\\/www.gold.fr\\\/news\\\/2013\\\/07\\\/25\\\/economie-us-le-retour-des-chiffres-decevants\\\/#primaryimage\",\"url\":\"https:\\\/\\\/www.gold.fr\\\/news\\\/wp-content\\\/uploads\\\/2013\\\/01\\\/drapeau-usa.jpg\",\"contentUrl\":\"https:\\\/\\\/www.gold.fr\\\/news\\\/wp-content\\\/uploads\\\/2013\\\/01\\\/drapeau-usa.jpg\",\"width\":\"605\",\"height\":\"357\",\"caption\":\"March\u00e9 de l\u2019or : Faut-il craindre la hausse des taux de la FED ?\"},{\"@type\":\"BreadcrumbList\",\"@id\":\"https:\\\/\\\/www.gold.fr\\\/news\\\/2013\\\/07\\\/25\\\/economie-us-le-retour-des-chiffres-decevants\\\/#breadcrumb\",\"itemListElement\":[{\"@type\":\"ListItem\",\"position\":1,\"name\":\"Accueil\",\"item\":\"https:\\\/\\\/www.gold.fr\\\/\"},{\"@type\":\"ListItem\",\"position\":2,\"name\":\"Actualit\u00e9s\",\"item\":\"https:\\\/\\\/www.gold.fr\\\/news\\\/\"},{\"@type\":\"ListItem\",\"position\":3,\"name\":\"Economie US : Le retour des chiffres d\u00e9cevants\"}]},{\"@type\":\"WebSite\",\"@id\":\"https:\\\/\\\/www.gold.fr\\\/news\\\/#website\",\"url\":\"https:\\\/\\\/www.gold.fr\\\/news\\\/\",\"name\":\"Gold.fr\",\"description\":\"Actualit\u00e9s de l&#039;Or et des m\u00e9taux pr\u00e9cieux\",\"potentialAction\":[{\"@type\":\"SearchAction\",\"target\":{\"@type\":\"EntryPoint\",\"urlTemplate\":\"https:\\\/\\\/www.gold.fr\\\/news\\\/?s={search_term_string}\"},\"query-input\":{\"@type\":\"PropertyValueSpecification\",\"valueRequired\":true,\"valueName\":\"search_term_string\"}}],\"inLanguage\":\"fr-FR\"},{\"@type\":\"Person\",\"@id\":\"https:\\\/\\\/www.gold.fr\\\/news\\\/#\\\/schema\\\/person\\\/070491b4b4fb7671bf59b3be20302ce9\",\"name\":\"Comptoir National de l'Or\",\"image\":{\"@type\":\"ImageObject\",\"inLanguage\":\"fr-FR\",\"@id\":\"https:\\\/\\\/secure.gravatar.com\\\/avatar\\\/0a2867fd5abe37bed95d5a65e9d58f01756e11efc68af9888dfc50cfa7f65948?s=96&d=mm&r=gb490554db0a38188709de567aa58480d\",\"url\":\"https:\\\/\\\/secure.gravatar.com\\\/avatar\\\/0a2867fd5abe37bed95d5a65e9d58f01756e11efc68af9888dfc50cfa7f65948?s=96&d=mm&r=g\",\"contentUrl\":\"https:\\\/\\\/secure.gravatar.com\\\/avatar\\\/0a2867fd5abe37bed95d5a65e9d58f01756e11efc68af9888dfc50cfa7f65948?s=96&d=mm&r=g\",\"caption\":\"Comptoir National de l'Or\"},\"description\":\"Notre r\u00e9daction est constitu\u00e9e de membres experts dans les m\u00e9tiers de l'\u00e9conomie et la gestion, des Responsables d'agence Comptoir National de l'Or, des analystes financiers qui publient r\u00e9guli\u00e8rement des \u00e9tudes sur les politiques des banques centrales, le cours de l'or, prix de l'or, cours de l'argent, prix de l'argent, cours du platine, cours du palladium,... la situation en zone euro et l'impact de la strat\u00e9gie mon\u00e9taire de la FED. Notre \u00e9quipe scrute \u00e9galement une information plus g\u00e9n\u00e9raliste \u00e0 la recherche d'actualit\u00e9 \\\"p\u00e9pite\\\" \u00e0 vous partager. Depuis 5 ans, nous avons publi\u00e9 un peu plus de 4000 articles qui s'adressent \u00e0 un public large et vari\u00e9 ayant pour objectif de satisfaire votre curiosit\u00e9 et de partager avec vous une certaine fascination pour le m\u00e9tal jaune, le rachat d'or, et pour ceux qui veulent investir dans l'or, vendre leur or tout simplement en savoir plus... Pour tous vos achat or et argent, n'h\u00e9sitez pas \u00e0 prendre rendez-vous dans l'un de nos nombreux comptoirs.\",\"sameAs\":[\"https:\\\/\\\/www.gold.fr\"]}]}<\/script>\n<!-- \/ Yoast SEO plugin. -->","yoast_head_json":{"title":"Economie US : Le retour des chiffres d\u00e9cevants - Gold.fr","robots":{"index":"index","follow":"follow","max-snippet":"max-snippet:-1","max-image-preview":"max-image-preview:large","max-video-preview":"max-video-preview:-1"},"canonical":"https:\/\/www.gold.fr\/news\/2013\/07\/25\/economie-us-le-retour-des-chiffres-decevants\/","og_locale":"fr_FR","og_type":"article","og_title":"Economie US : Le retour des chiffres d\u00e9cevants - Gold.fr","og_description":"Pour la FED, un taux directeur proche du z\u00e9ro (maintenu \u00e0 ce niveau depuis 2008) est un \u00ab\u00a0niveau qui demeurera appropri\u00e9 tant que le ch\u00f4mage restera au-dessus de 6,5%\u00a0\u00bb, d\u2019apr\u00e8s les propos m\u00eame de son pr\u00e9sident, [&hellip;]","og_url":"https:\/\/www.gold.fr\/news\/2013\/07\/25\/economie-us-le-retour-des-chiffres-decevants\/","og_site_name":"Gold.fr","article_publisher":"https:\/\/www.facebook.com\/Goldfr\/","article_published_time":"2013-07-25T07:00:39+00:00","article_modified_time":"2017-11-02T10:33:25+00:00","og_image":[{"width":605,"height":357,"url":"https:\/\/www.gold.fr\/news\/wp-content\/uploads\/2013\/01\/drapeau-usa.jpg","type":"image\/jpeg"}],"author":"Comptoir National de l'Or","twitter_card":"summary_large_image","twitter_misc":{"\u00c9crit par":"Comptoir National de l'Or","Dur\u00e9e de lecture estim\u00e9e":"1 minute"},"schema":{"@context":"https:\/\/schema.org","@graph":[{"@type":"Article","@id":"https:\/\/www.gold.fr\/news\/2013\/07\/25\/economie-us-le-retour-des-chiffres-decevants\/#article","isPartOf":{"@id":"https:\/\/www.gold.fr\/news\/2013\/07\/25\/economie-us-le-retour-des-chiffres-decevants\/"},"author":{"name":"Comptoir National de l'Or","@id":"https:\/\/www.gold.fr\/news\/#\/schema\/person\/070491b4b4fb7671bf59b3be20302ce9"},"headline":"Economie US : Le retour des chiffres d\u00e9cevants","datePublished":"2013-07-25T07:00:39+00:00","dateModified":"2017-11-02T10:33:25+00:00","mainEntityOfPage":{"@id":"https:\/\/www.gold.fr\/news\/2013\/07\/25\/economie-us-le-retour-des-chiffres-decevants\/"},"wordCount":303,"commentCount":0,"image":{"@id":"https:\/\/www.gold.fr\/news\/2013\/07\/25\/economie-us-le-retour-des-chiffres-decevants\/#primaryimage"},"thumbnailUrl":"https:\/\/www.gold.fr\/news\/wp-content\/uploads\/2013\/01\/drapeau-usa.jpg","keywords":["ben bernanke","\u00e9conomie US","fed","PIB","taux chomage"],"articleSection":["Articles de presse"],"inLanguage":"fr-FR"},{"@type":"WebPage","@id":"https:\/\/www.gold.fr\/news\/2013\/07\/25\/economie-us-le-retour-des-chiffres-decevants\/","url":"https:\/\/www.gold.fr\/news\/2013\/07\/25\/economie-us-le-retour-des-chiffres-decevants\/","name":"Economie US : Le retour des chiffres d\u00e9cevants - Gold.fr","isPartOf":{"@id":"https:\/\/www.gold.fr\/news\/#website"},"primaryImageOfPage":{"@id":"https:\/\/www.gold.fr\/news\/2013\/07\/25\/economie-us-le-retour-des-chiffres-decevants\/#primaryimage"},"image":{"@id":"https:\/\/www.gold.fr\/news\/2013\/07\/25\/economie-us-le-retour-des-chiffres-decevants\/#primaryimage"},"thumbnailUrl":"https:\/\/www.gold.fr\/news\/wp-content\/uploads\/2013\/01\/drapeau-usa.jpg","datePublished":"2013-07-25T07:00:39+00:00","dateModified":"2017-11-02T10:33:25+00:00","author":{"@id":"https:\/\/www.gold.fr\/news\/#\/schema\/person\/070491b4b4fb7671bf59b3be20302ce9"},"breadcrumb":{"@id":"https:\/\/www.gold.fr\/news\/2013\/07\/25\/economie-us-le-retour-des-chiffres-decevants\/#breadcrumb"},"inLanguage":"fr-FR","potentialAction":[{"@type":"ReadAction","target":["https:\/\/www.gold.fr\/news\/2013\/07\/25\/economie-us-le-retour-des-chiffres-decevants\/"]}]},{"@type":"ImageObject","inLanguage":"fr-FR","@id":"https:\/\/www.gold.fr\/news\/2013\/07\/25\/economie-us-le-retour-des-chiffres-decevants\/#primaryimage","url":"https:\/\/www.gold.fr\/news\/wp-content\/uploads\/2013\/01\/drapeau-usa.jpg","contentUrl":"https:\/\/www.gold.fr\/news\/wp-content\/uploads\/2013\/01\/drapeau-usa.jpg","width":"605","height":"357","caption":"March\u00e9 de l\u2019or : Faut-il craindre la hausse des taux de la FED ?"},{"@type":"BreadcrumbList","@id":"https:\/\/www.gold.fr\/news\/2013\/07\/25\/economie-us-le-retour-des-chiffres-decevants\/#breadcrumb","itemListElement":[{"@type":"ListItem","position":1,"name":"Accueil","item":"https:\/\/www.gold.fr\/"},{"@type":"ListItem","position":2,"name":"Actualit\u00e9s","item":"https:\/\/www.gold.fr\/news\/"},{"@type":"ListItem","position":3,"name":"Economie US : Le retour des chiffres d\u00e9cevants"}]},{"@type":"WebSite","@id":"https:\/\/www.gold.fr\/news\/#website","url":"https:\/\/www.gold.fr\/news\/","name":"Gold.fr","description":"Actualit\u00e9s de l&#039;Or et des m\u00e9taux pr\u00e9cieux","potentialAction":[{"@type":"SearchAction","target":{"@type":"EntryPoint","urlTemplate":"https:\/\/www.gold.fr\/news\/?s={search_term_string}"},"query-input":{"@type":"PropertyValueSpecification","valueRequired":true,"valueName":"search_term_string"}}],"inLanguage":"fr-FR"},{"@type":"Person","@id":"https:\/\/www.gold.fr\/news\/#\/schema\/person\/070491b4b4fb7671bf59b3be20302ce9","name":"Comptoir National de l'Or","image":{"@type":"ImageObject","inLanguage":"fr-FR","@id":"https:\/\/secure.gravatar.com\/avatar\/0a2867fd5abe37bed95d5a65e9d58f01756e11efc68af9888dfc50cfa7f65948?s=96&d=mm&r=gb490554db0a38188709de567aa58480d","url":"https:\/\/secure.gravatar.com\/avatar\/0a2867fd5abe37bed95d5a65e9d58f01756e11efc68af9888dfc50cfa7f65948?s=96&d=mm&r=g","contentUrl":"https:\/\/secure.gravatar.com\/avatar\/0a2867fd5abe37bed95d5a65e9d58f01756e11efc68af9888dfc50cfa7f65948?s=96&d=mm&r=g","caption":"Comptoir National de l'Or"},"description":"Notre r\u00e9daction est constitu\u00e9e de membres experts dans les m\u00e9tiers de l'\u00e9conomie et la gestion, des Responsables d'agence Comptoir National de l'Or, des analystes financiers qui publient r\u00e9guli\u00e8rement des \u00e9tudes sur les politiques des banques centrales, le cours de l'or, prix de l'or, cours de l'argent, prix de l'argent, cours du platine, cours du palladium,... la situation en zone euro et l'impact de la strat\u00e9gie mon\u00e9taire de la FED. Notre \u00e9quipe scrute \u00e9galement une information plus g\u00e9n\u00e9raliste \u00e0 la recherche d'actualit\u00e9 \"p\u00e9pite\" \u00e0 vous partager. Depuis 5 ans, nous avons publi\u00e9 un peu plus de 4000 articles qui s'adressent \u00e0 un public large et vari\u00e9 ayant pour objectif de satisfaire votre curiosit\u00e9 et de partager avec vous une certaine fascination pour le m\u00e9tal jaune, le rachat d'or, et pour ceux qui veulent investir dans l'or, vendre leur or tout simplement en savoir plus... Pour tous vos achat or et argent, n'h\u00e9sitez pas \u00e0 prendre rendez-vous dans l'un de nos nombreux comptoirs.","sameAs":["https:\/\/www.gold.fr"]}]}},"authors":[{"term_id":2565,"user_id":18,"is_guest":0,"slug":"julie","display_name":"Comptoir National de l'Or","avatar_url":"https:\/\/secure.gravatar.com\/avatar\/713f289e398d35ead876c4a4cc08607f0d6d266058cfc25683fffb6092d0e572?s=96&d=mm&r=g","0":null,"1":"","2":"","3":"","4":"","5":"","6":"","7":"","8":""}],"_links":{"self":[{"href":"https:\/\/www.gold.fr\/news\/wp-json\/wp\/v2\/posts\/12401","targetHints":{"allow":["GET"]}}],"collection":[{"href":"https:\/\/www.gold.fr\/news\/wp-json\/wp\/v2\/posts"}],"about":[{"href":"https:\/\/www.gold.fr\/news\/wp-json\/wp\/v2\/types\/post"}],"author":[{"embeddable":true,"href":"https:\/\/www.gold.fr\/news\/wp-json\/wp\/v2\/users\/18"}],"replies":[{"embeddable":true,"href":"https:\/\/www.gold.fr\/news\/wp-json\/wp\/v2\/comments?post=12401"}],"version-history":[{"count":0,"href":"https:\/\/www.gold.fr\/news\/wp-json\/wp\/v2\/posts\/12401\/revisions"}],"wp:featuredmedia":[{"embeddable":true,"href":"https:\/\/www.gold.fr\/news\/wp-json\/wp\/v2\/media\/10402"}],"wp:attachment":[{"href":"https:\/\/www.gold.fr\/news\/wp-json\/wp\/v2\/media?parent=12401"}],"wp:term":[{"taxonomy":"category","embeddable":true,"href":"https:\/\/www.gold.fr\/news\/wp-json\/wp\/v2\/categories?post=12401"},{"taxonomy":"post_tag","embeddable":true,"href":"https:\/\/www.gold.fr\/news\/wp-json\/wp\/v2\/tags?post=12401"},{"taxonomy":"author","embeddable":true,"href":"https:\/\/www.gold.fr\/news\/wp-json\/wp\/v2\/ppma_author?post=12401"}],"curies":[{"name":"wp","href":"https:\/\/api.w.org\/{rel}","templated":true}]}}