{"id":12329,"date":"2013-07-16T12:14:23","date_gmt":"2013-07-16T10:14:23","guid":{"rendered":"https:\/\/www.gold.fr\/news\/?p=12329"},"modified":"2021-10-11T15:41:51","modified_gmt":"2021-10-11T13:41:51","slug":"laprovence-com-parle-du-comptoir-national-de-lor-dorange","status":"publish","type":"post","link":"https:\/\/www.gold.fr\/news\/2013\/07\/16\/laprovence-com-parle-du-comptoir-national-de-lor-dorange\/","title":{"rendered":"LaProvence.com parle du Comptoir National de l&rsquo;Or d&rsquo;Orange"},"content":{"rendered":"<h1 style=\"text-align: center;\">L&rsquo;<a class=\"esk-seo-plu-link\" href=\"https:\/\/www.gold.fr\/news\/tags\/or\">or<\/a>, comment \u00e7a marche ?<\/h1>\n<h3 style=\"text-align: center;\">Acheter de l&rsquo;<a class=\"esk-seo-plu-link\" href=\"https:\/\/www.gold.fr\/news\/tags\/or\">or<\/a>, une profession qui attire de nouveaux adeptes<\/h3>\n<p>&nbsp;<\/p>\n<p style=\"text-align: justify;\">Il y a des signes qui ne trompent pas en temps de crise \u00e9conomique. La multiplication des boutiques de rachat et de vente d&rsquo;<a class=\"esk-seo-plu-link\" href=\"https:\/\/www.gold.fr\/news\/tags\/or\">or<\/a> en est un tr\u00e8s particulier. Souvent diabolis\u00e9, c&rsquo;est aussi un m\u00e9tier qui existe depuis longtemps.<\/p>\n<p style=\"text-align: justify;\">Il est vrai que lorsque l&rsquo;argent manque il faut brader le patrimoine pour vivre jusqu&rsquo;\u00e0 la fin du mois. Il est vrai aussi que le m\u00e9tier \u00e0 sa r\u00e9putation de \u00ab\u00a0receleur\u00a0\u00bb. \u00c0 Orange il y a d\u00e9sormais trois boutiques de rachat d&rsquo;<a class=\"esk-seo-plu-link\" href=\"https:\/\/www.gold.fr\/news\/tags\/or\">or<\/a>. Il faut aller plus loin que de la seule r\u00e9putation sulfureuse et voir comment elles fonctionnent.<\/p>\n<p style=\"text-align: justify;\">Tout le monde n&rsquo;a pas acc\u00e8s aux boutiques. Il faut \u00eatre majeur. Et vous ne serez pay\u00e9 que sous forme de ch\u00e8que ou par virement. Enfin en th\u00e9orie. L&rsquo;<a class=\"esk-seo-plu-link\" href=\"https:\/\/www.gold.fr\/news\/tags\/or\">or<\/a> r\u00e9colt\u00e9 est ensuite revendu la plupart du temps \u00e0 des fondeurs affili\u00e9s \u00e0 l&rsquo;\u00c9tat. Ces fondeurs sont des entreprises priv\u00e9es, tel que Cookson une multinationale implant\u00e9e dans plus de 40 pays. L&rsquo;<a class=\"esk-seo-plu-link\" href=\"https:\/\/www.gold.fr\/news\/tags\/or\">or<\/a> finit souvent dans les caisses de l&rsquo;\u00c9tat. Une mani\u00e8re aussi de r\u00e9cup\u00e9rer de l&rsquo;<a class=\"esk-seo-plu-link\" href=\"https:\/\/www.gold.fr\/news\/tags\/or\">or<\/a> pour faire grimper les richesses nationales. Les gendarmes contr\u00f4lent aussi souvent les boutiques. Ils font partie de la brigade des fraudes appel\u00e9e Groupement de lutte anti cambriolage (GELAC).<\/p>\n<p style=\"text-align: justify;\">L&rsquo;<a class=\"esk-seo-plu-link\" href=\"https:\/\/www.gold.fr\/news\/tags\/or\">or<\/a> ne se marchande pas comme une tomate sur le march\u00e9. <strong>Le responsable du Comptoir National de l&rsquo;<a class=\"esk-seo-plu-link\" href=\"https:\/\/www.gold.fr\/news\/tags\/or\">or<\/a><\/strong> qui n&rsquo;a pas souhait\u00e9 r\u00e9v\u00e9ler son identit\u00e9 l&rsquo;affirme. \u00ab\u00a0Je ne vends qu&rsquo;au cours du jour, l&rsquo;<a class=\"esk-seo-plu-link\" href=\"https:\/\/www.gold.fr\/news\/tags\/or\">or<\/a> est une valeur boursi\u00e8re comme une autre. J&rsquo;essaye d&rsquo;\u00eatre le plus juste possible. Comme pour les pi\u00e8ces de monnaies je suis une c\u00f4te boursi\u00e8re qui change chaque jour.\u00a0\u00bb<\/p>\n<p style=\"text-align: justify;\">Une chose que toutes les boutiques se doivent d&rsquo;appliquer&#8230;<strong><a title=\"L'or, comment \u00e7a marche ?\" href=\"http:\/\/www.laprovence.com\/article\/edition-haut-vaucluse\/2449934\/lor-comment-ca-marche.html\" target=\"_blank\" rel=\"noopener\">&gt;&gt;&gt; Lire la suite<\/a><\/strong><\/p>\n<!-- AddThis Advanced Settings generic via filter on the_content --><!-- AddThis Share Buttons generic via filter on the_content -->","protected":false},"excerpt":{"rendered":"<p>L&rsquo;or, comment \u00e7a marche ? Acheter de l&rsquo;or, une profession qui attire de nouveaux adeptes &nbsp; Il y a des signes qui ne trompent pas en temps de crise \u00e9conomique. La multiplication des boutiques de rachat [&hellip;]<\/p>\n","protected":false},"author":11,"featured_media":12332,"comment_status":"closed","ping_status":"closed","sticky":false,"template":"","format":"standard","meta":{"_mbp_gutenberg_autopost":false,"_pgmb_is_evergreen":false,"_pgmb_ap_template_id":0,"footnotes":""},"categories":[6],"tags":[17,231,115,1419,392,336,304,18,464,394,393],"ppma_author":[2562],"class_list":["post-12329","post","type-post","status-publish","format-standard","has-post-thumbnail","hentry","category-articles-de-presse","tag-achat-dor","tag-achat-or","tag-comptoir-national-de-lor","tag-laprovence-com","tag-orange","tag-rachat-dor","tag-rachat-or","tag-vente-dor","tag-vente-or","tag-_orange_","tag-_orange_footer_"],"yoast_head":"<!-- This site is optimized with the Yoast SEO plugin v27.5 - https:\/\/yoast.com\/product\/yoast-seo-wordpress\/ -->\n<title>LaProvence.com parle du Comptoir National de l&#039;Or d&#039;Orange<\/title>\n<meta name=\"description\" content=\"LaProvence.com parle du Comptoir National de l&#039;Or d&#039;Orange, Acheter de l&#039;or, une profession qui attire de nouveaux adeptes\" \/>\n<meta name=\"robots\" content=\"index, follow, max-snippet:-1, max-image-preview:large, max-video-preview:-1\" \/>\n<link rel=\"canonical\" href=\"https:\/\/www.gold.fr\/news\/2013\/07\/16\/laprovence-com-parle-du-comptoir-national-de-lor-dorange\/\" \/>\n<meta property=\"og:locale\" content=\"fr_FR\" \/>\n<meta property=\"og:type\" content=\"article\" \/>\n<meta property=\"og:title\" content=\"LaProvence.com parle du Comptoir National de l&#039;Or d&#039;Orange\" \/>\n<meta property=\"og:description\" content=\"LaProvence.com parle du Comptoir National de l&#039;Or d&#039;Orange, Acheter de l&#039;or, une profession qui attire de nouveaux adeptes\" \/>\n<meta property=\"og:url\" content=\"https:\/\/www.gold.fr\/news\/2013\/07\/16\/laprovence-com-parle-du-comptoir-national-de-lor-dorange\/\" \/>\n<meta property=\"og:site_name\" content=\"Gold.fr\" \/>\n<meta property=\"article:publisher\" content=\"https:\/\/www.facebook.com\/Goldfr\/\" \/>\n<meta property=\"article:published_time\" content=\"2013-07-16T10:14:23+00:00\" \/>\n<meta property=\"article:modified_time\" content=\"2021-10-11T13:41:51+00:00\" \/>\n<meta property=\"og:image\" content=\"https:\/\/www.gold.fr\/news\/wp-content\/uploads\/2013\/07\/logo-laprovence.jpg\" \/>\n\t<meta property=\"og:image:width\" content=\"600\" \/>\n\t<meta property=\"og:image:height\" content=\"400\" \/>\n\t<meta property=\"og:image:type\" content=\"image\/jpeg\" \/>\n<meta name=\"author\" content=\"Anthony\" \/>\n<meta name=\"twitter:card\" content=\"summary_large_image\" \/>\n<meta name=\"twitter:label1\" content=\"\u00c9crit par\" \/>\n\t<meta name=\"twitter:data1\" content=\"Anthony\" \/>\n\t<meta name=\"twitter:label2\" content=\"Dur\u00e9e de lecture estim\u00e9e\" \/>\n\t<meta name=\"twitter:data2\" content=\"2 minutes\" \/>\n<script type=\"application\/ld+json\" class=\"yoast-schema-graph\">{\"@context\":\"https:\\\/\\\/schema.org\",\"@graph\":[{\"@type\":\"Article\",\"@id\":\"https:\\\/\\\/www.gold.fr\\\/news\\\/2013\\\/07\\\/16\\\/laprovence-com-parle-du-comptoir-national-de-lor-dorange\\\/#article\",\"isPartOf\":{\"@id\":\"https:\\\/\\\/www.gold.fr\\\/news\\\/2013\\\/07\\\/16\\\/laprovence-com-parle-du-comptoir-national-de-lor-dorange\\\/\"},\"author\":{\"name\":\"Anthony\",\"@id\":\"https:\\\/\\\/www.gold.fr\\\/news\\\/#\\\/schema\\\/person\\\/feb6458ffd7bceeeb4e228398c34fbe5\"},\"headline\":\"LaProvence.com parle du Comptoir National de l&rsquo;Or d&rsquo;Orange\",\"datePublished\":\"2013-07-16T10:14:23+00:00\",\"dateModified\":\"2021-10-11T13:41:51+00:00\",\"mainEntityOfPage\":{\"@id\":\"https:\\\/\\\/www.gold.fr\\\/news\\\/2013\\\/07\\\/16\\\/laprovence-com-parle-du-comptoir-national-de-lor-dorange\\\/\"},\"wordCount\":343,\"image\":{\"@id\":\"https:\\\/\\\/www.gold.fr\\\/news\\\/2013\\\/07\\\/16\\\/laprovence-com-parle-du-comptoir-national-de-lor-dorange\\\/#primaryimage\"},\"thumbnailUrl\":\"https:\\\/\\\/www.gold.fr\\\/news\\\/wp-content\\\/uploads\\\/2013\\\/07\\\/logo-laprovence.jpg\",\"keywords\":[\"Achat d'Or\",\"Achat or\",\"Comptoir National de l'Or\",\"laprovence.com\",\"Orange\",\"Rachat d'Or\",\"rachat or\",\"Vente d'Or\",\"Vente or\",\"_Orange_\",\"_Orange_footer_\"],\"articleSection\":[\"Articles de presse\"],\"inLanguage\":\"fr-FR\"},{\"@type\":\"WebPage\",\"@id\":\"https:\\\/\\\/www.gold.fr\\\/news\\\/2013\\\/07\\\/16\\\/laprovence-com-parle-du-comptoir-national-de-lor-dorange\\\/\",\"url\":\"https:\\\/\\\/www.gold.fr\\\/news\\\/2013\\\/07\\\/16\\\/laprovence-com-parle-du-comptoir-national-de-lor-dorange\\\/\",\"name\":\"LaProvence.com parle du Comptoir National de l'Or d'Orange\",\"isPartOf\":{\"@id\":\"https:\\\/\\\/www.gold.fr\\\/news\\\/#website\"},\"primaryImageOfPage\":{\"@id\":\"https:\\\/\\\/www.gold.fr\\\/news\\\/2013\\\/07\\\/16\\\/laprovence-com-parle-du-comptoir-national-de-lor-dorange\\\/#primaryimage\"},\"image\":{\"@id\":\"https:\\\/\\\/www.gold.fr\\\/news\\\/2013\\\/07\\\/16\\\/laprovence-com-parle-du-comptoir-national-de-lor-dorange\\\/#primaryimage\"},\"thumbnailUrl\":\"https:\\\/\\\/www.gold.fr\\\/news\\\/wp-content\\\/uploads\\\/2013\\\/07\\\/logo-laprovence.jpg\",\"datePublished\":\"2013-07-16T10:14:23+00:00\",\"dateModified\":\"2021-10-11T13:41:51+00:00\",\"author\":{\"@id\":\"https:\\\/\\\/www.gold.fr\\\/news\\\/#\\\/schema\\\/person\\\/feb6458ffd7bceeeb4e228398c34fbe5\"},\"description\":\"LaProvence.com parle du Comptoir National de l'Or d'Orange, Acheter de l'or, une profession qui attire de nouveaux adeptes\",\"breadcrumb\":{\"@id\":\"https:\\\/\\\/www.gold.fr\\\/news\\\/2013\\\/07\\\/16\\\/laprovence-com-parle-du-comptoir-national-de-lor-dorange\\\/#breadcrumb\"},\"inLanguage\":\"fr-FR\",\"potentialAction\":[{\"@type\":\"ReadAction\",\"target\":[\"https:\\\/\\\/www.gold.fr\\\/news\\\/2013\\\/07\\\/16\\\/laprovence-com-parle-du-comptoir-national-de-lor-dorange\\\/\"]}]},{\"@type\":\"ImageObject\",\"inLanguage\":\"fr-FR\",\"@id\":\"https:\\\/\\\/www.gold.fr\\\/news\\\/2013\\\/07\\\/16\\\/laprovence-com-parle-du-comptoir-national-de-lor-dorange\\\/#primaryimage\",\"url\":\"https:\\\/\\\/www.gold.fr\\\/news\\\/wp-content\\\/uploads\\\/2013\\\/07\\\/logo-laprovence.jpg\",\"contentUrl\":\"https:\\\/\\\/www.gold.fr\\\/news\\\/wp-content\\\/uploads\\\/2013\\\/07\\\/logo-laprovence.jpg\",\"width\":\"600\",\"height\":\"400\",\"caption\":\"logo-laprovence\"},{\"@type\":\"BreadcrumbList\",\"@id\":\"https:\\\/\\\/www.gold.fr\\\/news\\\/2013\\\/07\\\/16\\\/laprovence-com-parle-du-comptoir-national-de-lor-dorange\\\/#breadcrumb\",\"itemListElement\":[{\"@type\":\"ListItem\",\"position\":1,\"name\":\"Accueil\",\"item\":\"https:\\\/\\\/www.gold.fr\\\/\"},{\"@type\":\"ListItem\",\"position\":2,\"name\":\"Actualit\u00e9s\",\"item\":\"https:\\\/\\\/www.gold.fr\\\/news\\\/\"},{\"@type\":\"ListItem\",\"position\":3,\"name\":\"LaProvence.com parle du Comptoir National de l&rsquo;Or d&rsquo;Orange\"}]},{\"@type\":\"WebSite\",\"@id\":\"https:\\\/\\\/www.gold.fr\\\/news\\\/#website\",\"url\":\"https:\\\/\\\/www.gold.fr\\\/news\\\/\",\"name\":\"Gold.fr\",\"description\":\"Actualit\u00e9s de l&#039;Or et des m\u00e9taux pr\u00e9cieux\",\"potentialAction\":[{\"@type\":\"SearchAction\",\"target\":{\"@type\":\"EntryPoint\",\"urlTemplate\":\"https:\\\/\\\/www.gold.fr\\\/news\\\/?s={search_term_string}\"},\"query-input\":{\"@type\":\"PropertyValueSpecification\",\"valueRequired\":true,\"valueName\":\"search_term_string\"}}],\"inLanguage\":\"fr-FR\"},{\"@type\":\"Person\",\"@id\":\"https:\\\/\\\/www.gold.fr\\\/news\\\/#\\\/schema\\\/person\\\/feb6458ffd7bceeeb4e228398c34fbe5\",\"name\":\"Anthony\",\"image\":{\"@type\":\"ImageObject\",\"inLanguage\":\"fr-FR\",\"@id\":\"https:\\\/\\\/secure.gravatar.com\\\/avatar\\\/19974f7c75da5f0b217374f3a37eb05031e41aaad4ceb3fe17ada2ab3daf6b95?s=96&d=mm&r=gbc5324aff3d366843e00df00c899c1a8\",\"url\":\"https:\\\/\\\/secure.gravatar.com\\\/avatar\\\/19974f7c75da5f0b217374f3a37eb05031e41aaad4ceb3fe17ada2ab3daf6b95?s=96&d=mm&r=g\",\"contentUrl\":\"https:\\\/\\\/secure.gravatar.com\\\/avatar\\\/19974f7c75da5f0b217374f3a37eb05031e41aaad4ceb3fe17ada2ab3daf6b95?s=96&d=mm&r=g\",\"caption\":\"Anthony\"},\"description\":\"Notre r\u00e9daction est constitu\u00e9e de membres experts dans les m\u00e9tiers de l'\u00e9conomie et la gestion, des Responsables d'agence Comptoir National de l'Or, des analystes financiers qui publient r\u00e9guli\u00e8rement des \u00e9tudes sur les politiques des banques centrales, le cours de l'or, le cours de l'argent, cours du platine, cours du palladium... la situation en zone euro et l'impact de la strat\u00e9gie mon\u00e9taire de la FED. Notre \u00e9quipe scrute \u00e9galement une information plus g\u00e9n\u00e9raliste \u00e0 la recherche d'actualit\u00e9 \\\"p\u00e9pite\\\" \u00e0 vous partager. Depuis 5 ans, nous avons publi\u00e9 un peu plus de 4000 articles qui s'adressent \u00e0 un public large et vari\u00e9 ayant pour objectif de satisfaire votre curiosit\u00e9 et de partager avec vous une certaine fascination pour le m\u00e9tal jaune, pour ceux qui veulent investir dans l'or, vendre leur or tout simplement en savoir plus...\",\"sameAs\":[\"https:\\\/\\\/www.gold.fr\\\/news\"]}]}<\/script>\n<!-- \/ Yoast SEO plugin. -->","yoast_head_json":{"title":"LaProvence.com parle du Comptoir National de l'Or d'Orange","description":"LaProvence.com parle du Comptoir National de l'Or d'Orange, Acheter de l'or, une profession qui attire de nouveaux adeptes","robots":{"index":"index","follow":"follow","max-snippet":"max-snippet:-1","max-image-preview":"max-image-preview:large","max-video-preview":"max-video-preview:-1"},"canonical":"https:\/\/www.gold.fr\/news\/2013\/07\/16\/laprovence-com-parle-du-comptoir-national-de-lor-dorange\/","og_locale":"fr_FR","og_type":"article","og_title":"LaProvence.com parle du Comptoir National de l'Or d'Orange","og_description":"LaProvence.com parle du Comptoir National de l'Or d'Orange, Acheter de l'or, une profession qui attire de nouveaux adeptes","og_url":"https:\/\/www.gold.fr\/news\/2013\/07\/16\/laprovence-com-parle-du-comptoir-national-de-lor-dorange\/","og_site_name":"Gold.fr","article_publisher":"https:\/\/www.facebook.com\/Goldfr\/","article_published_time":"2013-07-16T10:14:23+00:00","article_modified_time":"2021-10-11T13:41:51+00:00","og_image":[{"width":600,"height":400,"url":"https:\/\/www.gold.fr\/news\/wp-content\/uploads\/2013\/07\/logo-laprovence.jpg","type":"image\/jpeg"}],"author":"Anthony","twitter_card":"summary_large_image","twitter_misc":{"\u00c9crit par":"Anthony","Dur\u00e9e de lecture estim\u00e9e":"2 minutes"},"schema":{"@context":"https:\/\/schema.org","@graph":[{"@type":"Article","@id":"https:\/\/www.gold.fr\/news\/2013\/07\/16\/laprovence-com-parle-du-comptoir-national-de-lor-dorange\/#article","isPartOf":{"@id":"https:\/\/www.gold.fr\/news\/2013\/07\/16\/laprovence-com-parle-du-comptoir-national-de-lor-dorange\/"},"author":{"name":"Anthony","@id":"https:\/\/www.gold.fr\/news\/#\/schema\/person\/feb6458ffd7bceeeb4e228398c34fbe5"},"headline":"LaProvence.com parle du Comptoir National de l&rsquo;Or d&rsquo;Orange","datePublished":"2013-07-16T10:14:23+00:00","dateModified":"2021-10-11T13:41:51+00:00","mainEntityOfPage":{"@id":"https:\/\/www.gold.fr\/news\/2013\/07\/16\/laprovence-com-parle-du-comptoir-national-de-lor-dorange\/"},"wordCount":343,"image":{"@id":"https:\/\/www.gold.fr\/news\/2013\/07\/16\/laprovence-com-parle-du-comptoir-national-de-lor-dorange\/#primaryimage"},"thumbnailUrl":"https:\/\/www.gold.fr\/news\/wp-content\/uploads\/2013\/07\/logo-laprovence.jpg","keywords":["Achat d'Or","Achat or","Comptoir National de l'Or","laprovence.com","Orange","Rachat d'Or","rachat or","Vente d'Or","Vente or","_Orange_","_Orange_footer_"],"articleSection":["Articles de presse"],"inLanguage":"fr-FR"},{"@type":"WebPage","@id":"https:\/\/www.gold.fr\/news\/2013\/07\/16\/laprovence-com-parle-du-comptoir-national-de-lor-dorange\/","url":"https:\/\/www.gold.fr\/news\/2013\/07\/16\/laprovence-com-parle-du-comptoir-national-de-lor-dorange\/","name":"LaProvence.com parle du Comptoir National de l'Or d'Orange","isPartOf":{"@id":"https:\/\/www.gold.fr\/news\/#website"},"primaryImageOfPage":{"@id":"https:\/\/www.gold.fr\/news\/2013\/07\/16\/laprovence-com-parle-du-comptoir-national-de-lor-dorange\/#primaryimage"},"image":{"@id":"https:\/\/www.gold.fr\/news\/2013\/07\/16\/laprovence-com-parle-du-comptoir-national-de-lor-dorange\/#primaryimage"},"thumbnailUrl":"https:\/\/www.gold.fr\/news\/wp-content\/uploads\/2013\/07\/logo-laprovence.jpg","datePublished":"2013-07-16T10:14:23+00:00","dateModified":"2021-10-11T13:41:51+00:00","author":{"@id":"https:\/\/www.gold.fr\/news\/#\/schema\/person\/feb6458ffd7bceeeb4e228398c34fbe5"},"description":"LaProvence.com parle du Comptoir National de l'Or d'Orange, Acheter de l'or, une profession qui attire de nouveaux adeptes","breadcrumb":{"@id":"https:\/\/www.gold.fr\/news\/2013\/07\/16\/laprovence-com-parle-du-comptoir-national-de-lor-dorange\/#breadcrumb"},"inLanguage":"fr-FR","potentialAction":[{"@type":"ReadAction","target":["https:\/\/www.gold.fr\/news\/2013\/07\/16\/laprovence-com-parle-du-comptoir-national-de-lor-dorange\/"]}]},{"@type":"ImageObject","inLanguage":"fr-FR","@id":"https:\/\/www.gold.fr\/news\/2013\/07\/16\/laprovence-com-parle-du-comptoir-national-de-lor-dorange\/#primaryimage","url":"https:\/\/www.gold.fr\/news\/wp-content\/uploads\/2013\/07\/logo-laprovence.jpg","contentUrl":"https:\/\/www.gold.fr\/news\/wp-content\/uploads\/2013\/07\/logo-laprovence.jpg","width":"600","height":"400","caption":"logo-laprovence"},{"@type":"BreadcrumbList","@id":"https:\/\/www.gold.fr\/news\/2013\/07\/16\/laprovence-com-parle-du-comptoir-national-de-lor-dorange\/#breadcrumb","itemListElement":[{"@type":"ListItem","position":1,"name":"Accueil","item":"https:\/\/www.gold.fr\/"},{"@type":"ListItem","position":2,"name":"Actualit\u00e9s","item":"https:\/\/www.gold.fr\/news\/"},{"@type":"ListItem","position":3,"name":"LaProvence.com parle du Comptoir National de l&rsquo;Or d&rsquo;Orange"}]},{"@type":"WebSite","@id":"https:\/\/www.gold.fr\/news\/#website","url":"https:\/\/www.gold.fr\/news\/","name":"Gold.fr","description":"Actualit\u00e9s de l&#039;Or et des m\u00e9taux pr\u00e9cieux","potentialAction":[{"@type":"SearchAction","target":{"@type":"EntryPoint","urlTemplate":"https:\/\/www.gold.fr\/news\/?s={search_term_string}"},"query-input":{"@type":"PropertyValueSpecification","valueRequired":true,"valueName":"search_term_string"}}],"inLanguage":"fr-FR"},{"@type":"Person","@id":"https:\/\/www.gold.fr\/news\/#\/schema\/person\/feb6458ffd7bceeeb4e228398c34fbe5","name":"Anthony","image":{"@type":"ImageObject","inLanguage":"fr-FR","@id":"https:\/\/secure.gravatar.com\/avatar\/19974f7c75da5f0b217374f3a37eb05031e41aaad4ceb3fe17ada2ab3daf6b95?s=96&d=mm&r=gbc5324aff3d366843e00df00c899c1a8","url":"https:\/\/secure.gravatar.com\/avatar\/19974f7c75da5f0b217374f3a37eb05031e41aaad4ceb3fe17ada2ab3daf6b95?s=96&d=mm&r=g","contentUrl":"https:\/\/secure.gravatar.com\/avatar\/19974f7c75da5f0b217374f3a37eb05031e41aaad4ceb3fe17ada2ab3daf6b95?s=96&d=mm&r=g","caption":"Anthony"},"description":"Notre r\u00e9daction est constitu\u00e9e de membres experts dans les m\u00e9tiers de l'\u00e9conomie et la gestion, des Responsables d'agence Comptoir National de l'Or, des analystes financiers qui publient r\u00e9guli\u00e8rement des \u00e9tudes sur les politiques des banques centrales, le cours de l'or, le cours de l'argent, cours du platine, cours du palladium... la situation en zone euro et l'impact de la strat\u00e9gie mon\u00e9taire de la FED. Notre \u00e9quipe scrute \u00e9galement une information plus g\u00e9n\u00e9raliste \u00e0 la recherche d'actualit\u00e9 \"p\u00e9pite\" \u00e0 vous partager. Depuis 5 ans, nous avons publi\u00e9 un peu plus de 4000 articles qui s'adressent \u00e0 un public large et vari\u00e9 ayant pour objectif de satisfaire votre curiosit\u00e9 et de partager avec vous une certaine fascination pour le m\u00e9tal jaune, pour ceux qui veulent investir dans l'or, vendre leur or tout simplement en savoir plus...","sameAs":["https:\/\/www.gold.fr\/news"]}]}},"authors":[{"term_id":2562,"user_id":11,"is_guest":0,"slug":"anthony","display_name":"Anthony","avatar_url":"https:\/\/secure.gravatar.com\/avatar\/19974f7c75da5f0b217374f3a37eb05031e41aaad4ceb3fe17ada2ab3daf6b95?s=96&d=mm&r=g","0":null,"1":"","2":"","3":"","4":"","5":"","6":"","7":"","8":""}],"_links":{"self":[{"href":"https:\/\/www.gold.fr\/news\/wp-json\/wp\/v2\/posts\/12329","targetHints":{"allow":["GET"]}}],"collection":[{"href":"https:\/\/www.gold.fr\/news\/wp-json\/wp\/v2\/posts"}],"about":[{"href":"https:\/\/www.gold.fr\/news\/wp-json\/wp\/v2\/types\/post"}],"author":[{"embeddable":true,"href":"https:\/\/www.gold.fr\/news\/wp-json\/wp\/v2\/users\/11"}],"replies":[{"embeddable":true,"href":"https:\/\/www.gold.fr\/news\/wp-json\/wp\/v2\/comments?post=12329"}],"version-history":[{"count":0,"href":"https:\/\/www.gold.fr\/news\/wp-json\/wp\/v2\/posts\/12329\/revisions"}],"wp:featuredmedia":[{"embeddable":true,"href":"https:\/\/www.gold.fr\/news\/wp-json\/wp\/v2\/media\/12332"}],"wp:attachment":[{"href":"https:\/\/www.gold.fr\/news\/wp-json\/wp\/v2\/media?parent=12329"}],"wp:term":[{"taxonomy":"category","embeddable":true,"href":"https:\/\/www.gold.fr\/news\/wp-json\/wp\/v2\/categories?post=12329"},{"taxonomy":"post_tag","embeddable":true,"href":"https:\/\/www.gold.fr\/news\/wp-json\/wp\/v2\/tags?post=12329"},{"taxonomy":"author","embeddable":true,"href":"https:\/\/www.gold.fr\/news\/wp-json\/wp\/v2\/ppma_author?post=12329"}],"curies":[{"name":"wp","href":"https:\/\/api.w.org\/{rel}","templated":true}]}}