{"id":12288,"date":"2013-07-15T12:03:52","date_gmt":"2013-07-15T10:03:52","guid":{"rendered":"https:\/\/www.gold.fr\/news\/?p=12288"},"modified":"2020-12-07T16:26:59","modified_gmt":"2020-12-07T15:26:59","slug":"or-vers-la-sortie-de-lombre","status":"publish","type":"post","link":"https:\/\/www.gold.fr\/news\/2013\/07\/15\/or-vers-la-sortie-de-lombre\/","title":{"rendered":"Or : Vers la sortie de l&rsquo;ombre !"},"content":{"rendered":"<p style=\"text-align: justify;\"><img loading=\"lazy\" decoding=\"async\" class=\"alignleft size-thumbnail wp-image-5519\" style=\"float: left; margin: 5px; border: 1px solid black;\" title=\"Cours de l'Or de Bourse\" src=\"https:\/\/www.gold.fr\/news\/wp-content\/uploads\/2012\/02\/Cours-de-lOr-150x150.jpg\" alt=\"\" width=\"150\" height=\"150\" \/>L&rsquo;<a class=\"esk-seo-plu-link\" href=\"https:\/\/www.gold.fr\/news\/tags\/or\">or<\/a> noir, voici le principal b\u00e9n\u00e9ficiaire de ces derniers jours. L&rsquo;Egypte plong\u00e9 dans son nouveau climat sociopolitique tendu. Dans ce contexte et sachant que le pays des pharaons n&rsquo;est pas un grand producteur de p\u00e9trole, <strong>le baril a d\u00e9pass\u00e9 ces derniers jours les 105 dollars pour la premi\u00e8re fois depuis mai 2012<\/strong>.<\/p>\n<p style=\"text-align: justify;\">De nombreux experts consid\u00e8rent que les fluctuations du <a class=\"esk-seo-plu-link\" href=\"https:\/\/www.gold.fr\/news\/tags\/cours-de-lor\">cours de l&rsquo;or<\/a> noir risquent fort d&rsquo;engendrer des pressions inflationnistes. Aujourd&rsquo;hui, la situation \u00e9gyptienne ne semble pas r\u00e9ellement sur le point de s&rsquo;arranger. C&rsquo;est la raison pour laquelle nous assistons \u00e0 des <a title=\"Achat d'Or\" href=\"https:\/\/www.gold.fr\/achat-or\/\" target=\"_blank\" rel=\"noopener noreferrer\">achats<\/a> compulsifs d&rsquo;<a class=\"esk-seo-plu-link\" href=\"https:\/\/www.gold.fr\/news\/tags\/or\">or<\/a> du c\u00f4t\u00e9 des investisseurs. Ces derniers cherchent \u00e0 se pr\u00e9munir contre l&rsquo;inflation \u00e0 venir, c&rsquo;est du moins ce qu&rsquo;affirment bon nombre d&rsquo;observateurs.<\/p>\n<p style=\"text-align: justify;\">D&rsquo;autres pays ont vu leur demande d&rsquo;<a class=\"esk-seo-plu-link\" href=\"https:\/\/www.gold.fr\/news\/tags\/or\">or<\/a> exploser et ont \u00e9galement renflou\u00e9 leurs stocks ces derniers mois. A titre d&rsquo;exemple, la Turquie, 4<sup>\u00e8me<\/sup> consommateur de <a class=\"esk-seo-plu-link\" href=\"https:\/\/www.gold.fr\/news\/tags\/or\">m\u00e9tal pr\u00e9cieux<\/a> au monde, a multipli\u00e9 ses importations \u00e0 45,5 tonnes au mois d&rsquo;avril et 43 tonnes en mai et juin, cons\u00e9quence de <a title=\"Cours de l'Once d'Or\" href=\"https:\/\/www.gold.fr\/cours-prix-de-l-or\/\" target=\"_blank\" rel=\"noopener noreferrer\">la chute vertigineuse des cours de l&rsquo;once<\/a>.<\/p>\n<p style=\"text-align: justify;\">En fait quelque soient les motivations de la progression de la demande d&rsquo;<a class=\"esk-seo-plu-link\" href=\"https:\/\/www.gold.fr\/news\/tags\/or\">or<\/a> \u00e0 laquelle nous assistons aujourd&rsquo;hui, celui ci occupe toujours une place majeure en tant qu&rsquo;actif ! Et son retour a bien l&rsquo;air de se confirmer si l&rsquo;on tient compte d&rsquo;indicateurs tels que le rendement des obligations souveraines au Portugal. Celui ci a en effet, franchi la barre des 8% \u00e0 cause du climat politique incertain qui y r\u00e8gne. Il est un fait que <strong>cette donne va non seulement participer au maintien du <a class=\"esk-seo-plu-link\" href=\"https:\/\/www.gold.fr\/news\/tags\/cours-de-lor\">cours de l&rsquo;or<\/a> mais tr\u00e8s probablement acc\u00e9l\u00e9rer l&rsquo;ascension de l&rsquo;once<\/strong>.<\/p>\n<p style=\"text-align: justify;\">S&rsquo;ajoute \u00e0 cela la d\u00e9cision tant attendue et prise par Bernanke tout r\u00e9cemment, de maintenir une politique mon\u00e9taire ultra accommodante pour l&rsquo;\u00e9conomie am\u00e9ricaine et laquelle comme chacun le sais conduira fatalement \u00e0 une hyperinflation.<\/p>\n<p style=\"text-align: justify;\">Voil\u00e0 pourquoi, sur les 40 analystes questionn\u00e9s de l&rsquo;agence Bloomberg News, une majorit\u00e9, soit 27 d&rsquo;entres eux n&rsquo;ont aucun doute sur la mont\u00e9e des cours du <a class=\"esk-seo-plu-link\" href=\"https:\/\/www.gold.fr\/news\/tags\/or\">m\u00e9tal jaune<\/a> dans les prochaines semaines. Et le ciel de l&rsquo;<a class=\"esk-seo-plu-link\" href=\"https:\/\/www.gold.fr\/news\/tags\/or\">or<\/a> qui depuis quelques mois se voit pourvu de nuages, commence depuis quelques jours \u00e0 se d\u00e9gager et ne fait que corroborer cette id\u00e9e \u00ab\u00a0visionnaire\u00a0\u00bb.<\/p>\n<p style=\"text-align: right;\"><span style=\"font-size: x-small;\"><em>Sources : conseiller.ca\/capital.fr\/lesechos.fr<\/em><\/span><\/p>\n<!-- AddThis Advanced Settings generic via filter on the_content --><!-- AddThis Share Buttons generic via filter on the_content -->","protected":false},"excerpt":{"rendered":"<p>L&rsquo;or noir, voici le principal b\u00e9n\u00e9ficiaire de ces derniers jours. L&rsquo;Egypte plong\u00e9 dans son nouveau climat sociopolitique tendu. Dans ce contexte et sachant que le pays des pharaons n&rsquo;est pas un grand producteur de p\u00e9trole, le [&hellip;]<\/p>\n","protected":false},"author":11,"featured_media":36311,"comment_status":"closed","ping_status":"closed","sticky":false,"template":"","format":"standard","meta":{"_mbp_gutenberg_autopost":false,"_pgmb_is_evergreen":false,"_pgmb_ap_template_id":0,"footnotes":""},"categories":[4],"tags":[17,231,961,384,85,76,1411,352,84],"ppma_author":[2562],"class_list":["post-12288","post","type-post","status-publish","format-standard","has-post-thumbnail","hentry","category-analyses-economiques","tag-achat-dor","tag-achat-or","tag-cours-or","tag-hausse-du-cours-de-lor","tag-once-dor","tag-or","tag-or-noir","tag-petrole","tag-cours-de-lor"],"yoast_head":"<!-- This site is optimized with the Yoast SEO plugin v27.5 - https:\/\/yoast.com\/product\/yoast-seo-wordpress\/ -->\n<title>Or : Vers la sortie de l&#039;ombre ! - Gold.fr<\/title>\n<meta name=\"robots\" content=\"index, follow, max-snippet:-1, max-image-preview:large, max-video-preview:-1\" \/>\n<link rel=\"canonical\" href=\"https:\/\/www.gold.fr\/news\/2013\/07\/15\/or-vers-la-sortie-de-lombre\/\" \/>\n<meta property=\"og:locale\" content=\"fr_FR\" \/>\n<meta property=\"og:type\" content=\"article\" \/>\n<meta property=\"og:title\" content=\"Or : Vers la sortie de l&#039;ombre ! - Gold.fr\" \/>\n<meta property=\"og:description\" content=\"L&rsquo;or noir, voici le principal b\u00e9n\u00e9ficiaire de ces derniers jours. L&rsquo;Egypte plong\u00e9 dans son nouveau climat sociopolitique tendu. Dans ce contexte et sachant que le pays des pharaons n&rsquo;est pas un grand producteur de p\u00e9trole, le [&hellip;]\" \/>\n<meta property=\"og:url\" content=\"https:\/\/www.gold.fr\/news\/2013\/07\/15\/or-vers-la-sortie-de-lombre\/\" \/>\n<meta property=\"og:site_name\" content=\"Gold.fr\" \/>\n<meta property=\"article:publisher\" content=\"https:\/\/www.facebook.com\/Goldfr\/\" \/>\n<meta property=\"article:published_time\" content=\"2013-07-15T10:03:52+00:00\" \/>\n<meta property=\"article:modified_time\" content=\"2020-12-07T15:26:59+00:00\" \/>\n<meta property=\"og:image\" content=\"https:\/\/www.gold.fr\/news\/wp-content\/uploads\/2020\/05\/iStock-532668887.jpg\" \/>\n\t<meta property=\"og:image:width\" content=\"2121\" \/>\n\t<meta property=\"og:image:height\" content=\"1414\" \/>\n\t<meta property=\"og:image:type\" content=\"image\/jpeg\" \/>\n<meta name=\"author\" content=\"Anthony\" \/>\n<meta name=\"twitter:card\" content=\"summary_large_image\" \/>\n<meta name=\"twitter:label1\" content=\"\u00c9crit par\" \/>\n\t<meta name=\"twitter:data1\" content=\"Anthony\" \/>\n\t<meta name=\"twitter:label2\" content=\"Dur\u00e9e de lecture estim\u00e9e\" \/>\n\t<meta name=\"twitter:data2\" content=\"2 minutes\" \/>\n<script type=\"application\/ld+json\" class=\"yoast-schema-graph\">{\"@context\":\"https:\\\/\\\/schema.org\",\"@graph\":[{\"@type\":\"Article\",\"@id\":\"https:\\\/\\\/www.gold.fr\\\/news\\\/2013\\\/07\\\/15\\\/or-vers-la-sortie-de-lombre\\\/#article\",\"isPartOf\":{\"@id\":\"https:\\\/\\\/www.gold.fr\\\/news\\\/2013\\\/07\\\/15\\\/or-vers-la-sortie-de-lombre\\\/\"},\"author\":{\"name\":\"Anthony\",\"@id\":\"https:\\\/\\\/www.gold.fr\\\/news\\\/#\\\/schema\\\/person\\\/feb6458ffd7bceeeb4e228398c34fbe5\"},\"headline\":\"Or : Vers la sortie de l&rsquo;ombre !\",\"datePublished\":\"2013-07-15T10:03:52+00:00\",\"dateModified\":\"2020-12-07T15:26:59+00:00\",\"mainEntityOfPage\":{\"@id\":\"https:\\\/\\\/www.gold.fr\\\/news\\\/2013\\\/07\\\/15\\\/or-vers-la-sortie-de-lombre\\\/\"},\"wordCount\":417,\"image\":{\"@id\":\"https:\\\/\\\/www.gold.fr\\\/news\\\/2013\\\/07\\\/15\\\/or-vers-la-sortie-de-lombre\\\/#primaryimage\"},\"thumbnailUrl\":\"https:\\\/\\\/www.gold.fr\\\/news\\\/wp-content\\\/uploads\\\/2020\\\/05\\\/iStock-532668887.jpg\",\"keywords\":[\"Achat d'Or\",\"Achat or\",\"cours or\",\"hausse du cours de l'Or\",\"once d'or\",\"Or\",\"or noir\",\"p\u00e9trole\",\"Tout Cours de l'Or\"],\"articleSection\":[\"Analyses Economiques\"],\"inLanguage\":\"fr-FR\"},{\"@type\":\"WebPage\",\"@id\":\"https:\\\/\\\/www.gold.fr\\\/news\\\/2013\\\/07\\\/15\\\/or-vers-la-sortie-de-lombre\\\/\",\"url\":\"https:\\\/\\\/www.gold.fr\\\/news\\\/2013\\\/07\\\/15\\\/or-vers-la-sortie-de-lombre\\\/\",\"name\":\"Or : Vers la sortie de l'ombre ! - Gold.fr\",\"isPartOf\":{\"@id\":\"https:\\\/\\\/www.gold.fr\\\/news\\\/#website\"},\"primaryImageOfPage\":{\"@id\":\"https:\\\/\\\/www.gold.fr\\\/news\\\/2013\\\/07\\\/15\\\/or-vers-la-sortie-de-lombre\\\/#primaryimage\"},\"image\":{\"@id\":\"https:\\\/\\\/www.gold.fr\\\/news\\\/2013\\\/07\\\/15\\\/or-vers-la-sortie-de-lombre\\\/#primaryimage\"},\"thumbnailUrl\":\"https:\\\/\\\/www.gold.fr\\\/news\\\/wp-content\\\/uploads\\\/2020\\\/05\\\/iStock-532668887.jpg\",\"datePublished\":\"2013-07-15T10:03:52+00:00\",\"dateModified\":\"2020-12-07T15:26:59+00:00\",\"author\":{\"@id\":\"https:\\\/\\\/www.gold.fr\\\/news\\\/#\\\/schema\\\/person\\\/feb6458ffd7bceeeb4e228398c34fbe5\"},\"breadcrumb\":{\"@id\":\"https:\\\/\\\/www.gold.fr\\\/news\\\/2013\\\/07\\\/15\\\/or-vers-la-sortie-de-lombre\\\/#breadcrumb\"},\"inLanguage\":\"fr-FR\",\"potentialAction\":[{\"@type\":\"ReadAction\",\"target\":[\"https:\\\/\\\/www.gold.fr\\\/news\\\/2013\\\/07\\\/15\\\/or-vers-la-sortie-de-lombre\\\/\"]}]},{\"@type\":\"ImageObject\",\"inLanguage\":\"fr-FR\",\"@id\":\"https:\\\/\\\/www.gold.fr\\\/news\\\/2013\\\/07\\\/15\\\/or-vers-la-sortie-de-lombre\\\/#primaryimage\",\"url\":\"https:\\\/\\\/www.gold.fr\\\/news\\\/wp-content\\\/uploads\\\/2020\\\/05\\\/iStock-532668887.jpg\",\"contentUrl\":\"https:\\\/\\\/www.gold.fr\\\/news\\\/wp-content\\\/uploads\\\/2020\\\/05\\\/iStock-532668887.jpg\",\"width\":2121,\"height\":1414,\"caption\":\"Shiny Gold Bar on White Background\"},{\"@type\":\"BreadcrumbList\",\"@id\":\"https:\\\/\\\/www.gold.fr\\\/news\\\/2013\\\/07\\\/15\\\/or-vers-la-sortie-de-lombre\\\/#breadcrumb\",\"itemListElement\":[{\"@type\":\"ListItem\",\"position\":1,\"name\":\"Accueil\",\"item\":\"https:\\\/\\\/www.gold.fr\\\/\"},{\"@type\":\"ListItem\",\"position\":2,\"name\":\"Actualit\u00e9s\",\"item\":\"https:\\\/\\\/www.gold.fr\\\/news\\\/\"},{\"@type\":\"ListItem\",\"position\":3,\"name\":\"Or : Vers la sortie de l&rsquo;ombre !\"}]},{\"@type\":\"WebSite\",\"@id\":\"https:\\\/\\\/www.gold.fr\\\/news\\\/#website\",\"url\":\"https:\\\/\\\/www.gold.fr\\\/news\\\/\",\"name\":\"Gold.fr\",\"description\":\"Actualit\u00e9s de l&#039;Or et des m\u00e9taux pr\u00e9cieux\",\"potentialAction\":[{\"@type\":\"SearchAction\",\"target\":{\"@type\":\"EntryPoint\",\"urlTemplate\":\"https:\\\/\\\/www.gold.fr\\\/news\\\/?s={search_term_string}\"},\"query-input\":{\"@type\":\"PropertyValueSpecification\",\"valueRequired\":true,\"valueName\":\"search_term_string\"}}],\"inLanguage\":\"fr-FR\"},{\"@type\":\"Person\",\"@id\":\"https:\\\/\\\/www.gold.fr\\\/news\\\/#\\\/schema\\\/person\\\/feb6458ffd7bceeeb4e228398c34fbe5\",\"name\":\"Anthony\",\"image\":{\"@type\":\"ImageObject\",\"inLanguage\":\"fr-FR\",\"@id\":\"https:\\\/\\\/secure.gravatar.com\\\/avatar\\\/19974f7c75da5f0b217374f3a37eb05031e41aaad4ceb3fe17ada2ab3daf6b95?s=96&d=mm&r=gbc5324aff3d366843e00df00c899c1a8\",\"url\":\"https:\\\/\\\/secure.gravatar.com\\\/avatar\\\/19974f7c75da5f0b217374f3a37eb05031e41aaad4ceb3fe17ada2ab3daf6b95?s=96&d=mm&r=g\",\"contentUrl\":\"https:\\\/\\\/secure.gravatar.com\\\/avatar\\\/19974f7c75da5f0b217374f3a37eb05031e41aaad4ceb3fe17ada2ab3daf6b95?s=96&d=mm&r=g\",\"caption\":\"Anthony\"},\"description\":\"Notre r\u00e9daction est constitu\u00e9e de membres experts dans les m\u00e9tiers de l'\u00e9conomie et la gestion, des Responsables d'agence Comptoir National de l'Or, des analystes financiers qui publient r\u00e9guli\u00e8rement des \u00e9tudes sur les politiques des banques centrales, le cours de l'or, le cours de l'argent, cours du platine, cours du palladium... la situation en zone euro et l'impact de la strat\u00e9gie mon\u00e9taire de la FED. Notre \u00e9quipe scrute \u00e9galement une information plus g\u00e9n\u00e9raliste \u00e0 la recherche d'actualit\u00e9 \\\"p\u00e9pite\\\" \u00e0 vous partager. Depuis 5 ans, nous avons publi\u00e9 un peu plus de 4000 articles qui s'adressent \u00e0 un public large et vari\u00e9 ayant pour objectif de satisfaire votre curiosit\u00e9 et de partager avec vous une certaine fascination pour le m\u00e9tal jaune, pour ceux qui veulent investir dans l'or, vendre leur or tout simplement en savoir plus...\",\"sameAs\":[\"https:\\\/\\\/www.gold.fr\\\/news\"]}]}<\/script>\n<!-- \/ Yoast SEO plugin. -->","yoast_head_json":{"title":"Or : Vers la sortie de l'ombre ! - Gold.fr","robots":{"index":"index","follow":"follow","max-snippet":"max-snippet:-1","max-image-preview":"max-image-preview:large","max-video-preview":"max-video-preview:-1"},"canonical":"https:\/\/www.gold.fr\/news\/2013\/07\/15\/or-vers-la-sortie-de-lombre\/","og_locale":"fr_FR","og_type":"article","og_title":"Or : Vers la sortie de l'ombre ! - Gold.fr","og_description":"L&rsquo;or noir, voici le principal b\u00e9n\u00e9ficiaire de ces derniers jours. L&rsquo;Egypte plong\u00e9 dans son nouveau climat sociopolitique tendu. Dans ce contexte et sachant que le pays des pharaons n&rsquo;est pas un grand producteur de p\u00e9trole, le [&hellip;]","og_url":"https:\/\/www.gold.fr\/news\/2013\/07\/15\/or-vers-la-sortie-de-lombre\/","og_site_name":"Gold.fr","article_publisher":"https:\/\/www.facebook.com\/Goldfr\/","article_published_time":"2013-07-15T10:03:52+00:00","article_modified_time":"2020-12-07T15:26:59+00:00","og_image":[{"width":2121,"height":1414,"url":"https:\/\/www.gold.fr\/news\/wp-content\/uploads\/2020\/05\/iStock-532668887.jpg","type":"image\/jpeg"}],"author":"Anthony","twitter_card":"summary_large_image","twitter_misc":{"\u00c9crit par":"Anthony","Dur\u00e9e de lecture estim\u00e9e":"2 minutes"},"schema":{"@context":"https:\/\/schema.org","@graph":[{"@type":"Article","@id":"https:\/\/www.gold.fr\/news\/2013\/07\/15\/or-vers-la-sortie-de-lombre\/#article","isPartOf":{"@id":"https:\/\/www.gold.fr\/news\/2013\/07\/15\/or-vers-la-sortie-de-lombre\/"},"author":{"name":"Anthony","@id":"https:\/\/www.gold.fr\/news\/#\/schema\/person\/feb6458ffd7bceeeb4e228398c34fbe5"},"headline":"Or : Vers la sortie de l&rsquo;ombre !","datePublished":"2013-07-15T10:03:52+00:00","dateModified":"2020-12-07T15:26:59+00:00","mainEntityOfPage":{"@id":"https:\/\/www.gold.fr\/news\/2013\/07\/15\/or-vers-la-sortie-de-lombre\/"},"wordCount":417,"image":{"@id":"https:\/\/www.gold.fr\/news\/2013\/07\/15\/or-vers-la-sortie-de-lombre\/#primaryimage"},"thumbnailUrl":"https:\/\/www.gold.fr\/news\/wp-content\/uploads\/2020\/05\/iStock-532668887.jpg","keywords":["Achat d'Or","Achat or","cours or","hausse du cours de l'Or","once d'or","Or","or noir","p\u00e9trole","Tout Cours de l'Or"],"articleSection":["Analyses Economiques"],"inLanguage":"fr-FR"},{"@type":"WebPage","@id":"https:\/\/www.gold.fr\/news\/2013\/07\/15\/or-vers-la-sortie-de-lombre\/","url":"https:\/\/www.gold.fr\/news\/2013\/07\/15\/or-vers-la-sortie-de-lombre\/","name":"Or : Vers la sortie de l'ombre ! - Gold.fr","isPartOf":{"@id":"https:\/\/www.gold.fr\/news\/#website"},"primaryImageOfPage":{"@id":"https:\/\/www.gold.fr\/news\/2013\/07\/15\/or-vers-la-sortie-de-lombre\/#primaryimage"},"image":{"@id":"https:\/\/www.gold.fr\/news\/2013\/07\/15\/or-vers-la-sortie-de-lombre\/#primaryimage"},"thumbnailUrl":"https:\/\/www.gold.fr\/news\/wp-content\/uploads\/2020\/05\/iStock-532668887.jpg","datePublished":"2013-07-15T10:03:52+00:00","dateModified":"2020-12-07T15:26:59+00:00","author":{"@id":"https:\/\/www.gold.fr\/news\/#\/schema\/person\/feb6458ffd7bceeeb4e228398c34fbe5"},"breadcrumb":{"@id":"https:\/\/www.gold.fr\/news\/2013\/07\/15\/or-vers-la-sortie-de-lombre\/#breadcrumb"},"inLanguage":"fr-FR","potentialAction":[{"@type":"ReadAction","target":["https:\/\/www.gold.fr\/news\/2013\/07\/15\/or-vers-la-sortie-de-lombre\/"]}]},{"@type":"ImageObject","inLanguage":"fr-FR","@id":"https:\/\/www.gold.fr\/news\/2013\/07\/15\/or-vers-la-sortie-de-lombre\/#primaryimage","url":"https:\/\/www.gold.fr\/news\/wp-content\/uploads\/2020\/05\/iStock-532668887.jpg","contentUrl":"https:\/\/www.gold.fr\/news\/wp-content\/uploads\/2020\/05\/iStock-532668887.jpg","width":2121,"height":1414,"caption":"Shiny Gold Bar on White Background"},{"@type":"BreadcrumbList","@id":"https:\/\/www.gold.fr\/news\/2013\/07\/15\/or-vers-la-sortie-de-lombre\/#breadcrumb","itemListElement":[{"@type":"ListItem","position":1,"name":"Accueil","item":"https:\/\/www.gold.fr\/"},{"@type":"ListItem","position":2,"name":"Actualit\u00e9s","item":"https:\/\/www.gold.fr\/news\/"},{"@type":"ListItem","position":3,"name":"Or : Vers la sortie de l&rsquo;ombre !"}]},{"@type":"WebSite","@id":"https:\/\/www.gold.fr\/news\/#website","url":"https:\/\/www.gold.fr\/news\/","name":"Gold.fr","description":"Actualit\u00e9s de l&#039;Or et des m\u00e9taux pr\u00e9cieux","potentialAction":[{"@type":"SearchAction","target":{"@type":"EntryPoint","urlTemplate":"https:\/\/www.gold.fr\/news\/?s={search_term_string}"},"query-input":{"@type":"PropertyValueSpecification","valueRequired":true,"valueName":"search_term_string"}}],"inLanguage":"fr-FR"},{"@type":"Person","@id":"https:\/\/www.gold.fr\/news\/#\/schema\/person\/feb6458ffd7bceeeb4e228398c34fbe5","name":"Anthony","image":{"@type":"ImageObject","inLanguage":"fr-FR","@id":"https:\/\/secure.gravatar.com\/avatar\/19974f7c75da5f0b217374f3a37eb05031e41aaad4ceb3fe17ada2ab3daf6b95?s=96&d=mm&r=gbc5324aff3d366843e00df00c899c1a8","url":"https:\/\/secure.gravatar.com\/avatar\/19974f7c75da5f0b217374f3a37eb05031e41aaad4ceb3fe17ada2ab3daf6b95?s=96&d=mm&r=g","contentUrl":"https:\/\/secure.gravatar.com\/avatar\/19974f7c75da5f0b217374f3a37eb05031e41aaad4ceb3fe17ada2ab3daf6b95?s=96&d=mm&r=g","caption":"Anthony"},"description":"Notre r\u00e9daction est constitu\u00e9e de membres experts dans les m\u00e9tiers de l'\u00e9conomie et la gestion, des Responsables d'agence Comptoir National de l'Or, des analystes financiers qui publient r\u00e9guli\u00e8rement des \u00e9tudes sur les politiques des banques centrales, le cours de l'or, le cours de l'argent, cours du platine, cours du palladium... la situation en zone euro et l'impact de la strat\u00e9gie mon\u00e9taire de la FED. Notre \u00e9quipe scrute \u00e9galement une information plus g\u00e9n\u00e9raliste \u00e0 la recherche d'actualit\u00e9 \"p\u00e9pite\" \u00e0 vous partager. Depuis 5 ans, nous avons publi\u00e9 un peu plus de 4000 articles qui s'adressent \u00e0 un public large et vari\u00e9 ayant pour objectif de satisfaire votre curiosit\u00e9 et de partager avec vous une certaine fascination pour le m\u00e9tal jaune, pour ceux qui veulent investir dans l'or, vendre leur or tout simplement en savoir plus...","sameAs":["https:\/\/www.gold.fr\/news"]}]}},"authors":[{"term_id":2562,"user_id":11,"is_guest":0,"slug":"anthony","display_name":"Anthony","avatar_url":"https:\/\/secure.gravatar.com\/avatar\/19974f7c75da5f0b217374f3a37eb05031e41aaad4ceb3fe17ada2ab3daf6b95?s=96&d=mm&r=g","0":null,"1":"","2":"","3":"","4":"","5":"","6":"","7":"","8":""}],"_links":{"self":[{"href":"https:\/\/www.gold.fr\/news\/wp-json\/wp\/v2\/posts\/12288","targetHints":{"allow":["GET"]}}],"collection":[{"href":"https:\/\/www.gold.fr\/news\/wp-json\/wp\/v2\/posts"}],"about":[{"href":"https:\/\/www.gold.fr\/news\/wp-json\/wp\/v2\/types\/post"}],"author":[{"embeddable":true,"href":"https:\/\/www.gold.fr\/news\/wp-json\/wp\/v2\/users\/11"}],"replies":[{"embeddable":true,"href":"https:\/\/www.gold.fr\/news\/wp-json\/wp\/v2\/comments?post=12288"}],"version-history":[{"count":0,"href":"https:\/\/www.gold.fr\/news\/wp-json\/wp\/v2\/posts\/12288\/revisions"}],"wp:featuredmedia":[{"embeddable":true,"href":"https:\/\/www.gold.fr\/news\/wp-json\/wp\/v2\/media\/36311"}],"wp:attachment":[{"href":"https:\/\/www.gold.fr\/news\/wp-json\/wp\/v2\/media?parent=12288"}],"wp:term":[{"taxonomy":"category","embeddable":true,"href":"https:\/\/www.gold.fr\/news\/wp-json\/wp\/v2\/categories?post=12288"},{"taxonomy":"post_tag","embeddable":true,"href":"https:\/\/www.gold.fr\/news\/wp-json\/wp\/v2\/tags?post=12288"},{"taxonomy":"author","embeddable":true,"href":"https:\/\/www.gold.fr\/news\/wp-json\/wp\/v2\/ppma_author?post=12288"}],"curies":[{"name":"wp","href":"https:\/\/api.w.org\/{rel}","templated":true}]}}