{"id":11992,"date":"2013-06-21T09:00:40","date_gmt":"2013-06-21T07:00:40","guid":{"rendered":"https:\/\/www.gold.fr\/news\/?p=11992"},"modified":"2021-09-09T16:03:44","modified_gmt":"2021-09-09T14:03:44","slug":"le-metal-jaune-envisage-de-tourner-au-vert","status":"publish","type":"post","link":"https:\/\/www.gold.fr\/news\/2013\/06\/21\/le-metal-jaune-envisage-de-tourner-au-vert\/","title":{"rendered":"Le m\u00e9tal jaune envisage de tourner au vert"},"content":{"rendered":"<p><span style=\"font-size: small;\"><img loading=\"lazy\" decoding=\"async\" class=\"alignleft size-thumbnail wp-image-10194\" title=\"Le m\u00e9tal jaune envisage de tourner au vert\" src=\"https:\/\/www.gold.fr\/news\/wp-content\/uploads\/2017\/12\/extraction-pepite-27-kg-dor.jpg\" alt=\"\" width=\"150\" height=\"150\" \/>Avec la d\u00e9couverte \u00e9tonnante r\u00e9v\u00e9lant que l&rsquo;amidon de ma\u00efs a la m\u00eame efficacit\u00e9 que le cyanure, le <a class=\"esk-seo-plu-link\" href=\"https:\/\/www.gold.fr\/news\/tags\/or\">m\u00e9tal jaune<\/a> pourrait bien se mettre bient\u00f4t au vert.<\/span> <span style=\"font-size: small;\"> Et c&rsquo;est une d\u00e9couverte qui serait fort appr\u00e9ci\u00e9e par toute la communaut\u00e9 professionnelle des march\u00e9s aurif\u00e8res. Car la difficult\u00e9 que repr\u00e9sente la recherche de l&rsquo;<a class=\"esk-seo-plu-link\" href=\"https:\/\/www.gold.fr\/news\/tags\/or\">or<\/a> n&rsquo;a d&rsquo;\u00e9gal que celle de son extraction. L&rsquo;extraction mini\u00e8re de la relique barbare est un processus aussi long que compliqu\u00e9, sans compter la toxicit\u00e9 de la proc\u00e9dure et le danger environnemental qu&rsquo;elle repr\u00e9sente. Le meilleur exemple, \u00e0 ce niveau, demeure la n\u00e9cessit\u00e9 d&rsquo;utiliser le cyanure alcalin afin de dissocier le <a class=\"esk-seo-plu-link\" href=\"https:\/\/www.gold.fr\/news\/tags\/or\">m\u00e9tal jaune<\/a> des autres m\u00e9taux (proc\u00e9d\u00e9 de cyanuration).<\/span> <span style=\"font-size: small;\"> Le professeur <strong>Fraser Stoddart<\/strong> (<strong>Weinberg College of Arts and Sciences<\/strong>) et son \u00e9quipe de recherche de la <strong>Northwestern University<\/strong> (en Illinois) ont fait la d\u00e9couverte inattendue d&rsquo;un moyen \u2013inoffensif pour l&rsquo;environnement- pour remplacer la cyanuration. Ce proc\u00e9d\u00e9 permet l&rsquo;extraction et l&rsquo;isolement de l&rsquo;<a class=\"esk-seo-plu-link\" href=\"https:\/\/www.gold.fr\/news\/tags\/or\">or<\/a>, non seulement des autres min\u00e9raux, mais aussi du reste des d\u00e9chets \u00e9lectroniques. Le tout avec un simple composant ; l&rsquo;alpha-cyclodextrine d&rsquo;un d\u00e9riv\u00e9 d&rsquo;amidon.<\/span> <span style=\"font-size: small;\"> Le professeur <strong>Stoddart<\/strong> s&rsquo;en r\u00e9jouit : \u00ab <em>Nous avons remplac\u00e9 les r\u00e9actifs nuisibles (sels cyanur\u00e9s) par un mat\u00e9riau peu cher et qui respecte l&rsquo;<\/em>environnement \u00bb.<\/span><\/p>\n<!-- AddThis Advanced Settings generic via filter on the_content --><!-- AddThis Share Buttons generic via filter on the_content -->","protected":false},"excerpt":{"rendered":"<p>Avec la d\u00e9couverte \u00e9tonnante r\u00e9v\u00e9lant que l&rsquo;amidon de ma\u00efs a la m\u00eame efficacit\u00e9 que le cyanure, le m\u00e9tal jaune pourrait bien se mettre bient\u00f4t au vert. Et c&rsquo;est une d\u00e9couverte qui serait fort appr\u00e9ci\u00e9e par toute [&hellip;]<\/p>\n","protected":false},"author":18,"featured_media":28697,"comment_status":"closed","ping_status":"closed","sticky":false,"template":"","format":"standard","meta":{"_mbp_gutenberg_autopost":false,"_pgmb_is_evergreen":false,"_pgmb_ap_template_id":0,"footnotes":""},"categories":[6],"tags":[932,1370,473,1371],"ppma_author":[2565],"class_list":["post-11992","post","type-post","status-publish","format-standard","has-post-thumbnail","hentry","category-articles-de-presse","tag-metal-jaune","tag-metal-vert","tag-or-vert","tag-stoddart"],"yoast_head":"<!-- This site is optimized with the Yoast SEO plugin v27.5 - https:\/\/yoast.com\/product\/yoast-seo-wordpress\/ -->\n<title>Le m\u00e9tal jaune envisage de tourner au vert - Gold.fr<\/title>\n<meta name=\"robots\" content=\"index, follow, max-snippet:-1, max-image-preview:large, max-video-preview:-1\" \/>\n<link rel=\"canonical\" href=\"https:\/\/www.gold.fr\/news\/2013\/06\/21\/le-metal-jaune-envisage-de-tourner-au-vert\/\" \/>\n<meta property=\"og:locale\" content=\"fr_FR\" \/>\n<meta property=\"og:type\" content=\"article\" \/>\n<meta property=\"og:title\" content=\"Le m\u00e9tal jaune envisage de tourner au vert - Gold.fr\" \/>\n<meta property=\"og:description\" content=\"Avec la d\u00e9couverte \u00e9tonnante r\u00e9v\u00e9lant que l&rsquo;amidon de ma\u00efs a la m\u00eame efficacit\u00e9 que le cyanure, le m\u00e9tal jaune pourrait bien se mettre bient\u00f4t au vert. Et c&rsquo;est une d\u00e9couverte qui serait fort appr\u00e9ci\u00e9e par toute [&hellip;]\" \/>\n<meta property=\"og:url\" content=\"https:\/\/www.gold.fr\/news\/2013\/06\/21\/le-metal-jaune-envisage-de-tourner-au-vert\/\" \/>\n<meta property=\"og:site_name\" content=\"Gold.fr\" \/>\n<meta property=\"article:publisher\" content=\"https:\/\/www.facebook.com\/Goldfr\/\" \/>\n<meta property=\"article:published_time\" content=\"2013-06-21T07:00:40+00:00\" \/>\n<meta property=\"article:modified_time\" content=\"2021-09-09T14:03:44+00:00\" \/>\n<meta property=\"og:image\" content=\"https:\/\/www.gold.fr\/news\/wp-content\/uploads\/2017\/12\/extraction-pepite-27-kg-dor.jpg\" \/>\n\t<meta property=\"og:image:width\" content=\"550\" \/>\n\t<meta property=\"og:image:height\" content=\"389\" \/>\n\t<meta property=\"og:image:type\" content=\"image\/jpeg\" \/>\n<meta name=\"author\" content=\"Comptoir National de l&#039;Or\" \/>\n<meta name=\"twitter:card\" content=\"summary_large_image\" \/>\n<meta name=\"twitter:label1\" content=\"\u00c9crit par\" \/>\n\t<meta name=\"twitter:data1\" content=\"Comptoir National de l&#039;Or\" \/>\n\t<meta name=\"twitter:label2\" content=\"Dur\u00e9e de lecture estim\u00e9e\" \/>\n\t<meta name=\"twitter:data2\" content=\"1 minute\" \/>\n<script type=\"application\/ld+json\" class=\"yoast-schema-graph\">{\"@context\":\"https:\\\/\\\/schema.org\",\"@graph\":[{\"@type\":\"Article\",\"@id\":\"https:\\\/\\\/www.gold.fr\\\/news\\\/2013\\\/06\\\/21\\\/le-metal-jaune-envisage-de-tourner-au-vert\\\/#article\",\"isPartOf\":{\"@id\":\"https:\\\/\\\/www.gold.fr\\\/news\\\/2013\\\/06\\\/21\\\/le-metal-jaune-envisage-de-tourner-au-vert\\\/\"},\"author\":{\"name\":\"Comptoir National de l'Or\",\"@id\":\"https:\\\/\\\/www.gold.fr\\\/news\\\/#\\\/schema\\\/person\\\/070491b4b4fb7671bf59b3be20302ce9\"},\"headline\":\"Le m\u00e9tal jaune envisage de tourner au vert\",\"datePublished\":\"2013-06-21T07:00:40+00:00\",\"dateModified\":\"2021-09-09T14:03:44+00:00\",\"mainEntityOfPage\":{\"@id\":\"https:\\\/\\\/www.gold.fr\\\/news\\\/2013\\\/06\\\/21\\\/le-metal-jaune-envisage-de-tourner-au-vert\\\/\"},\"wordCount\":251,\"image\":{\"@id\":\"https:\\\/\\\/www.gold.fr\\\/news\\\/2013\\\/06\\\/21\\\/le-metal-jaune-envisage-de-tourner-au-vert\\\/#primaryimage\"},\"thumbnailUrl\":\"https:\\\/\\\/www.gold.fr\\\/news\\\/wp-content\\\/uploads\\\/2017\\\/12\\\/extraction-pepite-27-kg-dor.jpg\",\"keywords\":[\"M\u00e9tal jaune\",\"m\u00e9tal vert\",\"Or vert\",\"Stoddart\"],\"articleSection\":[\"Articles de presse\"],\"inLanguage\":\"fr-FR\"},{\"@type\":\"WebPage\",\"@id\":\"https:\\\/\\\/www.gold.fr\\\/news\\\/2013\\\/06\\\/21\\\/le-metal-jaune-envisage-de-tourner-au-vert\\\/\",\"url\":\"https:\\\/\\\/www.gold.fr\\\/news\\\/2013\\\/06\\\/21\\\/le-metal-jaune-envisage-de-tourner-au-vert\\\/\",\"name\":\"Le m\u00e9tal jaune envisage de tourner au vert - Gold.fr\",\"isPartOf\":{\"@id\":\"https:\\\/\\\/www.gold.fr\\\/news\\\/#website\"},\"primaryImageOfPage\":{\"@id\":\"https:\\\/\\\/www.gold.fr\\\/news\\\/2013\\\/06\\\/21\\\/le-metal-jaune-envisage-de-tourner-au-vert\\\/#primaryimage\"},\"image\":{\"@id\":\"https:\\\/\\\/www.gold.fr\\\/news\\\/2013\\\/06\\\/21\\\/le-metal-jaune-envisage-de-tourner-au-vert\\\/#primaryimage\"},\"thumbnailUrl\":\"https:\\\/\\\/www.gold.fr\\\/news\\\/wp-content\\\/uploads\\\/2017\\\/12\\\/extraction-pepite-27-kg-dor.jpg\",\"datePublished\":\"2013-06-21T07:00:40+00:00\",\"dateModified\":\"2021-09-09T14:03:44+00:00\",\"author\":{\"@id\":\"https:\\\/\\\/www.gold.fr\\\/news\\\/#\\\/schema\\\/person\\\/070491b4b4fb7671bf59b3be20302ce9\"},\"breadcrumb\":{\"@id\":\"https:\\\/\\\/www.gold.fr\\\/news\\\/2013\\\/06\\\/21\\\/le-metal-jaune-envisage-de-tourner-au-vert\\\/#breadcrumb\"},\"inLanguage\":\"fr-FR\",\"potentialAction\":[{\"@type\":\"ReadAction\",\"target\":[\"https:\\\/\\\/www.gold.fr\\\/news\\\/2013\\\/06\\\/21\\\/le-metal-jaune-envisage-de-tourner-au-vert\\\/\"]}]},{\"@type\":\"ImageObject\",\"inLanguage\":\"fr-FR\",\"@id\":\"https:\\\/\\\/www.gold.fr\\\/news\\\/2013\\\/06\\\/21\\\/le-metal-jaune-envisage-de-tourner-au-vert\\\/#primaryimage\",\"url\":\"https:\\\/\\\/www.gold.fr\\\/news\\\/wp-content\\\/uploads\\\/2017\\\/12\\\/extraction-pepite-27-kg-dor.jpg\",\"contentUrl\":\"https:\\\/\\\/www.gold.fr\\\/news\\\/wp-content\\\/uploads\\\/2017\\\/12\\\/extraction-pepite-27-kg-dor.jpg\",\"width\":550,\"height\":389,\"caption\":\"De l\u2019extraction d\u2019une p\u00e9pite de 27 kg d\u2019or \u00e0 son affinage en Suisse\"},{\"@type\":\"BreadcrumbList\",\"@id\":\"https:\\\/\\\/www.gold.fr\\\/news\\\/2013\\\/06\\\/21\\\/le-metal-jaune-envisage-de-tourner-au-vert\\\/#breadcrumb\",\"itemListElement\":[{\"@type\":\"ListItem\",\"position\":1,\"name\":\"Accueil\",\"item\":\"https:\\\/\\\/www.gold.fr\\\/\"},{\"@type\":\"ListItem\",\"position\":2,\"name\":\"Actualit\u00e9s\",\"item\":\"https:\\\/\\\/www.gold.fr\\\/news\\\/\"},{\"@type\":\"ListItem\",\"position\":3,\"name\":\"Le m\u00e9tal jaune envisage de tourner au vert\"}]},{\"@type\":\"WebSite\",\"@id\":\"https:\\\/\\\/www.gold.fr\\\/news\\\/#website\",\"url\":\"https:\\\/\\\/www.gold.fr\\\/news\\\/\",\"name\":\"Gold.fr\",\"description\":\"Actualit\u00e9s de l&#039;Or et des m\u00e9taux pr\u00e9cieux\",\"potentialAction\":[{\"@type\":\"SearchAction\",\"target\":{\"@type\":\"EntryPoint\",\"urlTemplate\":\"https:\\\/\\\/www.gold.fr\\\/news\\\/?s={search_term_string}\"},\"query-input\":{\"@type\":\"PropertyValueSpecification\",\"valueRequired\":true,\"valueName\":\"search_term_string\"}}],\"inLanguage\":\"fr-FR\"},{\"@type\":\"Person\",\"@id\":\"https:\\\/\\\/www.gold.fr\\\/news\\\/#\\\/schema\\\/person\\\/070491b4b4fb7671bf59b3be20302ce9\",\"name\":\"Comptoir National de l'Or\",\"image\":{\"@type\":\"ImageObject\",\"inLanguage\":\"fr-FR\",\"@id\":\"https:\\\/\\\/secure.gravatar.com\\\/avatar\\\/0a2867fd5abe37bed95d5a65e9d58f01756e11efc68af9888dfc50cfa7f65948?s=96&d=mm&r=gb490554db0a38188709de567aa58480d\",\"url\":\"https:\\\/\\\/secure.gravatar.com\\\/avatar\\\/0a2867fd5abe37bed95d5a65e9d58f01756e11efc68af9888dfc50cfa7f65948?s=96&d=mm&r=g\",\"contentUrl\":\"https:\\\/\\\/secure.gravatar.com\\\/avatar\\\/0a2867fd5abe37bed95d5a65e9d58f01756e11efc68af9888dfc50cfa7f65948?s=96&d=mm&r=g\",\"caption\":\"Comptoir National de l'Or\"},\"description\":\"Notre r\u00e9daction est constitu\u00e9e de membres experts dans les m\u00e9tiers de l'\u00e9conomie et la gestion, des Responsables d'agence Comptoir National de l'Or, des analystes financiers qui publient r\u00e9guli\u00e8rement des \u00e9tudes sur les politiques des banques centrales, le cours de l'or, prix de l'or, cours de l'argent, prix de l'argent, cours du platine, cours du palladium,... la situation en zone euro et l'impact de la strat\u00e9gie mon\u00e9taire de la FED. Notre \u00e9quipe scrute \u00e9galement une information plus g\u00e9n\u00e9raliste \u00e0 la recherche d'actualit\u00e9 \\\"p\u00e9pite\\\" \u00e0 vous partager. Depuis 5 ans, nous avons publi\u00e9 un peu plus de 4000 articles qui s'adressent \u00e0 un public large et vari\u00e9 ayant pour objectif de satisfaire votre curiosit\u00e9 et de partager avec vous une certaine fascination pour le m\u00e9tal jaune, le rachat d'or, et pour ceux qui veulent investir dans l'or, vendre leur or tout simplement en savoir plus... Pour tous vos achat or et argent, n'h\u00e9sitez pas \u00e0 prendre rendez-vous dans l'un de nos nombreux comptoirs.\",\"sameAs\":[\"https:\\\/\\\/www.gold.fr\"]}]}<\/script>\n<!-- \/ Yoast SEO plugin. -->","yoast_head_json":{"title":"Le m\u00e9tal jaune envisage de tourner au vert - Gold.fr","robots":{"index":"index","follow":"follow","max-snippet":"max-snippet:-1","max-image-preview":"max-image-preview:large","max-video-preview":"max-video-preview:-1"},"canonical":"https:\/\/www.gold.fr\/news\/2013\/06\/21\/le-metal-jaune-envisage-de-tourner-au-vert\/","og_locale":"fr_FR","og_type":"article","og_title":"Le m\u00e9tal jaune envisage de tourner au vert - Gold.fr","og_description":"Avec la d\u00e9couverte \u00e9tonnante r\u00e9v\u00e9lant que l&rsquo;amidon de ma\u00efs a la m\u00eame efficacit\u00e9 que le cyanure, le m\u00e9tal jaune pourrait bien se mettre bient\u00f4t au vert. Et c&rsquo;est une d\u00e9couverte qui serait fort appr\u00e9ci\u00e9e par toute [&hellip;]","og_url":"https:\/\/www.gold.fr\/news\/2013\/06\/21\/le-metal-jaune-envisage-de-tourner-au-vert\/","og_site_name":"Gold.fr","article_publisher":"https:\/\/www.facebook.com\/Goldfr\/","article_published_time":"2013-06-21T07:00:40+00:00","article_modified_time":"2021-09-09T14:03:44+00:00","og_image":[{"width":550,"height":389,"url":"https:\/\/www.gold.fr\/news\/wp-content\/uploads\/2017\/12\/extraction-pepite-27-kg-dor.jpg","type":"image\/jpeg"}],"author":"Comptoir National de l'Or","twitter_card":"summary_large_image","twitter_misc":{"\u00c9crit par":"Comptoir National de l'Or","Dur\u00e9e de lecture estim\u00e9e":"1 minute"},"schema":{"@context":"https:\/\/schema.org","@graph":[{"@type":"Article","@id":"https:\/\/www.gold.fr\/news\/2013\/06\/21\/le-metal-jaune-envisage-de-tourner-au-vert\/#article","isPartOf":{"@id":"https:\/\/www.gold.fr\/news\/2013\/06\/21\/le-metal-jaune-envisage-de-tourner-au-vert\/"},"author":{"name":"Comptoir National de l'Or","@id":"https:\/\/www.gold.fr\/news\/#\/schema\/person\/070491b4b4fb7671bf59b3be20302ce9"},"headline":"Le m\u00e9tal jaune envisage de tourner au vert","datePublished":"2013-06-21T07:00:40+00:00","dateModified":"2021-09-09T14:03:44+00:00","mainEntityOfPage":{"@id":"https:\/\/www.gold.fr\/news\/2013\/06\/21\/le-metal-jaune-envisage-de-tourner-au-vert\/"},"wordCount":251,"image":{"@id":"https:\/\/www.gold.fr\/news\/2013\/06\/21\/le-metal-jaune-envisage-de-tourner-au-vert\/#primaryimage"},"thumbnailUrl":"https:\/\/www.gold.fr\/news\/wp-content\/uploads\/2017\/12\/extraction-pepite-27-kg-dor.jpg","keywords":["M\u00e9tal jaune","m\u00e9tal vert","Or vert","Stoddart"],"articleSection":["Articles de presse"],"inLanguage":"fr-FR"},{"@type":"WebPage","@id":"https:\/\/www.gold.fr\/news\/2013\/06\/21\/le-metal-jaune-envisage-de-tourner-au-vert\/","url":"https:\/\/www.gold.fr\/news\/2013\/06\/21\/le-metal-jaune-envisage-de-tourner-au-vert\/","name":"Le m\u00e9tal jaune envisage de tourner au vert - Gold.fr","isPartOf":{"@id":"https:\/\/www.gold.fr\/news\/#website"},"primaryImageOfPage":{"@id":"https:\/\/www.gold.fr\/news\/2013\/06\/21\/le-metal-jaune-envisage-de-tourner-au-vert\/#primaryimage"},"image":{"@id":"https:\/\/www.gold.fr\/news\/2013\/06\/21\/le-metal-jaune-envisage-de-tourner-au-vert\/#primaryimage"},"thumbnailUrl":"https:\/\/www.gold.fr\/news\/wp-content\/uploads\/2017\/12\/extraction-pepite-27-kg-dor.jpg","datePublished":"2013-06-21T07:00:40+00:00","dateModified":"2021-09-09T14:03:44+00:00","author":{"@id":"https:\/\/www.gold.fr\/news\/#\/schema\/person\/070491b4b4fb7671bf59b3be20302ce9"},"breadcrumb":{"@id":"https:\/\/www.gold.fr\/news\/2013\/06\/21\/le-metal-jaune-envisage-de-tourner-au-vert\/#breadcrumb"},"inLanguage":"fr-FR","potentialAction":[{"@type":"ReadAction","target":["https:\/\/www.gold.fr\/news\/2013\/06\/21\/le-metal-jaune-envisage-de-tourner-au-vert\/"]}]},{"@type":"ImageObject","inLanguage":"fr-FR","@id":"https:\/\/www.gold.fr\/news\/2013\/06\/21\/le-metal-jaune-envisage-de-tourner-au-vert\/#primaryimage","url":"https:\/\/www.gold.fr\/news\/wp-content\/uploads\/2017\/12\/extraction-pepite-27-kg-dor.jpg","contentUrl":"https:\/\/www.gold.fr\/news\/wp-content\/uploads\/2017\/12\/extraction-pepite-27-kg-dor.jpg","width":550,"height":389,"caption":"De l\u2019extraction d\u2019une p\u00e9pite de 27 kg d\u2019or \u00e0 son affinage en Suisse"},{"@type":"BreadcrumbList","@id":"https:\/\/www.gold.fr\/news\/2013\/06\/21\/le-metal-jaune-envisage-de-tourner-au-vert\/#breadcrumb","itemListElement":[{"@type":"ListItem","position":1,"name":"Accueil","item":"https:\/\/www.gold.fr\/"},{"@type":"ListItem","position":2,"name":"Actualit\u00e9s","item":"https:\/\/www.gold.fr\/news\/"},{"@type":"ListItem","position":3,"name":"Le m\u00e9tal jaune envisage de tourner au vert"}]},{"@type":"WebSite","@id":"https:\/\/www.gold.fr\/news\/#website","url":"https:\/\/www.gold.fr\/news\/","name":"Gold.fr","description":"Actualit\u00e9s de l&#039;Or et des m\u00e9taux pr\u00e9cieux","potentialAction":[{"@type":"SearchAction","target":{"@type":"EntryPoint","urlTemplate":"https:\/\/www.gold.fr\/news\/?s={search_term_string}"},"query-input":{"@type":"PropertyValueSpecification","valueRequired":true,"valueName":"search_term_string"}}],"inLanguage":"fr-FR"},{"@type":"Person","@id":"https:\/\/www.gold.fr\/news\/#\/schema\/person\/070491b4b4fb7671bf59b3be20302ce9","name":"Comptoir National de l'Or","image":{"@type":"ImageObject","inLanguage":"fr-FR","@id":"https:\/\/secure.gravatar.com\/avatar\/0a2867fd5abe37bed95d5a65e9d58f01756e11efc68af9888dfc50cfa7f65948?s=96&d=mm&r=gb490554db0a38188709de567aa58480d","url":"https:\/\/secure.gravatar.com\/avatar\/0a2867fd5abe37bed95d5a65e9d58f01756e11efc68af9888dfc50cfa7f65948?s=96&d=mm&r=g","contentUrl":"https:\/\/secure.gravatar.com\/avatar\/0a2867fd5abe37bed95d5a65e9d58f01756e11efc68af9888dfc50cfa7f65948?s=96&d=mm&r=g","caption":"Comptoir National de l'Or"},"description":"Notre r\u00e9daction est constitu\u00e9e de membres experts dans les m\u00e9tiers de l'\u00e9conomie et la gestion, des Responsables d'agence Comptoir National de l'Or, des analystes financiers qui publient r\u00e9guli\u00e8rement des \u00e9tudes sur les politiques des banques centrales, le cours de l'or, prix de l'or, cours de l'argent, prix de l'argent, cours du platine, cours du palladium,... la situation en zone euro et l'impact de la strat\u00e9gie mon\u00e9taire de la FED. Notre \u00e9quipe scrute \u00e9galement une information plus g\u00e9n\u00e9raliste \u00e0 la recherche d'actualit\u00e9 \"p\u00e9pite\" \u00e0 vous partager. Depuis 5 ans, nous avons publi\u00e9 un peu plus de 4000 articles qui s'adressent \u00e0 un public large et vari\u00e9 ayant pour objectif de satisfaire votre curiosit\u00e9 et de partager avec vous une certaine fascination pour le m\u00e9tal jaune, le rachat d'or, et pour ceux qui veulent investir dans l'or, vendre leur or tout simplement en savoir plus... Pour tous vos achat or et argent, n'h\u00e9sitez pas \u00e0 prendre rendez-vous dans l'un de nos nombreux comptoirs.","sameAs":["https:\/\/www.gold.fr"]}]}},"authors":[{"term_id":2565,"user_id":18,"is_guest":0,"slug":"julie","display_name":"Comptoir National de l'Or","avatar_url":"https:\/\/secure.gravatar.com\/avatar\/713f289e398d35ead876c4a4cc08607f0d6d266058cfc25683fffb6092d0e572?s=96&d=mm&r=g","0":null,"1":"","2":"","3":"","4":"","5":"","6":"","7":"","8":""}],"_links":{"self":[{"href":"https:\/\/www.gold.fr\/news\/wp-json\/wp\/v2\/posts\/11992","targetHints":{"allow":["GET"]}}],"collection":[{"href":"https:\/\/www.gold.fr\/news\/wp-json\/wp\/v2\/posts"}],"about":[{"href":"https:\/\/www.gold.fr\/news\/wp-json\/wp\/v2\/types\/post"}],"author":[{"embeddable":true,"href":"https:\/\/www.gold.fr\/news\/wp-json\/wp\/v2\/users\/18"}],"replies":[{"embeddable":true,"href":"https:\/\/www.gold.fr\/news\/wp-json\/wp\/v2\/comments?post=11992"}],"version-history":[{"count":0,"href":"https:\/\/www.gold.fr\/news\/wp-json\/wp\/v2\/posts\/11992\/revisions"}],"wp:featuredmedia":[{"embeddable":true,"href":"https:\/\/www.gold.fr\/news\/wp-json\/wp\/v2\/media\/28697"}],"wp:attachment":[{"href":"https:\/\/www.gold.fr\/news\/wp-json\/wp\/v2\/media?parent=11992"}],"wp:term":[{"taxonomy":"category","embeddable":true,"href":"https:\/\/www.gold.fr\/news\/wp-json\/wp\/v2\/categories?post=11992"},{"taxonomy":"post_tag","embeddable":true,"href":"https:\/\/www.gold.fr\/news\/wp-json\/wp\/v2\/tags?post=11992"},{"taxonomy":"author","embeddable":true,"href":"https:\/\/www.gold.fr\/news\/wp-json\/wp\/v2\/ppma_author?post=11992"}],"curies":[{"name":"wp","href":"https:\/\/api.w.org\/{rel}","templated":true}]}}