{"id":11956,"date":"2013-06-18T09:00:29","date_gmt":"2013-06-18T07:00:29","guid":{"rendered":"https:\/\/www.gold.fr\/news\/?p=11956"},"modified":"2017-11-02T11:39:57","modified_gmt":"2017-11-02T10:39:57","slug":"baisse-de-lor-la-demande-asiatique-saute-sur-loccasion","status":"publish","type":"post","link":"https:\/\/www.gold.fr\/news\/2013\/06\/18\/baisse-de-lor-la-demande-asiatique-saute-sur-loccasion\/","title":{"rendered":"Baisse de l\u2019or \u2013 La demande asiatique saute sur l\u2019occasion"},"content":{"rendered":"<p><span style=\"font-size: small;\"><img loading=\"lazy\" decoding=\"async\" class=\"alignleft size-thumbnail wp-image-5812\" title=\"Baisse de l\u2019or \u2013 La demande asiatique saute sur l\u2019occasion\" src=\"https:\/\/www.gold.fr\/news\/wp-content\/uploads\/2012\/02\/Or-Chine1-150x150.jpg\" alt=\"\" width=\"150\" height=\"150\" \/>Il semblerait, en effet, que <a title=\"Evolution de l\u2019or : Une demande asiatique \u00e0 toute \u00e9preuve\" href=\"https:\/\/www.gold.fr\/news\/2013\/06\/07\/evolution-de-lor-une-demande-asiatique-a-toute-epreuve\/11876\/\" target=\"_blank\">la solidit\u00e9 de la demande asiatique<\/a> (Chine et Inde) sur l&rsquo;<a href='https:\/\/www.gold.fr\/news\/tags\/or' class='esk-seo-plu-link'>or<\/a> physique soit r\u00e9ellement \u00e0 toute \u00e9preuve. Litt\u00e9ralement.<\/span>    <span style=\"font-size: small;\"> \u00c0 <strong>Hong-Kong<\/strong>, le pr\u00e9sident de la <strong>Chinese Gold &amp; Silver Exchange<\/strong>, <strong>Haywood Cheung Tak-hay<\/strong> affirme que, durant les trois journ\u00e9es de vacances li\u00e9es au 1er mai, \u00ab <em>60 tonnes d&rsquo;<a href='https:\/\/www.gold.fr\/news\/tags\/or' class='esk-seo-plu-link'>or<\/a> ont \u00e9t\u00e9 vendues aux touristes venus en masse pour profiter des soldes organis\u00e9es par les traders. Les ventes ont doubl\u00e9 par rapport \u00e0 la m\u00eame p\u00e9riode l&rsquo;an dernier<\/em> \u00bb. En d&rsquo;autres termes, si certains jouent la carte de la m\u00e9fiance, au moindre signe de baisse des <a href='https:\/\/www.gold.fr\/news\/tags\/cours-de-lor' class='esk-seo-plu-link'>cours de l&rsquo;or<\/a>, d&rsquo;autres y voient surtout l&rsquo;opportunit\u00e9 de se ruer davantage sur une valeur refuge g\u00e9n\u00e9ralement peu accessible aux petits budgets.<\/span>    <span style=\"font-size: small;\"> D&rsquo;ailleurs, la derni\u00e8re publication du <strong>CMO<\/strong> (<strong>Conseil Mondial de l&rsquo;<a href='https:\/\/www.gold.fr\/news\/tags\/or' class='esk-seo-plu-link'>Or<\/a><\/strong>) rapporte que les consommateurs indiens et chinois figurent en t\u00eate de liste de ces heureux investisseurs ayant fi\u00e8rement profit\u00e9 de la forte correction du march\u00e9 aurif\u00e8re \u00ab <em>pour accumuler et acheter \u00e0 bon compte<\/em> \u00bb. Le rapport (dont les diff\u00e9rentes \u00e9tudes avaient \u00e9t\u00e9 majoritairement effectu\u00e9es tout au long du mois de mai) souligne que \u00ab <em>82% des consommateurs indiens et chinois croient que <a title=\"Prix de l'Or\" href=\"https:\/\/www.gold.fr\/cours-prix-de-l-or\/\" target=\"_blank\">les prix de l\u2019or<\/a> augmenteront au cours des cinq prochaines ann\u00e9es. Ou, du moins, resteront stables<\/em> \u00bb.<\/span>    <span style=\"font-size: small;\"> D&rsquo;apr\u00e8s une enqu\u00eate men\u00e9e par le <strong>CMO<\/strong>, le mois dernier, <strong>45%<\/strong> des consommateurs chinois et indiens avouent avoir achet\u00e9 de l&rsquo;<a href='https:\/\/www.gold.fr\/news\/tags\/or' class='esk-seo-plu-link'>or<\/a> durant les 6 mois pr\u00e9c\u00e9dent ladite enqu\u00eate (le premier semestre <strong>2013<\/strong>, donc. Semestre de baisse assez notable pour l&rsquo;<a href='https:\/\/www.gold.fr\/news\/tags\/or' class='esk-seo-plu-link'>or<\/a>).<\/span><\/p>\n<!-- AddThis Advanced Settings generic via filter on the_content --><!-- AddThis Share Buttons generic via filter on the_content -->","protected":false},"excerpt":{"rendered":"<p>Il semblerait, en effet, que la solidit\u00e9 de la demande asiatique (Chine et Inde) sur l&rsquo;or physique soit r\u00e9ellement \u00e0 toute \u00e9preuve. Litt\u00e9ralement. \u00c0 Hong-Kong, le pr\u00e9sident de la Chinese Gold &amp; Silver Exchange, Haywood Cheung [&hellip;]<\/p>\n","protected":false},"author":18,"featured_media":5812,"comment_status":"open","ping_status":"open","sticky":false,"template":"","format":"standard","meta":{"_mbp_gutenberg_autopost":false,"_pgmb_is_evergreen":false,"_pgmb_ap_template_id":0,"footnotes":""},"categories":[6],"tags":[1362,1269,146,1361,263],"ppma_author":[2565],"class_list":["post-11956","post","type-post","status-publish","format-standard","has-post-thumbnail","hentry","category-articles-de-presse","tag-asie-et-or","tag-baisse-or","tag-chine","tag-demande-asie","tag-inde"],"yoast_head":"<!-- This site is optimized with the Yoast SEO plugin v27.5 - https:\/\/yoast.com\/product\/yoast-seo-wordpress\/ -->\n<title>Baisse de l\u2019or \u2013 La demande asiatique saute sur l\u2019occasion - Gold.fr<\/title>\n<meta name=\"robots\" content=\"index, follow, max-snippet:-1, max-image-preview:large, max-video-preview:-1\" \/>\n<link rel=\"canonical\" href=\"https:\/\/www.gold.fr\/news\/2013\/06\/18\/baisse-de-lor-la-demande-asiatique-saute-sur-loccasion\/\" \/>\n<meta property=\"og:locale\" content=\"fr_FR\" \/>\n<meta property=\"og:type\" content=\"article\" \/>\n<meta property=\"og:title\" content=\"Baisse de l\u2019or \u2013 La demande asiatique saute sur l\u2019occasion - Gold.fr\" \/>\n<meta property=\"og:description\" content=\"Il semblerait, en effet, que la solidit\u00e9 de la demande asiatique (Chine et Inde) sur l&rsquo;or physique soit r\u00e9ellement \u00e0 toute \u00e9preuve. Litt\u00e9ralement. \u00c0 Hong-Kong, le pr\u00e9sident de la Chinese Gold &amp; Silver Exchange, Haywood Cheung [&hellip;]\" \/>\n<meta property=\"og:url\" content=\"https:\/\/www.gold.fr\/news\/2013\/06\/18\/baisse-de-lor-la-demande-asiatique-saute-sur-loccasion\/\" \/>\n<meta property=\"og:site_name\" content=\"Gold.fr\" \/>\n<meta property=\"article:publisher\" content=\"https:\/\/www.facebook.com\/Goldfr\/\" \/>\n<meta property=\"article:published_time\" content=\"2013-06-18T07:00:29+00:00\" \/>\n<meta property=\"article:modified_time\" content=\"2017-11-02T10:39:57+00:00\" \/>\n<meta property=\"og:image\" content=\"https:\/\/www.gold.fr\/news\/wp-content\/uploads\/2012\/02\/Or-Chine1.jpg\" \/>\n\t<meta property=\"og:image:width\" content=\"600\" \/>\n\t<meta property=\"og:image:height\" content=\"400\" \/>\n\t<meta property=\"og:image:type\" content=\"image\/jpeg\" \/>\n<meta name=\"author\" content=\"Comptoir National de l&#039;Or\" \/>\n<meta name=\"twitter:card\" content=\"summary_large_image\" \/>\n<meta name=\"twitter:label1\" content=\"\u00c9crit par\" \/>\n\t<meta name=\"twitter:data1\" content=\"Comptoir National de l&#039;Or\" \/>\n\t<meta name=\"twitter:label2\" content=\"Dur\u00e9e de lecture estim\u00e9e\" \/>\n\t<meta name=\"twitter:data2\" content=\"1 minute\" \/>\n<script type=\"application\/ld+json\" class=\"yoast-schema-graph\">{\"@context\":\"https:\\\/\\\/schema.org\",\"@graph\":[{\"@type\":\"Article\",\"@id\":\"https:\\\/\\\/www.gold.fr\\\/news\\\/2013\\\/06\\\/18\\\/baisse-de-lor-la-demande-asiatique-saute-sur-loccasion\\\/#article\",\"isPartOf\":{\"@id\":\"https:\\\/\\\/www.gold.fr\\\/news\\\/2013\\\/06\\\/18\\\/baisse-de-lor-la-demande-asiatique-saute-sur-loccasion\\\/\"},\"author\":{\"name\":\"Comptoir National de l'Or\",\"@id\":\"https:\\\/\\\/www.gold.fr\\\/news\\\/#\\\/schema\\\/person\\\/070491b4b4fb7671bf59b3be20302ce9\"},\"headline\":\"Baisse de l\u2019or \u2013 La demande asiatique saute sur l\u2019occasion\",\"datePublished\":\"2013-06-18T07:00:29+00:00\",\"dateModified\":\"2017-11-02T10:39:57+00:00\",\"mainEntityOfPage\":{\"@id\":\"https:\\\/\\\/www.gold.fr\\\/news\\\/2013\\\/06\\\/18\\\/baisse-de-lor-la-demande-asiatique-saute-sur-loccasion\\\/\"},\"wordCount\":284,\"commentCount\":0,\"image\":{\"@id\":\"https:\\\/\\\/www.gold.fr\\\/news\\\/2013\\\/06\\\/18\\\/baisse-de-lor-la-demande-asiatique-saute-sur-loccasion\\\/#primaryimage\"},\"thumbnailUrl\":\"https:\\\/\\\/www.gold.fr\\\/news\\\/wp-content\\\/uploads\\\/2012\\\/02\\\/Or-Chine1.jpg\",\"keywords\":[\"asie et or\",\"baisse or\",\"chine\",\"demande asie\",\"Inde\"],\"articleSection\":[\"Articles de presse\"],\"inLanguage\":\"fr-FR\"},{\"@type\":\"WebPage\",\"@id\":\"https:\\\/\\\/www.gold.fr\\\/news\\\/2013\\\/06\\\/18\\\/baisse-de-lor-la-demande-asiatique-saute-sur-loccasion\\\/\",\"url\":\"https:\\\/\\\/www.gold.fr\\\/news\\\/2013\\\/06\\\/18\\\/baisse-de-lor-la-demande-asiatique-saute-sur-loccasion\\\/\",\"name\":\"Baisse de l\u2019or \u2013 La demande asiatique saute sur l\u2019occasion - Gold.fr\",\"isPartOf\":{\"@id\":\"https:\\\/\\\/www.gold.fr\\\/news\\\/#website\"},\"primaryImageOfPage\":{\"@id\":\"https:\\\/\\\/www.gold.fr\\\/news\\\/2013\\\/06\\\/18\\\/baisse-de-lor-la-demande-asiatique-saute-sur-loccasion\\\/#primaryimage\"},\"image\":{\"@id\":\"https:\\\/\\\/www.gold.fr\\\/news\\\/2013\\\/06\\\/18\\\/baisse-de-lor-la-demande-asiatique-saute-sur-loccasion\\\/#primaryimage\"},\"thumbnailUrl\":\"https:\\\/\\\/www.gold.fr\\\/news\\\/wp-content\\\/uploads\\\/2012\\\/02\\\/Or-Chine1.jpg\",\"datePublished\":\"2013-06-18T07:00:29+00:00\",\"dateModified\":\"2017-11-02T10:39:57+00:00\",\"author\":{\"@id\":\"https:\\\/\\\/www.gold.fr\\\/news\\\/#\\\/schema\\\/person\\\/070491b4b4fb7671bf59b3be20302ce9\"},\"breadcrumb\":{\"@id\":\"https:\\\/\\\/www.gold.fr\\\/news\\\/2013\\\/06\\\/18\\\/baisse-de-lor-la-demande-asiatique-saute-sur-loccasion\\\/#breadcrumb\"},\"inLanguage\":\"fr-FR\",\"potentialAction\":[{\"@type\":\"ReadAction\",\"target\":[\"https:\\\/\\\/www.gold.fr\\\/news\\\/2013\\\/06\\\/18\\\/baisse-de-lor-la-demande-asiatique-saute-sur-loccasion\\\/\"]}]},{\"@type\":\"ImageObject\",\"inLanguage\":\"fr-FR\",\"@id\":\"https:\\\/\\\/www.gold.fr\\\/news\\\/2013\\\/06\\\/18\\\/baisse-de-lor-la-demande-asiatique-saute-sur-loccasion\\\/#primaryimage\",\"url\":\"https:\\\/\\\/www.gold.fr\\\/news\\\/wp-content\\\/uploads\\\/2012\\\/02\\\/Or-Chine1.jpg\",\"contentUrl\":\"https:\\\/\\\/www.gold.fr\\\/news\\\/wp-content\\\/uploads\\\/2012\\\/02\\\/Or-Chine1.jpg\",\"width\":\"600\",\"height\":\"400\",\"caption\":\"L'or stabilise, les chiffres chinois au soutien\"},{\"@type\":\"BreadcrumbList\",\"@id\":\"https:\\\/\\\/www.gold.fr\\\/news\\\/2013\\\/06\\\/18\\\/baisse-de-lor-la-demande-asiatique-saute-sur-loccasion\\\/#breadcrumb\",\"itemListElement\":[{\"@type\":\"ListItem\",\"position\":1,\"name\":\"Accueil\",\"item\":\"https:\\\/\\\/www.gold.fr\\\/\"},{\"@type\":\"ListItem\",\"position\":2,\"name\":\"Actualit\u00e9s\",\"item\":\"https:\\\/\\\/www.gold.fr\\\/news\\\/\"},{\"@type\":\"ListItem\",\"position\":3,\"name\":\"Baisse de l\u2019or \u2013 La demande asiatique saute sur l\u2019occasion\"}]},{\"@type\":\"WebSite\",\"@id\":\"https:\\\/\\\/www.gold.fr\\\/news\\\/#website\",\"url\":\"https:\\\/\\\/www.gold.fr\\\/news\\\/\",\"name\":\"Gold.fr\",\"description\":\"Actualit\u00e9s de l&#039;Or et des m\u00e9taux pr\u00e9cieux\",\"potentialAction\":[{\"@type\":\"SearchAction\",\"target\":{\"@type\":\"EntryPoint\",\"urlTemplate\":\"https:\\\/\\\/www.gold.fr\\\/news\\\/?s={search_term_string}\"},\"query-input\":{\"@type\":\"PropertyValueSpecification\",\"valueRequired\":true,\"valueName\":\"search_term_string\"}}],\"inLanguage\":\"fr-FR\"},{\"@type\":\"Person\",\"@id\":\"https:\\\/\\\/www.gold.fr\\\/news\\\/#\\\/schema\\\/person\\\/070491b4b4fb7671bf59b3be20302ce9\",\"name\":\"Comptoir National de l'Or\",\"image\":{\"@type\":\"ImageObject\",\"inLanguage\":\"fr-FR\",\"@id\":\"https:\\\/\\\/secure.gravatar.com\\\/avatar\\\/0a2867fd5abe37bed95d5a65e9d58f01756e11efc68af9888dfc50cfa7f65948?s=96&d=mm&r=gb490554db0a38188709de567aa58480d\",\"url\":\"https:\\\/\\\/secure.gravatar.com\\\/avatar\\\/0a2867fd5abe37bed95d5a65e9d58f01756e11efc68af9888dfc50cfa7f65948?s=96&d=mm&r=g\",\"contentUrl\":\"https:\\\/\\\/secure.gravatar.com\\\/avatar\\\/0a2867fd5abe37bed95d5a65e9d58f01756e11efc68af9888dfc50cfa7f65948?s=96&d=mm&r=g\",\"caption\":\"Comptoir National de l'Or\"},\"description\":\"Notre r\u00e9daction est constitu\u00e9e de membres experts dans les m\u00e9tiers de l'\u00e9conomie et la gestion, des Responsables d'agence Comptoir National de l'Or, des analystes financiers qui publient r\u00e9guli\u00e8rement des \u00e9tudes sur les politiques des banques centrales, le cours de l'or, prix de l'or, cours de l'argent, prix de l'argent, cours du platine, cours du palladium,... la situation en zone euro et l'impact de la strat\u00e9gie mon\u00e9taire de la FED. Notre \u00e9quipe scrute \u00e9galement une information plus g\u00e9n\u00e9raliste \u00e0 la recherche d'actualit\u00e9 \\\"p\u00e9pite\\\" \u00e0 vous partager. Depuis 5 ans, nous avons publi\u00e9 un peu plus de 4000 articles qui s'adressent \u00e0 un public large et vari\u00e9 ayant pour objectif de satisfaire votre curiosit\u00e9 et de partager avec vous une certaine fascination pour le m\u00e9tal jaune, le rachat d'or, et pour ceux qui veulent investir dans l'or, vendre leur or tout simplement en savoir plus... Pour tous vos achat or et argent, n'h\u00e9sitez pas \u00e0 prendre rendez-vous dans l'un de nos nombreux comptoirs.\",\"sameAs\":[\"https:\\\/\\\/www.gold.fr\"]}]}<\/script>\n<!-- \/ Yoast SEO plugin. -->","yoast_head_json":{"title":"Baisse de l\u2019or \u2013 La demande asiatique saute sur l\u2019occasion - Gold.fr","robots":{"index":"index","follow":"follow","max-snippet":"max-snippet:-1","max-image-preview":"max-image-preview:large","max-video-preview":"max-video-preview:-1"},"canonical":"https:\/\/www.gold.fr\/news\/2013\/06\/18\/baisse-de-lor-la-demande-asiatique-saute-sur-loccasion\/","og_locale":"fr_FR","og_type":"article","og_title":"Baisse de l\u2019or \u2013 La demande asiatique saute sur l\u2019occasion - Gold.fr","og_description":"Il semblerait, en effet, que la solidit\u00e9 de la demande asiatique (Chine et Inde) sur l&rsquo;or physique soit r\u00e9ellement \u00e0 toute \u00e9preuve. Litt\u00e9ralement. \u00c0 Hong-Kong, le pr\u00e9sident de la Chinese Gold &amp; Silver Exchange, Haywood Cheung [&hellip;]","og_url":"https:\/\/www.gold.fr\/news\/2013\/06\/18\/baisse-de-lor-la-demande-asiatique-saute-sur-loccasion\/","og_site_name":"Gold.fr","article_publisher":"https:\/\/www.facebook.com\/Goldfr\/","article_published_time":"2013-06-18T07:00:29+00:00","article_modified_time":"2017-11-02T10:39:57+00:00","og_image":[{"width":600,"height":400,"url":"https:\/\/www.gold.fr\/news\/wp-content\/uploads\/2012\/02\/Or-Chine1.jpg","type":"image\/jpeg"}],"author":"Comptoir National de l'Or","twitter_card":"summary_large_image","twitter_misc":{"\u00c9crit par":"Comptoir National de l'Or","Dur\u00e9e de lecture estim\u00e9e":"1 minute"},"schema":{"@context":"https:\/\/schema.org","@graph":[{"@type":"Article","@id":"https:\/\/www.gold.fr\/news\/2013\/06\/18\/baisse-de-lor-la-demande-asiatique-saute-sur-loccasion\/#article","isPartOf":{"@id":"https:\/\/www.gold.fr\/news\/2013\/06\/18\/baisse-de-lor-la-demande-asiatique-saute-sur-loccasion\/"},"author":{"name":"Comptoir National de l'Or","@id":"https:\/\/www.gold.fr\/news\/#\/schema\/person\/070491b4b4fb7671bf59b3be20302ce9"},"headline":"Baisse de l\u2019or \u2013 La demande asiatique saute sur l\u2019occasion","datePublished":"2013-06-18T07:00:29+00:00","dateModified":"2017-11-02T10:39:57+00:00","mainEntityOfPage":{"@id":"https:\/\/www.gold.fr\/news\/2013\/06\/18\/baisse-de-lor-la-demande-asiatique-saute-sur-loccasion\/"},"wordCount":284,"commentCount":0,"image":{"@id":"https:\/\/www.gold.fr\/news\/2013\/06\/18\/baisse-de-lor-la-demande-asiatique-saute-sur-loccasion\/#primaryimage"},"thumbnailUrl":"https:\/\/www.gold.fr\/news\/wp-content\/uploads\/2012\/02\/Or-Chine1.jpg","keywords":["asie et or","baisse or","chine","demande asie","Inde"],"articleSection":["Articles de presse"],"inLanguage":"fr-FR"},{"@type":"WebPage","@id":"https:\/\/www.gold.fr\/news\/2013\/06\/18\/baisse-de-lor-la-demande-asiatique-saute-sur-loccasion\/","url":"https:\/\/www.gold.fr\/news\/2013\/06\/18\/baisse-de-lor-la-demande-asiatique-saute-sur-loccasion\/","name":"Baisse de l\u2019or \u2013 La demande asiatique saute sur l\u2019occasion - Gold.fr","isPartOf":{"@id":"https:\/\/www.gold.fr\/news\/#website"},"primaryImageOfPage":{"@id":"https:\/\/www.gold.fr\/news\/2013\/06\/18\/baisse-de-lor-la-demande-asiatique-saute-sur-loccasion\/#primaryimage"},"image":{"@id":"https:\/\/www.gold.fr\/news\/2013\/06\/18\/baisse-de-lor-la-demande-asiatique-saute-sur-loccasion\/#primaryimage"},"thumbnailUrl":"https:\/\/www.gold.fr\/news\/wp-content\/uploads\/2012\/02\/Or-Chine1.jpg","datePublished":"2013-06-18T07:00:29+00:00","dateModified":"2017-11-02T10:39:57+00:00","author":{"@id":"https:\/\/www.gold.fr\/news\/#\/schema\/person\/070491b4b4fb7671bf59b3be20302ce9"},"breadcrumb":{"@id":"https:\/\/www.gold.fr\/news\/2013\/06\/18\/baisse-de-lor-la-demande-asiatique-saute-sur-loccasion\/#breadcrumb"},"inLanguage":"fr-FR","potentialAction":[{"@type":"ReadAction","target":["https:\/\/www.gold.fr\/news\/2013\/06\/18\/baisse-de-lor-la-demande-asiatique-saute-sur-loccasion\/"]}]},{"@type":"ImageObject","inLanguage":"fr-FR","@id":"https:\/\/www.gold.fr\/news\/2013\/06\/18\/baisse-de-lor-la-demande-asiatique-saute-sur-loccasion\/#primaryimage","url":"https:\/\/www.gold.fr\/news\/wp-content\/uploads\/2012\/02\/Or-Chine1.jpg","contentUrl":"https:\/\/www.gold.fr\/news\/wp-content\/uploads\/2012\/02\/Or-Chine1.jpg","width":"600","height":"400","caption":"L'or stabilise, les chiffres chinois au soutien"},{"@type":"BreadcrumbList","@id":"https:\/\/www.gold.fr\/news\/2013\/06\/18\/baisse-de-lor-la-demande-asiatique-saute-sur-loccasion\/#breadcrumb","itemListElement":[{"@type":"ListItem","position":1,"name":"Accueil","item":"https:\/\/www.gold.fr\/"},{"@type":"ListItem","position":2,"name":"Actualit\u00e9s","item":"https:\/\/www.gold.fr\/news\/"},{"@type":"ListItem","position":3,"name":"Baisse de l\u2019or \u2013 La demande asiatique saute sur l\u2019occasion"}]},{"@type":"WebSite","@id":"https:\/\/www.gold.fr\/news\/#website","url":"https:\/\/www.gold.fr\/news\/","name":"Gold.fr","description":"Actualit\u00e9s de l&#039;Or et des m\u00e9taux pr\u00e9cieux","potentialAction":[{"@type":"SearchAction","target":{"@type":"EntryPoint","urlTemplate":"https:\/\/www.gold.fr\/news\/?s={search_term_string}"},"query-input":{"@type":"PropertyValueSpecification","valueRequired":true,"valueName":"search_term_string"}}],"inLanguage":"fr-FR"},{"@type":"Person","@id":"https:\/\/www.gold.fr\/news\/#\/schema\/person\/070491b4b4fb7671bf59b3be20302ce9","name":"Comptoir National de l'Or","image":{"@type":"ImageObject","inLanguage":"fr-FR","@id":"https:\/\/secure.gravatar.com\/avatar\/0a2867fd5abe37bed95d5a65e9d58f01756e11efc68af9888dfc50cfa7f65948?s=96&d=mm&r=gb490554db0a38188709de567aa58480d","url":"https:\/\/secure.gravatar.com\/avatar\/0a2867fd5abe37bed95d5a65e9d58f01756e11efc68af9888dfc50cfa7f65948?s=96&d=mm&r=g","contentUrl":"https:\/\/secure.gravatar.com\/avatar\/0a2867fd5abe37bed95d5a65e9d58f01756e11efc68af9888dfc50cfa7f65948?s=96&d=mm&r=g","caption":"Comptoir National de l'Or"},"description":"Notre r\u00e9daction est constitu\u00e9e de membres experts dans les m\u00e9tiers de l'\u00e9conomie et la gestion, des Responsables d'agence Comptoir National de l'Or, des analystes financiers qui publient r\u00e9guli\u00e8rement des \u00e9tudes sur les politiques des banques centrales, le cours de l'or, prix de l'or, cours de l'argent, prix de l'argent, cours du platine, cours du palladium,... la situation en zone euro et l'impact de la strat\u00e9gie mon\u00e9taire de la FED. Notre \u00e9quipe scrute \u00e9galement une information plus g\u00e9n\u00e9raliste \u00e0 la recherche d'actualit\u00e9 \"p\u00e9pite\" \u00e0 vous partager. Depuis 5 ans, nous avons publi\u00e9 un peu plus de 4000 articles qui s'adressent \u00e0 un public large et vari\u00e9 ayant pour objectif de satisfaire votre curiosit\u00e9 et de partager avec vous une certaine fascination pour le m\u00e9tal jaune, le rachat d'or, et pour ceux qui veulent investir dans l'or, vendre leur or tout simplement en savoir plus... Pour tous vos achat or et argent, n'h\u00e9sitez pas \u00e0 prendre rendez-vous dans l'un de nos nombreux comptoirs.","sameAs":["https:\/\/www.gold.fr"]}]}},"authors":[{"term_id":2565,"user_id":18,"is_guest":0,"slug":"julie","display_name":"Comptoir National de l'Or","avatar_url":"https:\/\/secure.gravatar.com\/avatar\/713f289e398d35ead876c4a4cc08607f0d6d266058cfc25683fffb6092d0e572?s=96&d=mm&r=g","0":null,"1":"","2":"","3":"","4":"","5":"","6":"","7":"","8":""}],"_links":{"self":[{"href":"https:\/\/www.gold.fr\/news\/wp-json\/wp\/v2\/posts\/11956","targetHints":{"allow":["GET"]}}],"collection":[{"href":"https:\/\/www.gold.fr\/news\/wp-json\/wp\/v2\/posts"}],"about":[{"href":"https:\/\/www.gold.fr\/news\/wp-json\/wp\/v2\/types\/post"}],"author":[{"embeddable":true,"href":"https:\/\/www.gold.fr\/news\/wp-json\/wp\/v2\/users\/18"}],"replies":[{"embeddable":true,"href":"https:\/\/www.gold.fr\/news\/wp-json\/wp\/v2\/comments?post=11956"}],"version-history":[{"count":0,"href":"https:\/\/www.gold.fr\/news\/wp-json\/wp\/v2\/posts\/11956\/revisions"}],"wp:featuredmedia":[{"embeddable":true,"href":"https:\/\/www.gold.fr\/news\/wp-json\/wp\/v2\/media\/5812"}],"wp:attachment":[{"href":"https:\/\/www.gold.fr\/news\/wp-json\/wp\/v2\/media?parent=11956"}],"wp:term":[{"taxonomy":"category","embeddable":true,"href":"https:\/\/www.gold.fr\/news\/wp-json\/wp\/v2\/categories?post=11956"},{"taxonomy":"post_tag","embeddable":true,"href":"https:\/\/www.gold.fr\/news\/wp-json\/wp\/v2\/tags?post=11956"},{"taxonomy":"author","embeddable":true,"href":"https:\/\/www.gold.fr\/news\/wp-json\/wp\/v2\/ppma_author?post=11956"}],"curies":[{"name":"wp","href":"https:\/\/api.w.org\/{rel}","templated":true}]}}